{"id":9999,"date":"2023-03-10T06:33:00","date_gmt":"2023-03-10T09:33:00","guid":{"rendered":"https:\/\/www.padreeustaquio.com.br\/?p=9999"},"modified":"2023-03-05T20:40:13","modified_gmt":"2023-03-05T23:40:13","slug":"un-albergue-en-belo-horizonte-construido-inspirado-por-el-padre-eustaquio","status":"publish","type":"post","link":"https:\/\/www.padreeustaquio.com.br\/es\/un-albergue-en-belo-horizonte-construido-inspirado-por-el-padre-eustaquio\/","title":{"rendered":"Inspir\u00e1ndose en el padre Eust\u00e1quio, se construy\u00f3 un albergue en Belo Horizonte."},"content":{"rendered":"<p>En diciembre de 2013, se erigi\u00f3 la estructura que ahora alberga CAPE. Su creador, Jos\u00e9 Marc\u00edlio Nunes, devoto del Padre Eust\u00e1quio, tuvo un sue\u00f1o en el que este le pidi\u00f3 que cuidara a ni\u00f1os con c\u00e1ncer. \u00c9l respondi\u00f3 al llamado y transform\u00f3 el sue\u00f1o en realidad. Un sue\u00f1o que hoy satisface las necesidades de decenas de personas.<\/p>\n\n\n\n<p><strong>Conozca m\u00e1s sobre CAPE \u2013 Hogar de acogida Padre Eust\u00e1quio<\/strong><\/p>\n\n\n\n<p>CAPE, Casa de Acogida Padre Eust\u00e1quio, ofrece refugio en Belo Horizonte a ni\u00f1os, adolescentes y sus cuidadores durante el tratamiento de c\u00e1ncer y otras enfermedades no transmisibles, ofreciendo una extensi\u00f3n de sus hogares con alojamiento, alimentaci\u00f3n, transporte y atenci\u00f3n multidisciplinaria, todo con un enfoque humanizado e individualizado.<\/p>\n\n\n\n<p>Lejos de sus casas y debilitados por la enfermedad, los acogidos por el CAPE son encaminados por hospitales de Belo Horizonte, procedentes de todo Brasil, pero sobre todo de ciudades del interior de Minas Gerais.<\/p>\n\n\n\n<p>CAPE depende de donaciones econ\u00f3micas y del compromiso de socios, empresas y la sociedad civil. T\u00fa tambi\u00e9n puedes ayudar a que esta labor, inspirada por el Padre Eust\u00e1quio, contin\u00fae.<\/p>\n\n\n\n<p>Haz tu donaci\u00f3n a CAPE:<\/p>\n\n\n\n<p><strong>DONACIONES A TRAV\u00c9S DE CUENTA CORRIENTE<\/strong>:\u2063<br>Banco Sicoob \u2013 756<br>Ag: 4149 \u2013 C\/C: 100.584.001-6\u2063<br>Nombre de Empresa: Hogar Refugio Padre Eust\u00e1quio<\/p>\n\n\n\n<p><strong>Clave PIX <\/strong>: 06.305.317\/0001-12<\/p>\n\n\n\n<p>Obtenga m\u00e1s informaci\u00f3n sobre CAPE en el sitio web. <a href=\"https:\/\/cape-mg.org.br\/\" target=\"_blank\" rel=\"noreferrer noopener\">cabo-mg.org.br<\/a> O personalmente: CAPE est\u00e1 ubicada en la regi\u00f3n de Pampulha de Belo Horizonte, en la Alameda do Ip\u00ea Branco, 28, en el barrio de S\u00e3o Luiz.<\/p>\n\n\n\n<p>Hazte amigo de CAPE. Cont\u00e1ctanos al (31) 3401-8000.<\/p>\n\n\n\n<p><\/p>","protected":false},"excerpt":{"rendered":"<p>Em dezembro de 2013 era erguida a estrutura que hoje abriga a CAPE. Seu idealizador Jos\u00e9 Marc\u00edlio Nunes, devoto de Padre Eust\u00e1quio teve um sonho onde Padre Eust\u00e1quio pedia para ele cuidar de crian\u00e7as com c\u00e2ncer. Ele ouviu o chamado e transformou o sonho em realidade. Um sonho que hoje supre a necessidade de dezenas de pessoas. Conhe\u00e7a mais sobre a CAPE \u2013 Casa de Acolhida Padre Eust\u00e1quio A CAPE, Casa de Acolhida Padre Eust\u00e1quio, proporciona para as crian\u00e7as, adolescentes e seus acompanhantes, acolhimento em Belo Horizonte, durante o tratamento contra o c\u00e2ncer e outras doen\u00e7as n\u00e3o infecciosas, oferecendo uma [&hellip;]<\/p>\n","protected":false},"author":2,"featured_media":10000,"comment_status":"open","ping_status":"closed","sticky":false,"template":"","format":"standard","meta":{"_acf_changed":false,"footnotes":""},"categories":[611],"tags":[],"class_list":["post-9999","post","type-post","status-publish","format-standard","has-post-thumbnail","hentry","category-noticias"],"acf":[],"yoast_head":"<!-- This site is optimized with the Yoast SEO plugin v27.2 - https:\/\/yoast.com\/product\/yoast-seo-wordpress\/ -->\n<title>Casa de acolhimento em BH \u00e9 constru\u00edda por inspira\u00e7\u00e3o de Padre Eust\u00e1quio<\/title>\n<meta name=\"description\" content=\"Em dezembro de 2013 era erguida a estrutura que hoje abriga a CAPE. Seu idealizador Jos\u00e9 Marc\u00edlio Nunes, devoto de Padre Eust\u00e1quio teve um sonho onde Padre Eust\u00e1quio pedia para ele cuidar de crian\u00e7as com c\u00e2ncer. Ele ouviu o chamado e transformou o sonho em realidade. Um sonho que hoje supre a necessidade de dezenas de pessoas.\" \/>\n<meta name=\"robots\" content=\"index, follow, max-snippet:-1, max-image-preview:large, max-video-preview:-1\" \/>\n<link rel=\"canonical\" href=\"https:\/\/www.padreeustaquio.com.br\/es\/un-albergue-en-belo-horizonte-construido-inspirado-por-el-padre-eustaquio\/\" \/>\n<meta property=\"og:locale\" content=\"es_ES\" \/>\n<meta property=\"og:type\" content=\"article\" \/>\n<meta property=\"og:title\" content=\"Casa de acolhimento em BH \u00e9 constru\u00edda por inspira\u00e7\u00e3o de Padre Eust\u00e1quio\" \/>\n<meta property=\"og:description\" content=\"Em dezembro de 2013 era erguida a estrutura que hoje abriga a CAPE. Seu idealizador Jos\u00e9 Marc\u00edlio Nunes, devoto de Padre Eust\u00e1quio teve um sonho onde Padre Eust\u00e1quio pedia para ele cuidar de crian\u00e7as com c\u00e2ncer. Ele ouviu o chamado e transformou o sonho em realidade. Um sonho que hoje supre a necessidade de dezenas de pessoas.\" \/>\n<meta property=\"og:url\" content=\"https:\/\/www.padreeustaquio.com.br\/es\/un-albergue-en-belo-horizonte-construido-inspirado-por-el-padre-eustaquio\/\" \/>\n<meta property=\"og:site_name\" content=\"Padre Eust\u00e1quio\" \/>\n<meta property=\"article:publisher\" content=\"https:\/\/www.facebook.com\/beatopadreeustaquio\/\" \/>\n<meta property=\"article:published_time\" content=\"2023-03-10T09:33:00+00:00\" \/>\n<meta property=\"og:image\" content=\"https:\/\/www.padreeustaquio.com.br\/wp-content\/uploads\/2023\/03\/cape.jpeg\" \/>\n\t<meta property=\"og:image:width\" content=\"1600\" \/>\n\t<meta property=\"og:image:height\" content=\"900\" \/>\n\t<meta property=\"og:image:type\" content=\"image\/jpeg\" \/>\n<meta name=\"author\" content=\"@sscc\" \/>\n<meta name=\"twitter:card\" content=\"summary_large_image\" \/>\n<meta name=\"twitter:creator\" content=\"@beatopeustaquio\" \/>\n<meta name=\"twitter:site\" content=\"@beatopeustaquio\" \/>\n<meta name=\"twitter:label1\" content=\"Escrito por\" \/>\n\t<meta name=\"twitter:data1\" content=\"@sscc\" \/>\n\t<meta name=\"twitter:label2\" content=\"Tiempo de lectura\" \/>\n\t<meta name=\"twitter:data2\" content=\"2 minutos\" \/>\n<script type=\"application\/ld+json\" class=\"yoast-schema-graph\">{\"@context\":\"https:\/\/schema.org\",\"@graph\":[{\"@type\":\"Article\",\"@id\":\"https:\/\/www.padreeustaquio.com.br\/casa-de-acolhimento-em-bh-e-construida-por-inspiracao-de-padre-eustaquio\/#article\",\"isPartOf\":{\"@id\":\"https:\/\/www.padreeustaquio.com.br\/casa-de-acolhimento-em-bh-e-construida-por-inspiracao-de-padre-eustaquio\/\"},\"author\":{\"name\":\"@sscc\",\"@id\":\"https:\/\/www.padreeustaquio.com.br\/#\/schema\/person\/a2a51db1d00f1a7af0204a0f1ddb1566\"},\"headline\":\"Casa de acolhimento em BH \u00e9 constru\u00edda por inspira\u00e7\u00e3o de Padre Eust\u00e1quio\",\"datePublished\":\"2023-03-10T09:33:00+00:00\",\"mainEntityOfPage\":{\"@id\":\"https:\/\/www.padreeustaquio.com.br\/casa-de-acolhimento-em-bh-e-construida-por-inspiracao-de-padre-eustaquio\/\"},\"wordCount\":294,\"commentCount\":0,\"publisher\":{\"@id\":\"https:\/\/www.padreeustaquio.com.br\/#organization\"},\"image\":{\"@id\":\"https:\/\/www.padreeustaquio.com.br\/casa-de-acolhimento-em-bh-e-construida-por-inspiracao-de-padre-eustaquio\/#primaryimage\"},\"thumbnailUrl\":\"https:\/\/www.padreeustaquio.com.br\/wp-content\/uploads\/2023\/03\/cape.jpeg\",\"articleSection\":[\"Not\u00edcias\"],\"inLanguage\":\"es\",\"potentialAction\":[{\"@type\":\"CommentAction\",\"name\":\"Comment\",\"target\":[\"https:\/\/www.padreeustaquio.com.br\/casa-de-acolhimento-em-bh-e-construida-por-inspiracao-de-padre-eustaquio\/#respond\"]}]},{\"@type\":\"WebPage\",\"@id\":\"https:\/\/www.padreeustaquio.com.br\/casa-de-acolhimento-em-bh-e-construida-por-inspiracao-de-padre-eustaquio\/\",\"url\":\"https:\/\/www.padreeustaquio.com.br\/casa-de-acolhimento-em-bh-e-construida-por-inspiracao-de-padre-eustaquio\/\",\"name\":\"Casa de acolhimento em BH \u00e9 constru\u00edda por inspira\u00e7\u00e3o de Padre Eust\u00e1quio\",\"isPartOf\":{\"@id\":\"https:\/\/www.padreeustaquio.com.br\/#website\"},\"primaryImageOfPage\":{\"@id\":\"https:\/\/www.padreeustaquio.com.br\/casa-de-acolhimento-em-bh-e-construida-por-inspiracao-de-padre-eustaquio\/#primaryimage\"},\"image\":{\"@id\":\"https:\/\/www.padreeustaquio.com.br\/casa-de-acolhimento-em-bh-e-construida-por-inspiracao-de-padre-eustaquio\/#primaryimage\"},\"thumbnailUrl\":\"https:\/\/www.padreeustaquio.com.br\/wp-content\/uploads\/2023\/03\/cape.jpeg\",\"datePublished\":\"2023-03-10T09:33:00+00:00\",\"description\":\"Em dezembro de 2013 era erguida a estrutura que hoje abriga a CAPE. Seu idealizador Jos\u00e9 Marc\u00edlio Nunes, devoto de Padre Eust\u00e1quio teve um sonho onde Padre Eust\u00e1quio pedia para ele cuidar de crian\u00e7as com c\u00e2ncer. Ele ouviu o chamado e transformou o sonho em realidade. Um sonho que hoje supre a necessidade de dezenas de pessoas.\",\"breadcrumb\":{\"@id\":\"https:\/\/www.padreeustaquio.com.br\/casa-de-acolhimento-em-bh-e-construida-por-inspiracao-de-padre-eustaquio\/#breadcrumb\"},\"inLanguage\":\"es\",\"potentialAction\":[{\"@type\":\"ReadAction\",\"target\":[\"https:\/\/www.padreeustaquio.com.br\/casa-de-acolhimento-em-bh-e-construida-por-inspiracao-de-padre-eustaquio\/\"]}]},{\"@type\":\"ImageObject\",\"inLanguage\":\"es\",\"@id\":\"https:\/\/www.padreeustaquio.com.br\/casa-de-acolhimento-em-bh-e-construida-por-inspiracao-de-padre-eustaquio\/#primaryimage\",\"url\":\"https:\/\/www.padreeustaquio.com.br\/wp-content\/uploads\/2023\/03\/cape.jpeg\",\"contentUrl\":\"https:\/\/www.padreeustaquio.com.br\/wp-content\/uploads\/2023\/03\/cape.jpeg\",\"width\":1600,\"height\":900},{\"@type\":\"BreadcrumbList\",\"@id\":\"https:\/\/www.padreeustaquio.com.br\/casa-de-acolhimento-em-bh-e-construida-por-inspiracao-de-padre-eustaquio\/#breadcrumb\",\"itemListElement\":[{\"@type\":\"ListItem\",\"position\":1,\"name\":\"In\u00edcio\",\"item\":\"https:\/\/www.padreeustaquio.com.br\/\"},{\"@type\":\"ListItem\",\"position\":2,\"name\":\"Casa de acolhimento em BH \u00e9 constru\u00edda por inspira\u00e7\u00e3o de Padre Eust\u00e1quio\"}]},{\"@type\":\"WebSite\",\"@id\":\"https:\/\/www.padreeustaquio.com.br\/#website\",\"url\":\"https:\/\/www.padreeustaquio.com.br\/\",\"name\":\"Padre Eust\u00e1quio\",\"description\":\"Sa\u00fade e Paz\",\"publisher\":{\"@id\":\"https:\/\/www.padreeustaquio.com.br\/#organization\"},\"potentialAction\":[{\"@type\":\"SearchAction\",\"target\":{\"@type\":\"EntryPoint\",\"urlTemplate\":\"https:\/\/www.padreeustaquio.com.br\/?s={search_term_string}\"},\"query-input\":{\"@type\":\"PropertyValueSpecification\",\"valueRequired\":true,\"valueName\":\"search_term_string\"}}],\"inLanguage\":\"es\"},{\"@type\":\"Organization\",\"@id\":\"https:\/\/www.padreeustaquio.com.br\/#organization\",\"name\":\"Padre Eust\u00e1quio\",\"url\":\"https:\/\/www.padreeustaquio.com.br\/\",\"logo\":{\"@type\":\"ImageObject\",\"inLanguage\":\"es\",\"@id\":\"https:\/\/www.padreeustaquio.com.br\/#\/schema\/logo\/image\/\",\"url\":\"https:\/\/www.padreeustaquio.com.br\/wp-content\/uploads\/2019\/08\/marca.png\",\"contentUrl\":\"https:\/\/www.padreeustaquio.com.br\/wp-content\/uploads\/2019\/08\/marca.png\",\"width\":350,\"height\":400,\"caption\":\"Padre Eust\u00e1quio\"},\"image\":{\"@id\":\"https:\/\/www.padreeustaquio.com.br\/#\/schema\/logo\/image\/\"},\"sameAs\":[\"https:\/\/www.facebook.com\/beatopadreeustaquio\/\",\"https:\/\/x.com\/beatopeustaquio\",\"https:\/\/www.instagram.com\/beatopadreeustaquio\/\",\"https:\/\/www.youtube.com\/channel\/UCRhw7vfabnajwLxb1ZXMeIw\"]},{\"@type\":\"Person\",\"@id\":\"https:\/\/www.padreeustaquio.com.br\/#\/schema\/person\/a2a51db1d00f1a7af0204a0f1ddb1566\",\"name\":\"@sscc\",\"image\":{\"@type\":\"ImageObject\",\"inLanguage\":\"es\",\"@id\":\"https:\/\/secure.gravatar.com\/avatar\/68cfafa5f44617fea54071e215026e0ff06be366c3d54a8425f04fdcb86f8c5f?s=96&d=mm&r=g\",\"url\":\"https:\/\/secure.gravatar.com\/avatar\/68cfafa5f44617fea54071e215026e0ff06be366c3d54a8425f04fdcb86f8c5f?s=96&d=mm&r=g\",\"contentUrl\":\"https:\/\/secure.gravatar.com\/avatar\/68cfafa5f44617fea54071e215026e0ff06be366c3d54a8425f04fdcb86f8c5f?s=96&d=mm&r=g\",\"caption\":\"@sscc\"},\"url\":\"https:\/\/www.padreeustaquio.com.br\/es\/author\/sscc\/\"}]}<\/script>\n<!-- \/ Yoast SEO plugin. -->","yoast_head_json":{"title":"Inspir\u00e1ndose en el padre Eust\u00e1quio, se construy\u00f3 un albergue en Belo Horizonte.","description":"En diciembre de 2013, se erigi\u00f3 la estructura que ahora alberga CAPE. Su creador, Jos\u00e9 Marc\u00edlio Nunes, devoto del Padre Eust\u00e1quio, tuvo un sue\u00f1o en el que este le pidi\u00f3 que cuidara a ni\u00f1os con c\u00e1ncer. \u00c9l respondi\u00f3 al llamado y transform\u00f3 el sue\u00f1o en realidad. Un sue\u00f1o que hoy satisface las necesidades de decenas de personas.","robots":{"index":"index","follow":"follow","max-snippet":"max-snippet:-1","max-image-preview":"max-image-preview:large","max-video-preview":"max-video-preview:-1"},"canonical":"https:\/\/www.padreeustaquio.com.br\/es\/un-albergue-en-belo-horizonte-construido-inspirado-por-el-padre-eustaquio\/","og_locale":"es_ES","og_type":"article","og_title":"Casa de acolhimento em BH \u00e9 constru\u00edda por inspira\u00e7\u00e3o de Padre Eust\u00e1quio","og_description":"Em dezembro de 2013 era erguida a estrutura que hoje abriga a CAPE. Seu idealizador Jos\u00e9 Marc\u00edlio Nunes, devoto de Padre Eust\u00e1quio teve um sonho onde Padre Eust\u00e1quio pedia para ele cuidar de crian\u00e7as com c\u00e2ncer. Ele ouviu o chamado e transformou o sonho em realidade. Um sonho que hoje supre a necessidade de dezenas de pessoas.","og_url":"https:\/\/www.padreeustaquio.com.br\/es\/un-albergue-en-belo-horizonte-construido-inspirado-por-el-padre-eustaquio\/","og_site_name":"Padre Eust\u00e1quio","article_publisher":"https:\/\/www.facebook.com\/beatopadreeustaquio\/","article_published_time":"2023-03-10T09:33:00+00:00","og_image":[{"width":1600,"height":900,"url":"https:\/\/www.padreeustaquio.com.br\/wp-content\/uploads\/2023\/03\/cape.jpeg","type":"image\/jpeg"}],"author":"@sscc","twitter_card":"summary_large_image","twitter_creator":"@beatopeustaquio","twitter_site":"@beatopeustaquio","twitter_misc":{"Escrito por":"@sscc","Tiempo de lectura":"2 minutos"},"schema":{"@context":"https:\/\/schema.org","@graph":[{"@type":"Article","@id":"https:\/\/www.padreeustaquio.com.br\/casa-de-acolhimento-em-bh-e-construida-por-inspiracao-de-padre-eustaquio\/#article","isPartOf":{"@id":"https:\/\/www.padreeustaquio.com.br\/casa-de-acolhimento-em-bh-e-construida-por-inspiracao-de-padre-eustaquio\/"},"author":{"name":"@sscc","@id":"https:\/\/www.padreeustaquio.com.br\/#\/schema\/person\/a2a51db1d00f1a7af0204a0f1ddb1566"},"headline":"Casa de acolhimento em BH \u00e9 constru\u00edda por inspira\u00e7\u00e3o de Padre Eust\u00e1quio","datePublished":"2023-03-10T09:33:00+00:00","mainEntityOfPage":{"@id":"https:\/\/www.padreeustaquio.com.br\/casa-de-acolhimento-em-bh-e-construida-por-inspiracao-de-padre-eustaquio\/"},"wordCount":294,"commentCount":0,"publisher":{"@id":"https:\/\/www.padreeustaquio.com.br\/#organization"},"image":{"@id":"https:\/\/www.padreeustaquio.com.br\/casa-de-acolhimento-em-bh-e-construida-por-inspiracao-de-padre-eustaquio\/#primaryimage"},"thumbnailUrl":"https:\/\/www.padreeustaquio.com.br\/wp-content\/uploads\/2023\/03\/cape.jpeg","articleSection":["Not\u00edcias"],"inLanguage":"es","potentialAction":[{"@type":"CommentAction","name":"Comment","target":["https:\/\/www.padreeustaquio.com.br\/casa-de-acolhimento-em-bh-e-construida-por-inspiracao-de-padre-eustaquio\/#respond"]}]},{"@type":"WebPage","@id":"https:\/\/www.padreeustaquio.com.br\/casa-de-acolhimento-em-bh-e-construida-por-inspiracao-de-padre-eustaquio\/","url":"https:\/\/www.padreeustaquio.com.br\/casa-de-acolhimento-em-bh-e-construida-por-inspiracao-de-padre-eustaquio\/","name":"Inspir\u00e1ndose en el padre Eust\u00e1quio, se construy\u00f3 un albergue en Belo Horizonte.","isPartOf":{"@id":"https:\/\/www.padreeustaquio.com.br\/#website"},"primaryImageOfPage":{"@id":"https:\/\/www.padreeustaquio.com.br\/casa-de-acolhimento-em-bh-e-construida-por-inspiracao-de-padre-eustaquio\/#primaryimage"},"image":{"@id":"https:\/\/www.padreeustaquio.com.br\/casa-de-acolhimento-em-bh-e-construida-por-inspiracao-de-padre-eustaquio\/#primaryimage"},"thumbnailUrl":"https:\/\/www.padreeustaquio.com.br\/wp-content\/uploads\/2023\/03\/cape.jpeg","datePublished":"2023-03-10T09:33:00+00:00","description":"En diciembre de 2013, se erigi\u00f3 la estructura que ahora alberga CAPE. Su creador, Jos\u00e9 Marc\u00edlio Nunes, devoto del Padre Eust\u00e1quio, tuvo un sue\u00f1o en el que este le pidi\u00f3 que cuidara a ni\u00f1os con c\u00e1ncer. \u00c9l respondi\u00f3 al llamado y transform\u00f3 el sue\u00f1o en realidad. Un sue\u00f1o que hoy satisface las necesidades de decenas de personas.","breadcrumb":{"@id":"https:\/\/www.padreeustaquio.com.br\/casa-de-acolhimento-em-bh-e-construida-por-inspiracao-de-padre-eustaquio\/#breadcrumb"},"inLanguage":"es","potentialAction":[{"@type":"ReadAction","target":["https:\/\/www.padreeustaquio.com.br\/casa-de-acolhimento-em-bh-e-construida-por-inspiracao-de-padre-eustaquio\/"]}]},{"@type":"ImageObject","inLanguage":"es","@id":"https:\/\/www.padreeustaquio.com.br\/casa-de-acolhimento-em-bh-e-construida-por-inspiracao-de-padre-eustaquio\/#primaryimage","url":"https:\/\/www.padreeustaquio.com.br\/wp-content\/uploads\/2023\/03\/cape.jpeg","contentUrl":"https:\/\/www.padreeustaquio.com.br\/wp-content\/uploads\/2023\/03\/cape.jpeg","width":1600,"height":900},{"@type":"BreadcrumbList","@id":"https:\/\/www.padreeustaquio.com.br\/casa-de-acolhimento-em-bh-e-construida-por-inspiracao-de-padre-eustaquio\/#breadcrumb","itemListElement":[{"@type":"ListItem","position":1,"name":"In\u00edcio","item":"https:\/\/www.padreeustaquio.com.br\/"},{"@type":"ListItem","position":2,"name":"Casa de acolhimento em BH \u00e9 constru\u00edda por inspira\u00e7\u00e3o de Padre Eust\u00e1quio"}]},{"@type":"WebSite","@id":"https:\/\/www.padreeustaquio.com.br\/#website","url":"https:\/\/www.padreeustaquio.com.br\/","name":"Padre Eustace","description":"Salud y Paz","publisher":{"@id":"https:\/\/www.padreeustaquio.com.br\/#organization"},"potentialAction":[{"@type":"SearchAction","target":{"@type":"EntryPoint","urlTemplate":"https:\/\/www.padreeustaquio.com.br\/?s={search_term_string}"},"query-input":{"@type":"PropertyValueSpecification","valueRequired":true,"valueName":"search_term_string"}}],"inLanguage":"es"},{"@type":"Organization","@id":"https:\/\/www.padreeustaquio.com.br\/#organization","name":"Padre Eustace","url":"https:\/\/www.padreeustaquio.com.br\/","logo":{"@type":"ImageObject","inLanguage":"es","@id":"https:\/\/www.padreeustaquio.com.br\/#\/schema\/logo\/image\/","url":"https:\/\/www.padreeustaquio.com.br\/wp-content\/uploads\/2019\/08\/marca.png","contentUrl":"https:\/\/www.padreeustaquio.com.br\/wp-content\/uploads\/2019\/08\/marca.png","width":350,"height":400,"caption":"Padre Eust\u00e1quio"},"image":{"@id":"https:\/\/www.padreeustaquio.com.br\/#\/schema\/logo\/image\/"},"sameAs":["https:\/\/www.facebook.com\/beatopadreeustaquio\/","https:\/\/x.com\/beatopeustaquio","https:\/\/www.instagram.com\/beatopadreeustaquio\/","https:\/\/www.youtube.com\/channel\/UCRhw7vfabnajwLxb1ZXMeIw"]},{"@type":"Person","@id":"https:\/\/www.padreeustaquio.com.br\/#\/schema\/person\/a2a51db1d00f1a7af0204a0f1ddb1566","name":"@sscc","image":{"@type":"ImageObject","inLanguage":"es","@id":"https:\/\/secure.gravatar.com\/avatar\/68cfafa5f44617fea54071e215026e0ff06be366c3d54a8425f04fdcb86f8c5f?s=96&d=mm&r=g","url":"https:\/\/secure.gravatar.com\/avatar\/68cfafa5f44617fea54071e215026e0ff06be366c3d54a8425f04fdcb86f8c5f?s=96&d=mm&r=g","contentUrl":"https:\/\/secure.gravatar.com\/avatar\/68cfafa5f44617fea54071e215026e0ff06be366c3d54a8425f04fdcb86f8c5f?s=96&d=mm&r=g","caption":"@sscc"},"url":"https:\/\/www.padreeustaquio.com.br\/es\/author\/sscc\/"}]}},"_links":{"self":[{"href":"https:\/\/www.padreeustaquio.com.br\/es\/wp-json\/wp\/v2\/posts\/9999","targetHints":{"allow":["GET"]}}],"collection":[{"href":"https:\/\/www.padreeustaquio.com.br\/es\/wp-json\/wp\/v2\/posts"}],"about":[{"href":"https:\/\/www.padreeustaquio.com.br\/es\/wp-json\/wp\/v2\/types\/post"}],"author":[{"embeddable":true,"href":"https:\/\/www.padreeustaquio.com.br\/es\/wp-json\/wp\/v2\/users\/2"}],"replies":[{"embeddable":true,"href":"https:\/\/www.padreeustaquio.com.br\/es\/wp-json\/wp\/v2\/comments?post=9999"}],"version-history":[{"count":0,"href":"https:\/\/www.padreeustaquio.com.br\/es\/wp-json\/wp\/v2\/posts\/9999\/revisions"}],"wp:featuredmedia":[{"embeddable":true,"href":"https:\/\/www.padreeustaquio.com.br\/es\/wp-json\/wp\/v2\/media\/10000"}],"wp:attachment":[{"href":"https:\/\/www.padreeustaquio.com.br\/es\/wp-json\/wp\/v2\/media?parent=9999"}],"wp:term":[{"taxonomy":"category","embeddable":true,"href":"https:\/\/www.padreeustaquio.com.br\/es\/wp-json\/wp\/v2\/categories?post=9999"},{"taxonomy":"post_tag","embeddable":true,"href":"https:\/\/www.padreeustaquio.com.br\/es\/wp-json\/wp\/v2\/tags?post=9999"}],"curies":[{"name":"wp","href":"https:\/\/api.w.org\/{rel}","templated":true}]}}