{"id":9993,"date":"2023-03-09T06:12:00","date_gmt":"2023-03-09T09:12:00","guid":{"rendered":"https:\/\/www.padreeustaquio.com.br\/?p=9993"},"modified":"2023-03-05T20:21:47","modified_gmt":"2023-03-05T23:21:47","slug":"la-coronacion-de-los-dolores-de-nuestra-senora-se-llevara-a-cabo-este-viernes-en-la-iglesia-padre-eustace","status":"publish","type":"post","link":"https:\/\/www.padreeustaquio.com.br\/es\/la-coronacion-de-los-dolores-de-nuestra-senora-se-llevara-a-cabo-este-viernes-en-la-iglesia-padre-eustace\/","title":{"rendered":"La Coronaci\u00f3n de Dolores de Nuestra Se\u00f1ora se realizar\u00e1 este viernes en la Iglesia Padre Eust\u00e1quio."},"content":{"rendered":"<p>La Cuaresma es un tiempo para recordar y reflexionar sobre la Pasi\u00f3n y Muerte de Jes\u00fas, pero tambi\u00e9n sobre los dolores que Nuestra Se\u00f1ora soport\u00f3 al presenciar el sufrimiento de su hijo.<\/p>\n\n\n\n<p>La reflexi\u00f3n sobre la Corona de los Siete Dolores de Nuestra Se\u00f1ora recuerda los principales momentos de dolor vividos por Mar\u00eda en su vida terrena, culminando en la pasi\u00f3n, muerte y sepultura de su Hijo.<\/p>\n\n\n\n<p>En el Santuario de la Salud y la Paz, Iglesia del Beato Padre Eustaquio, se celebrar\u00e1 la Coronaci\u00f3n de los Dolores de Nuestra Se\u00f1ora todos los viernes de Cuaresma. El evento comienza con una misa a las 6:00 a. m., seguida del Rosario de la Coronaci\u00f3n los lunes a las 6:30 a. m.<\/p>\n\n\n\n<p><strong>Los Siete Dolores de Nuestra Se\u00f1ora<\/strong><\/p>\n\n\n\n<p>A continuaci\u00f3n se presentan los siete dolores que sufri\u00f3 Nuestra Se\u00f1ora durante su vida terrena:<\/p>\n\n\n\n<p><em>1 \u2013 La aceptaci\u00f3n de la profec\u00eda de Sime\u00f3n<\/em><\/p>\n\n\n\n<p>\u201cSime\u00f3n los bendijo y dijo a Mar\u00eda, su madre: \u201dMira, este ni\u00f1o est\u00e1 destinado a ser la ca\u00edda y el levantamiento de muchos en Israel, y una se\u00f1al de contradicci\u00f3n. Y a ti tambi\u00e9n una espada te traspasar\u00e1 el alma.\u00bb (Lucas 2:34-35).<\/p>\n\n\n\n<p><em>2 \u2013 La huida de Mar\u00eda a Egipto con Jes\u00fas y Jos\u00e9<\/em><\/p>\n\n\n\n<p>\u201cEl \u00e1ngel del Se\u00f1or se le apareci\u00f3 en sue\u00f1os a Jos\u00e9 y le dijo: \u201dLev\u00e1ntate, toma al ni\u00f1o y a su madre, y huye a Egipto, y qu\u00e9date all\u00ed hasta que yo te diga, porque Herodes va a buscar al ni\u00f1o para matarlo\u00bb. Entonces \u00e9l se levant\u00f3, tom\u00f3 al ni\u00f1o y a su madre, y se fue a Egipto. (Mateo 2:13-14).<\/p>\n\n\n\n<p><em>3 \u2013 Mar\u00eda busca a Jes\u00fas perdido en Jerusal\u00e9n<\/em><\/p>\n\n\n\n<p>\u201cPasados los d\u00edas de la Pascua, mientras regresaban a casa, el ni\u00f1o Jes\u00fas se qued\u00f3 en Jerusal\u00e9n, pero sus padres no se dieron cuenta. Creyendo que estaba en la caravana, recorrieron un d\u00eda de camino y comenzaron a buscarlo entre sus parientes y amigos. Al no encontrarlo, regresaron a Jerusal\u00e9n a buscarlo. (Lucas 2:43b-45).<\/p>\n\n\n\n<p><em>4 \u2013 El encuentro de Mar\u00eda con Jes\u00fas en el Calvario<\/em><\/p>\n\n\n\n<p>\u201cMientras se llevaban a Jes\u00fas, tomaron a un hombre de Cirene, llamado Sim\u00f3n, que volv\u00eda del campo, y le cargaron la cruz para que la llevara detr\u00e1s de Jes\u00fas. Una gran multitud lo segu\u00eda, incluyendo mujeres que lloraban y se lamentaban por \u00e9l. (Lucas 23:26-27).<\/p>\n\n\n\n<p><em>5 \u2013 La presencia de Mar\u00eda al lado de Jes\u00fas en la Cruz<\/em><\/p>\n\n\n\n<p>Junto a la cruz de Jes\u00fas estaban su madre, la hermana de su madre, Mar\u00eda de Cleof\u00e1s, y Mar\u00eda Magdalena. Al ver a su madre y al disc\u00edpulo a quien amaba, Jes\u00fas le dijo a su madre: \u00abMujer, ah\u00ed tienes a tu hijo\u00bb. Luego le dijo al disc\u00edpulo: \u00abAh\u00ed tienes a tu madre\u00bb. (Juan 19:15-27a).<\/p>\n\n\n\n<p><em>6 \u2013 Mar\u00eda recibe el cuerpo de Jes\u00fas en sus brazos<\/em><\/p>\n\n\n\n<p>\u201cAl atardecer, siendo el d\u00eda de la Preparaci\u00f3n (es decir, la v\u00edspera del s\u00e1bado), Jos\u00e9 de Arimatea se present\u00f3, se present\u00f3 con valent\u00eda ante Pilato y le pidi\u00f3 el cuerpo de Jes\u00fas. Pilato se lo dio a Jos\u00e9, quien lo baj\u00f3 de la cruz. (Marcos 15:42).<\/p>\n\n\n\n<p><em>7 \u2013 Mar\u00eda lleva el cuerpo de Jes\u00fas al sepulcro<\/em><\/p>\n\n\n\n<p>Los disc\u00edpulos tomaron el cuerpo de Jes\u00fas y lo envolvieron en lienzos con especias arom\u00e1ticas, seg\u00fan la costumbre jud\u00eda de sepultura. Cerca del lugar donde fue crucificado hab\u00eda un huerto, y en el huerto un sepulcro nuevo, donde a\u00fan no hab\u00edan puesto a nadie. All\u00ed pusieron a Jes\u00fas (Juan 19:40-42a).<\/p>\n\n\n\n<p><\/p>","protected":false},"excerpt":{"rendered":"<p>A Quaresma \u00e9 um momento de lembrarmos e refletirmos sobre a Paix\u00e3o e Morte de Jesus, mas tamb\u00e9m sobre as dores que Nossa Senhora carregou ao ver o sofrimento do filho. A reflex\u00e3o da Coroa das Sete Dores de Nossa Senhora relembra os principais momentos de dor vividos por Maria em sua vida terrena, culminando com a paix\u00e3o, morte e sepultamento de seu Filho. No Santu\u00e1rio da Sa\u00fade e da Paz, Igreja do Beato Padre Eust\u00e1quio, a Coroa das Dores de Nossa Senhora ser\u00e1 realizada todas as sextas-feiras durante a Quaresma. O momento come\u00e7a com uma missa sempre \u00e0s 6h, [&hellip;]<\/p>\n","protected":false},"author":2,"featured_media":9994,"comment_status":"open","ping_status":"closed","sticky":false,"template":"","format":"standard","meta":{"_acf_changed":false,"footnotes":""},"categories":[611],"tags":[],"class_list":["post-9993","post","type-post","status-publish","format-standard","has-post-thumbnail","hentry","category-noticias"],"acf":[],"yoast_head":"<!-- This site is optimized with the Yoast SEO plugin v27.2 - https:\/\/yoast.com\/product\/yoast-seo-wordpress\/ -->\n<title>Coroa das Dores de Nossa Senhora ser\u00e1 realizada nesta sexta na Igreja do Pe Eust\u00e1quio<\/title>\n<meta name=\"description\" content=\"A Quaresma \u00e9 um momento de lembrarmos e refletirmos sobre a Paix\u00e3o e Morte de Jesus, mas tamb\u00e9m sobre as dores que Nossa Senhora carregou ao ver o sofrimento do filho. No Santu\u00e1rio da Sa\u00fade e da Paz, Igreja do Beato Padre Eust\u00e1quio, a Coroa das Dores de Nossa Senhora ser\u00e1 realizada todas as sextas-feiras durante a Quaresma. O momento come\u00e7a com uma missa sempre \u00e0s 6h, e logo em segunda, \u00e0s 6h30, \u00e9 realizado o Ter\u00e7o da Coroa.\" \/>\n<meta name=\"robots\" content=\"index, follow, max-snippet:-1, max-image-preview:large, max-video-preview:-1\" \/>\n<link rel=\"canonical\" href=\"https:\/\/www.padreeustaquio.com.br\/es\/la-coronacion-de-los-dolores-de-nuestra-senora-se-llevara-a-cabo-este-viernes-en-la-iglesia-padre-eustace\/\" \/>\n<meta property=\"og:locale\" content=\"es_ES\" \/>\n<meta property=\"og:type\" content=\"article\" \/>\n<meta property=\"og:title\" content=\"Coroa das Dores de Nossa Senhora ser\u00e1 realizada nesta sexta na Igreja do Pe Eust\u00e1quio\" \/>\n<meta property=\"og:description\" content=\"A Quaresma \u00e9 um momento de lembrarmos e refletirmos sobre a Paix\u00e3o e Morte de Jesus, mas tamb\u00e9m sobre as dores que Nossa Senhora carregou ao ver o sofrimento do filho. No Santu\u00e1rio da Sa\u00fade e da Paz, Igreja do Beato Padre Eust\u00e1quio, a Coroa das Dores de Nossa Senhora ser\u00e1 realizada todas as sextas-feiras durante a Quaresma. O momento come\u00e7a com uma missa sempre \u00e0s 6h, e logo em segunda, \u00e0s 6h30, \u00e9 realizado o Ter\u00e7o da Coroa.\" \/>\n<meta property=\"og:url\" content=\"https:\/\/www.padreeustaquio.com.br\/es\/la-coronacion-de-los-dolores-de-nuestra-senora-se-llevara-a-cabo-este-viernes-en-la-iglesia-padre-eustace\/\" \/>\n<meta property=\"og:site_name\" content=\"Padre Eust\u00e1quio\" \/>\n<meta property=\"article:publisher\" content=\"https:\/\/www.facebook.com\/beatopadreeustaquio\/\" \/>\n<meta property=\"article:published_time\" content=\"2023-03-09T09:12:00+00:00\" \/>\n<meta property=\"og:image\" content=\"https:\/\/www.padreeustaquio.com.br\/wp-content\/uploads\/2023\/03\/coroa.jpeg\" \/>\n\t<meta property=\"og:image:width\" content=\"1024\" \/>\n\t<meta property=\"og:image:height\" content=\"576\" \/>\n\t<meta property=\"og:image:type\" content=\"image\/jpeg\" \/>\n<meta name=\"author\" content=\"@sscc\" \/>\n<meta name=\"twitter:card\" content=\"summary_large_image\" \/>\n<meta name=\"twitter:creator\" content=\"@beatopeustaquio\" \/>\n<meta name=\"twitter:site\" content=\"@beatopeustaquio\" \/>\n<meta name=\"twitter:label1\" content=\"Escrito por\" \/>\n\t<meta name=\"twitter:data1\" content=\"@sscc\" \/>\n\t<meta name=\"twitter:label2\" content=\"Tiempo de lectura\" \/>\n\t<meta name=\"twitter:data2\" content=\"3 minutos\" \/>\n<script type=\"application\/ld+json\" class=\"yoast-schema-graph\">{\"@context\":\"https:\/\/schema.org\",\"@graph\":[{\"@type\":\"Article\",\"@id\":\"https:\/\/www.padreeustaquio.com.br\/coroa-das-dores-de-nossa-senhora-sera-realizada-nesta-sexta-na-igreja-do-pe-eustaquio\/#article\",\"isPartOf\":{\"@id\":\"https:\/\/www.padreeustaquio.com.br\/coroa-das-dores-de-nossa-senhora-sera-realizada-nesta-sexta-na-igreja-do-pe-eustaquio\/\"},\"author\":{\"name\":\"@sscc\",\"@id\":\"https:\/\/www.padreeustaquio.com.br\/#\/schema\/person\/a2a51db1d00f1a7af0204a0f1ddb1566\"},\"headline\":\"Coroa das Dores de Nossa Senhora ser\u00e1 realizada nesta sexta na Igreja do Pe Eust\u00e1quio\",\"datePublished\":\"2023-03-09T09:12:00+00:00\",\"mainEntityOfPage\":{\"@id\":\"https:\/\/www.padreeustaquio.com.br\/coroa-das-dores-de-nossa-senhora-sera-realizada-nesta-sexta-na-igreja-do-pe-eustaquio\/\"},\"wordCount\":583,\"commentCount\":0,\"publisher\":{\"@id\":\"https:\/\/www.padreeustaquio.com.br\/#organization\"},\"image\":{\"@id\":\"https:\/\/www.padreeustaquio.com.br\/coroa-das-dores-de-nossa-senhora-sera-realizada-nesta-sexta-na-igreja-do-pe-eustaquio\/#primaryimage\"},\"thumbnailUrl\":\"https:\/\/www.padreeustaquio.com.br\/wp-content\/uploads\/2023\/03\/coroa.jpeg\",\"articleSection\":[\"Not\u00edcias\"],\"inLanguage\":\"es\",\"potentialAction\":[{\"@type\":\"CommentAction\",\"name\":\"Comment\",\"target\":[\"https:\/\/www.padreeustaquio.com.br\/coroa-das-dores-de-nossa-senhora-sera-realizada-nesta-sexta-na-igreja-do-pe-eustaquio\/#respond\"]}]},{\"@type\":\"WebPage\",\"@id\":\"https:\/\/www.padreeustaquio.com.br\/coroa-das-dores-de-nossa-senhora-sera-realizada-nesta-sexta-na-igreja-do-pe-eustaquio\/\",\"url\":\"https:\/\/www.padreeustaquio.com.br\/coroa-das-dores-de-nossa-senhora-sera-realizada-nesta-sexta-na-igreja-do-pe-eustaquio\/\",\"name\":\"Coroa das Dores de Nossa Senhora ser\u00e1 realizada nesta sexta na Igreja do Pe Eust\u00e1quio\",\"isPartOf\":{\"@id\":\"https:\/\/www.padreeustaquio.com.br\/#website\"},\"primaryImageOfPage\":{\"@id\":\"https:\/\/www.padreeustaquio.com.br\/coroa-das-dores-de-nossa-senhora-sera-realizada-nesta-sexta-na-igreja-do-pe-eustaquio\/#primaryimage\"},\"image\":{\"@id\":\"https:\/\/www.padreeustaquio.com.br\/coroa-das-dores-de-nossa-senhora-sera-realizada-nesta-sexta-na-igreja-do-pe-eustaquio\/#primaryimage\"},\"thumbnailUrl\":\"https:\/\/www.padreeustaquio.com.br\/wp-content\/uploads\/2023\/03\/coroa.jpeg\",\"datePublished\":\"2023-03-09T09:12:00+00:00\",\"description\":\"A Quaresma \u00e9 um momento de lembrarmos e refletirmos sobre a Paix\u00e3o e Morte de Jesus, mas tamb\u00e9m sobre as dores que Nossa Senhora carregou ao ver o sofrimento do filho. No Santu\u00e1rio da Sa\u00fade e da Paz, Igreja do Beato Padre Eust\u00e1quio, a Coroa das Dores de Nossa Senhora ser\u00e1 realizada todas as sextas-feiras durante a Quaresma. O momento come\u00e7a com uma missa sempre \u00e0s 6h, e logo em segunda, \u00e0s 6h30, \u00e9 realizado o Ter\u00e7o da Coroa.\",\"breadcrumb\":{\"@id\":\"https:\/\/www.padreeustaquio.com.br\/coroa-das-dores-de-nossa-senhora-sera-realizada-nesta-sexta-na-igreja-do-pe-eustaquio\/#breadcrumb\"},\"inLanguage\":\"es\",\"potentialAction\":[{\"@type\":\"ReadAction\",\"target\":[\"https:\/\/www.padreeustaquio.com.br\/coroa-das-dores-de-nossa-senhora-sera-realizada-nesta-sexta-na-igreja-do-pe-eustaquio\/\"]}]},{\"@type\":\"ImageObject\",\"inLanguage\":\"es\",\"@id\":\"https:\/\/www.padreeustaquio.com.br\/coroa-das-dores-de-nossa-senhora-sera-realizada-nesta-sexta-na-igreja-do-pe-eustaquio\/#primaryimage\",\"url\":\"https:\/\/www.padreeustaquio.com.br\/wp-content\/uploads\/2023\/03\/coroa.jpeg\",\"contentUrl\":\"https:\/\/www.padreeustaquio.com.br\/wp-content\/uploads\/2023\/03\/coroa.jpeg\",\"width\":1024,\"height\":576},{\"@type\":\"BreadcrumbList\",\"@id\":\"https:\/\/www.padreeustaquio.com.br\/coroa-das-dores-de-nossa-senhora-sera-realizada-nesta-sexta-na-igreja-do-pe-eustaquio\/#breadcrumb\",\"itemListElement\":[{\"@type\":\"ListItem\",\"position\":1,\"name\":\"In\u00edcio\",\"item\":\"https:\/\/www.padreeustaquio.com.br\/\"},{\"@type\":\"ListItem\",\"position\":2,\"name\":\"Coroa das Dores de Nossa Senhora ser\u00e1 realizada nesta sexta na Igreja do Pe Eust\u00e1quio\"}]},{\"@type\":\"WebSite\",\"@id\":\"https:\/\/www.padreeustaquio.com.br\/#website\",\"url\":\"https:\/\/www.padreeustaquio.com.br\/\",\"name\":\"Padre Eust\u00e1quio\",\"description\":\"Sa\u00fade e Paz\",\"publisher\":{\"@id\":\"https:\/\/www.padreeustaquio.com.br\/#organization\"},\"potentialAction\":[{\"@type\":\"SearchAction\",\"target\":{\"@type\":\"EntryPoint\",\"urlTemplate\":\"https:\/\/www.padreeustaquio.com.br\/?s={search_term_string}\"},\"query-input\":{\"@type\":\"PropertyValueSpecification\",\"valueRequired\":true,\"valueName\":\"search_term_string\"}}],\"inLanguage\":\"es\"},{\"@type\":\"Organization\",\"@id\":\"https:\/\/www.padreeustaquio.com.br\/#organization\",\"name\":\"Padre Eust\u00e1quio\",\"url\":\"https:\/\/www.padreeustaquio.com.br\/\",\"logo\":{\"@type\":\"ImageObject\",\"inLanguage\":\"es\",\"@id\":\"https:\/\/www.padreeustaquio.com.br\/#\/schema\/logo\/image\/\",\"url\":\"https:\/\/www.padreeustaquio.com.br\/wp-content\/uploads\/2019\/08\/marca.png\",\"contentUrl\":\"https:\/\/www.padreeustaquio.com.br\/wp-content\/uploads\/2019\/08\/marca.png\",\"width\":350,\"height\":400,\"caption\":\"Padre Eust\u00e1quio\"},\"image\":{\"@id\":\"https:\/\/www.padreeustaquio.com.br\/#\/schema\/logo\/image\/\"},\"sameAs\":[\"https:\/\/www.facebook.com\/beatopadreeustaquio\/\",\"https:\/\/x.com\/beatopeustaquio\",\"https:\/\/www.instagram.com\/beatopadreeustaquio\/\",\"https:\/\/www.youtube.com\/channel\/UCRhw7vfabnajwLxb1ZXMeIw\"]},{\"@type\":\"Person\",\"@id\":\"https:\/\/www.padreeustaquio.com.br\/#\/schema\/person\/a2a51db1d00f1a7af0204a0f1ddb1566\",\"name\":\"@sscc\",\"image\":{\"@type\":\"ImageObject\",\"inLanguage\":\"es\",\"@id\":\"https:\/\/secure.gravatar.com\/avatar\/68cfafa5f44617fea54071e215026e0ff06be366c3d54a8425f04fdcb86f8c5f?s=96&d=mm&r=g\",\"url\":\"https:\/\/secure.gravatar.com\/avatar\/68cfafa5f44617fea54071e215026e0ff06be366c3d54a8425f04fdcb86f8c5f?s=96&d=mm&r=g\",\"contentUrl\":\"https:\/\/secure.gravatar.com\/avatar\/68cfafa5f44617fea54071e215026e0ff06be366c3d54a8425f04fdcb86f8c5f?s=96&d=mm&r=g\",\"caption\":\"@sscc\"},\"url\":\"https:\/\/www.padreeustaquio.com.br\/es\/author\/sscc\/\"}]}<\/script>\n<!-- \/ Yoast SEO plugin. -->","yoast_head_json":{"title":"La Coronaci\u00f3n de Dolores de Nuestra Se\u00f1ora se realizar\u00e1 este viernes en la Iglesia Padre Eust\u00e1quio.","description":"La Cuaresma es un tiempo para recordar y reflexionar sobre la Pasi\u00f3n y Muerte de Jes\u00fas, pero tambi\u00e9n sobre los dolores que Nuestra Se\u00f1ora soport\u00f3 al presenciar el sufrimiento de su hijo. En el Santuario de la Salud y la Paz, Iglesia del Beato Padre Eustaquio, se celebrar\u00e1 la Coronaci\u00f3n de los Dolores de Nuestra Se\u00f1ora todos los viernes de Cuaresma. Comienza con una misa a las 6:00 a. m. y, los lunes, a las 6:30 a. m., se reza el Rosario de la Coronaci\u00f3n.","robots":{"index":"index","follow":"follow","max-snippet":"max-snippet:-1","max-image-preview":"max-image-preview:large","max-video-preview":"max-video-preview:-1"},"canonical":"https:\/\/www.padreeustaquio.com.br\/es\/la-coronacion-de-los-dolores-de-nuestra-senora-se-llevara-a-cabo-este-viernes-en-la-iglesia-padre-eustace\/","og_locale":"es_ES","og_type":"article","og_title":"Coroa das Dores de Nossa Senhora ser\u00e1 realizada nesta sexta na Igreja do Pe Eust\u00e1quio","og_description":"A Quaresma \u00e9 um momento de lembrarmos e refletirmos sobre a Paix\u00e3o e Morte de Jesus, mas tamb\u00e9m sobre as dores que Nossa Senhora carregou ao ver o sofrimento do filho. No Santu\u00e1rio da Sa\u00fade e da Paz, Igreja do Beato Padre Eust\u00e1quio, a Coroa das Dores de Nossa Senhora ser\u00e1 realizada todas as sextas-feiras durante a Quaresma. O momento come\u00e7a com uma missa sempre \u00e0s 6h, e logo em segunda, \u00e0s 6h30, \u00e9 realizado o Ter\u00e7o da Coroa.","og_url":"https:\/\/www.padreeustaquio.com.br\/es\/la-coronacion-de-los-dolores-de-nuestra-senora-se-llevara-a-cabo-este-viernes-en-la-iglesia-padre-eustace\/","og_site_name":"Padre Eust\u00e1quio","article_publisher":"https:\/\/www.facebook.com\/beatopadreeustaquio\/","article_published_time":"2023-03-09T09:12:00+00:00","og_image":[{"width":1024,"height":576,"url":"https:\/\/www.padreeustaquio.com.br\/wp-content\/uploads\/2023\/03\/coroa.jpeg","type":"image\/jpeg"}],"author":"@sscc","twitter_card":"summary_large_image","twitter_creator":"@beatopeustaquio","twitter_site":"@beatopeustaquio","twitter_misc":{"Escrito por":"@sscc","Tiempo de lectura":"3 minutos"},"schema":{"@context":"https:\/\/schema.org","@graph":[{"@type":"Article","@id":"https:\/\/www.padreeustaquio.com.br\/coroa-das-dores-de-nossa-senhora-sera-realizada-nesta-sexta-na-igreja-do-pe-eustaquio\/#article","isPartOf":{"@id":"https:\/\/www.padreeustaquio.com.br\/coroa-das-dores-de-nossa-senhora-sera-realizada-nesta-sexta-na-igreja-do-pe-eustaquio\/"},"author":{"name":"@sscc","@id":"https:\/\/www.padreeustaquio.com.br\/#\/schema\/person\/a2a51db1d00f1a7af0204a0f1ddb1566"},"headline":"Coroa das Dores de Nossa Senhora ser\u00e1 realizada nesta sexta na Igreja do Pe Eust\u00e1quio","datePublished":"2023-03-09T09:12:00+00:00","mainEntityOfPage":{"@id":"https:\/\/www.padreeustaquio.com.br\/coroa-das-dores-de-nossa-senhora-sera-realizada-nesta-sexta-na-igreja-do-pe-eustaquio\/"},"wordCount":583,"commentCount":0,"publisher":{"@id":"https:\/\/www.padreeustaquio.com.br\/#organization"},"image":{"@id":"https:\/\/www.padreeustaquio.com.br\/coroa-das-dores-de-nossa-senhora-sera-realizada-nesta-sexta-na-igreja-do-pe-eustaquio\/#primaryimage"},"thumbnailUrl":"https:\/\/www.padreeustaquio.com.br\/wp-content\/uploads\/2023\/03\/coroa.jpeg","articleSection":["Not\u00edcias"],"inLanguage":"es","potentialAction":[{"@type":"CommentAction","name":"Comment","target":["https:\/\/www.padreeustaquio.com.br\/coroa-das-dores-de-nossa-senhora-sera-realizada-nesta-sexta-na-igreja-do-pe-eustaquio\/#respond"]}]},{"@type":"WebPage","@id":"https:\/\/www.padreeustaquio.com.br\/coroa-das-dores-de-nossa-senhora-sera-realizada-nesta-sexta-na-igreja-do-pe-eustaquio\/","url":"https:\/\/www.padreeustaquio.com.br\/coroa-das-dores-de-nossa-senhora-sera-realizada-nesta-sexta-na-igreja-do-pe-eustaquio\/","name":"La Coronaci\u00f3n de Dolores de Nuestra Se\u00f1ora se realizar\u00e1 este viernes en la Iglesia Padre Eust\u00e1quio.","isPartOf":{"@id":"https:\/\/www.padreeustaquio.com.br\/#website"},"primaryImageOfPage":{"@id":"https:\/\/www.padreeustaquio.com.br\/coroa-das-dores-de-nossa-senhora-sera-realizada-nesta-sexta-na-igreja-do-pe-eustaquio\/#primaryimage"},"image":{"@id":"https:\/\/www.padreeustaquio.com.br\/coroa-das-dores-de-nossa-senhora-sera-realizada-nesta-sexta-na-igreja-do-pe-eustaquio\/#primaryimage"},"thumbnailUrl":"https:\/\/www.padreeustaquio.com.br\/wp-content\/uploads\/2023\/03\/coroa.jpeg","datePublished":"2023-03-09T09:12:00+00:00","description":"La Cuaresma es un tiempo para recordar y reflexionar sobre la Pasi\u00f3n y Muerte de Jes\u00fas, pero tambi\u00e9n sobre los dolores que Nuestra Se\u00f1ora soport\u00f3 al presenciar el sufrimiento de su hijo. En el Santuario de la Salud y la Paz, Iglesia del Beato Padre Eustaquio, se celebrar\u00e1 la Coronaci\u00f3n de los Dolores de Nuestra Se\u00f1ora todos los viernes de Cuaresma. Comienza con una misa a las 6:00 a. m. y, los lunes, a las 6:30 a. m., se reza el Rosario de la Coronaci\u00f3n.","breadcrumb":{"@id":"https:\/\/www.padreeustaquio.com.br\/coroa-das-dores-de-nossa-senhora-sera-realizada-nesta-sexta-na-igreja-do-pe-eustaquio\/#breadcrumb"},"inLanguage":"es","potentialAction":[{"@type":"ReadAction","target":["https:\/\/www.padreeustaquio.com.br\/coroa-das-dores-de-nossa-senhora-sera-realizada-nesta-sexta-na-igreja-do-pe-eustaquio\/"]}]},{"@type":"ImageObject","inLanguage":"es","@id":"https:\/\/www.padreeustaquio.com.br\/coroa-das-dores-de-nossa-senhora-sera-realizada-nesta-sexta-na-igreja-do-pe-eustaquio\/#primaryimage","url":"https:\/\/www.padreeustaquio.com.br\/wp-content\/uploads\/2023\/03\/coroa.jpeg","contentUrl":"https:\/\/www.padreeustaquio.com.br\/wp-content\/uploads\/2023\/03\/coroa.jpeg","width":1024,"height":576},{"@type":"BreadcrumbList","@id":"https:\/\/www.padreeustaquio.com.br\/coroa-das-dores-de-nossa-senhora-sera-realizada-nesta-sexta-na-igreja-do-pe-eustaquio\/#breadcrumb","itemListElement":[{"@type":"ListItem","position":1,"name":"In\u00edcio","item":"https:\/\/www.padreeustaquio.com.br\/"},{"@type":"ListItem","position":2,"name":"Coroa das Dores de Nossa Senhora ser\u00e1 realizada nesta sexta na Igreja do Pe Eust\u00e1quio"}]},{"@type":"WebSite","@id":"https:\/\/www.padreeustaquio.com.br\/#website","url":"https:\/\/www.padreeustaquio.com.br\/","name":"Padre Eustace","description":"Salud y Paz","publisher":{"@id":"https:\/\/www.padreeustaquio.com.br\/#organization"},"potentialAction":[{"@type":"SearchAction","target":{"@type":"EntryPoint","urlTemplate":"https:\/\/www.padreeustaquio.com.br\/?s={search_term_string}"},"query-input":{"@type":"PropertyValueSpecification","valueRequired":true,"valueName":"search_term_string"}}],"inLanguage":"es"},{"@type":"Organization","@id":"https:\/\/www.padreeustaquio.com.br\/#organization","name":"Padre Eustace","url":"https:\/\/www.padreeustaquio.com.br\/","logo":{"@type":"ImageObject","inLanguage":"es","@id":"https:\/\/www.padreeustaquio.com.br\/#\/schema\/logo\/image\/","url":"https:\/\/www.padreeustaquio.com.br\/wp-content\/uploads\/2019\/08\/marca.png","contentUrl":"https:\/\/www.padreeustaquio.com.br\/wp-content\/uploads\/2019\/08\/marca.png","width":350,"height":400,"caption":"Padre Eust\u00e1quio"},"image":{"@id":"https:\/\/www.padreeustaquio.com.br\/#\/schema\/logo\/image\/"},"sameAs":["https:\/\/www.facebook.com\/beatopadreeustaquio\/","https:\/\/x.com\/beatopeustaquio","https:\/\/www.instagram.com\/beatopadreeustaquio\/","https:\/\/www.youtube.com\/channel\/UCRhw7vfabnajwLxb1ZXMeIw"]},{"@type":"Person","@id":"https:\/\/www.padreeustaquio.com.br\/#\/schema\/person\/a2a51db1d00f1a7af0204a0f1ddb1566","name":"@sscc","image":{"@type":"ImageObject","inLanguage":"es","@id":"https:\/\/secure.gravatar.com\/avatar\/68cfafa5f44617fea54071e215026e0ff06be366c3d54a8425f04fdcb86f8c5f?s=96&d=mm&r=g","url":"https:\/\/secure.gravatar.com\/avatar\/68cfafa5f44617fea54071e215026e0ff06be366c3d54a8425f04fdcb86f8c5f?s=96&d=mm&r=g","contentUrl":"https:\/\/secure.gravatar.com\/avatar\/68cfafa5f44617fea54071e215026e0ff06be366c3d54a8425f04fdcb86f8c5f?s=96&d=mm&r=g","caption":"@sscc"},"url":"https:\/\/www.padreeustaquio.com.br\/es\/author\/sscc\/"}]}},"_links":{"self":[{"href":"https:\/\/www.padreeustaquio.com.br\/es\/wp-json\/wp\/v2\/posts\/9993","targetHints":{"allow":["GET"]}}],"collection":[{"href":"https:\/\/www.padreeustaquio.com.br\/es\/wp-json\/wp\/v2\/posts"}],"about":[{"href":"https:\/\/www.padreeustaquio.com.br\/es\/wp-json\/wp\/v2\/types\/post"}],"author":[{"embeddable":true,"href":"https:\/\/www.padreeustaquio.com.br\/es\/wp-json\/wp\/v2\/users\/2"}],"replies":[{"embeddable":true,"href":"https:\/\/www.padreeustaquio.com.br\/es\/wp-json\/wp\/v2\/comments?post=9993"}],"version-history":[{"count":0,"href":"https:\/\/www.padreeustaquio.com.br\/es\/wp-json\/wp\/v2\/posts\/9993\/revisions"}],"wp:featuredmedia":[{"embeddable":true,"href":"https:\/\/www.padreeustaquio.com.br\/es\/wp-json\/wp\/v2\/media\/9994"}],"wp:attachment":[{"href":"https:\/\/www.padreeustaquio.com.br\/es\/wp-json\/wp\/v2\/media?parent=9993"}],"wp:term":[{"taxonomy":"category","embeddable":true,"href":"https:\/\/www.padreeustaquio.com.br\/es\/wp-json\/wp\/v2\/categories?post=9993"},{"taxonomy":"post_tag","embeddable":true,"href":"https:\/\/www.padreeustaquio.com.br\/es\/wp-json\/wp\/v2\/tags?post=9993"}],"curies":[{"name":"wp","href":"https:\/\/api.w.org\/{rel}","templated":true}]}}