{"id":9990,"date":"2023-03-07T06:03:00","date_gmt":"2023-03-07T09:03:00","guid":{"rendered":"https:\/\/www.padreeustaquio.com.br\/?p=9990"},"modified":"2023-03-07T08:27:50","modified_gmt":"2023-03-07T11:27:50","slug":"las-inscripciones-para-el-retiro-de-parejas-con-cristo-cierran-el-proximo-fin-de-semana","status":"publish","type":"post","link":"https:\/\/www.padreeustaquio.com.br\/es\/las-inscripciones-para-el-retiro-de-parejas-con-cristo-cierran-el-proximo-fin-de-semana\/","title":{"rendered":"Las inscripciones para el Encuentro de Parejas con Cristo cierran el pr\u00f3ximo fin de semana."},"content":{"rendered":"<p>Las inscripciones para el 47.\u00ba Encuentro de Parejas con Cristo, que comenz\u00f3 el 25 de febrero, cierran el pr\u00f3ximo domingo 12 de marzo. El evento se celebrar\u00e1 en el Santuario de Salud y Paz, Iglesia del Beato Padre Eustaquio, del 26 al 28 de mayo.<\/p>\n\n\n\n<p>Las parejas interesadas en inscribirse deben acudir al centro comunitario del Santuario este s\u00e1bado (11) o domingo (12) despu\u00e9s de las misas en la Iglesia Padre Eust\u00e1quio. Esta reuni\u00f3n tendr\u00e1 capacidad para entre 35 y 40 parejas, por lo que es importante inscribirse lo antes posible.<\/p>\n\n\n\n<p>Para obtener m\u00e1s informaci\u00f3n, llame al (31) 99188-9279 (hable con Carine) o al (31) 99601-8464 (hable con Jakson).<\/p>\n\n\n\n<p><\/p>","protected":false},"excerpt":{"rendered":"<p>Abertas desde o dia 25 de fevereiro, as inscri\u00e7\u00f5es para o 47\u00ba Encontro de Casais com Cristo se encerram no pr\u00f3ximo domingo, dia 12 de mar\u00e7o. O evento ser\u00e1 realizado no Santu\u00e1rio da Sa\u00fade e da Paz, Igreja do Beato Padre Eust\u00e1quio, do dia 26 ao dia 28 de maio. O casal que tem interesse em se inscrever deve comparecer ao centro comunit\u00e1rio do Santu\u00e1rio neste s\u00e1bado (dia 11) ou neste domingo (dia 12) ap\u00f3s as missas da Igreja Padre Eust\u00e1quio. Este encontro receber\u00e1 entre 35 e 40 casais, por isso \u00e9 importante fazer a inscri\u00e7\u00e3o o quanto antes. Mais [&hellip;]<\/p>\n","protected":false},"author":2,"featured_media":9991,"comment_status":"open","ping_status":"closed","sticky":false,"template":"","format":"standard","meta":{"_acf_changed":false,"footnotes":""},"categories":[611],"tags":[],"class_list":["post-9990","post","type-post","status-publish","format-standard","has-post-thumbnail","hentry","category-noticias"],"acf":[],"yoast_head":"<!-- This site is optimized with the Yoast SEO plugin v27.2 - https:\/\/yoast.com\/product\/yoast-seo-wordpress\/ -->\n<title>Inscri\u00e7\u00f5es para o Encontro de Casais com Cristo se encerram no pr\u00f3ximo fim de semana<\/title>\n<meta name=\"description\" content=\"Abertas desde o dia 25 de fevereiro, as inscri\u00e7\u00f5es para o 47\u00ba Encontro de Casais com Cristo se encerram no pr\u00f3ximo domingo, dia 12 de mar\u00e7o. O evento ser\u00e1 realizado no Santu\u00e1rio da Sa\u00fade e da Paz, Igreja do Beato Padre Eust\u00e1quio, do dia 26 ao dia 28 de maio.\" \/>\n<meta name=\"robots\" content=\"index, follow, max-snippet:-1, max-image-preview:large, max-video-preview:-1\" \/>\n<link rel=\"canonical\" href=\"https:\/\/www.padreeustaquio.com.br\/es\/las-inscripciones-para-el-retiro-de-parejas-con-cristo-cierran-el-proximo-fin-de-semana\/\" \/>\n<meta property=\"og:locale\" content=\"es_ES\" \/>\n<meta property=\"og:type\" content=\"article\" \/>\n<meta property=\"og:title\" content=\"Inscri\u00e7\u00f5es para o Encontro de Casais com Cristo se encerram no pr\u00f3ximo fim de semana\" \/>\n<meta property=\"og:description\" content=\"Abertas desde o dia 25 de fevereiro, as inscri\u00e7\u00f5es para o 47\u00ba Encontro de Casais com Cristo se encerram no pr\u00f3ximo domingo, dia 12 de mar\u00e7o. O evento ser\u00e1 realizado no Santu\u00e1rio da Sa\u00fade e da Paz, Igreja do Beato Padre Eust\u00e1quio, do dia 26 ao dia 28 de maio.\" \/>\n<meta property=\"og:url\" content=\"https:\/\/www.padreeustaquio.com.br\/es\/las-inscripciones-para-el-retiro-de-parejas-con-cristo-cierran-el-proximo-fin-de-semana\/\" \/>\n<meta property=\"og:site_name\" content=\"Padre Eust\u00e1quio\" \/>\n<meta property=\"article:publisher\" content=\"https:\/\/www.facebook.com\/beatopadreeustaquio\/\" \/>\n<meta property=\"article:published_time\" content=\"2023-03-07T09:03:00+00:00\" \/>\n<meta property=\"article:modified_time\" content=\"2023-03-07T11:27:50+00:00\" \/>\n<meta property=\"og:image\" content=\"https:\/\/www.padreeustaquio.com.br\/wp-content\/uploads\/2023\/03\/ecc-47.jpeg\" \/>\n\t<meta property=\"og:image:width\" content=\"1600\" \/>\n\t<meta property=\"og:image:height\" content=\"900\" \/>\n\t<meta property=\"og:image:type\" content=\"image\/jpeg\" \/>\n<meta name=\"author\" content=\"@sscc\" \/>\n<meta name=\"twitter:card\" content=\"summary_large_image\" \/>\n<meta name=\"twitter:creator\" content=\"@beatopeustaquio\" \/>\n<meta name=\"twitter:site\" content=\"@beatopeustaquio\" \/>\n<meta name=\"twitter:label1\" content=\"Escrito por\" \/>\n\t<meta name=\"twitter:data1\" content=\"@sscc\" \/>\n\t<meta name=\"twitter:label2\" content=\"Tiempo de lectura\" \/>\n\t<meta name=\"twitter:data2\" content=\"1 minuto\" \/>\n<script type=\"application\/ld+json\" class=\"yoast-schema-graph\">{\"@context\":\"https:\/\/schema.org\",\"@graph\":[{\"@type\":\"Article\",\"@id\":\"https:\/\/www.padreeustaquio.com.br\/inscricoes-para-o-encontro-de-casal-com-cristo-se-encerram-no-proximo-fim-de-semana\/#article\",\"isPartOf\":{\"@id\":\"https:\/\/www.padreeustaquio.com.br\/inscricoes-para-o-encontro-de-casal-com-cristo-se-encerram-no-proximo-fim-de-semana\/\"},\"author\":{\"name\":\"@sscc\",\"@id\":\"https:\/\/www.padreeustaquio.com.br\/#\/schema\/person\/a2a51db1d00f1a7af0204a0f1ddb1566\"},\"headline\":\"Inscri\u00e7\u00f5es para o Encontro de Casais com Cristo se encerram no pr\u00f3ximo fim de semana\",\"datePublished\":\"2023-03-07T09:03:00+00:00\",\"dateModified\":\"2023-03-07T11:27:50+00:00\",\"mainEntityOfPage\":{\"@id\":\"https:\/\/www.padreeustaquio.com.br\/inscricoes-para-o-encontro-de-casal-com-cristo-se-encerram-no-proximo-fim-de-semana\/\"},\"wordCount\":132,\"commentCount\":0,\"publisher\":{\"@id\":\"https:\/\/www.padreeustaquio.com.br\/#organization\"},\"image\":{\"@id\":\"https:\/\/www.padreeustaquio.com.br\/inscricoes-para-o-encontro-de-casal-com-cristo-se-encerram-no-proximo-fim-de-semana\/#primaryimage\"},\"thumbnailUrl\":\"https:\/\/www.padreeustaquio.com.br\/wp-content\/uploads\/2023\/03\/ecc-47.jpeg\",\"articleSection\":[\"Not\u00edcias\"],\"inLanguage\":\"es\",\"potentialAction\":[{\"@type\":\"CommentAction\",\"name\":\"Comment\",\"target\":[\"https:\/\/www.padreeustaquio.com.br\/inscricoes-para-o-encontro-de-casal-com-cristo-se-encerram-no-proximo-fim-de-semana\/#respond\"]}]},{\"@type\":\"WebPage\",\"@id\":\"https:\/\/www.padreeustaquio.com.br\/inscricoes-para-o-encontro-de-casal-com-cristo-se-encerram-no-proximo-fim-de-semana\/\",\"url\":\"https:\/\/www.padreeustaquio.com.br\/inscricoes-para-o-encontro-de-casal-com-cristo-se-encerram-no-proximo-fim-de-semana\/\",\"name\":\"Inscri\u00e7\u00f5es para o Encontro de Casais com Cristo se encerram no pr\u00f3ximo fim de semana\",\"isPartOf\":{\"@id\":\"https:\/\/www.padreeustaquio.com.br\/#website\"},\"primaryImageOfPage\":{\"@id\":\"https:\/\/www.padreeustaquio.com.br\/inscricoes-para-o-encontro-de-casal-com-cristo-se-encerram-no-proximo-fim-de-semana\/#primaryimage\"},\"image\":{\"@id\":\"https:\/\/www.padreeustaquio.com.br\/inscricoes-para-o-encontro-de-casal-com-cristo-se-encerram-no-proximo-fim-de-semana\/#primaryimage\"},\"thumbnailUrl\":\"https:\/\/www.padreeustaquio.com.br\/wp-content\/uploads\/2023\/03\/ecc-47.jpeg\",\"datePublished\":\"2023-03-07T09:03:00+00:00\",\"dateModified\":\"2023-03-07T11:27:50+00:00\",\"description\":\"Abertas desde o dia 25 de fevereiro, as inscri\u00e7\u00f5es para o 47\u00ba Encontro de Casais com Cristo se encerram no pr\u00f3ximo domingo, dia 12 de mar\u00e7o. O evento ser\u00e1 realizado no Santu\u00e1rio da Sa\u00fade e da Paz, Igreja do Beato Padre Eust\u00e1quio, do dia 26 ao dia 28 de maio.\",\"breadcrumb\":{\"@id\":\"https:\/\/www.padreeustaquio.com.br\/inscricoes-para-o-encontro-de-casal-com-cristo-se-encerram-no-proximo-fim-de-semana\/#breadcrumb\"},\"inLanguage\":\"es\",\"potentialAction\":[{\"@type\":\"ReadAction\",\"target\":[\"https:\/\/www.padreeustaquio.com.br\/inscricoes-para-o-encontro-de-casal-com-cristo-se-encerram-no-proximo-fim-de-semana\/\"]}]},{\"@type\":\"ImageObject\",\"inLanguage\":\"es\",\"@id\":\"https:\/\/www.padreeustaquio.com.br\/inscricoes-para-o-encontro-de-casal-com-cristo-se-encerram-no-proximo-fim-de-semana\/#primaryimage\",\"url\":\"https:\/\/www.padreeustaquio.com.br\/wp-content\/uploads\/2023\/03\/ecc-47.jpeg\",\"contentUrl\":\"https:\/\/www.padreeustaquio.com.br\/wp-content\/uploads\/2023\/03\/ecc-47.jpeg\",\"width\":1600,\"height\":900},{\"@type\":\"BreadcrumbList\",\"@id\":\"https:\/\/www.padreeustaquio.com.br\/inscricoes-para-o-encontro-de-casal-com-cristo-se-encerram-no-proximo-fim-de-semana\/#breadcrumb\",\"itemListElement\":[{\"@type\":\"ListItem\",\"position\":1,\"name\":\"In\u00edcio\",\"item\":\"https:\/\/www.padreeustaquio.com.br\/\"},{\"@type\":\"ListItem\",\"position\":2,\"name\":\"Inscri\u00e7\u00f5es para o Encontro de Casais com Cristo se encerram no pr\u00f3ximo fim de semana\"}]},{\"@type\":\"WebSite\",\"@id\":\"https:\/\/www.padreeustaquio.com.br\/#website\",\"url\":\"https:\/\/www.padreeustaquio.com.br\/\",\"name\":\"Padre Eust\u00e1quio\",\"description\":\"Sa\u00fade e Paz\",\"publisher\":{\"@id\":\"https:\/\/www.padreeustaquio.com.br\/#organization\"},\"potentialAction\":[{\"@type\":\"SearchAction\",\"target\":{\"@type\":\"EntryPoint\",\"urlTemplate\":\"https:\/\/www.padreeustaquio.com.br\/?s={search_term_string}\"},\"query-input\":{\"@type\":\"PropertyValueSpecification\",\"valueRequired\":true,\"valueName\":\"search_term_string\"}}],\"inLanguage\":\"es\"},{\"@type\":\"Organization\",\"@id\":\"https:\/\/www.padreeustaquio.com.br\/#organization\",\"name\":\"Padre Eust\u00e1quio\",\"url\":\"https:\/\/www.padreeustaquio.com.br\/\",\"logo\":{\"@type\":\"ImageObject\",\"inLanguage\":\"es\",\"@id\":\"https:\/\/www.padreeustaquio.com.br\/#\/schema\/logo\/image\/\",\"url\":\"https:\/\/www.padreeustaquio.com.br\/wp-content\/uploads\/2019\/08\/marca.png\",\"contentUrl\":\"https:\/\/www.padreeustaquio.com.br\/wp-content\/uploads\/2019\/08\/marca.png\",\"width\":350,\"height\":400,\"caption\":\"Padre Eust\u00e1quio\"},\"image\":{\"@id\":\"https:\/\/www.padreeustaquio.com.br\/#\/schema\/logo\/image\/\"},\"sameAs\":[\"https:\/\/www.facebook.com\/beatopadreeustaquio\/\",\"https:\/\/x.com\/beatopeustaquio\",\"https:\/\/www.instagram.com\/beatopadreeustaquio\/\",\"https:\/\/www.youtube.com\/channel\/UCRhw7vfabnajwLxb1ZXMeIw\"]},{\"@type\":\"Person\",\"@id\":\"https:\/\/www.padreeustaquio.com.br\/#\/schema\/person\/a2a51db1d00f1a7af0204a0f1ddb1566\",\"name\":\"@sscc\",\"image\":{\"@type\":\"ImageObject\",\"inLanguage\":\"es\",\"@id\":\"https:\/\/secure.gravatar.com\/avatar\/68cfafa5f44617fea54071e215026e0ff06be366c3d54a8425f04fdcb86f8c5f?s=96&d=mm&r=g\",\"url\":\"https:\/\/secure.gravatar.com\/avatar\/68cfafa5f44617fea54071e215026e0ff06be366c3d54a8425f04fdcb86f8c5f?s=96&d=mm&r=g\",\"contentUrl\":\"https:\/\/secure.gravatar.com\/avatar\/68cfafa5f44617fea54071e215026e0ff06be366c3d54a8425f04fdcb86f8c5f?s=96&d=mm&r=g\",\"caption\":\"@sscc\"},\"url\":\"https:\/\/www.padreeustaquio.com.br\/es\/author\/sscc\/\"}]}<\/script>\n<!-- \/ Yoast SEO plugin. -->","yoast_head_json":{"title":"Las inscripciones para el Encuentro de Parejas con Cristo cierran el pr\u00f3ximo fin de semana.","description":"Las inscripciones para el 47.\u00ba Encuentro de Parejas con Cristo, que comenz\u00f3 el 25 de febrero, cierran el pr\u00f3ximo domingo 12 de marzo. El evento se celebrar\u00e1 en el Santuario de Salud y Paz, Iglesia del Beato Padre Eustaquio, del 26 al 28 de mayo.","robots":{"index":"index","follow":"follow","max-snippet":"max-snippet:-1","max-image-preview":"max-image-preview:large","max-video-preview":"max-video-preview:-1"},"canonical":"https:\/\/www.padreeustaquio.com.br\/es\/las-inscripciones-para-el-retiro-de-parejas-con-cristo-cierran-el-proximo-fin-de-semana\/","og_locale":"es_ES","og_type":"article","og_title":"Inscri\u00e7\u00f5es para o Encontro de Casais com Cristo se encerram no pr\u00f3ximo fim de semana","og_description":"Abertas desde o dia 25 de fevereiro, as inscri\u00e7\u00f5es para o 47\u00ba Encontro de Casais com Cristo se encerram no pr\u00f3ximo domingo, dia 12 de mar\u00e7o. O evento ser\u00e1 realizado no Santu\u00e1rio da Sa\u00fade e da Paz, Igreja do Beato Padre Eust\u00e1quio, do dia 26 ao dia 28 de maio.","og_url":"https:\/\/www.padreeustaquio.com.br\/es\/las-inscripciones-para-el-retiro-de-parejas-con-cristo-cierran-el-proximo-fin-de-semana\/","og_site_name":"Padre Eust\u00e1quio","article_publisher":"https:\/\/www.facebook.com\/beatopadreeustaquio\/","article_published_time":"2023-03-07T09:03:00+00:00","article_modified_time":"2023-03-07T11:27:50+00:00","og_image":[{"width":1600,"height":900,"url":"https:\/\/www.padreeustaquio.com.br\/wp-content\/uploads\/2023\/03\/ecc-47.jpeg","type":"image\/jpeg"}],"author":"@sscc","twitter_card":"summary_large_image","twitter_creator":"@beatopeustaquio","twitter_site":"@beatopeustaquio","twitter_misc":{"Escrito por":"@sscc","Tiempo de lectura":"1 minuto"},"schema":{"@context":"https:\/\/schema.org","@graph":[{"@type":"Article","@id":"https:\/\/www.padreeustaquio.com.br\/inscricoes-para-o-encontro-de-casal-com-cristo-se-encerram-no-proximo-fim-de-semana\/#article","isPartOf":{"@id":"https:\/\/www.padreeustaquio.com.br\/inscricoes-para-o-encontro-de-casal-com-cristo-se-encerram-no-proximo-fim-de-semana\/"},"author":{"name":"@sscc","@id":"https:\/\/www.padreeustaquio.com.br\/#\/schema\/person\/a2a51db1d00f1a7af0204a0f1ddb1566"},"headline":"Inscri\u00e7\u00f5es para o Encontro de Casais com Cristo se encerram no pr\u00f3ximo fim de semana","datePublished":"2023-03-07T09:03:00+00:00","dateModified":"2023-03-07T11:27:50+00:00","mainEntityOfPage":{"@id":"https:\/\/www.padreeustaquio.com.br\/inscricoes-para-o-encontro-de-casal-com-cristo-se-encerram-no-proximo-fim-de-semana\/"},"wordCount":132,"commentCount":0,"publisher":{"@id":"https:\/\/www.padreeustaquio.com.br\/#organization"},"image":{"@id":"https:\/\/www.padreeustaquio.com.br\/inscricoes-para-o-encontro-de-casal-com-cristo-se-encerram-no-proximo-fim-de-semana\/#primaryimage"},"thumbnailUrl":"https:\/\/www.padreeustaquio.com.br\/wp-content\/uploads\/2023\/03\/ecc-47.jpeg","articleSection":["Not\u00edcias"],"inLanguage":"es","potentialAction":[{"@type":"CommentAction","name":"Comment","target":["https:\/\/www.padreeustaquio.com.br\/inscricoes-para-o-encontro-de-casal-com-cristo-se-encerram-no-proximo-fim-de-semana\/#respond"]}]},{"@type":"WebPage","@id":"https:\/\/www.padreeustaquio.com.br\/inscricoes-para-o-encontro-de-casal-com-cristo-se-encerram-no-proximo-fim-de-semana\/","url":"https:\/\/www.padreeustaquio.com.br\/inscricoes-para-o-encontro-de-casal-com-cristo-se-encerram-no-proximo-fim-de-semana\/","name":"Las inscripciones para el Encuentro de Parejas con Cristo cierran el pr\u00f3ximo fin de semana.","isPartOf":{"@id":"https:\/\/www.padreeustaquio.com.br\/#website"},"primaryImageOfPage":{"@id":"https:\/\/www.padreeustaquio.com.br\/inscricoes-para-o-encontro-de-casal-com-cristo-se-encerram-no-proximo-fim-de-semana\/#primaryimage"},"image":{"@id":"https:\/\/www.padreeustaquio.com.br\/inscricoes-para-o-encontro-de-casal-com-cristo-se-encerram-no-proximo-fim-de-semana\/#primaryimage"},"thumbnailUrl":"https:\/\/www.padreeustaquio.com.br\/wp-content\/uploads\/2023\/03\/ecc-47.jpeg","datePublished":"2023-03-07T09:03:00+00:00","dateModified":"2023-03-07T11:27:50+00:00","description":"Las inscripciones para el 47.\u00ba Encuentro de Parejas con Cristo, que comenz\u00f3 el 25 de febrero, cierran el pr\u00f3ximo domingo 12 de marzo. El evento se celebrar\u00e1 en el Santuario de Salud y Paz, Iglesia del Beato Padre Eustaquio, del 26 al 28 de mayo.","breadcrumb":{"@id":"https:\/\/www.padreeustaquio.com.br\/inscricoes-para-o-encontro-de-casal-com-cristo-se-encerram-no-proximo-fim-de-semana\/#breadcrumb"},"inLanguage":"es","potentialAction":[{"@type":"ReadAction","target":["https:\/\/www.padreeustaquio.com.br\/inscricoes-para-o-encontro-de-casal-com-cristo-se-encerram-no-proximo-fim-de-semana\/"]}]},{"@type":"ImageObject","inLanguage":"es","@id":"https:\/\/www.padreeustaquio.com.br\/inscricoes-para-o-encontro-de-casal-com-cristo-se-encerram-no-proximo-fim-de-semana\/#primaryimage","url":"https:\/\/www.padreeustaquio.com.br\/wp-content\/uploads\/2023\/03\/ecc-47.jpeg","contentUrl":"https:\/\/www.padreeustaquio.com.br\/wp-content\/uploads\/2023\/03\/ecc-47.jpeg","width":1600,"height":900},{"@type":"BreadcrumbList","@id":"https:\/\/www.padreeustaquio.com.br\/inscricoes-para-o-encontro-de-casal-com-cristo-se-encerram-no-proximo-fim-de-semana\/#breadcrumb","itemListElement":[{"@type":"ListItem","position":1,"name":"In\u00edcio","item":"https:\/\/www.padreeustaquio.com.br\/"},{"@type":"ListItem","position":2,"name":"Inscri\u00e7\u00f5es para o Encontro de Casais com Cristo se encerram no pr\u00f3ximo fim de semana"}]},{"@type":"WebSite","@id":"https:\/\/www.padreeustaquio.com.br\/#website","url":"https:\/\/www.padreeustaquio.com.br\/","name":"Padre Eustace","description":"Salud y Paz","publisher":{"@id":"https:\/\/www.padreeustaquio.com.br\/#organization"},"potentialAction":[{"@type":"SearchAction","target":{"@type":"EntryPoint","urlTemplate":"https:\/\/www.padreeustaquio.com.br\/?s={search_term_string}"},"query-input":{"@type":"PropertyValueSpecification","valueRequired":true,"valueName":"search_term_string"}}],"inLanguage":"es"},{"@type":"Organization","@id":"https:\/\/www.padreeustaquio.com.br\/#organization","name":"Padre Eustace","url":"https:\/\/www.padreeustaquio.com.br\/","logo":{"@type":"ImageObject","inLanguage":"es","@id":"https:\/\/www.padreeustaquio.com.br\/#\/schema\/logo\/image\/","url":"https:\/\/www.padreeustaquio.com.br\/wp-content\/uploads\/2019\/08\/marca.png","contentUrl":"https:\/\/www.padreeustaquio.com.br\/wp-content\/uploads\/2019\/08\/marca.png","width":350,"height":400,"caption":"Padre Eust\u00e1quio"},"image":{"@id":"https:\/\/www.padreeustaquio.com.br\/#\/schema\/logo\/image\/"},"sameAs":["https:\/\/www.facebook.com\/beatopadreeustaquio\/","https:\/\/x.com\/beatopeustaquio","https:\/\/www.instagram.com\/beatopadreeustaquio\/","https:\/\/www.youtube.com\/channel\/UCRhw7vfabnajwLxb1ZXMeIw"]},{"@type":"Person","@id":"https:\/\/www.padreeustaquio.com.br\/#\/schema\/person\/a2a51db1d00f1a7af0204a0f1ddb1566","name":"@sscc","image":{"@type":"ImageObject","inLanguage":"es","@id":"https:\/\/secure.gravatar.com\/avatar\/68cfafa5f44617fea54071e215026e0ff06be366c3d54a8425f04fdcb86f8c5f?s=96&d=mm&r=g","url":"https:\/\/secure.gravatar.com\/avatar\/68cfafa5f44617fea54071e215026e0ff06be366c3d54a8425f04fdcb86f8c5f?s=96&d=mm&r=g","contentUrl":"https:\/\/secure.gravatar.com\/avatar\/68cfafa5f44617fea54071e215026e0ff06be366c3d54a8425f04fdcb86f8c5f?s=96&d=mm&r=g","caption":"@sscc"},"url":"https:\/\/www.padreeustaquio.com.br\/es\/author\/sscc\/"}]}},"_links":{"self":[{"href":"https:\/\/www.padreeustaquio.com.br\/es\/wp-json\/wp\/v2\/posts\/9990","targetHints":{"allow":["GET"]}}],"collection":[{"href":"https:\/\/www.padreeustaquio.com.br\/es\/wp-json\/wp\/v2\/posts"}],"about":[{"href":"https:\/\/www.padreeustaquio.com.br\/es\/wp-json\/wp\/v2\/types\/post"}],"author":[{"embeddable":true,"href":"https:\/\/www.padreeustaquio.com.br\/es\/wp-json\/wp\/v2\/users\/2"}],"replies":[{"embeddable":true,"href":"https:\/\/www.padreeustaquio.com.br\/es\/wp-json\/wp\/v2\/comments?post=9990"}],"version-history":[{"count":0,"href":"https:\/\/www.padreeustaquio.com.br\/es\/wp-json\/wp\/v2\/posts\/9990\/revisions"}],"wp:featuredmedia":[{"embeddable":true,"href":"https:\/\/www.padreeustaquio.com.br\/es\/wp-json\/wp\/v2\/media\/9991"}],"wp:attachment":[{"href":"https:\/\/www.padreeustaquio.com.br\/es\/wp-json\/wp\/v2\/media?parent=9990"}],"wp:term":[{"taxonomy":"category","embeddable":true,"href":"https:\/\/www.padreeustaquio.com.br\/es\/wp-json\/wp\/v2\/categories?post=9990"},{"taxonomy":"post_tag","embeddable":true,"href":"https:\/\/www.padreeustaquio.com.br\/es\/wp-json\/wp\/v2\/tags?post=9990"}],"curies":[{"name":"wp","href":"https:\/\/api.w.org\/{rel}","templated":true}]}}