{"id":9985,"date":"2023-03-06T05:51:00","date_gmt":"2023-03-06T08:51:00","guid":{"rendered":"https:\/\/www.padreeustaquio.com.br\/?p=9985"},"modified":"2023-03-06T15:38:39","modified_gmt":"2023-03-06T18:38:39","slug":"los-feligreses-y-visitantes-participan-en-un-retiro-de-cuaresma-en-persona","status":"publish","type":"post","link":"https:\/\/www.padreeustaquio.com.br\/es\/los-feligreses-y-visitantes-participan-en-un-retiro-de-cuaresma-en-persona\/","title":{"rendered":"Los feligreses y visitantes participan en el retiro de Cuaresma en persona."},"content":{"rendered":"<div class=\"wp-block-image\">\n<figure class=\"alignleft size-medium\"><img fetchpriority=\"high\" decoding=\"async\" width=\"225\" height=\"300\" src=\"https:\/\/www.padreeustaquio.com.br\/wp-content\/uploads\/2023\/03\/pe-edvaldo-225x300.jpeg\" alt=\"\" class=\"wp-image-9986\" srcset=\"https:\/\/www.padreeustaquio.com.br\/wp-content\/uploads\/2023\/03\/pe-edvaldo-225x300.jpeg 225w, https:\/\/www.padreeustaquio.com.br\/wp-content\/uploads\/2023\/03\/pe-edvaldo-768x1024.jpeg 768w, https:\/\/www.padreeustaquio.com.br\/wp-content\/uploads\/2023\/03\/pe-edvaldo-1152x1536.jpeg 1152w, https:\/\/www.padreeustaquio.com.br\/wp-content\/uploads\/2023\/03\/pe-edvaldo.jpeg 1200w\" sizes=\"(max-width: 225px) 100vw, 225px\" \/><\/figure>\n<\/div>\n\n\n<p>Dirigido por el Padre Silvano Dias de \u00c1vila, SSCC, el retiro de Cuaresma de este a\u00f1o en el Santuario de la Salud y la Paz se celebr\u00f3 en la nave lateral derecha de la iglesia, conocida como el lado del Inmaculado Coraz\u00f3n de Mar\u00eda. El encuentro reflexivo reuni\u00f3 a casi un centenar de personas que dedicaron la ma\u00f1ana a meditar sobre la Cuaresma.<\/p>\n\n\n<div class=\"wp-block-image\">\n<figure class=\"alignright size-medium\"><img decoding=\"async\" width=\"225\" height=\"300\" src=\"https:\/\/www.padreeustaquio.com.br\/wp-content\/uploads\/2023\/03\/postulante-douglas-225x300.jpeg\" alt=\"\" class=\"wp-image-9987\" srcset=\"https:\/\/www.padreeustaquio.com.br\/wp-content\/uploads\/2023\/03\/postulante-douglas-225x300.jpeg 225w, https:\/\/www.padreeustaquio.com.br\/wp-content\/uploads\/2023\/03\/postulante-douglas-768x1024.jpeg 768w, https:\/\/www.padreeustaquio.com.br\/wp-content\/uploads\/2023\/03\/postulante-douglas-1152x1536.jpeg 1152w, https:\/\/www.padreeustaquio.com.br\/wp-content\/uploads\/2023\/03\/postulante-douglas.jpeg 1200w\" sizes=\"(max-width: 225px) 100vw, 225px\" \/><\/figure>\n<\/div>\n\n\n<p>El retiro se dividi\u00f3 en varias partes y cont\u00f3 con la colaboraci\u00f3n de otros hermanos de la Congregaci\u00f3n de los Sagrados Corazones, como el Padre Edvaldo Carneiro y los postulantes Douglas Santos, Ant\u00f4nio Carlos Silva y Jefferson Freitas. Durante la ma\u00f1ana de oraci\u00f3n, los participantes pudieron percibir la Cuaresma en su conjunto y comprender mejor este tiempo propicio para la Iglesia.<\/p>\n\n\n\n<p>Los asistentes trajeron un refrigerio para compartir con todos en el Memorial Padre Eust\u00e1quio. La reuni\u00f3n ofreci\u00f3 una nueva perspectiva sobre la Cuaresma a muchos feligreses y visitantes.<\/p>\n\n\n\n<p><\/p>","protected":false},"excerpt":{"rendered":"<p>Conduzido pelo padre Silvano Dias de \u00c1vila, SSCC, o retiro quaresmal do Santu\u00e1rio da Sa\u00fade e da Paz, este ano, foi realizado na nave lateral direita da igreja, conhecida como lado do Imaculado Cora\u00e7\u00e3o de Maria. O momento reflexivo reuniu quase uma centena de pessoas que passaram a manh\u00e3 meditando sobre a Quaresma. O retiro foi dividido em v\u00e1rias partes e contou com a colabora\u00e7\u00e3o de outros irm\u00e3os da Congrega\u00e7\u00e3o dos Sagrados Cora\u00e7\u00f5es como o padre Edvaldo Carneiro e os postulantes Douglas Santos, Ant\u00f4nio Carlos Silva e Jefferson Freitas. Durante a manh\u00e3 de ora\u00e7\u00e3o, os participantes puderam perceber a Quaresma [&hellip;]<\/p>\n","protected":false},"author":2,"featured_media":9988,"comment_status":"open","ping_status":"closed","sticky":false,"template":"","format":"standard","meta":{"_acf_changed":false,"footnotes":""},"categories":[611],"tags":[],"class_list":["post-9985","post","type-post","status-publish","format-standard","has-post-thumbnail","hentry","category-noticias"],"acf":[],"yoast_head":"<!-- This site is optimized with the Yoast SEO plugin v27.2 - https:\/\/yoast.com\/product\/yoast-seo-wordpress\/ -->\n<title>Paroquianos e visitantes participam de Retiro Quaresmal presencial<\/title>\n<meta name=\"description\" content=\"Conduzido pelo padre Silvano Dias de \u00c1vila, SSCC, o retiro quaresmal do Santu\u00e1rio da Sa\u00fade e da Paz, este ano, foi realizado na nave lateral direita da igreja, conhecida como lado do Imaculado Cora\u00e7\u00e3o de Maria. O momento reflexivo reuniu quase uma centena de pessoas que passaram a manh\u00e3 meditando sobre a Quaresma.\" \/>\n<meta name=\"robots\" content=\"index, follow, max-snippet:-1, max-image-preview:large, max-video-preview:-1\" \/>\n<link rel=\"canonical\" href=\"https:\/\/www.padreeustaquio.com.br\/es\/los-feligreses-y-visitantes-participan-en-un-retiro-de-cuaresma-en-persona\/\" \/>\n<meta property=\"og:locale\" content=\"es_ES\" \/>\n<meta property=\"og:type\" content=\"article\" \/>\n<meta property=\"og:title\" content=\"Paroquianos e visitantes participam de Retiro Quaresmal presencial\" \/>\n<meta property=\"og:description\" content=\"Conduzido pelo padre Silvano Dias de \u00c1vila, SSCC, o retiro quaresmal do Santu\u00e1rio da Sa\u00fade e da Paz, este ano, foi realizado na nave lateral direita da igreja, conhecida como lado do Imaculado Cora\u00e7\u00e3o de Maria. O momento reflexivo reuniu quase uma centena de pessoas que passaram a manh\u00e3 meditando sobre a Quaresma.\" \/>\n<meta property=\"og:url\" content=\"https:\/\/www.padreeustaquio.com.br\/es\/los-feligreses-y-visitantes-participan-en-un-retiro-de-cuaresma-en-persona\/\" \/>\n<meta property=\"og:site_name\" content=\"Padre Eust\u00e1quio\" \/>\n<meta property=\"article:publisher\" content=\"https:\/\/www.facebook.com\/beatopadreeustaquio\/\" \/>\n<meta property=\"article:published_time\" content=\"2023-03-06T08:51:00+00:00\" \/>\n<meta property=\"article:modified_time\" content=\"2023-03-06T18:38:39+00:00\" \/>\n<meta property=\"og:image\" content=\"https:\/\/www.padreeustaquio.com.br\/wp-content\/uploads\/2023\/03\/retiro-quaresmal-presencial.jpeg\" \/>\n\t<meta property=\"og:image:width\" content=\"1600\" \/>\n\t<meta property=\"og:image:height\" content=\"1200\" \/>\n\t<meta property=\"og:image:type\" content=\"image\/jpeg\" \/>\n<meta name=\"author\" content=\"@sscc\" \/>\n<meta name=\"twitter:card\" content=\"summary_large_image\" \/>\n<meta name=\"twitter:creator\" content=\"@beatopeustaquio\" \/>\n<meta name=\"twitter:site\" content=\"@beatopeustaquio\" \/>\n<meta name=\"twitter:label1\" content=\"Escrito por\" \/>\n\t<meta name=\"twitter:data1\" content=\"@sscc\" \/>\n\t<meta name=\"twitter:label2\" content=\"Tiempo de lectura\" \/>\n\t<meta name=\"twitter:data2\" content=\"2 minutos\" \/>\n<script type=\"application\/ld+json\" class=\"yoast-schema-graph\">{\"@context\":\"https:\/\/schema.org\",\"@graph\":[{\"@type\":\"Article\",\"@id\":\"https:\/\/www.padreeustaquio.com.br\/paroquianos-e-visitantes-participam-de-retiro-quaresmal-presencial\/#article\",\"isPartOf\":{\"@id\":\"https:\/\/www.padreeustaquio.com.br\/paroquianos-e-visitantes-participam-de-retiro-quaresmal-presencial\/\"},\"author\":{\"name\":\"@sscc\",\"@id\":\"https:\/\/www.padreeustaquio.com.br\/#\/schema\/person\/a2a51db1d00f1a7af0204a0f1ddb1566\"},\"headline\":\"Paroquianos e visitantes participam de Retiro Quaresmal presencial\",\"datePublished\":\"2023-03-06T08:51:00+00:00\",\"dateModified\":\"2023-03-06T18:38:39+00:00\",\"mainEntityOfPage\":{\"@id\":\"https:\/\/www.padreeustaquio.com.br\/paroquianos-e-visitantes-participam-de-retiro-quaresmal-presencial\/\"},\"wordCount\":164,\"commentCount\":0,\"publisher\":{\"@id\":\"https:\/\/www.padreeustaquio.com.br\/#organization\"},\"image\":{\"@id\":\"https:\/\/www.padreeustaquio.com.br\/paroquianos-e-visitantes-participam-de-retiro-quaresmal-presencial\/#primaryimage\"},\"thumbnailUrl\":\"https:\/\/www.padreeustaquio.com.br\/wp-content\/uploads\/2023\/03\/retiro-quaresmal-presencial.jpeg\",\"articleSection\":[\"Not\u00edcias\"],\"inLanguage\":\"es\",\"potentialAction\":[{\"@type\":\"CommentAction\",\"name\":\"Comment\",\"target\":[\"https:\/\/www.padreeustaquio.com.br\/paroquianos-e-visitantes-participam-de-retiro-quaresmal-presencial\/#respond\"]}]},{\"@type\":\"WebPage\",\"@id\":\"https:\/\/www.padreeustaquio.com.br\/paroquianos-e-visitantes-participam-de-retiro-quaresmal-presencial\/\",\"url\":\"https:\/\/www.padreeustaquio.com.br\/paroquianos-e-visitantes-participam-de-retiro-quaresmal-presencial\/\",\"name\":\"Paroquianos e visitantes participam de Retiro Quaresmal presencial\",\"isPartOf\":{\"@id\":\"https:\/\/www.padreeustaquio.com.br\/#website\"},\"primaryImageOfPage\":{\"@id\":\"https:\/\/www.padreeustaquio.com.br\/paroquianos-e-visitantes-participam-de-retiro-quaresmal-presencial\/#primaryimage\"},\"image\":{\"@id\":\"https:\/\/www.padreeustaquio.com.br\/paroquianos-e-visitantes-participam-de-retiro-quaresmal-presencial\/#primaryimage\"},\"thumbnailUrl\":\"https:\/\/www.padreeustaquio.com.br\/wp-content\/uploads\/2023\/03\/retiro-quaresmal-presencial.jpeg\",\"datePublished\":\"2023-03-06T08:51:00+00:00\",\"dateModified\":\"2023-03-06T18:38:39+00:00\",\"description\":\"Conduzido pelo padre Silvano Dias de \u00c1vila, SSCC, o retiro quaresmal do Santu\u00e1rio da Sa\u00fade e da Paz, este ano, foi realizado na nave lateral direita da igreja, conhecida como lado do Imaculado Cora\u00e7\u00e3o de Maria. O momento reflexivo reuniu quase uma centena de pessoas que passaram a manh\u00e3 meditando sobre a Quaresma.\",\"breadcrumb\":{\"@id\":\"https:\/\/www.padreeustaquio.com.br\/paroquianos-e-visitantes-participam-de-retiro-quaresmal-presencial\/#breadcrumb\"},\"inLanguage\":\"es\",\"potentialAction\":[{\"@type\":\"ReadAction\",\"target\":[\"https:\/\/www.padreeustaquio.com.br\/paroquianos-e-visitantes-participam-de-retiro-quaresmal-presencial\/\"]}]},{\"@type\":\"ImageObject\",\"inLanguage\":\"es\",\"@id\":\"https:\/\/www.padreeustaquio.com.br\/paroquianos-e-visitantes-participam-de-retiro-quaresmal-presencial\/#primaryimage\",\"url\":\"https:\/\/www.padreeustaquio.com.br\/wp-content\/uploads\/2023\/03\/retiro-quaresmal-presencial.jpeg\",\"contentUrl\":\"https:\/\/www.padreeustaquio.com.br\/wp-content\/uploads\/2023\/03\/retiro-quaresmal-presencial.jpeg\",\"width\":1600,\"height\":1200},{\"@type\":\"BreadcrumbList\",\"@id\":\"https:\/\/www.padreeustaquio.com.br\/paroquianos-e-visitantes-participam-de-retiro-quaresmal-presencial\/#breadcrumb\",\"itemListElement\":[{\"@type\":\"ListItem\",\"position\":1,\"name\":\"In\u00edcio\",\"item\":\"https:\/\/www.padreeustaquio.com.br\/\"},{\"@type\":\"ListItem\",\"position\":2,\"name\":\"Paroquianos e visitantes participam de Retiro Quaresmal presencial\"}]},{\"@type\":\"WebSite\",\"@id\":\"https:\/\/www.padreeustaquio.com.br\/#website\",\"url\":\"https:\/\/www.padreeustaquio.com.br\/\",\"name\":\"Padre Eust\u00e1quio\",\"description\":\"Sa\u00fade e Paz\",\"publisher\":{\"@id\":\"https:\/\/www.padreeustaquio.com.br\/#organization\"},\"potentialAction\":[{\"@type\":\"SearchAction\",\"target\":{\"@type\":\"EntryPoint\",\"urlTemplate\":\"https:\/\/www.padreeustaquio.com.br\/?s={search_term_string}\"},\"query-input\":{\"@type\":\"PropertyValueSpecification\",\"valueRequired\":true,\"valueName\":\"search_term_string\"}}],\"inLanguage\":\"es\"},{\"@type\":\"Organization\",\"@id\":\"https:\/\/www.padreeustaquio.com.br\/#organization\",\"name\":\"Padre Eust\u00e1quio\",\"url\":\"https:\/\/www.padreeustaquio.com.br\/\",\"logo\":{\"@type\":\"ImageObject\",\"inLanguage\":\"es\",\"@id\":\"https:\/\/www.padreeustaquio.com.br\/#\/schema\/logo\/image\/\",\"url\":\"https:\/\/www.padreeustaquio.com.br\/wp-content\/uploads\/2019\/08\/marca.png\",\"contentUrl\":\"https:\/\/www.padreeustaquio.com.br\/wp-content\/uploads\/2019\/08\/marca.png\",\"width\":350,\"height\":400,\"caption\":\"Padre Eust\u00e1quio\"},\"image\":{\"@id\":\"https:\/\/www.padreeustaquio.com.br\/#\/schema\/logo\/image\/\"},\"sameAs\":[\"https:\/\/www.facebook.com\/beatopadreeustaquio\/\",\"https:\/\/x.com\/beatopeustaquio\",\"https:\/\/www.instagram.com\/beatopadreeustaquio\/\",\"https:\/\/www.youtube.com\/channel\/UCRhw7vfabnajwLxb1ZXMeIw\"]},{\"@type\":\"Person\",\"@id\":\"https:\/\/www.padreeustaquio.com.br\/#\/schema\/person\/a2a51db1d00f1a7af0204a0f1ddb1566\",\"name\":\"@sscc\",\"image\":{\"@type\":\"ImageObject\",\"inLanguage\":\"es\",\"@id\":\"https:\/\/secure.gravatar.com\/avatar\/68cfafa5f44617fea54071e215026e0ff06be366c3d54a8425f04fdcb86f8c5f?s=96&d=mm&r=g\",\"url\":\"https:\/\/secure.gravatar.com\/avatar\/68cfafa5f44617fea54071e215026e0ff06be366c3d54a8425f04fdcb86f8c5f?s=96&d=mm&r=g\",\"contentUrl\":\"https:\/\/secure.gravatar.com\/avatar\/68cfafa5f44617fea54071e215026e0ff06be366c3d54a8425f04fdcb86f8c5f?s=96&d=mm&r=g\",\"caption\":\"@sscc\"},\"url\":\"https:\/\/www.padreeustaquio.com.br\/es\/author\/sscc\/\"}]}<\/script>\n<!-- \/ Yoast SEO plugin. -->","yoast_head_json":{"title":"Los feligreses y visitantes participan en el retiro de Cuaresma en persona.","description":"Dirigido por el Padre Silvano Dias de \u00c1vila, SSCC, el retiro de Cuaresma de este a\u00f1o en el Santuario de la Salud y la Paz se celebr\u00f3 en la nave lateral derecha de la iglesia, conocida como el lado del Inmaculado Coraz\u00f3n de Mar\u00eda. El encuentro reflexivo reuni\u00f3 a casi un centenar de personas que dedicaron la ma\u00f1ana a meditar sobre la Cuaresma.","robots":{"index":"index","follow":"follow","max-snippet":"max-snippet:-1","max-image-preview":"max-image-preview:large","max-video-preview":"max-video-preview:-1"},"canonical":"https:\/\/www.padreeustaquio.com.br\/es\/los-feligreses-y-visitantes-participan-en-un-retiro-de-cuaresma-en-persona\/","og_locale":"es_ES","og_type":"article","og_title":"Paroquianos e visitantes participam de Retiro Quaresmal presencial","og_description":"Conduzido pelo padre Silvano Dias de \u00c1vila, SSCC, o retiro quaresmal do Santu\u00e1rio da Sa\u00fade e da Paz, este ano, foi realizado na nave lateral direita da igreja, conhecida como lado do Imaculado Cora\u00e7\u00e3o de Maria. O momento reflexivo reuniu quase uma centena de pessoas que passaram a manh\u00e3 meditando sobre a Quaresma.","og_url":"https:\/\/www.padreeustaquio.com.br\/es\/los-feligreses-y-visitantes-participan-en-un-retiro-de-cuaresma-en-persona\/","og_site_name":"Padre Eust\u00e1quio","article_publisher":"https:\/\/www.facebook.com\/beatopadreeustaquio\/","article_published_time":"2023-03-06T08:51:00+00:00","article_modified_time":"2023-03-06T18:38:39+00:00","og_image":[{"width":1600,"height":1200,"url":"https:\/\/www.padreeustaquio.com.br\/wp-content\/uploads\/2023\/03\/retiro-quaresmal-presencial.jpeg","type":"image\/jpeg"}],"author":"@sscc","twitter_card":"summary_large_image","twitter_creator":"@beatopeustaquio","twitter_site":"@beatopeustaquio","twitter_misc":{"Escrito por":"@sscc","Tiempo de lectura":"2 minutos"},"schema":{"@context":"https:\/\/schema.org","@graph":[{"@type":"Article","@id":"https:\/\/www.padreeustaquio.com.br\/paroquianos-e-visitantes-participam-de-retiro-quaresmal-presencial\/#article","isPartOf":{"@id":"https:\/\/www.padreeustaquio.com.br\/paroquianos-e-visitantes-participam-de-retiro-quaresmal-presencial\/"},"author":{"name":"@sscc","@id":"https:\/\/www.padreeustaquio.com.br\/#\/schema\/person\/a2a51db1d00f1a7af0204a0f1ddb1566"},"headline":"Paroquianos e visitantes participam de Retiro Quaresmal presencial","datePublished":"2023-03-06T08:51:00+00:00","dateModified":"2023-03-06T18:38:39+00:00","mainEntityOfPage":{"@id":"https:\/\/www.padreeustaquio.com.br\/paroquianos-e-visitantes-participam-de-retiro-quaresmal-presencial\/"},"wordCount":164,"commentCount":0,"publisher":{"@id":"https:\/\/www.padreeustaquio.com.br\/#organization"},"image":{"@id":"https:\/\/www.padreeustaquio.com.br\/paroquianos-e-visitantes-participam-de-retiro-quaresmal-presencial\/#primaryimage"},"thumbnailUrl":"https:\/\/www.padreeustaquio.com.br\/wp-content\/uploads\/2023\/03\/retiro-quaresmal-presencial.jpeg","articleSection":["Not\u00edcias"],"inLanguage":"es","potentialAction":[{"@type":"CommentAction","name":"Comment","target":["https:\/\/www.padreeustaquio.com.br\/paroquianos-e-visitantes-participam-de-retiro-quaresmal-presencial\/#respond"]}]},{"@type":"WebPage","@id":"https:\/\/www.padreeustaquio.com.br\/paroquianos-e-visitantes-participam-de-retiro-quaresmal-presencial\/","url":"https:\/\/www.padreeustaquio.com.br\/paroquianos-e-visitantes-participam-de-retiro-quaresmal-presencial\/","name":"Los feligreses y visitantes participan en el retiro de Cuaresma en persona.","isPartOf":{"@id":"https:\/\/www.padreeustaquio.com.br\/#website"},"primaryImageOfPage":{"@id":"https:\/\/www.padreeustaquio.com.br\/paroquianos-e-visitantes-participam-de-retiro-quaresmal-presencial\/#primaryimage"},"image":{"@id":"https:\/\/www.padreeustaquio.com.br\/paroquianos-e-visitantes-participam-de-retiro-quaresmal-presencial\/#primaryimage"},"thumbnailUrl":"https:\/\/www.padreeustaquio.com.br\/wp-content\/uploads\/2023\/03\/retiro-quaresmal-presencial.jpeg","datePublished":"2023-03-06T08:51:00+00:00","dateModified":"2023-03-06T18:38:39+00:00","description":"Dirigido por el Padre Silvano Dias de \u00c1vila, SSCC, el retiro de Cuaresma de este a\u00f1o en el Santuario de la Salud y la Paz se celebr\u00f3 en la nave lateral derecha de la iglesia, conocida como el lado del Inmaculado Coraz\u00f3n de Mar\u00eda. El encuentro reflexivo reuni\u00f3 a casi un centenar de personas que dedicaron la ma\u00f1ana a meditar sobre la Cuaresma.","breadcrumb":{"@id":"https:\/\/www.padreeustaquio.com.br\/paroquianos-e-visitantes-participam-de-retiro-quaresmal-presencial\/#breadcrumb"},"inLanguage":"es","potentialAction":[{"@type":"ReadAction","target":["https:\/\/www.padreeustaquio.com.br\/paroquianos-e-visitantes-participam-de-retiro-quaresmal-presencial\/"]}]},{"@type":"ImageObject","inLanguage":"es","@id":"https:\/\/www.padreeustaquio.com.br\/paroquianos-e-visitantes-participam-de-retiro-quaresmal-presencial\/#primaryimage","url":"https:\/\/www.padreeustaquio.com.br\/wp-content\/uploads\/2023\/03\/retiro-quaresmal-presencial.jpeg","contentUrl":"https:\/\/www.padreeustaquio.com.br\/wp-content\/uploads\/2023\/03\/retiro-quaresmal-presencial.jpeg","width":1600,"height":1200},{"@type":"BreadcrumbList","@id":"https:\/\/www.padreeustaquio.com.br\/paroquianos-e-visitantes-participam-de-retiro-quaresmal-presencial\/#breadcrumb","itemListElement":[{"@type":"ListItem","position":1,"name":"In\u00edcio","item":"https:\/\/www.padreeustaquio.com.br\/"},{"@type":"ListItem","position":2,"name":"Paroquianos e visitantes participam de Retiro Quaresmal presencial"}]},{"@type":"WebSite","@id":"https:\/\/www.padreeustaquio.com.br\/#website","url":"https:\/\/www.padreeustaquio.com.br\/","name":"Padre Eustace","description":"Salud y Paz","publisher":{"@id":"https:\/\/www.padreeustaquio.com.br\/#organization"},"potentialAction":[{"@type":"SearchAction","target":{"@type":"EntryPoint","urlTemplate":"https:\/\/www.padreeustaquio.com.br\/?s={search_term_string}"},"query-input":{"@type":"PropertyValueSpecification","valueRequired":true,"valueName":"search_term_string"}}],"inLanguage":"es"},{"@type":"Organization","@id":"https:\/\/www.padreeustaquio.com.br\/#organization","name":"Padre Eustace","url":"https:\/\/www.padreeustaquio.com.br\/","logo":{"@type":"ImageObject","inLanguage":"es","@id":"https:\/\/www.padreeustaquio.com.br\/#\/schema\/logo\/image\/","url":"https:\/\/www.padreeustaquio.com.br\/wp-content\/uploads\/2019\/08\/marca.png","contentUrl":"https:\/\/www.padreeustaquio.com.br\/wp-content\/uploads\/2019\/08\/marca.png","width":350,"height":400,"caption":"Padre Eust\u00e1quio"},"image":{"@id":"https:\/\/www.padreeustaquio.com.br\/#\/schema\/logo\/image\/"},"sameAs":["https:\/\/www.facebook.com\/beatopadreeustaquio\/","https:\/\/x.com\/beatopeustaquio","https:\/\/www.instagram.com\/beatopadreeustaquio\/","https:\/\/www.youtube.com\/channel\/UCRhw7vfabnajwLxb1ZXMeIw"]},{"@type":"Person","@id":"https:\/\/www.padreeustaquio.com.br\/#\/schema\/person\/a2a51db1d00f1a7af0204a0f1ddb1566","name":"@sscc","image":{"@type":"ImageObject","inLanguage":"es","@id":"https:\/\/secure.gravatar.com\/avatar\/68cfafa5f44617fea54071e215026e0ff06be366c3d54a8425f04fdcb86f8c5f?s=96&d=mm&r=g","url":"https:\/\/secure.gravatar.com\/avatar\/68cfafa5f44617fea54071e215026e0ff06be366c3d54a8425f04fdcb86f8c5f?s=96&d=mm&r=g","contentUrl":"https:\/\/secure.gravatar.com\/avatar\/68cfafa5f44617fea54071e215026e0ff06be366c3d54a8425f04fdcb86f8c5f?s=96&d=mm&r=g","caption":"@sscc"},"url":"https:\/\/www.padreeustaquio.com.br\/es\/author\/sscc\/"}]}},"_links":{"self":[{"href":"https:\/\/www.padreeustaquio.com.br\/es\/wp-json\/wp\/v2\/posts\/9985","targetHints":{"allow":["GET"]}}],"collection":[{"href":"https:\/\/www.padreeustaquio.com.br\/es\/wp-json\/wp\/v2\/posts"}],"about":[{"href":"https:\/\/www.padreeustaquio.com.br\/es\/wp-json\/wp\/v2\/types\/post"}],"author":[{"embeddable":true,"href":"https:\/\/www.padreeustaquio.com.br\/es\/wp-json\/wp\/v2\/users\/2"}],"replies":[{"embeddable":true,"href":"https:\/\/www.padreeustaquio.com.br\/es\/wp-json\/wp\/v2\/comments?post=9985"}],"version-history":[{"count":0,"href":"https:\/\/www.padreeustaquio.com.br\/es\/wp-json\/wp\/v2\/posts\/9985\/revisions"}],"wp:featuredmedia":[{"embeddable":true,"href":"https:\/\/www.padreeustaquio.com.br\/es\/wp-json\/wp\/v2\/media\/9988"}],"wp:attachment":[{"href":"https:\/\/www.padreeustaquio.com.br\/es\/wp-json\/wp\/v2\/media?parent=9985"}],"wp:term":[{"taxonomy":"category","embeddable":true,"href":"https:\/\/www.padreeustaquio.com.br\/es\/wp-json\/wp\/v2\/categories?post=9985"},{"taxonomy":"post_tag","embeddable":true,"href":"https:\/\/www.padreeustaquio.com.br\/es\/wp-json\/wp\/v2\/tags?post=9985"}],"curies":[{"name":"wp","href":"https:\/\/api.w.org\/{rel}","templated":true}]}}