{"id":9969,"date":"2023-03-02T06:08:00","date_gmt":"2023-03-02T09:08:00","guid":{"rendered":"https:\/\/www.padreeustaquio.com.br\/?p=9969"},"modified":"2023-03-01T08:15:37","modified_gmt":"2023-03-01T11:15:37","slug":"las-misas-de-este-fin-de-semana-incluiran-la-bendicion-de-utiles-escolares","status":"publish","type":"post","link":"https:\/\/www.padreeustaquio.com.br\/es\/las-misas-de-este-fin-de-semana-incluiran-la-bendicion-de-utiles-escolares\/","title":{"rendered":"Las misas de este fin de semana incluir\u00e1n la bendici\u00f3n de \u00fatiles escolares."},"content":{"rendered":"<p>Los estudiantes de Belo Horizonte podr\u00e1n tener la bendici\u00f3n de sus \u00fatiles escolares durante las misas del pr\u00f3ximo fin de semana, 4 y 5 de marzo, en el Santuario de la Salud y la Paz, Iglesia del Beato Padre Eust\u00e1quio.<\/p>\n\n\n\n<p>Se celebrar\u00e1n misas con bendiciones especiales los s\u00e1bados y domingos. La idea es que el mayor n\u00famero posible de estudiantes traigan sus mochilas y \u00fatiles escolares para recibir la bendici\u00f3n y tener un a\u00f1o productivo, pidiendo sabidur\u00eda al Maestro de Maestros.<\/p>\n\n\n\n<p><strong>Vea los horarios de misas del fin de semana:<\/strong><\/p>\n\n\n\n<p>S\u00c1BADO: 7 AM y 5 PM<\/p>\n\n\n\n<p>DOMINGO: 7h, 8h30, 10h, 17h y 19h<\/p>\n\n\n\n<p>Quienes viven fuera de Belo Horizonte pueden seguir las misas con la bendici\u00f3n de \u00fatiles escolares en el canal de YouTube del Padre Eust\u00e1quio. Los s\u00e1bados, el servicio de las 17:00 se transmite en directo. Los domingos, los servicios se transmiten a las 10:00 y a las 19:00.<\/p>\n\n\n\n<p><\/p>","protected":false},"excerpt":{"rendered":"<p>Os estudantes de Belo Horizonte poder\u00e3o ter seus materiais escolares aben\u00e7oados durante as missas do pr\u00f3ximo fim de semana, dias 4 e 5 de mar\u00e7o, no Santu\u00e1rio da Sa\u00fade e da Paz, Igreja do Beato Padre Eust\u00e1quio. As missas com as b\u00ean\u00e7\u00e3os especiais acontecer\u00e3o em todos os hor\u00e1rios de s\u00e1bado e domingo. A ideia \u00e9 que o m\u00e1ximo de estudantes consiga levar suas mochilas e materiais escolares para receber a b\u00ean\u00e7\u00e3o e ter um ano produtivo, pedindo sabedoria ao Mestre dos Mestres. Veja os hor\u00e1rios de missa no fim de semana: S\u00c1BADO: 7h e 17h DOMINGO: 7h, 8h30, 10h, 17h [&hellip;]<\/p>\n","protected":false},"author":2,"featured_media":9970,"comment_status":"open","ping_status":"closed","sticky":false,"template":"","format":"standard","meta":{"_acf_changed":false,"footnotes":""},"categories":[611],"tags":[],"class_list":["post-9969","post","type-post","status-publish","format-standard","has-post-thumbnail","hentry","category-noticias"],"acf":[],"yoast_head":"<!-- This site is optimized with the Yoast SEO plugin v27.2 - https:\/\/yoast.com\/product\/yoast-seo-wordpress\/ -->\n<title>Missas deste final de semana ter\u00e3o b\u00ean\u00e7\u00e3o dos materiais escolares<\/title>\n<meta name=\"description\" content=\"Os estudantes de Belo Horizonte poder\u00e3o ter seus materiais escolares aben\u00e7oados durante as missas do pr\u00f3ximo fim de semana, dias 4 e 5 de mar\u00e7o, no Santu\u00e1rio da Sa\u00fade e da Paz, Igreja do Beato Padre Eust\u00e1quio.\" \/>\n<meta name=\"robots\" content=\"index, follow, max-snippet:-1, max-image-preview:large, max-video-preview:-1\" \/>\n<link rel=\"canonical\" href=\"https:\/\/www.padreeustaquio.com.br\/es\/las-misas-de-este-fin-de-semana-incluiran-la-bendicion-de-utiles-escolares\/\" \/>\n<meta property=\"og:locale\" content=\"es_ES\" \/>\n<meta property=\"og:type\" content=\"article\" \/>\n<meta property=\"og:title\" content=\"Missas deste final de semana ter\u00e3o b\u00ean\u00e7\u00e3o dos materiais escolares\" \/>\n<meta property=\"og:description\" content=\"Os estudantes de Belo Horizonte poder\u00e3o ter seus materiais escolares aben\u00e7oados durante as missas do pr\u00f3ximo fim de semana, dias 4 e 5 de mar\u00e7o, no Santu\u00e1rio da Sa\u00fade e da Paz, Igreja do Beato Padre Eust\u00e1quio.\" \/>\n<meta property=\"og:url\" content=\"https:\/\/www.padreeustaquio.com.br\/es\/las-misas-de-este-fin-de-semana-incluiran-la-bendicion-de-utiles-escolares\/\" \/>\n<meta property=\"og:site_name\" content=\"Padre Eust\u00e1quio\" \/>\n<meta property=\"article:publisher\" content=\"https:\/\/www.facebook.com\/beatopadreeustaquio\/\" \/>\n<meta property=\"article:published_time\" content=\"2023-03-02T09:08:00+00:00\" \/>\n<meta property=\"og:image\" content=\"https:\/\/www.padreeustaquio.com.br\/wp-content\/uploads\/2023\/03\/bencao-dos-materiais-escolares.jpeg\" \/>\n\t<meta property=\"og:image:width\" content=\"1600\" \/>\n\t<meta property=\"og:image:height\" content=\"900\" \/>\n\t<meta property=\"og:image:type\" content=\"image\/jpeg\" \/>\n<meta name=\"author\" content=\"@sscc\" \/>\n<meta name=\"twitter:card\" content=\"summary_large_image\" \/>\n<meta name=\"twitter:creator\" content=\"@beatopeustaquio\" \/>\n<meta name=\"twitter:site\" content=\"@beatopeustaquio\" \/>\n<meta name=\"twitter:label1\" content=\"Escrito por\" \/>\n\t<meta name=\"twitter:data1\" content=\"@sscc\" \/>\n\t<meta name=\"twitter:label2\" content=\"Tiempo de lectura\" \/>\n\t<meta name=\"twitter:data2\" content=\"1 minuto\" \/>\n<script type=\"application\/ld+json\" class=\"yoast-schema-graph\">{\"@context\":\"https:\/\/schema.org\",\"@graph\":[{\"@type\":\"Article\",\"@id\":\"https:\/\/www.padreeustaquio.com.br\/missas-deste-final-de-semana-terao-bencao-dos-materiais-escolares\/#article\",\"isPartOf\":{\"@id\":\"https:\/\/www.padreeustaquio.com.br\/missas-deste-final-de-semana-terao-bencao-dos-materiais-escolares\/\"},\"author\":{\"name\":\"@sscc\",\"@id\":\"https:\/\/www.padreeustaquio.com.br\/#\/schema\/person\/a2a51db1d00f1a7af0204a0f1ddb1566\"},\"headline\":\"Missas deste final de semana ter\u00e3o b\u00ean\u00e7\u00e3o dos materiais escolares\",\"datePublished\":\"2023-03-02T09:08:00+00:00\",\"mainEntityOfPage\":{\"@id\":\"https:\/\/www.padreeustaquio.com.br\/missas-deste-final-de-semana-terao-bencao-dos-materiais-escolares\/\"},\"wordCount\":176,\"commentCount\":0,\"publisher\":{\"@id\":\"https:\/\/www.padreeustaquio.com.br\/#organization\"},\"image\":{\"@id\":\"https:\/\/www.padreeustaquio.com.br\/missas-deste-final-de-semana-terao-bencao-dos-materiais-escolares\/#primaryimage\"},\"thumbnailUrl\":\"https:\/\/www.padreeustaquio.com.br\/wp-content\/uploads\/2023\/03\/bencao-dos-materiais-escolares.jpeg\",\"articleSection\":[\"Not\u00edcias\"],\"inLanguage\":\"es\",\"potentialAction\":[{\"@type\":\"CommentAction\",\"name\":\"Comment\",\"target\":[\"https:\/\/www.padreeustaquio.com.br\/missas-deste-final-de-semana-terao-bencao-dos-materiais-escolares\/#respond\"]}]},{\"@type\":\"WebPage\",\"@id\":\"https:\/\/www.padreeustaquio.com.br\/missas-deste-final-de-semana-terao-bencao-dos-materiais-escolares\/\",\"url\":\"https:\/\/www.padreeustaquio.com.br\/missas-deste-final-de-semana-terao-bencao-dos-materiais-escolares\/\",\"name\":\"Missas deste final de semana ter\u00e3o b\u00ean\u00e7\u00e3o dos materiais escolares\",\"isPartOf\":{\"@id\":\"https:\/\/www.padreeustaquio.com.br\/#website\"},\"primaryImageOfPage\":{\"@id\":\"https:\/\/www.padreeustaquio.com.br\/missas-deste-final-de-semana-terao-bencao-dos-materiais-escolares\/#primaryimage\"},\"image\":{\"@id\":\"https:\/\/www.padreeustaquio.com.br\/missas-deste-final-de-semana-terao-bencao-dos-materiais-escolares\/#primaryimage\"},\"thumbnailUrl\":\"https:\/\/www.padreeustaquio.com.br\/wp-content\/uploads\/2023\/03\/bencao-dos-materiais-escolares.jpeg\",\"datePublished\":\"2023-03-02T09:08:00+00:00\",\"description\":\"Os estudantes de Belo Horizonte poder\u00e3o ter seus materiais escolares aben\u00e7oados durante as missas do pr\u00f3ximo fim de semana, dias 4 e 5 de mar\u00e7o, no Santu\u00e1rio da Sa\u00fade e da Paz, Igreja do Beato Padre Eust\u00e1quio.\",\"breadcrumb\":{\"@id\":\"https:\/\/www.padreeustaquio.com.br\/missas-deste-final-de-semana-terao-bencao-dos-materiais-escolares\/#breadcrumb\"},\"inLanguage\":\"es\",\"potentialAction\":[{\"@type\":\"ReadAction\",\"target\":[\"https:\/\/www.padreeustaquio.com.br\/missas-deste-final-de-semana-terao-bencao-dos-materiais-escolares\/\"]}]},{\"@type\":\"ImageObject\",\"inLanguage\":\"es\",\"@id\":\"https:\/\/www.padreeustaquio.com.br\/missas-deste-final-de-semana-terao-bencao-dos-materiais-escolares\/#primaryimage\",\"url\":\"https:\/\/www.padreeustaquio.com.br\/wp-content\/uploads\/2023\/03\/bencao-dos-materiais-escolares.jpeg\",\"contentUrl\":\"https:\/\/www.padreeustaquio.com.br\/wp-content\/uploads\/2023\/03\/bencao-dos-materiais-escolares.jpeg\",\"width\":1600,\"height\":900},{\"@type\":\"BreadcrumbList\",\"@id\":\"https:\/\/www.padreeustaquio.com.br\/missas-deste-final-de-semana-terao-bencao-dos-materiais-escolares\/#breadcrumb\",\"itemListElement\":[{\"@type\":\"ListItem\",\"position\":1,\"name\":\"In\u00edcio\",\"item\":\"https:\/\/www.padreeustaquio.com.br\/\"},{\"@type\":\"ListItem\",\"position\":2,\"name\":\"Missas deste final de semana ter\u00e3o b\u00ean\u00e7\u00e3o dos materiais escolares\"}]},{\"@type\":\"WebSite\",\"@id\":\"https:\/\/www.padreeustaquio.com.br\/#website\",\"url\":\"https:\/\/www.padreeustaquio.com.br\/\",\"name\":\"Padre Eust\u00e1quio\",\"description\":\"Sa\u00fade e Paz\",\"publisher\":{\"@id\":\"https:\/\/www.padreeustaquio.com.br\/#organization\"},\"potentialAction\":[{\"@type\":\"SearchAction\",\"target\":{\"@type\":\"EntryPoint\",\"urlTemplate\":\"https:\/\/www.padreeustaquio.com.br\/?s={search_term_string}\"},\"query-input\":{\"@type\":\"PropertyValueSpecification\",\"valueRequired\":true,\"valueName\":\"search_term_string\"}}],\"inLanguage\":\"es\"},{\"@type\":\"Organization\",\"@id\":\"https:\/\/www.padreeustaquio.com.br\/#organization\",\"name\":\"Padre Eust\u00e1quio\",\"url\":\"https:\/\/www.padreeustaquio.com.br\/\",\"logo\":{\"@type\":\"ImageObject\",\"inLanguage\":\"es\",\"@id\":\"https:\/\/www.padreeustaquio.com.br\/#\/schema\/logo\/image\/\",\"url\":\"https:\/\/www.padreeustaquio.com.br\/wp-content\/uploads\/2019\/08\/marca.png\",\"contentUrl\":\"https:\/\/www.padreeustaquio.com.br\/wp-content\/uploads\/2019\/08\/marca.png\",\"width\":350,\"height\":400,\"caption\":\"Padre Eust\u00e1quio\"},\"image\":{\"@id\":\"https:\/\/www.padreeustaquio.com.br\/#\/schema\/logo\/image\/\"},\"sameAs\":[\"https:\/\/www.facebook.com\/beatopadreeustaquio\/\",\"https:\/\/x.com\/beatopeustaquio\",\"https:\/\/www.instagram.com\/beatopadreeustaquio\/\",\"https:\/\/www.youtube.com\/channel\/UCRhw7vfabnajwLxb1ZXMeIw\"]},{\"@type\":\"Person\",\"@id\":\"https:\/\/www.padreeustaquio.com.br\/#\/schema\/person\/a2a51db1d00f1a7af0204a0f1ddb1566\",\"name\":\"@sscc\",\"image\":{\"@type\":\"ImageObject\",\"inLanguage\":\"es\",\"@id\":\"https:\/\/secure.gravatar.com\/avatar\/68cfafa5f44617fea54071e215026e0ff06be366c3d54a8425f04fdcb86f8c5f?s=96&d=mm&r=g\",\"url\":\"https:\/\/secure.gravatar.com\/avatar\/68cfafa5f44617fea54071e215026e0ff06be366c3d54a8425f04fdcb86f8c5f?s=96&d=mm&r=g\",\"contentUrl\":\"https:\/\/secure.gravatar.com\/avatar\/68cfafa5f44617fea54071e215026e0ff06be366c3d54a8425f04fdcb86f8c5f?s=96&d=mm&r=g\",\"caption\":\"@sscc\"},\"url\":\"https:\/\/www.padreeustaquio.com.br\/es\/author\/sscc\/\"}]}<\/script>\n<!-- \/ Yoast SEO plugin. -->","yoast_head_json":{"title":"Las misas de este fin de semana incluir\u00e1n la bendici\u00f3n de \u00fatiles escolares.","description":"Los estudiantes de Belo Horizonte podr\u00e1n tener la bendici\u00f3n de sus \u00fatiles escolares durante las misas del pr\u00f3ximo fin de semana, 4 y 5 de marzo, en el Santuario de la Salud y la Paz, Iglesia del Beato Padre Eust\u00e1quio.","robots":{"index":"index","follow":"follow","max-snippet":"max-snippet:-1","max-image-preview":"max-image-preview:large","max-video-preview":"max-video-preview:-1"},"canonical":"https:\/\/www.padreeustaquio.com.br\/es\/las-misas-de-este-fin-de-semana-incluiran-la-bendicion-de-utiles-escolares\/","og_locale":"es_ES","og_type":"article","og_title":"Missas deste final de semana ter\u00e3o b\u00ean\u00e7\u00e3o dos materiais escolares","og_description":"Os estudantes de Belo Horizonte poder\u00e3o ter seus materiais escolares aben\u00e7oados durante as missas do pr\u00f3ximo fim de semana, dias 4 e 5 de mar\u00e7o, no Santu\u00e1rio da Sa\u00fade e da Paz, Igreja do Beato Padre Eust\u00e1quio.","og_url":"https:\/\/www.padreeustaquio.com.br\/es\/las-misas-de-este-fin-de-semana-incluiran-la-bendicion-de-utiles-escolares\/","og_site_name":"Padre Eust\u00e1quio","article_publisher":"https:\/\/www.facebook.com\/beatopadreeustaquio\/","article_published_time":"2023-03-02T09:08:00+00:00","og_image":[{"width":1600,"height":900,"url":"https:\/\/www.padreeustaquio.com.br\/wp-content\/uploads\/2023\/03\/bencao-dos-materiais-escolares.jpeg","type":"image\/jpeg"}],"author":"@sscc","twitter_card":"summary_large_image","twitter_creator":"@beatopeustaquio","twitter_site":"@beatopeustaquio","twitter_misc":{"Escrito por":"@sscc","Tiempo de lectura":"1 minuto"},"schema":{"@context":"https:\/\/schema.org","@graph":[{"@type":"Article","@id":"https:\/\/www.padreeustaquio.com.br\/missas-deste-final-de-semana-terao-bencao-dos-materiais-escolares\/#article","isPartOf":{"@id":"https:\/\/www.padreeustaquio.com.br\/missas-deste-final-de-semana-terao-bencao-dos-materiais-escolares\/"},"author":{"name":"@sscc","@id":"https:\/\/www.padreeustaquio.com.br\/#\/schema\/person\/a2a51db1d00f1a7af0204a0f1ddb1566"},"headline":"Missas deste final de semana ter\u00e3o b\u00ean\u00e7\u00e3o dos materiais escolares","datePublished":"2023-03-02T09:08:00+00:00","mainEntityOfPage":{"@id":"https:\/\/www.padreeustaquio.com.br\/missas-deste-final-de-semana-terao-bencao-dos-materiais-escolares\/"},"wordCount":176,"commentCount":0,"publisher":{"@id":"https:\/\/www.padreeustaquio.com.br\/#organization"},"image":{"@id":"https:\/\/www.padreeustaquio.com.br\/missas-deste-final-de-semana-terao-bencao-dos-materiais-escolares\/#primaryimage"},"thumbnailUrl":"https:\/\/www.padreeustaquio.com.br\/wp-content\/uploads\/2023\/03\/bencao-dos-materiais-escolares.jpeg","articleSection":["Not\u00edcias"],"inLanguage":"es","potentialAction":[{"@type":"CommentAction","name":"Comment","target":["https:\/\/www.padreeustaquio.com.br\/missas-deste-final-de-semana-terao-bencao-dos-materiais-escolares\/#respond"]}]},{"@type":"WebPage","@id":"https:\/\/www.padreeustaquio.com.br\/missas-deste-final-de-semana-terao-bencao-dos-materiais-escolares\/","url":"https:\/\/www.padreeustaquio.com.br\/missas-deste-final-de-semana-terao-bencao-dos-materiais-escolares\/","name":"Las misas de este fin de semana incluir\u00e1n la bendici\u00f3n de \u00fatiles escolares.","isPartOf":{"@id":"https:\/\/www.padreeustaquio.com.br\/#website"},"primaryImageOfPage":{"@id":"https:\/\/www.padreeustaquio.com.br\/missas-deste-final-de-semana-terao-bencao-dos-materiais-escolares\/#primaryimage"},"image":{"@id":"https:\/\/www.padreeustaquio.com.br\/missas-deste-final-de-semana-terao-bencao-dos-materiais-escolares\/#primaryimage"},"thumbnailUrl":"https:\/\/www.padreeustaquio.com.br\/wp-content\/uploads\/2023\/03\/bencao-dos-materiais-escolares.jpeg","datePublished":"2023-03-02T09:08:00+00:00","description":"Los estudiantes de Belo Horizonte podr\u00e1n tener la bendici\u00f3n de sus \u00fatiles escolares durante las misas del pr\u00f3ximo fin de semana, 4 y 5 de marzo, en el Santuario de la Salud y la Paz, Iglesia del Beato Padre Eust\u00e1quio.","breadcrumb":{"@id":"https:\/\/www.padreeustaquio.com.br\/missas-deste-final-de-semana-terao-bencao-dos-materiais-escolares\/#breadcrumb"},"inLanguage":"es","potentialAction":[{"@type":"ReadAction","target":["https:\/\/www.padreeustaquio.com.br\/missas-deste-final-de-semana-terao-bencao-dos-materiais-escolares\/"]}]},{"@type":"ImageObject","inLanguage":"es","@id":"https:\/\/www.padreeustaquio.com.br\/missas-deste-final-de-semana-terao-bencao-dos-materiais-escolares\/#primaryimage","url":"https:\/\/www.padreeustaquio.com.br\/wp-content\/uploads\/2023\/03\/bencao-dos-materiais-escolares.jpeg","contentUrl":"https:\/\/www.padreeustaquio.com.br\/wp-content\/uploads\/2023\/03\/bencao-dos-materiais-escolares.jpeg","width":1600,"height":900},{"@type":"BreadcrumbList","@id":"https:\/\/www.padreeustaquio.com.br\/missas-deste-final-de-semana-terao-bencao-dos-materiais-escolares\/#breadcrumb","itemListElement":[{"@type":"ListItem","position":1,"name":"In\u00edcio","item":"https:\/\/www.padreeustaquio.com.br\/"},{"@type":"ListItem","position":2,"name":"Missas deste final de semana ter\u00e3o b\u00ean\u00e7\u00e3o dos materiais escolares"}]},{"@type":"WebSite","@id":"https:\/\/www.padreeustaquio.com.br\/#website","url":"https:\/\/www.padreeustaquio.com.br\/","name":"Padre Eustace","description":"Salud y Paz","publisher":{"@id":"https:\/\/www.padreeustaquio.com.br\/#organization"},"potentialAction":[{"@type":"SearchAction","target":{"@type":"EntryPoint","urlTemplate":"https:\/\/www.padreeustaquio.com.br\/?s={search_term_string}"},"query-input":{"@type":"PropertyValueSpecification","valueRequired":true,"valueName":"search_term_string"}}],"inLanguage":"es"},{"@type":"Organization","@id":"https:\/\/www.padreeustaquio.com.br\/#organization","name":"Padre Eustace","url":"https:\/\/www.padreeustaquio.com.br\/","logo":{"@type":"ImageObject","inLanguage":"es","@id":"https:\/\/www.padreeustaquio.com.br\/#\/schema\/logo\/image\/","url":"https:\/\/www.padreeustaquio.com.br\/wp-content\/uploads\/2019\/08\/marca.png","contentUrl":"https:\/\/www.padreeustaquio.com.br\/wp-content\/uploads\/2019\/08\/marca.png","width":350,"height":400,"caption":"Padre Eust\u00e1quio"},"image":{"@id":"https:\/\/www.padreeustaquio.com.br\/#\/schema\/logo\/image\/"},"sameAs":["https:\/\/www.facebook.com\/beatopadreeustaquio\/","https:\/\/x.com\/beatopeustaquio","https:\/\/www.instagram.com\/beatopadreeustaquio\/","https:\/\/www.youtube.com\/channel\/UCRhw7vfabnajwLxb1ZXMeIw"]},{"@type":"Person","@id":"https:\/\/www.padreeustaquio.com.br\/#\/schema\/person\/a2a51db1d00f1a7af0204a0f1ddb1566","name":"@sscc","image":{"@type":"ImageObject","inLanguage":"es","@id":"https:\/\/secure.gravatar.com\/avatar\/68cfafa5f44617fea54071e215026e0ff06be366c3d54a8425f04fdcb86f8c5f?s=96&d=mm&r=g","url":"https:\/\/secure.gravatar.com\/avatar\/68cfafa5f44617fea54071e215026e0ff06be366c3d54a8425f04fdcb86f8c5f?s=96&d=mm&r=g","contentUrl":"https:\/\/secure.gravatar.com\/avatar\/68cfafa5f44617fea54071e215026e0ff06be366c3d54a8425f04fdcb86f8c5f?s=96&d=mm&r=g","caption":"@sscc"},"url":"https:\/\/www.padreeustaquio.com.br\/es\/author\/sscc\/"}]}},"_links":{"self":[{"href":"https:\/\/www.padreeustaquio.com.br\/es\/wp-json\/wp\/v2\/posts\/9969","targetHints":{"allow":["GET"]}}],"collection":[{"href":"https:\/\/www.padreeustaquio.com.br\/es\/wp-json\/wp\/v2\/posts"}],"about":[{"href":"https:\/\/www.padreeustaquio.com.br\/es\/wp-json\/wp\/v2\/types\/post"}],"author":[{"embeddable":true,"href":"https:\/\/www.padreeustaquio.com.br\/es\/wp-json\/wp\/v2\/users\/2"}],"replies":[{"embeddable":true,"href":"https:\/\/www.padreeustaquio.com.br\/es\/wp-json\/wp\/v2\/comments?post=9969"}],"version-history":[{"count":0,"href":"https:\/\/www.padreeustaquio.com.br\/es\/wp-json\/wp\/v2\/posts\/9969\/revisions"}],"wp:featuredmedia":[{"embeddable":true,"href":"https:\/\/www.padreeustaquio.com.br\/es\/wp-json\/wp\/v2\/media\/9970"}],"wp:attachment":[{"href":"https:\/\/www.padreeustaquio.com.br\/es\/wp-json\/wp\/v2\/media?parent=9969"}],"wp:term":[{"taxonomy":"category","embeddable":true,"href":"https:\/\/www.padreeustaquio.com.br\/es\/wp-json\/wp\/v2\/categories?post=9969"},{"taxonomy":"post_tag","embeddable":true,"href":"https:\/\/www.padreeustaquio.com.br\/es\/wp-json\/wp\/v2\/tags?post=9969"}],"curies":[{"name":"wp","href":"https:\/\/api.w.org\/{rel}","templated":true}]}}