{"id":9958,"date":"2023-03-01T06:12:00","date_gmt":"2023-03-01T09:12:00","guid":{"rendered":"https:\/\/www.padreeustaquio.com.br\/?p=9958"},"modified":"2023-02-28T08:20:17","modified_gmt":"2023-02-28T11:20:17","slug":"participa-en-el-coro-que-enriquecera-las-celebraciones-del-triduo-pascual","status":"publish","type":"post","link":"https:\/\/www.padreeustaquio.com.br\/es\/participa-en-el-coro-que-enriquecera-las-celebraciones-del-triduo-pascual\/","title":{"rendered":"\u00danete al coro que realzar\u00e1 las celebraciones del Triduo Pascual."},"content":{"rendered":"<p>El pr\u00f3ximo s\u00e1bado 4 de marzo, los equipos del coro del Santuario de Salud y Paz comenzar\u00e1n los preparativos del coro que realzar\u00e1 la celebraci\u00f3n del Triduo Pascual. Este a\u00f1o, la idea es crear el coro m\u00e1s numeroso de nuestra comunidad, y por ello, la Iglesia quiere contar con la participaci\u00f3n de todos.<\/p>\n\n\n\n<p>Las inscripciones para el coro est\u00e1n abiertas hasta ma\u00f1ana, 2 de marzo, y el primer ensayo tendr\u00e1 lugar el 4 de marzo.<\/p>\n\n\n\n<p>Si desea participar por favor rellene el formulario. <a href=\"https:\/\/forms.gle\/fVkSQowVQEHPmCwN8.\" target=\"_blank\" rel=\"noreferrer noopener\">HAGA CLIC AQU\u00cd<\/a>. <\/p>\n\n\n\n<p><strong>PRESENTACIONES<\/strong><\/p>\n\n\n\n<p>Cantantes de varios coros del Santuario Arquidiocesano de Salud y Paz, la Iglesia del Padre Eustaquio, se unieron el a\u00f1o pasado para formar un solo coro. La iniciativa surgi\u00f3 de los propios voluntarios y busca integrar a todos los cantantes durante las celebraciones especiales del Santuario. La primera actuaci\u00f3n del coro tuvo lugar durante la Semana Santa de 2022. Durante el Triduo Pascual, las voces de los voluntarios resonaron por toda la iglesia, haciendo que las celebraciones m\u00e1s solemnes fueran a\u00fan m\u00e1s reflexivas sobre la pasi\u00f3n y muerte de Cristo. La siguiente actuaci\u00f3n tuvo lugar en la festividad del Corpus Christi y, m\u00e1s recientemente, en la festividad del Beato Padre Eustaquio, durante la Misa Solemne.<\/p>\n\n\n\n<p><\/p>","protected":false},"excerpt":{"rendered":"<p>No pr\u00f3ximo s\u00e1bado, dia 4 de mar\u00e7o, as equipes de canto do Santu\u00e1rio da Sa\u00fade e da Paz dar\u00e3o in\u00edcio \u00e0 prepara\u00e7\u00e3o para o coral que ir\u00e1 abrilhantar a celebra\u00e7\u00e3o do Tr\u00edduo Pascal Este ano, a ideia \u00e9 fazer o maior coral de vozes da nossa comunidade e, por isso, a Igreja quer contar com a participa\u00e7\u00e3o de todos. As inscri\u00e7\u00f5es para o coral v\u00e3o at\u00e9 amanh\u00e3, dia 02 de mar\u00e7o, e o primeiro ensaio acontece j\u00e1 no dia 04 Se voc\u00ea deseja participar, preencha o formul\u00e1rio CLICANDO AQUI. APRESENTA\u00c7\u00d5ES Cantores de diversos grupos de canto do Santu\u00e1rio Arquidiocesano da [&hellip;]<\/p>\n","protected":false},"author":2,"featured_media":9959,"comment_status":"open","ping_status":"closed","sticky":false,"template":"","format":"standard","meta":{"_acf_changed":false,"footnotes":""},"categories":[611],"tags":[],"class_list":["post-9958","post","type-post","status-publish","format-standard","has-post-thumbnail","hentry","category-noticias"],"acf":[],"yoast_head":"<!-- This site is optimized with the Yoast SEO plugin v27.2 - https:\/\/yoast.com\/product\/yoast-seo-wordpress\/ -->\n<title>Participe do Coral que vai abrilhantar as celebra\u00e7\u00f5es do Tr\u00edduo Pascal<\/title>\n<meta name=\"description\" content=\"No pr\u00f3ximo s\u00e1bado, dia 4 de mar\u00e7o, as equipes de canto do Santu\u00e1rio da Sa\u00fade e da Paz dar\u00e3o in\u00edcio \u00e0 prepara\u00e7\u00e3o para o coral que ir\u00e1 abrilhantar a celebra\u00e7\u00e3o do Tr\u00edduo Pascal Este ano, a ideia \u00e9 fazer o maior coral de vozes da nossa comunidade e, por isso, a Igreja quer contar com a participa\u00e7\u00e3o de todos.\" \/>\n<meta name=\"robots\" content=\"index, follow, max-snippet:-1, max-image-preview:large, max-video-preview:-1\" \/>\n<link rel=\"canonical\" href=\"https:\/\/www.padreeustaquio.com.br\/es\/participa-en-el-coro-que-enriquecera-las-celebraciones-del-triduo-pascual\/\" \/>\n<meta property=\"og:locale\" content=\"es_ES\" \/>\n<meta property=\"og:type\" content=\"article\" \/>\n<meta property=\"og:title\" content=\"Participe do Coral que vai abrilhantar as celebra\u00e7\u00f5es do Tr\u00edduo Pascal\" \/>\n<meta property=\"og:description\" content=\"No pr\u00f3ximo s\u00e1bado, dia 4 de mar\u00e7o, as equipes de canto do Santu\u00e1rio da Sa\u00fade e da Paz dar\u00e3o in\u00edcio \u00e0 prepara\u00e7\u00e3o para o coral que ir\u00e1 abrilhantar a celebra\u00e7\u00e3o do Tr\u00edduo Pascal Este ano, a ideia \u00e9 fazer o maior coral de vozes da nossa comunidade e, por isso, a Igreja quer contar com a participa\u00e7\u00e3o de todos.\" \/>\n<meta property=\"og:url\" content=\"https:\/\/www.padreeustaquio.com.br\/es\/participa-en-el-coro-que-enriquecera-las-celebraciones-del-triduo-pascual\/\" \/>\n<meta property=\"og:site_name\" content=\"Padre Eust\u00e1quio\" \/>\n<meta property=\"article:publisher\" content=\"https:\/\/www.facebook.com\/beatopadreeustaquio\/\" \/>\n<meta property=\"article:published_time\" content=\"2023-03-01T09:12:00+00:00\" \/>\n<meta property=\"og:image\" content=\"https:\/\/www.padreeustaquio.com.br\/wp-content\/uploads\/2023\/02\/coral-800x400-1.png\" \/>\n\t<meta property=\"og:image:width\" content=\"800\" \/>\n\t<meta property=\"og:image:height\" content=\"400\" \/>\n\t<meta property=\"og:image:type\" content=\"image\/png\" \/>\n<meta name=\"author\" content=\"@sscc\" \/>\n<meta name=\"twitter:card\" content=\"summary_large_image\" \/>\n<meta name=\"twitter:creator\" content=\"@beatopeustaquio\" \/>\n<meta name=\"twitter:site\" content=\"@beatopeustaquio\" \/>\n<meta name=\"twitter:label1\" content=\"Escrito por\" \/>\n\t<meta name=\"twitter:data1\" content=\"@sscc\" \/>\n\t<meta name=\"twitter:label2\" content=\"Tiempo de lectura\" \/>\n\t<meta name=\"twitter:data2\" content=\"1 minuto\" \/>\n<script type=\"application\/ld+json\" class=\"yoast-schema-graph\">{\"@context\":\"https:\/\/schema.org\",\"@graph\":[{\"@type\":\"Article\",\"@id\":\"https:\/\/www.padreeustaquio.com.br\/participe-do-coral-que-vai-abrilhantar-as-celebracoes-do-triduo-pascal\/#article\",\"isPartOf\":{\"@id\":\"https:\/\/www.padreeustaquio.com.br\/participe-do-coral-que-vai-abrilhantar-as-celebracoes-do-triduo-pascal\/\"},\"author\":{\"name\":\"@sscc\",\"@id\":\"https:\/\/www.padreeustaquio.com.br\/#\/schema\/person\/a2a51db1d00f1a7af0204a0f1ddb1566\"},\"headline\":\"Participe do Coral que vai abrilhantar as celebra\u00e7\u00f5es do Tr\u00edduo Pascal\",\"datePublished\":\"2023-03-01T09:12:00+00:00\",\"mainEntityOfPage\":{\"@id\":\"https:\/\/www.padreeustaquio.com.br\/participe-do-coral-que-vai-abrilhantar-as-celebracoes-do-triduo-pascal\/\"},\"wordCount\":237,\"commentCount\":0,\"publisher\":{\"@id\":\"https:\/\/www.padreeustaquio.com.br\/#organization\"},\"image\":{\"@id\":\"https:\/\/www.padreeustaquio.com.br\/participe-do-coral-que-vai-abrilhantar-as-celebracoes-do-triduo-pascal\/#primaryimage\"},\"thumbnailUrl\":\"https:\/\/www.padreeustaquio.com.br\/wp-content\/uploads\/2023\/02\/coral-800x400-1.png\",\"articleSection\":[\"Not\u00edcias\"],\"inLanguage\":\"es\",\"potentialAction\":[{\"@type\":\"CommentAction\",\"name\":\"Comment\",\"target\":[\"https:\/\/www.padreeustaquio.com.br\/participe-do-coral-que-vai-abrilhantar-as-celebracoes-do-triduo-pascal\/#respond\"]}]},{\"@type\":\"WebPage\",\"@id\":\"https:\/\/www.padreeustaquio.com.br\/participe-do-coral-que-vai-abrilhantar-as-celebracoes-do-triduo-pascal\/\",\"url\":\"https:\/\/www.padreeustaquio.com.br\/participe-do-coral-que-vai-abrilhantar-as-celebracoes-do-triduo-pascal\/\",\"name\":\"Participe do Coral que vai abrilhantar as celebra\u00e7\u00f5es do Tr\u00edduo Pascal\",\"isPartOf\":{\"@id\":\"https:\/\/www.padreeustaquio.com.br\/#website\"},\"primaryImageOfPage\":{\"@id\":\"https:\/\/www.padreeustaquio.com.br\/participe-do-coral-que-vai-abrilhantar-as-celebracoes-do-triduo-pascal\/#primaryimage\"},\"image\":{\"@id\":\"https:\/\/www.padreeustaquio.com.br\/participe-do-coral-que-vai-abrilhantar-as-celebracoes-do-triduo-pascal\/#primaryimage\"},\"thumbnailUrl\":\"https:\/\/www.padreeustaquio.com.br\/wp-content\/uploads\/2023\/02\/coral-800x400-1.png\",\"datePublished\":\"2023-03-01T09:12:00+00:00\",\"description\":\"No pr\u00f3ximo s\u00e1bado, dia 4 de mar\u00e7o, as equipes de canto do Santu\u00e1rio da Sa\u00fade e da Paz dar\u00e3o in\u00edcio \u00e0 prepara\u00e7\u00e3o para o coral que ir\u00e1 abrilhantar a celebra\u00e7\u00e3o do Tr\u00edduo Pascal Este ano, a ideia \u00e9 fazer o maior coral de vozes da nossa comunidade e, por isso, a Igreja quer contar com a participa\u00e7\u00e3o de todos.\",\"breadcrumb\":{\"@id\":\"https:\/\/www.padreeustaquio.com.br\/participe-do-coral-que-vai-abrilhantar-as-celebracoes-do-triduo-pascal\/#breadcrumb\"},\"inLanguage\":\"es\",\"potentialAction\":[{\"@type\":\"ReadAction\",\"target\":[\"https:\/\/www.padreeustaquio.com.br\/participe-do-coral-que-vai-abrilhantar-as-celebracoes-do-triduo-pascal\/\"]}]},{\"@type\":\"ImageObject\",\"inLanguage\":\"es\",\"@id\":\"https:\/\/www.padreeustaquio.com.br\/participe-do-coral-que-vai-abrilhantar-as-celebracoes-do-triduo-pascal\/#primaryimage\",\"url\":\"https:\/\/www.padreeustaquio.com.br\/wp-content\/uploads\/2023\/02\/coral-800x400-1.png\",\"contentUrl\":\"https:\/\/www.padreeustaquio.com.br\/wp-content\/uploads\/2023\/02\/coral-800x400-1.png\",\"width\":800,\"height\":400},{\"@type\":\"BreadcrumbList\",\"@id\":\"https:\/\/www.padreeustaquio.com.br\/participe-do-coral-que-vai-abrilhantar-as-celebracoes-do-triduo-pascal\/#breadcrumb\",\"itemListElement\":[{\"@type\":\"ListItem\",\"position\":1,\"name\":\"In\u00edcio\",\"item\":\"https:\/\/www.padreeustaquio.com.br\/\"},{\"@type\":\"ListItem\",\"position\":2,\"name\":\"Participe do Coral que vai abrilhantar as celebra\u00e7\u00f5es do Tr\u00edduo Pascal\"}]},{\"@type\":\"WebSite\",\"@id\":\"https:\/\/www.padreeustaquio.com.br\/#website\",\"url\":\"https:\/\/www.padreeustaquio.com.br\/\",\"name\":\"Padre Eust\u00e1quio\",\"description\":\"Sa\u00fade e Paz\",\"publisher\":{\"@id\":\"https:\/\/www.padreeustaquio.com.br\/#organization\"},\"potentialAction\":[{\"@type\":\"SearchAction\",\"target\":{\"@type\":\"EntryPoint\",\"urlTemplate\":\"https:\/\/www.padreeustaquio.com.br\/?s={search_term_string}\"},\"query-input\":{\"@type\":\"PropertyValueSpecification\",\"valueRequired\":true,\"valueName\":\"search_term_string\"}}],\"inLanguage\":\"es\"},{\"@type\":\"Organization\",\"@id\":\"https:\/\/www.padreeustaquio.com.br\/#organization\",\"name\":\"Padre Eust\u00e1quio\",\"url\":\"https:\/\/www.padreeustaquio.com.br\/\",\"logo\":{\"@type\":\"ImageObject\",\"inLanguage\":\"es\",\"@id\":\"https:\/\/www.padreeustaquio.com.br\/#\/schema\/logo\/image\/\",\"url\":\"https:\/\/www.padreeustaquio.com.br\/wp-content\/uploads\/2019\/08\/marca.png\",\"contentUrl\":\"https:\/\/www.padreeustaquio.com.br\/wp-content\/uploads\/2019\/08\/marca.png\",\"width\":350,\"height\":400,\"caption\":\"Padre Eust\u00e1quio\"},\"image\":{\"@id\":\"https:\/\/www.padreeustaquio.com.br\/#\/schema\/logo\/image\/\"},\"sameAs\":[\"https:\/\/www.facebook.com\/beatopadreeustaquio\/\",\"https:\/\/x.com\/beatopeustaquio\",\"https:\/\/www.instagram.com\/beatopadreeustaquio\/\",\"https:\/\/www.youtube.com\/channel\/UCRhw7vfabnajwLxb1ZXMeIw\"]},{\"@type\":\"Person\",\"@id\":\"https:\/\/www.padreeustaquio.com.br\/#\/schema\/person\/a2a51db1d00f1a7af0204a0f1ddb1566\",\"name\":\"@sscc\",\"image\":{\"@type\":\"ImageObject\",\"inLanguage\":\"es\",\"@id\":\"https:\/\/secure.gravatar.com\/avatar\/68cfafa5f44617fea54071e215026e0ff06be366c3d54a8425f04fdcb86f8c5f?s=96&d=mm&r=g\",\"url\":\"https:\/\/secure.gravatar.com\/avatar\/68cfafa5f44617fea54071e215026e0ff06be366c3d54a8425f04fdcb86f8c5f?s=96&d=mm&r=g\",\"contentUrl\":\"https:\/\/secure.gravatar.com\/avatar\/68cfafa5f44617fea54071e215026e0ff06be366c3d54a8425f04fdcb86f8c5f?s=96&d=mm&r=g\",\"caption\":\"@sscc\"},\"url\":\"https:\/\/www.padreeustaquio.com.br\/es\/author\/sscc\/\"}]}<\/script>\n<!-- \/ Yoast SEO plugin. -->","yoast_head_json":{"title":"\u00danete al coro que realzar\u00e1 las celebraciones del Triduo Pascual.","description":"El pr\u00f3ximo s\u00e1bado 4 de marzo, los equipos del coro del Santuario de Salud y Paz comenzar\u00e1n los preparativos del coro que realzar\u00e1 la celebraci\u00f3n del Triduo Pascual. Este a\u00f1o, la idea es crear el coro m\u00e1s numeroso de nuestra comunidad, y por ello, la Iglesia quiere contar con la participaci\u00f3n de todos.","robots":{"index":"index","follow":"follow","max-snippet":"max-snippet:-1","max-image-preview":"max-image-preview:large","max-video-preview":"max-video-preview:-1"},"canonical":"https:\/\/www.padreeustaquio.com.br\/es\/participa-en-el-coro-que-enriquecera-las-celebraciones-del-triduo-pascual\/","og_locale":"es_ES","og_type":"article","og_title":"Participe do Coral que vai abrilhantar as celebra\u00e7\u00f5es do Tr\u00edduo Pascal","og_description":"No pr\u00f3ximo s\u00e1bado, dia 4 de mar\u00e7o, as equipes de canto do Santu\u00e1rio da Sa\u00fade e da Paz dar\u00e3o in\u00edcio \u00e0 prepara\u00e7\u00e3o para o coral que ir\u00e1 abrilhantar a celebra\u00e7\u00e3o do Tr\u00edduo Pascal Este ano, a ideia \u00e9 fazer o maior coral de vozes da nossa comunidade e, por isso, a Igreja quer contar com a participa\u00e7\u00e3o de todos.","og_url":"https:\/\/www.padreeustaquio.com.br\/es\/participa-en-el-coro-que-enriquecera-las-celebraciones-del-triduo-pascual\/","og_site_name":"Padre Eust\u00e1quio","article_publisher":"https:\/\/www.facebook.com\/beatopadreeustaquio\/","article_published_time":"2023-03-01T09:12:00+00:00","og_image":[{"width":800,"height":400,"url":"https:\/\/www.padreeustaquio.com.br\/wp-content\/uploads\/2023\/02\/coral-800x400-1.png","type":"image\/png"}],"author":"@sscc","twitter_card":"summary_large_image","twitter_creator":"@beatopeustaquio","twitter_site":"@beatopeustaquio","twitter_misc":{"Escrito por":"@sscc","Tiempo de lectura":"1 minuto"},"schema":{"@context":"https:\/\/schema.org","@graph":[{"@type":"Article","@id":"https:\/\/www.padreeustaquio.com.br\/participe-do-coral-que-vai-abrilhantar-as-celebracoes-do-triduo-pascal\/#article","isPartOf":{"@id":"https:\/\/www.padreeustaquio.com.br\/participe-do-coral-que-vai-abrilhantar-as-celebracoes-do-triduo-pascal\/"},"author":{"name":"@sscc","@id":"https:\/\/www.padreeustaquio.com.br\/#\/schema\/person\/a2a51db1d00f1a7af0204a0f1ddb1566"},"headline":"Participe do Coral que vai abrilhantar as celebra\u00e7\u00f5es do Tr\u00edduo Pascal","datePublished":"2023-03-01T09:12:00+00:00","mainEntityOfPage":{"@id":"https:\/\/www.padreeustaquio.com.br\/participe-do-coral-que-vai-abrilhantar-as-celebracoes-do-triduo-pascal\/"},"wordCount":237,"commentCount":0,"publisher":{"@id":"https:\/\/www.padreeustaquio.com.br\/#organization"},"image":{"@id":"https:\/\/www.padreeustaquio.com.br\/participe-do-coral-que-vai-abrilhantar-as-celebracoes-do-triduo-pascal\/#primaryimage"},"thumbnailUrl":"https:\/\/www.padreeustaquio.com.br\/wp-content\/uploads\/2023\/02\/coral-800x400-1.png","articleSection":["Not\u00edcias"],"inLanguage":"es","potentialAction":[{"@type":"CommentAction","name":"Comment","target":["https:\/\/www.padreeustaquio.com.br\/participe-do-coral-que-vai-abrilhantar-as-celebracoes-do-triduo-pascal\/#respond"]}]},{"@type":"WebPage","@id":"https:\/\/www.padreeustaquio.com.br\/participe-do-coral-que-vai-abrilhantar-as-celebracoes-do-triduo-pascal\/","url":"https:\/\/www.padreeustaquio.com.br\/participe-do-coral-que-vai-abrilhantar-as-celebracoes-do-triduo-pascal\/","name":"\u00danete al coro que realzar\u00e1 las celebraciones del Triduo Pascual.","isPartOf":{"@id":"https:\/\/www.padreeustaquio.com.br\/#website"},"primaryImageOfPage":{"@id":"https:\/\/www.padreeustaquio.com.br\/participe-do-coral-que-vai-abrilhantar-as-celebracoes-do-triduo-pascal\/#primaryimage"},"image":{"@id":"https:\/\/www.padreeustaquio.com.br\/participe-do-coral-que-vai-abrilhantar-as-celebracoes-do-triduo-pascal\/#primaryimage"},"thumbnailUrl":"https:\/\/www.padreeustaquio.com.br\/wp-content\/uploads\/2023\/02\/coral-800x400-1.png","datePublished":"2023-03-01T09:12:00+00:00","description":"El pr\u00f3ximo s\u00e1bado 4 de marzo, los equipos del coro del Santuario de Salud y Paz comenzar\u00e1n los preparativos del coro que realzar\u00e1 la celebraci\u00f3n del Triduo Pascual. Este a\u00f1o, la idea es crear el coro m\u00e1s numeroso de nuestra comunidad, y por ello, la Iglesia quiere contar con la participaci\u00f3n de todos.","breadcrumb":{"@id":"https:\/\/www.padreeustaquio.com.br\/participe-do-coral-que-vai-abrilhantar-as-celebracoes-do-triduo-pascal\/#breadcrumb"},"inLanguage":"es","potentialAction":[{"@type":"ReadAction","target":["https:\/\/www.padreeustaquio.com.br\/participe-do-coral-que-vai-abrilhantar-as-celebracoes-do-triduo-pascal\/"]}]},{"@type":"ImageObject","inLanguage":"es","@id":"https:\/\/www.padreeustaquio.com.br\/participe-do-coral-que-vai-abrilhantar-as-celebracoes-do-triduo-pascal\/#primaryimage","url":"https:\/\/www.padreeustaquio.com.br\/wp-content\/uploads\/2023\/02\/coral-800x400-1.png","contentUrl":"https:\/\/www.padreeustaquio.com.br\/wp-content\/uploads\/2023\/02\/coral-800x400-1.png","width":800,"height":400},{"@type":"BreadcrumbList","@id":"https:\/\/www.padreeustaquio.com.br\/participe-do-coral-que-vai-abrilhantar-as-celebracoes-do-triduo-pascal\/#breadcrumb","itemListElement":[{"@type":"ListItem","position":1,"name":"In\u00edcio","item":"https:\/\/www.padreeustaquio.com.br\/"},{"@type":"ListItem","position":2,"name":"Participe do Coral que vai abrilhantar as celebra\u00e7\u00f5es do Tr\u00edduo Pascal"}]},{"@type":"WebSite","@id":"https:\/\/www.padreeustaquio.com.br\/#website","url":"https:\/\/www.padreeustaquio.com.br\/","name":"Padre Eustace","description":"Salud y Paz","publisher":{"@id":"https:\/\/www.padreeustaquio.com.br\/#organization"},"potentialAction":[{"@type":"SearchAction","target":{"@type":"EntryPoint","urlTemplate":"https:\/\/www.padreeustaquio.com.br\/?s={search_term_string}"},"query-input":{"@type":"PropertyValueSpecification","valueRequired":true,"valueName":"search_term_string"}}],"inLanguage":"es"},{"@type":"Organization","@id":"https:\/\/www.padreeustaquio.com.br\/#organization","name":"Padre Eustace","url":"https:\/\/www.padreeustaquio.com.br\/","logo":{"@type":"ImageObject","inLanguage":"es","@id":"https:\/\/www.padreeustaquio.com.br\/#\/schema\/logo\/image\/","url":"https:\/\/www.padreeustaquio.com.br\/wp-content\/uploads\/2019\/08\/marca.png","contentUrl":"https:\/\/www.padreeustaquio.com.br\/wp-content\/uploads\/2019\/08\/marca.png","width":350,"height":400,"caption":"Padre Eust\u00e1quio"},"image":{"@id":"https:\/\/www.padreeustaquio.com.br\/#\/schema\/logo\/image\/"},"sameAs":["https:\/\/www.facebook.com\/beatopadreeustaquio\/","https:\/\/x.com\/beatopeustaquio","https:\/\/www.instagram.com\/beatopadreeustaquio\/","https:\/\/www.youtube.com\/channel\/UCRhw7vfabnajwLxb1ZXMeIw"]},{"@type":"Person","@id":"https:\/\/www.padreeustaquio.com.br\/#\/schema\/person\/a2a51db1d00f1a7af0204a0f1ddb1566","name":"@sscc","image":{"@type":"ImageObject","inLanguage":"es","@id":"https:\/\/secure.gravatar.com\/avatar\/68cfafa5f44617fea54071e215026e0ff06be366c3d54a8425f04fdcb86f8c5f?s=96&d=mm&r=g","url":"https:\/\/secure.gravatar.com\/avatar\/68cfafa5f44617fea54071e215026e0ff06be366c3d54a8425f04fdcb86f8c5f?s=96&d=mm&r=g","contentUrl":"https:\/\/secure.gravatar.com\/avatar\/68cfafa5f44617fea54071e215026e0ff06be366c3d54a8425f04fdcb86f8c5f?s=96&d=mm&r=g","caption":"@sscc"},"url":"https:\/\/www.padreeustaquio.com.br\/es\/author\/sscc\/"}]}},"_links":{"self":[{"href":"https:\/\/www.padreeustaquio.com.br\/es\/wp-json\/wp\/v2\/posts\/9958","targetHints":{"allow":["GET"]}}],"collection":[{"href":"https:\/\/www.padreeustaquio.com.br\/es\/wp-json\/wp\/v2\/posts"}],"about":[{"href":"https:\/\/www.padreeustaquio.com.br\/es\/wp-json\/wp\/v2\/types\/post"}],"author":[{"embeddable":true,"href":"https:\/\/www.padreeustaquio.com.br\/es\/wp-json\/wp\/v2\/users\/2"}],"replies":[{"embeddable":true,"href":"https:\/\/www.padreeustaquio.com.br\/es\/wp-json\/wp\/v2\/comments?post=9958"}],"version-history":[{"count":0,"href":"https:\/\/www.padreeustaquio.com.br\/es\/wp-json\/wp\/v2\/posts\/9958\/revisions"}],"wp:featuredmedia":[{"embeddable":true,"href":"https:\/\/www.padreeustaquio.com.br\/es\/wp-json\/wp\/v2\/media\/9959"}],"wp:attachment":[{"href":"https:\/\/www.padreeustaquio.com.br\/es\/wp-json\/wp\/v2\/media?parent=9958"}],"wp:term":[{"taxonomy":"category","embeddable":true,"href":"https:\/\/www.padreeustaquio.com.br\/es\/wp-json\/wp\/v2\/categories?post=9958"},{"taxonomy":"post_tag","embeddable":true,"href":"https:\/\/www.padreeustaquio.com.br\/es\/wp-json\/wp\/v2\/tags?post=9958"}],"curies":[{"name":"wp","href":"https:\/\/api.w.org\/{rel}","templated":true}]}}