{"id":9953,"date":"2023-02-27T08:45:32","date_gmt":"2023-02-27T11:45:32","guid":{"rendered":"https:\/\/www.padreeustaquio.com.br\/?p=9953"},"modified":"2023-02-27T08:48:01","modified_gmt":"2023-02-27T11:48:01","slug":"se-formara-un-coro-infantil-y-juvenil-en-el-santuario-de-salud-y-paz","status":"publish","type":"post","link":"https:\/\/www.padreeustaquio.com.br\/es\/se-formara-un-coro-infantil-y-juvenil-en-el-santuario-de-salud-y-paz\/","title":{"rendered":"Se formar\u00e1 un coro infantil y juvenil en el Santuario de Salud y Paz."},"content":{"rendered":"<p>El grupo de canto del Santuario de Salud y Paz, Iglesia del Beato Padre Eustaquio, est\u00e1 formando un coro infantil y juvenil. La idea es que el grupo ensaye para presentaciones y eventos en la iglesia.<\/p>\n\n\n\n<p>Los ni\u00f1os de 6 a\u00f1os o m\u00e1s pueden participar en el coro. La primera reuni\u00f3n ser\u00e1 el s\u00e1bado 4 de marzo en el Sal\u00f3n Principal del Santuario. Los interesados solo tienen que presentarse en el lugar el d\u00eda y la hora indicados; no es necesario registrarse.<\/p>\n\n\n\n<p>Para participar en el coro no es necesario tener experiencia con la m\u00fasica o con coros, s\u00f3lo es necesario tener inter\u00e9s en formar parte del grupo de canto.<\/p>\n\n\n\n<p><\/p>","protected":false},"excerpt":{"rendered":"<p>A equipe de canto do Santu\u00e1rio da Sa\u00fade e da Paz, Igreja do Beato Padre Eust\u00e1quio, est\u00e1 formando um coral infantojuvenil. A ideia \u00e9 que o grupo seja ensaiado para apresenta\u00e7\u00f5es a anima\u00e7\u00f5es na igreja. Podem participar do coral crian\u00e7as com 6 anos ou mais. O primeiro encontro ser\u00e1 no s\u00e1bado, 04 de mar\u00e7o, no Sal\u00e3o Nobre do Santu\u00e1rio. Quem estiver interessado basta comparecer ao local na data e hor\u00e1rio, n\u00e3o \u00e9 necess\u00e1rio fazer inscri\u00e7\u00e3o. Para participar do Coral n\u00e3o \u00e9 preciso ter experi\u00eancia com m\u00fasica e coral, basta ter interesse em fazer parte do grupo de canto.<\/p>","protected":false},"author":2,"featured_media":9954,"comment_status":"open","ping_status":"closed","sticky":false,"template":"","format":"standard","meta":{"_acf_changed":false,"footnotes":""},"categories":[611],"tags":[],"class_list":["post-9953","post","type-post","status-publish","format-standard","has-post-thumbnail","hentry","category-noticias"],"acf":[],"yoast_head":"<!-- This site is optimized with the Yoast SEO plugin v27.2 - https:\/\/yoast.com\/product\/yoast-seo-wordpress\/ -->\n<title>Coral Infantojuvenil ser\u00e1 formado no Santu\u00e1rio da Sa\u00fade e da Paz<\/title>\n<meta name=\"description\" content=\"A equipe de canto do Santu\u00e1rio da Sa\u00fade e da Paz, Igreja do Beato Padre Eust\u00e1quio, est\u00e1 formando um coral infanto-juvenil. A ideia \u00e9 que o grupo seja ensaiado para apresenta\u00e7\u00f5es a anima\u00e7\u00f5es na igreja.\" \/>\n<meta name=\"robots\" content=\"index, follow, max-snippet:-1, max-image-preview:large, max-video-preview:-1\" \/>\n<link rel=\"canonical\" href=\"https:\/\/www.padreeustaquio.com.br\/es\/se-formara-un-coro-infantil-y-juvenil-en-el-santuario-de-salud-y-paz\/\" \/>\n<meta property=\"og:locale\" content=\"es_ES\" \/>\n<meta property=\"og:type\" content=\"article\" \/>\n<meta property=\"og:title\" content=\"Coral Infantojuvenil ser\u00e1 formado no Santu\u00e1rio da Sa\u00fade e da Paz\" \/>\n<meta property=\"og:description\" content=\"A equipe de canto do Santu\u00e1rio da Sa\u00fade e da Paz, Igreja do Beato Padre Eust\u00e1quio, est\u00e1 formando um coral infanto-juvenil. A ideia \u00e9 que o grupo seja ensaiado para apresenta\u00e7\u00f5es a anima\u00e7\u00f5es na igreja.\" \/>\n<meta property=\"og:url\" content=\"https:\/\/www.padreeustaquio.com.br\/es\/se-formara-un-coro-infantil-y-juvenil-en-el-santuario-de-salud-y-paz\/\" \/>\n<meta property=\"og:site_name\" content=\"Padre Eust\u00e1quio\" \/>\n<meta property=\"article:publisher\" content=\"https:\/\/www.facebook.com\/beatopadreeustaquio\/\" \/>\n<meta property=\"article:published_time\" content=\"2023-02-27T11:45:32+00:00\" \/>\n<meta property=\"article:modified_time\" content=\"2023-02-27T11:48:01+00:00\" \/>\n<meta property=\"og:image\" content=\"https:\/\/www.padreeustaquio.com.br\/wp-content\/uploads\/2023\/02\/imagem-coral-generica.jpeg\" \/>\n\t<meta property=\"og:image:width\" content=\"1600\" \/>\n\t<meta property=\"og:image:height\" content=\"900\" \/>\n\t<meta property=\"og:image:type\" content=\"image\/jpeg\" \/>\n<meta name=\"author\" content=\"@sscc\" \/>\n<meta name=\"twitter:card\" content=\"summary_large_image\" \/>\n<meta name=\"twitter:creator\" content=\"@beatopeustaquio\" \/>\n<meta name=\"twitter:site\" content=\"@beatopeustaquio\" \/>\n<meta name=\"twitter:label1\" content=\"Escrito por\" \/>\n\t<meta name=\"twitter:data1\" content=\"@sscc\" \/>\n\t<meta name=\"twitter:label2\" content=\"Tiempo de lectura\" \/>\n\t<meta name=\"twitter:data2\" content=\"1 minuto\" \/>\n<script type=\"application\/ld+json\" class=\"yoast-schema-graph\">{\"@context\":\"https:\/\/schema.org\",\"@graph\":[{\"@type\":\"Article\",\"@id\":\"https:\/\/www.padreeustaquio.com.br\/coral-infanto-juvenil-sera-formado-no-santuario-da-saude-e-da-paz\/#article\",\"isPartOf\":{\"@id\":\"https:\/\/www.padreeustaquio.com.br\/coral-infanto-juvenil-sera-formado-no-santuario-da-saude-e-da-paz\/\"},\"author\":{\"name\":\"@sscc\",\"@id\":\"https:\/\/www.padreeustaquio.com.br\/#\/schema\/person\/a2a51db1d00f1a7af0204a0f1ddb1566\"},\"headline\":\"Coral Infantojuvenil ser\u00e1 formado no Santu\u00e1rio da Sa\u00fade e da Paz\",\"datePublished\":\"2023-02-27T11:45:32+00:00\",\"dateModified\":\"2023-02-27T11:48:01+00:00\",\"mainEntityOfPage\":{\"@id\":\"https:\/\/www.padreeustaquio.com.br\/coral-infanto-juvenil-sera-formado-no-santuario-da-saude-e-da-paz\/\"},\"wordCount\":123,\"commentCount\":0,\"publisher\":{\"@id\":\"https:\/\/www.padreeustaquio.com.br\/#organization\"},\"image\":{\"@id\":\"https:\/\/www.padreeustaquio.com.br\/coral-infanto-juvenil-sera-formado-no-santuario-da-saude-e-da-paz\/#primaryimage\"},\"thumbnailUrl\":\"https:\/\/www.padreeustaquio.com.br\/wp-content\/uploads\/2023\/02\/imagem-coral-generica.jpeg\",\"articleSection\":[\"Not\u00edcias\"],\"inLanguage\":\"es\",\"potentialAction\":[{\"@type\":\"CommentAction\",\"name\":\"Comment\",\"target\":[\"https:\/\/www.padreeustaquio.com.br\/coral-infanto-juvenil-sera-formado-no-santuario-da-saude-e-da-paz\/#respond\"]}]},{\"@type\":\"WebPage\",\"@id\":\"https:\/\/www.padreeustaquio.com.br\/coral-infanto-juvenil-sera-formado-no-santuario-da-saude-e-da-paz\/\",\"url\":\"https:\/\/www.padreeustaquio.com.br\/coral-infanto-juvenil-sera-formado-no-santuario-da-saude-e-da-paz\/\",\"name\":\"Coral Infantojuvenil ser\u00e1 formado no Santu\u00e1rio da Sa\u00fade e da Paz\",\"isPartOf\":{\"@id\":\"https:\/\/www.padreeustaquio.com.br\/#website\"},\"primaryImageOfPage\":{\"@id\":\"https:\/\/www.padreeustaquio.com.br\/coral-infanto-juvenil-sera-formado-no-santuario-da-saude-e-da-paz\/#primaryimage\"},\"image\":{\"@id\":\"https:\/\/www.padreeustaquio.com.br\/coral-infanto-juvenil-sera-formado-no-santuario-da-saude-e-da-paz\/#primaryimage\"},\"thumbnailUrl\":\"https:\/\/www.padreeustaquio.com.br\/wp-content\/uploads\/2023\/02\/imagem-coral-generica.jpeg\",\"datePublished\":\"2023-02-27T11:45:32+00:00\",\"dateModified\":\"2023-02-27T11:48:01+00:00\",\"description\":\"A equipe de canto do Santu\u00e1rio da Sa\u00fade e da Paz, Igreja do Beato Padre Eust\u00e1quio, est\u00e1 formando um coral infanto-juvenil. A ideia \u00e9 que o grupo seja ensaiado para apresenta\u00e7\u00f5es a anima\u00e7\u00f5es na igreja.\",\"breadcrumb\":{\"@id\":\"https:\/\/www.padreeustaquio.com.br\/coral-infanto-juvenil-sera-formado-no-santuario-da-saude-e-da-paz\/#breadcrumb\"},\"inLanguage\":\"es\",\"potentialAction\":[{\"@type\":\"ReadAction\",\"target\":[\"https:\/\/www.padreeustaquio.com.br\/coral-infanto-juvenil-sera-formado-no-santuario-da-saude-e-da-paz\/\"]}]},{\"@type\":\"ImageObject\",\"inLanguage\":\"es\",\"@id\":\"https:\/\/www.padreeustaquio.com.br\/coral-infanto-juvenil-sera-formado-no-santuario-da-saude-e-da-paz\/#primaryimage\",\"url\":\"https:\/\/www.padreeustaquio.com.br\/wp-content\/uploads\/2023\/02\/imagem-coral-generica.jpeg\",\"contentUrl\":\"https:\/\/www.padreeustaquio.com.br\/wp-content\/uploads\/2023\/02\/imagem-coral-generica.jpeg\",\"width\":1600,\"height\":900},{\"@type\":\"BreadcrumbList\",\"@id\":\"https:\/\/www.padreeustaquio.com.br\/coral-infanto-juvenil-sera-formado-no-santuario-da-saude-e-da-paz\/#breadcrumb\",\"itemListElement\":[{\"@type\":\"ListItem\",\"position\":1,\"name\":\"In\u00edcio\",\"item\":\"https:\/\/www.padreeustaquio.com.br\/\"},{\"@type\":\"ListItem\",\"position\":2,\"name\":\"Coral Infantojuvenil ser\u00e1 formado no Santu\u00e1rio da Sa\u00fade e da Paz\"}]},{\"@type\":\"WebSite\",\"@id\":\"https:\/\/www.padreeustaquio.com.br\/#website\",\"url\":\"https:\/\/www.padreeustaquio.com.br\/\",\"name\":\"Padre Eust\u00e1quio\",\"description\":\"Sa\u00fade e Paz\",\"publisher\":{\"@id\":\"https:\/\/www.padreeustaquio.com.br\/#organization\"},\"potentialAction\":[{\"@type\":\"SearchAction\",\"target\":{\"@type\":\"EntryPoint\",\"urlTemplate\":\"https:\/\/www.padreeustaquio.com.br\/?s={search_term_string}\"},\"query-input\":{\"@type\":\"PropertyValueSpecification\",\"valueRequired\":true,\"valueName\":\"search_term_string\"}}],\"inLanguage\":\"es\"},{\"@type\":\"Organization\",\"@id\":\"https:\/\/www.padreeustaquio.com.br\/#organization\",\"name\":\"Padre Eust\u00e1quio\",\"url\":\"https:\/\/www.padreeustaquio.com.br\/\",\"logo\":{\"@type\":\"ImageObject\",\"inLanguage\":\"es\",\"@id\":\"https:\/\/www.padreeustaquio.com.br\/#\/schema\/logo\/image\/\",\"url\":\"https:\/\/www.padreeustaquio.com.br\/wp-content\/uploads\/2019\/08\/marca.png\",\"contentUrl\":\"https:\/\/www.padreeustaquio.com.br\/wp-content\/uploads\/2019\/08\/marca.png\",\"width\":350,\"height\":400,\"caption\":\"Padre Eust\u00e1quio\"},\"image\":{\"@id\":\"https:\/\/www.padreeustaquio.com.br\/#\/schema\/logo\/image\/\"},\"sameAs\":[\"https:\/\/www.facebook.com\/beatopadreeustaquio\/\",\"https:\/\/x.com\/beatopeustaquio\",\"https:\/\/www.instagram.com\/beatopadreeustaquio\/\",\"https:\/\/www.youtube.com\/channel\/UCRhw7vfabnajwLxb1ZXMeIw\"]},{\"@type\":\"Person\",\"@id\":\"https:\/\/www.padreeustaquio.com.br\/#\/schema\/person\/a2a51db1d00f1a7af0204a0f1ddb1566\",\"name\":\"@sscc\",\"image\":{\"@type\":\"ImageObject\",\"inLanguage\":\"es\",\"@id\":\"https:\/\/secure.gravatar.com\/avatar\/68cfafa5f44617fea54071e215026e0ff06be366c3d54a8425f04fdcb86f8c5f?s=96&d=mm&r=g\",\"url\":\"https:\/\/secure.gravatar.com\/avatar\/68cfafa5f44617fea54071e215026e0ff06be366c3d54a8425f04fdcb86f8c5f?s=96&d=mm&r=g\",\"contentUrl\":\"https:\/\/secure.gravatar.com\/avatar\/68cfafa5f44617fea54071e215026e0ff06be366c3d54a8425f04fdcb86f8c5f?s=96&d=mm&r=g\",\"caption\":\"@sscc\"},\"url\":\"https:\/\/www.padreeustaquio.com.br\/es\/author\/sscc\/\"}]}<\/script>\n<!-- \/ Yoast SEO plugin. -->","yoast_head_json":{"title":"Se formar\u00e1 un coro infantil y juvenil en el Santuario de Salud y Paz.","description":"El coro del Santuario de Salud y Paz, Iglesia del Beato Padre Eustaquio, est\u00e1 formando un coro infantil y juvenil. La idea es que el grupo ensaye para presentaciones y eventos en la iglesia.","robots":{"index":"index","follow":"follow","max-snippet":"max-snippet:-1","max-image-preview":"max-image-preview:large","max-video-preview":"max-video-preview:-1"},"canonical":"https:\/\/www.padreeustaquio.com.br\/es\/se-formara-un-coro-infantil-y-juvenil-en-el-santuario-de-salud-y-paz\/","og_locale":"es_ES","og_type":"article","og_title":"Coral Infantojuvenil ser\u00e1 formado no Santu\u00e1rio da Sa\u00fade e da Paz","og_description":"A equipe de canto do Santu\u00e1rio da Sa\u00fade e da Paz, Igreja do Beato Padre Eust\u00e1quio, est\u00e1 formando um coral infanto-juvenil. A ideia \u00e9 que o grupo seja ensaiado para apresenta\u00e7\u00f5es a anima\u00e7\u00f5es na igreja.","og_url":"https:\/\/www.padreeustaquio.com.br\/es\/se-formara-un-coro-infantil-y-juvenil-en-el-santuario-de-salud-y-paz\/","og_site_name":"Padre Eust\u00e1quio","article_publisher":"https:\/\/www.facebook.com\/beatopadreeustaquio\/","article_published_time":"2023-02-27T11:45:32+00:00","article_modified_time":"2023-02-27T11:48:01+00:00","og_image":[{"width":1600,"height":900,"url":"https:\/\/www.padreeustaquio.com.br\/wp-content\/uploads\/2023\/02\/imagem-coral-generica.jpeg","type":"image\/jpeg"}],"author":"@sscc","twitter_card":"summary_large_image","twitter_creator":"@beatopeustaquio","twitter_site":"@beatopeustaquio","twitter_misc":{"Escrito por":"@sscc","Tiempo de lectura":"1 minuto"},"schema":{"@context":"https:\/\/schema.org","@graph":[{"@type":"Article","@id":"https:\/\/www.padreeustaquio.com.br\/coral-infanto-juvenil-sera-formado-no-santuario-da-saude-e-da-paz\/#article","isPartOf":{"@id":"https:\/\/www.padreeustaquio.com.br\/coral-infanto-juvenil-sera-formado-no-santuario-da-saude-e-da-paz\/"},"author":{"name":"@sscc","@id":"https:\/\/www.padreeustaquio.com.br\/#\/schema\/person\/a2a51db1d00f1a7af0204a0f1ddb1566"},"headline":"Coral Infantojuvenil ser\u00e1 formado no Santu\u00e1rio da Sa\u00fade e da Paz","datePublished":"2023-02-27T11:45:32+00:00","dateModified":"2023-02-27T11:48:01+00:00","mainEntityOfPage":{"@id":"https:\/\/www.padreeustaquio.com.br\/coral-infanto-juvenil-sera-formado-no-santuario-da-saude-e-da-paz\/"},"wordCount":123,"commentCount":0,"publisher":{"@id":"https:\/\/www.padreeustaquio.com.br\/#organization"},"image":{"@id":"https:\/\/www.padreeustaquio.com.br\/coral-infanto-juvenil-sera-formado-no-santuario-da-saude-e-da-paz\/#primaryimage"},"thumbnailUrl":"https:\/\/www.padreeustaquio.com.br\/wp-content\/uploads\/2023\/02\/imagem-coral-generica.jpeg","articleSection":["Not\u00edcias"],"inLanguage":"es","potentialAction":[{"@type":"CommentAction","name":"Comment","target":["https:\/\/www.padreeustaquio.com.br\/coral-infanto-juvenil-sera-formado-no-santuario-da-saude-e-da-paz\/#respond"]}]},{"@type":"WebPage","@id":"https:\/\/www.padreeustaquio.com.br\/coral-infanto-juvenil-sera-formado-no-santuario-da-saude-e-da-paz\/","url":"https:\/\/www.padreeustaquio.com.br\/coral-infanto-juvenil-sera-formado-no-santuario-da-saude-e-da-paz\/","name":"Se formar\u00e1 un coro infantil y juvenil en el Santuario de Salud y Paz.","isPartOf":{"@id":"https:\/\/www.padreeustaquio.com.br\/#website"},"primaryImageOfPage":{"@id":"https:\/\/www.padreeustaquio.com.br\/coral-infanto-juvenil-sera-formado-no-santuario-da-saude-e-da-paz\/#primaryimage"},"image":{"@id":"https:\/\/www.padreeustaquio.com.br\/coral-infanto-juvenil-sera-formado-no-santuario-da-saude-e-da-paz\/#primaryimage"},"thumbnailUrl":"https:\/\/www.padreeustaquio.com.br\/wp-content\/uploads\/2023\/02\/imagem-coral-generica.jpeg","datePublished":"2023-02-27T11:45:32+00:00","dateModified":"2023-02-27T11:48:01+00:00","description":"El coro del Santuario de Salud y Paz, Iglesia del Beato Padre Eustaquio, est\u00e1 formando un coro infantil y juvenil. La idea es que el grupo ensaye para presentaciones y eventos en la iglesia.","breadcrumb":{"@id":"https:\/\/www.padreeustaquio.com.br\/coral-infanto-juvenil-sera-formado-no-santuario-da-saude-e-da-paz\/#breadcrumb"},"inLanguage":"es","potentialAction":[{"@type":"ReadAction","target":["https:\/\/www.padreeustaquio.com.br\/coral-infanto-juvenil-sera-formado-no-santuario-da-saude-e-da-paz\/"]}]},{"@type":"ImageObject","inLanguage":"es","@id":"https:\/\/www.padreeustaquio.com.br\/coral-infanto-juvenil-sera-formado-no-santuario-da-saude-e-da-paz\/#primaryimage","url":"https:\/\/www.padreeustaquio.com.br\/wp-content\/uploads\/2023\/02\/imagem-coral-generica.jpeg","contentUrl":"https:\/\/www.padreeustaquio.com.br\/wp-content\/uploads\/2023\/02\/imagem-coral-generica.jpeg","width":1600,"height":900},{"@type":"BreadcrumbList","@id":"https:\/\/www.padreeustaquio.com.br\/coral-infanto-juvenil-sera-formado-no-santuario-da-saude-e-da-paz\/#breadcrumb","itemListElement":[{"@type":"ListItem","position":1,"name":"In\u00edcio","item":"https:\/\/www.padreeustaquio.com.br\/"},{"@type":"ListItem","position":2,"name":"Coral Infantojuvenil ser\u00e1 formado no Santu\u00e1rio da Sa\u00fade e da Paz"}]},{"@type":"WebSite","@id":"https:\/\/www.padreeustaquio.com.br\/#website","url":"https:\/\/www.padreeustaquio.com.br\/","name":"Padre Eustace","description":"Salud y Paz","publisher":{"@id":"https:\/\/www.padreeustaquio.com.br\/#organization"},"potentialAction":[{"@type":"SearchAction","target":{"@type":"EntryPoint","urlTemplate":"https:\/\/www.padreeustaquio.com.br\/?s={search_term_string}"},"query-input":{"@type":"PropertyValueSpecification","valueRequired":true,"valueName":"search_term_string"}}],"inLanguage":"es"},{"@type":"Organization","@id":"https:\/\/www.padreeustaquio.com.br\/#organization","name":"Padre Eustace","url":"https:\/\/www.padreeustaquio.com.br\/","logo":{"@type":"ImageObject","inLanguage":"es","@id":"https:\/\/www.padreeustaquio.com.br\/#\/schema\/logo\/image\/","url":"https:\/\/www.padreeustaquio.com.br\/wp-content\/uploads\/2019\/08\/marca.png","contentUrl":"https:\/\/www.padreeustaquio.com.br\/wp-content\/uploads\/2019\/08\/marca.png","width":350,"height":400,"caption":"Padre Eust\u00e1quio"},"image":{"@id":"https:\/\/www.padreeustaquio.com.br\/#\/schema\/logo\/image\/"},"sameAs":["https:\/\/www.facebook.com\/beatopadreeustaquio\/","https:\/\/x.com\/beatopeustaquio","https:\/\/www.instagram.com\/beatopadreeustaquio\/","https:\/\/www.youtube.com\/channel\/UCRhw7vfabnajwLxb1ZXMeIw"]},{"@type":"Person","@id":"https:\/\/www.padreeustaquio.com.br\/#\/schema\/person\/a2a51db1d00f1a7af0204a0f1ddb1566","name":"@sscc","image":{"@type":"ImageObject","inLanguage":"es","@id":"https:\/\/secure.gravatar.com\/avatar\/68cfafa5f44617fea54071e215026e0ff06be366c3d54a8425f04fdcb86f8c5f?s=96&d=mm&r=g","url":"https:\/\/secure.gravatar.com\/avatar\/68cfafa5f44617fea54071e215026e0ff06be366c3d54a8425f04fdcb86f8c5f?s=96&d=mm&r=g","contentUrl":"https:\/\/secure.gravatar.com\/avatar\/68cfafa5f44617fea54071e215026e0ff06be366c3d54a8425f04fdcb86f8c5f?s=96&d=mm&r=g","caption":"@sscc"},"url":"https:\/\/www.padreeustaquio.com.br\/es\/author\/sscc\/"}]}},"_links":{"self":[{"href":"https:\/\/www.padreeustaquio.com.br\/es\/wp-json\/wp\/v2\/posts\/9953","targetHints":{"allow":["GET"]}}],"collection":[{"href":"https:\/\/www.padreeustaquio.com.br\/es\/wp-json\/wp\/v2\/posts"}],"about":[{"href":"https:\/\/www.padreeustaquio.com.br\/es\/wp-json\/wp\/v2\/types\/post"}],"author":[{"embeddable":true,"href":"https:\/\/www.padreeustaquio.com.br\/es\/wp-json\/wp\/v2\/users\/2"}],"replies":[{"embeddable":true,"href":"https:\/\/www.padreeustaquio.com.br\/es\/wp-json\/wp\/v2\/comments?post=9953"}],"version-history":[{"count":0,"href":"https:\/\/www.padreeustaquio.com.br\/es\/wp-json\/wp\/v2\/posts\/9953\/revisions"}],"wp:featuredmedia":[{"embeddable":true,"href":"https:\/\/www.padreeustaquio.com.br\/es\/wp-json\/wp\/v2\/media\/9954"}],"wp:attachment":[{"href":"https:\/\/www.padreeustaquio.com.br\/es\/wp-json\/wp\/v2\/media?parent=9953"}],"wp:term":[{"taxonomy":"category","embeddable":true,"href":"https:\/\/www.padreeustaquio.com.br\/es\/wp-json\/wp\/v2\/categories?post=9953"},{"taxonomy":"post_tag","embeddable":true,"href":"https:\/\/www.padreeustaquio.com.br\/es\/wp-json\/wp\/v2\/tags?post=9953"}],"curies":[{"name":"wp","href":"https:\/\/api.w.org\/{rel}","templated":true}]}}