{"id":9949,"date":"2023-02-24T10:00:58","date_gmt":"2023-02-24T13:00:58","guid":{"rendered":"https:\/\/www.padreeustaquio.com.br\/?p=9949"},"modified":"2023-02-24T10:00:59","modified_gmt":"2023-02-24T13:00:59","slug":"servicio-de-animacion-vocacional-promueve-encuentros-online","status":"publish","type":"post","link":"https:\/\/www.padreeustaquio.com.br\/es\/servicio-de-animacion-vocacional-promueve-encuentros-online\/","title":{"rendered":"El Servicio de Animaci\u00f3n Vocacional promueve encuentros online"},"content":{"rendered":"<p>El SAV (Servicio de Animaci\u00f3n Vocacional) promover\u00e1 el primer Encuentro Vocacional del 2023 (formato online), una oportunidad para discernir el llamado de Dios.<\/p>\n\n\n\n<p>El 25 de febrero, a las 19:30 h, se llevar\u00e1 a cabo el Encuentro Vocacional de los Sagrados Corazones (en l\u00ednea). Este encuentro servir\u00e1 como espacio de oraci\u00f3n, comprensi\u00f3n mutua e intercambio de experiencias. Se considera un primer contacto con la vida religiosa consagrada, dirigido a hombres de entre 16 y 36 a\u00f1os que desean descubrir y discernir el llamado de Dios a ser sacerdotes y\/o religiosos.<\/p>\n\n\n\n<p>Para inscribirse y participar, debe contactar con el SAV \u2013 Servicio de Animaci\u00f3n Vocacional para inscribirse, que tambi\u00e9n es gratuito. Puede hacerlo por WhatsApp: (31) 99315-6664, por correo electr\u00f3nico: vocacional@sscc.org.br o por redes sociales: Instagram: @sav_sscc o Facebook: Voca\u00e7\u00f5es Sagrados Cora\u00e7\u00f5es.<\/p>\n\n\n\n<p>Ven a descubrir tu vocaci\u00f3n con nosotros.<\/p>","protected":false},"excerpt":{"rendered":"<p>O SAV (Servi\u00e7o de Anima\u00e7\u00e3o Vocacional) promover\u00e1 o primeiro Encontro Vocacional de 2023 (Modalidade online). uma oportunidade de discernir o chamado de Deus. No dia 25 de fevereiro, \u00e0s 19h30, ocorrer\u00e1 o Encontro Vocacional Sagrados Cora\u00e7\u00f5es (Modalidade online). O encontro servir\u00e1 como um espa\u00e7o de ora\u00e7\u00e3o, conhecimento m\u00fatuo e partilha de experi\u00eancia. Este \u00e9 considerado um primeiro contato com a vida religiosa consagrada, destinado a homens de 16 a 36 anos que desejam descobrir e discernir o chamado de Deus para ser padre e\/ou religioso. Para se inscrever e participar a pessoa precisa entrar em contato com o SAV \u2013 [&hellip;]<\/p>\n","protected":false},"author":2,"featured_media":9950,"comment_status":"open","ping_status":"closed","sticky":false,"template":"","format":"standard","meta":{"_acf_changed":false,"footnotes":""},"categories":[611],"tags":[],"class_list":["post-9949","post","type-post","status-publish","format-standard","has-post-thumbnail","hentry","category-noticias"],"acf":[],"yoast_head":"<!-- This site is optimized with the Yoast SEO plugin v27.2 - https:\/\/yoast.com\/product\/yoast-seo-wordpress\/ -->\n<title>Servi\u00e7o de Anima\u00e7\u00e3o Vocacional promove encontro online - Padre Eust\u00e1quio<\/title>\n<meta name=\"description\" content=\"O SAV (Servi\u00e7o de Anima\u00e7\u00e3o Vocacional) promover\u00e1 o primeiro Encontro Vocacional de 2023 (Modalidade online). uma oportunidade de discernir o chamado de Deus.\" \/>\n<meta name=\"robots\" content=\"index, follow, max-snippet:-1, max-image-preview:large, max-video-preview:-1\" \/>\n<link rel=\"canonical\" href=\"https:\/\/www.padreeustaquio.com.br\/es\/servicio-de-animacion-vocacional-promueve-encuentros-online\/\" \/>\n<meta property=\"og:locale\" content=\"es_ES\" \/>\n<meta property=\"og:type\" content=\"article\" \/>\n<meta property=\"og:title\" content=\"Servi\u00e7o de Anima\u00e7\u00e3o Vocacional promove encontro online - Padre Eust\u00e1quio\" \/>\n<meta property=\"og:description\" content=\"O SAV (Servi\u00e7o de Anima\u00e7\u00e3o Vocacional) promover\u00e1 o primeiro Encontro Vocacional de 2023 (Modalidade online). uma oportunidade de discernir o chamado de Deus.\" \/>\n<meta property=\"og:url\" content=\"https:\/\/www.padreeustaquio.com.br\/es\/servicio-de-animacion-vocacional-promueve-encuentros-online\/\" \/>\n<meta property=\"og:site_name\" content=\"Padre Eust\u00e1quio\" \/>\n<meta property=\"article:publisher\" content=\"https:\/\/www.facebook.com\/beatopadreeustaquio\/\" \/>\n<meta property=\"article:published_time\" content=\"2023-02-24T13:00:58+00:00\" \/>\n<meta property=\"article:modified_time\" content=\"2023-02-24T13:00:59+00:00\" \/>\n<meta property=\"og:image\" content=\"https:\/\/www.padreeustaquio.com.br\/wp-content\/uploads\/2023\/02\/WhatsApp-Image-2023-02-24-at-09.00.41.jpeg\" \/>\n\t<meta property=\"og:image:width\" content=\"1600\" \/>\n\t<meta property=\"og:image:height\" content=\"900\" \/>\n\t<meta property=\"og:image:type\" content=\"image\/jpeg\" \/>\n<meta name=\"author\" content=\"@sscc\" \/>\n<meta name=\"twitter:card\" content=\"summary_large_image\" \/>\n<meta name=\"twitter:creator\" content=\"@beatopeustaquio\" \/>\n<meta name=\"twitter:site\" content=\"@beatopeustaquio\" \/>\n<meta name=\"twitter:label1\" content=\"Escrito por\" \/>\n\t<meta name=\"twitter:data1\" content=\"@sscc\" \/>\n\t<meta name=\"twitter:label2\" content=\"Tiempo de lectura\" \/>\n\t<meta name=\"twitter:data2\" content=\"1 minuto\" \/>\n<script type=\"application\/ld+json\" class=\"yoast-schema-graph\">{\"@context\":\"https:\/\/schema.org\",\"@graph\":[{\"@type\":\"Article\",\"@id\":\"https:\/\/www.padreeustaquio.com.br\/servico-de-animacao-vocacional-promove-encontro-online\/#article\",\"isPartOf\":{\"@id\":\"https:\/\/www.padreeustaquio.com.br\/servico-de-animacao-vocacional-promove-encontro-online\/\"},\"author\":{\"name\":\"@sscc\",\"@id\":\"https:\/\/www.padreeustaquio.com.br\/#\/schema\/person\/a2a51db1d00f1a7af0204a0f1ddb1566\"},\"headline\":\"Servi\u00e7o de Anima\u00e7\u00e3o Vocacional promove encontro online\",\"datePublished\":\"2023-02-24T13:00:58+00:00\",\"dateModified\":\"2023-02-24T13:00:59+00:00\",\"mainEntityOfPage\":{\"@id\":\"https:\/\/www.padreeustaquio.com.br\/servico-de-animacao-vocacional-promove-encontro-online\/\"},\"wordCount\":164,\"commentCount\":0,\"publisher\":{\"@id\":\"https:\/\/www.padreeustaquio.com.br\/#organization\"},\"image\":{\"@id\":\"https:\/\/www.padreeustaquio.com.br\/servico-de-animacao-vocacional-promove-encontro-online\/#primaryimage\"},\"thumbnailUrl\":\"https:\/\/www.padreeustaquio.com.br\/wp-content\/uploads\/2023\/02\/WhatsApp-Image-2023-02-24-at-09.00.41.jpeg\",\"articleSection\":[\"Not\u00edcias\"],\"inLanguage\":\"es\",\"potentialAction\":[{\"@type\":\"CommentAction\",\"name\":\"Comment\",\"target\":[\"https:\/\/www.padreeustaquio.com.br\/servico-de-animacao-vocacional-promove-encontro-online\/#respond\"]}]},{\"@type\":\"WebPage\",\"@id\":\"https:\/\/www.padreeustaquio.com.br\/servico-de-animacao-vocacional-promove-encontro-online\/\",\"url\":\"https:\/\/www.padreeustaquio.com.br\/servico-de-animacao-vocacional-promove-encontro-online\/\",\"name\":\"Servi\u00e7o de Anima\u00e7\u00e3o Vocacional promove encontro online - Padre Eust\u00e1quio\",\"isPartOf\":{\"@id\":\"https:\/\/www.padreeustaquio.com.br\/#website\"},\"primaryImageOfPage\":{\"@id\":\"https:\/\/www.padreeustaquio.com.br\/servico-de-animacao-vocacional-promove-encontro-online\/#primaryimage\"},\"image\":{\"@id\":\"https:\/\/www.padreeustaquio.com.br\/servico-de-animacao-vocacional-promove-encontro-online\/#primaryimage\"},\"thumbnailUrl\":\"https:\/\/www.padreeustaquio.com.br\/wp-content\/uploads\/2023\/02\/WhatsApp-Image-2023-02-24-at-09.00.41.jpeg\",\"datePublished\":\"2023-02-24T13:00:58+00:00\",\"dateModified\":\"2023-02-24T13:00:59+00:00\",\"description\":\"O SAV (Servi\u00e7o de Anima\u00e7\u00e3o Vocacional) promover\u00e1 o primeiro Encontro Vocacional de 2023 (Modalidade online). uma oportunidade de discernir o chamado de Deus.\",\"breadcrumb\":{\"@id\":\"https:\/\/www.padreeustaquio.com.br\/servico-de-animacao-vocacional-promove-encontro-online\/#breadcrumb\"},\"inLanguage\":\"es\",\"potentialAction\":[{\"@type\":\"ReadAction\",\"target\":[\"https:\/\/www.padreeustaquio.com.br\/servico-de-animacao-vocacional-promove-encontro-online\/\"]}]},{\"@type\":\"ImageObject\",\"inLanguage\":\"es\",\"@id\":\"https:\/\/www.padreeustaquio.com.br\/servico-de-animacao-vocacional-promove-encontro-online\/#primaryimage\",\"url\":\"https:\/\/www.padreeustaquio.com.br\/wp-content\/uploads\/2023\/02\/WhatsApp-Image-2023-02-24-at-09.00.41.jpeg\",\"contentUrl\":\"https:\/\/www.padreeustaquio.com.br\/wp-content\/uploads\/2023\/02\/WhatsApp-Image-2023-02-24-at-09.00.41.jpeg\",\"width\":1600,\"height\":900},{\"@type\":\"BreadcrumbList\",\"@id\":\"https:\/\/www.padreeustaquio.com.br\/servico-de-animacao-vocacional-promove-encontro-online\/#breadcrumb\",\"itemListElement\":[{\"@type\":\"ListItem\",\"position\":1,\"name\":\"In\u00edcio\",\"item\":\"https:\/\/www.padreeustaquio.com.br\/\"},{\"@type\":\"ListItem\",\"position\":2,\"name\":\"Servi\u00e7o de Anima\u00e7\u00e3o Vocacional promove encontro online\"}]},{\"@type\":\"WebSite\",\"@id\":\"https:\/\/www.padreeustaquio.com.br\/#website\",\"url\":\"https:\/\/www.padreeustaquio.com.br\/\",\"name\":\"Padre Eust\u00e1quio\",\"description\":\"Sa\u00fade e Paz\",\"publisher\":{\"@id\":\"https:\/\/www.padreeustaquio.com.br\/#organization\"},\"potentialAction\":[{\"@type\":\"SearchAction\",\"target\":{\"@type\":\"EntryPoint\",\"urlTemplate\":\"https:\/\/www.padreeustaquio.com.br\/?s={search_term_string}\"},\"query-input\":{\"@type\":\"PropertyValueSpecification\",\"valueRequired\":true,\"valueName\":\"search_term_string\"}}],\"inLanguage\":\"es\"},{\"@type\":\"Organization\",\"@id\":\"https:\/\/www.padreeustaquio.com.br\/#organization\",\"name\":\"Padre Eust\u00e1quio\",\"url\":\"https:\/\/www.padreeustaquio.com.br\/\",\"logo\":{\"@type\":\"ImageObject\",\"inLanguage\":\"es\",\"@id\":\"https:\/\/www.padreeustaquio.com.br\/#\/schema\/logo\/image\/\",\"url\":\"https:\/\/www.padreeustaquio.com.br\/wp-content\/uploads\/2019\/08\/marca.png\",\"contentUrl\":\"https:\/\/www.padreeustaquio.com.br\/wp-content\/uploads\/2019\/08\/marca.png\",\"width\":350,\"height\":400,\"caption\":\"Padre Eust\u00e1quio\"},\"image\":{\"@id\":\"https:\/\/www.padreeustaquio.com.br\/#\/schema\/logo\/image\/\"},\"sameAs\":[\"https:\/\/www.facebook.com\/beatopadreeustaquio\/\",\"https:\/\/x.com\/beatopeustaquio\",\"https:\/\/www.instagram.com\/beatopadreeustaquio\/\",\"https:\/\/www.youtube.com\/channel\/UCRhw7vfabnajwLxb1ZXMeIw\"]},{\"@type\":\"Person\",\"@id\":\"https:\/\/www.padreeustaquio.com.br\/#\/schema\/person\/a2a51db1d00f1a7af0204a0f1ddb1566\",\"name\":\"@sscc\",\"image\":{\"@type\":\"ImageObject\",\"inLanguage\":\"es\",\"@id\":\"https:\/\/secure.gravatar.com\/avatar\/68cfafa5f44617fea54071e215026e0ff06be366c3d54a8425f04fdcb86f8c5f?s=96&d=mm&r=g\",\"url\":\"https:\/\/secure.gravatar.com\/avatar\/68cfafa5f44617fea54071e215026e0ff06be366c3d54a8425f04fdcb86f8c5f?s=96&d=mm&r=g\",\"contentUrl\":\"https:\/\/secure.gravatar.com\/avatar\/68cfafa5f44617fea54071e215026e0ff06be366c3d54a8425f04fdcb86f8c5f?s=96&d=mm&r=g\",\"caption\":\"@sscc\"},\"url\":\"https:\/\/www.padreeustaquio.com.br\/es\/author\/sscc\/\"}]}<\/script>\n<!-- \/ Yoast SEO plugin. -->","yoast_head_json":{"title":"Servicio de Animaci\u00f3n Vocacional promueve encuentro en l\u00ednea - Padre Eust\u00e1quio","description":"El SAV (Servicio de Animaci\u00f3n Vocacional) promover\u00e1 el primer Encuentro Vocacional del 2023 (formato online), una oportunidad para discernir el llamado de Dios.","robots":{"index":"index","follow":"follow","max-snippet":"max-snippet:-1","max-image-preview":"max-image-preview:large","max-video-preview":"max-video-preview:-1"},"canonical":"https:\/\/www.padreeustaquio.com.br\/es\/servicio-de-animacion-vocacional-promueve-encuentros-online\/","og_locale":"es_ES","og_type":"article","og_title":"Servi\u00e7o de Anima\u00e7\u00e3o Vocacional promove encontro online - Padre Eust\u00e1quio","og_description":"O SAV (Servi\u00e7o de Anima\u00e7\u00e3o Vocacional) promover\u00e1 o primeiro Encontro Vocacional de 2023 (Modalidade online). uma oportunidade de discernir o chamado de Deus.","og_url":"https:\/\/www.padreeustaquio.com.br\/es\/servicio-de-animacion-vocacional-promueve-encuentros-online\/","og_site_name":"Padre Eust\u00e1quio","article_publisher":"https:\/\/www.facebook.com\/beatopadreeustaquio\/","article_published_time":"2023-02-24T13:00:58+00:00","article_modified_time":"2023-02-24T13:00:59+00:00","og_image":[{"width":1600,"height":900,"url":"https:\/\/www.padreeustaquio.com.br\/wp-content\/uploads\/2023\/02\/WhatsApp-Image-2023-02-24-at-09.00.41.jpeg","type":"image\/jpeg"}],"author":"@sscc","twitter_card":"summary_large_image","twitter_creator":"@beatopeustaquio","twitter_site":"@beatopeustaquio","twitter_misc":{"Escrito por":"@sscc","Tiempo de lectura":"1 minuto"},"schema":{"@context":"https:\/\/schema.org","@graph":[{"@type":"Article","@id":"https:\/\/www.padreeustaquio.com.br\/servico-de-animacao-vocacional-promove-encontro-online\/#article","isPartOf":{"@id":"https:\/\/www.padreeustaquio.com.br\/servico-de-animacao-vocacional-promove-encontro-online\/"},"author":{"name":"@sscc","@id":"https:\/\/www.padreeustaquio.com.br\/#\/schema\/person\/a2a51db1d00f1a7af0204a0f1ddb1566"},"headline":"Servi\u00e7o de Anima\u00e7\u00e3o Vocacional promove encontro online","datePublished":"2023-02-24T13:00:58+00:00","dateModified":"2023-02-24T13:00:59+00:00","mainEntityOfPage":{"@id":"https:\/\/www.padreeustaquio.com.br\/servico-de-animacao-vocacional-promove-encontro-online\/"},"wordCount":164,"commentCount":0,"publisher":{"@id":"https:\/\/www.padreeustaquio.com.br\/#organization"},"image":{"@id":"https:\/\/www.padreeustaquio.com.br\/servico-de-animacao-vocacional-promove-encontro-online\/#primaryimage"},"thumbnailUrl":"https:\/\/www.padreeustaquio.com.br\/wp-content\/uploads\/2023\/02\/WhatsApp-Image-2023-02-24-at-09.00.41.jpeg","articleSection":["Not\u00edcias"],"inLanguage":"es","potentialAction":[{"@type":"CommentAction","name":"Comment","target":["https:\/\/www.padreeustaquio.com.br\/servico-de-animacao-vocacional-promove-encontro-online\/#respond"]}]},{"@type":"WebPage","@id":"https:\/\/www.padreeustaquio.com.br\/servico-de-animacao-vocacional-promove-encontro-online\/","url":"https:\/\/www.padreeustaquio.com.br\/servico-de-animacao-vocacional-promove-encontro-online\/","name":"Servicio de Animaci\u00f3n Vocacional promueve encuentro en l\u00ednea - Padre Eust\u00e1quio","isPartOf":{"@id":"https:\/\/www.padreeustaquio.com.br\/#website"},"primaryImageOfPage":{"@id":"https:\/\/www.padreeustaquio.com.br\/servico-de-animacao-vocacional-promove-encontro-online\/#primaryimage"},"image":{"@id":"https:\/\/www.padreeustaquio.com.br\/servico-de-animacao-vocacional-promove-encontro-online\/#primaryimage"},"thumbnailUrl":"https:\/\/www.padreeustaquio.com.br\/wp-content\/uploads\/2023\/02\/WhatsApp-Image-2023-02-24-at-09.00.41.jpeg","datePublished":"2023-02-24T13:00:58+00:00","dateModified":"2023-02-24T13:00:59+00:00","description":"El SAV (Servicio de Animaci\u00f3n Vocacional) promover\u00e1 el primer Encuentro Vocacional del 2023 (formato online), una oportunidad para discernir el llamado de Dios.","breadcrumb":{"@id":"https:\/\/www.padreeustaquio.com.br\/servico-de-animacao-vocacional-promove-encontro-online\/#breadcrumb"},"inLanguage":"es","potentialAction":[{"@type":"ReadAction","target":["https:\/\/www.padreeustaquio.com.br\/servico-de-animacao-vocacional-promove-encontro-online\/"]}]},{"@type":"ImageObject","inLanguage":"es","@id":"https:\/\/www.padreeustaquio.com.br\/servico-de-animacao-vocacional-promove-encontro-online\/#primaryimage","url":"https:\/\/www.padreeustaquio.com.br\/wp-content\/uploads\/2023\/02\/WhatsApp-Image-2023-02-24-at-09.00.41.jpeg","contentUrl":"https:\/\/www.padreeustaquio.com.br\/wp-content\/uploads\/2023\/02\/WhatsApp-Image-2023-02-24-at-09.00.41.jpeg","width":1600,"height":900},{"@type":"BreadcrumbList","@id":"https:\/\/www.padreeustaquio.com.br\/servico-de-animacao-vocacional-promove-encontro-online\/#breadcrumb","itemListElement":[{"@type":"ListItem","position":1,"name":"In\u00edcio","item":"https:\/\/www.padreeustaquio.com.br\/"},{"@type":"ListItem","position":2,"name":"Servi\u00e7o de Anima\u00e7\u00e3o Vocacional promove encontro online"}]},{"@type":"WebSite","@id":"https:\/\/www.padreeustaquio.com.br\/#website","url":"https:\/\/www.padreeustaquio.com.br\/","name":"Padre Eustace","description":"Salud y Paz","publisher":{"@id":"https:\/\/www.padreeustaquio.com.br\/#organization"},"potentialAction":[{"@type":"SearchAction","target":{"@type":"EntryPoint","urlTemplate":"https:\/\/www.padreeustaquio.com.br\/?s={search_term_string}"},"query-input":{"@type":"PropertyValueSpecification","valueRequired":true,"valueName":"search_term_string"}}],"inLanguage":"es"},{"@type":"Organization","@id":"https:\/\/www.padreeustaquio.com.br\/#organization","name":"Padre Eustace","url":"https:\/\/www.padreeustaquio.com.br\/","logo":{"@type":"ImageObject","inLanguage":"es","@id":"https:\/\/www.padreeustaquio.com.br\/#\/schema\/logo\/image\/","url":"https:\/\/www.padreeustaquio.com.br\/wp-content\/uploads\/2019\/08\/marca.png","contentUrl":"https:\/\/www.padreeustaquio.com.br\/wp-content\/uploads\/2019\/08\/marca.png","width":350,"height":400,"caption":"Padre Eust\u00e1quio"},"image":{"@id":"https:\/\/www.padreeustaquio.com.br\/#\/schema\/logo\/image\/"},"sameAs":["https:\/\/www.facebook.com\/beatopadreeustaquio\/","https:\/\/x.com\/beatopeustaquio","https:\/\/www.instagram.com\/beatopadreeustaquio\/","https:\/\/www.youtube.com\/channel\/UCRhw7vfabnajwLxb1ZXMeIw"]},{"@type":"Person","@id":"https:\/\/www.padreeustaquio.com.br\/#\/schema\/person\/a2a51db1d00f1a7af0204a0f1ddb1566","name":"@sscc","image":{"@type":"ImageObject","inLanguage":"es","@id":"https:\/\/secure.gravatar.com\/avatar\/68cfafa5f44617fea54071e215026e0ff06be366c3d54a8425f04fdcb86f8c5f?s=96&d=mm&r=g","url":"https:\/\/secure.gravatar.com\/avatar\/68cfafa5f44617fea54071e215026e0ff06be366c3d54a8425f04fdcb86f8c5f?s=96&d=mm&r=g","contentUrl":"https:\/\/secure.gravatar.com\/avatar\/68cfafa5f44617fea54071e215026e0ff06be366c3d54a8425f04fdcb86f8c5f?s=96&d=mm&r=g","caption":"@sscc"},"url":"https:\/\/www.padreeustaquio.com.br\/es\/author\/sscc\/"}]}},"_links":{"self":[{"href":"https:\/\/www.padreeustaquio.com.br\/es\/wp-json\/wp\/v2\/posts\/9949","targetHints":{"allow":["GET"]}}],"collection":[{"href":"https:\/\/www.padreeustaquio.com.br\/es\/wp-json\/wp\/v2\/posts"}],"about":[{"href":"https:\/\/www.padreeustaquio.com.br\/es\/wp-json\/wp\/v2\/types\/post"}],"author":[{"embeddable":true,"href":"https:\/\/www.padreeustaquio.com.br\/es\/wp-json\/wp\/v2\/users\/2"}],"replies":[{"embeddable":true,"href":"https:\/\/www.padreeustaquio.com.br\/es\/wp-json\/wp\/v2\/comments?post=9949"}],"version-history":[{"count":0,"href":"https:\/\/www.padreeustaquio.com.br\/es\/wp-json\/wp\/v2\/posts\/9949\/revisions"}],"wp:featuredmedia":[{"embeddable":true,"href":"https:\/\/www.padreeustaquio.com.br\/es\/wp-json\/wp\/v2\/media\/9950"}],"wp:attachment":[{"href":"https:\/\/www.padreeustaquio.com.br\/es\/wp-json\/wp\/v2\/media?parent=9949"}],"wp:term":[{"taxonomy":"category","embeddable":true,"href":"https:\/\/www.padreeustaquio.com.br\/es\/wp-json\/wp\/v2\/categories?post=9949"},{"taxonomy":"post_tag","embeddable":true,"href":"https:\/\/www.padreeustaquio.com.br\/es\/wp-json\/wp\/v2\/tags?post=9949"}],"curies":[{"name":"wp","href":"https:\/\/api.w.org\/{rel}","templated":true}]}}