{"id":9933,"date":"2023-02-22T05:19:00","date_gmt":"2023-02-22T08:19:00","guid":{"rendered":"https:\/\/www.padreeustaquio.com.br\/?p=9933"},"modified":"2023-02-20T11:31:50","modified_gmt":"2023-02-20T14:31:50","slug":"comienza-hoy-la-campana-de-fraternidad-2023-que-abordara-el-hambre-en-brasil","status":"publish","type":"post","link":"https:\/\/www.padreeustaquio.com.br\/es\/comienza-hoy-la-campana-de-fraternidad-2023-que-abordara-el-hambre-en-brasil\/","title":{"rendered":"Comienza hoy la Campa\u00f1a de Fraternidad 2023 que abordar\u00e1 el hambre en Brasil.\u00a0"},"content":{"rendered":"<p>El lanzamiento oficial ocurre hoy, 22 de febrero, Mi\u00e9rcoles de Ceniza, en la sede de la CNBB en Brasilia (DF), y uno de los objetivos es proponer a los fieles un camino de conversi\u00f3n para no sucumbir a la cultura de la indiferencia ante el sufrimiento humano, como lo pide el Papa Francisco.\u00a0<\/p>\n\n\n\n<p>En nuestro Santuario se recordar\u00e1 la Campa\u00f1a en todas las Misas (donde tambi\u00e9n habr\u00e1 la imposici\u00f3n de ceniza)., <strong>a las 7, 10, 12, 15 y 19 horas<\/strong>, Las misas de las 10 am y 7 pm ser\u00e1n transmitidas por el Canal Padre Eust\u00e1quio en YouTube.<\/p>\n\n\n\n<p>Invitando a todos a considerar el hambre como punto de referencia para la reflexi\u00f3n y prop\u00f3sito de conversi\u00f3n, la Campa\u00f1a de Fraternidad de este a\u00f1o tiene como tema &quot;\u201c<strong>Fraternidad y hambre<\/strong>\u201dy el lema b\u00edblico, tomado de Mateo 14:16: <em>\u201c\u00a1Vosotros mismos dadles de comer!\u201d<\/em>.\u00a0<\/p>\n\n\n\n<p>En Brasil, m\u00e1s de 33 millones de personas padecen hambre, seg\u00fan la Red Brasile\u00f1a de Investigaci\u00f3n sobre Soberan\u00eda y Seguridad Alimentaria y Nutricional. La urgencia del problema ha llevado a la Conferencia Nacional de Obispos de Brasil (CNBB) a emprender, por tercera vez, una Campa\u00f1a de Fraternidad para visibilizar el tema, buscando promover acciones a todos los niveles para minimizar el impacto de esta realidad en la vida de los brasile\u00f1os.<\/p>\n\n\n\n<h3 class=\"wp-block-heading\"><strong>La Campa\u00f1a de la Fraternidad\u00a0<\/strong>\u00a0<\/h3>\n\n\n\n<p>La Conferencia Nacional de Obispos de Brasil (CNBB) propone a la Iglesia y a todos los hombres y mujeres de buena voluntad, por sexag\u00e9sima vez desde 1964, la Campa\u00f1a de la Fraternidad. En Brasil, la Campa\u00f1a de la Fraternidad es una forma en que la Iglesia celebra la Cuaresma con oraci\u00f3n, ayuno y caridad, asociados a la reflexi\u00f3n y la acci\u00f3n sobre un tema espec\u00edfico.&nbsp;&nbsp;<\/p>\n\n\n\n<p>Expresi\u00f3n de comuni\u00f3n, conversi\u00f3n y participaci\u00f3n, la Campa\u00f1a despierta el esp\u00edritu cristiano y comunitario en la b\u00fasqueda del bien com\u00fan; educa para la vida en fraternidad y renueva la conciencia de la responsabilidad de todos en la acci\u00f3n evangelizadora, en vista de una sociedad de hermanos.&nbsp;<\/p>\n\n\n\n<p>La Colecta Nacional de Solidaridad, un gesto concreto de la Campa\u00f1a de la Fraternidad, se realiza en todas las comunidades de Brasil el Domingo de Ramos. En 2023, la Colecta se realizar\u00e1 el 2 de abril. Del total recaudado, las di\u00f3cesis destinan 40% al Fondo Nacional de Solidaridad (FNS), administrado por la CNBB (Conferencia Nacional de Obispos Brasile\u00f1os), una iniciativa encargada de apoyar proyectos sociales en todo Brasil. La otra parte, 60%, permanece en las di\u00f3cesis para apoyar proyectos locales a trav\u00e9s de sus respectivos Fondos Diocesanos de Solidaridad (FDS).\u00a0<\/p>\n\n\n\n<p><\/p>\n\n\n\n<p><em>**con informaci\u00f3n de <strong><a href=\"https:\/\/www.cnbb.org.br\/\" target=\"_blank\" rel=\"noreferrer noopener\">cnbb.org.br<\/a><\/strong><\/em><\/p>","protected":false},"excerpt":{"rendered":"<p>O lan\u00e7amento oficial acontece hoje, 22 de fevereiro, quarta-feira de cinzas, na sede da CNBB, em Bras\u00edlia (DF), e um dos objetivos \u00e9 propor aos fi\u00e9is um caminho de convers\u00e3o para n\u00e3o ceder \u00e0 cultura da indiferen\u00e7a frente ao sofrimento humano conforme pede o Papa Francisco.\u00a0 Em nosso Santu\u00e1rio a Campanha ser\u00e1 lembrada em todas as missas (onde haver\u00e1 tamb\u00e9m a imposi\u00e7\u00e3o das cinzas), \u00e0s 7h, 10h, 12h, 15h e \u00e0s 19h, sendo que as missas das 10h e das 19h ser\u00e3o transmitidas pelo Canal Padre Eust\u00e1quio no YouTube. Convocando todos a considerar a fome como refer\u00eancia para reflex\u00e3o e [&hellip;]<\/p>\n","protected":false},"author":2,"featured_media":9937,"comment_status":"open","ping_status":"closed","sticky":false,"template":"","format":"standard","meta":{"_acf_changed":false,"footnotes":""},"categories":[611],"tags":[],"class_list":["post-9933","post","type-post","status-publish","format-standard","has-post-thumbnail","hentry","category-noticias"],"acf":[],"yoast_head":"<!-- This site is optimized with the Yoast SEO plugin v27.2 - https:\/\/yoast.com\/product\/yoast-seo-wordpress\/ -->\n<title>Campanha da Fraternidade 2023 come\u00e7a hoje e falar\u00e1 sobre a fome no Brasil\u00a0<\/title>\n<meta name=\"description\" content=\"O lan\u00e7amento oficial acontece hoje, 22 de fevereiro, quarta-feira de cinzas, na sede da CNBB, em Bras\u00edlia (DF), e um dos objetivos \u00e9 propor aos fi\u00e9is um caminho de convers\u00e3o para n\u00e3o ceder \u00e0 cultura da indiferen\u00e7a frente ao sofrimento humano conforme pede o Papa Francisco.\u00a0\" \/>\n<meta name=\"robots\" content=\"index, follow, max-snippet:-1, max-image-preview:large, max-video-preview:-1\" \/>\n<link rel=\"canonical\" href=\"https:\/\/www.padreeustaquio.com.br\/es\/comienza-hoy-la-campana-de-fraternidad-2023-que-abordara-el-hambre-en-brasil\/\" \/>\n<meta property=\"og:locale\" content=\"es_ES\" \/>\n<meta property=\"og:type\" content=\"article\" \/>\n<meta property=\"og:title\" content=\"Campanha da Fraternidade 2023 come\u00e7a hoje e falar\u00e1 sobre a fome no Brasil\u00a0\" \/>\n<meta property=\"og:description\" content=\"O lan\u00e7amento oficial acontece hoje, 22 de fevereiro, quarta-feira de cinzas, na sede da CNBB, em Bras\u00edlia (DF), e um dos objetivos \u00e9 propor aos fi\u00e9is um caminho de convers\u00e3o para n\u00e3o ceder \u00e0 cultura da indiferen\u00e7a frente ao sofrimento humano conforme pede o Papa Francisco.\u00a0\" \/>\n<meta property=\"og:url\" content=\"https:\/\/www.padreeustaquio.com.br\/es\/comienza-hoy-la-campana-de-fraternidad-2023-que-abordara-el-hambre-en-brasil\/\" \/>\n<meta property=\"og:site_name\" content=\"Padre Eust\u00e1quio\" \/>\n<meta property=\"article:publisher\" content=\"https:\/\/www.facebook.com\/beatopadreeustaquio\/\" \/>\n<meta property=\"article:published_time\" content=\"2023-02-22T08:19:00+00:00\" \/>\n<meta property=\"og:image\" content=\"https:\/\/www.padreeustaquio.com.br\/wp-content\/uploads\/2023\/02\/cf-2023-2.jpg\" \/>\n\t<meta property=\"og:image:width\" content=\"750\" \/>\n\t<meta property=\"og:image:height\" content=\"350\" \/>\n\t<meta property=\"og:image:type\" content=\"image\/jpeg\" \/>\n<meta name=\"author\" content=\"@sscc\" \/>\n<meta name=\"twitter:card\" content=\"summary_large_image\" \/>\n<meta name=\"twitter:creator\" content=\"@beatopeustaquio\" \/>\n<meta name=\"twitter:site\" content=\"@beatopeustaquio\" \/>\n<meta name=\"twitter:label1\" content=\"Escrito por\" \/>\n\t<meta name=\"twitter:data1\" content=\"@sscc\" \/>\n\t<meta name=\"twitter:label2\" content=\"Tiempo de lectura\" \/>\n\t<meta name=\"twitter:data2\" content=\"2 minutos\" \/>\n<script type=\"application\/ld+json\" class=\"yoast-schema-graph\">{\"@context\":\"https:\/\/schema.org\",\"@graph\":[{\"@type\":\"Article\",\"@id\":\"https:\/\/www.padreeustaquio.com.br\/campanha-da-fraternidade-2023-comeca-hoje-e-falara-sobre-a-fome-no-brasil\/#article\",\"isPartOf\":{\"@id\":\"https:\/\/www.padreeustaquio.com.br\/campanha-da-fraternidade-2023-comeca-hoje-e-falara-sobre-a-fome-no-brasil\/\"},\"author\":{\"name\":\"@sscc\",\"@id\":\"https:\/\/www.padreeustaquio.com.br\/#\/schema\/person\/a2a51db1d00f1a7af0204a0f1ddb1566\"},\"headline\":\"Campanha da Fraternidade 2023 come\u00e7a hoje e falar\u00e1 sobre a fome no Brasil\u00a0\",\"datePublished\":\"2023-02-22T08:19:00+00:00\",\"mainEntityOfPage\":{\"@id\":\"https:\/\/www.padreeustaquio.com.br\/campanha-da-fraternidade-2023-comeca-hoje-e-falara-sobre-a-fome-no-brasil\/\"},\"wordCount\":446,\"commentCount\":0,\"publisher\":{\"@id\":\"https:\/\/www.padreeustaquio.com.br\/#organization\"},\"image\":{\"@id\":\"https:\/\/www.padreeustaquio.com.br\/campanha-da-fraternidade-2023-comeca-hoje-e-falara-sobre-a-fome-no-brasil\/#primaryimage\"},\"thumbnailUrl\":\"https:\/\/www.padreeustaquio.com.br\/wp-content\/uploads\/2023\/02\/cf-2023-2.jpg\",\"articleSection\":[\"Not\u00edcias\"],\"inLanguage\":\"es\",\"potentialAction\":[{\"@type\":\"CommentAction\",\"name\":\"Comment\",\"target\":[\"https:\/\/www.padreeustaquio.com.br\/campanha-da-fraternidade-2023-comeca-hoje-e-falara-sobre-a-fome-no-brasil\/#respond\"]}]},{\"@type\":\"WebPage\",\"@id\":\"https:\/\/www.padreeustaquio.com.br\/campanha-da-fraternidade-2023-comeca-hoje-e-falara-sobre-a-fome-no-brasil\/\",\"url\":\"https:\/\/www.padreeustaquio.com.br\/campanha-da-fraternidade-2023-comeca-hoje-e-falara-sobre-a-fome-no-brasil\/\",\"name\":\"Campanha da Fraternidade 2023 come\u00e7a hoje e falar\u00e1 sobre a fome no Brasil\u00a0\",\"isPartOf\":{\"@id\":\"https:\/\/www.padreeustaquio.com.br\/#website\"},\"primaryImageOfPage\":{\"@id\":\"https:\/\/www.padreeustaquio.com.br\/campanha-da-fraternidade-2023-comeca-hoje-e-falara-sobre-a-fome-no-brasil\/#primaryimage\"},\"image\":{\"@id\":\"https:\/\/www.padreeustaquio.com.br\/campanha-da-fraternidade-2023-comeca-hoje-e-falara-sobre-a-fome-no-brasil\/#primaryimage\"},\"thumbnailUrl\":\"https:\/\/www.padreeustaquio.com.br\/wp-content\/uploads\/2023\/02\/cf-2023-2.jpg\",\"datePublished\":\"2023-02-22T08:19:00+00:00\",\"description\":\"O lan\u00e7amento oficial acontece hoje, 22 de fevereiro, quarta-feira de cinzas, na sede da CNBB, em Bras\u00edlia (DF), e um dos objetivos \u00e9 propor aos fi\u00e9is um caminho de convers\u00e3o para n\u00e3o ceder \u00e0 cultura da indiferen\u00e7a frente ao sofrimento humano conforme pede o Papa Francisco.\u00a0\",\"breadcrumb\":{\"@id\":\"https:\/\/www.padreeustaquio.com.br\/campanha-da-fraternidade-2023-comeca-hoje-e-falara-sobre-a-fome-no-brasil\/#breadcrumb\"},\"inLanguage\":\"es\",\"potentialAction\":[{\"@type\":\"ReadAction\",\"target\":[\"https:\/\/www.padreeustaquio.com.br\/campanha-da-fraternidade-2023-comeca-hoje-e-falara-sobre-a-fome-no-brasil\/\"]}]},{\"@type\":\"ImageObject\",\"inLanguage\":\"es\",\"@id\":\"https:\/\/www.padreeustaquio.com.br\/campanha-da-fraternidade-2023-comeca-hoje-e-falara-sobre-a-fome-no-brasil\/#primaryimage\",\"url\":\"https:\/\/www.padreeustaquio.com.br\/wp-content\/uploads\/2023\/02\/cf-2023-2.jpg\",\"contentUrl\":\"https:\/\/www.padreeustaquio.com.br\/wp-content\/uploads\/2023\/02\/cf-2023-2.jpg\",\"width\":750,\"height\":350},{\"@type\":\"BreadcrumbList\",\"@id\":\"https:\/\/www.padreeustaquio.com.br\/campanha-da-fraternidade-2023-comeca-hoje-e-falara-sobre-a-fome-no-brasil\/#breadcrumb\",\"itemListElement\":[{\"@type\":\"ListItem\",\"position\":1,\"name\":\"In\u00edcio\",\"item\":\"https:\/\/www.padreeustaquio.com.br\/\"},{\"@type\":\"ListItem\",\"position\":2,\"name\":\"Campanha da Fraternidade 2023 come\u00e7a hoje e falar\u00e1 sobre a fome no Brasil\u00a0\"}]},{\"@type\":\"WebSite\",\"@id\":\"https:\/\/www.padreeustaquio.com.br\/#website\",\"url\":\"https:\/\/www.padreeustaquio.com.br\/\",\"name\":\"Padre Eust\u00e1quio\",\"description\":\"Sa\u00fade e Paz\",\"publisher\":{\"@id\":\"https:\/\/www.padreeustaquio.com.br\/#organization\"},\"potentialAction\":[{\"@type\":\"SearchAction\",\"target\":{\"@type\":\"EntryPoint\",\"urlTemplate\":\"https:\/\/www.padreeustaquio.com.br\/?s={search_term_string}\"},\"query-input\":{\"@type\":\"PropertyValueSpecification\",\"valueRequired\":true,\"valueName\":\"search_term_string\"}}],\"inLanguage\":\"es\"},{\"@type\":\"Organization\",\"@id\":\"https:\/\/www.padreeustaquio.com.br\/#organization\",\"name\":\"Padre Eust\u00e1quio\",\"url\":\"https:\/\/www.padreeustaquio.com.br\/\",\"logo\":{\"@type\":\"ImageObject\",\"inLanguage\":\"es\",\"@id\":\"https:\/\/www.padreeustaquio.com.br\/#\/schema\/logo\/image\/\",\"url\":\"https:\/\/www.padreeustaquio.com.br\/wp-content\/uploads\/2019\/08\/marca.png\",\"contentUrl\":\"https:\/\/www.padreeustaquio.com.br\/wp-content\/uploads\/2019\/08\/marca.png\",\"width\":350,\"height\":400,\"caption\":\"Padre Eust\u00e1quio\"},\"image\":{\"@id\":\"https:\/\/www.padreeustaquio.com.br\/#\/schema\/logo\/image\/\"},\"sameAs\":[\"https:\/\/www.facebook.com\/beatopadreeustaquio\/\",\"https:\/\/x.com\/beatopeustaquio\",\"https:\/\/www.instagram.com\/beatopadreeustaquio\/\",\"https:\/\/www.youtube.com\/channel\/UCRhw7vfabnajwLxb1ZXMeIw\"]},{\"@type\":\"Person\",\"@id\":\"https:\/\/www.padreeustaquio.com.br\/#\/schema\/person\/a2a51db1d00f1a7af0204a0f1ddb1566\",\"name\":\"@sscc\",\"image\":{\"@type\":\"ImageObject\",\"inLanguage\":\"es\",\"@id\":\"https:\/\/secure.gravatar.com\/avatar\/68cfafa5f44617fea54071e215026e0ff06be366c3d54a8425f04fdcb86f8c5f?s=96&d=mm&r=g\",\"url\":\"https:\/\/secure.gravatar.com\/avatar\/68cfafa5f44617fea54071e215026e0ff06be366c3d54a8425f04fdcb86f8c5f?s=96&d=mm&r=g\",\"contentUrl\":\"https:\/\/secure.gravatar.com\/avatar\/68cfafa5f44617fea54071e215026e0ff06be366c3d54a8425f04fdcb86f8c5f?s=96&d=mm&r=g\",\"caption\":\"@sscc\"},\"url\":\"https:\/\/www.padreeustaquio.com.br\/es\/author\/sscc\/\"}]}<\/script>\n<!-- \/ Yoast SEO plugin. -->","yoast_head_json":{"title":"Comienza hoy la Campa\u00f1a de Fraternidad 2023 que abordar\u00e1 el hambre en Brasil.\u00a0","description":"El lanzamiento oficial ocurre hoy, 22 de febrero, Mi\u00e9rcoles de Ceniza, en la sede de la CNBB en Brasilia (DF), y uno de los objetivos es proponer a los fieles un camino de conversi\u00f3n para no sucumbir a la cultura de la indiferencia ante el sufrimiento humano, como lo pide el Papa Francisco.\u00a0","robots":{"index":"index","follow":"follow","max-snippet":"max-snippet:-1","max-image-preview":"max-image-preview:large","max-video-preview":"max-video-preview:-1"},"canonical":"https:\/\/www.padreeustaquio.com.br\/es\/comienza-hoy-la-campana-de-fraternidad-2023-que-abordara-el-hambre-en-brasil\/","og_locale":"es_ES","og_type":"article","og_title":"Campanha da Fraternidade 2023 come\u00e7a hoje e falar\u00e1 sobre a fome no Brasil\u00a0","og_description":"O lan\u00e7amento oficial acontece hoje, 22 de fevereiro, quarta-feira de cinzas, na sede da CNBB, em Bras\u00edlia (DF), e um dos objetivos \u00e9 propor aos fi\u00e9is um caminho de convers\u00e3o para n\u00e3o ceder \u00e0 cultura da indiferen\u00e7a frente ao sofrimento humano conforme pede o Papa Francisco.\u00a0","og_url":"https:\/\/www.padreeustaquio.com.br\/es\/comienza-hoy-la-campana-de-fraternidad-2023-que-abordara-el-hambre-en-brasil\/","og_site_name":"Padre Eust\u00e1quio","article_publisher":"https:\/\/www.facebook.com\/beatopadreeustaquio\/","article_published_time":"2023-02-22T08:19:00+00:00","og_image":[{"width":750,"height":350,"url":"https:\/\/www.padreeustaquio.com.br\/wp-content\/uploads\/2023\/02\/cf-2023-2.jpg","type":"image\/jpeg"}],"author":"@sscc","twitter_card":"summary_large_image","twitter_creator":"@beatopeustaquio","twitter_site":"@beatopeustaquio","twitter_misc":{"Escrito por":"@sscc","Tiempo de lectura":"2 minutos"},"schema":{"@context":"https:\/\/schema.org","@graph":[{"@type":"Article","@id":"https:\/\/www.padreeustaquio.com.br\/campanha-da-fraternidade-2023-comeca-hoje-e-falara-sobre-a-fome-no-brasil\/#article","isPartOf":{"@id":"https:\/\/www.padreeustaquio.com.br\/campanha-da-fraternidade-2023-comeca-hoje-e-falara-sobre-a-fome-no-brasil\/"},"author":{"name":"@sscc","@id":"https:\/\/www.padreeustaquio.com.br\/#\/schema\/person\/a2a51db1d00f1a7af0204a0f1ddb1566"},"headline":"Campanha da Fraternidade 2023 come\u00e7a hoje e falar\u00e1 sobre a fome no Brasil\u00a0","datePublished":"2023-02-22T08:19:00+00:00","mainEntityOfPage":{"@id":"https:\/\/www.padreeustaquio.com.br\/campanha-da-fraternidade-2023-comeca-hoje-e-falara-sobre-a-fome-no-brasil\/"},"wordCount":446,"commentCount":0,"publisher":{"@id":"https:\/\/www.padreeustaquio.com.br\/#organization"},"image":{"@id":"https:\/\/www.padreeustaquio.com.br\/campanha-da-fraternidade-2023-comeca-hoje-e-falara-sobre-a-fome-no-brasil\/#primaryimage"},"thumbnailUrl":"https:\/\/www.padreeustaquio.com.br\/wp-content\/uploads\/2023\/02\/cf-2023-2.jpg","articleSection":["Not\u00edcias"],"inLanguage":"es","potentialAction":[{"@type":"CommentAction","name":"Comment","target":["https:\/\/www.padreeustaquio.com.br\/campanha-da-fraternidade-2023-comeca-hoje-e-falara-sobre-a-fome-no-brasil\/#respond"]}]},{"@type":"WebPage","@id":"https:\/\/www.padreeustaquio.com.br\/campanha-da-fraternidade-2023-comeca-hoje-e-falara-sobre-a-fome-no-brasil\/","url":"https:\/\/www.padreeustaquio.com.br\/campanha-da-fraternidade-2023-comeca-hoje-e-falara-sobre-a-fome-no-brasil\/","name":"Comienza hoy la Campa\u00f1a de Fraternidad 2023 que abordar\u00e1 el hambre en Brasil.\u00a0","isPartOf":{"@id":"https:\/\/www.padreeustaquio.com.br\/#website"},"primaryImageOfPage":{"@id":"https:\/\/www.padreeustaquio.com.br\/campanha-da-fraternidade-2023-comeca-hoje-e-falara-sobre-a-fome-no-brasil\/#primaryimage"},"image":{"@id":"https:\/\/www.padreeustaquio.com.br\/campanha-da-fraternidade-2023-comeca-hoje-e-falara-sobre-a-fome-no-brasil\/#primaryimage"},"thumbnailUrl":"https:\/\/www.padreeustaquio.com.br\/wp-content\/uploads\/2023\/02\/cf-2023-2.jpg","datePublished":"2023-02-22T08:19:00+00:00","description":"El lanzamiento oficial ocurre hoy, 22 de febrero, Mi\u00e9rcoles de Ceniza, en la sede de la CNBB en Brasilia (DF), y uno de los objetivos es proponer a los fieles un camino de conversi\u00f3n para no sucumbir a la cultura de la indiferencia ante el sufrimiento humano, como lo pide el Papa Francisco.\u00a0","breadcrumb":{"@id":"https:\/\/www.padreeustaquio.com.br\/campanha-da-fraternidade-2023-comeca-hoje-e-falara-sobre-a-fome-no-brasil\/#breadcrumb"},"inLanguage":"es","potentialAction":[{"@type":"ReadAction","target":["https:\/\/www.padreeustaquio.com.br\/campanha-da-fraternidade-2023-comeca-hoje-e-falara-sobre-a-fome-no-brasil\/"]}]},{"@type":"ImageObject","inLanguage":"es","@id":"https:\/\/www.padreeustaquio.com.br\/campanha-da-fraternidade-2023-comeca-hoje-e-falara-sobre-a-fome-no-brasil\/#primaryimage","url":"https:\/\/www.padreeustaquio.com.br\/wp-content\/uploads\/2023\/02\/cf-2023-2.jpg","contentUrl":"https:\/\/www.padreeustaquio.com.br\/wp-content\/uploads\/2023\/02\/cf-2023-2.jpg","width":750,"height":350},{"@type":"BreadcrumbList","@id":"https:\/\/www.padreeustaquio.com.br\/campanha-da-fraternidade-2023-comeca-hoje-e-falara-sobre-a-fome-no-brasil\/#breadcrumb","itemListElement":[{"@type":"ListItem","position":1,"name":"In\u00edcio","item":"https:\/\/www.padreeustaquio.com.br\/"},{"@type":"ListItem","position":2,"name":"Campanha da Fraternidade 2023 come\u00e7a hoje e falar\u00e1 sobre a fome no Brasil\u00a0"}]},{"@type":"WebSite","@id":"https:\/\/www.padreeustaquio.com.br\/#website","url":"https:\/\/www.padreeustaquio.com.br\/","name":"Padre Eustace","description":"Salud y Paz","publisher":{"@id":"https:\/\/www.padreeustaquio.com.br\/#organization"},"potentialAction":[{"@type":"SearchAction","target":{"@type":"EntryPoint","urlTemplate":"https:\/\/www.padreeustaquio.com.br\/?s={search_term_string}"},"query-input":{"@type":"PropertyValueSpecification","valueRequired":true,"valueName":"search_term_string"}}],"inLanguage":"es"},{"@type":"Organization","@id":"https:\/\/www.padreeustaquio.com.br\/#organization","name":"Padre Eustace","url":"https:\/\/www.padreeustaquio.com.br\/","logo":{"@type":"ImageObject","inLanguage":"es","@id":"https:\/\/www.padreeustaquio.com.br\/#\/schema\/logo\/image\/","url":"https:\/\/www.padreeustaquio.com.br\/wp-content\/uploads\/2019\/08\/marca.png","contentUrl":"https:\/\/www.padreeustaquio.com.br\/wp-content\/uploads\/2019\/08\/marca.png","width":350,"height":400,"caption":"Padre Eust\u00e1quio"},"image":{"@id":"https:\/\/www.padreeustaquio.com.br\/#\/schema\/logo\/image\/"},"sameAs":["https:\/\/www.facebook.com\/beatopadreeustaquio\/","https:\/\/x.com\/beatopeustaquio","https:\/\/www.instagram.com\/beatopadreeustaquio\/","https:\/\/www.youtube.com\/channel\/UCRhw7vfabnajwLxb1ZXMeIw"]},{"@type":"Person","@id":"https:\/\/www.padreeustaquio.com.br\/#\/schema\/person\/a2a51db1d00f1a7af0204a0f1ddb1566","name":"@sscc","image":{"@type":"ImageObject","inLanguage":"es","@id":"https:\/\/secure.gravatar.com\/avatar\/68cfafa5f44617fea54071e215026e0ff06be366c3d54a8425f04fdcb86f8c5f?s=96&d=mm&r=g","url":"https:\/\/secure.gravatar.com\/avatar\/68cfafa5f44617fea54071e215026e0ff06be366c3d54a8425f04fdcb86f8c5f?s=96&d=mm&r=g","contentUrl":"https:\/\/secure.gravatar.com\/avatar\/68cfafa5f44617fea54071e215026e0ff06be366c3d54a8425f04fdcb86f8c5f?s=96&d=mm&r=g","caption":"@sscc"},"url":"https:\/\/www.padreeustaquio.com.br\/es\/author\/sscc\/"}]}},"_links":{"self":[{"href":"https:\/\/www.padreeustaquio.com.br\/es\/wp-json\/wp\/v2\/posts\/9933","targetHints":{"allow":["GET"]}}],"collection":[{"href":"https:\/\/www.padreeustaquio.com.br\/es\/wp-json\/wp\/v2\/posts"}],"about":[{"href":"https:\/\/www.padreeustaquio.com.br\/es\/wp-json\/wp\/v2\/types\/post"}],"author":[{"embeddable":true,"href":"https:\/\/www.padreeustaquio.com.br\/es\/wp-json\/wp\/v2\/users\/2"}],"replies":[{"embeddable":true,"href":"https:\/\/www.padreeustaquio.com.br\/es\/wp-json\/wp\/v2\/comments?post=9933"}],"version-history":[{"count":0,"href":"https:\/\/www.padreeustaquio.com.br\/es\/wp-json\/wp\/v2\/posts\/9933\/revisions"}],"wp:featuredmedia":[{"embeddable":true,"href":"https:\/\/www.padreeustaquio.com.br\/es\/wp-json\/wp\/v2\/media\/9937"}],"wp:attachment":[{"href":"https:\/\/www.padreeustaquio.com.br\/es\/wp-json\/wp\/v2\/media?parent=9933"}],"wp:term":[{"taxonomy":"category","embeddable":true,"href":"https:\/\/www.padreeustaquio.com.br\/es\/wp-json\/wp\/v2\/categories?post=9933"},{"taxonomy":"post_tag","embeddable":true,"href":"https:\/\/www.padreeustaquio.com.br\/es\/wp-json\/wp\/v2\/tags?post=9933"}],"curies":[{"name":"wp","href":"https:\/\/api.w.org\/{rel}","templated":true}]}}