{"id":9922,"date":"2023-02-20T10:26:09","date_gmt":"2023-02-20T13:26:09","guid":{"rendered":"https:\/\/www.padreeustaquio.com.br\/?p=9922"},"modified":"2023-02-20T10:26:10","modified_gmt":"2023-02-20T13:26:10","slug":"las-clases-de-confirmacion-del-santuario-incluyen-una-visita-guiada-al-archivo-del-padre-eustace","status":"publish","type":"post","link":"https:\/\/www.padreeustaquio.com.br\/es\/las-clases-de-confirmacion-del-santuario-incluyen-una-visita-guiada-al-archivo-del-padre-eustace\/","title":{"rendered":"Las clases de Confirmaci\u00f3n del Santuario realizan una visita guiada al archivo del Padre Eust\u00e1quio."},"content":{"rendered":"<p>Los confirmandos del Santuario de la Salud y la Paz, Iglesia del Beato Padre Eustaquio, visitaron el archivo del Beato Padre. All\u00ed, conocieron m\u00e1s sobre su historia y pudieron observar de cerca objetos y documentos pertenecientes al Padre Eustaquio.<\/p>\n\n\n<div class=\"wp-block-image\">\n<figure class=\"alignleft size-medium is-resized\"><img fetchpriority=\"high\" decoding=\"async\" src=\"https:\/\/www.padreeustaquio.com.br\/wp-content\/uploads\/2023\/02\/crismandos-visitam-memorial-300x225.jpeg\" alt=\"\" class=\"wp-image-9924\" width=\"325\" height=\"244\" srcset=\"https:\/\/www.padreeustaquio.com.br\/wp-content\/uploads\/2023\/02\/crismandos-visitam-memorial-300x225.jpeg 300w, https:\/\/www.padreeustaquio.com.br\/wp-content\/uploads\/2023\/02\/crismandos-visitam-memorial-1024x768.jpeg 1024w, https:\/\/www.padreeustaquio.com.br\/wp-content\/uploads\/2023\/02\/crismandos-visitam-memorial-768x576.jpeg 768w, https:\/\/www.padreeustaquio.com.br\/wp-content\/uploads\/2023\/02\/crismandos-visitam-memorial-180x135.jpeg 180w, https:\/\/www.padreeustaquio.com.br\/wp-content\/uploads\/2023\/02\/crismandos-visitam-memorial-400x300.jpeg 400w, https:\/\/www.padreeustaquio.com.br\/wp-content\/uploads\/2023\/02\/crismandos-visitam-memorial-600x450.jpeg 600w, https:\/\/www.padreeustaquio.com.br\/wp-content\/uploads\/2023\/02\/crismandos-visitam-memorial-800x600.jpeg 800w, https:\/\/www.padreeustaquio.com.br\/wp-content\/uploads\/2023\/02\/crismandos-visitam-memorial-1200x900.jpeg 1200w, https:\/\/www.padreeustaquio.com.br\/wp-content\/uploads\/2023\/02\/crismandos-visitam-memorial.jpeg 1280w\" sizes=\"(max-width: 325px) 100vw, 325px\" \/><\/figure>\n<\/div>\n\n\n<p>Alrededor de 20 j\u00f3venes participaron en el encuentro, organizado por catequistas y asistido por el investigador Leandro Castro. Tras visitar los archivos, los j\u00f3venes realizaron una visita guiada a la Iglesia y al Memorial, donde se conservan las sagradas reliquias del Padre Eust\u00e1quio. Adem\u00e1s de aprender m\u00e1s sobre el Beato, los confirmandos pudieron conocer un poco sobre el simbolismo y la historia del Santuario.<\/p>\n\n\n\n<p>La visita guiada al archivo y memorial del Padre Eust\u00e1quio est\u00e1 abierta al p\u00fablico. Simplemente programe una visita en persona en la oficina parroquial o por tel\u00e9fono al (31) 3462-6557. El objetivo es que todos puedan aprender m\u00e1s sobre la historia del Beato Padre Eust\u00e1quio y su devoci\u00f3n.<\/p>\n\n\n\n<p><\/p>","protected":false},"excerpt":{"rendered":"<p>Os crismandos do Santu\u00e1rio da Sa\u00fade e da Paz, Igreja do Beato Padre Eust\u00e1quio, visitaram o arquivo do Bem-aventurado. No local, eles aprofundaram mais sobre a hist\u00f3ria do Beato e puderam ver de perto objetos e documentos que pertenceram a Padre Eust\u00e1quio. Cerca de 20 jovens participaram do encontro, que foi organizado pelos catequistas, e contou com a ajuda do pesquisador Leandro Castro. Depois de conhecer o arquivo, os jovens fizeram uma visita guiada pela Igreja e Memorial, onde est\u00e3o as rel\u00edquias sagradas de Padre Eust\u00e1quio. Al\u00e9m de aprender mais sobre o Bem-aventurado, os crismandos puderam saber um pouco sobre [&hellip;]<\/p>\n","protected":false},"author":2,"featured_media":9923,"comment_status":"open","ping_status":"closed","sticky":false,"template":"","format":"standard","meta":{"_acf_changed":false,"footnotes":""},"categories":[611],"tags":[],"class_list":["post-9922","post","type-post","status-publish","format-standard","has-post-thumbnail","hentry","category-noticias"],"acf":[],"yoast_head":"<!-- This site is optimized with the Yoast SEO plugin v27.2 - https:\/\/yoast.com\/product\/yoast-seo-wordpress\/ -->\n<title>Turmas de Crisma do Santu\u00e1rio fazem visita guiada ao arquivo do Padre Eust\u00e1quio<\/title>\n<meta name=\"description\" content=\"Os crismandos do Santu\u00e1rio da Sa\u00fade e da Paz, Igreja do Beato Padre Eust\u00e1quio, visitaram o arquivo do Bem-aventurado. No local, eles aprofundaram mais sobre a hist\u00f3ria do Beato e puderam ver de perto objetos e documentos que pertenceram a Padre Eust\u00e1quio.\" \/>\n<meta name=\"robots\" content=\"index, follow, max-snippet:-1, max-image-preview:large, max-video-preview:-1\" \/>\n<link rel=\"canonical\" href=\"https:\/\/www.padreeustaquio.com.br\/es\/las-clases-de-confirmacion-del-santuario-incluyen-una-visita-guiada-al-archivo-del-padre-eustace\/\" \/>\n<meta property=\"og:locale\" content=\"es_ES\" \/>\n<meta property=\"og:type\" content=\"article\" \/>\n<meta property=\"og:title\" content=\"Turmas de Crisma do Santu\u00e1rio fazem visita guiada ao arquivo do Padre Eust\u00e1quio\" \/>\n<meta property=\"og:description\" content=\"Os crismandos do Santu\u00e1rio da Sa\u00fade e da Paz, Igreja do Beato Padre Eust\u00e1quio, visitaram o arquivo do Bem-aventurado. No local, eles aprofundaram mais sobre a hist\u00f3ria do Beato e puderam ver de perto objetos e documentos que pertenceram a Padre Eust\u00e1quio.\" \/>\n<meta property=\"og:url\" content=\"https:\/\/www.padreeustaquio.com.br\/es\/las-clases-de-confirmacion-del-santuario-incluyen-una-visita-guiada-al-archivo-del-padre-eustace\/\" \/>\n<meta property=\"og:site_name\" content=\"Padre Eust\u00e1quio\" \/>\n<meta property=\"article:publisher\" content=\"https:\/\/www.facebook.com\/beatopadreeustaquio\/\" \/>\n<meta property=\"article:published_time\" content=\"2023-02-20T13:26:09+00:00\" \/>\n<meta property=\"article:modified_time\" content=\"2023-02-20T13:26:10+00:00\" \/>\n<meta property=\"og:image\" content=\"https:\/\/www.padreeustaquio.com.br\/wp-content\/uploads\/2023\/02\/crismandos-visitam-pe.jpeg\" \/>\n\t<meta property=\"og:image:width\" content=\"1280\" \/>\n\t<meta property=\"og:image:height\" content=\"960\" \/>\n\t<meta property=\"og:image:type\" content=\"image\/jpeg\" \/>\n<meta name=\"author\" content=\"@sscc\" \/>\n<meta name=\"twitter:card\" content=\"summary_large_image\" \/>\n<meta name=\"twitter:creator\" content=\"@beatopeustaquio\" \/>\n<meta name=\"twitter:site\" content=\"@beatopeustaquio\" \/>\n<meta name=\"twitter:label1\" content=\"Escrito por\" \/>\n\t<meta name=\"twitter:data1\" content=\"@sscc\" \/>\n\t<meta name=\"twitter:label2\" content=\"Tiempo de lectura\" \/>\n\t<meta name=\"twitter:data2\" content=\"1 minuto\" \/>\n<script type=\"application\/ld+json\" class=\"yoast-schema-graph\">{\"@context\":\"https:\/\/schema.org\",\"@graph\":[{\"@type\":\"Article\",\"@id\":\"https:\/\/www.padreeustaquio.com.br\/turmas-de-crisma-do-santuario-fazem-visita-guiada-ao-arquivo-do-padre-eustaquio\/#article\",\"isPartOf\":{\"@id\":\"https:\/\/www.padreeustaquio.com.br\/turmas-de-crisma-do-santuario-fazem-visita-guiada-ao-arquivo-do-padre-eustaquio\/\"},\"author\":{\"name\":\"@sscc\",\"@id\":\"https:\/\/www.padreeustaquio.com.br\/#\/schema\/person\/a2a51db1d00f1a7af0204a0f1ddb1566\"},\"headline\":\"Turmas de Crisma do Santu\u00e1rio fazem visita guiada ao arquivo do Padre Eust\u00e1quio\",\"datePublished\":\"2023-02-20T13:26:09+00:00\",\"dateModified\":\"2023-02-20T13:26:10+00:00\",\"mainEntityOfPage\":{\"@id\":\"https:\/\/www.padreeustaquio.com.br\/turmas-de-crisma-do-santuario-fazem-visita-guiada-ao-arquivo-do-padre-eustaquio\/\"},\"wordCount\":184,\"commentCount\":0,\"publisher\":{\"@id\":\"https:\/\/www.padreeustaquio.com.br\/#organization\"},\"image\":{\"@id\":\"https:\/\/www.padreeustaquio.com.br\/turmas-de-crisma-do-santuario-fazem-visita-guiada-ao-arquivo-do-padre-eustaquio\/#primaryimage\"},\"thumbnailUrl\":\"https:\/\/www.padreeustaquio.com.br\/wp-content\/uploads\/2023\/02\/crismandos-visitam-pe.jpeg\",\"articleSection\":[\"Not\u00edcias\"],\"inLanguage\":\"es\",\"potentialAction\":[{\"@type\":\"CommentAction\",\"name\":\"Comment\",\"target\":[\"https:\/\/www.padreeustaquio.com.br\/turmas-de-crisma-do-santuario-fazem-visita-guiada-ao-arquivo-do-padre-eustaquio\/#respond\"]}]},{\"@type\":\"WebPage\",\"@id\":\"https:\/\/www.padreeustaquio.com.br\/turmas-de-crisma-do-santuario-fazem-visita-guiada-ao-arquivo-do-padre-eustaquio\/\",\"url\":\"https:\/\/www.padreeustaquio.com.br\/turmas-de-crisma-do-santuario-fazem-visita-guiada-ao-arquivo-do-padre-eustaquio\/\",\"name\":\"Turmas de Crisma do Santu\u00e1rio fazem visita guiada ao arquivo do Padre Eust\u00e1quio\",\"isPartOf\":{\"@id\":\"https:\/\/www.padreeustaquio.com.br\/#website\"},\"primaryImageOfPage\":{\"@id\":\"https:\/\/www.padreeustaquio.com.br\/turmas-de-crisma-do-santuario-fazem-visita-guiada-ao-arquivo-do-padre-eustaquio\/#primaryimage\"},\"image\":{\"@id\":\"https:\/\/www.padreeustaquio.com.br\/turmas-de-crisma-do-santuario-fazem-visita-guiada-ao-arquivo-do-padre-eustaquio\/#primaryimage\"},\"thumbnailUrl\":\"https:\/\/www.padreeustaquio.com.br\/wp-content\/uploads\/2023\/02\/crismandos-visitam-pe.jpeg\",\"datePublished\":\"2023-02-20T13:26:09+00:00\",\"dateModified\":\"2023-02-20T13:26:10+00:00\",\"description\":\"Os crismandos do Santu\u00e1rio da Sa\u00fade e da Paz, Igreja do Beato Padre Eust\u00e1quio, visitaram o arquivo do Bem-aventurado. No local, eles aprofundaram mais sobre a hist\u00f3ria do Beato e puderam ver de perto objetos e documentos que pertenceram a Padre Eust\u00e1quio.\",\"breadcrumb\":{\"@id\":\"https:\/\/www.padreeustaquio.com.br\/turmas-de-crisma-do-santuario-fazem-visita-guiada-ao-arquivo-do-padre-eustaquio\/#breadcrumb\"},\"inLanguage\":\"es\",\"potentialAction\":[{\"@type\":\"ReadAction\",\"target\":[\"https:\/\/www.padreeustaquio.com.br\/turmas-de-crisma-do-santuario-fazem-visita-guiada-ao-arquivo-do-padre-eustaquio\/\"]}]},{\"@type\":\"ImageObject\",\"inLanguage\":\"es\",\"@id\":\"https:\/\/www.padreeustaquio.com.br\/turmas-de-crisma-do-santuario-fazem-visita-guiada-ao-arquivo-do-padre-eustaquio\/#primaryimage\",\"url\":\"https:\/\/www.padreeustaquio.com.br\/wp-content\/uploads\/2023\/02\/crismandos-visitam-pe.jpeg\",\"contentUrl\":\"https:\/\/www.padreeustaquio.com.br\/wp-content\/uploads\/2023\/02\/crismandos-visitam-pe.jpeg\",\"width\":1280,\"height\":960},{\"@type\":\"BreadcrumbList\",\"@id\":\"https:\/\/www.padreeustaquio.com.br\/turmas-de-crisma-do-santuario-fazem-visita-guiada-ao-arquivo-do-padre-eustaquio\/#breadcrumb\",\"itemListElement\":[{\"@type\":\"ListItem\",\"position\":1,\"name\":\"In\u00edcio\",\"item\":\"https:\/\/www.padreeustaquio.com.br\/\"},{\"@type\":\"ListItem\",\"position\":2,\"name\":\"Turmas de Crisma do Santu\u00e1rio fazem visita guiada ao arquivo do Padre Eust\u00e1quio\"}]},{\"@type\":\"WebSite\",\"@id\":\"https:\/\/www.padreeustaquio.com.br\/#website\",\"url\":\"https:\/\/www.padreeustaquio.com.br\/\",\"name\":\"Padre Eust\u00e1quio\",\"description\":\"Sa\u00fade e Paz\",\"publisher\":{\"@id\":\"https:\/\/www.padreeustaquio.com.br\/#organization\"},\"potentialAction\":[{\"@type\":\"SearchAction\",\"target\":{\"@type\":\"EntryPoint\",\"urlTemplate\":\"https:\/\/www.padreeustaquio.com.br\/?s={search_term_string}\"},\"query-input\":{\"@type\":\"PropertyValueSpecification\",\"valueRequired\":true,\"valueName\":\"search_term_string\"}}],\"inLanguage\":\"es\"},{\"@type\":\"Organization\",\"@id\":\"https:\/\/www.padreeustaquio.com.br\/#organization\",\"name\":\"Padre Eust\u00e1quio\",\"url\":\"https:\/\/www.padreeustaquio.com.br\/\",\"logo\":{\"@type\":\"ImageObject\",\"inLanguage\":\"es\",\"@id\":\"https:\/\/www.padreeustaquio.com.br\/#\/schema\/logo\/image\/\",\"url\":\"https:\/\/www.padreeustaquio.com.br\/wp-content\/uploads\/2019\/08\/marca.png\",\"contentUrl\":\"https:\/\/www.padreeustaquio.com.br\/wp-content\/uploads\/2019\/08\/marca.png\",\"width\":350,\"height\":400,\"caption\":\"Padre Eust\u00e1quio\"},\"image\":{\"@id\":\"https:\/\/www.padreeustaquio.com.br\/#\/schema\/logo\/image\/\"},\"sameAs\":[\"https:\/\/www.facebook.com\/beatopadreeustaquio\/\",\"https:\/\/x.com\/beatopeustaquio\",\"https:\/\/www.instagram.com\/beatopadreeustaquio\/\",\"https:\/\/www.youtube.com\/channel\/UCRhw7vfabnajwLxb1ZXMeIw\"]},{\"@type\":\"Person\",\"@id\":\"https:\/\/www.padreeustaquio.com.br\/#\/schema\/person\/a2a51db1d00f1a7af0204a0f1ddb1566\",\"name\":\"@sscc\",\"image\":{\"@type\":\"ImageObject\",\"inLanguage\":\"es\",\"@id\":\"https:\/\/secure.gravatar.com\/avatar\/68cfafa5f44617fea54071e215026e0ff06be366c3d54a8425f04fdcb86f8c5f?s=96&d=mm&r=g\",\"url\":\"https:\/\/secure.gravatar.com\/avatar\/68cfafa5f44617fea54071e215026e0ff06be366c3d54a8425f04fdcb86f8c5f?s=96&d=mm&r=g\",\"contentUrl\":\"https:\/\/secure.gravatar.com\/avatar\/68cfafa5f44617fea54071e215026e0ff06be366c3d54a8425f04fdcb86f8c5f?s=96&d=mm&r=g\",\"caption\":\"@sscc\"},\"url\":\"https:\/\/www.padreeustaquio.com.br\/es\/author\/sscc\/\"}]}<\/script>\n<!-- \/ Yoast SEO plugin. -->","yoast_head_json":{"title":"Las clases de Confirmaci\u00f3n del Santuario realizan una visita guiada al archivo del Padre Eust\u00e1quio.","description":"Los confirmandos del Santuario de la Salud y la Paz, Iglesia del Beato Padre Eustaquio, visitaron el archivo del Beato Padre. All\u00ed, conocieron m\u00e1s sobre su historia y pudieron observar de cerca objetos y documentos pertenecientes al Padre Eustaquio.","robots":{"index":"index","follow":"follow","max-snippet":"max-snippet:-1","max-image-preview":"max-image-preview:large","max-video-preview":"max-video-preview:-1"},"canonical":"https:\/\/www.padreeustaquio.com.br\/es\/las-clases-de-confirmacion-del-santuario-incluyen-una-visita-guiada-al-archivo-del-padre-eustace\/","og_locale":"es_ES","og_type":"article","og_title":"Turmas de Crisma do Santu\u00e1rio fazem visita guiada ao arquivo do Padre Eust\u00e1quio","og_description":"Os crismandos do Santu\u00e1rio da Sa\u00fade e da Paz, Igreja do Beato Padre Eust\u00e1quio, visitaram o arquivo do Bem-aventurado. No local, eles aprofundaram mais sobre a hist\u00f3ria do Beato e puderam ver de perto objetos e documentos que pertenceram a Padre Eust\u00e1quio.","og_url":"https:\/\/www.padreeustaquio.com.br\/es\/las-clases-de-confirmacion-del-santuario-incluyen-una-visita-guiada-al-archivo-del-padre-eustace\/","og_site_name":"Padre Eust\u00e1quio","article_publisher":"https:\/\/www.facebook.com\/beatopadreeustaquio\/","article_published_time":"2023-02-20T13:26:09+00:00","article_modified_time":"2023-02-20T13:26:10+00:00","og_image":[{"width":1280,"height":960,"url":"https:\/\/www.padreeustaquio.com.br\/wp-content\/uploads\/2023\/02\/crismandos-visitam-pe.jpeg","type":"image\/jpeg"}],"author":"@sscc","twitter_card":"summary_large_image","twitter_creator":"@beatopeustaquio","twitter_site":"@beatopeustaquio","twitter_misc":{"Escrito por":"@sscc","Tiempo de lectura":"1 minuto"},"schema":{"@context":"https:\/\/schema.org","@graph":[{"@type":"Article","@id":"https:\/\/www.padreeustaquio.com.br\/turmas-de-crisma-do-santuario-fazem-visita-guiada-ao-arquivo-do-padre-eustaquio\/#article","isPartOf":{"@id":"https:\/\/www.padreeustaquio.com.br\/turmas-de-crisma-do-santuario-fazem-visita-guiada-ao-arquivo-do-padre-eustaquio\/"},"author":{"name":"@sscc","@id":"https:\/\/www.padreeustaquio.com.br\/#\/schema\/person\/a2a51db1d00f1a7af0204a0f1ddb1566"},"headline":"Turmas de Crisma do Santu\u00e1rio fazem visita guiada ao arquivo do Padre Eust\u00e1quio","datePublished":"2023-02-20T13:26:09+00:00","dateModified":"2023-02-20T13:26:10+00:00","mainEntityOfPage":{"@id":"https:\/\/www.padreeustaquio.com.br\/turmas-de-crisma-do-santuario-fazem-visita-guiada-ao-arquivo-do-padre-eustaquio\/"},"wordCount":184,"commentCount":0,"publisher":{"@id":"https:\/\/www.padreeustaquio.com.br\/#organization"},"image":{"@id":"https:\/\/www.padreeustaquio.com.br\/turmas-de-crisma-do-santuario-fazem-visita-guiada-ao-arquivo-do-padre-eustaquio\/#primaryimage"},"thumbnailUrl":"https:\/\/www.padreeustaquio.com.br\/wp-content\/uploads\/2023\/02\/crismandos-visitam-pe.jpeg","articleSection":["Not\u00edcias"],"inLanguage":"es","potentialAction":[{"@type":"CommentAction","name":"Comment","target":["https:\/\/www.padreeustaquio.com.br\/turmas-de-crisma-do-santuario-fazem-visita-guiada-ao-arquivo-do-padre-eustaquio\/#respond"]}]},{"@type":"WebPage","@id":"https:\/\/www.padreeustaquio.com.br\/turmas-de-crisma-do-santuario-fazem-visita-guiada-ao-arquivo-do-padre-eustaquio\/","url":"https:\/\/www.padreeustaquio.com.br\/turmas-de-crisma-do-santuario-fazem-visita-guiada-ao-arquivo-do-padre-eustaquio\/","name":"Las clases de Confirmaci\u00f3n del Santuario realizan una visita guiada al archivo del Padre Eust\u00e1quio.","isPartOf":{"@id":"https:\/\/www.padreeustaquio.com.br\/#website"},"primaryImageOfPage":{"@id":"https:\/\/www.padreeustaquio.com.br\/turmas-de-crisma-do-santuario-fazem-visita-guiada-ao-arquivo-do-padre-eustaquio\/#primaryimage"},"image":{"@id":"https:\/\/www.padreeustaquio.com.br\/turmas-de-crisma-do-santuario-fazem-visita-guiada-ao-arquivo-do-padre-eustaquio\/#primaryimage"},"thumbnailUrl":"https:\/\/www.padreeustaquio.com.br\/wp-content\/uploads\/2023\/02\/crismandos-visitam-pe.jpeg","datePublished":"2023-02-20T13:26:09+00:00","dateModified":"2023-02-20T13:26:10+00:00","description":"Los confirmandos del Santuario de la Salud y la Paz, Iglesia del Beato Padre Eustaquio, visitaron el archivo del Beato Padre. All\u00ed, conocieron m\u00e1s sobre su historia y pudieron observar de cerca objetos y documentos pertenecientes al Padre Eustaquio.","breadcrumb":{"@id":"https:\/\/www.padreeustaquio.com.br\/turmas-de-crisma-do-santuario-fazem-visita-guiada-ao-arquivo-do-padre-eustaquio\/#breadcrumb"},"inLanguage":"es","potentialAction":[{"@type":"ReadAction","target":["https:\/\/www.padreeustaquio.com.br\/turmas-de-crisma-do-santuario-fazem-visita-guiada-ao-arquivo-do-padre-eustaquio\/"]}]},{"@type":"ImageObject","inLanguage":"es","@id":"https:\/\/www.padreeustaquio.com.br\/turmas-de-crisma-do-santuario-fazem-visita-guiada-ao-arquivo-do-padre-eustaquio\/#primaryimage","url":"https:\/\/www.padreeustaquio.com.br\/wp-content\/uploads\/2023\/02\/crismandos-visitam-pe.jpeg","contentUrl":"https:\/\/www.padreeustaquio.com.br\/wp-content\/uploads\/2023\/02\/crismandos-visitam-pe.jpeg","width":1280,"height":960},{"@type":"BreadcrumbList","@id":"https:\/\/www.padreeustaquio.com.br\/turmas-de-crisma-do-santuario-fazem-visita-guiada-ao-arquivo-do-padre-eustaquio\/#breadcrumb","itemListElement":[{"@type":"ListItem","position":1,"name":"In\u00edcio","item":"https:\/\/www.padreeustaquio.com.br\/"},{"@type":"ListItem","position":2,"name":"Turmas de Crisma do Santu\u00e1rio fazem visita guiada ao arquivo do Padre Eust\u00e1quio"}]},{"@type":"WebSite","@id":"https:\/\/www.padreeustaquio.com.br\/#website","url":"https:\/\/www.padreeustaquio.com.br\/","name":"Padre Eustace","description":"Salud y Paz","publisher":{"@id":"https:\/\/www.padreeustaquio.com.br\/#organization"},"potentialAction":[{"@type":"SearchAction","target":{"@type":"EntryPoint","urlTemplate":"https:\/\/www.padreeustaquio.com.br\/?s={search_term_string}"},"query-input":{"@type":"PropertyValueSpecification","valueRequired":true,"valueName":"search_term_string"}}],"inLanguage":"es"},{"@type":"Organization","@id":"https:\/\/www.padreeustaquio.com.br\/#organization","name":"Padre Eustace","url":"https:\/\/www.padreeustaquio.com.br\/","logo":{"@type":"ImageObject","inLanguage":"es","@id":"https:\/\/www.padreeustaquio.com.br\/#\/schema\/logo\/image\/","url":"https:\/\/www.padreeustaquio.com.br\/wp-content\/uploads\/2019\/08\/marca.png","contentUrl":"https:\/\/www.padreeustaquio.com.br\/wp-content\/uploads\/2019\/08\/marca.png","width":350,"height":400,"caption":"Padre Eust\u00e1quio"},"image":{"@id":"https:\/\/www.padreeustaquio.com.br\/#\/schema\/logo\/image\/"},"sameAs":["https:\/\/www.facebook.com\/beatopadreeustaquio\/","https:\/\/x.com\/beatopeustaquio","https:\/\/www.instagram.com\/beatopadreeustaquio\/","https:\/\/www.youtube.com\/channel\/UCRhw7vfabnajwLxb1ZXMeIw"]},{"@type":"Person","@id":"https:\/\/www.padreeustaquio.com.br\/#\/schema\/person\/a2a51db1d00f1a7af0204a0f1ddb1566","name":"@sscc","image":{"@type":"ImageObject","inLanguage":"es","@id":"https:\/\/secure.gravatar.com\/avatar\/68cfafa5f44617fea54071e215026e0ff06be366c3d54a8425f04fdcb86f8c5f?s=96&d=mm&r=g","url":"https:\/\/secure.gravatar.com\/avatar\/68cfafa5f44617fea54071e215026e0ff06be366c3d54a8425f04fdcb86f8c5f?s=96&d=mm&r=g","contentUrl":"https:\/\/secure.gravatar.com\/avatar\/68cfafa5f44617fea54071e215026e0ff06be366c3d54a8425f04fdcb86f8c5f?s=96&d=mm&r=g","caption":"@sscc"},"url":"https:\/\/www.padreeustaquio.com.br\/es\/author\/sscc\/"}]}},"_links":{"self":[{"href":"https:\/\/www.padreeustaquio.com.br\/es\/wp-json\/wp\/v2\/posts\/9922","targetHints":{"allow":["GET"]}}],"collection":[{"href":"https:\/\/www.padreeustaquio.com.br\/es\/wp-json\/wp\/v2\/posts"}],"about":[{"href":"https:\/\/www.padreeustaquio.com.br\/es\/wp-json\/wp\/v2\/types\/post"}],"author":[{"embeddable":true,"href":"https:\/\/www.padreeustaquio.com.br\/es\/wp-json\/wp\/v2\/users\/2"}],"replies":[{"embeddable":true,"href":"https:\/\/www.padreeustaquio.com.br\/es\/wp-json\/wp\/v2\/comments?post=9922"}],"version-history":[{"count":0,"href":"https:\/\/www.padreeustaquio.com.br\/es\/wp-json\/wp\/v2\/posts\/9922\/revisions"}],"wp:featuredmedia":[{"embeddable":true,"href":"https:\/\/www.padreeustaquio.com.br\/es\/wp-json\/wp\/v2\/media\/9923"}],"wp:attachment":[{"href":"https:\/\/www.padreeustaquio.com.br\/es\/wp-json\/wp\/v2\/media?parent=9922"}],"wp:term":[{"taxonomy":"category","embeddable":true,"href":"https:\/\/www.padreeustaquio.com.br\/es\/wp-json\/wp\/v2\/categories?post=9922"},{"taxonomy":"post_tag","embeddable":true,"href":"https:\/\/www.padreeustaquio.com.br\/es\/wp-json\/wp\/v2\/tags?post=9922"}],"curies":[{"name":"wp","href":"https:\/\/api.w.org\/{rel}","templated":true}]}}