{"id":9909,"date":"2023-02-15T05:52:00","date_gmt":"2023-02-15T08:52:00","guid":{"rendered":"https:\/\/www.padreeustaquio.com.br\/?p=9909"},"modified":"2023-02-14T22:04:31","modified_gmt":"2023-02-15T01:04:31","slug":"la-secretaria-nacional-inicia-la-grabacion-del-retiro-de-cuaresma-2023","status":"publish","type":"post","link":"https:\/\/www.padreeustaquio.com.br\/es\/la-secretaria-nacional-inicia-la-grabacion-del-retiro-de-cuaresma-2023\/","title":{"rendered":"El Secretariado Nacional inicia la grabaci\u00f3n del Retiro de Cuaresma 2023"},"content":{"rendered":"<p>El equipo de producci\u00f3n audiovisual del Secretariado Nacional para la Causa de Canonizaci\u00f3n del Beato Padre Eustaquio comenz\u00f3 esta semana la grabaci\u00f3n del Retiro de Cuaresma de 2023. Este a\u00f1o, el hermano Vanildo Lima Sena, de la Congregaci\u00f3n de los Sagrados Corazones, dirigir\u00e1 las reflexiones.<\/p>\n\n\n\n<p>Los videos, de aproximadamente 5 minutos de duraci\u00f3n, se graban en un estudio instalado dentro de la Iglesia Padre Eust\u00e1quio. El set fue desarrollado en equipo y representa la \u00e9poca \u00e1rida, seca, pero muy f\u00e9rtil para la conversi\u00f3n.<\/p>\n\n\n\n<p>Los primeros episodios ya se grabaron y se encuentran en fase de edici\u00f3n. Adem\u00e1s de filmarse en el Santuario, los episodios contar\u00e1n con una secuencia de apertura con im\u00e1genes de un banco de im\u00e1genes y la banda sonora de la canci\u00f3n &quot;No hay mayor prueba de amor&quot;, interpretada por Ant\u00f4nio Carlos Silva, postulante de los Sagrados Corazones.<\/p>\n\n\n\n<p>Los 40 videos se publicar\u00e1n a partir del pr\u00f3ximo mi\u00e9rcoles (Mi\u00e9rcoles de Ceniza) y continuar\u00e1n hasta el Domingo de Ramos, 2 de abril. Todos los d\u00edas, a partir de las 5:00 a. m., los episodios estar\u00e1n disponibles en el Canal Padre Eust\u00e1quio para que puedas reflexionar y prepararte bien para la Pascua.<\/p>\n\n\n\n<p>Accede a nuestro Canal <a href=\"https:\/\/www.youtube.com\/c\/CanalPadreEust%C3%A1quio\" target=\"_blank\" rel=\"noreferrer noopener\">HAGA CLIC AQU\u00cd<\/a> Y activa las notificaciones para seguir cada d\u00eda nuestro Retiro de Cuaresma.<\/p>\n\n\n\n<p><\/p>","protected":false},"excerpt":{"rendered":"<p>A equipe de produ\u00e7\u00e3o audiovisual do Secretariado Nacional para a Causa de Canoniza\u00e7\u00e3o do Bem-Aventurado Padre Eust\u00e1quio come\u00e7ou esta semana as grava\u00e7\u00f5es do Retiro Quaresmal 2023. Este ano, quem vai comandar as reflex\u00f5es \u00e9 o Irm\u00e3o Vanildo Lima Sena, da Congrega\u00e7\u00e3o dos Sagrados Cora\u00e7\u00f5es. Os v\u00eddeos, com cerca de 5 minutos, est\u00e3o sendo gravados num est\u00fadio montando dentro da Igreja do Padre Eust\u00e1quio. O cen\u00e1rio foi desenvolvido em equipe e representa o tempo \u00e1rido, seco, mas muito f\u00e9rtil para a convers\u00e3o. Os primeiros epis\u00f3dios j\u00e1 foram gravados e est\u00e3o em fase de edi\u00e7\u00e3o. Al\u00e9m das filmagens no Santu\u00e1rio, os epis\u00f3dios [&hellip;]<\/p>\n","protected":false},"author":2,"featured_media":9910,"comment_status":"open","ping_status":"closed","sticky":false,"template":"","format":"standard","meta":{"_acf_changed":false,"footnotes":""},"categories":[611],"tags":[],"class_list":["post-9909","post","type-post","status-publish","format-standard","has-post-thumbnail","hentry","category-noticias"],"acf":[],"yoast_head":"<!-- This site is optimized with the Yoast SEO plugin v27.2 - https:\/\/yoast.com\/product\/yoast-seo-wordpress\/ -->\n<title>Secretariado Nacional come\u00e7a a gravar Retiro Quaresmal 2023<\/title>\n<meta name=\"description\" content=\"A equipe de produ\u00e7\u00e3o audiovisual do Secretariado Nacional para a Causa de Canoniza\u00e7\u00e3o do Bem-Aventurado Padre Eust\u00e1quio come\u00e7ou esta semana as grava\u00e7\u00f5es do Retiro Quaresmal 2023. Este ano, quem vai comandar as reflex\u00f5es \u00e9 o Irm\u00e3o Vanildo Lima Sena, da Congrega\u00e7\u00e3o dos Sagrados Cora\u00e7\u00f5es.\" \/>\n<meta name=\"robots\" content=\"index, follow, max-snippet:-1, max-image-preview:large, max-video-preview:-1\" \/>\n<link rel=\"canonical\" href=\"https:\/\/www.padreeustaquio.com.br\/es\/la-secretaria-nacional-inicia-la-grabacion-del-retiro-de-cuaresma-2023\/\" \/>\n<meta property=\"og:locale\" content=\"es_ES\" \/>\n<meta property=\"og:type\" content=\"article\" \/>\n<meta property=\"og:title\" content=\"Secretariado Nacional come\u00e7a a gravar Retiro Quaresmal 2023\" \/>\n<meta property=\"og:description\" content=\"A equipe de produ\u00e7\u00e3o audiovisual do Secretariado Nacional para a Causa de Canoniza\u00e7\u00e3o do Bem-Aventurado Padre Eust\u00e1quio come\u00e7ou esta semana as grava\u00e7\u00f5es do Retiro Quaresmal 2023. Este ano, quem vai comandar as reflex\u00f5es \u00e9 o Irm\u00e3o Vanildo Lima Sena, da Congrega\u00e7\u00e3o dos Sagrados Cora\u00e7\u00f5es.\" \/>\n<meta property=\"og:url\" content=\"https:\/\/www.padreeustaquio.com.br\/es\/la-secretaria-nacional-inicia-la-grabacion-del-retiro-de-cuaresma-2023\/\" \/>\n<meta property=\"og:site_name\" content=\"Padre Eust\u00e1quio\" \/>\n<meta property=\"article:publisher\" content=\"https:\/\/www.facebook.com\/beatopadreeustaquio\/\" \/>\n<meta property=\"article:published_time\" content=\"2023-02-15T08:52:00+00:00\" \/>\n<meta property=\"og:image\" content=\"https:\/\/www.padreeustaquio.com.br\/wp-content\/uploads\/2023\/02\/retiro-quaresmal-2023.jpeg\" \/>\n\t<meta property=\"og:image:width\" content=\"1024\" \/>\n\t<meta property=\"og:image:height\" content=\"768\" \/>\n\t<meta property=\"og:image:type\" content=\"image\/jpeg\" \/>\n<meta name=\"author\" content=\"@sscc\" \/>\n<meta name=\"twitter:card\" content=\"summary_large_image\" \/>\n<meta name=\"twitter:creator\" content=\"@beatopeustaquio\" \/>\n<meta name=\"twitter:site\" content=\"@beatopeustaquio\" \/>\n<meta name=\"twitter:label1\" content=\"Escrito por\" \/>\n\t<meta name=\"twitter:data1\" content=\"@sscc\" \/>\n\t<meta name=\"twitter:label2\" content=\"Tiempo de lectura\" \/>\n\t<meta name=\"twitter:data2\" content=\"1 minuto\" \/>\n<script type=\"application\/ld+json\" class=\"yoast-schema-graph\">{\"@context\":\"https:\/\/schema.org\",\"@graph\":[{\"@type\":\"Article\",\"@id\":\"https:\/\/www.padreeustaquio.com.br\/secretariado-nacional-comeca-a-gravar-retiro-quaresmal-2023\/#article\",\"isPartOf\":{\"@id\":\"https:\/\/www.padreeustaquio.com.br\/secretariado-nacional-comeca-a-gravar-retiro-quaresmal-2023\/\"},\"author\":{\"name\":\"@sscc\",\"@id\":\"https:\/\/www.padreeustaquio.com.br\/#\/schema\/person\/a2a51db1d00f1a7af0204a0f1ddb1566\"},\"headline\":\"Secretariado Nacional come\u00e7a a gravar Retiro Quaresmal 2023\",\"datePublished\":\"2023-02-15T08:52:00+00:00\",\"mainEntityOfPage\":{\"@id\":\"https:\/\/www.padreeustaquio.com.br\/secretariado-nacional-comeca-a-gravar-retiro-quaresmal-2023\/\"},\"wordCount\":247,\"commentCount\":0,\"publisher\":{\"@id\":\"https:\/\/www.padreeustaquio.com.br\/#organization\"},\"image\":{\"@id\":\"https:\/\/www.padreeustaquio.com.br\/secretariado-nacional-comeca-a-gravar-retiro-quaresmal-2023\/#primaryimage\"},\"thumbnailUrl\":\"https:\/\/www.padreeustaquio.com.br\/wp-content\/uploads\/2023\/02\/retiro-quaresmal-2023.jpeg\",\"articleSection\":[\"Not\u00edcias\"],\"inLanguage\":\"es\",\"potentialAction\":[{\"@type\":\"CommentAction\",\"name\":\"Comment\",\"target\":[\"https:\/\/www.padreeustaquio.com.br\/secretariado-nacional-comeca-a-gravar-retiro-quaresmal-2023\/#respond\"]}]},{\"@type\":\"WebPage\",\"@id\":\"https:\/\/www.padreeustaquio.com.br\/secretariado-nacional-comeca-a-gravar-retiro-quaresmal-2023\/\",\"url\":\"https:\/\/www.padreeustaquio.com.br\/secretariado-nacional-comeca-a-gravar-retiro-quaresmal-2023\/\",\"name\":\"Secretariado Nacional come\u00e7a a gravar Retiro Quaresmal 2023\",\"isPartOf\":{\"@id\":\"https:\/\/www.padreeustaquio.com.br\/#website\"},\"primaryImageOfPage\":{\"@id\":\"https:\/\/www.padreeustaquio.com.br\/secretariado-nacional-comeca-a-gravar-retiro-quaresmal-2023\/#primaryimage\"},\"image\":{\"@id\":\"https:\/\/www.padreeustaquio.com.br\/secretariado-nacional-comeca-a-gravar-retiro-quaresmal-2023\/#primaryimage\"},\"thumbnailUrl\":\"https:\/\/www.padreeustaquio.com.br\/wp-content\/uploads\/2023\/02\/retiro-quaresmal-2023.jpeg\",\"datePublished\":\"2023-02-15T08:52:00+00:00\",\"description\":\"A equipe de produ\u00e7\u00e3o audiovisual do Secretariado Nacional para a Causa de Canoniza\u00e7\u00e3o do Bem-Aventurado Padre Eust\u00e1quio come\u00e7ou esta semana as grava\u00e7\u00f5es do Retiro Quaresmal 2023. Este ano, quem vai comandar as reflex\u00f5es \u00e9 o Irm\u00e3o Vanildo Lima Sena, da Congrega\u00e7\u00e3o dos Sagrados Cora\u00e7\u00f5es.\",\"breadcrumb\":{\"@id\":\"https:\/\/www.padreeustaquio.com.br\/secretariado-nacional-comeca-a-gravar-retiro-quaresmal-2023\/#breadcrumb\"},\"inLanguage\":\"es\",\"potentialAction\":[{\"@type\":\"ReadAction\",\"target\":[\"https:\/\/www.padreeustaquio.com.br\/secretariado-nacional-comeca-a-gravar-retiro-quaresmal-2023\/\"]}]},{\"@type\":\"ImageObject\",\"inLanguage\":\"es\",\"@id\":\"https:\/\/www.padreeustaquio.com.br\/secretariado-nacional-comeca-a-gravar-retiro-quaresmal-2023\/#primaryimage\",\"url\":\"https:\/\/www.padreeustaquio.com.br\/wp-content\/uploads\/2023\/02\/retiro-quaresmal-2023.jpeg\",\"contentUrl\":\"https:\/\/www.padreeustaquio.com.br\/wp-content\/uploads\/2023\/02\/retiro-quaresmal-2023.jpeg\",\"width\":1024,\"height\":768},{\"@type\":\"BreadcrumbList\",\"@id\":\"https:\/\/www.padreeustaquio.com.br\/secretariado-nacional-comeca-a-gravar-retiro-quaresmal-2023\/#breadcrumb\",\"itemListElement\":[{\"@type\":\"ListItem\",\"position\":1,\"name\":\"In\u00edcio\",\"item\":\"https:\/\/www.padreeustaquio.com.br\/\"},{\"@type\":\"ListItem\",\"position\":2,\"name\":\"Secretariado Nacional come\u00e7a a gravar Retiro Quaresmal 2023\"}]},{\"@type\":\"WebSite\",\"@id\":\"https:\/\/www.padreeustaquio.com.br\/#website\",\"url\":\"https:\/\/www.padreeustaquio.com.br\/\",\"name\":\"Padre Eust\u00e1quio\",\"description\":\"Sa\u00fade e Paz\",\"publisher\":{\"@id\":\"https:\/\/www.padreeustaquio.com.br\/#organization\"},\"potentialAction\":[{\"@type\":\"SearchAction\",\"target\":{\"@type\":\"EntryPoint\",\"urlTemplate\":\"https:\/\/www.padreeustaquio.com.br\/?s={search_term_string}\"},\"query-input\":{\"@type\":\"PropertyValueSpecification\",\"valueRequired\":true,\"valueName\":\"search_term_string\"}}],\"inLanguage\":\"es\"},{\"@type\":\"Organization\",\"@id\":\"https:\/\/www.padreeustaquio.com.br\/#organization\",\"name\":\"Padre Eust\u00e1quio\",\"url\":\"https:\/\/www.padreeustaquio.com.br\/\",\"logo\":{\"@type\":\"ImageObject\",\"inLanguage\":\"es\",\"@id\":\"https:\/\/www.padreeustaquio.com.br\/#\/schema\/logo\/image\/\",\"url\":\"https:\/\/www.padreeustaquio.com.br\/wp-content\/uploads\/2019\/08\/marca.png\",\"contentUrl\":\"https:\/\/www.padreeustaquio.com.br\/wp-content\/uploads\/2019\/08\/marca.png\",\"width\":350,\"height\":400,\"caption\":\"Padre Eust\u00e1quio\"},\"image\":{\"@id\":\"https:\/\/www.padreeustaquio.com.br\/#\/schema\/logo\/image\/\"},\"sameAs\":[\"https:\/\/www.facebook.com\/beatopadreeustaquio\/\",\"https:\/\/x.com\/beatopeustaquio\",\"https:\/\/www.instagram.com\/beatopadreeustaquio\/\",\"https:\/\/www.youtube.com\/channel\/UCRhw7vfabnajwLxb1ZXMeIw\"]},{\"@type\":\"Person\",\"@id\":\"https:\/\/www.padreeustaquio.com.br\/#\/schema\/person\/a2a51db1d00f1a7af0204a0f1ddb1566\",\"name\":\"@sscc\",\"image\":{\"@type\":\"ImageObject\",\"inLanguage\":\"es\",\"@id\":\"https:\/\/secure.gravatar.com\/avatar\/68cfafa5f44617fea54071e215026e0ff06be366c3d54a8425f04fdcb86f8c5f?s=96&d=mm&r=g\",\"url\":\"https:\/\/secure.gravatar.com\/avatar\/68cfafa5f44617fea54071e215026e0ff06be366c3d54a8425f04fdcb86f8c5f?s=96&d=mm&r=g\",\"contentUrl\":\"https:\/\/secure.gravatar.com\/avatar\/68cfafa5f44617fea54071e215026e0ff06be366c3d54a8425f04fdcb86f8c5f?s=96&d=mm&r=g\",\"caption\":\"@sscc\"},\"url\":\"https:\/\/www.padreeustaquio.com.br\/es\/author\/sscc\/\"}]}<\/script>\n<!-- \/ Yoast SEO plugin. -->","yoast_head_json":{"title":"El Secretariado Nacional inicia la grabaci\u00f3n del Retiro de Cuaresma 2023","description":"El equipo de producci\u00f3n audiovisual del Secretariado Nacional para la Causa de Canonizaci\u00f3n del Beato Padre Eustaquio comenz\u00f3 esta semana la grabaci\u00f3n del Retiro de Cuaresma de 2023. Este a\u00f1o, el hermano Vanildo Lima Sena, de la Congregaci\u00f3n de los Sagrados Corazones, dirigir\u00e1 las reflexiones.","robots":{"index":"index","follow":"follow","max-snippet":"max-snippet:-1","max-image-preview":"max-image-preview:large","max-video-preview":"max-video-preview:-1"},"canonical":"https:\/\/www.padreeustaquio.com.br\/es\/la-secretaria-nacional-inicia-la-grabacion-del-retiro-de-cuaresma-2023\/","og_locale":"es_ES","og_type":"article","og_title":"Secretariado Nacional come\u00e7a a gravar Retiro Quaresmal 2023","og_description":"A equipe de produ\u00e7\u00e3o audiovisual do Secretariado Nacional para a Causa de Canoniza\u00e7\u00e3o do Bem-Aventurado Padre Eust\u00e1quio come\u00e7ou esta semana as grava\u00e7\u00f5es do Retiro Quaresmal 2023. Este ano, quem vai comandar as reflex\u00f5es \u00e9 o Irm\u00e3o Vanildo Lima Sena, da Congrega\u00e7\u00e3o dos Sagrados Cora\u00e7\u00f5es.","og_url":"https:\/\/www.padreeustaquio.com.br\/es\/la-secretaria-nacional-inicia-la-grabacion-del-retiro-de-cuaresma-2023\/","og_site_name":"Padre Eust\u00e1quio","article_publisher":"https:\/\/www.facebook.com\/beatopadreeustaquio\/","article_published_time":"2023-02-15T08:52:00+00:00","og_image":[{"width":1024,"height":768,"url":"https:\/\/www.padreeustaquio.com.br\/wp-content\/uploads\/2023\/02\/retiro-quaresmal-2023.jpeg","type":"image\/jpeg"}],"author":"@sscc","twitter_card":"summary_large_image","twitter_creator":"@beatopeustaquio","twitter_site":"@beatopeustaquio","twitter_misc":{"Escrito por":"@sscc","Tiempo de lectura":"1 minuto"},"schema":{"@context":"https:\/\/schema.org","@graph":[{"@type":"Article","@id":"https:\/\/www.padreeustaquio.com.br\/secretariado-nacional-comeca-a-gravar-retiro-quaresmal-2023\/#article","isPartOf":{"@id":"https:\/\/www.padreeustaquio.com.br\/secretariado-nacional-comeca-a-gravar-retiro-quaresmal-2023\/"},"author":{"name":"@sscc","@id":"https:\/\/www.padreeustaquio.com.br\/#\/schema\/person\/a2a51db1d00f1a7af0204a0f1ddb1566"},"headline":"Secretariado Nacional come\u00e7a a gravar Retiro Quaresmal 2023","datePublished":"2023-02-15T08:52:00+00:00","mainEntityOfPage":{"@id":"https:\/\/www.padreeustaquio.com.br\/secretariado-nacional-comeca-a-gravar-retiro-quaresmal-2023\/"},"wordCount":247,"commentCount":0,"publisher":{"@id":"https:\/\/www.padreeustaquio.com.br\/#organization"},"image":{"@id":"https:\/\/www.padreeustaquio.com.br\/secretariado-nacional-comeca-a-gravar-retiro-quaresmal-2023\/#primaryimage"},"thumbnailUrl":"https:\/\/www.padreeustaquio.com.br\/wp-content\/uploads\/2023\/02\/retiro-quaresmal-2023.jpeg","articleSection":["Not\u00edcias"],"inLanguage":"es","potentialAction":[{"@type":"CommentAction","name":"Comment","target":["https:\/\/www.padreeustaquio.com.br\/secretariado-nacional-comeca-a-gravar-retiro-quaresmal-2023\/#respond"]}]},{"@type":"WebPage","@id":"https:\/\/www.padreeustaquio.com.br\/secretariado-nacional-comeca-a-gravar-retiro-quaresmal-2023\/","url":"https:\/\/www.padreeustaquio.com.br\/secretariado-nacional-comeca-a-gravar-retiro-quaresmal-2023\/","name":"El Secretariado Nacional inicia la grabaci\u00f3n del Retiro de Cuaresma 2023","isPartOf":{"@id":"https:\/\/www.padreeustaquio.com.br\/#website"},"primaryImageOfPage":{"@id":"https:\/\/www.padreeustaquio.com.br\/secretariado-nacional-comeca-a-gravar-retiro-quaresmal-2023\/#primaryimage"},"image":{"@id":"https:\/\/www.padreeustaquio.com.br\/secretariado-nacional-comeca-a-gravar-retiro-quaresmal-2023\/#primaryimage"},"thumbnailUrl":"https:\/\/www.padreeustaquio.com.br\/wp-content\/uploads\/2023\/02\/retiro-quaresmal-2023.jpeg","datePublished":"2023-02-15T08:52:00+00:00","description":"El equipo de producci\u00f3n audiovisual del Secretariado Nacional para la Causa de Canonizaci\u00f3n del Beato Padre Eustaquio comenz\u00f3 esta semana la grabaci\u00f3n del Retiro de Cuaresma de 2023. Este a\u00f1o, el hermano Vanildo Lima Sena, de la Congregaci\u00f3n de los Sagrados Corazones, dirigir\u00e1 las reflexiones.","breadcrumb":{"@id":"https:\/\/www.padreeustaquio.com.br\/secretariado-nacional-comeca-a-gravar-retiro-quaresmal-2023\/#breadcrumb"},"inLanguage":"es","potentialAction":[{"@type":"ReadAction","target":["https:\/\/www.padreeustaquio.com.br\/secretariado-nacional-comeca-a-gravar-retiro-quaresmal-2023\/"]}]},{"@type":"ImageObject","inLanguage":"es","@id":"https:\/\/www.padreeustaquio.com.br\/secretariado-nacional-comeca-a-gravar-retiro-quaresmal-2023\/#primaryimage","url":"https:\/\/www.padreeustaquio.com.br\/wp-content\/uploads\/2023\/02\/retiro-quaresmal-2023.jpeg","contentUrl":"https:\/\/www.padreeustaquio.com.br\/wp-content\/uploads\/2023\/02\/retiro-quaresmal-2023.jpeg","width":1024,"height":768},{"@type":"BreadcrumbList","@id":"https:\/\/www.padreeustaquio.com.br\/secretariado-nacional-comeca-a-gravar-retiro-quaresmal-2023\/#breadcrumb","itemListElement":[{"@type":"ListItem","position":1,"name":"In\u00edcio","item":"https:\/\/www.padreeustaquio.com.br\/"},{"@type":"ListItem","position":2,"name":"Secretariado Nacional come\u00e7a a gravar Retiro Quaresmal 2023"}]},{"@type":"WebSite","@id":"https:\/\/www.padreeustaquio.com.br\/#website","url":"https:\/\/www.padreeustaquio.com.br\/","name":"Padre Eustace","description":"Salud y Paz","publisher":{"@id":"https:\/\/www.padreeustaquio.com.br\/#organization"},"potentialAction":[{"@type":"SearchAction","target":{"@type":"EntryPoint","urlTemplate":"https:\/\/www.padreeustaquio.com.br\/?s={search_term_string}"},"query-input":{"@type":"PropertyValueSpecification","valueRequired":true,"valueName":"search_term_string"}}],"inLanguage":"es"},{"@type":"Organization","@id":"https:\/\/www.padreeustaquio.com.br\/#organization","name":"Padre Eustace","url":"https:\/\/www.padreeustaquio.com.br\/","logo":{"@type":"ImageObject","inLanguage":"es","@id":"https:\/\/www.padreeustaquio.com.br\/#\/schema\/logo\/image\/","url":"https:\/\/www.padreeustaquio.com.br\/wp-content\/uploads\/2019\/08\/marca.png","contentUrl":"https:\/\/www.padreeustaquio.com.br\/wp-content\/uploads\/2019\/08\/marca.png","width":350,"height":400,"caption":"Padre Eust\u00e1quio"},"image":{"@id":"https:\/\/www.padreeustaquio.com.br\/#\/schema\/logo\/image\/"},"sameAs":["https:\/\/www.facebook.com\/beatopadreeustaquio\/","https:\/\/x.com\/beatopeustaquio","https:\/\/www.instagram.com\/beatopadreeustaquio\/","https:\/\/www.youtube.com\/channel\/UCRhw7vfabnajwLxb1ZXMeIw"]},{"@type":"Person","@id":"https:\/\/www.padreeustaquio.com.br\/#\/schema\/person\/a2a51db1d00f1a7af0204a0f1ddb1566","name":"@sscc","image":{"@type":"ImageObject","inLanguage":"es","@id":"https:\/\/secure.gravatar.com\/avatar\/68cfafa5f44617fea54071e215026e0ff06be366c3d54a8425f04fdcb86f8c5f?s=96&d=mm&r=g","url":"https:\/\/secure.gravatar.com\/avatar\/68cfafa5f44617fea54071e215026e0ff06be366c3d54a8425f04fdcb86f8c5f?s=96&d=mm&r=g","contentUrl":"https:\/\/secure.gravatar.com\/avatar\/68cfafa5f44617fea54071e215026e0ff06be366c3d54a8425f04fdcb86f8c5f?s=96&d=mm&r=g","caption":"@sscc"},"url":"https:\/\/www.padreeustaquio.com.br\/es\/author\/sscc\/"}]}},"_links":{"self":[{"href":"https:\/\/www.padreeustaquio.com.br\/es\/wp-json\/wp\/v2\/posts\/9909","targetHints":{"allow":["GET"]}}],"collection":[{"href":"https:\/\/www.padreeustaquio.com.br\/es\/wp-json\/wp\/v2\/posts"}],"about":[{"href":"https:\/\/www.padreeustaquio.com.br\/es\/wp-json\/wp\/v2\/types\/post"}],"author":[{"embeddable":true,"href":"https:\/\/www.padreeustaquio.com.br\/es\/wp-json\/wp\/v2\/users\/2"}],"replies":[{"embeddable":true,"href":"https:\/\/www.padreeustaquio.com.br\/es\/wp-json\/wp\/v2\/comments?post=9909"}],"version-history":[{"count":0,"href":"https:\/\/www.padreeustaquio.com.br\/es\/wp-json\/wp\/v2\/posts\/9909\/revisions"}],"wp:featuredmedia":[{"embeddable":true,"href":"https:\/\/www.padreeustaquio.com.br\/es\/wp-json\/wp\/v2\/media\/9910"}],"wp:attachment":[{"href":"https:\/\/www.padreeustaquio.com.br\/es\/wp-json\/wp\/v2\/media?parent=9909"}],"wp:term":[{"taxonomy":"category","embeddable":true,"href":"https:\/\/www.padreeustaquio.com.br\/es\/wp-json\/wp\/v2\/categories?post=9909"},{"taxonomy":"post_tag","embeddable":true,"href":"https:\/\/www.padreeustaquio.com.br\/es\/wp-json\/wp\/v2\/tags?post=9909"}],"curies":[{"name":"wp","href":"https:\/\/api.w.org\/{rel}","templated":true}]}}