{"id":9894,"date":"2023-02-09T08:33:13","date_gmt":"2023-02-09T11:33:13","guid":{"rendered":"https:\/\/www.padreeustaquio.com.br\/?p=9894"},"modified":"2023-02-09T08:33:14","modified_gmt":"2023-02-09T11:33:14","slug":"el-obispo-joel-preside-la-misa-del-santo-rostro-en-la-iglesia-del-padre-eustaquio","status":"publish","type":"post","link":"https:\/\/www.padreeustaquio.com.br\/es\/el-obispo-joel-preside-la-misa-del-santo-rostro-en-la-iglesia-del-padre-eustaquio\/","title":{"rendered":"El obispo Joel preside la Misa del Santo Rostro en la Iglesia del Padre Eustaquio."},"content":{"rendered":"<p>El obispo auxiliar de la Arquidi\u00f3cesis de Belo Horizonte, Dom Joel Maria dos Santos, presidi\u00f3 la Misa de Apertura del A\u00f1o Jubilar de la Santa Faz y el 45.\u00ba aniversario de la devoci\u00f3n del Grupo de Oraci\u00f3n el martes a las 19:00 h. La Eucarist\u00eda, celebrada en el Santuario Arquidiocesano de la Salud y la Paz, fue concelebrada por los Padres Silvano Dias de \u00c1vila y Edvaldo Carneiro, as\u00ed como por los postulantes y hermanos de los Sagrados Corazones.<\/p>\n\n\n\n<p>Durante la homil\u00eda, Monse\u00f1or Joel destac\u00f3 la importancia del movimiento, que comenz\u00f3 a organizarse en la capital de Minas Gerais a finales de la d\u00e9cada de 1970 por uno de los sacerdotes de la Congregaci\u00f3n de los Sagrados Corazones.<\/p>\n\n\n\n<p>Los fieles y participantes en grupo pudieron seguir la celebraci\u00f3n de manera presencial o a trav\u00e9s del Canal Padre Eust\u00e1quio en YouTube, que transmiti\u00f3 en vivo toda la Santa Misa.<a href=\"https:\/\/www.youtube.com\/watch?v=SpD5lJxzB28\" target=\"_blank\" rel=\"noreferrer noopener\">REVISAR AQU\u00cd<\/a>).<\/p>\n\n\n\n<p>Poco antes de la Eucarist\u00eda, a las 18:30 horas, los fieles participaron del rezo del Santo Rosario del Santo Rostro, marcando el inicio de los nueve martes en honor al Santo Rostro, celebrados en las diversas parroquias de la Arquidi\u00f3cesis de Belo Horizonte.<\/p>\n\n\n\n<p><\/p>","protected":false},"excerpt":{"rendered":"<p>O bispo auxiliar da Arquidiocese de Belo Horizonte dom Joel Maria dos Santos presidiu, nessa ter\u00e7a-feira, \u00e0s 19h a Missa de Abertura do Ano Jubilar da Sagrada Face e dos 45 anos de devo\u00e7\u00e3o do Grupo de Ora\u00e7\u00e3o. A Eucaristia, celebrada no Santu\u00e1rio Arquidiocesano da Sa\u00fade e da Paz, foi concelebrada pelos padres Silvano Dias de \u00c1vila e Edvaldo Carneiro, al\u00e9m dos postulantes e irm\u00e3os dos Sagrados Cora\u00e7\u00f5es. Durante a homilia, dom Joel ressaltou a import\u00e2ncia do movimento que come\u00e7ou a ser organizado na capital mineira no final da d\u00e9cada de 1970 por um dos padres da Congrega\u00e7\u00e3o dos Sagrados [&hellip;]<\/p>\n","protected":false},"author":2,"featured_media":9895,"comment_status":"open","ping_status":"closed","sticky":false,"template":"","format":"standard","meta":{"_acf_changed":false,"footnotes":""},"categories":[611],"tags":[],"class_list":["post-9894","post","type-post","status-publish","format-standard","has-post-thumbnail","hentry","category-noticias"],"acf":[],"yoast_head":"<!-- This site is optimized with the Yoast SEO plugin v27.2 - https:\/\/yoast.com\/product\/yoast-seo-wordpress\/ -->\n<title>Dom Joel preside missa da Sagrada Face na Igreja do Padre Eust\u00e1quio<\/title>\n<meta name=\"description\" content=\"O bispo auxiliar da Arquidiocese de Belo Horizonte dom Joel Maria dos Santos presidiu, nessa ter\u00e7a-feira, \u00e0s 19h a Missa de Abertura do Ano Jubilar da Sagrada Face e dos 45 anos de devo\u00e7\u00e3o do Grupo de Ora\u00e7\u00e3o. A Eucaristia, celebrada no Santu\u00e1rio Arquidiocesano da Sa\u00fade e da Paz, foi concelebrada pelos padres Silvano Dias de \u00c1vila e Edvaldo Carneiro, al\u00e9m dos postulantes e irm\u00e3os dos Sagrados Cora\u00e7\u00f5es.\" \/>\n<meta name=\"robots\" content=\"index, follow, max-snippet:-1, max-image-preview:large, max-video-preview:-1\" \/>\n<link rel=\"canonical\" href=\"https:\/\/www.padreeustaquio.com.br\/es\/el-obispo-joel-preside-la-misa-del-santo-rostro-en-la-iglesia-del-padre-eustaquio\/\" \/>\n<meta property=\"og:locale\" content=\"es_ES\" \/>\n<meta property=\"og:type\" content=\"article\" \/>\n<meta property=\"og:title\" content=\"Dom Joel preside missa da Sagrada Face na Igreja do Padre Eust\u00e1quio\" \/>\n<meta property=\"og:description\" content=\"O bispo auxiliar da Arquidiocese de Belo Horizonte dom Joel Maria dos Santos presidiu, nessa ter\u00e7a-feira, \u00e0s 19h a Missa de Abertura do Ano Jubilar da Sagrada Face e dos 45 anos de devo\u00e7\u00e3o do Grupo de Ora\u00e7\u00e3o. A Eucaristia, celebrada no Santu\u00e1rio Arquidiocesano da Sa\u00fade e da Paz, foi concelebrada pelos padres Silvano Dias de \u00c1vila e Edvaldo Carneiro, al\u00e9m dos postulantes e irm\u00e3os dos Sagrados Cora\u00e7\u00f5es.\" \/>\n<meta property=\"og:url\" content=\"https:\/\/www.padreeustaquio.com.br\/es\/el-obispo-joel-preside-la-misa-del-santo-rostro-en-la-iglesia-del-padre-eustaquio\/\" \/>\n<meta property=\"og:site_name\" content=\"Padre Eust\u00e1quio\" \/>\n<meta property=\"article:publisher\" content=\"https:\/\/www.facebook.com\/beatopadreeustaquio\/\" \/>\n<meta property=\"article:published_time\" content=\"2023-02-09T11:33:13+00:00\" \/>\n<meta property=\"article:modified_time\" content=\"2023-02-09T11:33:14+00:00\" \/>\n<meta property=\"og:image\" content=\"https:\/\/www.padreeustaquio.com.br\/wp-content\/uploads\/2023\/02\/dom-joel-no-santuario.png\" \/>\n\t<meta property=\"og:image:width\" content=\"1440\" \/>\n\t<meta property=\"og:image:height\" content=\"664\" \/>\n\t<meta property=\"og:image:type\" content=\"image\/png\" \/>\n<meta name=\"author\" content=\"@sscc\" \/>\n<meta name=\"twitter:card\" content=\"summary_large_image\" \/>\n<meta name=\"twitter:creator\" content=\"@beatopeustaquio\" \/>\n<meta name=\"twitter:site\" content=\"@beatopeustaquio\" \/>\n<meta name=\"twitter:label1\" content=\"Escrito por\" \/>\n\t<meta name=\"twitter:data1\" content=\"@sscc\" \/>\n\t<meta name=\"twitter:label2\" content=\"Tiempo de lectura\" \/>\n\t<meta name=\"twitter:data2\" content=\"1 minuto\" \/>\n<script type=\"application\/ld+json\" class=\"yoast-schema-graph\">{\"@context\":\"https:\/\/schema.org\",\"@graph\":[{\"@type\":\"Article\",\"@id\":\"https:\/\/www.padreeustaquio.com.br\/dom-joel-preside-missa-da-sagrada-face-na-igreja-do-padre-eustaquio\/#article\",\"isPartOf\":{\"@id\":\"https:\/\/www.padreeustaquio.com.br\/dom-joel-preside-missa-da-sagrada-face-na-igreja-do-padre-eustaquio\/\"},\"author\":{\"name\":\"@sscc\",\"@id\":\"https:\/\/www.padreeustaquio.com.br\/#\/schema\/person\/a2a51db1d00f1a7af0204a0f1ddb1566\"},\"headline\":\"Dom Joel preside missa da Sagrada Face na Igreja do Padre Eust\u00e1quio\",\"datePublished\":\"2023-02-09T11:33:13+00:00\",\"dateModified\":\"2023-02-09T11:33:14+00:00\",\"mainEntityOfPage\":{\"@id\":\"https:\/\/www.padreeustaquio.com.br\/dom-joel-preside-missa-da-sagrada-face-na-igreja-do-padre-eustaquio\/\"},\"wordCount\":199,\"commentCount\":0,\"publisher\":{\"@id\":\"https:\/\/www.padreeustaquio.com.br\/#organization\"},\"image\":{\"@id\":\"https:\/\/www.padreeustaquio.com.br\/dom-joel-preside-missa-da-sagrada-face-na-igreja-do-padre-eustaquio\/#primaryimage\"},\"thumbnailUrl\":\"https:\/\/www.padreeustaquio.com.br\/wp-content\/uploads\/2023\/02\/dom-joel-no-santuario.png\",\"articleSection\":[\"Not\u00edcias\"],\"inLanguage\":\"es\",\"potentialAction\":[{\"@type\":\"CommentAction\",\"name\":\"Comment\",\"target\":[\"https:\/\/www.padreeustaquio.com.br\/dom-joel-preside-missa-da-sagrada-face-na-igreja-do-padre-eustaquio\/#respond\"]}]},{\"@type\":\"WebPage\",\"@id\":\"https:\/\/www.padreeustaquio.com.br\/dom-joel-preside-missa-da-sagrada-face-na-igreja-do-padre-eustaquio\/\",\"url\":\"https:\/\/www.padreeustaquio.com.br\/dom-joel-preside-missa-da-sagrada-face-na-igreja-do-padre-eustaquio\/\",\"name\":\"Dom Joel preside missa da Sagrada Face na Igreja do Padre Eust\u00e1quio\",\"isPartOf\":{\"@id\":\"https:\/\/www.padreeustaquio.com.br\/#website\"},\"primaryImageOfPage\":{\"@id\":\"https:\/\/www.padreeustaquio.com.br\/dom-joel-preside-missa-da-sagrada-face-na-igreja-do-padre-eustaquio\/#primaryimage\"},\"image\":{\"@id\":\"https:\/\/www.padreeustaquio.com.br\/dom-joel-preside-missa-da-sagrada-face-na-igreja-do-padre-eustaquio\/#primaryimage\"},\"thumbnailUrl\":\"https:\/\/www.padreeustaquio.com.br\/wp-content\/uploads\/2023\/02\/dom-joel-no-santuario.png\",\"datePublished\":\"2023-02-09T11:33:13+00:00\",\"dateModified\":\"2023-02-09T11:33:14+00:00\",\"description\":\"O bispo auxiliar da Arquidiocese de Belo Horizonte dom Joel Maria dos Santos presidiu, nessa ter\u00e7a-feira, \u00e0s 19h a Missa de Abertura do Ano Jubilar da Sagrada Face e dos 45 anos de devo\u00e7\u00e3o do Grupo de Ora\u00e7\u00e3o. A Eucaristia, celebrada no Santu\u00e1rio Arquidiocesano da Sa\u00fade e da Paz, foi concelebrada pelos padres Silvano Dias de \u00c1vila e Edvaldo Carneiro, al\u00e9m dos postulantes e irm\u00e3os dos Sagrados Cora\u00e7\u00f5es.\",\"breadcrumb\":{\"@id\":\"https:\/\/www.padreeustaquio.com.br\/dom-joel-preside-missa-da-sagrada-face-na-igreja-do-padre-eustaquio\/#breadcrumb\"},\"inLanguage\":\"es\",\"potentialAction\":[{\"@type\":\"ReadAction\",\"target\":[\"https:\/\/www.padreeustaquio.com.br\/dom-joel-preside-missa-da-sagrada-face-na-igreja-do-padre-eustaquio\/\"]}]},{\"@type\":\"ImageObject\",\"inLanguage\":\"es\",\"@id\":\"https:\/\/www.padreeustaquio.com.br\/dom-joel-preside-missa-da-sagrada-face-na-igreja-do-padre-eustaquio\/#primaryimage\",\"url\":\"https:\/\/www.padreeustaquio.com.br\/wp-content\/uploads\/2023\/02\/dom-joel-no-santuario.png\",\"contentUrl\":\"https:\/\/www.padreeustaquio.com.br\/wp-content\/uploads\/2023\/02\/dom-joel-no-santuario.png\",\"width\":1440,\"height\":664},{\"@type\":\"BreadcrumbList\",\"@id\":\"https:\/\/www.padreeustaquio.com.br\/dom-joel-preside-missa-da-sagrada-face-na-igreja-do-padre-eustaquio\/#breadcrumb\",\"itemListElement\":[{\"@type\":\"ListItem\",\"position\":1,\"name\":\"In\u00edcio\",\"item\":\"https:\/\/www.padreeustaquio.com.br\/\"},{\"@type\":\"ListItem\",\"position\":2,\"name\":\"Dom Joel preside missa da Sagrada Face na Igreja do Padre Eust\u00e1quio\"}]},{\"@type\":\"WebSite\",\"@id\":\"https:\/\/www.padreeustaquio.com.br\/#website\",\"url\":\"https:\/\/www.padreeustaquio.com.br\/\",\"name\":\"Padre Eust\u00e1quio\",\"description\":\"Sa\u00fade e Paz\",\"publisher\":{\"@id\":\"https:\/\/www.padreeustaquio.com.br\/#organization\"},\"potentialAction\":[{\"@type\":\"SearchAction\",\"target\":{\"@type\":\"EntryPoint\",\"urlTemplate\":\"https:\/\/www.padreeustaquio.com.br\/?s={search_term_string}\"},\"query-input\":{\"@type\":\"PropertyValueSpecification\",\"valueRequired\":true,\"valueName\":\"search_term_string\"}}],\"inLanguage\":\"es\"},{\"@type\":\"Organization\",\"@id\":\"https:\/\/www.padreeustaquio.com.br\/#organization\",\"name\":\"Padre Eust\u00e1quio\",\"url\":\"https:\/\/www.padreeustaquio.com.br\/\",\"logo\":{\"@type\":\"ImageObject\",\"inLanguage\":\"es\",\"@id\":\"https:\/\/www.padreeustaquio.com.br\/#\/schema\/logo\/image\/\",\"url\":\"https:\/\/www.padreeustaquio.com.br\/wp-content\/uploads\/2019\/08\/marca.png\",\"contentUrl\":\"https:\/\/www.padreeustaquio.com.br\/wp-content\/uploads\/2019\/08\/marca.png\",\"width\":350,\"height\":400,\"caption\":\"Padre Eust\u00e1quio\"},\"image\":{\"@id\":\"https:\/\/www.padreeustaquio.com.br\/#\/schema\/logo\/image\/\"},\"sameAs\":[\"https:\/\/www.facebook.com\/beatopadreeustaquio\/\",\"https:\/\/x.com\/beatopeustaquio\",\"https:\/\/www.instagram.com\/beatopadreeustaquio\/\",\"https:\/\/www.youtube.com\/channel\/UCRhw7vfabnajwLxb1ZXMeIw\"]},{\"@type\":\"Person\",\"@id\":\"https:\/\/www.padreeustaquio.com.br\/#\/schema\/person\/a2a51db1d00f1a7af0204a0f1ddb1566\",\"name\":\"@sscc\",\"image\":{\"@type\":\"ImageObject\",\"inLanguage\":\"es\",\"@id\":\"https:\/\/secure.gravatar.com\/avatar\/68cfafa5f44617fea54071e215026e0ff06be366c3d54a8425f04fdcb86f8c5f?s=96&d=mm&r=g\",\"url\":\"https:\/\/secure.gravatar.com\/avatar\/68cfafa5f44617fea54071e215026e0ff06be366c3d54a8425f04fdcb86f8c5f?s=96&d=mm&r=g\",\"contentUrl\":\"https:\/\/secure.gravatar.com\/avatar\/68cfafa5f44617fea54071e215026e0ff06be366c3d54a8425f04fdcb86f8c5f?s=96&d=mm&r=g\",\"caption\":\"@sscc\"},\"url\":\"https:\/\/www.padreeustaquio.com.br\/es\/author\/sscc\/\"}]}<\/script>\n<!-- \/ Yoast SEO plugin. -->","yoast_head_json":{"title":"El obispo Joel preside la Misa del Santo Rostro en la Iglesia del Padre Eustaquio.","description":"El obispo auxiliar de la Arquidi\u00f3cesis de Belo Horizonte, Dom Joel Maria dos Santos, presidi\u00f3 la Misa de Apertura del A\u00f1o Jubilar de la Santa Faz y el 45.\u00ba aniversario de la devoci\u00f3n del Grupo de Oraci\u00f3n el martes a las 19:00 h. La Eucarist\u00eda, celebrada en el Santuario Arquidiocesano de la Salud y la Paz, fue concelebrada por los Padres Silvano Dias de \u00c1vila y Edvaldo Carneiro, as\u00ed como por los postulantes y hermanos de los Sagrados Corazones.","robots":{"index":"index","follow":"follow","max-snippet":"max-snippet:-1","max-image-preview":"max-image-preview:large","max-video-preview":"max-video-preview:-1"},"canonical":"https:\/\/www.padreeustaquio.com.br\/es\/el-obispo-joel-preside-la-misa-del-santo-rostro-en-la-iglesia-del-padre-eustaquio\/","og_locale":"es_ES","og_type":"article","og_title":"Dom Joel preside missa da Sagrada Face na Igreja do Padre Eust\u00e1quio","og_description":"O bispo auxiliar da Arquidiocese de Belo Horizonte dom Joel Maria dos Santos presidiu, nessa ter\u00e7a-feira, \u00e0s 19h a Missa de Abertura do Ano Jubilar da Sagrada Face e dos 45 anos de devo\u00e7\u00e3o do Grupo de Ora\u00e7\u00e3o. A Eucaristia, celebrada no Santu\u00e1rio Arquidiocesano da Sa\u00fade e da Paz, foi concelebrada pelos padres Silvano Dias de \u00c1vila e Edvaldo Carneiro, al\u00e9m dos postulantes e irm\u00e3os dos Sagrados Cora\u00e7\u00f5es.","og_url":"https:\/\/www.padreeustaquio.com.br\/es\/el-obispo-joel-preside-la-misa-del-santo-rostro-en-la-iglesia-del-padre-eustaquio\/","og_site_name":"Padre Eust\u00e1quio","article_publisher":"https:\/\/www.facebook.com\/beatopadreeustaquio\/","article_published_time":"2023-02-09T11:33:13+00:00","article_modified_time":"2023-02-09T11:33:14+00:00","og_image":[{"width":1440,"height":664,"url":"https:\/\/www.padreeustaquio.com.br\/wp-content\/uploads\/2023\/02\/dom-joel-no-santuario.png","type":"image\/png"}],"author":"@sscc","twitter_card":"summary_large_image","twitter_creator":"@beatopeustaquio","twitter_site":"@beatopeustaquio","twitter_misc":{"Escrito por":"@sscc","Tiempo de lectura":"1 minuto"},"schema":{"@context":"https:\/\/schema.org","@graph":[{"@type":"Article","@id":"https:\/\/www.padreeustaquio.com.br\/dom-joel-preside-missa-da-sagrada-face-na-igreja-do-padre-eustaquio\/#article","isPartOf":{"@id":"https:\/\/www.padreeustaquio.com.br\/dom-joel-preside-missa-da-sagrada-face-na-igreja-do-padre-eustaquio\/"},"author":{"name":"@sscc","@id":"https:\/\/www.padreeustaquio.com.br\/#\/schema\/person\/a2a51db1d00f1a7af0204a0f1ddb1566"},"headline":"Dom Joel preside missa da Sagrada Face na Igreja do Padre Eust\u00e1quio","datePublished":"2023-02-09T11:33:13+00:00","dateModified":"2023-02-09T11:33:14+00:00","mainEntityOfPage":{"@id":"https:\/\/www.padreeustaquio.com.br\/dom-joel-preside-missa-da-sagrada-face-na-igreja-do-padre-eustaquio\/"},"wordCount":199,"commentCount":0,"publisher":{"@id":"https:\/\/www.padreeustaquio.com.br\/#organization"},"image":{"@id":"https:\/\/www.padreeustaquio.com.br\/dom-joel-preside-missa-da-sagrada-face-na-igreja-do-padre-eustaquio\/#primaryimage"},"thumbnailUrl":"https:\/\/www.padreeustaquio.com.br\/wp-content\/uploads\/2023\/02\/dom-joel-no-santuario.png","articleSection":["Not\u00edcias"],"inLanguage":"es","potentialAction":[{"@type":"CommentAction","name":"Comment","target":["https:\/\/www.padreeustaquio.com.br\/dom-joel-preside-missa-da-sagrada-face-na-igreja-do-padre-eustaquio\/#respond"]}]},{"@type":"WebPage","@id":"https:\/\/www.padreeustaquio.com.br\/dom-joel-preside-missa-da-sagrada-face-na-igreja-do-padre-eustaquio\/","url":"https:\/\/www.padreeustaquio.com.br\/dom-joel-preside-missa-da-sagrada-face-na-igreja-do-padre-eustaquio\/","name":"El obispo Joel preside la Misa del Santo Rostro en la Iglesia del Padre Eustaquio.","isPartOf":{"@id":"https:\/\/www.padreeustaquio.com.br\/#website"},"primaryImageOfPage":{"@id":"https:\/\/www.padreeustaquio.com.br\/dom-joel-preside-missa-da-sagrada-face-na-igreja-do-padre-eustaquio\/#primaryimage"},"image":{"@id":"https:\/\/www.padreeustaquio.com.br\/dom-joel-preside-missa-da-sagrada-face-na-igreja-do-padre-eustaquio\/#primaryimage"},"thumbnailUrl":"https:\/\/www.padreeustaquio.com.br\/wp-content\/uploads\/2023\/02\/dom-joel-no-santuario.png","datePublished":"2023-02-09T11:33:13+00:00","dateModified":"2023-02-09T11:33:14+00:00","description":"El obispo auxiliar de la Arquidi\u00f3cesis de Belo Horizonte, Dom Joel Maria dos Santos, presidi\u00f3 la Misa de Apertura del A\u00f1o Jubilar de la Santa Faz y el 45.\u00ba aniversario de la devoci\u00f3n del Grupo de Oraci\u00f3n el martes a las 19:00 h. La Eucarist\u00eda, celebrada en el Santuario Arquidiocesano de la Salud y la Paz, fue concelebrada por los Padres Silvano Dias de \u00c1vila y Edvaldo Carneiro, as\u00ed como por los postulantes y hermanos de los Sagrados Corazones.","breadcrumb":{"@id":"https:\/\/www.padreeustaquio.com.br\/dom-joel-preside-missa-da-sagrada-face-na-igreja-do-padre-eustaquio\/#breadcrumb"},"inLanguage":"es","potentialAction":[{"@type":"ReadAction","target":["https:\/\/www.padreeustaquio.com.br\/dom-joel-preside-missa-da-sagrada-face-na-igreja-do-padre-eustaquio\/"]}]},{"@type":"ImageObject","inLanguage":"es","@id":"https:\/\/www.padreeustaquio.com.br\/dom-joel-preside-missa-da-sagrada-face-na-igreja-do-padre-eustaquio\/#primaryimage","url":"https:\/\/www.padreeustaquio.com.br\/wp-content\/uploads\/2023\/02\/dom-joel-no-santuario.png","contentUrl":"https:\/\/www.padreeustaquio.com.br\/wp-content\/uploads\/2023\/02\/dom-joel-no-santuario.png","width":1440,"height":664},{"@type":"BreadcrumbList","@id":"https:\/\/www.padreeustaquio.com.br\/dom-joel-preside-missa-da-sagrada-face-na-igreja-do-padre-eustaquio\/#breadcrumb","itemListElement":[{"@type":"ListItem","position":1,"name":"In\u00edcio","item":"https:\/\/www.padreeustaquio.com.br\/"},{"@type":"ListItem","position":2,"name":"Dom Joel preside missa da Sagrada Face na Igreja do Padre Eust\u00e1quio"}]},{"@type":"WebSite","@id":"https:\/\/www.padreeustaquio.com.br\/#website","url":"https:\/\/www.padreeustaquio.com.br\/","name":"Padre Eustace","description":"Salud y Paz","publisher":{"@id":"https:\/\/www.padreeustaquio.com.br\/#organization"},"potentialAction":[{"@type":"SearchAction","target":{"@type":"EntryPoint","urlTemplate":"https:\/\/www.padreeustaquio.com.br\/?s={search_term_string}"},"query-input":{"@type":"PropertyValueSpecification","valueRequired":true,"valueName":"search_term_string"}}],"inLanguage":"es"},{"@type":"Organization","@id":"https:\/\/www.padreeustaquio.com.br\/#organization","name":"Padre Eustace","url":"https:\/\/www.padreeustaquio.com.br\/","logo":{"@type":"ImageObject","inLanguage":"es","@id":"https:\/\/www.padreeustaquio.com.br\/#\/schema\/logo\/image\/","url":"https:\/\/www.padreeustaquio.com.br\/wp-content\/uploads\/2019\/08\/marca.png","contentUrl":"https:\/\/www.padreeustaquio.com.br\/wp-content\/uploads\/2019\/08\/marca.png","width":350,"height":400,"caption":"Padre Eust\u00e1quio"},"image":{"@id":"https:\/\/www.padreeustaquio.com.br\/#\/schema\/logo\/image\/"},"sameAs":["https:\/\/www.facebook.com\/beatopadreeustaquio\/","https:\/\/x.com\/beatopeustaquio","https:\/\/www.instagram.com\/beatopadreeustaquio\/","https:\/\/www.youtube.com\/channel\/UCRhw7vfabnajwLxb1ZXMeIw"]},{"@type":"Person","@id":"https:\/\/www.padreeustaquio.com.br\/#\/schema\/person\/a2a51db1d00f1a7af0204a0f1ddb1566","name":"@sscc","image":{"@type":"ImageObject","inLanguage":"es","@id":"https:\/\/secure.gravatar.com\/avatar\/68cfafa5f44617fea54071e215026e0ff06be366c3d54a8425f04fdcb86f8c5f?s=96&d=mm&r=g","url":"https:\/\/secure.gravatar.com\/avatar\/68cfafa5f44617fea54071e215026e0ff06be366c3d54a8425f04fdcb86f8c5f?s=96&d=mm&r=g","contentUrl":"https:\/\/secure.gravatar.com\/avatar\/68cfafa5f44617fea54071e215026e0ff06be366c3d54a8425f04fdcb86f8c5f?s=96&d=mm&r=g","caption":"@sscc"},"url":"https:\/\/www.padreeustaquio.com.br\/es\/author\/sscc\/"}]}},"_links":{"self":[{"href":"https:\/\/www.padreeustaquio.com.br\/es\/wp-json\/wp\/v2\/posts\/9894","targetHints":{"allow":["GET"]}}],"collection":[{"href":"https:\/\/www.padreeustaquio.com.br\/es\/wp-json\/wp\/v2\/posts"}],"about":[{"href":"https:\/\/www.padreeustaquio.com.br\/es\/wp-json\/wp\/v2\/types\/post"}],"author":[{"embeddable":true,"href":"https:\/\/www.padreeustaquio.com.br\/es\/wp-json\/wp\/v2\/users\/2"}],"replies":[{"embeddable":true,"href":"https:\/\/www.padreeustaquio.com.br\/es\/wp-json\/wp\/v2\/comments?post=9894"}],"version-history":[{"count":0,"href":"https:\/\/www.padreeustaquio.com.br\/es\/wp-json\/wp\/v2\/posts\/9894\/revisions"}],"wp:featuredmedia":[{"embeddable":true,"href":"https:\/\/www.padreeustaquio.com.br\/es\/wp-json\/wp\/v2\/media\/9895"}],"wp:attachment":[{"href":"https:\/\/www.padreeustaquio.com.br\/es\/wp-json\/wp\/v2\/media?parent=9894"}],"wp:term":[{"taxonomy":"category","embeddable":true,"href":"https:\/\/www.padreeustaquio.com.br\/es\/wp-json\/wp\/v2\/categories?post=9894"},{"taxonomy":"post_tag","embeddable":true,"href":"https:\/\/www.padreeustaquio.com.br\/es\/wp-json\/wp\/v2\/tags?post=9894"}],"curies":[{"name":"wp","href":"https:\/\/api.w.org\/{rel}","templated":true}]}}