{"id":9877,"date":"2023-02-02T08:28:11","date_gmt":"2023-02-02T11:28:11","guid":{"rendered":"https:\/\/www.padreeustaquio.com.br\/?p=9877"},"modified":"2023-02-02T08:28:12","modified_gmt":"2023-02-02T11:28:12","slug":"el-tradicional-coffee-break-en-el-santuario-volvera-a-realizarse-los-dias-domingos","status":"publish","type":"post","link":"https:\/\/www.padreeustaquio.com.br\/es\/el-tradicional-coffee-break-en-el-santuario-volvera-a-realizarse-los-dias-domingos\/","title":{"rendered":"El tradicional &quot;Cafezinho no Santu\u00e1rio&quot; volver\u00e1 a realizarse los domingos."},"content":{"rendered":"<p>Tras un receso, regresa el tradicional caf\u00e9 dominical en el Santuario de la Salud y la Paz, Iglesia del Beato Padre Eust\u00e1quio. El regreso est\u00e1 previsto para el pr\u00f3ximo domingo 5 de febrero y estar\u00e1 organizado por el equipo de Do\u00f1a Vera, voluntaria parroquial con una larga tradici\u00f3n en la organizaci\u00f3n de este tipo de caf\u00e9s.<\/p>\n\n\n\n<p>El caf\u00e9 tradicional que sirven los grupos pastorales recauda dinero para ayudar con proyectos sociales y mantenimiento de la iglesia.<\/p>\n\n\n\n<p>El programa est\u00e1 completo hasta finales de mayo, pero si desea colaborar de alguna manera, simplemente indique su nombre en la Oficina Parroquial o traiga alg\u00fan producto, como un pastel, una tarta, bocadillos salados, jugo u otro art\u00edculo para vender durante los descansos. Otra opci\u00f3n es contactar con un grupo o movimiento pastoral y averiguar cu\u00e1les son sus necesidades para que usted tambi\u00e9n pueda participar.<\/p>\n\n\n\n<p>El descanso para tomar caf\u00e9, adem\u00e1s de generar ingresos para la iglesia, es un espacio de convivencia entre feligreses y visitantes. Vea el programa hasta el momento:<br><br>05\/02 Vera y equipo<br>12\/02 EJC<br>19\/02 Catequesis<br>26\/02 Pastoral Vocacional<br>05\/03 Confirmaci\u00f3n<br>12\/03 Ministerio Bautismal<br>19\/03 Ministerio de Familia<br>26\/03 Ministros de la Eucarist\u00eda<br>02\/04 ECC<br>09\/04 Apostolado de la Oraci\u00f3n<br>16\/04 Damas de la Caridad<br>23\/04 Vicencianos<br>30\/04 Monaguillos<br>07\/05 ECC<br>14\/05 EJC<br>21\/05 Ministerio Familiar<br>28\/05 Ministros de la Eucarist\u00eda<\/p>\n\n\n\n<p><\/p>","protected":false},"excerpt":{"rendered":"<p>Depois de um per\u00edodo de recesso, o tradicional cafezinho de domingo, realizado no Santu\u00e1rio da Sa\u00fade e da Paz, Igreja do Beato Padre Eust\u00e1quio, volta a ser realizado. O retorno tem data marcada para dia 05 de fevereiro, pr\u00f3ximo domingo, e ser\u00e1 feito pela equipe da Dona Vera, uma volunt\u00e1ria paroquiana que j\u00e1 tem tradi\u00e7\u00e3o na realiza\u00e7\u00e3o do cafezinho. O tradicional caf\u00e9 servido por pastorais arrecada dinheiro para ajudar nos projetos sociais e na manuten\u00e7\u00e3o da igreja. At\u00e9 o final do m\u00eas de maio a escala j\u00e1 est\u00e1 completa, mas se voc\u00ea quiser ajudar em algo, basta dar o nome [&hellip;]<\/p>\n","protected":false},"author":2,"featured_media":9878,"comment_status":"open","ping_status":"closed","sticky":false,"template":"","format":"standard","meta":{"_acf_changed":false,"footnotes":""},"categories":[611],"tags":[],"class_list":["post-9877","post","type-post","status-publish","format-standard","has-post-thumbnail","hentry","category-noticias"],"acf":[],"yoast_head":"<!-- This site is optimized with the Yoast SEO plugin v27.2 - https:\/\/yoast.com\/product\/yoast-seo-wordpress\/ -->\n<title>Tradicional Cafezinho no Santu\u00e1rio volta ser realizado aos domingos<\/title>\n<meta name=\"description\" content=\"Depois de um per\u00edodo de recesso, o tradicional cafezinho de domingo, realizado no Santu\u00e1rio da Sa\u00fade e da Paz, Igreja do Beato Padre Eust\u00e1quio, volta a ser realizado. O retorno tem data marcada para dia 05 de fevereiro, pr\u00f3ximo domingo, e ser\u00e1 feito pela equipe da Dona Vera, uma volunt\u00e1ria paroquiana que j\u00e1 tem tradi\u00e7\u00e3o na realiza\u00e7\u00e3o do cafezinho.\" \/>\n<meta name=\"robots\" content=\"index, follow, max-snippet:-1, max-image-preview:large, max-video-preview:-1\" \/>\n<link rel=\"canonical\" href=\"https:\/\/www.padreeustaquio.com.br\/es\/el-tradicional-coffee-break-en-el-santuario-volvera-a-realizarse-los-dias-domingos\/\" \/>\n<meta property=\"og:locale\" content=\"es_ES\" \/>\n<meta property=\"og:type\" content=\"article\" \/>\n<meta property=\"og:title\" content=\"Tradicional Cafezinho no Santu\u00e1rio volta ser realizado aos domingos\" \/>\n<meta property=\"og:description\" content=\"Depois de um per\u00edodo de recesso, o tradicional cafezinho de domingo, realizado no Santu\u00e1rio da Sa\u00fade e da Paz, Igreja do Beato Padre Eust\u00e1quio, volta a ser realizado. O retorno tem data marcada para dia 05 de fevereiro, pr\u00f3ximo domingo, e ser\u00e1 feito pela equipe da Dona Vera, uma volunt\u00e1ria paroquiana que j\u00e1 tem tradi\u00e7\u00e3o na realiza\u00e7\u00e3o do cafezinho.\" \/>\n<meta property=\"og:url\" content=\"https:\/\/www.padreeustaquio.com.br\/es\/el-tradicional-coffee-break-en-el-santuario-volvera-a-realizarse-los-dias-domingos\/\" \/>\n<meta property=\"og:site_name\" content=\"Padre Eust\u00e1quio\" \/>\n<meta property=\"article:publisher\" content=\"https:\/\/www.facebook.com\/beatopadreeustaquio\/\" \/>\n<meta property=\"article:published_time\" content=\"2023-02-02T11:28:11+00:00\" \/>\n<meta property=\"article:modified_time\" content=\"2023-02-02T11:28:12+00:00\" \/>\n<meta property=\"og:image\" content=\"https:\/\/www.padreeustaquio.com.br\/wp-content\/uploads\/2023\/02\/Cafezinho-na-igreja.jpeg\" \/>\n\t<meta property=\"og:image:width\" content=\"1280\" \/>\n\t<meta property=\"og:image:height\" content=\"720\" \/>\n\t<meta property=\"og:image:type\" content=\"image\/jpeg\" \/>\n<meta name=\"author\" content=\"@sscc\" \/>\n<meta name=\"twitter:card\" content=\"summary_large_image\" \/>\n<meta name=\"twitter:creator\" content=\"@beatopeustaquio\" \/>\n<meta name=\"twitter:site\" content=\"@beatopeustaquio\" \/>\n<meta name=\"twitter:label1\" content=\"Escrito por\" \/>\n\t<meta name=\"twitter:data1\" content=\"@sscc\" \/>\n\t<meta name=\"twitter:label2\" content=\"Tiempo de lectura\" \/>\n\t<meta name=\"twitter:data2\" content=\"1 minuto\" \/>\n<script type=\"application\/ld+json\" class=\"yoast-schema-graph\">{\"@context\":\"https:\/\/schema.org\",\"@graph\":[{\"@type\":\"Article\",\"@id\":\"https:\/\/www.padreeustaquio.com.br\/tradicional-cafezinho-no-santuario-volta-ser-realizado-aos-domingos\/#article\",\"isPartOf\":{\"@id\":\"https:\/\/www.padreeustaquio.com.br\/tradicional-cafezinho-no-santuario-volta-ser-realizado-aos-domingos\/\"},\"author\":{\"name\":\"@sscc\",\"@id\":\"https:\/\/www.padreeustaquio.com.br\/#\/schema\/person\/a2a51db1d00f1a7af0204a0f1ddb1566\"},\"headline\":\"Tradicional Cafezinho no Santu\u00e1rio volta ser realizado aos domingos\",\"datePublished\":\"2023-02-02T11:28:11+00:00\",\"dateModified\":\"2023-02-02T11:28:12+00:00\",\"mainEntityOfPage\":{\"@id\":\"https:\/\/www.padreeustaquio.com.br\/tradicional-cafezinho-no-santuario-volta-ser-realizado-aos-domingos\/\"},\"wordCount\":221,\"commentCount\":0,\"publisher\":{\"@id\":\"https:\/\/www.padreeustaquio.com.br\/#organization\"},\"image\":{\"@id\":\"https:\/\/www.padreeustaquio.com.br\/tradicional-cafezinho-no-santuario-volta-ser-realizado-aos-domingos\/#primaryimage\"},\"thumbnailUrl\":\"https:\/\/www.padreeustaquio.com.br\/wp-content\/uploads\/2023\/02\/Cafezinho-na-igreja.jpeg\",\"articleSection\":[\"Not\u00edcias\"],\"inLanguage\":\"es\",\"potentialAction\":[{\"@type\":\"CommentAction\",\"name\":\"Comment\",\"target\":[\"https:\/\/www.padreeustaquio.com.br\/tradicional-cafezinho-no-santuario-volta-ser-realizado-aos-domingos\/#respond\"]}]},{\"@type\":\"WebPage\",\"@id\":\"https:\/\/www.padreeustaquio.com.br\/tradicional-cafezinho-no-santuario-volta-ser-realizado-aos-domingos\/\",\"url\":\"https:\/\/www.padreeustaquio.com.br\/tradicional-cafezinho-no-santuario-volta-ser-realizado-aos-domingos\/\",\"name\":\"Tradicional Cafezinho no Santu\u00e1rio volta ser realizado aos domingos\",\"isPartOf\":{\"@id\":\"https:\/\/www.padreeustaquio.com.br\/#website\"},\"primaryImageOfPage\":{\"@id\":\"https:\/\/www.padreeustaquio.com.br\/tradicional-cafezinho-no-santuario-volta-ser-realizado-aos-domingos\/#primaryimage\"},\"image\":{\"@id\":\"https:\/\/www.padreeustaquio.com.br\/tradicional-cafezinho-no-santuario-volta-ser-realizado-aos-domingos\/#primaryimage\"},\"thumbnailUrl\":\"https:\/\/www.padreeustaquio.com.br\/wp-content\/uploads\/2023\/02\/Cafezinho-na-igreja.jpeg\",\"datePublished\":\"2023-02-02T11:28:11+00:00\",\"dateModified\":\"2023-02-02T11:28:12+00:00\",\"description\":\"Depois de um per\u00edodo de recesso, o tradicional cafezinho de domingo, realizado no Santu\u00e1rio da Sa\u00fade e da Paz, Igreja do Beato Padre Eust\u00e1quio, volta a ser realizado. O retorno tem data marcada para dia 05 de fevereiro, pr\u00f3ximo domingo, e ser\u00e1 feito pela equipe da Dona Vera, uma volunt\u00e1ria paroquiana que j\u00e1 tem tradi\u00e7\u00e3o na realiza\u00e7\u00e3o do cafezinho.\",\"breadcrumb\":{\"@id\":\"https:\/\/www.padreeustaquio.com.br\/tradicional-cafezinho-no-santuario-volta-ser-realizado-aos-domingos\/#breadcrumb\"},\"inLanguage\":\"es\",\"potentialAction\":[{\"@type\":\"ReadAction\",\"target\":[\"https:\/\/www.padreeustaquio.com.br\/tradicional-cafezinho-no-santuario-volta-ser-realizado-aos-domingos\/\"]}]},{\"@type\":\"ImageObject\",\"inLanguage\":\"es\",\"@id\":\"https:\/\/www.padreeustaquio.com.br\/tradicional-cafezinho-no-santuario-volta-ser-realizado-aos-domingos\/#primaryimage\",\"url\":\"https:\/\/www.padreeustaquio.com.br\/wp-content\/uploads\/2023\/02\/Cafezinho-na-igreja.jpeg\",\"contentUrl\":\"https:\/\/www.padreeustaquio.com.br\/wp-content\/uploads\/2023\/02\/Cafezinho-na-igreja.jpeg\",\"width\":1280,\"height\":720},{\"@type\":\"BreadcrumbList\",\"@id\":\"https:\/\/www.padreeustaquio.com.br\/tradicional-cafezinho-no-santuario-volta-ser-realizado-aos-domingos\/#breadcrumb\",\"itemListElement\":[{\"@type\":\"ListItem\",\"position\":1,\"name\":\"In\u00edcio\",\"item\":\"https:\/\/www.padreeustaquio.com.br\/\"},{\"@type\":\"ListItem\",\"position\":2,\"name\":\"Tradicional Cafezinho no Santu\u00e1rio volta ser realizado aos domingos\"}]},{\"@type\":\"WebSite\",\"@id\":\"https:\/\/www.padreeustaquio.com.br\/#website\",\"url\":\"https:\/\/www.padreeustaquio.com.br\/\",\"name\":\"Padre Eust\u00e1quio\",\"description\":\"Sa\u00fade e Paz\",\"publisher\":{\"@id\":\"https:\/\/www.padreeustaquio.com.br\/#organization\"},\"potentialAction\":[{\"@type\":\"SearchAction\",\"target\":{\"@type\":\"EntryPoint\",\"urlTemplate\":\"https:\/\/www.padreeustaquio.com.br\/?s={search_term_string}\"},\"query-input\":{\"@type\":\"PropertyValueSpecification\",\"valueRequired\":true,\"valueName\":\"search_term_string\"}}],\"inLanguage\":\"es\"},{\"@type\":\"Organization\",\"@id\":\"https:\/\/www.padreeustaquio.com.br\/#organization\",\"name\":\"Padre Eust\u00e1quio\",\"url\":\"https:\/\/www.padreeustaquio.com.br\/\",\"logo\":{\"@type\":\"ImageObject\",\"inLanguage\":\"es\",\"@id\":\"https:\/\/www.padreeustaquio.com.br\/#\/schema\/logo\/image\/\",\"url\":\"https:\/\/www.padreeustaquio.com.br\/wp-content\/uploads\/2019\/08\/marca.png\",\"contentUrl\":\"https:\/\/www.padreeustaquio.com.br\/wp-content\/uploads\/2019\/08\/marca.png\",\"width\":350,\"height\":400,\"caption\":\"Padre Eust\u00e1quio\"},\"image\":{\"@id\":\"https:\/\/www.padreeustaquio.com.br\/#\/schema\/logo\/image\/\"},\"sameAs\":[\"https:\/\/www.facebook.com\/beatopadreeustaquio\/\",\"https:\/\/x.com\/beatopeustaquio\",\"https:\/\/www.instagram.com\/beatopadreeustaquio\/\",\"https:\/\/www.youtube.com\/channel\/UCRhw7vfabnajwLxb1ZXMeIw\"]},{\"@type\":\"Person\",\"@id\":\"https:\/\/www.padreeustaquio.com.br\/#\/schema\/person\/a2a51db1d00f1a7af0204a0f1ddb1566\",\"name\":\"@sscc\",\"image\":{\"@type\":\"ImageObject\",\"inLanguage\":\"es\",\"@id\":\"https:\/\/secure.gravatar.com\/avatar\/68cfafa5f44617fea54071e215026e0ff06be366c3d54a8425f04fdcb86f8c5f?s=96&d=mm&r=g\",\"url\":\"https:\/\/secure.gravatar.com\/avatar\/68cfafa5f44617fea54071e215026e0ff06be366c3d54a8425f04fdcb86f8c5f?s=96&d=mm&r=g\",\"contentUrl\":\"https:\/\/secure.gravatar.com\/avatar\/68cfafa5f44617fea54071e215026e0ff06be366c3d54a8425f04fdcb86f8c5f?s=96&d=mm&r=g\",\"caption\":\"@sscc\"},\"url\":\"https:\/\/www.padreeustaquio.com.br\/es\/author\/sscc\/\"}]}<\/script>\n<!-- \/ Yoast SEO plugin. -->","yoast_head_json":{"title":"El tradicional &quot;Cafezinho no Santu\u00e1rio&quot; volver\u00e1 a realizarse los domingos.","description":"Tras un receso, regresa el tradicional caf\u00e9 dominical en el Santuario de la Salud y la Paz, Iglesia del Beato Padre Eust\u00e1quio. El regreso est\u00e1 previsto para el pr\u00f3ximo domingo 5 de febrero y estar\u00e1 organizado por el equipo de Do\u00f1a Vera, voluntaria parroquial con una larga tradici\u00f3n en la organizaci\u00f3n de este tipo de caf\u00e9s.","robots":{"index":"index","follow":"follow","max-snippet":"max-snippet:-1","max-image-preview":"max-image-preview:large","max-video-preview":"max-video-preview:-1"},"canonical":"https:\/\/www.padreeustaquio.com.br\/es\/el-tradicional-coffee-break-en-el-santuario-volvera-a-realizarse-los-dias-domingos\/","og_locale":"es_ES","og_type":"article","og_title":"Tradicional Cafezinho no Santu\u00e1rio volta ser realizado aos domingos","og_description":"Depois de um per\u00edodo de recesso, o tradicional cafezinho de domingo, realizado no Santu\u00e1rio da Sa\u00fade e da Paz, Igreja do Beato Padre Eust\u00e1quio, volta a ser realizado. O retorno tem data marcada para dia 05 de fevereiro, pr\u00f3ximo domingo, e ser\u00e1 feito pela equipe da Dona Vera, uma volunt\u00e1ria paroquiana que j\u00e1 tem tradi\u00e7\u00e3o na realiza\u00e7\u00e3o do cafezinho.","og_url":"https:\/\/www.padreeustaquio.com.br\/es\/el-tradicional-coffee-break-en-el-santuario-volvera-a-realizarse-los-dias-domingos\/","og_site_name":"Padre Eust\u00e1quio","article_publisher":"https:\/\/www.facebook.com\/beatopadreeustaquio\/","article_published_time":"2023-02-02T11:28:11+00:00","article_modified_time":"2023-02-02T11:28:12+00:00","og_image":[{"width":1280,"height":720,"url":"https:\/\/www.padreeustaquio.com.br\/wp-content\/uploads\/2023\/02\/Cafezinho-na-igreja.jpeg","type":"image\/jpeg"}],"author":"@sscc","twitter_card":"summary_large_image","twitter_creator":"@beatopeustaquio","twitter_site":"@beatopeustaquio","twitter_misc":{"Escrito por":"@sscc","Tiempo de lectura":"1 minuto"},"schema":{"@context":"https:\/\/schema.org","@graph":[{"@type":"Article","@id":"https:\/\/www.padreeustaquio.com.br\/tradicional-cafezinho-no-santuario-volta-ser-realizado-aos-domingos\/#article","isPartOf":{"@id":"https:\/\/www.padreeustaquio.com.br\/tradicional-cafezinho-no-santuario-volta-ser-realizado-aos-domingos\/"},"author":{"name":"@sscc","@id":"https:\/\/www.padreeustaquio.com.br\/#\/schema\/person\/a2a51db1d00f1a7af0204a0f1ddb1566"},"headline":"Tradicional Cafezinho no Santu\u00e1rio volta ser realizado aos domingos","datePublished":"2023-02-02T11:28:11+00:00","dateModified":"2023-02-02T11:28:12+00:00","mainEntityOfPage":{"@id":"https:\/\/www.padreeustaquio.com.br\/tradicional-cafezinho-no-santuario-volta-ser-realizado-aos-domingos\/"},"wordCount":221,"commentCount":0,"publisher":{"@id":"https:\/\/www.padreeustaquio.com.br\/#organization"},"image":{"@id":"https:\/\/www.padreeustaquio.com.br\/tradicional-cafezinho-no-santuario-volta-ser-realizado-aos-domingos\/#primaryimage"},"thumbnailUrl":"https:\/\/www.padreeustaquio.com.br\/wp-content\/uploads\/2023\/02\/Cafezinho-na-igreja.jpeg","articleSection":["Not\u00edcias"],"inLanguage":"es","potentialAction":[{"@type":"CommentAction","name":"Comment","target":["https:\/\/www.padreeustaquio.com.br\/tradicional-cafezinho-no-santuario-volta-ser-realizado-aos-domingos\/#respond"]}]},{"@type":"WebPage","@id":"https:\/\/www.padreeustaquio.com.br\/tradicional-cafezinho-no-santuario-volta-ser-realizado-aos-domingos\/","url":"https:\/\/www.padreeustaquio.com.br\/tradicional-cafezinho-no-santuario-volta-ser-realizado-aos-domingos\/","name":"El tradicional &quot;Cafezinho no Santu\u00e1rio&quot; volver\u00e1 a realizarse los domingos.","isPartOf":{"@id":"https:\/\/www.padreeustaquio.com.br\/#website"},"primaryImageOfPage":{"@id":"https:\/\/www.padreeustaquio.com.br\/tradicional-cafezinho-no-santuario-volta-ser-realizado-aos-domingos\/#primaryimage"},"image":{"@id":"https:\/\/www.padreeustaquio.com.br\/tradicional-cafezinho-no-santuario-volta-ser-realizado-aos-domingos\/#primaryimage"},"thumbnailUrl":"https:\/\/www.padreeustaquio.com.br\/wp-content\/uploads\/2023\/02\/Cafezinho-na-igreja.jpeg","datePublished":"2023-02-02T11:28:11+00:00","dateModified":"2023-02-02T11:28:12+00:00","description":"Tras un receso, regresa el tradicional caf\u00e9 dominical en el Santuario de la Salud y la Paz, Iglesia del Beato Padre Eust\u00e1quio. El regreso est\u00e1 previsto para el pr\u00f3ximo domingo 5 de febrero y estar\u00e1 organizado por el equipo de Do\u00f1a Vera, voluntaria parroquial con una larga tradici\u00f3n en la organizaci\u00f3n de este tipo de caf\u00e9s.","breadcrumb":{"@id":"https:\/\/www.padreeustaquio.com.br\/tradicional-cafezinho-no-santuario-volta-ser-realizado-aos-domingos\/#breadcrumb"},"inLanguage":"es","potentialAction":[{"@type":"ReadAction","target":["https:\/\/www.padreeustaquio.com.br\/tradicional-cafezinho-no-santuario-volta-ser-realizado-aos-domingos\/"]}]},{"@type":"ImageObject","inLanguage":"es","@id":"https:\/\/www.padreeustaquio.com.br\/tradicional-cafezinho-no-santuario-volta-ser-realizado-aos-domingos\/#primaryimage","url":"https:\/\/www.padreeustaquio.com.br\/wp-content\/uploads\/2023\/02\/Cafezinho-na-igreja.jpeg","contentUrl":"https:\/\/www.padreeustaquio.com.br\/wp-content\/uploads\/2023\/02\/Cafezinho-na-igreja.jpeg","width":1280,"height":720},{"@type":"BreadcrumbList","@id":"https:\/\/www.padreeustaquio.com.br\/tradicional-cafezinho-no-santuario-volta-ser-realizado-aos-domingos\/#breadcrumb","itemListElement":[{"@type":"ListItem","position":1,"name":"In\u00edcio","item":"https:\/\/www.padreeustaquio.com.br\/"},{"@type":"ListItem","position":2,"name":"Tradicional Cafezinho no Santu\u00e1rio volta ser realizado aos domingos"}]},{"@type":"WebSite","@id":"https:\/\/www.padreeustaquio.com.br\/#website","url":"https:\/\/www.padreeustaquio.com.br\/","name":"Padre Eustace","description":"Salud y Paz","publisher":{"@id":"https:\/\/www.padreeustaquio.com.br\/#organization"},"potentialAction":[{"@type":"SearchAction","target":{"@type":"EntryPoint","urlTemplate":"https:\/\/www.padreeustaquio.com.br\/?s={search_term_string}"},"query-input":{"@type":"PropertyValueSpecification","valueRequired":true,"valueName":"search_term_string"}}],"inLanguage":"es"},{"@type":"Organization","@id":"https:\/\/www.padreeustaquio.com.br\/#organization","name":"Padre Eustace","url":"https:\/\/www.padreeustaquio.com.br\/","logo":{"@type":"ImageObject","inLanguage":"es","@id":"https:\/\/www.padreeustaquio.com.br\/#\/schema\/logo\/image\/","url":"https:\/\/www.padreeustaquio.com.br\/wp-content\/uploads\/2019\/08\/marca.png","contentUrl":"https:\/\/www.padreeustaquio.com.br\/wp-content\/uploads\/2019\/08\/marca.png","width":350,"height":400,"caption":"Padre Eust\u00e1quio"},"image":{"@id":"https:\/\/www.padreeustaquio.com.br\/#\/schema\/logo\/image\/"},"sameAs":["https:\/\/www.facebook.com\/beatopadreeustaquio\/","https:\/\/x.com\/beatopeustaquio","https:\/\/www.instagram.com\/beatopadreeustaquio\/","https:\/\/www.youtube.com\/channel\/UCRhw7vfabnajwLxb1ZXMeIw"]},{"@type":"Person","@id":"https:\/\/www.padreeustaquio.com.br\/#\/schema\/person\/a2a51db1d00f1a7af0204a0f1ddb1566","name":"@sscc","image":{"@type":"ImageObject","inLanguage":"es","@id":"https:\/\/secure.gravatar.com\/avatar\/68cfafa5f44617fea54071e215026e0ff06be366c3d54a8425f04fdcb86f8c5f?s=96&d=mm&r=g","url":"https:\/\/secure.gravatar.com\/avatar\/68cfafa5f44617fea54071e215026e0ff06be366c3d54a8425f04fdcb86f8c5f?s=96&d=mm&r=g","contentUrl":"https:\/\/secure.gravatar.com\/avatar\/68cfafa5f44617fea54071e215026e0ff06be366c3d54a8425f04fdcb86f8c5f?s=96&d=mm&r=g","caption":"@sscc"},"url":"https:\/\/www.padreeustaquio.com.br\/es\/author\/sscc\/"}]}},"_links":{"self":[{"href":"https:\/\/www.padreeustaquio.com.br\/es\/wp-json\/wp\/v2\/posts\/9877","targetHints":{"allow":["GET"]}}],"collection":[{"href":"https:\/\/www.padreeustaquio.com.br\/es\/wp-json\/wp\/v2\/posts"}],"about":[{"href":"https:\/\/www.padreeustaquio.com.br\/es\/wp-json\/wp\/v2\/types\/post"}],"author":[{"embeddable":true,"href":"https:\/\/www.padreeustaquio.com.br\/es\/wp-json\/wp\/v2\/users\/2"}],"replies":[{"embeddable":true,"href":"https:\/\/www.padreeustaquio.com.br\/es\/wp-json\/wp\/v2\/comments?post=9877"}],"version-history":[{"count":0,"href":"https:\/\/www.padreeustaquio.com.br\/es\/wp-json\/wp\/v2\/posts\/9877\/revisions"}],"wp:featuredmedia":[{"embeddable":true,"href":"https:\/\/www.padreeustaquio.com.br\/es\/wp-json\/wp\/v2\/media\/9878"}],"wp:attachment":[{"href":"https:\/\/www.padreeustaquio.com.br\/es\/wp-json\/wp\/v2\/media?parent=9877"}],"wp:term":[{"taxonomy":"category","embeddable":true,"href":"https:\/\/www.padreeustaquio.com.br\/es\/wp-json\/wp\/v2\/categories?post=9877"},{"taxonomy":"post_tag","embeddable":true,"href":"https:\/\/www.padreeustaquio.com.br\/es\/wp-json\/wp\/v2\/tags?post=9877"}],"curies":[{"name":"wp","href":"https:\/\/api.w.org\/{rel}","templated":true}]}}