{"id":9868,"date":"2023-01-31T07:38:45","date_gmt":"2023-01-31T10:38:45","guid":{"rendered":"https:\/\/www.padreeustaquio.com.br\/?p=9868"},"modified":"2023-01-31T07:38:46","modified_gmt":"2023-01-31T10:38:46","slug":"tv-evangelizar-transmitira-hoy-la-misa-de-apertura-por-el-80-aniversario-de-la-muerte-del-padre-eustaquio","status":"publish","type":"post","link":"https:\/\/www.padreeustaquio.com.br\/es\/tv-evangelizar-transmitira-hoy-la-misa-de-apertura-por-el-80-aniversario-de-la-muerte-del-padre-eustaquio\/","title":{"rendered":"TV Evangelizar transmite hoy la misa de apertura por el 80 aniversario de la muerte del Padre Eust\u00e1quio."},"content":{"rendered":"<p>A <a href=\"https:\/\/www.padrereginaldomanzotti.org.br\/rec\/tv-evangelizar\/\" target=\"_blank\" rel=\"noreferrer noopener\">Evangelizar la televisi\u00f3n<\/a>, La Iglesia Cat\u00f3lica, con sede en Curitiba, Puerto Rico, transmitir\u00e1 la Misa inaugural del Jubileo en conmemoraci\u00f3n del 80.\u00ba aniversario de la muerte del Beato Padre Eust\u00e1quio a las 19:00 h de este martes 31. La transmisi\u00f3n se realiza en colaboraci\u00f3n con la Secretar\u00eda Nacional para la Causa de Canonizaci\u00f3n, a trav\u00e9s del Canal Padre Eust\u00e1quio.<\/p>\n\n\n\n<p>Durante la Eucarist\u00eda, las Sagradas Reliquias del Beato se expondr\u00e1n a la comunidad, y tambi\u00e9n se impartir\u00e1 una bendici\u00f3n por la Salud y la Paz, con la imposici\u00f3n de manos sacerdotales. La ceremonia ser\u00e1 presidida por el Vicepostulador de la Causa de Canonizaci\u00f3n, Padre Vin\u00edcius Maciel, sscc, quien tambi\u00e9n es Rector del Santuario. Se espera la participaci\u00f3n de l\u00edderes de diversos movimientos parroquiales y asociaciones inspirados por el Padre Eust\u00e1quio en la Santa Misa. Adem\u00e1s, se invita a todos los fieles y devotos del Beato a celebrar juntos.<\/p>\n\n\n\n<p>La colaboraci\u00f3n con TV Evangelizar comenz\u00f3 el a\u00f1o pasado cuando miembros de la emisora transmitieron otro evento en Belo Horizonte. Uno de los t\u00e9cnicos que presta servicios al Canal Padre Eust\u00e1quio trabajaba en el mismo evento y convers\u00f3 con uno de los coordinadores de la emisora paranaense sobre la historia del Beato Padre Eust\u00e1quio y la viabilidad de una transmisi\u00f3n nacional. Interesados en difundir la vida y la historia del Beato, los directores a cargo hicieron todo lo posible para que la transmisi\u00f3n se realizara.<\/p>\n\n\n\n<p><strong>Evangelizar la televisi\u00f3n<\/strong><\/p>\n\n\n\n<p>TV Evangelizar es una cadena de televisi\u00f3n brasile\u00f1a con sede en Curitiba, capital del estado de Paran\u00e1. De car\u00e1cter religioso, pertenece a la Asociaci\u00f3n Evangelizar \u00e9 Preciso, dirigida por el padre Reginaldo Manzotti. La emisora surgi\u00f3 el 16 de diciembre de 2011, inicialmente bajo el nombre de TV Lumen, cuando la PUC-PR, ante las dificultades para operar comercialmente la emisora, cedi\u00f3 el canal a la Asociaci\u00f3n Evangelizar \u00e9 Preciso.<\/p>\n\n\n\n<p>Disponible en canales de se\u00f1al abierta en varias ciudades brasile\u00f1as, TV Evangelizar est\u00e1 presente en 16 estados brasile\u00f1os a trav\u00e9s de proveedores de televisi\u00f3n convencional por antena, sat\u00e9lite o cable. <a href=\"https:\/\/www.padrereginaldomanzotti.org.br\/rec\/tv-evangelizar\/\" target=\"_blank\" rel=\"noreferrer noopener\">HAGA CLIC AQU\u00cd <\/a>para ver el canal online.<\/p>\n\n\n\n<p><\/p>","protected":false},"excerpt":{"rendered":"<p>A TV Evangelizar, com sede em Curitiba-PR, transmite \u00e0s 19h desta ter\u00e7a-feira, dia 31, a Santa Missa de abertura do Jubileu pelos 80 anos da morte do Bem-Aventurado Padre Eust\u00e1quio. A transmiss\u00e3o \u00e9 feita em parceria com o Secretariado Nacional para a Causa de Canoniza\u00e7\u00e3o, por meio do Canal Padre Eust\u00e1quio. Durante a Eucaristia as Rel\u00edquias Sagradas do Bem-Aventurado ser\u00e3o expostas para a comunidade e haver\u00e1 tamb\u00e9m a b\u00ean\u00e7\u00e3o da Sa\u00fade e Paz, com imposi\u00e7\u00e3o das m\u00e3os sacerdotais. A cerim\u00f4nia ser\u00e1 presidida pelo Vice-postulador da Causa de Canoniza\u00e7\u00e3o, padre Vin\u00edcius Maciel, sscc, que tamb\u00e9m \u00e9 o Reitor do Santu\u00e1rio. Lideran\u00e7as [&hellip;]<\/p>\n","protected":false},"author":2,"featured_media":9869,"comment_status":"open","ping_status":"closed","sticky":false,"template":"","format":"standard","meta":{"_acf_changed":false,"footnotes":""},"categories":[611],"tags":[],"class_list":["post-9868","post","type-post","status-publish","format-standard","has-post-thumbnail","hentry","category-noticias"],"acf":[],"yoast_head":"<!-- This site is optimized with the Yoast SEO plugin v27.2 - https:\/\/yoast.com\/product\/yoast-seo-wordpress\/ -->\n<title>TV Evangelizar transmite hoje missa de abertura dos 80 anos da morte de Pe Eust\u00e1quio<\/title>\n<meta name=\"description\" content=\"A TV Evangelizar, com sede em Curitiba-PR, transmite \u00e0s 19h desta ter\u00e7a-feira, dia 31, a Santa Missa de abertura do Jubileu pelos 80 anos da morte do Bem-Aventurado Padre Eust\u00e1quio. A transmiss\u00e3o \u00e9 feita em parceria com o Secretariado Nacional para a Causa de Canoniza\u00e7\u00e3o, por meio do Canal Padre Eust\u00e1quio.\" \/>\n<meta name=\"robots\" content=\"index, follow, max-snippet:-1, max-image-preview:large, max-video-preview:-1\" \/>\n<link rel=\"canonical\" href=\"https:\/\/www.padreeustaquio.com.br\/es\/tv-evangelizar-transmitira-hoy-la-misa-de-apertura-por-el-80-aniversario-de-la-muerte-del-padre-eustaquio\/\" \/>\n<meta property=\"og:locale\" content=\"es_ES\" \/>\n<meta property=\"og:type\" content=\"article\" \/>\n<meta property=\"og:title\" content=\"TV Evangelizar transmite hoje missa de abertura dos 80 anos da morte de Pe Eust\u00e1quio\" \/>\n<meta property=\"og:description\" content=\"A TV Evangelizar, com sede em Curitiba-PR, transmite \u00e0s 19h desta ter\u00e7a-feira, dia 31, a Santa Missa de abertura do Jubileu pelos 80 anos da morte do Bem-Aventurado Padre Eust\u00e1quio. A transmiss\u00e3o \u00e9 feita em parceria com o Secretariado Nacional para a Causa de Canoniza\u00e7\u00e3o, por meio do Canal Padre Eust\u00e1quio.\" \/>\n<meta property=\"og:url\" content=\"https:\/\/www.padreeustaquio.com.br\/es\/tv-evangelizar-transmitira-hoy-la-misa-de-apertura-por-el-80-aniversario-de-la-muerte-del-padre-eustaquio\/\" \/>\n<meta property=\"og:site_name\" content=\"Padre Eust\u00e1quio\" \/>\n<meta property=\"article:publisher\" content=\"https:\/\/www.facebook.com\/beatopadreeustaquio\/\" \/>\n<meta property=\"article:published_time\" content=\"2023-01-31T10:38:45+00:00\" \/>\n<meta property=\"article:modified_time\" content=\"2023-01-31T10:38:46+00:00\" \/>\n<meta property=\"og:image\" content=\"https:\/\/www.padreeustaquio.com.br\/wp-content\/uploads\/2023\/01\/tvevangelizar.jpg\" \/>\n\t<meta property=\"og:image:width\" content=\"1280\" \/>\n\t<meta property=\"og:image:height\" content=\"720\" \/>\n\t<meta property=\"og:image:type\" content=\"image\/jpeg\" \/>\n<meta name=\"author\" content=\"@sscc\" \/>\n<meta name=\"twitter:card\" content=\"summary_large_image\" \/>\n<meta name=\"twitter:creator\" content=\"@beatopeustaquio\" \/>\n<meta name=\"twitter:site\" content=\"@beatopeustaquio\" \/>\n<meta name=\"twitter:label1\" content=\"Escrito por\" \/>\n\t<meta name=\"twitter:data1\" content=\"@sscc\" \/>\n\t<meta name=\"twitter:label2\" content=\"Tiempo de lectura\" \/>\n\t<meta name=\"twitter:data2\" content=\"2 minutos\" \/>\n<script type=\"application\/ld+json\" class=\"yoast-schema-graph\">{\"@context\":\"https:\/\/schema.org\",\"@graph\":[{\"@type\":\"Article\",\"@id\":\"https:\/\/www.padreeustaquio.com.br\/tv-evangelizar-transmite-hoje-missa-de-abertura-dos-80-anos-da-morte-de-pe-eustaquio\/#article\",\"isPartOf\":{\"@id\":\"https:\/\/www.padreeustaquio.com.br\/tv-evangelizar-transmite-hoje-missa-de-abertura-dos-80-anos-da-morte-de-pe-eustaquio\/\"},\"author\":{\"name\":\"@sscc\",\"@id\":\"https:\/\/www.padreeustaquio.com.br\/#\/schema\/person\/a2a51db1d00f1a7af0204a0f1ddb1566\"},\"headline\":\"TV Evangelizar transmite hoje missa de abertura dos 80 anos da morte de Pe Eust\u00e1quio\",\"datePublished\":\"2023-01-31T10:38:45+00:00\",\"dateModified\":\"2023-01-31T10:38:46+00:00\",\"mainEntityOfPage\":{\"@id\":\"https:\/\/www.padreeustaquio.com.br\/tv-evangelizar-transmite-hoje-missa-de-abertura-dos-80-anos-da-morte-de-pe-eustaquio\/\"},\"wordCount\":367,\"commentCount\":0,\"publisher\":{\"@id\":\"https:\/\/www.padreeustaquio.com.br\/#organization\"},\"image\":{\"@id\":\"https:\/\/www.padreeustaquio.com.br\/tv-evangelizar-transmite-hoje-missa-de-abertura-dos-80-anos-da-morte-de-pe-eustaquio\/#primaryimage\"},\"thumbnailUrl\":\"https:\/\/www.padreeustaquio.com.br\/wp-content\/uploads\/2023\/01\/tvevangelizar.jpg\",\"articleSection\":[\"Not\u00edcias\"],\"inLanguage\":\"es\",\"potentialAction\":[{\"@type\":\"CommentAction\",\"name\":\"Comment\",\"target\":[\"https:\/\/www.padreeustaquio.com.br\/tv-evangelizar-transmite-hoje-missa-de-abertura-dos-80-anos-da-morte-de-pe-eustaquio\/#respond\"]}]},{\"@type\":\"WebPage\",\"@id\":\"https:\/\/www.padreeustaquio.com.br\/tv-evangelizar-transmite-hoje-missa-de-abertura-dos-80-anos-da-morte-de-pe-eustaquio\/\",\"url\":\"https:\/\/www.padreeustaquio.com.br\/tv-evangelizar-transmite-hoje-missa-de-abertura-dos-80-anos-da-morte-de-pe-eustaquio\/\",\"name\":\"TV Evangelizar transmite hoje missa de abertura dos 80 anos da morte de Pe Eust\u00e1quio\",\"isPartOf\":{\"@id\":\"https:\/\/www.padreeustaquio.com.br\/#website\"},\"primaryImageOfPage\":{\"@id\":\"https:\/\/www.padreeustaquio.com.br\/tv-evangelizar-transmite-hoje-missa-de-abertura-dos-80-anos-da-morte-de-pe-eustaquio\/#primaryimage\"},\"image\":{\"@id\":\"https:\/\/www.padreeustaquio.com.br\/tv-evangelizar-transmite-hoje-missa-de-abertura-dos-80-anos-da-morte-de-pe-eustaquio\/#primaryimage\"},\"thumbnailUrl\":\"https:\/\/www.padreeustaquio.com.br\/wp-content\/uploads\/2023\/01\/tvevangelizar.jpg\",\"datePublished\":\"2023-01-31T10:38:45+00:00\",\"dateModified\":\"2023-01-31T10:38:46+00:00\",\"description\":\"A TV Evangelizar, com sede em Curitiba-PR, transmite \u00e0s 19h desta ter\u00e7a-feira, dia 31, a Santa Missa de abertura do Jubileu pelos 80 anos da morte do Bem-Aventurado Padre Eust\u00e1quio. A transmiss\u00e3o \u00e9 feita em parceria com o Secretariado Nacional para a Causa de Canoniza\u00e7\u00e3o, por meio do Canal Padre Eust\u00e1quio.\",\"breadcrumb\":{\"@id\":\"https:\/\/www.padreeustaquio.com.br\/tv-evangelizar-transmite-hoje-missa-de-abertura-dos-80-anos-da-morte-de-pe-eustaquio\/#breadcrumb\"},\"inLanguage\":\"es\",\"potentialAction\":[{\"@type\":\"ReadAction\",\"target\":[\"https:\/\/www.padreeustaquio.com.br\/tv-evangelizar-transmite-hoje-missa-de-abertura-dos-80-anos-da-morte-de-pe-eustaquio\/\"]}]},{\"@type\":\"ImageObject\",\"inLanguage\":\"es\",\"@id\":\"https:\/\/www.padreeustaquio.com.br\/tv-evangelizar-transmite-hoje-missa-de-abertura-dos-80-anos-da-morte-de-pe-eustaquio\/#primaryimage\",\"url\":\"https:\/\/www.padreeustaquio.com.br\/wp-content\/uploads\/2023\/01\/tvevangelizar.jpg\",\"contentUrl\":\"https:\/\/www.padreeustaquio.com.br\/wp-content\/uploads\/2023\/01\/tvevangelizar.jpg\",\"width\":1280,\"height\":720},{\"@type\":\"BreadcrumbList\",\"@id\":\"https:\/\/www.padreeustaquio.com.br\/tv-evangelizar-transmite-hoje-missa-de-abertura-dos-80-anos-da-morte-de-pe-eustaquio\/#breadcrumb\",\"itemListElement\":[{\"@type\":\"ListItem\",\"position\":1,\"name\":\"In\u00edcio\",\"item\":\"https:\/\/www.padreeustaquio.com.br\/\"},{\"@type\":\"ListItem\",\"position\":2,\"name\":\"TV Evangelizar transmite hoje missa de abertura dos 80 anos da morte de Pe Eust\u00e1quio\"}]},{\"@type\":\"WebSite\",\"@id\":\"https:\/\/www.padreeustaquio.com.br\/#website\",\"url\":\"https:\/\/www.padreeustaquio.com.br\/\",\"name\":\"Padre Eust\u00e1quio\",\"description\":\"Sa\u00fade e Paz\",\"publisher\":{\"@id\":\"https:\/\/www.padreeustaquio.com.br\/#organization\"},\"potentialAction\":[{\"@type\":\"SearchAction\",\"target\":{\"@type\":\"EntryPoint\",\"urlTemplate\":\"https:\/\/www.padreeustaquio.com.br\/?s={search_term_string}\"},\"query-input\":{\"@type\":\"PropertyValueSpecification\",\"valueRequired\":true,\"valueName\":\"search_term_string\"}}],\"inLanguage\":\"es\"},{\"@type\":\"Organization\",\"@id\":\"https:\/\/www.padreeustaquio.com.br\/#organization\",\"name\":\"Padre Eust\u00e1quio\",\"url\":\"https:\/\/www.padreeustaquio.com.br\/\",\"logo\":{\"@type\":\"ImageObject\",\"inLanguage\":\"es\",\"@id\":\"https:\/\/www.padreeustaquio.com.br\/#\/schema\/logo\/image\/\",\"url\":\"https:\/\/www.padreeustaquio.com.br\/wp-content\/uploads\/2019\/08\/marca.png\",\"contentUrl\":\"https:\/\/www.padreeustaquio.com.br\/wp-content\/uploads\/2019\/08\/marca.png\",\"width\":350,\"height\":400,\"caption\":\"Padre Eust\u00e1quio\"},\"image\":{\"@id\":\"https:\/\/www.padreeustaquio.com.br\/#\/schema\/logo\/image\/\"},\"sameAs\":[\"https:\/\/www.facebook.com\/beatopadreeustaquio\/\",\"https:\/\/x.com\/beatopeustaquio\",\"https:\/\/www.instagram.com\/beatopadreeustaquio\/\",\"https:\/\/www.youtube.com\/channel\/UCRhw7vfabnajwLxb1ZXMeIw\"]},{\"@type\":\"Person\",\"@id\":\"https:\/\/www.padreeustaquio.com.br\/#\/schema\/person\/a2a51db1d00f1a7af0204a0f1ddb1566\",\"name\":\"@sscc\",\"image\":{\"@type\":\"ImageObject\",\"inLanguage\":\"es\",\"@id\":\"https:\/\/secure.gravatar.com\/avatar\/68cfafa5f44617fea54071e215026e0ff06be366c3d54a8425f04fdcb86f8c5f?s=96&d=mm&r=g\",\"url\":\"https:\/\/secure.gravatar.com\/avatar\/68cfafa5f44617fea54071e215026e0ff06be366c3d54a8425f04fdcb86f8c5f?s=96&d=mm&r=g\",\"contentUrl\":\"https:\/\/secure.gravatar.com\/avatar\/68cfafa5f44617fea54071e215026e0ff06be366c3d54a8425f04fdcb86f8c5f?s=96&d=mm&r=g\",\"caption\":\"@sscc\"},\"url\":\"https:\/\/www.padreeustaquio.com.br\/es\/author\/sscc\/\"}]}<\/script>\n<!-- \/ Yoast SEO plugin. -->","yoast_head_json":{"title":"TV Evangelizar transmite hoy la misa de apertura por el 80 aniversario de la muerte del Padre Eust\u00e1quio.","description":"TV Evangelizar, con sede en Curitiba, Puerto Rico, transmitir\u00e1 este martes 31 a las 19:00 h la Santa Misa de apertura del Jubileo por el 80.\u00ba aniversario de la muerte del Beato Padre Eust\u00e1quio. La transmisi\u00f3n se realiza en colaboraci\u00f3n con el Secretariado Nacional para la Causa de Canonizaci\u00f3n, a trav\u00e9s del Canal Padre Eust\u00e1quio.","robots":{"index":"index","follow":"follow","max-snippet":"max-snippet:-1","max-image-preview":"max-image-preview:large","max-video-preview":"max-video-preview:-1"},"canonical":"https:\/\/www.padreeustaquio.com.br\/es\/tv-evangelizar-transmitira-hoy-la-misa-de-apertura-por-el-80-aniversario-de-la-muerte-del-padre-eustaquio\/","og_locale":"es_ES","og_type":"article","og_title":"TV Evangelizar transmite hoje missa de abertura dos 80 anos da morte de Pe Eust\u00e1quio","og_description":"A TV Evangelizar, com sede em Curitiba-PR, transmite \u00e0s 19h desta ter\u00e7a-feira, dia 31, a Santa Missa de abertura do Jubileu pelos 80 anos da morte do Bem-Aventurado Padre Eust\u00e1quio. A transmiss\u00e3o \u00e9 feita em parceria com o Secretariado Nacional para a Causa de Canoniza\u00e7\u00e3o, por meio do Canal Padre Eust\u00e1quio.","og_url":"https:\/\/www.padreeustaquio.com.br\/es\/tv-evangelizar-transmitira-hoy-la-misa-de-apertura-por-el-80-aniversario-de-la-muerte-del-padre-eustaquio\/","og_site_name":"Padre Eust\u00e1quio","article_publisher":"https:\/\/www.facebook.com\/beatopadreeustaquio\/","article_published_time":"2023-01-31T10:38:45+00:00","article_modified_time":"2023-01-31T10:38:46+00:00","og_image":[{"width":1280,"height":720,"url":"https:\/\/www.padreeustaquio.com.br\/wp-content\/uploads\/2023\/01\/tvevangelizar.jpg","type":"image\/jpeg"}],"author":"@sscc","twitter_card":"summary_large_image","twitter_creator":"@beatopeustaquio","twitter_site":"@beatopeustaquio","twitter_misc":{"Escrito por":"@sscc","Tiempo de lectura":"2 minutos"},"schema":{"@context":"https:\/\/schema.org","@graph":[{"@type":"Article","@id":"https:\/\/www.padreeustaquio.com.br\/tv-evangelizar-transmite-hoje-missa-de-abertura-dos-80-anos-da-morte-de-pe-eustaquio\/#article","isPartOf":{"@id":"https:\/\/www.padreeustaquio.com.br\/tv-evangelizar-transmite-hoje-missa-de-abertura-dos-80-anos-da-morte-de-pe-eustaquio\/"},"author":{"name":"@sscc","@id":"https:\/\/www.padreeustaquio.com.br\/#\/schema\/person\/a2a51db1d00f1a7af0204a0f1ddb1566"},"headline":"TV Evangelizar transmite hoje missa de abertura dos 80 anos da morte de Pe Eust\u00e1quio","datePublished":"2023-01-31T10:38:45+00:00","dateModified":"2023-01-31T10:38:46+00:00","mainEntityOfPage":{"@id":"https:\/\/www.padreeustaquio.com.br\/tv-evangelizar-transmite-hoje-missa-de-abertura-dos-80-anos-da-morte-de-pe-eustaquio\/"},"wordCount":367,"commentCount":0,"publisher":{"@id":"https:\/\/www.padreeustaquio.com.br\/#organization"},"image":{"@id":"https:\/\/www.padreeustaquio.com.br\/tv-evangelizar-transmite-hoje-missa-de-abertura-dos-80-anos-da-morte-de-pe-eustaquio\/#primaryimage"},"thumbnailUrl":"https:\/\/www.padreeustaquio.com.br\/wp-content\/uploads\/2023\/01\/tvevangelizar.jpg","articleSection":["Not\u00edcias"],"inLanguage":"es","potentialAction":[{"@type":"CommentAction","name":"Comment","target":["https:\/\/www.padreeustaquio.com.br\/tv-evangelizar-transmite-hoje-missa-de-abertura-dos-80-anos-da-morte-de-pe-eustaquio\/#respond"]}]},{"@type":"WebPage","@id":"https:\/\/www.padreeustaquio.com.br\/tv-evangelizar-transmite-hoje-missa-de-abertura-dos-80-anos-da-morte-de-pe-eustaquio\/","url":"https:\/\/www.padreeustaquio.com.br\/tv-evangelizar-transmite-hoje-missa-de-abertura-dos-80-anos-da-morte-de-pe-eustaquio\/","name":"TV Evangelizar transmite hoy la misa de apertura por el 80 aniversario de la muerte del Padre Eust\u00e1quio.","isPartOf":{"@id":"https:\/\/www.padreeustaquio.com.br\/#website"},"primaryImageOfPage":{"@id":"https:\/\/www.padreeustaquio.com.br\/tv-evangelizar-transmite-hoje-missa-de-abertura-dos-80-anos-da-morte-de-pe-eustaquio\/#primaryimage"},"image":{"@id":"https:\/\/www.padreeustaquio.com.br\/tv-evangelizar-transmite-hoje-missa-de-abertura-dos-80-anos-da-morte-de-pe-eustaquio\/#primaryimage"},"thumbnailUrl":"https:\/\/www.padreeustaquio.com.br\/wp-content\/uploads\/2023\/01\/tvevangelizar.jpg","datePublished":"2023-01-31T10:38:45+00:00","dateModified":"2023-01-31T10:38:46+00:00","description":"TV Evangelizar, con sede en Curitiba, Puerto Rico, transmitir\u00e1 este martes 31 a las 19:00 h la Santa Misa de apertura del Jubileo por el 80.\u00ba aniversario de la muerte del Beato Padre Eust\u00e1quio. La transmisi\u00f3n se realiza en colaboraci\u00f3n con el Secretariado Nacional para la Causa de Canonizaci\u00f3n, a trav\u00e9s del Canal Padre Eust\u00e1quio.","breadcrumb":{"@id":"https:\/\/www.padreeustaquio.com.br\/tv-evangelizar-transmite-hoje-missa-de-abertura-dos-80-anos-da-morte-de-pe-eustaquio\/#breadcrumb"},"inLanguage":"es","potentialAction":[{"@type":"ReadAction","target":["https:\/\/www.padreeustaquio.com.br\/tv-evangelizar-transmite-hoje-missa-de-abertura-dos-80-anos-da-morte-de-pe-eustaquio\/"]}]},{"@type":"ImageObject","inLanguage":"es","@id":"https:\/\/www.padreeustaquio.com.br\/tv-evangelizar-transmite-hoje-missa-de-abertura-dos-80-anos-da-morte-de-pe-eustaquio\/#primaryimage","url":"https:\/\/www.padreeustaquio.com.br\/wp-content\/uploads\/2023\/01\/tvevangelizar.jpg","contentUrl":"https:\/\/www.padreeustaquio.com.br\/wp-content\/uploads\/2023\/01\/tvevangelizar.jpg","width":1280,"height":720},{"@type":"BreadcrumbList","@id":"https:\/\/www.padreeustaquio.com.br\/tv-evangelizar-transmite-hoje-missa-de-abertura-dos-80-anos-da-morte-de-pe-eustaquio\/#breadcrumb","itemListElement":[{"@type":"ListItem","position":1,"name":"In\u00edcio","item":"https:\/\/www.padreeustaquio.com.br\/"},{"@type":"ListItem","position":2,"name":"TV Evangelizar transmite hoje missa de abertura dos 80 anos da morte de Pe Eust\u00e1quio"}]},{"@type":"WebSite","@id":"https:\/\/www.padreeustaquio.com.br\/#website","url":"https:\/\/www.padreeustaquio.com.br\/","name":"Padre Eustace","description":"Salud y Paz","publisher":{"@id":"https:\/\/www.padreeustaquio.com.br\/#organization"},"potentialAction":[{"@type":"SearchAction","target":{"@type":"EntryPoint","urlTemplate":"https:\/\/www.padreeustaquio.com.br\/?s={search_term_string}"},"query-input":{"@type":"PropertyValueSpecification","valueRequired":true,"valueName":"search_term_string"}}],"inLanguage":"es"},{"@type":"Organization","@id":"https:\/\/www.padreeustaquio.com.br\/#organization","name":"Padre Eustace","url":"https:\/\/www.padreeustaquio.com.br\/","logo":{"@type":"ImageObject","inLanguage":"es","@id":"https:\/\/www.padreeustaquio.com.br\/#\/schema\/logo\/image\/","url":"https:\/\/www.padreeustaquio.com.br\/wp-content\/uploads\/2019\/08\/marca.png","contentUrl":"https:\/\/www.padreeustaquio.com.br\/wp-content\/uploads\/2019\/08\/marca.png","width":350,"height":400,"caption":"Padre Eust\u00e1quio"},"image":{"@id":"https:\/\/www.padreeustaquio.com.br\/#\/schema\/logo\/image\/"},"sameAs":["https:\/\/www.facebook.com\/beatopadreeustaquio\/","https:\/\/x.com\/beatopeustaquio","https:\/\/www.instagram.com\/beatopadreeustaquio\/","https:\/\/www.youtube.com\/channel\/UCRhw7vfabnajwLxb1ZXMeIw"]},{"@type":"Person","@id":"https:\/\/www.padreeustaquio.com.br\/#\/schema\/person\/a2a51db1d00f1a7af0204a0f1ddb1566","name":"@sscc","image":{"@type":"ImageObject","inLanguage":"es","@id":"https:\/\/secure.gravatar.com\/avatar\/68cfafa5f44617fea54071e215026e0ff06be366c3d54a8425f04fdcb86f8c5f?s=96&d=mm&r=g","url":"https:\/\/secure.gravatar.com\/avatar\/68cfafa5f44617fea54071e215026e0ff06be366c3d54a8425f04fdcb86f8c5f?s=96&d=mm&r=g","contentUrl":"https:\/\/secure.gravatar.com\/avatar\/68cfafa5f44617fea54071e215026e0ff06be366c3d54a8425f04fdcb86f8c5f?s=96&d=mm&r=g","caption":"@sscc"},"url":"https:\/\/www.padreeustaquio.com.br\/es\/author\/sscc\/"}]}},"_links":{"self":[{"href":"https:\/\/www.padreeustaquio.com.br\/es\/wp-json\/wp\/v2\/posts\/9868","targetHints":{"allow":["GET"]}}],"collection":[{"href":"https:\/\/www.padreeustaquio.com.br\/es\/wp-json\/wp\/v2\/posts"}],"about":[{"href":"https:\/\/www.padreeustaquio.com.br\/es\/wp-json\/wp\/v2\/types\/post"}],"author":[{"embeddable":true,"href":"https:\/\/www.padreeustaquio.com.br\/es\/wp-json\/wp\/v2\/users\/2"}],"replies":[{"embeddable":true,"href":"https:\/\/www.padreeustaquio.com.br\/es\/wp-json\/wp\/v2\/comments?post=9868"}],"version-history":[{"count":0,"href":"https:\/\/www.padreeustaquio.com.br\/es\/wp-json\/wp\/v2\/posts\/9868\/revisions"}],"wp:featuredmedia":[{"embeddable":true,"href":"https:\/\/www.padreeustaquio.com.br\/es\/wp-json\/wp\/v2\/media\/9869"}],"wp:attachment":[{"href":"https:\/\/www.padreeustaquio.com.br\/es\/wp-json\/wp\/v2\/media?parent=9868"}],"wp:term":[{"taxonomy":"category","embeddable":true,"href":"https:\/\/www.padreeustaquio.com.br\/es\/wp-json\/wp\/v2\/categories?post=9868"},{"taxonomy":"post_tag","embeddable":true,"href":"https:\/\/www.padreeustaquio.com.br\/es\/wp-json\/wp\/v2\/tags?post=9868"}],"curies":[{"name":"wp","href":"https:\/\/api.w.org\/{rel}","templated":true}]}}