{"id":9857,"date":"2023-01-30T07:16:50","date_gmt":"2023-01-30T10:16:50","guid":{"rendered":"https:\/\/www.padreeustaquio.com.br\/?p=9857"},"modified":"2023-01-30T07:17:51","modified_gmt":"2023-01-30T10:17:51","slug":"80-anos-de-salud-y-paz-iglesia-inaugura-celebraciones-este-martes","status":"publish","type":"post","link":"https:\/\/www.padreeustaquio.com.br\/es\/80-anos-de-salud-y-paz-iglesia-inaugura-celebraciones-este-martes\/","title":{"rendered":"80 A\u00f1os de Salud y Paz \u2013 Iglesia inaugura celebraciones este martes."},"content":{"rendered":"<p>Este a\u00f1o, los devotos conmemorar\u00e1n el 80.\u00ba aniversario de la muerte del Beato Padre Eustaquio. Para conmemorar la ocasi\u00f3n, el Secretariado Nacional para la Causa de Canonizaci\u00f3n y el Santuario Arquidiocesano de Salud y Paz est\u00e1n preparando un amplio programa en memoria del Beato.<\/p>\n\n\n\n<p>Este martes 31 se celebrar\u00e1 la Santa Misa para conmemorar el 80.\u00ba aniversario del fallecimiento del Padre Eustaquio. La Eucarist\u00eda comenzar\u00e1 a las 19:00 h e incluir\u00e1 la exposici\u00f3n de las Sagradas Reliquias del Beato Padre, as\u00ed como una bendici\u00f3n por la Salud y la Paz, con la imposici\u00f3n de manos sacerdotales.<\/p>\n\n\n\n<p>La ceremonia ser\u00e1 presidida por el Vicepostulador de la Causa de Canonizaci\u00f3n, Padre Vin\u00edcius Maciel, sscc, quien tambi\u00e9n es Rector del Santuario. Se espera la participaci\u00f3n de l\u00edderes de diversos movimientos parroquiales y asociaciones inspirados por el Padre Eust\u00e1quio en la Eucarist\u00eda. Adem\u00e1s, se invita a todos los fieles y devotos del Beato a celebrar juntos.<\/p>\n\n\n\n<p>La misa de apertura del 80\u00ba aniversario ser\u00e1 transmitida en vivo por el canal abierto TV Evangelizar para ciudades de 16 estados brasile\u00f1os, adem\u00e1s del Canal Padre Eust\u00e1quio en YouTube.<\/p>\n\n\n\n<p><strong>Reliquias del Padre Eustace<\/strong><\/p>\n\n\n\n<p>La caja que contiene las reliquias del Padre Eustaquio, que ser\u00e1 expuesta a la comunidad durante la celebraci\u00f3n, est\u00e1 compuesta por un hueso metacarpiano (mano), mechones de cabello, la condecoraci\u00f3n belga que recibi\u00f3 el Beato, una pluma utilizada por \u00e9l, as\u00ed como un trozo del cord\u00f3n que usaba (c\u00edngulo) y pa\u00f1os que tocaron los huesos del Beato.<\/p>\n\n\n\n<p><strong>Vida e historia del Beato Padre Eustaquio<\/strong><\/p>\n\n\n\n<p>Nacido con el nombre de Hubbertus el 3 de noviembre de 1889 en Aarle Rixtel, Pa\u00edses Bajos, el Padre Eustace proven\u00eda de una familia numerosa y muy religiosa. Bautizado el mismo d\u00eda de su nacimiento, ingres\u00f3 en la Congregaci\u00f3n de los Sagrados Corazones poco antes de cumplir los 15 a\u00f1os.<\/p>\n\n\n\n<p>Inspirado por el ideal misionero de San Dami\u00e1n de Molokai, Eustace profes\u00f3 sus votos temporales y perpetuos en 1915 y cuatro a\u00f1os despu\u00e9s fue ordenado sacerdote. En 1925 lleg\u00f3 a Brasil como misionero, pasando por \u00c1gua Suja (actual Romaria-MG), Po\u00e1-SP y varias otras ciudades del interior de Minas Gerais, as\u00ed como por la capital, R\u00edo de Janeiro. En 1942 lleg\u00f3 a Belo Horizonte, donde permaneci\u00f3 poco m\u00e1s de un a\u00f1o y cuatro meses.<\/p>\n\n\n\n<p>Picado por una garrapata, el Padre Eust\u00e1quio falleci\u00f3 el 30 de agosto de 1943 en el Sanatorio de Minas Gerais (actual Hospital Alberto Cavalcanti) de Belo Horizonte. Su fama de santidad se extendi\u00f3 entre el pueblo, lo que llev\u00f3 a la Iglesia a iniciar el proceso de beatificaci\u00f3n trece a\u00f1os despu\u00e9s de su muerte.<br>Despu\u00e9s de varias etapas del proceso, el Papa San Juan Pablo II lo declar\u00f3 Venerable en 2003, y en 2006 el Papa Benedicto XVI incluy\u00f3 el nombre del Padre Eustaquio en la lista de los Beatos de la Iglesia.<br>Actualmente, la Santa Sede espera la confirmaci\u00f3n de un milagro m\u00e1s antes de declarar santo al padre Eustaquio.<\/p>\n\n\n\n<p><\/p>","protected":false},"excerpt":{"rendered":"<p>Este ano, os devotos far\u00e3o mem\u00f3ria aos 80 anos da morte do Beato Padre Eust\u00e1quio. Para relembrar a data, o Secretariado Nacional para a Causa de Canoniza\u00e7\u00e3o e o Santu\u00e1rio Arquidiocesano da Sa\u00fade e da Paz, est\u00e3o preparando uma grande programa\u00e7\u00e3o em mem\u00f3ria ao Beato. Nesta ter\u00e7a-feira, dia 31 ser\u00e1 celebrada a Santa Missa de abertura dos 80 anos da morte de Padre Eust\u00e1quio. A Eucaristia come\u00e7a \u00e0s 19h e ter\u00e1 a exposi\u00e7\u00e3o das Rel\u00edquias Sagradas do Bem-Aventurado, al\u00e9m da b\u00ean\u00e7\u00e3o da Sa\u00fade e Paz, com imposi\u00e7\u00e3o das m\u00e3os sacerdotais. A cerim\u00f4nia ser\u00e1 presidida pelo Vice-postulador da Causa de Canoniza\u00e7\u00e3o, [&hellip;]<\/p>\n","protected":false},"author":2,"featured_media":9858,"comment_status":"open","ping_status":"closed","sticky":false,"template":"","format":"standard","meta":{"_acf_changed":false,"footnotes":""},"categories":[611],"tags":[],"class_list":["post-9857","post","type-post","status-publish","format-standard","has-post-thumbnail","hentry","category-noticias"],"acf":[],"yoast_head":"<!-- This site is optimized with the Yoast SEO plugin v27.2 - https:\/\/yoast.com\/product\/yoast-seo-wordpress\/ -->\n<title>80 anos de Sa\u00fade e Paz \u2013 Igreja abre comemora\u00e7\u00f5es nesta ter\u00e7a-feira<\/title>\n<meta name=\"description\" content=\"Este ano, os devotos far\u00e3o mem\u00f3ria aos 80 anos da morte do Beato Padre Eust\u00e1quio. Para relembrar a data, o Secretariado Nacional para a Causa de Canoniza\u00e7\u00e3o e o Santu\u00e1rio Arquidiocesano da Sa\u00fade e da Paz, est\u00e3o preparando uma grande programa\u00e7\u00e3o em mem\u00f3ria ao Beato.\" \/>\n<meta name=\"robots\" content=\"index, follow, max-snippet:-1, max-image-preview:large, max-video-preview:-1\" \/>\n<link rel=\"canonical\" href=\"https:\/\/www.padreeustaquio.com.br\/es\/80-anos-de-salud-y-paz-iglesia-inaugura-celebraciones-este-martes\/\" \/>\n<meta property=\"og:locale\" content=\"es_ES\" \/>\n<meta property=\"og:type\" content=\"article\" \/>\n<meta property=\"og:title\" content=\"80 anos de Sa\u00fade e Paz \u2013 Igreja abre comemora\u00e7\u00f5es nesta ter\u00e7a-feira\" \/>\n<meta property=\"og:description\" content=\"Este ano, os devotos far\u00e3o mem\u00f3ria aos 80 anos da morte do Beato Padre Eust\u00e1quio. Para relembrar a data, o Secretariado Nacional para a Causa de Canoniza\u00e7\u00e3o e o Santu\u00e1rio Arquidiocesano da Sa\u00fade e da Paz, est\u00e3o preparando uma grande programa\u00e7\u00e3o em mem\u00f3ria ao Beato.\" \/>\n<meta property=\"og:url\" content=\"https:\/\/www.padreeustaquio.com.br\/es\/80-anos-de-salud-y-paz-iglesia-inaugura-celebraciones-este-martes\/\" \/>\n<meta property=\"og:site_name\" content=\"Padre Eust\u00e1quio\" \/>\n<meta property=\"article:publisher\" content=\"https:\/\/www.facebook.com\/beatopadreeustaquio\/\" \/>\n<meta property=\"article:published_time\" content=\"2023-01-30T10:16:50+00:00\" \/>\n<meta property=\"article:modified_time\" content=\"2023-01-30T10:17:51+00:00\" \/>\n<meta property=\"og:image\" content=\"https:\/\/www.padreeustaquio.com.br\/wp-content\/uploads\/2023\/01\/Padre-Eustaquio-Andre-Usagi.jpeg\" \/>\n\t<meta property=\"og:image:width\" content=\"1280\" \/>\n\t<meta property=\"og:image:height\" content=\"853\" \/>\n\t<meta property=\"og:image:type\" content=\"image\/jpeg\" \/>\n<meta name=\"author\" content=\"@sscc\" \/>\n<meta name=\"twitter:card\" content=\"summary_large_image\" \/>\n<meta name=\"twitter:creator\" content=\"@beatopeustaquio\" \/>\n<meta name=\"twitter:site\" content=\"@beatopeustaquio\" \/>\n<meta name=\"twitter:label1\" content=\"Escrito por\" \/>\n\t<meta name=\"twitter:data1\" content=\"@sscc\" \/>\n\t<meta name=\"twitter:label2\" content=\"Tiempo de lectura\" \/>\n\t<meta name=\"twitter:data2\" content=\"2 minutos\" \/>\n<script type=\"application\/ld+json\" class=\"yoast-schema-graph\">{\"@context\":\"https:\/\/schema.org\",\"@graph\":[{\"@type\":\"Article\",\"@id\":\"https:\/\/www.padreeustaquio.com.br\/80-anos-de-saude-e-paz-igreja-abre-comemoracoes-nesta-terca-feira\/#article\",\"isPartOf\":{\"@id\":\"https:\/\/www.padreeustaquio.com.br\/80-anos-de-saude-e-paz-igreja-abre-comemoracoes-nesta-terca-feira\/\"},\"author\":{\"name\":\"@sscc\",\"@id\":\"https:\/\/www.padreeustaquio.com.br\/#\/schema\/person\/a2a51db1d00f1a7af0204a0f1ddb1566\"},\"headline\":\"80 anos de Sa\u00fade e Paz \u2013 Igreja abre comemora\u00e7\u00f5es nesta ter\u00e7a-feira\",\"datePublished\":\"2023-01-30T10:16:50+00:00\",\"dateModified\":\"2023-01-30T10:17:51+00:00\",\"mainEntityOfPage\":{\"@id\":\"https:\/\/www.padreeustaquio.com.br\/80-anos-de-saude-e-paz-igreja-abre-comemoracoes-nesta-terca-feira\/\"},\"wordCount\":520,\"commentCount\":0,\"publisher\":{\"@id\":\"https:\/\/www.padreeustaquio.com.br\/#organization\"},\"image\":{\"@id\":\"https:\/\/www.padreeustaquio.com.br\/80-anos-de-saude-e-paz-igreja-abre-comemoracoes-nesta-terca-feira\/#primaryimage\"},\"thumbnailUrl\":\"https:\/\/www.padreeustaquio.com.br\/wp-content\/uploads\/2023\/01\/Padre-Eustaquio-Andre-Usagi.jpeg\",\"articleSection\":[\"Not\u00edcias\"],\"inLanguage\":\"es\",\"potentialAction\":[{\"@type\":\"CommentAction\",\"name\":\"Comment\",\"target\":[\"https:\/\/www.padreeustaquio.com.br\/80-anos-de-saude-e-paz-igreja-abre-comemoracoes-nesta-terca-feira\/#respond\"]}]},{\"@type\":\"WebPage\",\"@id\":\"https:\/\/www.padreeustaquio.com.br\/80-anos-de-saude-e-paz-igreja-abre-comemoracoes-nesta-terca-feira\/\",\"url\":\"https:\/\/www.padreeustaquio.com.br\/80-anos-de-saude-e-paz-igreja-abre-comemoracoes-nesta-terca-feira\/\",\"name\":\"80 anos de Sa\u00fade e Paz \u2013 Igreja abre comemora\u00e7\u00f5es nesta ter\u00e7a-feira\",\"isPartOf\":{\"@id\":\"https:\/\/www.padreeustaquio.com.br\/#website\"},\"primaryImageOfPage\":{\"@id\":\"https:\/\/www.padreeustaquio.com.br\/80-anos-de-saude-e-paz-igreja-abre-comemoracoes-nesta-terca-feira\/#primaryimage\"},\"image\":{\"@id\":\"https:\/\/www.padreeustaquio.com.br\/80-anos-de-saude-e-paz-igreja-abre-comemoracoes-nesta-terca-feira\/#primaryimage\"},\"thumbnailUrl\":\"https:\/\/www.padreeustaquio.com.br\/wp-content\/uploads\/2023\/01\/Padre-Eustaquio-Andre-Usagi.jpeg\",\"datePublished\":\"2023-01-30T10:16:50+00:00\",\"dateModified\":\"2023-01-30T10:17:51+00:00\",\"description\":\"Este ano, os devotos far\u00e3o mem\u00f3ria aos 80 anos da morte do Beato Padre Eust\u00e1quio. Para relembrar a data, o Secretariado Nacional para a Causa de Canoniza\u00e7\u00e3o e o Santu\u00e1rio Arquidiocesano da Sa\u00fade e da Paz, est\u00e3o preparando uma grande programa\u00e7\u00e3o em mem\u00f3ria ao Beato.\",\"breadcrumb\":{\"@id\":\"https:\/\/www.padreeustaquio.com.br\/80-anos-de-saude-e-paz-igreja-abre-comemoracoes-nesta-terca-feira\/#breadcrumb\"},\"inLanguage\":\"es\",\"potentialAction\":[{\"@type\":\"ReadAction\",\"target\":[\"https:\/\/www.padreeustaquio.com.br\/80-anos-de-saude-e-paz-igreja-abre-comemoracoes-nesta-terca-feira\/\"]}]},{\"@type\":\"ImageObject\",\"inLanguage\":\"es\",\"@id\":\"https:\/\/www.padreeustaquio.com.br\/80-anos-de-saude-e-paz-igreja-abre-comemoracoes-nesta-terca-feira\/#primaryimage\",\"url\":\"https:\/\/www.padreeustaquio.com.br\/wp-content\/uploads\/2023\/01\/Padre-Eustaquio-Andre-Usagi.jpeg\",\"contentUrl\":\"https:\/\/www.padreeustaquio.com.br\/wp-content\/uploads\/2023\/01\/Padre-Eustaquio-Andre-Usagi.jpeg\",\"width\":1280,\"height\":853,\"caption\":\"Foto: Andr\u00e9 Usagi\"},{\"@type\":\"BreadcrumbList\",\"@id\":\"https:\/\/www.padreeustaquio.com.br\/80-anos-de-saude-e-paz-igreja-abre-comemoracoes-nesta-terca-feira\/#breadcrumb\",\"itemListElement\":[{\"@type\":\"ListItem\",\"position\":1,\"name\":\"In\u00edcio\",\"item\":\"https:\/\/www.padreeustaquio.com.br\/\"},{\"@type\":\"ListItem\",\"position\":2,\"name\":\"80 anos de Sa\u00fade e Paz \u2013 Igreja abre comemora\u00e7\u00f5es nesta ter\u00e7a-feira\"}]},{\"@type\":\"WebSite\",\"@id\":\"https:\/\/www.padreeustaquio.com.br\/#website\",\"url\":\"https:\/\/www.padreeustaquio.com.br\/\",\"name\":\"Padre Eust\u00e1quio\",\"description\":\"Sa\u00fade e Paz\",\"publisher\":{\"@id\":\"https:\/\/www.padreeustaquio.com.br\/#organization\"},\"potentialAction\":[{\"@type\":\"SearchAction\",\"target\":{\"@type\":\"EntryPoint\",\"urlTemplate\":\"https:\/\/www.padreeustaquio.com.br\/?s={search_term_string}\"},\"query-input\":{\"@type\":\"PropertyValueSpecification\",\"valueRequired\":true,\"valueName\":\"search_term_string\"}}],\"inLanguage\":\"es\"},{\"@type\":\"Organization\",\"@id\":\"https:\/\/www.padreeustaquio.com.br\/#organization\",\"name\":\"Padre Eust\u00e1quio\",\"url\":\"https:\/\/www.padreeustaquio.com.br\/\",\"logo\":{\"@type\":\"ImageObject\",\"inLanguage\":\"es\",\"@id\":\"https:\/\/www.padreeustaquio.com.br\/#\/schema\/logo\/image\/\",\"url\":\"https:\/\/www.padreeustaquio.com.br\/wp-content\/uploads\/2019\/08\/marca.png\",\"contentUrl\":\"https:\/\/www.padreeustaquio.com.br\/wp-content\/uploads\/2019\/08\/marca.png\",\"width\":350,\"height\":400,\"caption\":\"Padre Eust\u00e1quio\"},\"image\":{\"@id\":\"https:\/\/www.padreeustaquio.com.br\/#\/schema\/logo\/image\/\"},\"sameAs\":[\"https:\/\/www.facebook.com\/beatopadreeustaquio\/\",\"https:\/\/x.com\/beatopeustaquio\",\"https:\/\/www.instagram.com\/beatopadreeustaquio\/\",\"https:\/\/www.youtube.com\/channel\/UCRhw7vfabnajwLxb1ZXMeIw\"]},{\"@type\":\"Person\",\"@id\":\"https:\/\/www.padreeustaquio.com.br\/#\/schema\/person\/a2a51db1d00f1a7af0204a0f1ddb1566\",\"name\":\"@sscc\",\"image\":{\"@type\":\"ImageObject\",\"inLanguage\":\"es\",\"@id\":\"https:\/\/secure.gravatar.com\/avatar\/68cfafa5f44617fea54071e215026e0ff06be366c3d54a8425f04fdcb86f8c5f?s=96&d=mm&r=g\",\"url\":\"https:\/\/secure.gravatar.com\/avatar\/68cfafa5f44617fea54071e215026e0ff06be366c3d54a8425f04fdcb86f8c5f?s=96&d=mm&r=g\",\"contentUrl\":\"https:\/\/secure.gravatar.com\/avatar\/68cfafa5f44617fea54071e215026e0ff06be366c3d54a8425f04fdcb86f8c5f?s=96&d=mm&r=g\",\"caption\":\"@sscc\"},\"url\":\"https:\/\/www.padreeustaquio.com.br\/es\/author\/sscc\/\"}]}<\/script>\n<!-- \/ Yoast SEO plugin. -->","yoast_head_json":{"title":"80 A\u00f1os de Salud y Paz \u2013 Iglesia inaugura celebraciones este martes.","description":"Este a\u00f1o, los devotos conmemorar\u00e1n el 80.\u00ba aniversario de la muerte del Beato Padre Eustaquio. Para conmemorar la ocasi\u00f3n, el Secretariado Nacional para la Causa de Canonizaci\u00f3n y el Santuario Arquidiocesano de Salud y Paz est\u00e1n preparando un amplio programa en memoria del Beato.","robots":{"index":"index","follow":"follow","max-snippet":"max-snippet:-1","max-image-preview":"max-image-preview:large","max-video-preview":"max-video-preview:-1"},"canonical":"https:\/\/www.padreeustaquio.com.br\/es\/80-anos-de-salud-y-paz-iglesia-inaugura-celebraciones-este-martes\/","og_locale":"es_ES","og_type":"article","og_title":"80 anos de Sa\u00fade e Paz \u2013 Igreja abre comemora\u00e7\u00f5es nesta ter\u00e7a-feira","og_description":"Este ano, os devotos far\u00e3o mem\u00f3ria aos 80 anos da morte do Beato Padre Eust\u00e1quio. Para relembrar a data, o Secretariado Nacional para a Causa de Canoniza\u00e7\u00e3o e o Santu\u00e1rio Arquidiocesano da Sa\u00fade e da Paz, est\u00e3o preparando uma grande programa\u00e7\u00e3o em mem\u00f3ria ao Beato.","og_url":"https:\/\/www.padreeustaquio.com.br\/es\/80-anos-de-salud-y-paz-iglesia-inaugura-celebraciones-este-martes\/","og_site_name":"Padre Eust\u00e1quio","article_publisher":"https:\/\/www.facebook.com\/beatopadreeustaquio\/","article_published_time":"2023-01-30T10:16:50+00:00","article_modified_time":"2023-01-30T10:17:51+00:00","og_image":[{"width":1280,"height":853,"url":"https:\/\/www.padreeustaquio.com.br\/wp-content\/uploads\/2023\/01\/Padre-Eustaquio-Andre-Usagi.jpeg","type":"image\/jpeg"}],"author":"@sscc","twitter_card":"summary_large_image","twitter_creator":"@beatopeustaquio","twitter_site":"@beatopeustaquio","twitter_misc":{"Escrito por":"@sscc","Tiempo de lectura":"2 minutos"},"schema":{"@context":"https:\/\/schema.org","@graph":[{"@type":"Article","@id":"https:\/\/www.padreeustaquio.com.br\/80-anos-de-saude-e-paz-igreja-abre-comemoracoes-nesta-terca-feira\/#article","isPartOf":{"@id":"https:\/\/www.padreeustaquio.com.br\/80-anos-de-saude-e-paz-igreja-abre-comemoracoes-nesta-terca-feira\/"},"author":{"name":"@sscc","@id":"https:\/\/www.padreeustaquio.com.br\/#\/schema\/person\/a2a51db1d00f1a7af0204a0f1ddb1566"},"headline":"80 anos de Sa\u00fade e Paz \u2013 Igreja abre comemora\u00e7\u00f5es nesta ter\u00e7a-feira","datePublished":"2023-01-30T10:16:50+00:00","dateModified":"2023-01-30T10:17:51+00:00","mainEntityOfPage":{"@id":"https:\/\/www.padreeustaquio.com.br\/80-anos-de-saude-e-paz-igreja-abre-comemoracoes-nesta-terca-feira\/"},"wordCount":520,"commentCount":0,"publisher":{"@id":"https:\/\/www.padreeustaquio.com.br\/#organization"},"image":{"@id":"https:\/\/www.padreeustaquio.com.br\/80-anos-de-saude-e-paz-igreja-abre-comemoracoes-nesta-terca-feira\/#primaryimage"},"thumbnailUrl":"https:\/\/www.padreeustaquio.com.br\/wp-content\/uploads\/2023\/01\/Padre-Eustaquio-Andre-Usagi.jpeg","articleSection":["Not\u00edcias"],"inLanguage":"es","potentialAction":[{"@type":"CommentAction","name":"Comment","target":["https:\/\/www.padreeustaquio.com.br\/80-anos-de-saude-e-paz-igreja-abre-comemoracoes-nesta-terca-feira\/#respond"]}]},{"@type":"WebPage","@id":"https:\/\/www.padreeustaquio.com.br\/80-anos-de-saude-e-paz-igreja-abre-comemoracoes-nesta-terca-feira\/","url":"https:\/\/www.padreeustaquio.com.br\/80-anos-de-saude-e-paz-igreja-abre-comemoracoes-nesta-terca-feira\/","name":"80 A\u00f1os de Salud y Paz \u2013 Iglesia inaugura celebraciones este martes.","isPartOf":{"@id":"https:\/\/www.padreeustaquio.com.br\/#website"},"primaryImageOfPage":{"@id":"https:\/\/www.padreeustaquio.com.br\/80-anos-de-saude-e-paz-igreja-abre-comemoracoes-nesta-terca-feira\/#primaryimage"},"image":{"@id":"https:\/\/www.padreeustaquio.com.br\/80-anos-de-saude-e-paz-igreja-abre-comemoracoes-nesta-terca-feira\/#primaryimage"},"thumbnailUrl":"https:\/\/www.padreeustaquio.com.br\/wp-content\/uploads\/2023\/01\/Padre-Eustaquio-Andre-Usagi.jpeg","datePublished":"2023-01-30T10:16:50+00:00","dateModified":"2023-01-30T10:17:51+00:00","description":"Este a\u00f1o, los devotos conmemorar\u00e1n el 80.\u00ba aniversario de la muerte del Beato Padre Eustaquio. Para conmemorar la ocasi\u00f3n, el Secretariado Nacional para la Causa de Canonizaci\u00f3n y el Santuario Arquidiocesano de Salud y Paz est\u00e1n preparando un amplio programa en memoria del Beato.","breadcrumb":{"@id":"https:\/\/www.padreeustaquio.com.br\/80-anos-de-saude-e-paz-igreja-abre-comemoracoes-nesta-terca-feira\/#breadcrumb"},"inLanguage":"es","potentialAction":[{"@type":"ReadAction","target":["https:\/\/www.padreeustaquio.com.br\/80-anos-de-saude-e-paz-igreja-abre-comemoracoes-nesta-terca-feira\/"]}]},{"@type":"ImageObject","inLanguage":"es","@id":"https:\/\/www.padreeustaquio.com.br\/80-anos-de-saude-e-paz-igreja-abre-comemoracoes-nesta-terca-feira\/#primaryimage","url":"https:\/\/www.padreeustaquio.com.br\/wp-content\/uploads\/2023\/01\/Padre-Eustaquio-Andre-Usagi.jpeg","contentUrl":"https:\/\/www.padreeustaquio.com.br\/wp-content\/uploads\/2023\/01\/Padre-Eustaquio-Andre-Usagi.jpeg","width":1280,"height":853,"caption":"Foto: Andr\u00e9 Usagi"},{"@type":"BreadcrumbList","@id":"https:\/\/www.padreeustaquio.com.br\/80-anos-de-saude-e-paz-igreja-abre-comemoracoes-nesta-terca-feira\/#breadcrumb","itemListElement":[{"@type":"ListItem","position":1,"name":"In\u00edcio","item":"https:\/\/www.padreeustaquio.com.br\/"},{"@type":"ListItem","position":2,"name":"80 anos de Sa\u00fade e Paz \u2013 Igreja abre comemora\u00e7\u00f5es nesta ter\u00e7a-feira"}]},{"@type":"WebSite","@id":"https:\/\/www.padreeustaquio.com.br\/#website","url":"https:\/\/www.padreeustaquio.com.br\/","name":"Padre Eustace","description":"Salud y Paz","publisher":{"@id":"https:\/\/www.padreeustaquio.com.br\/#organization"},"potentialAction":[{"@type":"SearchAction","target":{"@type":"EntryPoint","urlTemplate":"https:\/\/www.padreeustaquio.com.br\/?s={search_term_string}"},"query-input":{"@type":"PropertyValueSpecification","valueRequired":true,"valueName":"search_term_string"}}],"inLanguage":"es"},{"@type":"Organization","@id":"https:\/\/www.padreeustaquio.com.br\/#organization","name":"Padre Eustace","url":"https:\/\/www.padreeustaquio.com.br\/","logo":{"@type":"ImageObject","inLanguage":"es","@id":"https:\/\/www.padreeustaquio.com.br\/#\/schema\/logo\/image\/","url":"https:\/\/www.padreeustaquio.com.br\/wp-content\/uploads\/2019\/08\/marca.png","contentUrl":"https:\/\/www.padreeustaquio.com.br\/wp-content\/uploads\/2019\/08\/marca.png","width":350,"height":400,"caption":"Padre Eust\u00e1quio"},"image":{"@id":"https:\/\/www.padreeustaquio.com.br\/#\/schema\/logo\/image\/"},"sameAs":["https:\/\/www.facebook.com\/beatopadreeustaquio\/","https:\/\/x.com\/beatopeustaquio","https:\/\/www.instagram.com\/beatopadreeustaquio\/","https:\/\/www.youtube.com\/channel\/UCRhw7vfabnajwLxb1ZXMeIw"]},{"@type":"Person","@id":"https:\/\/www.padreeustaquio.com.br\/#\/schema\/person\/a2a51db1d00f1a7af0204a0f1ddb1566","name":"@sscc","image":{"@type":"ImageObject","inLanguage":"es","@id":"https:\/\/secure.gravatar.com\/avatar\/68cfafa5f44617fea54071e215026e0ff06be366c3d54a8425f04fdcb86f8c5f?s=96&d=mm&r=g","url":"https:\/\/secure.gravatar.com\/avatar\/68cfafa5f44617fea54071e215026e0ff06be366c3d54a8425f04fdcb86f8c5f?s=96&d=mm&r=g","contentUrl":"https:\/\/secure.gravatar.com\/avatar\/68cfafa5f44617fea54071e215026e0ff06be366c3d54a8425f04fdcb86f8c5f?s=96&d=mm&r=g","caption":"@sscc"},"url":"https:\/\/www.padreeustaquio.com.br\/es\/author\/sscc\/"}]}},"_links":{"self":[{"href":"https:\/\/www.padreeustaquio.com.br\/es\/wp-json\/wp\/v2\/posts\/9857","targetHints":{"allow":["GET"]}}],"collection":[{"href":"https:\/\/www.padreeustaquio.com.br\/es\/wp-json\/wp\/v2\/posts"}],"about":[{"href":"https:\/\/www.padreeustaquio.com.br\/es\/wp-json\/wp\/v2\/types\/post"}],"author":[{"embeddable":true,"href":"https:\/\/www.padreeustaquio.com.br\/es\/wp-json\/wp\/v2\/users\/2"}],"replies":[{"embeddable":true,"href":"https:\/\/www.padreeustaquio.com.br\/es\/wp-json\/wp\/v2\/comments?post=9857"}],"version-history":[{"count":0,"href":"https:\/\/www.padreeustaquio.com.br\/es\/wp-json\/wp\/v2\/posts\/9857\/revisions"}],"wp:featuredmedia":[{"embeddable":true,"href":"https:\/\/www.padreeustaquio.com.br\/es\/wp-json\/wp\/v2\/media\/9858"}],"wp:attachment":[{"href":"https:\/\/www.padreeustaquio.com.br\/es\/wp-json\/wp\/v2\/media?parent=9857"}],"wp:term":[{"taxonomy":"category","embeddable":true,"href":"https:\/\/www.padreeustaquio.com.br\/es\/wp-json\/wp\/v2\/categories?post=9857"},{"taxonomy":"post_tag","embeddable":true,"href":"https:\/\/www.padreeustaquio.com.br\/es\/wp-json\/wp\/v2\/tags?post=9857"}],"curies":[{"name":"wp","href":"https:\/\/api.w.org\/{rel}","templated":true}]}}