{"id":9826,"date":"2023-01-26T05:59:00","date_gmt":"2023-01-26T08:59:00","guid":{"rendered":"https:\/\/www.padreeustaquio.com.br\/?p=9826"},"modified":"2023-01-30T08:09:35","modified_gmt":"2023-01-30T11:09:35","slug":"se-vuelven-a-realizar-talleres-de-oracion-y-vida-en-el-santuario","status":"publish","type":"post","link":"https:\/\/www.padreeustaquio.com.br\/es\/se-vuelven-a-realizar-talleres-de-oracion-y-vida-en-el-santuario\/","title":{"rendered":"Se vuelven a realizar Talleres de Oraci\u00f3n y Vida en el Santuario."},"content":{"rendered":"<p>En febrero, los Talleres de Oraci\u00f3n y Vida se reanudar\u00e1n en el Santuario de Salud y Paz, Iglesia del Beato Padre Eustaquio. La sesi\u00f3n inaugural, que marca el inicio de los talleres, se llevar\u00e1 a cabo el martes 7 de febrero, en dos horarios: a las 15:00 y a las 19:30.<\/p>\n\n\n\n<p>Los Talleres de Oraci\u00f3n y Vida se realizan semanalmente y tienen una duraci\u00f3n de 2 horas. En total, hay 15 semanas de reuniones para adultos y 10 semanas para j\u00f3venes, adolescentes y ni\u00f1os.<\/p>\n\n\n\n<p>Los encuentros tienen como objetivo llevar a los participantes a tener una relaci\u00f3n amigable con Dios; a liberarse de tristezas, ansiedades y angustias; a ser m\u00e1s saludables, alegres, libres y felices; y a aprender a usar la Biblia y comprender lo que Dios dice.<\/p>\n\n\n\n<p>La inscripci\u00f3n a los talleres debe realizarse en la oficina parroquial del Santuario. Para m\u00e1s informaci\u00f3n, llame al (31) 98485-8147 (con Neide) o al (31) 98779-3287 (con Solange).<\/p>\n\n\n\n<p>Si desea obtener m\u00e1s informaci\u00f3n sobre los Talleres de Oraci\u00f3n y Vida, visite el sitio web: <a href=\"https:\/\/www.tovbrasil.com.br\/\" target=\"_blank\" rel=\"noreferrer noopener\">tovbrasil.com.br<\/a><\/p>\n\n\n\n<p><\/p>","protected":false},"excerpt":{"rendered":"<p>Em fevereiro, voltam a ser realizadas as Oficinas de Ora\u00e7\u00e3o e Vida no Santu\u00e1rio da Sa\u00fade e da Paz, Igreja do Beato Padre Eust\u00e1quio. A sess\u00e3o de abertura, que marca o in\u00edcio das oficinas, ser\u00e1 realizada ter\u00e7a-feira, 7 de fevereiro, em dois hor\u00e1rios, \u00e0s 15h e \u00e0s 19h30. As Oficinas de Ora\u00e7\u00e3o e Vida acontecem semanalmente e tem a dura\u00e7\u00e3o de 2 horas. Ao todo s\u00e3o 15 semanas de encontro para adultos e 10 semanas para jovens, adolescentes e crian\u00e7as. As reuni\u00f5es t\u00eam como objetivo levar os participantes a terem um relacionamento de amigos com Deus; libertar-se das tristezas, ansiedades [&hellip;]<\/p>\n","protected":false},"author":2,"featured_media":9866,"comment_status":"open","ping_status":"closed","sticky":false,"template":"","format":"standard","meta":{"_acf_changed":false,"footnotes":""},"categories":[611],"tags":[],"class_list":["post-9826","post","type-post","status-publish","format-standard","has-post-thumbnail","hentry","category-noticias"],"acf":[],"yoast_head":"<!-- This site is optimized with the Yoast SEO plugin v27.2 - https:\/\/yoast.com\/product\/yoast-seo-wordpress\/ -->\n<title>Oficinas de Ora\u00e7\u00e3o e Vida voltam a ser realizadas no Santu\u00e1rio<\/title>\n<meta name=\"description\" content=\"Em fevereiro, voltam a ser realizadas as Oficinas de Ora\u00e7\u00e3o e Vida no Santu\u00e1rio da Sa\u00fade e da Paz, Igreja do Beato Padre Eust\u00e1quio. A se\u00e7\u00e3o de abertura, que marca o in\u00edcio das oficinas, ser\u00e1 realizada ter\u00e7a-feira, 7 de fevereiro, em dois hor\u00e1rios, \u00e0s 15h e \u00e0s 19h30.\" \/>\n<meta name=\"robots\" content=\"index, follow, max-snippet:-1, max-image-preview:large, max-video-preview:-1\" \/>\n<link rel=\"canonical\" href=\"https:\/\/www.padreeustaquio.com.br\/es\/se-vuelven-a-realizar-talleres-de-oracion-y-vida-en-el-santuario\/\" \/>\n<meta property=\"og:locale\" content=\"es_ES\" \/>\n<meta property=\"og:type\" content=\"article\" \/>\n<meta property=\"og:title\" content=\"Oficinas de Ora\u00e7\u00e3o e Vida voltam a ser realizadas no Santu\u00e1rio\" \/>\n<meta property=\"og:description\" content=\"Em fevereiro, voltam a ser realizadas as Oficinas de Ora\u00e7\u00e3o e Vida no Santu\u00e1rio da Sa\u00fade e da Paz, Igreja do Beato Padre Eust\u00e1quio. A se\u00e7\u00e3o de abertura, que marca o in\u00edcio das oficinas, ser\u00e1 realizada ter\u00e7a-feira, 7 de fevereiro, em dois hor\u00e1rios, \u00e0s 15h e \u00e0s 19h30.\" \/>\n<meta property=\"og:url\" content=\"https:\/\/www.padreeustaquio.com.br\/es\/se-vuelven-a-realizar-talleres-de-oracion-y-vida-en-el-santuario\/\" \/>\n<meta property=\"og:site_name\" content=\"Padre Eust\u00e1quio\" \/>\n<meta property=\"article:publisher\" content=\"https:\/\/www.facebook.com\/beatopadreeustaquio\/\" \/>\n<meta property=\"article:published_time\" content=\"2023-01-26T08:59:00+00:00\" \/>\n<meta property=\"article:modified_time\" content=\"2023-01-30T11:09:35+00:00\" \/>\n<meta property=\"og:image\" content=\"https:\/\/www.padreeustaquio.com.br\/wp-content\/uploads\/2023\/01\/oficinas-ok.png\" \/>\n\t<meta property=\"og:image:width\" content=\"1034\" \/>\n\t<meta property=\"og:image:height\" content=\"580\" \/>\n\t<meta property=\"og:image:type\" content=\"image\/png\" \/>\n<meta name=\"author\" content=\"@sscc\" \/>\n<meta name=\"twitter:card\" content=\"summary_large_image\" \/>\n<meta name=\"twitter:creator\" content=\"@beatopeustaquio\" \/>\n<meta name=\"twitter:site\" content=\"@beatopeustaquio\" \/>\n<meta name=\"twitter:label1\" content=\"Escrito por\" \/>\n\t<meta name=\"twitter:data1\" content=\"@sscc\" \/>\n\t<meta name=\"twitter:label2\" content=\"Tiempo de lectura\" \/>\n\t<meta name=\"twitter:data2\" content=\"1 minuto\" \/>\n<script type=\"application\/ld+json\" class=\"yoast-schema-graph\">{\"@context\":\"https:\/\/schema.org\",\"@graph\":[{\"@type\":\"Article\",\"@id\":\"https:\/\/www.padreeustaquio.com.br\/oficinas-de-oracao-e-vida-voltam-a-ser-realizadas-no-santuario\/#article\",\"isPartOf\":{\"@id\":\"https:\/\/www.padreeustaquio.com.br\/oficinas-de-oracao-e-vida-voltam-a-ser-realizadas-no-santuario\/\"},\"author\":{\"name\":\"@sscc\",\"@id\":\"https:\/\/www.padreeustaquio.com.br\/#\/schema\/person\/a2a51db1d00f1a7af0204a0f1ddb1566\"},\"headline\":\"Oficinas de Ora\u00e7\u00e3o e Vida voltam a ser realizadas no Santu\u00e1rio\",\"datePublished\":\"2023-01-26T08:59:00+00:00\",\"dateModified\":\"2023-01-30T11:09:35+00:00\",\"mainEntityOfPage\":{\"@id\":\"https:\/\/www.padreeustaquio.com.br\/oficinas-de-oracao-e-vida-voltam-a-ser-realizadas-no-santuario\/\"},\"wordCount\":200,\"commentCount\":0,\"publisher\":{\"@id\":\"https:\/\/www.padreeustaquio.com.br\/#organization\"},\"image\":{\"@id\":\"https:\/\/www.padreeustaquio.com.br\/oficinas-de-oracao-e-vida-voltam-a-ser-realizadas-no-santuario\/#primaryimage\"},\"thumbnailUrl\":\"https:\/\/www.padreeustaquio.com.br\/wp-content\/uploads\/2023\/01\/oficinas-ok.png\",\"articleSection\":[\"Not\u00edcias\"],\"inLanguage\":\"es\",\"potentialAction\":[{\"@type\":\"CommentAction\",\"name\":\"Comment\",\"target\":[\"https:\/\/www.padreeustaquio.com.br\/oficinas-de-oracao-e-vida-voltam-a-ser-realizadas-no-santuario\/#respond\"]}]},{\"@type\":\"WebPage\",\"@id\":\"https:\/\/www.padreeustaquio.com.br\/oficinas-de-oracao-e-vida-voltam-a-ser-realizadas-no-santuario\/\",\"url\":\"https:\/\/www.padreeustaquio.com.br\/oficinas-de-oracao-e-vida-voltam-a-ser-realizadas-no-santuario\/\",\"name\":\"Oficinas de Ora\u00e7\u00e3o e Vida voltam a ser realizadas no Santu\u00e1rio\",\"isPartOf\":{\"@id\":\"https:\/\/www.padreeustaquio.com.br\/#website\"},\"primaryImageOfPage\":{\"@id\":\"https:\/\/www.padreeustaquio.com.br\/oficinas-de-oracao-e-vida-voltam-a-ser-realizadas-no-santuario\/#primaryimage\"},\"image\":{\"@id\":\"https:\/\/www.padreeustaquio.com.br\/oficinas-de-oracao-e-vida-voltam-a-ser-realizadas-no-santuario\/#primaryimage\"},\"thumbnailUrl\":\"https:\/\/www.padreeustaquio.com.br\/wp-content\/uploads\/2023\/01\/oficinas-ok.png\",\"datePublished\":\"2023-01-26T08:59:00+00:00\",\"dateModified\":\"2023-01-30T11:09:35+00:00\",\"description\":\"Em fevereiro, voltam a ser realizadas as Oficinas de Ora\u00e7\u00e3o e Vida no Santu\u00e1rio da Sa\u00fade e da Paz, Igreja do Beato Padre Eust\u00e1quio. A se\u00e7\u00e3o de abertura, que marca o in\u00edcio das oficinas, ser\u00e1 realizada ter\u00e7a-feira, 7 de fevereiro, em dois hor\u00e1rios, \u00e0s 15h e \u00e0s 19h30.\",\"breadcrumb\":{\"@id\":\"https:\/\/www.padreeustaquio.com.br\/oficinas-de-oracao-e-vida-voltam-a-ser-realizadas-no-santuario\/#breadcrumb\"},\"inLanguage\":\"es\",\"potentialAction\":[{\"@type\":\"ReadAction\",\"target\":[\"https:\/\/www.padreeustaquio.com.br\/oficinas-de-oracao-e-vida-voltam-a-ser-realizadas-no-santuario\/\"]}]},{\"@type\":\"ImageObject\",\"inLanguage\":\"es\",\"@id\":\"https:\/\/www.padreeustaquio.com.br\/oficinas-de-oracao-e-vida-voltam-a-ser-realizadas-no-santuario\/#primaryimage\",\"url\":\"https:\/\/www.padreeustaquio.com.br\/wp-content\/uploads\/2023\/01\/oficinas-ok.png\",\"contentUrl\":\"https:\/\/www.padreeustaquio.com.br\/wp-content\/uploads\/2023\/01\/oficinas-ok.png\",\"width\":1034,\"height\":580},{\"@type\":\"BreadcrumbList\",\"@id\":\"https:\/\/www.padreeustaquio.com.br\/oficinas-de-oracao-e-vida-voltam-a-ser-realizadas-no-santuario\/#breadcrumb\",\"itemListElement\":[{\"@type\":\"ListItem\",\"position\":1,\"name\":\"In\u00edcio\",\"item\":\"https:\/\/www.padreeustaquio.com.br\/\"},{\"@type\":\"ListItem\",\"position\":2,\"name\":\"Oficinas de Ora\u00e7\u00e3o e Vida voltam a ser realizadas no Santu\u00e1rio\"}]},{\"@type\":\"WebSite\",\"@id\":\"https:\/\/www.padreeustaquio.com.br\/#website\",\"url\":\"https:\/\/www.padreeustaquio.com.br\/\",\"name\":\"Padre Eust\u00e1quio\",\"description\":\"Sa\u00fade e Paz\",\"publisher\":{\"@id\":\"https:\/\/www.padreeustaquio.com.br\/#organization\"},\"potentialAction\":[{\"@type\":\"SearchAction\",\"target\":{\"@type\":\"EntryPoint\",\"urlTemplate\":\"https:\/\/www.padreeustaquio.com.br\/?s={search_term_string}\"},\"query-input\":{\"@type\":\"PropertyValueSpecification\",\"valueRequired\":true,\"valueName\":\"search_term_string\"}}],\"inLanguage\":\"es\"},{\"@type\":\"Organization\",\"@id\":\"https:\/\/www.padreeustaquio.com.br\/#organization\",\"name\":\"Padre Eust\u00e1quio\",\"url\":\"https:\/\/www.padreeustaquio.com.br\/\",\"logo\":{\"@type\":\"ImageObject\",\"inLanguage\":\"es\",\"@id\":\"https:\/\/www.padreeustaquio.com.br\/#\/schema\/logo\/image\/\",\"url\":\"https:\/\/www.padreeustaquio.com.br\/wp-content\/uploads\/2019\/08\/marca.png\",\"contentUrl\":\"https:\/\/www.padreeustaquio.com.br\/wp-content\/uploads\/2019\/08\/marca.png\",\"width\":350,\"height\":400,\"caption\":\"Padre Eust\u00e1quio\"},\"image\":{\"@id\":\"https:\/\/www.padreeustaquio.com.br\/#\/schema\/logo\/image\/\"},\"sameAs\":[\"https:\/\/www.facebook.com\/beatopadreeustaquio\/\",\"https:\/\/x.com\/beatopeustaquio\",\"https:\/\/www.instagram.com\/beatopadreeustaquio\/\",\"https:\/\/www.youtube.com\/channel\/UCRhw7vfabnajwLxb1ZXMeIw\"]},{\"@type\":\"Person\",\"@id\":\"https:\/\/www.padreeustaquio.com.br\/#\/schema\/person\/a2a51db1d00f1a7af0204a0f1ddb1566\",\"name\":\"@sscc\",\"image\":{\"@type\":\"ImageObject\",\"inLanguage\":\"es\",\"@id\":\"https:\/\/secure.gravatar.com\/avatar\/68cfafa5f44617fea54071e215026e0ff06be366c3d54a8425f04fdcb86f8c5f?s=96&d=mm&r=g\",\"url\":\"https:\/\/secure.gravatar.com\/avatar\/68cfafa5f44617fea54071e215026e0ff06be366c3d54a8425f04fdcb86f8c5f?s=96&d=mm&r=g\",\"contentUrl\":\"https:\/\/secure.gravatar.com\/avatar\/68cfafa5f44617fea54071e215026e0ff06be366c3d54a8425f04fdcb86f8c5f?s=96&d=mm&r=g\",\"caption\":\"@sscc\"},\"url\":\"https:\/\/www.padreeustaquio.com.br\/es\/author\/sscc\/\"}]}<\/script>\n<!-- \/ Yoast SEO plugin. -->","yoast_head_json":{"title":"Se vuelven a realizar Talleres de Oraci\u00f3n y Vida en el Santuario.","description":"En febrero, los Talleres de Oraci\u00f3n y Vida se reanudar\u00e1n en el Santuario de Salud y Paz, Iglesia del Beato Padre Eustaquio. La sesi\u00f3n inaugural, que marca el inicio de los talleres, se llevar\u00e1 a cabo el martes 7 de febrero, en dos horarios: a las 15:00 y a las 19:30.","robots":{"index":"index","follow":"follow","max-snippet":"max-snippet:-1","max-image-preview":"max-image-preview:large","max-video-preview":"max-video-preview:-1"},"canonical":"https:\/\/www.padreeustaquio.com.br\/es\/se-vuelven-a-realizar-talleres-de-oracion-y-vida-en-el-santuario\/","og_locale":"es_ES","og_type":"article","og_title":"Oficinas de Ora\u00e7\u00e3o e Vida voltam a ser realizadas no Santu\u00e1rio","og_description":"Em fevereiro, voltam a ser realizadas as Oficinas de Ora\u00e7\u00e3o e Vida no Santu\u00e1rio da Sa\u00fade e da Paz, Igreja do Beato Padre Eust\u00e1quio. A se\u00e7\u00e3o de abertura, que marca o in\u00edcio das oficinas, ser\u00e1 realizada ter\u00e7a-feira, 7 de fevereiro, em dois hor\u00e1rios, \u00e0s 15h e \u00e0s 19h30.","og_url":"https:\/\/www.padreeustaquio.com.br\/es\/se-vuelven-a-realizar-talleres-de-oracion-y-vida-en-el-santuario\/","og_site_name":"Padre Eust\u00e1quio","article_publisher":"https:\/\/www.facebook.com\/beatopadreeustaquio\/","article_published_time":"2023-01-26T08:59:00+00:00","article_modified_time":"2023-01-30T11:09:35+00:00","og_image":[{"width":1034,"height":580,"url":"https:\/\/www.padreeustaquio.com.br\/wp-content\/uploads\/2023\/01\/oficinas-ok.png","type":"image\/png"}],"author":"@sscc","twitter_card":"summary_large_image","twitter_creator":"@beatopeustaquio","twitter_site":"@beatopeustaquio","twitter_misc":{"Escrito por":"@sscc","Tiempo de lectura":"1 minuto"},"schema":{"@context":"https:\/\/schema.org","@graph":[{"@type":"Article","@id":"https:\/\/www.padreeustaquio.com.br\/oficinas-de-oracao-e-vida-voltam-a-ser-realizadas-no-santuario\/#article","isPartOf":{"@id":"https:\/\/www.padreeustaquio.com.br\/oficinas-de-oracao-e-vida-voltam-a-ser-realizadas-no-santuario\/"},"author":{"name":"@sscc","@id":"https:\/\/www.padreeustaquio.com.br\/#\/schema\/person\/a2a51db1d00f1a7af0204a0f1ddb1566"},"headline":"Oficinas de Ora\u00e7\u00e3o e Vida voltam a ser realizadas no Santu\u00e1rio","datePublished":"2023-01-26T08:59:00+00:00","dateModified":"2023-01-30T11:09:35+00:00","mainEntityOfPage":{"@id":"https:\/\/www.padreeustaquio.com.br\/oficinas-de-oracao-e-vida-voltam-a-ser-realizadas-no-santuario\/"},"wordCount":200,"commentCount":0,"publisher":{"@id":"https:\/\/www.padreeustaquio.com.br\/#organization"},"image":{"@id":"https:\/\/www.padreeustaquio.com.br\/oficinas-de-oracao-e-vida-voltam-a-ser-realizadas-no-santuario\/#primaryimage"},"thumbnailUrl":"https:\/\/www.padreeustaquio.com.br\/wp-content\/uploads\/2023\/01\/oficinas-ok.png","articleSection":["Not\u00edcias"],"inLanguage":"es","potentialAction":[{"@type":"CommentAction","name":"Comment","target":["https:\/\/www.padreeustaquio.com.br\/oficinas-de-oracao-e-vida-voltam-a-ser-realizadas-no-santuario\/#respond"]}]},{"@type":"WebPage","@id":"https:\/\/www.padreeustaquio.com.br\/oficinas-de-oracao-e-vida-voltam-a-ser-realizadas-no-santuario\/","url":"https:\/\/www.padreeustaquio.com.br\/oficinas-de-oracao-e-vida-voltam-a-ser-realizadas-no-santuario\/","name":"Se vuelven a realizar Talleres de Oraci\u00f3n y Vida en el Santuario.","isPartOf":{"@id":"https:\/\/www.padreeustaquio.com.br\/#website"},"primaryImageOfPage":{"@id":"https:\/\/www.padreeustaquio.com.br\/oficinas-de-oracao-e-vida-voltam-a-ser-realizadas-no-santuario\/#primaryimage"},"image":{"@id":"https:\/\/www.padreeustaquio.com.br\/oficinas-de-oracao-e-vida-voltam-a-ser-realizadas-no-santuario\/#primaryimage"},"thumbnailUrl":"https:\/\/www.padreeustaquio.com.br\/wp-content\/uploads\/2023\/01\/oficinas-ok.png","datePublished":"2023-01-26T08:59:00+00:00","dateModified":"2023-01-30T11:09:35+00:00","description":"En febrero, los Talleres de Oraci\u00f3n y Vida se reanudar\u00e1n en el Santuario de Salud y Paz, Iglesia del Beato Padre Eustaquio. La sesi\u00f3n inaugural, que marca el inicio de los talleres, se llevar\u00e1 a cabo el martes 7 de febrero, en dos horarios: a las 15:00 y a las 19:30.","breadcrumb":{"@id":"https:\/\/www.padreeustaquio.com.br\/oficinas-de-oracao-e-vida-voltam-a-ser-realizadas-no-santuario\/#breadcrumb"},"inLanguage":"es","potentialAction":[{"@type":"ReadAction","target":["https:\/\/www.padreeustaquio.com.br\/oficinas-de-oracao-e-vida-voltam-a-ser-realizadas-no-santuario\/"]}]},{"@type":"ImageObject","inLanguage":"es","@id":"https:\/\/www.padreeustaquio.com.br\/oficinas-de-oracao-e-vida-voltam-a-ser-realizadas-no-santuario\/#primaryimage","url":"https:\/\/www.padreeustaquio.com.br\/wp-content\/uploads\/2023\/01\/oficinas-ok.png","contentUrl":"https:\/\/www.padreeustaquio.com.br\/wp-content\/uploads\/2023\/01\/oficinas-ok.png","width":1034,"height":580},{"@type":"BreadcrumbList","@id":"https:\/\/www.padreeustaquio.com.br\/oficinas-de-oracao-e-vida-voltam-a-ser-realizadas-no-santuario\/#breadcrumb","itemListElement":[{"@type":"ListItem","position":1,"name":"In\u00edcio","item":"https:\/\/www.padreeustaquio.com.br\/"},{"@type":"ListItem","position":2,"name":"Oficinas de Ora\u00e7\u00e3o e Vida voltam a ser realizadas no Santu\u00e1rio"}]},{"@type":"WebSite","@id":"https:\/\/www.padreeustaquio.com.br\/#website","url":"https:\/\/www.padreeustaquio.com.br\/","name":"Padre Eustace","description":"Salud y Paz","publisher":{"@id":"https:\/\/www.padreeustaquio.com.br\/#organization"},"potentialAction":[{"@type":"SearchAction","target":{"@type":"EntryPoint","urlTemplate":"https:\/\/www.padreeustaquio.com.br\/?s={search_term_string}"},"query-input":{"@type":"PropertyValueSpecification","valueRequired":true,"valueName":"search_term_string"}}],"inLanguage":"es"},{"@type":"Organization","@id":"https:\/\/www.padreeustaquio.com.br\/#organization","name":"Padre Eustace","url":"https:\/\/www.padreeustaquio.com.br\/","logo":{"@type":"ImageObject","inLanguage":"es","@id":"https:\/\/www.padreeustaquio.com.br\/#\/schema\/logo\/image\/","url":"https:\/\/www.padreeustaquio.com.br\/wp-content\/uploads\/2019\/08\/marca.png","contentUrl":"https:\/\/www.padreeustaquio.com.br\/wp-content\/uploads\/2019\/08\/marca.png","width":350,"height":400,"caption":"Padre Eust\u00e1quio"},"image":{"@id":"https:\/\/www.padreeustaquio.com.br\/#\/schema\/logo\/image\/"},"sameAs":["https:\/\/www.facebook.com\/beatopadreeustaquio\/","https:\/\/x.com\/beatopeustaquio","https:\/\/www.instagram.com\/beatopadreeustaquio\/","https:\/\/www.youtube.com\/channel\/UCRhw7vfabnajwLxb1ZXMeIw"]},{"@type":"Person","@id":"https:\/\/www.padreeustaquio.com.br\/#\/schema\/person\/a2a51db1d00f1a7af0204a0f1ddb1566","name":"@sscc","image":{"@type":"ImageObject","inLanguage":"es","@id":"https:\/\/secure.gravatar.com\/avatar\/68cfafa5f44617fea54071e215026e0ff06be366c3d54a8425f04fdcb86f8c5f?s=96&d=mm&r=g","url":"https:\/\/secure.gravatar.com\/avatar\/68cfafa5f44617fea54071e215026e0ff06be366c3d54a8425f04fdcb86f8c5f?s=96&d=mm&r=g","contentUrl":"https:\/\/secure.gravatar.com\/avatar\/68cfafa5f44617fea54071e215026e0ff06be366c3d54a8425f04fdcb86f8c5f?s=96&d=mm&r=g","caption":"@sscc"},"url":"https:\/\/www.padreeustaquio.com.br\/es\/author\/sscc\/"}]}},"_links":{"self":[{"href":"https:\/\/www.padreeustaquio.com.br\/es\/wp-json\/wp\/v2\/posts\/9826","targetHints":{"allow":["GET"]}}],"collection":[{"href":"https:\/\/www.padreeustaquio.com.br\/es\/wp-json\/wp\/v2\/posts"}],"about":[{"href":"https:\/\/www.padreeustaquio.com.br\/es\/wp-json\/wp\/v2\/types\/post"}],"author":[{"embeddable":true,"href":"https:\/\/www.padreeustaquio.com.br\/es\/wp-json\/wp\/v2\/users\/2"}],"replies":[{"embeddable":true,"href":"https:\/\/www.padreeustaquio.com.br\/es\/wp-json\/wp\/v2\/comments?post=9826"}],"version-history":[{"count":0,"href":"https:\/\/www.padreeustaquio.com.br\/es\/wp-json\/wp\/v2\/posts\/9826\/revisions"}],"wp:featuredmedia":[{"embeddable":true,"href":"https:\/\/www.padreeustaquio.com.br\/es\/wp-json\/wp\/v2\/media\/9866"}],"wp:attachment":[{"href":"https:\/\/www.padreeustaquio.com.br\/es\/wp-json\/wp\/v2\/media?parent=9826"}],"wp:term":[{"taxonomy":"category","embeddable":true,"href":"https:\/\/www.padreeustaquio.com.br\/es\/wp-json\/wp\/v2\/categories?post=9826"},{"taxonomy":"post_tag","embeddable":true,"href":"https:\/\/www.padreeustaquio.com.br\/es\/wp-json\/wp\/v2\/tags?post=9826"}],"curies":[{"name":"wp","href":"https:\/\/api.w.org\/{rel}","templated":true}]}}