{"id":9820,"date":"2023-01-25T06:54:00","date_gmt":"2023-01-25T09:54:00","guid":{"rendered":"https:\/\/www.padreeustaquio.com.br\/?p=9820"},"modified":"2023-01-23T08:19:39","modified_gmt":"2023-01-23T11:19:39","slug":"hermanos-de-los-sagrados-corazones-participan-en-el-trabajo-misionero-en-la-diocesis-de-aracuai-mg","status":"publish","type":"post","link":"https:\/\/www.padreeustaquio.com.br\/es\/hermanos-de-los-sagrados-corazones-participan-en-el-trabajo-misionero-en-la-diocesis-de-aracuai-mg\/","title":{"rendered":"Hermanos de los Sagrados Corazones participan de la Acci\u00f3n Misionera en la Di\u00f3cesis de Ara\u00e7ua\u00ed-MG"},"content":{"rendered":"<p>Algunos hermanos, entre ellos sacerdotes, di\u00e1conos y postulantes, se encuentran en misi\u00f3n en la di\u00f3cesis de Ara\u00e7ua\u00ed, en el Valle de Jequitinhonha, Minas Gerais. La misi\u00f3n comenz\u00f3 el fin de semana pasado y continuar\u00e1 hasta el pr\u00f3ximo s\u00e1bado 28 de enero.<\/p>\n\n\n<div class=\"wp-block-image\">\n<figure class=\"alignleft size-medium is-resized\"><img fetchpriority=\"high\" decoding=\"async\" src=\"https:\/\/www.padreeustaquio.com.br\/wp-content\/uploads\/2023\/01\/Missionarios-chegam-Aracuai-300x255.jpeg\" alt=\"\" class=\"wp-image-9822\" width=\"344\" height=\"292\" srcset=\"https:\/\/www.padreeustaquio.com.br\/wp-content\/uploads\/2023\/01\/Missionarios-chegam-Aracuai-300x255.jpeg 300w, https:\/\/www.padreeustaquio.com.br\/wp-content\/uploads\/2023\/01\/Missionarios-chegam-Aracuai-768x652.jpeg 768w, https:\/\/www.padreeustaquio.com.br\/wp-content\/uploads\/2023\/01\/Missionarios-chegam-Aracuai.jpeg 1024w\" sizes=\"(max-width: 344px) 100vw, 344px\" \/><figcaption class=\"wp-element-caption\">Una pancarta da la bienvenida a los participantes a su llegada a las Misiones.<\/figcaption><\/figure>\n<\/div>\n\n\n<p>Para participar de la Acci\u00f3n Misionera en una de las regiones pastorales de la di\u00f3cesis, miembros de la Congregaci\u00f3n de los Sagrados Corazones, procedentes de diversas partes del pa\u00eds, se reunieron durante el fin de semana en Belo Horizonte, rumbo a la regi\u00f3n del Valle de Jequitinhonha. Los misioneros trabajar\u00e1n en las ciudades de Pedra Azul, \u00c1guas Vermelhas, Cachoeira de Paje\u00fa, Curral de Dentro y Divisa Alegre.<\/p>\n\n\n\n<p>Antes de partir en misi\u00f3n a las comunidades de las parroquias de estas ciudades, los misioneros se reunieron para recibir instrucciones y el programa de sus visitas domiciliarias. Se alojar\u00e1n en casas de familias de las comunidades que visiten. Catequesis, oraciones, misas, celebraci\u00f3n de la Palabra, adoraci\u00f3n y meditaci\u00f3n del Santo Rosario son algunas de las actividades realizadas durante estos d\u00edas.<\/p>\n\n\n\n<p>Actualmente, tres sacerdotes y dos monjas de la Congregaci\u00f3n residen en la regi\u00f3n (Pedra Azul y Divisa Alegre) y realizan labores misioneras constantes en parroquias de estas dos ciudades. Ahora, unidos a otros hermanos y hermanas, ir\u00e1n a otras comunidades para llevar la Palabra de Dios.<\/p>\n\n\n\n<p> <\/p>","protected":false},"excerpt":{"rendered":"<p>Alguns irm\u00e3os entre padres, di\u00e1cono e postulantes est\u00e3o em miss\u00e3o na diocese de Ara\u00e7ua\u00ed, no Vale do Jequitinhonha, Minas Gerais. A a\u00e7\u00e3o come\u00e7ou no \u00faltimo final de semana e vai at\u00e9 o pr\u00f3ximo s\u00e1bado, dia 28 de janeiro. Para participar da A\u00e7\u00e3o Mission\u00e1ria em uma das regi\u00f5es pastorais da diocese, os membros da Congrega\u00e7\u00e3o dos Sagrados Cora\u00e7\u00f5es, vindos de v\u00e1rias partes do pa\u00eds, se reuniram no fim de semana em Belo Horizonte com destino \u00e0 regi\u00e3o do Vale do Jequitinhonha. Os mission\u00e1rios ir\u00e3o atuar nas cidades de Pedra Azul, \u00c1guas Vermelhas, Cachoeira de Paje\u00fa, Curral de Dentro e Divisa Alegre. [&hellip;]<\/p>\n","protected":false},"author":2,"featured_media":9821,"comment_status":"open","ping_status":"closed","sticky":false,"template":"","format":"standard","meta":{"_acf_changed":false,"footnotes":""},"categories":[611],"tags":[],"class_list":["post-9820","post","type-post","status-publish","format-standard","has-post-thumbnail","hentry","category-noticias"],"acf":[],"yoast_head":"<!-- This site is optimized with the Yoast SEO plugin v27.2 - https:\/\/yoast.com\/product\/yoast-seo-wordpress\/ -->\n<title>Irm\u00e3os dos Sagrados Cora\u00e7\u00f5es participam de A\u00e7\u00e3o Mission\u00e1ria na Diocese de Ara\u00e7ua\u00ed-MG - Padre Eust\u00e1quio<\/title>\n<meta name=\"robots\" content=\"index, follow, max-snippet:-1, max-image-preview:large, max-video-preview:-1\" \/>\n<link rel=\"canonical\" href=\"https:\/\/www.padreeustaquio.com.br\/es\/hermanos-de-los-sagrados-corazones-participan-en-el-trabajo-misionero-en-la-diocesis-de-aracuai-mg\/\" \/>\n<meta property=\"og:locale\" content=\"es_ES\" \/>\n<meta property=\"og:type\" content=\"article\" \/>\n<meta property=\"og:title\" content=\"Irm\u00e3os dos Sagrados Cora\u00e7\u00f5es participam de A\u00e7\u00e3o Mission\u00e1ria na Diocese de Ara\u00e7ua\u00ed-MG - Padre Eust\u00e1quio\" \/>\n<meta property=\"og:description\" content=\"Alguns irm\u00e3os entre padres, di\u00e1cono e postulantes est\u00e3o em miss\u00e3o na diocese de Ara\u00e7ua\u00ed, no Vale do Jequitinhonha, Minas Gerais. A a\u00e7\u00e3o come\u00e7ou no \u00faltimo final de semana e vai at\u00e9 o pr\u00f3ximo s\u00e1bado, dia 28 de janeiro. Para participar da A\u00e7\u00e3o Mission\u00e1ria em uma das regi\u00f5es pastorais da diocese, os membros da Congrega\u00e7\u00e3o dos Sagrados Cora\u00e7\u00f5es, vindos de v\u00e1rias partes do pa\u00eds, se reuniram no fim de semana em Belo Horizonte com destino \u00e0 regi\u00e3o do Vale do Jequitinhonha. Os mission\u00e1rios ir\u00e3o atuar nas cidades de Pedra Azul, \u00c1guas Vermelhas, Cachoeira de Paje\u00fa, Curral de Dentro e Divisa Alegre. [&hellip;]\" \/>\n<meta property=\"og:url\" content=\"https:\/\/www.padreeustaquio.com.br\/es\/hermanos-de-los-sagrados-corazones-participan-en-el-trabajo-misionero-en-la-diocesis-de-aracuai-mg\/\" \/>\n<meta property=\"og:site_name\" content=\"Padre Eust\u00e1quio\" \/>\n<meta property=\"article:publisher\" content=\"https:\/\/www.facebook.com\/beatopadreeustaquio\/\" \/>\n<meta property=\"article:published_time\" content=\"2023-01-25T09:54:00+00:00\" \/>\n<meta property=\"og:image\" content=\"https:\/\/www.padreeustaquio.com.br\/wp-content\/uploads\/2023\/01\/Missionarios-em-Aracuai.jpeg\" \/>\n\t<meta property=\"og:image:width\" content=\"1024\" \/>\n\t<meta property=\"og:image:height\" content=\"456\" \/>\n\t<meta property=\"og:image:type\" content=\"image\/jpeg\" \/>\n<meta name=\"author\" content=\"@sscc\" \/>\n<meta name=\"twitter:card\" content=\"summary_large_image\" \/>\n<meta name=\"twitter:creator\" content=\"@beatopeustaquio\" \/>\n<meta name=\"twitter:site\" content=\"@beatopeustaquio\" \/>\n<meta name=\"twitter:label1\" content=\"Escrito por\" \/>\n\t<meta name=\"twitter:data1\" content=\"@sscc\" \/>\n\t<meta name=\"twitter:label2\" content=\"Tiempo de lectura\" \/>\n\t<meta name=\"twitter:data2\" content=\"2 minutos\" \/>\n<script type=\"application\/ld+json\" class=\"yoast-schema-graph\">{\"@context\":\"https:\/\/schema.org\",\"@graph\":[{\"@type\":\"Article\",\"@id\":\"https:\/\/www.padreeustaquio.com.br\/irmaos-dos-sagrados-coracoes-participam-de-acao-missionaria-na-diocese-de-aracuai-mg\/#article\",\"isPartOf\":{\"@id\":\"https:\/\/www.padreeustaquio.com.br\/irmaos-dos-sagrados-coracoes-participam-de-acao-missionaria-na-diocese-de-aracuai-mg\/\"},\"author\":{\"name\":\"@sscc\",\"@id\":\"https:\/\/www.padreeustaquio.com.br\/#\/schema\/person\/a2a51db1d00f1a7af0204a0f1ddb1566\"},\"headline\":\"Irm\u00e3os dos Sagrados Cora\u00e7\u00f5es participam de A\u00e7\u00e3o Mission\u00e1ria na Diocese de Ara\u00e7ua\u00ed-MG\",\"datePublished\":\"2023-01-25T09:54:00+00:00\",\"mainEntityOfPage\":{\"@id\":\"https:\/\/www.padreeustaquio.com.br\/irmaos-dos-sagrados-coracoes-participam-de-acao-missionaria-na-diocese-de-aracuai-mg\/\"},\"wordCount\":271,\"commentCount\":0,\"publisher\":{\"@id\":\"https:\/\/www.padreeustaquio.com.br\/#organization\"},\"image\":{\"@id\":\"https:\/\/www.padreeustaquio.com.br\/irmaos-dos-sagrados-coracoes-participam-de-acao-missionaria-na-diocese-de-aracuai-mg\/#primaryimage\"},\"thumbnailUrl\":\"https:\/\/www.padreeustaquio.com.br\/wp-content\/uploads\/2023\/01\/Missionarios-em-Aracuai.jpeg\",\"articleSection\":[\"Not\u00edcias\"],\"inLanguage\":\"es\",\"potentialAction\":[{\"@type\":\"CommentAction\",\"name\":\"Comment\",\"target\":[\"https:\/\/www.padreeustaquio.com.br\/irmaos-dos-sagrados-coracoes-participam-de-acao-missionaria-na-diocese-de-aracuai-mg\/#respond\"]}]},{\"@type\":\"WebPage\",\"@id\":\"https:\/\/www.padreeustaquio.com.br\/irmaos-dos-sagrados-coracoes-participam-de-acao-missionaria-na-diocese-de-aracuai-mg\/\",\"url\":\"https:\/\/www.padreeustaquio.com.br\/irmaos-dos-sagrados-coracoes-participam-de-acao-missionaria-na-diocese-de-aracuai-mg\/\",\"name\":\"Irm\u00e3os dos Sagrados Cora\u00e7\u00f5es participam de A\u00e7\u00e3o Mission\u00e1ria na Diocese de Ara\u00e7ua\u00ed-MG - Padre Eust\u00e1quio\",\"isPartOf\":{\"@id\":\"https:\/\/www.padreeustaquio.com.br\/#website\"},\"primaryImageOfPage\":{\"@id\":\"https:\/\/www.padreeustaquio.com.br\/irmaos-dos-sagrados-coracoes-participam-de-acao-missionaria-na-diocese-de-aracuai-mg\/#primaryimage\"},\"image\":{\"@id\":\"https:\/\/www.padreeustaquio.com.br\/irmaos-dos-sagrados-coracoes-participam-de-acao-missionaria-na-diocese-de-aracuai-mg\/#primaryimage\"},\"thumbnailUrl\":\"https:\/\/www.padreeustaquio.com.br\/wp-content\/uploads\/2023\/01\/Missionarios-em-Aracuai.jpeg\",\"datePublished\":\"2023-01-25T09:54:00+00:00\",\"breadcrumb\":{\"@id\":\"https:\/\/www.padreeustaquio.com.br\/irmaos-dos-sagrados-coracoes-participam-de-acao-missionaria-na-diocese-de-aracuai-mg\/#breadcrumb\"},\"inLanguage\":\"es\",\"potentialAction\":[{\"@type\":\"ReadAction\",\"target\":[\"https:\/\/www.padreeustaquio.com.br\/irmaos-dos-sagrados-coracoes-participam-de-acao-missionaria-na-diocese-de-aracuai-mg\/\"]}]},{\"@type\":\"ImageObject\",\"inLanguage\":\"es\",\"@id\":\"https:\/\/www.padreeustaquio.com.br\/irmaos-dos-sagrados-coracoes-participam-de-acao-missionaria-na-diocese-de-aracuai-mg\/#primaryimage\",\"url\":\"https:\/\/www.padreeustaquio.com.br\/wp-content\/uploads\/2023\/01\/Missionarios-em-Aracuai.jpeg\",\"contentUrl\":\"https:\/\/www.padreeustaquio.com.br\/wp-content\/uploads\/2023\/01\/Missionarios-em-Aracuai.jpeg\",\"width\":1024,\"height\":456},{\"@type\":\"BreadcrumbList\",\"@id\":\"https:\/\/www.padreeustaquio.com.br\/irmaos-dos-sagrados-coracoes-participam-de-acao-missionaria-na-diocese-de-aracuai-mg\/#breadcrumb\",\"itemListElement\":[{\"@type\":\"ListItem\",\"position\":1,\"name\":\"In\u00edcio\",\"item\":\"https:\/\/www.padreeustaquio.com.br\/\"},{\"@type\":\"ListItem\",\"position\":2,\"name\":\"Irm\u00e3os dos Sagrados Cora\u00e7\u00f5es participam de A\u00e7\u00e3o Mission\u00e1ria na Diocese de Ara\u00e7ua\u00ed-MG\"}]},{\"@type\":\"WebSite\",\"@id\":\"https:\/\/www.padreeustaquio.com.br\/#website\",\"url\":\"https:\/\/www.padreeustaquio.com.br\/\",\"name\":\"Padre Eust\u00e1quio\",\"description\":\"Sa\u00fade e Paz\",\"publisher\":{\"@id\":\"https:\/\/www.padreeustaquio.com.br\/#organization\"},\"potentialAction\":[{\"@type\":\"SearchAction\",\"target\":{\"@type\":\"EntryPoint\",\"urlTemplate\":\"https:\/\/www.padreeustaquio.com.br\/?s={search_term_string}\"},\"query-input\":{\"@type\":\"PropertyValueSpecification\",\"valueRequired\":true,\"valueName\":\"search_term_string\"}}],\"inLanguage\":\"es\"},{\"@type\":\"Organization\",\"@id\":\"https:\/\/www.padreeustaquio.com.br\/#organization\",\"name\":\"Padre Eust\u00e1quio\",\"url\":\"https:\/\/www.padreeustaquio.com.br\/\",\"logo\":{\"@type\":\"ImageObject\",\"inLanguage\":\"es\",\"@id\":\"https:\/\/www.padreeustaquio.com.br\/#\/schema\/logo\/image\/\",\"url\":\"https:\/\/www.padreeustaquio.com.br\/wp-content\/uploads\/2019\/08\/marca.png\",\"contentUrl\":\"https:\/\/www.padreeustaquio.com.br\/wp-content\/uploads\/2019\/08\/marca.png\",\"width\":350,\"height\":400,\"caption\":\"Padre Eust\u00e1quio\"},\"image\":{\"@id\":\"https:\/\/www.padreeustaquio.com.br\/#\/schema\/logo\/image\/\"},\"sameAs\":[\"https:\/\/www.facebook.com\/beatopadreeustaquio\/\",\"https:\/\/x.com\/beatopeustaquio\",\"https:\/\/www.instagram.com\/beatopadreeustaquio\/\",\"https:\/\/www.youtube.com\/channel\/UCRhw7vfabnajwLxb1ZXMeIw\"]},{\"@type\":\"Person\",\"@id\":\"https:\/\/www.padreeustaquio.com.br\/#\/schema\/person\/a2a51db1d00f1a7af0204a0f1ddb1566\",\"name\":\"@sscc\",\"image\":{\"@type\":\"ImageObject\",\"inLanguage\":\"es\",\"@id\":\"https:\/\/secure.gravatar.com\/avatar\/68cfafa5f44617fea54071e215026e0ff06be366c3d54a8425f04fdcb86f8c5f?s=96&d=mm&r=g\",\"url\":\"https:\/\/secure.gravatar.com\/avatar\/68cfafa5f44617fea54071e215026e0ff06be366c3d54a8425f04fdcb86f8c5f?s=96&d=mm&r=g\",\"contentUrl\":\"https:\/\/secure.gravatar.com\/avatar\/68cfafa5f44617fea54071e215026e0ff06be366c3d54a8425f04fdcb86f8c5f?s=96&d=mm&r=g\",\"caption\":\"@sscc\"},\"url\":\"https:\/\/www.padreeustaquio.com.br\/es\/author\/sscc\/\"}]}<\/script>\n<!-- \/ Yoast SEO plugin. -->","yoast_head_json":{"title":"Hermanos de los Sagrados Corazones participan de la Acci\u00f3n Misionera en la Di\u00f3cesis de Ara\u00e7ua\u00ed-MG - Padre Eust\u00e1quio","robots":{"index":"index","follow":"follow","max-snippet":"max-snippet:-1","max-image-preview":"max-image-preview:large","max-video-preview":"max-video-preview:-1"},"canonical":"https:\/\/www.padreeustaquio.com.br\/es\/hermanos-de-los-sagrados-corazones-participan-en-el-trabajo-misionero-en-la-diocesis-de-aracuai-mg\/","og_locale":"es_ES","og_type":"article","og_title":"Irm\u00e3os dos Sagrados Cora\u00e7\u00f5es participam de A\u00e7\u00e3o Mission\u00e1ria na Diocese de Ara\u00e7ua\u00ed-MG - Padre Eust\u00e1quio","og_description":"Alguns irm\u00e3os entre padres, di\u00e1cono e postulantes est\u00e3o em miss\u00e3o na diocese de Ara\u00e7ua\u00ed, no Vale do Jequitinhonha, Minas Gerais. A a\u00e7\u00e3o come\u00e7ou no \u00faltimo final de semana e vai at\u00e9 o pr\u00f3ximo s\u00e1bado, dia 28 de janeiro. Para participar da A\u00e7\u00e3o Mission\u00e1ria em uma das regi\u00f5es pastorais da diocese, os membros da Congrega\u00e7\u00e3o dos Sagrados Cora\u00e7\u00f5es, vindos de v\u00e1rias partes do pa\u00eds, se reuniram no fim de semana em Belo Horizonte com destino \u00e0 regi\u00e3o do Vale do Jequitinhonha. Os mission\u00e1rios ir\u00e3o atuar nas cidades de Pedra Azul, \u00c1guas Vermelhas, Cachoeira de Paje\u00fa, Curral de Dentro e Divisa Alegre. [&hellip;]","og_url":"https:\/\/www.padreeustaquio.com.br\/es\/hermanos-de-los-sagrados-corazones-participan-en-el-trabajo-misionero-en-la-diocesis-de-aracuai-mg\/","og_site_name":"Padre Eust\u00e1quio","article_publisher":"https:\/\/www.facebook.com\/beatopadreeustaquio\/","article_published_time":"2023-01-25T09:54:00+00:00","og_image":[{"width":1024,"height":456,"url":"https:\/\/www.padreeustaquio.com.br\/wp-content\/uploads\/2023\/01\/Missionarios-em-Aracuai.jpeg","type":"image\/jpeg"}],"author":"@sscc","twitter_card":"summary_large_image","twitter_creator":"@beatopeustaquio","twitter_site":"@beatopeustaquio","twitter_misc":{"Escrito por":"@sscc","Tiempo de lectura":"2 minutos"},"schema":{"@context":"https:\/\/schema.org","@graph":[{"@type":"Article","@id":"https:\/\/www.padreeustaquio.com.br\/irmaos-dos-sagrados-coracoes-participam-de-acao-missionaria-na-diocese-de-aracuai-mg\/#article","isPartOf":{"@id":"https:\/\/www.padreeustaquio.com.br\/irmaos-dos-sagrados-coracoes-participam-de-acao-missionaria-na-diocese-de-aracuai-mg\/"},"author":{"name":"@sscc","@id":"https:\/\/www.padreeustaquio.com.br\/#\/schema\/person\/a2a51db1d00f1a7af0204a0f1ddb1566"},"headline":"Irm\u00e3os dos Sagrados Cora\u00e7\u00f5es participam de A\u00e7\u00e3o Mission\u00e1ria na Diocese de Ara\u00e7ua\u00ed-MG","datePublished":"2023-01-25T09:54:00+00:00","mainEntityOfPage":{"@id":"https:\/\/www.padreeustaquio.com.br\/irmaos-dos-sagrados-coracoes-participam-de-acao-missionaria-na-diocese-de-aracuai-mg\/"},"wordCount":271,"commentCount":0,"publisher":{"@id":"https:\/\/www.padreeustaquio.com.br\/#organization"},"image":{"@id":"https:\/\/www.padreeustaquio.com.br\/irmaos-dos-sagrados-coracoes-participam-de-acao-missionaria-na-diocese-de-aracuai-mg\/#primaryimage"},"thumbnailUrl":"https:\/\/www.padreeustaquio.com.br\/wp-content\/uploads\/2023\/01\/Missionarios-em-Aracuai.jpeg","articleSection":["Not\u00edcias"],"inLanguage":"es","potentialAction":[{"@type":"CommentAction","name":"Comment","target":["https:\/\/www.padreeustaquio.com.br\/irmaos-dos-sagrados-coracoes-participam-de-acao-missionaria-na-diocese-de-aracuai-mg\/#respond"]}]},{"@type":"WebPage","@id":"https:\/\/www.padreeustaquio.com.br\/irmaos-dos-sagrados-coracoes-participam-de-acao-missionaria-na-diocese-de-aracuai-mg\/","url":"https:\/\/www.padreeustaquio.com.br\/irmaos-dos-sagrados-coracoes-participam-de-acao-missionaria-na-diocese-de-aracuai-mg\/","name":"Hermanos de los Sagrados Corazones participan de la Acci\u00f3n Misionera en la Di\u00f3cesis de Ara\u00e7ua\u00ed-MG - Padre Eust\u00e1quio","isPartOf":{"@id":"https:\/\/www.padreeustaquio.com.br\/#website"},"primaryImageOfPage":{"@id":"https:\/\/www.padreeustaquio.com.br\/irmaos-dos-sagrados-coracoes-participam-de-acao-missionaria-na-diocese-de-aracuai-mg\/#primaryimage"},"image":{"@id":"https:\/\/www.padreeustaquio.com.br\/irmaos-dos-sagrados-coracoes-participam-de-acao-missionaria-na-diocese-de-aracuai-mg\/#primaryimage"},"thumbnailUrl":"https:\/\/www.padreeustaquio.com.br\/wp-content\/uploads\/2023\/01\/Missionarios-em-Aracuai.jpeg","datePublished":"2023-01-25T09:54:00+00:00","breadcrumb":{"@id":"https:\/\/www.padreeustaquio.com.br\/irmaos-dos-sagrados-coracoes-participam-de-acao-missionaria-na-diocese-de-aracuai-mg\/#breadcrumb"},"inLanguage":"es","potentialAction":[{"@type":"ReadAction","target":["https:\/\/www.padreeustaquio.com.br\/irmaos-dos-sagrados-coracoes-participam-de-acao-missionaria-na-diocese-de-aracuai-mg\/"]}]},{"@type":"ImageObject","inLanguage":"es","@id":"https:\/\/www.padreeustaquio.com.br\/irmaos-dos-sagrados-coracoes-participam-de-acao-missionaria-na-diocese-de-aracuai-mg\/#primaryimage","url":"https:\/\/www.padreeustaquio.com.br\/wp-content\/uploads\/2023\/01\/Missionarios-em-Aracuai.jpeg","contentUrl":"https:\/\/www.padreeustaquio.com.br\/wp-content\/uploads\/2023\/01\/Missionarios-em-Aracuai.jpeg","width":1024,"height":456},{"@type":"BreadcrumbList","@id":"https:\/\/www.padreeustaquio.com.br\/irmaos-dos-sagrados-coracoes-participam-de-acao-missionaria-na-diocese-de-aracuai-mg\/#breadcrumb","itemListElement":[{"@type":"ListItem","position":1,"name":"In\u00edcio","item":"https:\/\/www.padreeustaquio.com.br\/"},{"@type":"ListItem","position":2,"name":"Irm\u00e3os dos Sagrados Cora\u00e7\u00f5es participam de A\u00e7\u00e3o Mission\u00e1ria na Diocese de Ara\u00e7ua\u00ed-MG"}]},{"@type":"WebSite","@id":"https:\/\/www.padreeustaquio.com.br\/#website","url":"https:\/\/www.padreeustaquio.com.br\/","name":"Padre Eustace","description":"Salud y Paz","publisher":{"@id":"https:\/\/www.padreeustaquio.com.br\/#organization"},"potentialAction":[{"@type":"SearchAction","target":{"@type":"EntryPoint","urlTemplate":"https:\/\/www.padreeustaquio.com.br\/?s={search_term_string}"},"query-input":{"@type":"PropertyValueSpecification","valueRequired":true,"valueName":"search_term_string"}}],"inLanguage":"es"},{"@type":"Organization","@id":"https:\/\/www.padreeustaquio.com.br\/#organization","name":"Padre Eustace","url":"https:\/\/www.padreeustaquio.com.br\/","logo":{"@type":"ImageObject","inLanguage":"es","@id":"https:\/\/www.padreeustaquio.com.br\/#\/schema\/logo\/image\/","url":"https:\/\/www.padreeustaquio.com.br\/wp-content\/uploads\/2019\/08\/marca.png","contentUrl":"https:\/\/www.padreeustaquio.com.br\/wp-content\/uploads\/2019\/08\/marca.png","width":350,"height":400,"caption":"Padre Eust\u00e1quio"},"image":{"@id":"https:\/\/www.padreeustaquio.com.br\/#\/schema\/logo\/image\/"},"sameAs":["https:\/\/www.facebook.com\/beatopadreeustaquio\/","https:\/\/x.com\/beatopeustaquio","https:\/\/www.instagram.com\/beatopadreeustaquio\/","https:\/\/www.youtube.com\/channel\/UCRhw7vfabnajwLxb1ZXMeIw"]},{"@type":"Person","@id":"https:\/\/www.padreeustaquio.com.br\/#\/schema\/person\/a2a51db1d00f1a7af0204a0f1ddb1566","name":"@sscc","image":{"@type":"ImageObject","inLanguage":"es","@id":"https:\/\/secure.gravatar.com\/avatar\/68cfafa5f44617fea54071e215026e0ff06be366c3d54a8425f04fdcb86f8c5f?s=96&d=mm&r=g","url":"https:\/\/secure.gravatar.com\/avatar\/68cfafa5f44617fea54071e215026e0ff06be366c3d54a8425f04fdcb86f8c5f?s=96&d=mm&r=g","contentUrl":"https:\/\/secure.gravatar.com\/avatar\/68cfafa5f44617fea54071e215026e0ff06be366c3d54a8425f04fdcb86f8c5f?s=96&d=mm&r=g","caption":"@sscc"},"url":"https:\/\/www.padreeustaquio.com.br\/es\/author\/sscc\/"}]}},"_links":{"self":[{"href":"https:\/\/www.padreeustaquio.com.br\/es\/wp-json\/wp\/v2\/posts\/9820","targetHints":{"allow":["GET"]}}],"collection":[{"href":"https:\/\/www.padreeustaquio.com.br\/es\/wp-json\/wp\/v2\/posts"}],"about":[{"href":"https:\/\/www.padreeustaquio.com.br\/es\/wp-json\/wp\/v2\/types\/post"}],"author":[{"embeddable":true,"href":"https:\/\/www.padreeustaquio.com.br\/es\/wp-json\/wp\/v2\/users\/2"}],"replies":[{"embeddable":true,"href":"https:\/\/www.padreeustaquio.com.br\/es\/wp-json\/wp\/v2\/comments?post=9820"}],"version-history":[{"count":0,"href":"https:\/\/www.padreeustaquio.com.br\/es\/wp-json\/wp\/v2\/posts\/9820\/revisions"}],"wp:featuredmedia":[{"embeddable":true,"href":"https:\/\/www.padreeustaquio.com.br\/es\/wp-json\/wp\/v2\/media\/9821"}],"wp:attachment":[{"href":"https:\/\/www.padreeustaquio.com.br\/es\/wp-json\/wp\/v2\/media?parent=9820"}],"wp:term":[{"taxonomy":"category","embeddable":true,"href":"https:\/\/www.padreeustaquio.com.br\/es\/wp-json\/wp\/v2\/categories?post=9820"},{"taxonomy":"post_tag","embeddable":true,"href":"https:\/\/www.padreeustaquio.com.br\/es\/wp-json\/wp\/v2\/tags?post=9820"}],"curies":[{"name":"wp","href":"https:\/\/api.w.org\/{rel}","templated":true}]}}