{"id":9816,"date":"2023-01-24T06:43:00","date_gmt":"2023-01-24T09:43:00","guid":{"rendered":"https:\/\/www.padreeustaquio.com.br\/?p=9816"},"modified":"2023-01-23T07:51:44","modified_gmt":"2023-01-23T10:51:44","slug":"el-bazar-se-esta-preparando-para-reabrir-en-febrero-y-necesita-donaciones","status":"publish","type":"post","link":"https:\/\/www.padreeustaquio.com.br\/es\/el-bazar-se-esta-preparando-para-reabrir-en-febrero-y-necesita-donaciones\/","title":{"rendered":"El bazar se est\u00e1 preparando para reabrir en febrero y necesita donaciones."},"content":{"rendered":"<p>Tras un per\u00edodo de cierre, el Bazar del Santuario de la Salud y la Paz, Iglesia del Beato Padre Eustaquio, se prepara para reabrir sus puertas. El local, conocido por la variedad y calidad de sus productos, est\u00e1 recibiendo donaciones para su reapertura.<\/p>\n\n\n\n<p>Todo es bienvenido, siempre que est\u00e9 en buen estado. El bazar acepta ropa, zapatos, accesorios, muebles, utensilios, libros y art\u00edculos de decoraci\u00f3n. Les pedimos que, antes de donar, comprueben que los art\u00edculos no est\u00e9n da\u00f1ados. Tambi\u00e9n es importante que la ropa no est\u00e9 sucia, ya que el bazar no cuenta con servicio de lavander\u00eda.<\/p>\n\n\n\n<p>Las donaciones pueden entregarse de lunes a domingo en la Oficina Parroquial del Santuario de Salud y Paz. En caso de muebles u otras donaciones grandes que requieran transporte, la parroquia puede proporcionar un veh\u00edculo para llevar los art\u00edculos a la iglesia; simplemente comun\u00edquese con la oficina parroquial por tel\u00e9fono al (31) 3462-6557 para programar la recogida.<\/p>\n\n\n\n<p><\/p>","protected":false},"excerpt":{"rendered":"<p>Depois de um per\u00edodo de recesso, o Bazar do Santu\u00e1rio da Sa\u00fade e da Paz, Igreja do Beato Padre Eust\u00e1quio, se prepara para abrir novamente as portas. O local, conhecido pela variedade e qualidade dos produtos, est\u00e1 recebendo doa\u00e7\u00f5es para reabertura. Qualquer coisa \u00e9 bem-vinda, desde que esteja em condi\u00e7\u00f5es de uso. O bazar recebe roupas, cal\u00e7ados, acess\u00f3rios, m\u00f3veis, utens\u00edlios, livros e produtos para decora\u00e7\u00e3o. Solicitamos que antes de fazer a doa\u00e7\u00e3o, verifique se os objetos n\u00e3o est\u00e3o estragados. \u00c9 importante tamb\u00e9m que as roupas n\u00e3o estejam sujas, j\u00e1 que o Bazar n\u00e3o conta com lavanderia. As doa\u00e7\u00f5es podem ser [&hellip;]<\/p>\n","protected":false},"author":2,"featured_media":9818,"comment_status":"open","ping_status":"closed","sticky":false,"template":"","format":"standard","meta":{"_acf_changed":false,"footnotes":""},"categories":[611],"tags":[],"class_list":["post-9816","post","type-post","status-publish","format-standard","has-post-thumbnail","hentry","category-noticias"],"acf":[],"yoast_head":"<!-- This site is optimized with the Yoast SEO plugin v27.2 - https:\/\/yoast.com\/product\/yoast-seo-wordpress\/ -->\n<title>Bazar se prepara para reabrir em fevereiro e precisa de doa\u00e7\u00f5es<\/title>\n<meta name=\"description\" content=\"Depois de um per\u00edodo de recesso, o Bazar do Santu\u00e1rio da Sa\u00fade e da Paz, Igreja do Beato Padre Eust\u00e1quio, se prepara para abrir novamente as portas. O local, conhecido pela variedade e qualidade dos produtos, est\u00e1 recebendo doa\u00e7\u00f5es para reabertura.\" \/>\n<meta name=\"robots\" content=\"index, follow, max-snippet:-1, max-image-preview:large, max-video-preview:-1\" \/>\n<link rel=\"canonical\" href=\"https:\/\/www.padreeustaquio.com.br\/es\/el-bazar-se-esta-preparando-para-reabrir-en-febrero-y-necesita-donaciones\/\" \/>\n<meta property=\"og:locale\" content=\"es_ES\" \/>\n<meta property=\"og:type\" content=\"article\" \/>\n<meta property=\"og:title\" content=\"Bazar se prepara para reabrir em fevereiro e precisa de doa\u00e7\u00f5es\" \/>\n<meta property=\"og:description\" content=\"Depois de um per\u00edodo de recesso, o Bazar do Santu\u00e1rio da Sa\u00fade e da Paz, Igreja do Beato Padre Eust\u00e1quio, se prepara para abrir novamente as portas. O local, conhecido pela variedade e qualidade dos produtos, est\u00e1 recebendo doa\u00e7\u00f5es para reabertura.\" \/>\n<meta property=\"og:url\" content=\"https:\/\/www.padreeustaquio.com.br\/es\/el-bazar-se-esta-preparando-para-reabrir-en-febrero-y-necesita-donaciones\/\" \/>\n<meta property=\"og:site_name\" content=\"Padre Eust\u00e1quio\" \/>\n<meta property=\"article:publisher\" content=\"https:\/\/www.facebook.com\/beatopadreeustaquio\/\" \/>\n<meta property=\"article:published_time\" content=\"2023-01-24T09:43:00+00:00\" \/>\n<meta property=\"og:image\" content=\"https:\/\/www.padreeustaquio.com.br\/wp-content\/uploads\/2023\/01\/Doacoes-bazar.jpeg\" \/>\n\t<meta property=\"og:image:width\" content=\"1280\" \/>\n\t<meta property=\"og:image:height\" content=\"720\" \/>\n\t<meta property=\"og:image:type\" content=\"image\/jpeg\" \/>\n<meta name=\"author\" content=\"@sscc\" \/>\n<meta name=\"twitter:card\" content=\"summary_large_image\" \/>\n<meta name=\"twitter:creator\" content=\"@beatopeustaquio\" \/>\n<meta name=\"twitter:site\" content=\"@beatopeustaquio\" \/>\n<meta name=\"twitter:label1\" content=\"Escrito por\" \/>\n\t<meta name=\"twitter:data1\" content=\"@sscc\" \/>\n\t<meta name=\"twitter:label2\" content=\"Tiempo de lectura\" \/>\n\t<meta name=\"twitter:data2\" content=\"1 minuto\" \/>\n<script type=\"application\/ld+json\" class=\"yoast-schema-graph\">{\"@context\":\"https:\/\/schema.org\",\"@graph\":[{\"@type\":\"Article\",\"@id\":\"https:\/\/www.padreeustaquio.com.br\/bazar-se-prepara-para-reabrir-em-fevereiro-e-precisa-de-doacoes\/#article\",\"isPartOf\":{\"@id\":\"https:\/\/www.padreeustaquio.com.br\/bazar-se-prepara-para-reabrir-em-fevereiro-e-precisa-de-doacoes\/\"},\"author\":{\"name\":\"@sscc\",\"@id\":\"https:\/\/www.padreeustaquio.com.br\/#\/schema\/person\/a2a51db1d00f1a7af0204a0f1ddb1566\"},\"headline\":\"Bazar se prepara para reabrir em fevereiro e precisa de doa\u00e7\u00f5es\",\"datePublished\":\"2023-01-24T09:43:00+00:00\",\"mainEntityOfPage\":{\"@id\":\"https:\/\/www.padreeustaquio.com.br\/bazar-se-prepara-para-reabrir-em-fevereiro-e-precisa-de-doacoes\/\"},\"wordCount\":194,\"commentCount\":0,\"publisher\":{\"@id\":\"https:\/\/www.padreeustaquio.com.br\/#organization\"},\"image\":{\"@id\":\"https:\/\/www.padreeustaquio.com.br\/bazar-se-prepara-para-reabrir-em-fevereiro-e-precisa-de-doacoes\/#primaryimage\"},\"thumbnailUrl\":\"https:\/\/www.padreeustaquio.com.br\/wp-content\/uploads\/2023\/01\/Doacoes-bazar.jpeg\",\"articleSection\":[\"Not\u00edcias\"],\"inLanguage\":\"es\",\"potentialAction\":[{\"@type\":\"CommentAction\",\"name\":\"Comment\",\"target\":[\"https:\/\/www.padreeustaquio.com.br\/bazar-se-prepara-para-reabrir-em-fevereiro-e-precisa-de-doacoes\/#respond\"]}]},{\"@type\":\"WebPage\",\"@id\":\"https:\/\/www.padreeustaquio.com.br\/bazar-se-prepara-para-reabrir-em-fevereiro-e-precisa-de-doacoes\/\",\"url\":\"https:\/\/www.padreeustaquio.com.br\/bazar-se-prepara-para-reabrir-em-fevereiro-e-precisa-de-doacoes\/\",\"name\":\"Bazar se prepara para reabrir em fevereiro e precisa de doa\u00e7\u00f5es\",\"isPartOf\":{\"@id\":\"https:\/\/www.padreeustaquio.com.br\/#website\"},\"primaryImageOfPage\":{\"@id\":\"https:\/\/www.padreeustaquio.com.br\/bazar-se-prepara-para-reabrir-em-fevereiro-e-precisa-de-doacoes\/#primaryimage\"},\"image\":{\"@id\":\"https:\/\/www.padreeustaquio.com.br\/bazar-se-prepara-para-reabrir-em-fevereiro-e-precisa-de-doacoes\/#primaryimage\"},\"thumbnailUrl\":\"https:\/\/www.padreeustaquio.com.br\/wp-content\/uploads\/2023\/01\/Doacoes-bazar.jpeg\",\"datePublished\":\"2023-01-24T09:43:00+00:00\",\"description\":\"Depois de um per\u00edodo de recesso, o Bazar do Santu\u00e1rio da Sa\u00fade e da Paz, Igreja do Beato Padre Eust\u00e1quio, se prepara para abrir novamente as portas. O local, conhecido pela variedade e qualidade dos produtos, est\u00e1 recebendo doa\u00e7\u00f5es para reabertura.\",\"breadcrumb\":{\"@id\":\"https:\/\/www.padreeustaquio.com.br\/bazar-se-prepara-para-reabrir-em-fevereiro-e-precisa-de-doacoes\/#breadcrumb\"},\"inLanguage\":\"es\",\"potentialAction\":[{\"@type\":\"ReadAction\",\"target\":[\"https:\/\/www.padreeustaquio.com.br\/bazar-se-prepara-para-reabrir-em-fevereiro-e-precisa-de-doacoes\/\"]}]},{\"@type\":\"ImageObject\",\"inLanguage\":\"es\",\"@id\":\"https:\/\/www.padreeustaquio.com.br\/bazar-se-prepara-para-reabrir-em-fevereiro-e-precisa-de-doacoes\/#primaryimage\",\"url\":\"https:\/\/www.padreeustaquio.com.br\/wp-content\/uploads\/2023\/01\/Doacoes-bazar.jpeg\",\"contentUrl\":\"https:\/\/www.padreeustaquio.com.br\/wp-content\/uploads\/2023\/01\/Doacoes-bazar.jpeg\",\"width\":1280,\"height\":720},{\"@type\":\"BreadcrumbList\",\"@id\":\"https:\/\/www.padreeustaquio.com.br\/bazar-se-prepara-para-reabrir-em-fevereiro-e-precisa-de-doacoes\/#breadcrumb\",\"itemListElement\":[{\"@type\":\"ListItem\",\"position\":1,\"name\":\"In\u00edcio\",\"item\":\"https:\/\/www.padreeustaquio.com.br\/\"},{\"@type\":\"ListItem\",\"position\":2,\"name\":\"Bazar se prepara para reabrir em fevereiro e precisa de doa\u00e7\u00f5es\"}]},{\"@type\":\"WebSite\",\"@id\":\"https:\/\/www.padreeustaquio.com.br\/#website\",\"url\":\"https:\/\/www.padreeustaquio.com.br\/\",\"name\":\"Padre Eust\u00e1quio\",\"description\":\"Sa\u00fade e Paz\",\"publisher\":{\"@id\":\"https:\/\/www.padreeustaquio.com.br\/#organization\"},\"potentialAction\":[{\"@type\":\"SearchAction\",\"target\":{\"@type\":\"EntryPoint\",\"urlTemplate\":\"https:\/\/www.padreeustaquio.com.br\/?s={search_term_string}\"},\"query-input\":{\"@type\":\"PropertyValueSpecification\",\"valueRequired\":true,\"valueName\":\"search_term_string\"}}],\"inLanguage\":\"es\"},{\"@type\":\"Organization\",\"@id\":\"https:\/\/www.padreeustaquio.com.br\/#organization\",\"name\":\"Padre Eust\u00e1quio\",\"url\":\"https:\/\/www.padreeustaquio.com.br\/\",\"logo\":{\"@type\":\"ImageObject\",\"inLanguage\":\"es\",\"@id\":\"https:\/\/www.padreeustaquio.com.br\/#\/schema\/logo\/image\/\",\"url\":\"https:\/\/www.padreeustaquio.com.br\/wp-content\/uploads\/2019\/08\/marca.png\",\"contentUrl\":\"https:\/\/www.padreeustaquio.com.br\/wp-content\/uploads\/2019\/08\/marca.png\",\"width\":350,\"height\":400,\"caption\":\"Padre Eust\u00e1quio\"},\"image\":{\"@id\":\"https:\/\/www.padreeustaquio.com.br\/#\/schema\/logo\/image\/\"},\"sameAs\":[\"https:\/\/www.facebook.com\/beatopadreeustaquio\/\",\"https:\/\/x.com\/beatopeustaquio\",\"https:\/\/www.instagram.com\/beatopadreeustaquio\/\",\"https:\/\/www.youtube.com\/channel\/UCRhw7vfabnajwLxb1ZXMeIw\"]},{\"@type\":\"Person\",\"@id\":\"https:\/\/www.padreeustaquio.com.br\/#\/schema\/person\/a2a51db1d00f1a7af0204a0f1ddb1566\",\"name\":\"@sscc\",\"image\":{\"@type\":\"ImageObject\",\"inLanguage\":\"es\",\"@id\":\"https:\/\/secure.gravatar.com\/avatar\/68cfafa5f44617fea54071e215026e0ff06be366c3d54a8425f04fdcb86f8c5f?s=96&d=mm&r=g\",\"url\":\"https:\/\/secure.gravatar.com\/avatar\/68cfafa5f44617fea54071e215026e0ff06be366c3d54a8425f04fdcb86f8c5f?s=96&d=mm&r=g\",\"contentUrl\":\"https:\/\/secure.gravatar.com\/avatar\/68cfafa5f44617fea54071e215026e0ff06be366c3d54a8425f04fdcb86f8c5f?s=96&d=mm&r=g\",\"caption\":\"@sscc\"},\"url\":\"https:\/\/www.padreeustaquio.com.br\/es\/author\/sscc\/\"}]}<\/script>\n<!-- \/ Yoast SEO plugin. -->","yoast_head_json":{"title":"El bazar se est\u00e1 preparando para reabrir en febrero y necesita donaciones.","description":"Tras un per\u00edodo de cierre, el Bazar del Santuario de la Salud y la Paz, Iglesia del Beato Padre Eustaquio, se prepara para reabrir sus puertas. El local, conocido por la variedad y calidad de sus productos, est\u00e1 recibiendo donaciones para su reapertura.","robots":{"index":"index","follow":"follow","max-snippet":"max-snippet:-1","max-image-preview":"max-image-preview:large","max-video-preview":"max-video-preview:-1"},"canonical":"https:\/\/www.padreeustaquio.com.br\/es\/el-bazar-se-esta-preparando-para-reabrir-en-febrero-y-necesita-donaciones\/","og_locale":"es_ES","og_type":"article","og_title":"Bazar se prepara para reabrir em fevereiro e precisa de doa\u00e7\u00f5es","og_description":"Depois de um per\u00edodo de recesso, o Bazar do Santu\u00e1rio da Sa\u00fade e da Paz, Igreja do Beato Padre Eust\u00e1quio, se prepara para abrir novamente as portas. O local, conhecido pela variedade e qualidade dos produtos, est\u00e1 recebendo doa\u00e7\u00f5es para reabertura.","og_url":"https:\/\/www.padreeustaquio.com.br\/es\/el-bazar-se-esta-preparando-para-reabrir-en-febrero-y-necesita-donaciones\/","og_site_name":"Padre Eust\u00e1quio","article_publisher":"https:\/\/www.facebook.com\/beatopadreeustaquio\/","article_published_time":"2023-01-24T09:43:00+00:00","og_image":[{"width":1280,"height":720,"url":"https:\/\/www.padreeustaquio.com.br\/wp-content\/uploads\/2023\/01\/Doacoes-bazar.jpeg","type":"image\/jpeg"}],"author":"@sscc","twitter_card":"summary_large_image","twitter_creator":"@beatopeustaquio","twitter_site":"@beatopeustaquio","twitter_misc":{"Escrito por":"@sscc","Tiempo de lectura":"1 minuto"},"schema":{"@context":"https:\/\/schema.org","@graph":[{"@type":"Article","@id":"https:\/\/www.padreeustaquio.com.br\/bazar-se-prepara-para-reabrir-em-fevereiro-e-precisa-de-doacoes\/#article","isPartOf":{"@id":"https:\/\/www.padreeustaquio.com.br\/bazar-se-prepara-para-reabrir-em-fevereiro-e-precisa-de-doacoes\/"},"author":{"name":"@sscc","@id":"https:\/\/www.padreeustaquio.com.br\/#\/schema\/person\/a2a51db1d00f1a7af0204a0f1ddb1566"},"headline":"Bazar se prepara para reabrir em fevereiro e precisa de doa\u00e7\u00f5es","datePublished":"2023-01-24T09:43:00+00:00","mainEntityOfPage":{"@id":"https:\/\/www.padreeustaquio.com.br\/bazar-se-prepara-para-reabrir-em-fevereiro-e-precisa-de-doacoes\/"},"wordCount":194,"commentCount":0,"publisher":{"@id":"https:\/\/www.padreeustaquio.com.br\/#organization"},"image":{"@id":"https:\/\/www.padreeustaquio.com.br\/bazar-se-prepara-para-reabrir-em-fevereiro-e-precisa-de-doacoes\/#primaryimage"},"thumbnailUrl":"https:\/\/www.padreeustaquio.com.br\/wp-content\/uploads\/2023\/01\/Doacoes-bazar.jpeg","articleSection":["Not\u00edcias"],"inLanguage":"es","potentialAction":[{"@type":"CommentAction","name":"Comment","target":["https:\/\/www.padreeustaquio.com.br\/bazar-se-prepara-para-reabrir-em-fevereiro-e-precisa-de-doacoes\/#respond"]}]},{"@type":"WebPage","@id":"https:\/\/www.padreeustaquio.com.br\/bazar-se-prepara-para-reabrir-em-fevereiro-e-precisa-de-doacoes\/","url":"https:\/\/www.padreeustaquio.com.br\/bazar-se-prepara-para-reabrir-em-fevereiro-e-precisa-de-doacoes\/","name":"El bazar se est\u00e1 preparando para reabrir en febrero y necesita donaciones.","isPartOf":{"@id":"https:\/\/www.padreeustaquio.com.br\/#website"},"primaryImageOfPage":{"@id":"https:\/\/www.padreeustaquio.com.br\/bazar-se-prepara-para-reabrir-em-fevereiro-e-precisa-de-doacoes\/#primaryimage"},"image":{"@id":"https:\/\/www.padreeustaquio.com.br\/bazar-se-prepara-para-reabrir-em-fevereiro-e-precisa-de-doacoes\/#primaryimage"},"thumbnailUrl":"https:\/\/www.padreeustaquio.com.br\/wp-content\/uploads\/2023\/01\/Doacoes-bazar.jpeg","datePublished":"2023-01-24T09:43:00+00:00","description":"Tras un per\u00edodo de cierre, el Bazar del Santuario de la Salud y la Paz, Iglesia del Beato Padre Eustaquio, se prepara para reabrir sus puertas. El local, conocido por la variedad y calidad de sus productos, est\u00e1 recibiendo donaciones para su reapertura.","breadcrumb":{"@id":"https:\/\/www.padreeustaquio.com.br\/bazar-se-prepara-para-reabrir-em-fevereiro-e-precisa-de-doacoes\/#breadcrumb"},"inLanguage":"es","potentialAction":[{"@type":"ReadAction","target":["https:\/\/www.padreeustaquio.com.br\/bazar-se-prepara-para-reabrir-em-fevereiro-e-precisa-de-doacoes\/"]}]},{"@type":"ImageObject","inLanguage":"es","@id":"https:\/\/www.padreeustaquio.com.br\/bazar-se-prepara-para-reabrir-em-fevereiro-e-precisa-de-doacoes\/#primaryimage","url":"https:\/\/www.padreeustaquio.com.br\/wp-content\/uploads\/2023\/01\/Doacoes-bazar.jpeg","contentUrl":"https:\/\/www.padreeustaquio.com.br\/wp-content\/uploads\/2023\/01\/Doacoes-bazar.jpeg","width":1280,"height":720},{"@type":"BreadcrumbList","@id":"https:\/\/www.padreeustaquio.com.br\/bazar-se-prepara-para-reabrir-em-fevereiro-e-precisa-de-doacoes\/#breadcrumb","itemListElement":[{"@type":"ListItem","position":1,"name":"In\u00edcio","item":"https:\/\/www.padreeustaquio.com.br\/"},{"@type":"ListItem","position":2,"name":"Bazar se prepara para reabrir em fevereiro e precisa de doa\u00e7\u00f5es"}]},{"@type":"WebSite","@id":"https:\/\/www.padreeustaquio.com.br\/#website","url":"https:\/\/www.padreeustaquio.com.br\/","name":"Padre Eustace","description":"Salud y Paz","publisher":{"@id":"https:\/\/www.padreeustaquio.com.br\/#organization"},"potentialAction":[{"@type":"SearchAction","target":{"@type":"EntryPoint","urlTemplate":"https:\/\/www.padreeustaquio.com.br\/?s={search_term_string}"},"query-input":{"@type":"PropertyValueSpecification","valueRequired":true,"valueName":"search_term_string"}}],"inLanguage":"es"},{"@type":"Organization","@id":"https:\/\/www.padreeustaquio.com.br\/#organization","name":"Padre Eustace","url":"https:\/\/www.padreeustaquio.com.br\/","logo":{"@type":"ImageObject","inLanguage":"es","@id":"https:\/\/www.padreeustaquio.com.br\/#\/schema\/logo\/image\/","url":"https:\/\/www.padreeustaquio.com.br\/wp-content\/uploads\/2019\/08\/marca.png","contentUrl":"https:\/\/www.padreeustaquio.com.br\/wp-content\/uploads\/2019\/08\/marca.png","width":350,"height":400,"caption":"Padre Eust\u00e1quio"},"image":{"@id":"https:\/\/www.padreeustaquio.com.br\/#\/schema\/logo\/image\/"},"sameAs":["https:\/\/www.facebook.com\/beatopadreeustaquio\/","https:\/\/x.com\/beatopeustaquio","https:\/\/www.instagram.com\/beatopadreeustaquio\/","https:\/\/www.youtube.com\/channel\/UCRhw7vfabnajwLxb1ZXMeIw"]},{"@type":"Person","@id":"https:\/\/www.padreeustaquio.com.br\/#\/schema\/person\/a2a51db1d00f1a7af0204a0f1ddb1566","name":"@sscc","image":{"@type":"ImageObject","inLanguage":"es","@id":"https:\/\/secure.gravatar.com\/avatar\/68cfafa5f44617fea54071e215026e0ff06be366c3d54a8425f04fdcb86f8c5f?s=96&d=mm&r=g","url":"https:\/\/secure.gravatar.com\/avatar\/68cfafa5f44617fea54071e215026e0ff06be366c3d54a8425f04fdcb86f8c5f?s=96&d=mm&r=g","contentUrl":"https:\/\/secure.gravatar.com\/avatar\/68cfafa5f44617fea54071e215026e0ff06be366c3d54a8425f04fdcb86f8c5f?s=96&d=mm&r=g","caption":"@sscc"},"url":"https:\/\/www.padreeustaquio.com.br\/es\/author\/sscc\/"}]}},"_links":{"self":[{"href":"https:\/\/www.padreeustaquio.com.br\/es\/wp-json\/wp\/v2\/posts\/9816","targetHints":{"allow":["GET"]}}],"collection":[{"href":"https:\/\/www.padreeustaquio.com.br\/es\/wp-json\/wp\/v2\/posts"}],"about":[{"href":"https:\/\/www.padreeustaquio.com.br\/es\/wp-json\/wp\/v2\/types\/post"}],"author":[{"embeddable":true,"href":"https:\/\/www.padreeustaquio.com.br\/es\/wp-json\/wp\/v2\/users\/2"}],"replies":[{"embeddable":true,"href":"https:\/\/www.padreeustaquio.com.br\/es\/wp-json\/wp\/v2\/comments?post=9816"}],"version-history":[{"count":0,"href":"https:\/\/www.padreeustaquio.com.br\/es\/wp-json\/wp\/v2\/posts\/9816\/revisions"}],"wp:featuredmedia":[{"embeddable":true,"href":"https:\/\/www.padreeustaquio.com.br\/es\/wp-json\/wp\/v2\/media\/9818"}],"wp:attachment":[{"href":"https:\/\/www.padreeustaquio.com.br\/es\/wp-json\/wp\/v2\/media?parent=9816"}],"wp:term":[{"taxonomy":"category","embeddable":true,"href":"https:\/\/www.padreeustaquio.com.br\/es\/wp-json\/wp\/v2\/categories?post=9816"},{"taxonomy":"post_tag","embeddable":true,"href":"https:\/\/www.padreeustaquio.com.br\/es\/wp-json\/wp\/v2\/tags?post=9816"}],"curies":[{"name":"wp","href":"https:\/\/api.w.org\/{rel}","templated":true}]}}