{"id":9767,"date":"2023-01-21T06:52:00","date_gmt":"2023-01-21T09:52:00","guid":{"rendered":"https:\/\/www.padreeustaquio.com.br\/?p=9767"},"modified":"2023-01-11T10:56:38","modified_gmt":"2023-01-11T13:56:38","slug":"serie-de-espiritualidad-del-padre-eustaquio-el-espiritu-de-oracion-y-penitencia","status":"publish","type":"post","link":"https:\/\/www.padreeustaquio.com.br\/es\/serie-de-espiritualidad-del-padre-eustaquio-el-espiritu-de-oracion-y-penitencia\/","title":{"rendered":"Serie La Espiritualidad del Padre Eust\u00e1quio: El Esp\u00edritu de Oraci\u00f3n y Penitencia"},"content":{"rendered":"<p>Para concluir nuestra semana sobre la Espiritualidad del Beato, destacaremos el Esp\u00edritu de Oraci\u00f3n y Penitencia que vivi\u00f3 el Beato. Que toda la Espiritualidad del Padre Eustace sirva de ejemplo y camino a seguir.<\/p>\n\n\n\n<p>Como verdadero Beato, el Padre Eustace van Lieshout sab\u00eda perfectamente que la gloria de Dios y la salvaci\u00f3n de las almas, a las que consagr\u00f3 toda su vida apost\u00f3lica, solo pod\u00edan alcanzarse mediante la uni\u00f3n con Cristo en la cruz. Por ello, el Beato fue un hombre de oraci\u00f3n y penitencia.<\/p>\n\n\n\n<p>En uno de sus textos, el padre Eust\u00e1quio escribe: \u201c<em>No debemos pensar que la penitencia solo se puede hacer f\u00edsicamente; tambi\u00e9n podemos hacerla espiritualmente. \u00bfAcaso callar cuando queremos hablar no es penitencia? \u00bfAcaso hablar bien cuando queremos hablar mal no es penitencia? \u00bfAcaso desterrar un pensamiento que nos agrada pero desagrada a Dios no es penitencia? \u00bfAcaso perdonar los insultos, las ofensas, el desprecio y las ofensas no es penitencia? \u00bfAcaso abstenerse de algo que no nos da\u00f1a no es penitencia?\u201d<\/em><\/p>\n\n\n\n<p>El Padre Eustaquio vivi\u00f3 una vida de penitencia y consagraci\u00f3n a Dios, sirviendo de ejemplo para todos sus devotos.<\/p>\n\n\n\n<p><\/p>","protected":false},"excerpt":{"rendered":"<p>Para finalizar nossa semana sobre a Espiritualidade do Bem-Aventurado, daremos destaque ao Esp\u00edrito de Ora\u00e7\u00e3o e de Penit\u00eancia vividos pelo Beato. Que toda a Espiritualidade de Padre Eust\u00e1quio nos sirva como exemplo e caminho a seguir. Como verdadeiro Beato, Padre Eust\u00e1quio van Lieshout sabia perfeitamente que a gl\u00f3ria de Deus e a salva\u00e7\u00e3o das almas, \u00e0s quais estava consagrada toda sua vida apost\u00f3lica, n\u00e3o se obtinha a n\u00e3o ser pela uni\u00e3o com Cristo na cruz. Por isso o Beato era um homem de ora\u00e7\u00e3o e de penit\u00eancia. Em um de seus textos, Padre Eust\u00e1quio escreve: \u201cn\u00e3o haveremos de pensar de [&hellip;]<\/p>\n","protected":false},"author":2,"featured_media":9768,"comment_status":"open","ping_status":"closed","sticky":false,"template":"","format":"standard","meta":{"_acf_changed":false,"footnotes":""},"categories":[611],"tags":[],"class_list":["post-9767","post","type-post","status-publish","format-standard","has-post-thumbnail","hentry","category-noticias"],"acf":[],"yoast_head":"<!-- This site is optimized with the Yoast SEO plugin v27.2 - https:\/\/yoast.com\/product\/yoast-seo-wordpress\/ -->\n<title>S\u00e9rie ESPIRITUALIDADE DE PADRE EUST\u00c1QUIO: o esp\u00edrito de ora\u00e7\u00e3o e de penit\u00eancia<\/title>\n<meta name=\"description\" content=\"Para finalizar nossa semana sobre a Espiritualidade do Bem-Aventurado, daremos destaque ao Esp\u00edrito de Ora\u00e7\u00e3o e de Penit\u00eancia vividos pelo Beato. Que toda a Espiritualidade de Padre Eust\u00e1quio nos sirva como exemplo e caminho a seguir.\" \/>\n<meta name=\"robots\" content=\"index, follow, max-snippet:-1, max-image-preview:large, max-video-preview:-1\" \/>\n<link rel=\"canonical\" href=\"https:\/\/www.padreeustaquio.com.br\/es\/serie-de-espiritualidad-del-padre-eustaquio-el-espiritu-de-oracion-y-penitencia\/\" \/>\n<meta property=\"og:locale\" content=\"es_ES\" \/>\n<meta property=\"og:type\" content=\"article\" \/>\n<meta property=\"og:title\" content=\"S\u00e9rie ESPIRITUALIDADE DE PADRE EUST\u00c1QUIO: o esp\u00edrito de ora\u00e7\u00e3o e de penit\u00eancia\" \/>\n<meta property=\"og:description\" content=\"Para finalizar nossa semana sobre a Espiritualidade do Bem-Aventurado, daremos destaque ao Esp\u00edrito de Ora\u00e7\u00e3o e de Penit\u00eancia vividos pelo Beato. Que toda a Espiritualidade de Padre Eust\u00e1quio nos sirva como exemplo e caminho a seguir.\" \/>\n<meta property=\"og:url\" content=\"https:\/\/www.padreeustaquio.com.br\/es\/serie-de-espiritualidad-del-padre-eustaquio-el-espiritu-de-oracion-y-penitencia\/\" \/>\n<meta property=\"og:site_name\" content=\"Padre Eust\u00e1quio\" \/>\n<meta property=\"article:publisher\" content=\"https:\/\/www.facebook.com\/beatopadreeustaquio\/\" \/>\n<meta property=\"article:published_time\" content=\"2023-01-21T09:52:00+00:00\" \/>\n<meta property=\"og:image\" content=\"https:\/\/www.padreeustaquio.com.br\/wp-content\/uploads\/2023\/01\/espiritualidade-6.jpeg\" \/>\n\t<meta property=\"og:image:width\" content=\"1280\" \/>\n\t<meta property=\"og:image:height\" content=\"854\" \/>\n\t<meta property=\"og:image:type\" content=\"image\/jpeg\" \/>\n<meta name=\"author\" content=\"@sscc\" \/>\n<meta name=\"twitter:card\" content=\"summary_large_image\" \/>\n<meta name=\"twitter:creator\" content=\"@beatopeustaquio\" \/>\n<meta name=\"twitter:site\" content=\"@beatopeustaquio\" \/>\n<meta name=\"twitter:label1\" content=\"Escrito por\" \/>\n\t<meta name=\"twitter:data1\" content=\"@sscc\" \/>\n\t<meta name=\"twitter:label2\" content=\"Tiempo de lectura\" \/>\n\t<meta name=\"twitter:data2\" content=\"1 minuto\" \/>\n<script type=\"application\/ld+json\" class=\"yoast-schema-graph\">{\"@context\":\"https:\/\/schema.org\",\"@graph\":[{\"@type\":\"Article\",\"@id\":\"https:\/\/www.padreeustaquio.com.br\/serie-espiritualidade-de-padre-eustaquio-o-espirito-de-oracao-e-de-penitencia\/#article\",\"isPartOf\":{\"@id\":\"https:\/\/www.padreeustaquio.com.br\/serie-espiritualidade-de-padre-eustaquio-o-espirito-de-oracao-e-de-penitencia\/\"},\"author\":{\"name\":\"@sscc\",\"@id\":\"https:\/\/www.padreeustaquio.com.br\/#\/schema\/person\/a2a51db1d00f1a7af0204a0f1ddb1566\"},\"headline\":\"S\u00e9rie ESPIRITUALIDADE DE PADRE EUST\u00c1QUIO: o esp\u00edrito de ora\u00e7\u00e3o e de penit\u00eancia\",\"datePublished\":\"2023-01-21T09:52:00+00:00\",\"mainEntityOfPage\":{\"@id\":\"https:\/\/www.padreeustaquio.com.br\/serie-espiritualidade-de-padre-eustaquio-o-espirito-de-oracao-e-de-penitencia\/\"},\"wordCount\":233,\"commentCount\":0,\"publisher\":{\"@id\":\"https:\/\/www.padreeustaquio.com.br\/#organization\"},\"image\":{\"@id\":\"https:\/\/www.padreeustaquio.com.br\/serie-espiritualidade-de-padre-eustaquio-o-espirito-de-oracao-e-de-penitencia\/#primaryimage\"},\"thumbnailUrl\":\"https:\/\/www.padreeustaquio.com.br\/wp-content\/uploads\/2023\/01\/espiritualidade-6.jpeg\",\"articleSection\":[\"Not\u00edcias\"],\"inLanguage\":\"es\",\"potentialAction\":[{\"@type\":\"CommentAction\",\"name\":\"Comment\",\"target\":[\"https:\/\/www.padreeustaquio.com.br\/serie-espiritualidade-de-padre-eustaquio-o-espirito-de-oracao-e-de-penitencia\/#respond\"]}]},{\"@type\":\"WebPage\",\"@id\":\"https:\/\/www.padreeustaquio.com.br\/serie-espiritualidade-de-padre-eustaquio-o-espirito-de-oracao-e-de-penitencia\/\",\"url\":\"https:\/\/www.padreeustaquio.com.br\/serie-espiritualidade-de-padre-eustaquio-o-espirito-de-oracao-e-de-penitencia\/\",\"name\":\"S\u00e9rie ESPIRITUALIDADE DE PADRE EUST\u00c1QUIO: o esp\u00edrito de ora\u00e7\u00e3o e de penit\u00eancia\",\"isPartOf\":{\"@id\":\"https:\/\/www.padreeustaquio.com.br\/#website\"},\"primaryImageOfPage\":{\"@id\":\"https:\/\/www.padreeustaquio.com.br\/serie-espiritualidade-de-padre-eustaquio-o-espirito-de-oracao-e-de-penitencia\/#primaryimage\"},\"image\":{\"@id\":\"https:\/\/www.padreeustaquio.com.br\/serie-espiritualidade-de-padre-eustaquio-o-espirito-de-oracao-e-de-penitencia\/#primaryimage\"},\"thumbnailUrl\":\"https:\/\/www.padreeustaquio.com.br\/wp-content\/uploads\/2023\/01\/espiritualidade-6.jpeg\",\"datePublished\":\"2023-01-21T09:52:00+00:00\",\"description\":\"Para finalizar nossa semana sobre a Espiritualidade do Bem-Aventurado, daremos destaque ao Esp\u00edrito de Ora\u00e7\u00e3o e de Penit\u00eancia vividos pelo Beato. Que toda a Espiritualidade de Padre Eust\u00e1quio nos sirva como exemplo e caminho a seguir.\",\"breadcrumb\":{\"@id\":\"https:\/\/www.padreeustaquio.com.br\/serie-espiritualidade-de-padre-eustaquio-o-espirito-de-oracao-e-de-penitencia\/#breadcrumb\"},\"inLanguage\":\"es\",\"potentialAction\":[{\"@type\":\"ReadAction\",\"target\":[\"https:\/\/www.padreeustaquio.com.br\/serie-espiritualidade-de-padre-eustaquio-o-espirito-de-oracao-e-de-penitencia\/\"]}]},{\"@type\":\"ImageObject\",\"inLanguage\":\"es\",\"@id\":\"https:\/\/www.padreeustaquio.com.br\/serie-espiritualidade-de-padre-eustaquio-o-espirito-de-oracao-e-de-penitencia\/#primaryimage\",\"url\":\"https:\/\/www.padreeustaquio.com.br\/wp-content\/uploads\/2023\/01\/espiritualidade-6.jpeg\",\"contentUrl\":\"https:\/\/www.padreeustaquio.com.br\/wp-content\/uploads\/2023\/01\/espiritualidade-6.jpeg\",\"width\":1280,\"height\":854},{\"@type\":\"BreadcrumbList\",\"@id\":\"https:\/\/www.padreeustaquio.com.br\/serie-espiritualidade-de-padre-eustaquio-o-espirito-de-oracao-e-de-penitencia\/#breadcrumb\",\"itemListElement\":[{\"@type\":\"ListItem\",\"position\":1,\"name\":\"In\u00edcio\",\"item\":\"https:\/\/www.padreeustaquio.com.br\/\"},{\"@type\":\"ListItem\",\"position\":2,\"name\":\"S\u00e9rie ESPIRITUALIDADE DE PADRE EUST\u00c1QUIO: o esp\u00edrito de ora\u00e7\u00e3o e de penit\u00eancia\"}]},{\"@type\":\"WebSite\",\"@id\":\"https:\/\/www.padreeustaquio.com.br\/#website\",\"url\":\"https:\/\/www.padreeustaquio.com.br\/\",\"name\":\"Padre Eust\u00e1quio\",\"description\":\"Sa\u00fade e Paz\",\"publisher\":{\"@id\":\"https:\/\/www.padreeustaquio.com.br\/#organization\"},\"potentialAction\":[{\"@type\":\"SearchAction\",\"target\":{\"@type\":\"EntryPoint\",\"urlTemplate\":\"https:\/\/www.padreeustaquio.com.br\/?s={search_term_string}\"},\"query-input\":{\"@type\":\"PropertyValueSpecification\",\"valueRequired\":true,\"valueName\":\"search_term_string\"}}],\"inLanguage\":\"es\"},{\"@type\":\"Organization\",\"@id\":\"https:\/\/www.padreeustaquio.com.br\/#organization\",\"name\":\"Padre Eust\u00e1quio\",\"url\":\"https:\/\/www.padreeustaquio.com.br\/\",\"logo\":{\"@type\":\"ImageObject\",\"inLanguage\":\"es\",\"@id\":\"https:\/\/www.padreeustaquio.com.br\/#\/schema\/logo\/image\/\",\"url\":\"https:\/\/www.padreeustaquio.com.br\/wp-content\/uploads\/2019\/08\/marca.png\",\"contentUrl\":\"https:\/\/www.padreeustaquio.com.br\/wp-content\/uploads\/2019\/08\/marca.png\",\"width\":350,\"height\":400,\"caption\":\"Padre Eust\u00e1quio\"},\"image\":{\"@id\":\"https:\/\/www.padreeustaquio.com.br\/#\/schema\/logo\/image\/\"},\"sameAs\":[\"https:\/\/www.facebook.com\/beatopadreeustaquio\/\",\"https:\/\/x.com\/beatopeustaquio\",\"https:\/\/www.instagram.com\/beatopadreeustaquio\/\",\"https:\/\/www.youtube.com\/channel\/UCRhw7vfabnajwLxb1ZXMeIw\"]},{\"@type\":\"Person\",\"@id\":\"https:\/\/www.padreeustaquio.com.br\/#\/schema\/person\/a2a51db1d00f1a7af0204a0f1ddb1566\",\"name\":\"@sscc\",\"image\":{\"@type\":\"ImageObject\",\"inLanguage\":\"es\",\"@id\":\"https:\/\/secure.gravatar.com\/avatar\/68cfafa5f44617fea54071e215026e0ff06be366c3d54a8425f04fdcb86f8c5f?s=96&d=mm&r=g\",\"url\":\"https:\/\/secure.gravatar.com\/avatar\/68cfafa5f44617fea54071e215026e0ff06be366c3d54a8425f04fdcb86f8c5f?s=96&d=mm&r=g\",\"contentUrl\":\"https:\/\/secure.gravatar.com\/avatar\/68cfafa5f44617fea54071e215026e0ff06be366c3d54a8425f04fdcb86f8c5f?s=96&d=mm&r=g\",\"caption\":\"@sscc\"},\"url\":\"https:\/\/www.padreeustaquio.com.br\/es\/author\/sscc\/\"}]}<\/script>\n<!-- \/ Yoast SEO plugin. -->","yoast_head_json":{"title":"Serie La Espiritualidad del Padre Eust\u00e1quio: El Esp\u00edritu de Oraci\u00f3n y Penitencia","description":"Para concluir nuestra semana sobre la Espiritualidad del Beato, destacaremos el Esp\u00edritu de Oraci\u00f3n y Penitencia que vivi\u00f3 el Beato. Que toda la Espiritualidad del Padre Eustace sirva de ejemplo y camino a seguir.","robots":{"index":"index","follow":"follow","max-snippet":"max-snippet:-1","max-image-preview":"max-image-preview:large","max-video-preview":"max-video-preview:-1"},"canonical":"https:\/\/www.padreeustaquio.com.br\/es\/serie-de-espiritualidad-del-padre-eustaquio-el-espiritu-de-oracion-y-penitencia\/","og_locale":"es_ES","og_type":"article","og_title":"S\u00e9rie ESPIRITUALIDADE DE PADRE EUST\u00c1QUIO: o esp\u00edrito de ora\u00e7\u00e3o e de penit\u00eancia","og_description":"Para finalizar nossa semana sobre a Espiritualidade do Bem-Aventurado, daremos destaque ao Esp\u00edrito de Ora\u00e7\u00e3o e de Penit\u00eancia vividos pelo Beato. Que toda a Espiritualidade de Padre Eust\u00e1quio nos sirva como exemplo e caminho a seguir.","og_url":"https:\/\/www.padreeustaquio.com.br\/es\/serie-de-espiritualidad-del-padre-eustaquio-el-espiritu-de-oracion-y-penitencia\/","og_site_name":"Padre Eust\u00e1quio","article_publisher":"https:\/\/www.facebook.com\/beatopadreeustaquio\/","article_published_time":"2023-01-21T09:52:00+00:00","og_image":[{"width":1280,"height":854,"url":"https:\/\/www.padreeustaquio.com.br\/wp-content\/uploads\/2023\/01\/espiritualidade-6.jpeg","type":"image\/jpeg"}],"author":"@sscc","twitter_card":"summary_large_image","twitter_creator":"@beatopeustaquio","twitter_site":"@beatopeustaquio","twitter_misc":{"Escrito por":"@sscc","Tiempo de lectura":"1 minuto"},"schema":{"@context":"https:\/\/schema.org","@graph":[{"@type":"Article","@id":"https:\/\/www.padreeustaquio.com.br\/serie-espiritualidade-de-padre-eustaquio-o-espirito-de-oracao-e-de-penitencia\/#article","isPartOf":{"@id":"https:\/\/www.padreeustaquio.com.br\/serie-espiritualidade-de-padre-eustaquio-o-espirito-de-oracao-e-de-penitencia\/"},"author":{"name":"@sscc","@id":"https:\/\/www.padreeustaquio.com.br\/#\/schema\/person\/a2a51db1d00f1a7af0204a0f1ddb1566"},"headline":"S\u00e9rie ESPIRITUALIDADE DE PADRE EUST\u00c1QUIO: o esp\u00edrito de ora\u00e7\u00e3o e de penit\u00eancia","datePublished":"2023-01-21T09:52:00+00:00","mainEntityOfPage":{"@id":"https:\/\/www.padreeustaquio.com.br\/serie-espiritualidade-de-padre-eustaquio-o-espirito-de-oracao-e-de-penitencia\/"},"wordCount":233,"commentCount":0,"publisher":{"@id":"https:\/\/www.padreeustaquio.com.br\/#organization"},"image":{"@id":"https:\/\/www.padreeustaquio.com.br\/serie-espiritualidade-de-padre-eustaquio-o-espirito-de-oracao-e-de-penitencia\/#primaryimage"},"thumbnailUrl":"https:\/\/www.padreeustaquio.com.br\/wp-content\/uploads\/2023\/01\/espiritualidade-6.jpeg","articleSection":["Not\u00edcias"],"inLanguage":"es","potentialAction":[{"@type":"CommentAction","name":"Comment","target":["https:\/\/www.padreeustaquio.com.br\/serie-espiritualidade-de-padre-eustaquio-o-espirito-de-oracao-e-de-penitencia\/#respond"]}]},{"@type":"WebPage","@id":"https:\/\/www.padreeustaquio.com.br\/serie-espiritualidade-de-padre-eustaquio-o-espirito-de-oracao-e-de-penitencia\/","url":"https:\/\/www.padreeustaquio.com.br\/serie-espiritualidade-de-padre-eustaquio-o-espirito-de-oracao-e-de-penitencia\/","name":"Serie La Espiritualidad del Padre Eust\u00e1quio: El Esp\u00edritu de Oraci\u00f3n y Penitencia","isPartOf":{"@id":"https:\/\/www.padreeustaquio.com.br\/#website"},"primaryImageOfPage":{"@id":"https:\/\/www.padreeustaquio.com.br\/serie-espiritualidade-de-padre-eustaquio-o-espirito-de-oracao-e-de-penitencia\/#primaryimage"},"image":{"@id":"https:\/\/www.padreeustaquio.com.br\/serie-espiritualidade-de-padre-eustaquio-o-espirito-de-oracao-e-de-penitencia\/#primaryimage"},"thumbnailUrl":"https:\/\/www.padreeustaquio.com.br\/wp-content\/uploads\/2023\/01\/espiritualidade-6.jpeg","datePublished":"2023-01-21T09:52:00+00:00","description":"Para concluir nuestra semana sobre la Espiritualidad del Beato, destacaremos el Esp\u00edritu de Oraci\u00f3n y Penitencia que vivi\u00f3 el Beato. Que toda la Espiritualidad del Padre Eustace sirva de ejemplo y camino a seguir.","breadcrumb":{"@id":"https:\/\/www.padreeustaquio.com.br\/serie-espiritualidade-de-padre-eustaquio-o-espirito-de-oracao-e-de-penitencia\/#breadcrumb"},"inLanguage":"es","potentialAction":[{"@type":"ReadAction","target":["https:\/\/www.padreeustaquio.com.br\/serie-espiritualidade-de-padre-eustaquio-o-espirito-de-oracao-e-de-penitencia\/"]}]},{"@type":"ImageObject","inLanguage":"es","@id":"https:\/\/www.padreeustaquio.com.br\/serie-espiritualidade-de-padre-eustaquio-o-espirito-de-oracao-e-de-penitencia\/#primaryimage","url":"https:\/\/www.padreeustaquio.com.br\/wp-content\/uploads\/2023\/01\/espiritualidade-6.jpeg","contentUrl":"https:\/\/www.padreeustaquio.com.br\/wp-content\/uploads\/2023\/01\/espiritualidade-6.jpeg","width":1280,"height":854},{"@type":"BreadcrumbList","@id":"https:\/\/www.padreeustaquio.com.br\/serie-espiritualidade-de-padre-eustaquio-o-espirito-de-oracao-e-de-penitencia\/#breadcrumb","itemListElement":[{"@type":"ListItem","position":1,"name":"In\u00edcio","item":"https:\/\/www.padreeustaquio.com.br\/"},{"@type":"ListItem","position":2,"name":"S\u00e9rie ESPIRITUALIDADE DE PADRE EUST\u00c1QUIO: o esp\u00edrito de ora\u00e7\u00e3o e de penit\u00eancia"}]},{"@type":"WebSite","@id":"https:\/\/www.padreeustaquio.com.br\/#website","url":"https:\/\/www.padreeustaquio.com.br\/","name":"Padre Eustace","description":"Salud y Paz","publisher":{"@id":"https:\/\/www.padreeustaquio.com.br\/#organization"},"potentialAction":[{"@type":"SearchAction","target":{"@type":"EntryPoint","urlTemplate":"https:\/\/www.padreeustaquio.com.br\/?s={search_term_string}"},"query-input":{"@type":"PropertyValueSpecification","valueRequired":true,"valueName":"search_term_string"}}],"inLanguage":"es"},{"@type":"Organization","@id":"https:\/\/www.padreeustaquio.com.br\/#organization","name":"Padre Eustace","url":"https:\/\/www.padreeustaquio.com.br\/","logo":{"@type":"ImageObject","inLanguage":"es","@id":"https:\/\/www.padreeustaquio.com.br\/#\/schema\/logo\/image\/","url":"https:\/\/www.padreeustaquio.com.br\/wp-content\/uploads\/2019\/08\/marca.png","contentUrl":"https:\/\/www.padreeustaquio.com.br\/wp-content\/uploads\/2019\/08\/marca.png","width":350,"height":400,"caption":"Padre Eust\u00e1quio"},"image":{"@id":"https:\/\/www.padreeustaquio.com.br\/#\/schema\/logo\/image\/"},"sameAs":["https:\/\/www.facebook.com\/beatopadreeustaquio\/","https:\/\/x.com\/beatopeustaquio","https:\/\/www.instagram.com\/beatopadreeustaquio\/","https:\/\/www.youtube.com\/channel\/UCRhw7vfabnajwLxb1ZXMeIw"]},{"@type":"Person","@id":"https:\/\/www.padreeustaquio.com.br\/#\/schema\/person\/a2a51db1d00f1a7af0204a0f1ddb1566","name":"@sscc","image":{"@type":"ImageObject","inLanguage":"es","@id":"https:\/\/secure.gravatar.com\/avatar\/68cfafa5f44617fea54071e215026e0ff06be366c3d54a8425f04fdcb86f8c5f?s=96&d=mm&r=g","url":"https:\/\/secure.gravatar.com\/avatar\/68cfafa5f44617fea54071e215026e0ff06be366c3d54a8425f04fdcb86f8c5f?s=96&d=mm&r=g","contentUrl":"https:\/\/secure.gravatar.com\/avatar\/68cfafa5f44617fea54071e215026e0ff06be366c3d54a8425f04fdcb86f8c5f?s=96&d=mm&r=g","caption":"@sscc"},"url":"https:\/\/www.padreeustaquio.com.br\/es\/author\/sscc\/"}]}},"_links":{"self":[{"href":"https:\/\/www.padreeustaquio.com.br\/es\/wp-json\/wp\/v2\/posts\/9767","targetHints":{"allow":["GET"]}}],"collection":[{"href":"https:\/\/www.padreeustaquio.com.br\/es\/wp-json\/wp\/v2\/posts"}],"about":[{"href":"https:\/\/www.padreeustaquio.com.br\/es\/wp-json\/wp\/v2\/types\/post"}],"author":[{"embeddable":true,"href":"https:\/\/www.padreeustaquio.com.br\/es\/wp-json\/wp\/v2\/users\/2"}],"replies":[{"embeddable":true,"href":"https:\/\/www.padreeustaquio.com.br\/es\/wp-json\/wp\/v2\/comments?post=9767"}],"version-history":[{"count":0,"href":"https:\/\/www.padreeustaquio.com.br\/es\/wp-json\/wp\/v2\/posts\/9767\/revisions"}],"wp:featuredmedia":[{"embeddable":true,"href":"https:\/\/www.padreeustaquio.com.br\/es\/wp-json\/wp\/v2\/media\/9768"}],"wp:attachment":[{"href":"https:\/\/www.padreeustaquio.com.br\/es\/wp-json\/wp\/v2\/media?parent=9767"}],"wp:term":[{"taxonomy":"category","embeddable":true,"href":"https:\/\/www.padreeustaquio.com.br\/es\/wp-json\/wp\/v2\/categories?post=9767"},{"taxonomy":"post_tag","embeddable":true,"href":"https:\/\/www.padreeustaquio.com.br\/es\/wp-json\/wp\/v2\/tags?post=9767"}],"curies":[{"name":"wp","href":"https:\/\/api.w.org\/{rel}","templated":true}]}}