{"id":9764,"date":"2023-01-20T06:43:00","date_gmt":"2023-01-20T09:43:00","guid":{"rendered":"https:\/\/www.padreeustaquio.com.br\/?p=9764"},"modified":"2023-01-11T10:50:09","modified_gmt":"2023-01-11T13:50:09","slug":"serie-de-espiritualidad-del-padre-eustaquio-la-devocion-a-san-jose","status":"publish","type":"post","link":"https:\/\/www.padreeustaquio.com.br\/es\/serie-de-espiritualidad-del-padre-eustaquio-la-devocion-a-san-jose\/","title":{"rendered":"Serie La Espiritualidad del Padre Eust\u00e1quio: Devoci\u00f3n a San Jos\u00e9"},"content":{"rendered":"<p>En la pen\u00faltima pieza sobre la espiritualidad del Beato Padre Eustaquio, se aborda una profunda devoci\u00f3n que siempre lo acompa\u00f1\u00f3. San Jos\u00e9, patrono de la Iglesia, es un compa\u00f1ero inseparable de la firme y firme fe del Beato.<\/p>\n\n\n\n<p>La devoci\u00f3n a San Jos\u00e9 siempre ha florecido entre las almas santas, como esposo de la Sant\u00edsima Virgen Mar\u00eda, padre adoptivo de Jes\u00fas y patrono de las almas en su vida interior. San Jos\u00e9, patrono de la Iglesia, tambi\u00e9n ha sido siempre el patrono de la Congregaci\u00f3n de los Sagrados Corazones, y por lo tanto, la devoci\u00f3n del beato al santo no pod\u00eda ser de otra manera.<\/p>\n\n\n\n<p>El amor del Padre Eustaquio por San Jos\u00e9 se evidencia en casi todas sus cartas. Siempre cabe la posibilidad de hablar del esposo de la Virgen Mar\u00eda. Estas son algunas de sus expresiones m\u00e1s frecuentes:\u201c<em>Que San Jos\u00e9 te gu\u00ede y te proteja siempre\u2026 San Jos\u00e9, gu\u00edanos. San Jos\u00e9, prot\u00e9genos. San Jos\u00e9, gu\u00edanos siempre por el camino de tu santa voluntad.<\/em>\u201d.<\/p>\n\n\n\n<p>La devoci\u00f3n del Bendito hacia el padre adoptivo de Jes\u00fas se puede ver en varios textos, uno de los cuales es este:\u201c<em>No conocemos nombres m\u00e1s sagrados que los de Jes\u00fas, Mar\u00eda y Jos\u00e9. Este orden de nombres ya indica el lugar prominente que ocupa San Jos\u00e9 en el Reino de Dios. Consideremos a San Jos\u00e9 como cabeza de familia. San Jos\u00e9 es el esposo de la Sant\u00edsima Virgen Mar\u00eda. Los Santos Padres declaran que Dios quiso darle un esposo para salvaguardar su honor, para guardar el secreto de la naturaleza divina de Jes\u00fas hasta la hora determinada por la Divina Providencia, y para ser siempre consuelo y apoyo para Nuestra Se\u00f1ora. Un padre adoptivo era necesario para formar una familia ejemplar, una de las mejores entre las familias cristianas.<\/em>\u201d.<\/p>\n\n\n\n<p><\/p>","protected":false},"excerpt":{"rendered":"<p>No pen\u00faltimo material sobre a Espiritualidade do Bem-Aventurado Padre Eust\u00e1quio, uma devo\u00e7\u00e3o muito forte que sempre o acompanhou. S\u00e3o Jos\u00e9, o patrono da Igreja, \u00e9 um companheiro insepar\u00e1vel na f\u00e9 firme e forte do Beato. Sempre floresceu entre as almas santas a devo\u00e7\u00e3o a S\u00e3o Jos\u00e9, como esposo da Bem-aventurada Virgem Maria, pai adotivo de Jesus e como patrono das almas em sua vida interior. S\u00e3o Jos\u00e9, patrono da Igreja, foi tamb\u00e9m sempre patrono da Congrega\u00e7\u00e3o dos Sagrados Cora\u00e7\u00f5es, e com isso, n\u00e3o poderia ser diferente a devo\u00e7\u00e3o do Beato ao Santo. O amor de Padre Eust\u00e1quio a S\u00e3o Jos\u00e9 [&hellip;]<\/p>\n","protected":false},"author":2,"featured_media":9765,"comment_status":"open","ping_status":"closed","sticky":false,"template":"","format":"standard","meta":{"_acf_changed":false,"footnotes":""},"categories":[611],"tags":[],"class_list":["post-9764","post","type-post","status-publish","format-standard","has-post-thumbnail","hentry","category-noticias"],"acf":[],"yoast_head":"<!-- This site is optimized with the Yoast SEO plugin v27.2 - https:\/\/yoast.com\/product\/yoast-seo-wordpress\/ -->\n<title>S\u00e9rie ESPIRITUALIDADE DE PADRE EUST\u00c1QUIO: a devo\u00e7\u00e3o a S\u00e3o Jos\u00e9<\/title>\n<meta name=\"description\" content=\"No pen\u00faltimo material sobre a Espiritualidade do Bem-Aventurado Padre Eust\u00e1quio, uma devo\u00e7\u00e3o muito forte que sempre o acompanhou. S\u00e3o Jos\u00e9, o patrono da Igreja, \u00e9 um companheiro insepar\u00e1vel na f\u00e9 firme e forte do Beato.\" \/>\n<meta name=\"robots\" content=\"index, follow, max-snippet:-1, max-image-preview:large, max-video-preview:-1\" \/>\n<link rel=\"canonical\" href=\"https:\/\/www.padreeustaquio.com.br\/es\/serie-de-espiritualidad-del-padre-eustaquio-la-devocion-a-san-jose\/\" \/>\n<meta property=\"og:locale\" content=\"es_ES\" \/>\n<meta property=\"og:type\" content=\"article\" \/>\n<meta property=\"og:title\" content=\"S\u00e9rie ESPIRITUALIDADE DE PADRE EUST\u00c1QUIO: a devo\u00e7\u00e3o a S\u00e3o Jos\u00e9\" \/>\n<meta property=\"og:description\" content=\"No pen\u00faltimo material sobre a Espiritualidade do Bem-Aventurado Padre Eust\u00e1quio, uma devo\u00e7\u00e3o muito forte que sempre o acompanhou. S\u00e3o Jos\u00e9, o patrono da Igreja, \u00e9 um companheiro insepar\u00e1vel na f\u00e9 firme e forte do Beato.\" \/>\n<meta property=\"og:url\" content=\"https:\/\/www.padreeustaquio.com.br\/es\/serie-de-espiritualidad-del-padre-eustaquio-la-devocion-a-san-jose\/\" \/>\n<meta property=\"og:site_name\" content=\"Padre Eust\u00e1quio\" \/>\n<meta property=\"article:publisher\" content=\"https:\/\/www.facebook.com\/beatopadreeustaquio\/\" \/>\n<meta property=\"article:published_time\" content=\"2023-01-20T09:43:00+00:00\" \/>\n<meta property=\"og:image\" content=\"https:\/\/www.padreeustaquio.com.br\/wp-content\/uploads\/2023\/01\/espiritualidade-5.jpeg\" \/>\n\t<meta property=\"og:image:width\" content=\"1280\" \/>\n\t<meta property=\"og:image:height\" content=\"877\" \/>\n\t<meta property=\"og:image:type\" content=\"image\/jpeg\" \/>\n<meta name=\"author\" content=\"@sscc\" \/>\n<meta name=\"twitter:card\" content=\"summary_large_image\" \/>\n<meta name=\"twitter:creator\" content=\"@beatopeustaquio\" \/>\n<meta name=\"twitter:site\" content=\"@beatopeustaquio\" \/>\n<meta name=\"twitter:label1\" content=\"Escrito por\" \/>\n\t<meta name=\"twitter:data1\" content=\"@sscc\" \/>\n\t<meta name=\"twitter:label2\" content=\"Tiempo de lectura\" \/>\n\t<meta name=\"twitter:data2\" content=\"2 minutos\" \/>\n<script type=\"application\/ld+json\" class=\"yoast-schema-graph\">{\"@context\":\"https:\/\/schema.org\",\"@graph\":[{\"@type\":\"Article\",\"@id\":\"https:\/\/www.padreeustaquio.com.br\/serie-espiritualidade-de-padre-eustaquio-a-devocao-a-sao-jose\/#article\",\"isPartOf\":{\"@id\":\"https:\/\/www.padreeustaquio.com.br\/serie-espiritualidade-de-padre-eustaquio-a-devocao-a-sao-jose\/\"},\"author\":{\"name\":\"@sscc\",\"@id\":\"https:\/\/www.padreeustaquio.com.br\/#\/schema\/person\/a2a51db1d00f1a7af0204a0f1ddb1566\"},\"headline\":\"S\u00e9rie ESPIRITUALIDADE DE PADRE EUST\u00c1QUIO: a devo\u00e7\u00e3o a S\u00e3o Jos\u00e9\",\"datePublished\":\"2023-01-20T09:43:00+00:00\",\"mainEntityOfPage\":{\"@id\":\"https:\/\/www.padreeustaquio.com.br\/serie-espiritualidade-de-padre-eustaquio-a-devocao-a-sao-jose\/\"},\"wordCount\":312,\"commentCount\":0,\"publisher\":{\"@id\":\"https:\/\/www.padreeustaquio.com.br\/#organization\"},\"image\":{\"@id\":\"https:\/\/www.padreeustaquio.com.br\/serie-espiritualidade-de-padre-eustaquio-a-devocao-a-sao-jose\/#primaryimage\"},\"thumbnailUrl\":\"https:\/\/www.padreeustaquio.com.br\/wp-content\/uploads\/2023\/01\/espiritualidade-5.jpeg\",\"articleSection\":[\"Not\u00edcias\"],\"inLanguage\":\"es\",\"potentialAction\":[{\"@type\":\"CommentAction\",\"name\":\"Comment\",\"target\":[\"https:\/\/www.padreeustaquio.com.br\/serie-espiritualidade-de-padre-eustaquio-a-devocao-a-sao-jose\/#respond\"]}]},{\"@type\":\"WebPage\",\"@id\":\"https:\/\/www.padreeustaquio.com.br\/serie-espiritualidade-de-padre-eustaquio-a-devocao-a-sao-jose\/\",\"url\":\"https:\/\/www.padreeustaquio.com.br\/serie-espiritualidade-de-padre-eustaquio-a-devocao-a-sao-jose\/\",\"name\":\"S\u00e9rie ESPIRITUALIDADE DE PADRE EUST\u00c1QUIO: a devo\u00e7\u00e3o a S\u00e3o Jos\u00e9\",\"isPartOf\":{\"@id\":\"https:\/\/www.padreeustaquio.com.br\/#website\"},\"primaryImageOfPage\":{\"@id\":\"https:\/\/www.padreeustaquio.com.br\/serie-espiritualidade-de-padre-eustaquio-a-devocao-a-sao-jose\/#primaryimage\"},\"image\":{\"@id\":\"https:\/\/www.padreeustaquio.com.br\/serie-espiritualidade-de-padre-eustaquio-a-devocao-a-sao-jose\/#primaryimage\"},\"thumbnailUrl\":\"https:\/\/www.padreeustaquio.com.br\/wp-content\/uploads\/2023\/01\/espiritualidade-5.jpeg\",\"datePublished\":\"2023-01-20T09:43:00+00:00\",\"description\":\"No pen\u00faltimo material sobre a Espiritualidade do Bem-Aventurado Padre Eust\u00e1quio, uma devo\u00e7\u00e3o muito forte que sempre o acompanhou. S\u00e3o Jos\u00e9, o patrono da Igreja, \u00e9 um companheiro insepar\u00e1vel na f\u00e9 firme e forte do Beato.\",\"breadcrumb\":{\"@id\":\"https:\/\/www.padreeustaquio.com.br\/serie-espiritualidade-de-padre-eustaquio-a-devocao-a-sao-jose\/#breadcrumb\"},\"inLanguage\":\"es\",\"potentialAction\":[{\"@type\":\"ReadAction\",\"target\":[\"https:\/\/www.padreeustaquio.com.br\/serie-espiritualidade-de-padre-eustaquio-a-devocao-a-sao-jose\/\"]}]},{\"@type\":\"ImageObject\",\"inLanguage\":\"es\",\"@id\":\"https:\/\/www.padreeustaquio.com.br\/serie-espiritualidade-de-padre-eustaquio-a-devocao-a-sao-jose\/#primaryimage\",\"url\":\"https:\/\/www.padreeustaquio.com.br\/wp-content\/uploads\/2023\/01\/espiritualidade-5.jpeg\",\"contentUrl\":\"https:\/\/www.padreeustaquio.com.br\/wp-content\/uploads\/2023\/01\/espiritualidade-5.jpeg\",\"width\":1280,\"height\":877},{\"@type\":\"BreadcrumbList\",\"@id\":\"https:\/\/www.padreeustaquio.com.br\/serie-espiritualidade-de-padre-eustaquio-a-devocao-a-sao-jose\/#breadcrumb\",\"itemListElement\":[{\"@type\":\"ListItem\",\"position\":1,\"name\":\"In\u00edcio\",\"item\":\"https:\/\/www.padreeustaquio.com.br\/\"},{\"@type\":\"ListItem\",\"position\":2,\"name\":\"S\u00e9rie ESPIRITUALIDADE DE PADRE EUST\u00c1QUIO: a devo\u00e7\u00e3o a S\u00e3o Jos\u00e9\"}]},{\"@type\":\"WebSite\",\"@id\":\"https:\/\/www.padreeustaquio.com.br\/#website\",\"url\":\"https:\/\/www.padreeustaquio.com.br\/\",\"name\":\"Padre Eust\u00e1quio\",\"description\":\"Sa\u00fade e Paz\",\"publisher\":{\"@id\":\"https:\/\/www.padreeustaquio.com.br\/#organization\"},\"potentialAction\":[{\"@type\":\"SearchAction\",\"target\":{\"@type\":\"EntryPoint\",\"urlTemplate\":\"https:\/\/www.padreeustaquio.com.br\/?s={search_term_string}\"},\"query-input\":{\"@type\":\"PropertyValueSpecification\",\"valueRequired\":true,\"valueName\":\"search_term_string\"}}],\"inLanguage\":\"es\"},{\"@type\":\"Organization\",\"@id\":\"https:\/\/www.padreeustaquio.com.br\/#organization\",\"name\":\"Padre Eust\u00e1quio\",\"url\":\"https:\/\/www.padreeustaquio.com.br\/\",\"logo\":{\"@type\":\"ImageObject\",\"inLanguage\":\"es\",\"@id\":\"https:\/\/www.padreeustaquio.com.br\/#\/schema\/logo\/image\/\",\"url\":\"https:\/\/www.padreeustaquio.com.br\/wp-content\/uploads\/2019\/08\/marca.png\",\"contentUrl\":\"https:\/\/www.padreeustaquio.com.br\/wp-content\/uploads\/2019\/08\/marca.png\",\"width\":350,\"height\":400,\"caption\":\"Padre Eust\u00e1quio\"},\"image\":{\"@id\":\"https:\/\/www.padreeustaquio.com.br\/#\/schema\/logo\/image\/\"},\"sameAs\":[\"https:\/\/www.facebook.com\/beatopadreeustaquio\/\",\"https:\/\/x.com\/beatopeustaquio\",\"https:\/\/www.instagram.com\/beatopadreeustaquio\/\",\"https:\/\/www.youtube.com\/channel\/UCRhw7vfabnajwLxb1ZXMeIw\"]},{\"@type\":\"Person\",\"@id\":\"https:\/\/www.padreeustaquio.com.br\/#\/schema\/person\/a2a51db1d00f1a7af0204a0f1ddb1566\",\"name\":\"@sscc\",\"image\":{\"@type\":\"ImageObject\",\"inLanguage\":\"es\",\"@id\":\"https:\/\/secure.gravatar.com\/avatar\/68cfafa5f44617fea54071e215026e0ff06be366c3d54a8425f04fdcb86f8c5f?s=96&d=mm&r=g\",\"url\":\"https:\/\/secure.gravatar.com\/avatar\/68cfafa5f44617fea54071e215026e0ff06be366c3d54a8425f04fdcb86f8c5f?s=96&d=mm&r=g\",\"contentUrl\":\"https:\/\/secure.gravatar.com\/avatar\/68cfafa5f44617fea54071e215026e0ff06be366c3d54a8425f04fdcb86f8c5f?s=96&d=mm&r=g\",\"caption\":\"@sscc\"},\"url\":\"https:\/\/www.padreeustaquio.com.br\/es\/author\/sscc\/\"}]}<\/script>\n<!-- \/ Yoast SEO plugin. -->","yoast_head_json":{"title":"Serie La Espiritualidad del Padre Eust\u00e1quio: Devoci\u00f3n a San Jos\u00e9","description":"En la pen\u00faltima pieza sobre la espiritualidad del Beato Padre Eustaquio, se aborda una profunda devoci\u00f3n que siempre lo acompa\u00f1\u00f3. San Jos\u00e9, patrono de la Iglesia, es un compa\u00f1ero inseparable de la firme y firme fe del Beato.","robots":{"index":"index","follow":"follow","max-snippet":"max-snippet:-1","max-image-preview":"max-image-preview:large","max-video-preview":"max-video-preview:-1"},"canonical":"https:\/\/www.padreeustaquio.com.br\/es\/serie-de-espiritualidad-del-padre-eustaquio-la-devocion-a-san-jose\/","og_locale":"es_ES","og_type":"article","og_title":"S\u00e9rie ESPIRITUALIDADE DE PADRE EUST\u00c1QUIO: a devo\u00e7\u00e3o a S\u00e3o Jos\u00e9","og_description":"No pen\u00faltimo material sobre a Espiritualidade do Bem-Aventurado Padre Eust\u00e1quio, uma devo\u00e7\u00e3o muito forte que sempre o acompanhou. S\u00e3o Jos\u00e9, o patrono da Igreja, \u00e9 um companheiro insepar\u00e1vel na f\u00e9 firme e forte do Beato.","og_url":"https:\/\/www.padreeustaquio.com.br\/es\/serie-de-espiritualidad-del-padre-eustaquio-la-devocion-a-san-jose\/","og_site_name":"Padre Eust\u00e1quio","article_publisher":"https:\/\/www.facebook.com\/beatopadreeustaquio\/","article_published_time":"2023-01-20T09:43:00+00:00","og_image":[{"width":1280,"height":877,"url":"https:\/\/www.padreeustaquio.com.br\/wp-content\/uploads\/2023\/01\/espiritualidade-5.jpeg","type":"image\/jpeg"}],"author":"@sscc","twitter_card":"summary_large_image","twitter_creator":"@beatopeustaquio","twitter_site":"@beatopeustaquio","twitter_misc":{"Escrito por":"@sscc","Tiempo de lectura":"2 minutos"},"schema":{"@context":"https:\/\/schema.org","@graph":[{"@type":"Article","@id":"https:\/\/www.padreeustaquio.com.br\/serie-espiritualidade-de-padre-eustaquio-a-devocao-a-sao-jose\/#article","isPartOf":{"@id":"https:\/\/www.padreeustaquio.com.br\/serie-espiritualidade-de-padre-eustaquio-a-devocao-a-sao-jose\/"},"author":{"name":"@sscc","@id":"https:\/\/www.padreeustaquio.com.br\/#\/schema\/person\/a2a51db1d00f1a7af0204a0f1ddb1566"},"headline":"S\u00e9rie ESPIRITUALIDADE DE PADRE EUST\u00c1QUIO: a devo\u00e7\u00e3o a S\u00e3o Jos\u00e9","datePublished":"2023-01-20T09:43:00+00:00","mainEntityOfPage":{"@id":"https:\/\/www.padreeustaquio.com.br\/serie-espiritualidade-de-padre-eustaquio-a-devocao-a-sao-jose\/"},"wordCount":312,"commentCount":0,"publisher":{"@id":"https:\/\/www.padreeustaquio.com.br\/#organization"},"image":{"@id":"https:\/\/www.padreeustaquio.com.br\/serie-espiritualidade-de-padre-eustaquio-a-devocao-a-sao-jose\/#primaryimage"},"thumbnailUrl":"https:\/\/www.padreeustaquio.com.br\/wp-content\/uploads\/2023\/01\/espiritualidade-5.jpeg","articleSection":["Not\u00edcias"],"inLanguage":"es","potentialAction":[{"@type":"CommentAction","name":"Comment","target":["https:\/\/www.padreeustaquio.com.br\/serie-espiritualidade-de-padre-eustaquio-a-devocao-a-sao-jose\/#respond"]}]},{"@type":"WebPage","@id":"https:\/\/www.padreeustaquio.com.br\/serie-espiritualidade-de-padre-eustaquio-a-devocao-a-sao-jose\/","url":"https:\/\/www.padreeustaquio.com.br\/serie-espiritualidade-de-padre-eustaquio-a-devocao-a-sao-jose\/","name":"Serie La Espiritualidad del Padre Eust\u00e1quio: Devoci\u00f3n a San Jos\u00e9","isPartOf":{"@id":"https:\/\/www.padreeustaquio.com.br\/#website"},"primaryImageOfPage":{"@id":"https:\/\/www.padreeustaquio.com.br\/serie-espiritualidade-de-padre-eustaquio-a-devocao-a-sao-jose\/#primaryimage"},"image":{"@id":"https:\/\/www.padreeustaquio.com.br\/serie-espiritualidade-de-padre-eustaquio-a-devocao-a-sao-jose\/#primaryimage"},"thumbnailUrl":"https:\/\/www.padreeustaquio.com.br\/wp-content\/uploads\/2023\/01\/espiritualidade-5.jpeg","datePublished":"2023-01-20T09:43:00+00:00","description":"En la pen\u00faltima pieza sobre la espiritualidad del Beato Padre Eustaquio, se aborda una profunda devoci\u00f3n que siempre lo acompa\u00f1\u00f3. San Jos\u00e9, patrono de la Iglesia, es un compa\u00f1ero inseparable de la firme y firme fe del Beato.","breadcrumb":{"@id":"https:\/\/www.padreeustaquio.com.br\/serie-espiritualidade-de-padre-eustaquio-a-devocao-a-sao-jose\/#breadcrumb"},"inLanguage":"es","potentialAction":[{"@type":"ReadAction","target":["https:\/\/www.padreeustaquio.com.br\/serie-espiritualidade-de-padre-eustaquio-a-devocao-a-sao-jose\/"]}]},{"@type":"ImageObject","inLanguage":"es","@id":"https:\/\/www.padreeustaquio.com.br\/serie-espiritualidade-de-padre-eustaquio-a-devocao-a-sao-jose\/#primaryimage","url":"https:\/\/www.padreeustaquio.com.br\/wp-content\/uploads\/2023\/01\/espiritualidade-5.jpeg","contentUrl":"https:\/\/www.padreeustaquio.com.br\/wp-content\/uploads\/2023\/01\/espiritualidade-5.jpeg","width":1280,"height":877},{"@type":"BreadcrumbList","@id":"https:\/\/www.padreeustaquio.com.br\/serie-espiritualidade-de-padre-eustaquio-a-devocao-a-sao-jose\/#breadcrumb","itemListElement":[{"@type":"ListItem","position":1,"name":"In\u00edcio","item":"https:\/\/www.padreeustaquio.com.br\/"},{"@type":"ListItem","position":2,"name":"S\u00e9rie ESPIRITUALIDADE DE PADRE EUST\u00c1QUIO: a devo\u00e7\u00e3o a S\u00e3o Jos\u00e9"}]},{"@type":"WebSite","@id":"https:\/\/www.padreeustaquio.com.br\/#website","url":"https:\/\/www.padreeustaquio.com.br\/","name":"Padre Eustace","description":"Salud y Paz","publisher":{"@id":"https:\/\/www.padreeustaquio.com.br\/#organization"},"potentialAction":[{"@type":"SearchAction","target":{"@type":"EntryPoint","urlTemplate":"https:\/\/www.padreeustaquio.com.br\/?s={search_term_string}"},"query-input":{"@type":"PropertyValueSpecification","valueRequired":true,"valueName":"search_term_string"}}],"inLanguage":"es"},{"@type":"Organization","@id":"https:\/\/www.padreeustaquio.com.br\/#organization","name":"Padre Eustace","url":"https:\/\/www.padreeustaquio.com.br\/","logo":{"@type":"ImageObject","inLanguage":"es","@id":"https:\/\/www.padreeustaquio.com.br\/#\/schema\/logo\/image\/","url":"https:\/\/www.padreeustaquio.com.br\/wp-content\/uploads\/2019\/08\/marca.png","contentUrl":"https:\/\/www.padreeustaquio.com.br\/wp-content\/uploads\/2019\/08\/marca.png","width":350,"height":400,"caption":"Padre Eust\u00e1quio"},"image":{"@id":"https:\/\/www.padreeustaquio.com.br\/#\/schema\/logo\/image\/"},"sameAs":["https:\/\/www.facebook.com\/beatopadreeustaquio\/","https:\/\/x.com\/beatopeustaquio","https:\/\/www.instagram.com\/beatopadreeustaquio\/","https:\/\/www.youtube.com\/channel\/UCRhw7vfabnajwLxb1ZXMeIw"]},{"@type":"Person","@id":"https:\/\/www.padreeustaquio.com.br\/#\/schema\/person\/a2a51db1d00f1a7af0204a0f1ddb1566","name":"@sscc","image":{"@type":"ImageObject","inLanguage":"es","@id":"https:\/\/secure.gravatar.com\/avatar\/68cfafa5f44617fea54071e215026e0ff06be366c3d54a8425f04fdcb86f8c5f?s=96&d=mm&r=g","url":"https:\/\/secure.gravatar.com\/avatar\/68cfafa5f44617fea54071e215026e0ff06be366c3d54a8425f04fdcb86f8c5f?s=96&d=mm&r=g","contentUrl":"https:\/\/secure.gravatar.com\/avatar\/68cfafa5f44617fea54071e215026e0ff06be366c3d54a8425f04fdcb86f8c5f?s=96&d=mm&r=g","caption":"@sscc"},"url":"https:\/\/www.padreeustaquio.com.br\/es\/author\/sscc\/"}]}},"_links":{"self":[{"href":"https:\/\/www.padreeustaquio.com.br\/es\/wp-json\/wp\/v2\/posts\/9764","targetHints":{"allow":["GET"]}}],"collection":[{"href":"https:\/\/www.padreeustaquio.com.br\/es\/wp-json\/wp\/v2\/posts"}],"about":[{"href":"https:\/\/www.padreeustaquio.com.br\/es\/wp-json\/wp\/v2\/types\/post"}],"author":[{"embeddable":true,"href":"https:\/\/www.padreeustaquio.com.br\/es\/wp-json\/wp\/v2\/users\/2"}],"replies":[{"embeddable":true,"href":"https:\/\/www.padreeustaquio.com.br\/es\/wp-json\/wp\/v2\/comments?post=9764"}],"version-history":[{"count":0,"href":"https:\/\/www.padreeustaquio.com.br\/es\/wp-json\/wp\/v2\/posts\/9764\/revisions"}],"wp:featuredmedia":[{"embeddable":true,"href":"https:\/\/www.padreeustaquio.com.br\/es\/wp-json\/wp\/v2\/media\/9765"}],"wp:attachment":[{"href":"https:\/\/www.padreeustaquio.com.br\/es\/wp-json\/wp\/v2\/media?parent=9764"}],"wp:term":[{"taxonomy":"category","embeddable":true,"href":"https:\/\/www.padreeustaquio.com.br\/es\/wp-json\/wp\/v2\/categories?post=9764"},{"taxonomy":"post_tag","embeddable":true,"href":"https:\/\/www.padreeustaquio.com.br\/es\/wp-json\/wp\/v2\/tags?post=9764"}],"curies":[{"name":"wp","href":"https:\/\/api.w.org\/{rel}","templated":true}]}}