{"id":9758,"date":"2023-01-18T06:19:00","date_gmt":"2023-01-18T09:19:00","guid":{"rendered":"https:\/\/www.padreeustaquio.com.br\/?p=9758"},"modified":"2023-01-11T10:25:03","modified_gmt":"2023-01-11T13:25:03","slug":"serie-de-espiritualidad-del-padre-eustace-devocion-al-santisimo-sacramento","status":"publish","type":"post","link":"https:\/\/www.padreeustaquio.com.br\/es\/serie-de-espiritualidad-del-padre-eustace-devocion-al-santisimo-sacramento\/","title":{"rendered":"Serie de Espiritualidad del Padre Eust\u00e1quio: Devoci\u00f3n al Sant\u00edsimo Sacramento"},"content":{"rendered":"<p>\u00bfC\u00f3mo podemos hablar del Padre Eustaquio sin mencionar su amor por Jes\u00fas en la Eucarist\u00eda? En nuestra tercera publicaci\u00f3n sobre la Espiritualidad del Beato, abordaremos su devoci\u00f3n a la Sagrada Eucarist\u00eda. <\/p>\n\n\n\n<p>El amor del Padre Eustace por Dios, y espec\u00edficamente su amor por Cristo, no se manifiesta de mejor manera que en su devoci\u00f3n al Sant\u00edsimo Sacramento de la Eucarist\u00eda.<\/p>\n\n\n\n<p>Hab\u00eda tal devoci\u00f3n al Sant\u00edsimo Sacramento en su coraz\u00f3n que el Bendito estaba dispuesto a sacrificar su vida por esta verdad, como podemos concluir de sus propias palabras:\u201c<em>Estamos aqu\u00ed y Jes\u00fas est\u00e1 ah\u00ed, muy cerca de nosotros. S\u00ed, estoy convencido de que todos ustedes est\u00e1n convencidos de la verdadera presencia de Jes\u00fas en el Sant\u00edsimo Sacramento. Incluso creo que est\u00e1n dispuestos a entregar sus vidas en profesi\u00f3n de fe en la verdadera presencia de Jes\u00fas en el Sant\u00edsimo Sacramento del Altar (\u2026) y que despu\u00e9s de decir \u2018hagan esto en memoria m\u00eda\u2019, creen en la instituci\u00f3n del Sant\u00edsimo Sacramento y en la presencia real de Jes\u00fas en \u00e9l. Creemos como si lo vi\u00e9ramos con nuestros propios ojos y quisi\u00e9ramos entregar nuestras vidas para demostrar este art\u00edculo de nuestra fe.\u201d<\/em>.<\/p>\n\n\n\n<p>En varios otros escritos del Sant\u00edsimo, es posible observar esta devoci\u00f3n al Sacramento de la Eucarist\u00eda. Como en este texto:\u201c<em>Queridos hermanos y hermanas: \u2013 No os digo esto sin raz\u00f3n \u2013 haced la comuni\u00f3n, haced la comuni\u00f3n siempre, buscad a Jes\u00fas con el coraz\u00f3n puro y con la confianza inquebrantable de la conciencia tranquila.<\/em>\u201d.<\/p>\n\n\n\n<p><\/p>","protected":false},"excerpt":{"rendered":"<p>Como falar de Padre Eust\u00e1quio e n\u00e3o contar do seu amor \u00e0 Jesus Eucar\u00edstico? Na nossa terceira publica\u00e7\u00e3o sobre a Espiritualidade do Bem-Aventurado, falaremos da devo\u00e7\u00e3o do Beato \u00e0 Sagrada Eucaristia. O amor de Padre Eust\u00e1quio a Deus, e concretamente o seu amor a Cristo, n\u00e3o se manifesta de modo melhor do que em sua devo\u00e7\u00e3o ao Sant\u00edssimo Sacramento da Eucaristia. Havia em seu cora\u00e7\u00e3o tal devo\u00e7\u00e3o ao Sant\u00edssimo Sacramento que o Beato estava disposto a sacrificar sua vida por esta verdade, como podemos concluir de suas pr\u00f3prias palavras: \u201cN\u00f3s aqui e Jesus ali, pertinho de n\u00f3s. Ah sim, estou [&hellip;]<\/p>\n","protected":false},"author":2,"featured_media":9759,"comment_status":"open","ping_status":"closed","sticky":false,"template":"","format":"standard","meta":{"_acf_changed":false,"footnotes":""},"categories":[611],"tags":[],"class_list":["post-9758","post","type-post","status-publish","format-standard","has-post-thumbnail","hentry","category-noticias"],"acf":[],"yoast_head":"<!-- This site is optimized with the Yoast SEO plugin v27.2 - https:\/\/yoast.com\/product\/yoast-seo-wordpress\/ -->\n<title>S\u00e9rie ESPIRITUALIDADE DE PADRE EUST\u00c1QUIO: devo\u00e7\u00e3o ao Sant\u00edssimo Sacramento<\/title>\n<meta name=\"description\" content=\"Como falar de Padre Eust\u00e1quio e n\u00e3o contar do seu amor \u00e0 Jesus Eucar\u00edstico? Na nossa terceira publica\u00e7\u00e3o sobre a Espiritualidade do Bem-Aventurado, falaremos da devo\u00e7\u00e3o do Beato \u00e0 Sagrada Eucaristia.\" \/>\n<meta name=\"robots\" content=\"index, follow, max-snippet:-1, max-image-preview:large, max-video-preview:-1\" \/>\n<link rel=\"canonical\" href=\"https:\/\/www.padreeustaquio.com.br\/es\/serie-de-espiritualidad-del-padre-eustace-devocion-al-santisimo-sacramento\/\" \/>\n<meta property=\"og:locale\" content=\"es_ES\" \/>\n<meta property=\"og:type\" content=\"article\" \/>\n<meta property=\"og:title\" content=\"S\u00e9rie ESPIRITUALIDADE DE PADRE EUST\u00c1QUIO: devo\u00e7\u00e3o ao Sant\u00edssimo Sacramento\" \/>\n<meta property=\"og:description\" content=\"Como falar de Padre Eust\u00e1quio e n\u00e3o contar do seu amor \u00e0 Jesus Eucar\u00edstico? Na nossa terceira publica\u00e7\u00e3o sobre a Espiritualidade do Bem-Aventurado, falaremos da devo\u00e7\u00e3o do Beato \u00e0 Sagrada Eucaristia.\" \/>\n<meta property=\"og:url\" content=\"https:\/\/www.padreeustaquio.com.br\/es\/serie-de-espiritualidad-del-padre-eustace-devocion-al-santisimo-sacramento\/\" \/>\n<meta property=\"og:site_name\" content=\"Padre Eust\u00e1quio\" \/>\n<meta property=\"article:publisher\" content=\"https:\/\/www.facebook.com\/beatopadreeustaquio\/\" \/>\n<meta property=\"article:published_time\" content=\"2023-01-18T09:19:00+00:00\" \/>\n<meta property=\"og:image\" content=\"https:\/\/www.padreeustaquio.com.br\/wp-content\/uploads\/2023\/01\/espiritualidade-3.jpeg\" \/>\n\t<meta property=\"og:image:width\" content=\"1280\" \/>\n\t<meta property=\"og:image:height\" content=\"831\" \/>\n\t<meta property=\"og:image:type\" content=\"image\/jpeg\" \/>\n<meta name=\"author\" content=\"@sscc\" \/>\n<meta name=\"twitter:card\" content=\"summary_large_image\" \/>\n<meta name=\"twitter:creator\" content=\"@beatopeustaquio\" \/>\n<meta name=\"twitter:site\" content=\"@beatopeustaquio\" \/>\n<meta name=\"twitter:label1\" content=\"Escrito por\" \/>\n\t<meta name=\"twitter:data1\" content=\"@sscc\" \/>\n\t<meta name=\"twitter:label2\" content=\"Tiempo de lectura\" \/>\n\t<meta name=\"twitter:data2\" content=\"2 minutos\" \/>\n<script type=\"application\/ld+json\" class=\"yoast-schema-graph\">{\"@context\":\"https:\/\/schema.org\",\"@graph\":[{\"@type\":\"Article\",\"@id\":\"https:\/\/www.padreeustaquio.com.br\/serie-espiritualidade-de-padre-eustaquio-devocao-ao-santissimo-sacramento\/#article\",\"isPartOf\":{\"@id\":\"https:\/\/www.padreeustaquio.com.br\/serie-espiritualidade-de-padre-eustaquio-devocao-ao-santissimo-sacramento\/\"},\"author\":{\"name\":\"@sscc\",\"@id\":\"https:\/\/www.padreeustaquio.com.br\/#\/schema\/person\/a2a51db1d00f1a7af0204a0f1ddb1566\"},\"headline\":\"S\u00e9rie ESPIRITUALIDADE DE PADRE EUST\u00c1QUIO: devo\u00e7\u00e3o ao Sant\u00edssimo Sacramento\",\"datePublished\":\"2023-01-18T09:19:00+00:00\",\"mainEntityOfPage\":{\"@id\":\"https:\/\/www.padreeustaquio.com.br\/serie-espiritualidade-de-padre-eustaquio-devocao-ao-santissimo-sacramento\/\"},\"wordCount\":289,\"commentCount\":0,\"publisher\":{\"@id\":\"https:\/\/www.padreeustaquio.com.br\/#organization\"},\"image\":{\"@id\":\"https:\/\/www.padreeustaquio.com.br\/serie-espiritualidade-de-padre-eustaquio-devocao-ao-santissimo-sacramento\/#primaryimage\"},\"thumbnailUrl\":\"https:\/\/www.padreeustaquio.com.br\/wp-content\/uploads\/2023\/01\/espiritualidade-3.jpeg\",\"articleSection\":[\"Not\u00edcias\"],\"inLanguage\":\"es\",\"potentialAction\":[{\"@type\":\"CommentAction\",\"name\":\"Comment\",\"target\":[\"https:\/\/www.padreeustaquio.com.br\/serie-espiritualidade-de-padre-eustaquio-devocao-ao-santissimo-sacramento\/#respond\"]}]},{\"@type\":\"WebPage\",\"@id\":\"https:\/\/www.padreeustaquio.com.br\/serie-espiritualidade-de-padre-eustaquio-devocao-ao-santissimo-sacramento\/\",\"url\":\"https:\/\/www.padreeustaquio.com.br\/serie-espiritualidade-de-padre-eustaquio-devocao-ao-santissimo-sacramento\/\",\"name\":\"S\u00e9rie ESPIRITUALIDADE DE PADRE EUST\u00c1QUIO: devo\u00e7\u00e3o ao Sant\u00edssimo Sacramento\",\"isPartOf\":{\"@id\":\"https:\/\/www.padreeustaquio.com.br\/#website\"},\"primaryImageOfPage\":{\"@id\":\"https:\/\/www.padreeustaquio.com.br\/serie-espiritualidade-de-padre-eustaquio-devocao-ao-santissimo-sacramento\/#primaryimage\"},\"image\":{\"@id\":\"https:\/\/www.padreeustaquio.com.br\/serie-espiritualidade-de-padre-eustaquio-devocao-ao-santissimo-sacramento\/#primaryimage\"},\"thumbnailUrl\":\"https:\/\/www.padreeustaquio.com.br\/wp-content\/uploads\/2023\/01\/espiritualidade-3.jpeg\",\"datePublished\":\"2023-01-18T09:19:00+00:00\",\"description\":\"Como falar de Padre Eust\u00e1quio e n\u00e3o contar do seu amor \u00e0 Jesus Eucar\u00edstico? Na nossa terceira publica\u00e7\u00e3o sobre a Espiritualidade do Bem-Aventurado, falaremos da devo\u00e7\u00e3o do Beato \u00e0 Sagrada Eucaristia.\",\"breadcrumb\":{\"@id\":\"https:\/\/www.padreeustaquio.com.br\/serie-espiritualidade-de-padre-eustaquio-devocao-ao-santissimo-sacramento\/#breadcrumb\"},\"inLanguage\":\"es\",\"potentialAction\":[{\"@type\":\"ReadAction\",\"target\":[\"https:\/\/www.padreeustaquio.com.br\/serie-espiritualidade-de-padre-eustaquio-devocao-ao-santissimo-sacramento\/\"]}]},{\"@type\":\"ImageObject\",\"inLanguage\":\"es\",\"@id\":\"https:\/\/www.padreeustaquio.com.br\/serie-espiritualidade-de-padre-eustaquio-devocao-ao-santissimo-sacramento\/#primaryimage\",\"url\":\"https:\/\/www.padreeustaquio.com.br\/wp-content\/uploads\/2023\/01\/espiritualidade-3.jpeg\",\"contentUrl\":\"https:\/\/www.padreeustaquio.com.br\/wp-content\/uploads\/2023\/01\/espiritualidade-3.jpeg\",\"width\":1280,\"height\":831},{\"@type\":\"BreadcrumbList\",\"@id\":\"https:\/\/www.padreeustaquio.com.br\/serie-espiritualidade-de-padre-eustaquio-devocao-ao-santissimo-sacramento\/#breadcrumb\",\"itemListElement\":[{\"@type\":\"ListItem\",\"position\":1,\"name\":\"In\u00edcio\",\"item\":\"https:\/\/www.padreeustaquio.com.br\/\"},{\"@type\":\"ListItem\",\"position\":2,\"name\":\"S\u00e9rie ESPIRITUALIDADE DE PADRE EUST\u00c1QUIO: devo\u00e7\u00e3o ao Sant\u00edssimo Sacramento\"}]},{\"@type\":\"WebSite\",\"@id\":\"https:\/\/www.padreeustaquio.com.br\/#website\",\"url\":\"https:\/\/www.padreeustaquio.com.br\/\",\"name\":\"Padre Eust\u00e1quio\",\"description\":\"Sa\u00fade e Paz\",\"publisher\":{\"@id\":\"https:\/\/www.padreeustaquio.com.br\/#organization\"},\"potentialAction\":[{\"@type\":\"SearchAction\",\"target\":{\"@type\":\"EntryPoint\",\"urlTemplate\":\"https:\/\/www.padreeustaquio.com.br\/?s={search_term_string}\"},\"query-input\":{\"@type\":\"PropertyValueSpecification\",\"valueRequired\":true,\"valueName\":\"search_term_string\"}}],\"inLanguage\":\"es\"},{\"@type\":\"Organization\",\"@id\":\"https:\/\/www.padreeustaquio.com.br\/#organization\",\"name\":\"Padre Eust\u00e1quio\",\"url\":\"https:\/\/www.padreeustaquio.com.br\/\",\"logo\":{\"@type\":\"ImageObject\",\"inLanguage\":\"es\",\"@id\":\"https:\/\/www.padreeustaquio.com.br\/#\/schema\/logo\/image\/\",\"url\":\"https:\/\/www.padreeustaquio.com.br\/wp-content\/uploads\/2019\/08\/marca.png\",\"contentUrl\":\"https:\/\/www.padreeustaquio.com.br\/wp-content\/uploads\/2019\/08\/marca.png\",\"width\":350,\"height\":400,\"caption\":\"Padre Eust\u00e1quio\"},\"image\":{\"@id\":\"https:\/\/www.padreeustaquio.com.br\/#\/schema\/logo\/image\/\"},\"sameAs\":[\"https:\/\/www.facebook.com\/beatopadreeustaquio\/\",\"https:\/\/x.com\/beatopeustaquio\",\"https:\/\/www.instagram.com\/beatopadreeustaquio\/\",\"https:\/\/www.youtube.com\/channel\/UCRhw7vfabnajwLxb1ZXMeIw\"]},{\"@type\":\"Person\",\"@id\":\"https:\/\/www.padreeustaquio.com.br\/#\/schema\/person\/a2a51db1d00f1a7af0204a0f1ddb1566\",\"name\":\"@sscc\",\"image\":{\"@type\":\"ImageObject\",\"inLanguage\":\"es\",\"@id\":\"https:\/\/secure.gravatar.com\/avatar\/68cfafa5f44617fea54071e215026e0ff06be366c3d54a8425f04fdcb86f8c5f?s=96&d=mm&r=g\",\"url\":\"https:\/\/secure.gravatar.com\/avatar\/68cfafa5f44617fea54071e215026e0ff06be366c3d54a8425f04fdcb86f8c5f?s=96&d=mm&r=g\",\"contentUrl\":\"https:\/\/secure.gravatar.com\/avatar\/68cfafa5f44617fea54071e215026e0ff06be366c3d54a8425f04fdcb86f8c5f?s=96&d=mm&r=g\",\"caption\":\"@sscc\"},\"url\":\"https:\/\/www.padreeustaquio.com.br\/es\/author\/sscc\/\"}]}<\/script>\n<!-- \/ Yoast SEO plugin. -->","yoast_head_json":{"title":"Serie de Espiritualidad del Padre Eust\u00e1quio: Devoci\u00f3n al Sant\u00edsimo Sacramento","description":"\u00bfC\u00f3mo podemos hablar del Padre Eustaquio sin mencionar su amor por Jes\u00fas en la Eucarist\u00eda? En nuestra tercera publicaci\u00f3n sobre la Espiritualidad del Beato, abordaremos su devoci\u00f3n a la Sagrada Eucarist\u00eda.","robots":{"index":"index","follow":"follow","max-snippet":"max-snippet:-1","max-image-preview":"max-image-preview:large","max-video-preview":"max-video-preview:-1"},"canonical":"https:\/\/www.padreeustaquio.com.br\/es\/serie-de-espiritualidad-del-padre-eustace-devocion-al-santisimo-sacramento\/","og_locale":"es_ES","og_type":"article","og_title":"S\u00e9rie ESPIRITUALIDADE DE PADRE EUST\u00c1QUIO: devo\u00e7\u00e3o ao Sant\u00edssimo Sacramento","og_description":"Como falar de Padre Eust\u00e1quio e n\u00e3o contar do seu amor \u00e0 Jesus Eucar\u00edstico? Na nossa terceira publica\u00e7\u00e3o sobre a Espiritualidade do Bem-Aventurado, falaremos da devo\u00e7\u00e3o do Beato \u00e0 Sagrada Eucaristia.","og_url":"https:\/\/www.padreeustaquio.com.br\/es\/serie-de-espiritualidad-del-padre-eustace-devocion-al-santisimo-sacramento\/","og_site_name":"Padre Eust\u00e1quio","article_publisher":"https:\/\/www.facebook.com\/beatopadreeustaquio\/","article_published_time":"2023-01-18T09:19:00+00:00","og_image":[{"width":1280,"height":831,"url":"https:\/\/www.padreeustaquio.com.br\/wp-content\/uploads\/2023\/01\/espiritualidade-3.jpeg","type":"image\/jpeg"}],"author":"@sscc","twitter_card":"summary_large_image","twitter_creator":"@beatopeustaquio","twitter_site":"@beatopeustaquio","twitter_misc":{"Escrito por":"@sscc","Tiempo de lectura":"2 minutos"},"schema":{"@context":"https:\/\/schema.org","@graph":[{"@type":"Article","@id":"https:\/\/www.padreeustaquio.com.br\/serie-espiritualidade-de-padre-eustaquio-devocao-ao-santissimo-sacramento\/#article","isPartOf":{"@id":"https:\/\/www.padreeustaquio.com.br\/serie-espiritualidade-de-padre-eustaquio-devocao-ao-santissimo-sacramento\/"},"author":{"name":"@sscc","@id":"https:\/\/www.padreeustaquio.com.br\/#\/schema\/person\/a2a51db1d00f1a7af0204a0f1ddb1566"},"headline":"S\u00e9rie ESPIRITUALIDADE DE PADRE EUST\u00c1QUIO: devo\u00e7\u00e3o ao Sant\u00edssimo Sacramento","datePublished":"2023-01-18T09:19:00+00:00","mainEntityOfPage":{"@id":"https:\/\/www.padreeustaquio.com.br\/serie-espiritualidade-de-padre-eustaquio-devocao-ao-santissimo-sacramento\/"},"wordCount":289,"commentCount":0,"publisher":{"@id":"https:\/\/www.padreeustaquio.com.br\/#organization"},"image":{"@id":"https:\/\/www.padreeustaquio.com.br\/serie-espiritualidade-de-padre-eustaquio-devocao-ao-santissimo-sacramento\/#primaryimage"},"thumbnailUrl":"https:\/\/www.padreeustaquio.com.br\/wp-content\/uploads\/2023\/01\/espiritualidade-3.jpeg","articleSection":["Not\u00edcias"],"inLanguage":"es","potentialAction":[{"@type":"CommentAction","name":"Comment","target":["https:\/\/www.padreeustaquio.com.br\/serie-espiritualidade-de-padre-eustaquio-devocao-ao-santissimo-sacramento\/#respond"]}]},{"@type":"WebPage","@id":"https:\/\/www.padreeustaquio.com.br\/serie-espiritualidade-de-padre-eustaquio-devocao-ao-santissimo-sacramento\/","url":"https:\/\/www.padreeustaquio.com.br\/serie-espiritualidade-de-padre-eustaquio-devocao-ao-santissimo-sacramento\/","name":"Serie de Espiritualidad del Padre Eust\u00e1quio: Devoci\u00f3n al Sant\u00edsimo Sacramento","isPartOf":{"@id":"https:\/\/www.padreeustaquio.com.br\/#website"},"primaryImageOfPage":{"@id":"https:\/\/www.padreeustaquio.com.br\/serie-espiritualidade-de-padre-eustaquio-devocao-ao-santissimo-sacramento\/#primaryimage"},"image":{"@id":"https:\/\/www.padreeustaquio.com.br\/serie-espiritualidade-de-padre-eustaquio-devocao-ao-santissimo-sacramento\/#primaryimage"},"thumbnailUrl":"https:\/\/www.padreeustaquio.com.br\/wp-content\/uploads\/2023\/01\/espiritualidade-3.jpeg","datePublished":"2023-01-18T09:19:00+00:00","description":"\u00bfC\u00f3mo podemos hablar del Padre Eustaquio sin mencionar su amor por Jes\u00fas en la Eucarist\u00eda? En nuestra tercera publicaci\u00f3n sobre la Espiritualidad del Beato, abordaremos su devoci\u00f3n a la Sagrada Eucarist\u00eda.","breadcrumb":{"@id":"https:\/\/www.padreeustaquio.com.br\/serie-espiritualidade-de-padre-eustaquio-devocao-ao-santissimo-sacramento\/#breadcrumb"},"inLanguage":"es","potentialAction":[{"@type":"ReadAction","target":["https:\/\/www.padreeustaquio.com.br\/serie-espiritualidade-de-padre-eustaquio-devocao-ao-santissimo-sacramento\/"]}]},{"@type":"ImageObject","inLanguage":"es","@id":"https:\/\/www.padreeustaquio.com.br\/serie-espiritualidade-de-padre-eustaquio-devocao-ao-santissimo-sacramento\/#primaryimage","url":"https:\/\/www.padreeustaquio.com.br\/wp-content\/uploads\/2023\/01\/espiritualidade-3.jpeg","contentUrl":"https:\/\/www.padreeustaquio.com.br\/wp-content\/uploads\/2023\/01\/espiritualidade-3.jpeg","width":1280,"height":831},{"@type":"BreadcrumbList","@id":"https:\/\/www.padreeustaquio.com.br\/serie-espiritualidade-de-padre-eustaquio-devocao-ao-santissimo-sacramento\/#breadcrumb","itemListElement":[{"@type":"ListItem","position":1,"name":"In\u00edcio","item":"https:\/\/www.padreeustaquio.com.br\/"},{"@type":"ListItem","position":2,"name":"S\u00e9rie ESPIRITUALIDADE DE PADRE EUST\u00c1QUIO: devo\u00e7\u00e3o ao Sant\u00edssimo Sacramento"}]},{"@type":"WebSite","@id":"https:\/\/www.padreeustaquio.com.br\/#website","url":"https:\/\/www.padreeustaquio.com.br\/","name":"Padre Eustace","description":"Salud y Paz","publisher":{"@id":"https:\/\/www.padreeustaquio.com.br\/#organization"},"potentialAction":[{"@type":"SearchAction","target":{"@type":"EntryPoint","urlTemplate":"https:\/\/www.padreeustaquio.com.br\/?s={search_term_string}"},"query-input":{"@type":"PropertyValueSpecification","valueRequired":true,"valueName":"search_term_string"}}],"inLanguage":"es"},{"@type":"Organization","@id":"https:\/\/www.padreeustaquio.com.br\/#organization","name":"Padre Eustace","url":"https:\/\/www.padreeustaquio.com.br\/","logo":{"@type":"ImageObject","inLanguage":"es","@id":"https:\/\/www.padreeustaquio.com.br\/#\/schema\/logo\/image\/","url":"https:\/\/www.padreeustaquio.com.br\/wp-content\/uploads\/2019\/08\/marca.png","contentUrl":"https:\/\/www.padreeustaquio.com.br\/wp-content\/uploads\/2019\/08\/marca.png","width":350,"height":400,"caption":"Padre Eust\u00e1quio"},"image":{"@id":"https:\/\/www.padreeustaquio.com.br\/#\/schema\/logo\/image\/"},"sameAs":["https:\/\/www.facebook.com\/beatopadreeustaquio\/","https:\/\/x.com\/beatopeustaquio","https:\/\/www.instagram.com\/beatopadreeustaquio\/","https:\/\/www.youtube.com\/channel\/UCRhw7vfabnajwLxb1ZXMeIw"]},{"@type":"Person","@id":"https:\/\/www.padreeustaquio.com.br\/#\/schema\/person\/a2a51db1d00f1a7af0204a0f1ddb1566","name":"@sscc","image":{"@type":"ImageObject","inLanguage":"es","@id":"https:\/\/secure.gravatar.com\/avatar\/68cfafa5f44617fea54071e215026e0ff06be366c3d54a8425f04fdcb86f8c5f?s=96&d=mm&r=g","url":"https:\/\/secure.gravatar.com\/avatar\/68cfafa5f44617fea54071e215026e0ff06be366c3d54a8425f04fdcb86f8c5f?s=96&d=mm&r=g","contentUrl":"https:\/\/secure.gravatar.com\/avatar\/68cfafa5f44617fea54071e215026e0ff06be366c3d54a8425f04fdcb86f8c5f?s=96&d=mm&r=g","caption":"@sscc"},"url":"https:\/\/www.padreeustaquio.com.br\/es\/author\/sscc\/"}]}},"_links":{"self":[{"href":"https:\/\/www.padreeustaquio.com.br\/es\/wp-json\/wp\/v2\/posts\/9758","targetHints":{"allow":["GET"]}}],"collection":[{"href":"https:\/\/www.padreeustaquio.com.br\/es\/wp-json\/wp\/v2\/posts"}],"about":[{"href":"https:\/\/www.padreeustaquio.com.br\/es\/wp-json\/wp\/v2\/types\/post"}],"author":[{"embeddable":true,"href":"https:\/\/www.padreeustaquio.com.br\/es\/wp-json\/wp\/v2\/users\/2"}],"replies":[{"embeddable":true,"href":"https:\/\/www.padreeustaquio.com.br\/es\/wp-json\/wp\/v2\/comments?post=9758"}],"version-history":[{"count":0,"href":"https:\/\/www.padreeustaquio.com.br\/es\/wp-json\/wp\/v2\/posts\/9758\/revisions"}],"wp:featuredmedia":[{"embeddable":true,"href":"https:\/\/www.padreeustaquio.com.br\/es\/wp-json\/wp\/v2\/media\/9759"}],"wp:attachment":[{"href":"https:\/\/www.padreeustaquio.com.br\/es\/wp-json\/wp\/v2\/media?parent=9758"}],"wp:term":[{"taxonomy":"category","embeddable":true,"href":"https:\/\/www.padreeustaquio.com.br\/es\/wp-json\/wp\/v2\/categories?post=9758"},{"taxonomy":"post_tag","embeddable":true,"href":"https:\/\/www.padreeustaquio.com.br\/es\/wp-json\/wp\/v2\/tags?post=9758"}],"curies":[{"name":"wp","href":"https:\/\/api.w.org\/{rel}","templated":true}]}}