{"id":9745,"date":"2023-01-13T07:18:00","date_gmt":"2023-01-13T10:18:00","guid":{"rendered":"https:\/\/www.padreeustaquio.com.br\/?p=9745"},"modified":"2023-01-13T07:19:23","modified_gmt":"2023-01-13T10:19:23","slug":"hermanos-de-la-provincia-de-brasil-region-de-paraguay-se-reunen-en-asamblea","status":"publish","type":"post","link":"https:\/\/www.padreeustaquio.com.br\/es\/hermanos-de-la-provincia-de-brasil-region-de-paraguay-se-reunen-en-asamblea\/","title":{"rendered":"Hermanos de la Provincia de Brasil \u2013 Regi\u00f3n Paraguay se re\u00fanen en Asamblea."},"content":{"rendered":"<p>Los hermanos de la Congregaci\u00f3n de los Sagrados Corazones, que realizan su labor misionera en Brasil y Paraguay, se re\u00fanen en la regi\u00f3n metropolitana de Belo Horizonte para la Asamblea General de la Provincia. Durante estos cinco d\u00edas, los hermanos est\u00e1n haciendo balance del trabajo realizado y elaborando un programa de actividades para 2023.<\/p>\n\n\n<div class=\"wp-block-image\">\n<figure class=\"alignleft size-medium is-resized\"><img fetchpriority=\"high\" decoding=\"async\" src=\"https:\/\/www.padreeustaquio.com.br\/wp-content\/uploads\/2023\/01\/Assembleia-provincial-brasil-300x225.jpeg\" alt=\"\" class=\"wp-image-9799\" width=\"354\" height=\"266\" srcset=\"https:\/\/www.padreeustaquio.com.br\/wp-content\/uploads\/2023\/01\/Assembleia-provincial-brasil-300x225.jpeg 300w, https:\/\/www.padreeustaquio.com.br\/wp-content\/uploads\/2023\/01\/Assembleia-provincial-brasil-768x576.jpeg 768w, https:\/\/www.padreeustaquio.com.br\/wp-content\/uploads\/2023\/01\/Assembleia-provincial-brasil-180x135.jpeg 180w, https:\/\/www.padreeustaquio.com.br\/wp-content\/uploads\/2023\/01\/Assembleia-provincial-brasil-400x300.jpeg 400w, https:\/\/www.padreeustaquio.com.br\/wp-content\/uploads\/2023\/01\/Assembleia-provincial-brasil-600x450.jpeg 600w, https:\/\/www.padreeustaquio.com.br\/wp-content\/uploads\/2023\/01\/Assembleia-provincial-brasil-800x600.jpeg 800w, https:\/\/www.padreeustaquio.com.br\/wp-content\/uploads\/2023\/01\/Assembleia-provincial-brasil.jpeg 1024w\" sizes=\"(max-width: 354px) 100vw, 354px\" \/><\/figure>\n<\/div>\n\n\n<p>Una veintena de hermanos, entre sacerdotes, di\u00e1conos, hermanos y postulantes, se han reunido en el Retiro das Rosas (Salesianos), en Cachoeira do Campo, Ouro Preto, regi\u00f3n metropolitana de Belo Horizonte, desde el pasado lunes (09\/01\/23). Coordinados por el provincial, P. Osv\u00e2nio Humberto Mariano, sscc, los trabajos se centran en la presentaci\u00f3n de las actividades realizadas a lo largo de 2022 y el programa de actividades de las casas de la provincia para 2023.<\/p>\n\n\n\n<p>Adem\u00e1s de las actividades religiosas, la Asamblea tambi\u00e9n incluye momentos de rendici\u00f3n de cuentas y revisi\u00f3n de documentos relacionados con la Congregaci\u00f3n y la Iglesia, as\u00ed como un intercambio de experiencias entre los participantes.<\/p>\n\n\n\n<p>La reuni\u00f3n, que finaliza este viernes, se celebra anualmente entre sacerdotes y hermanos. En 2021, la asamblea se celebr\u00f3 en Pindamonhangaba, S\u00e3o Paulo. El a\u00f1o pasado, durante un per\u00edodo de menor incidencia del virus, los hermanos se reunieron en el mismo lugar (Ouro Preto, MG), en abril.<\/p>\n\n\n\n<p><\/p>","protected":false},"excerpt":{"rendered":"<p>Os irm\u00e3os da Congrega\u00e7\u00e3o dos Sagrados Cora\u00e7\u00f5es, que realizam seus trabalhos mission\u00e1rios no Brasil e no Paraguai est\u00e3o reunidos na regi\u00e3o metropolitana de Belo Horizonte para a Assembleia Geral da Prov\u00edncia. Durante estes 5 dias, os irm\u00e3os fazem um balan\u00e7o dos trabalhos realizados e um cronograma das atividades de 2023. Cerca de vinte irm\u00e3os, entre padres, di\u00e1conos, irm\u00e3os e postulantes est\u00e3o reunidos no Retiro das Rosas (Salesianos), em Cachoeira do Campo, Ouro Preto, regi\u00e3o metropolitana de Belo Horizonte desde a \u00faltima segunda-feira (09\/01\/23). Coordenados pelo provincial, Pe. Osv\u00e2nio Humberto Mariano, sscc, os trabalhos se concentram na apresenta\u00e7\u00e3o das atividades realizadas [&hellip;]<\/p>\n","protected":false},"author":2,"featured_media":9796,"comment_status":"open","ping_status":"closed","sticky":false,"template":"","format":"standard","meta":{"_acf_changed":false,"footnotes":""},"categories":[611],"tags":[],"class_list":["post-9745","post","type-post","status-publish","format-standard","has-post-thumbnail","hentry","category-noticias"],"acf":[],"yoast_head":"<!-- This site is optimized with the Yoast SEO plugin v27.2 - https:\/\/yoast.com\/product\/yoast-seo-wordpress\/ -->\n<title>Irm\u00e3os da Prov\u00edncia do Brasil - regi\u00e3o do Paraguai se re\u00fanem em Assembleia<\/title>\n<meta name=\"description\" content=\"Os irm\u00e3os da Congrega\u00e7\u00e3o dos Sagrados Cora\u00e7\u00f5es, que realizam seus trabalhos mission\u00e1rios no Brasil e no Paraguai est\u00e3o reunidos na regi\u00e3o metropolitana de Belo Horizonte para a Assembleia Geral da Prov\u00edncia. Durante 5 dias, os irm\u00e3os far\u00e3o um balan\u00e7o dos trabalhos realizados e far\u00e3o um cronograma das atividades de 2023.\" \/>\n<meta name=\"robots\" content=\"index, follow, max-snippet:-1, max-image-preview:large, max-video-preview:-1\" \/>\n<link rel=\"canonical\" href=\"https:\/\/www.padreeustaquio.com.br\/es\/hermanos-de-la-provincia-de-brasil-region-de-paraguay-se-reunen-en-asamblea\/\" \/>\n<meta property=\"og:locale\" content=\"es_ES\" \/>\n<meta property=\"og:type\" content=\"article\" \/>\n<meta property=\"og:title\" content=\"Irm\u00e3os da Prov\u00edncia do Brasil - regi\u00e3o do Paraguai se re\u00fanem em Assembleia\" \/>\n<meta property=\"og:description\" content=\"Os irm\u00e3os da Congrega\u00e7\u00e3o dos Sagrados Cora\u00e7\u00f5es, que realizam seus trabalhos mission\u00e1rios no Brasil e no Paraguai est\u00e3o reunidos na regi\u00e3o metropolitana de Belo Horizonte para a Assembleia Geral da Prov\u00edncia. Durante 5 dias, os irm\u00e3os far\u00e3o um balan\u00e7o dos trabalhos realizados e far\u00e3o um cronograma das atividades de 2023.\" \/>\n<meta property=\"og:url\" content=\"https:\/\/www.padreeustaquio.com.br\/es\/hermanos-de-la-provincia-de-brasil-region-de-paraguay-se-reunen-en-asamblea\/\" \/>\n<meta property=\"og:site_name\" content=\"Padre Eust\u00e1quio\" \/>\n<meta property=\"article:publisher\" content=\"https:\/\/www.facebook.com\/beatopadreeustaquio\/\" \/>\n<meta property=\"article:published_time\" content=\"2023-01-13T10:18:00+00:00\" \/>\n<meta property=\"article:modified_time\" content=\"2023-01-13T10:19:23+00:00\" \/>\n<meta property=\"og:image\" content=\"https:\/\/www.padreeustaquio.com.br\/wp-content\/uploads\/2023\/01\/Encontro-provincia-2023.jpeg\" \/>\n\t<meta property=\"og:image:width\" content=\"1024\" \/>\n\t<meta property=\"og:image:height\" content=\"613\" \/>\n\t<meta property=\"og:image:type\" content=\"image\/jpeg\" \/>\n<meta name=\"author\" content=\"@sscc\" \/>\n<meta name=\"twitter:card\" content=\"summary_large_image\" \/>\n<meta name=\"twitter:creator\" content=\"@beatopeustaquio\" \/>\n<meta name=\"twitter:site\" content=\"@beatopeustaquio\" \/>\n<meta name=\"twitter:label1\" content=\"Escrito por\" \/>\n\t<meta name=\"twitter:data1\" content=\"@sscc\" \/>\n\t<meta name=\"twitter:label2\" content=\"Tiempo de lectura\" \/>\n\t<meta name=\"twitter:data2\" content=\"2 minutos\" \/>\n<script type=\"application\/ld+json\" class=\"yoast-schema-graph\">{\"@context\":\"https:\/\/schema.org\",\"@graph\":[{\"@type\":\"Article\",\"@id\":\"https:\/\/www.padreeustaquio.com.br\/irmaos-da-provincia-do-brasil-regiao-do-paraguai-se-reunem-em-assembleia\/#article\",\"isPartOf\":{\"@id\":\"https:\/\/www.padreeustaquio.com.br\/irmaos-da-provincia-do-brasil-regiao-do-paraguai-se-reunem-em-assembleia\/\"},\"author\":{\"name\":\"@sscc\",\"@id\":\"https:\/\/www.padreeustaquio.com.br\/#\/schema\/person\/a2a51db1d00f1a7af0204a0f1ddb1566\"},\"headline\":\"Irm\u00e3os da Prov\u00edncia do Brasil &#8211; regi\u00e3o do Paraguai se re\u00fanem em Assembleia\",\"datePublished\":\"2023-01-13T10:18:00+00:00\",\"dateModified\":\"2023-01-13T10:19:23+00:00\",\"mainEntityOfPage\":{\"@id\":\"https:\/\/www.padreeustaquio.com.br\/irmaos-da-provincia-do-brasil-regiao-do-paraguai-se-reunem-em-assembleia\/\"},\"wordCount\":237,\"commentCount\":0,\"publisher\":{\"@id\":\"https:\/\/www.padreeustaquio.com.br\/#organization\"},\"image\":{\"@id\":\"https:\/\/www.padreeustaquio.com.br\/irmaos-da-provincia-do-brasil-regiao-do-paraguai-se-reunem-em-assembleia\/#primaryimage\"},\"thumbnailUrl\":\"https:\/\/www.padreeustaquio.com.br\/wp-content\/uploads\/2023\/01\/Encontro-provincia-2023.jpeg\",\"articleSection\":[\"Not\u00edcias\"],\"inLanguage\":\"es\",\"potentialAction\":[{\"@type\":\"CommentAction\",\"name\":\"Comment\",\"target\":[\"https:\/\/www.padreeustaquio.com.br\/irmaos-da-provincia-do-brasil-regiao-do-paraguai-se-reunem-em-assembleia\/#respond\"]}]},{\"@type\":\"WebPage\",\"@id\":\"https:\/\/www.padreeustaquio.com.br\/irmaos-da-provincia-do-brasil-regiao-do-paraguai-se-reunem-em-assembleia\/\",\"url\":\"https:\/\/www.padreeustaquio.com.br\/irmaos-da-provincia-do-brasil-regiao-do-paraguai-se-reunem-em-assembleia\/\",\"name\":\"Irm\u00e3os da Prov\u00edncia do Brasil - regi\u00e3o do Paraguai se re\u00fanem em Assembleia\",\"isPartOf\":{\"@id\":\"https:\/\/www.padreeustaquio.com.br\/#website\"},\"primaryImageOfPage\":{\"@id\":\"https:\/\/www.padreeustaquio.com.br\/irmaos-da-provincia-do-brasil-regiao-do-paraguai-se-reunem-em-assembleia\/#primaryimage\"},\"image\":{\"@id\":\"https:\/\/www.padreeustaquio.com.br\/irmaos-da-provincia-do-brasil-regiao-do-paraguai-se-reunem-em-assembleia\/#primaryimage\"},\"thumbnailUrl\":\"https:\/\/www.padreeustaquio.com.br\/wp-content\/uploads\/2023\/01\/Encontro-provincia-2023.jpeg\",\"datePublished\":\"2023-01-13T10:18:00+00:00\",\"dateModified\":\"2023-01-13T10:19:23+00:00\",\"description\":\"Os irm\u00e3os da Congrega\u00e7\u00e3o dos Sagrados Cora\u00e7\u00f5es, que realizam seus trabalhos mission\u00e1rios no Brasil e no Paraguai est\u00e3o reunidos na regi\u00e3o metropolitana de Belo Horizonte para a Assembleia Geral da Prov\u00edncia. Durante 5 dias, os irm\u00e3os far\u00e3o um balan\u00e7o dos trabalhos realizados e far\u00e3o um cronograma das atividades de 2023.\",\"breadcrumb\":{\"@id\":\"https:\/\/www.padreeustaquio.com.br\/irmaos-da-provincia-do-brasil-regiao-do-paraguai-se-reunem-em-assembleia\/#breadcrumb\"},\"inLanguage\":\"es\",\"potentialAction\":[{\"@type\":\"ReadAction\",\"target\":[\"https:\/\/www.padreeustaquio.com.br\/irmaos-da-provincia-do-brasil-regiao-do-paraguai-se-reunem-em-assembleia\/\"]}]},{\"@type\":\"ImageObject\",\"inLanguage\":\"es\",\"@id\":\"https:\/\/www.padreeustaquio.com.br\/irmaos-da-provincia-do-brasil-regiao-do-paraguai-se-reunem-em-assembleia\/#primaryimage\",\"url\":\"https:\/\/www.padreeustaquio.com.br\/wp-content\/uploads\/2023\/01\/Encontro-provincia-2023.jpeg\",\"contentUrl\":\"https:\/\/www.padreeustaquio.com.br\/wp-content\/uploads\/2023\/01\/Encontro-provincia-2023.jpeg\",\"width\":1024,\"height\":613},{\"@type\":\"BreadcrumbList\",\"@id\":\"https:\/\/www.padreeustaquio.com.br\/irmaos-da-provincia-do-brasil-regiao-do-paraguai-se-reunem-em-assembleia\/#breadcrumb\",\"itemListElement\":[{\"@type\":\"ListItem\",\"position\":1,\"name\":\"In\u00edcio\",\"item\":\"https:\/\/www.padreeustaquio.com.br\/\"},{\"@type\":\"ListItem\",\"position\":2,\"name\":\"Irm\u00e3os da Prov\u00edncia do Brasil &#8211; regi\u00e3o do Paraguai se re\u00fanem em Assembleia\"}]},{\"@type\":\"WebSite\",\"@id\":\"https:\/\/www.padreeustaquio.com.br\/#website\",\"url\":\"https:\/\/www.padreeustaquio.com.br\/\",\"name\":\"Padre Eust\u00e1quio\",\"description\":\"Sa\u00fade e Paz\",\"publisher\":{\"@id\":\"https:\/\/www.padreeustaquio.com.br\/#organization\"},\"potentialAction\":[{\"@type\":\"SearchAction\",\"target\":{\"@type\":\"EntryPoint\",\"urlTemplate\":\"https:\/\/www.padreeustaquio.com.br\/?s={search_term_string}\"},\"query-input\":{\"@type\":\"PropertyValueSpecification\",\"valueRequired\":true,\"valueName\":\"search_term_string\"}}],\"inLanguage\":\"es\"},{\"@type\":\"Organization\",\"@id\":\"https:\/\/www.padreeustaquio.com.br\/#organization\",\"name\":\"Padre Eust\u00e1quio\",\"url\":\"https:\/\/www.padreeustaquio.com.br\/\",\"logo\":{\"@type\":\"ImageObject\",\"inLanguage\":\"es\",\"@id\":\"https:\/\/www.padreeustaquio.com.br\/#\/schema\/logo\/image\/\",\"url\":\"https:\/\/www.padreeustaquio.com.br\/wp-content\/uploads\/2019\/08\/marca.png\",\"contentUrl\":\"https:\/\/www.padreeustaquio.com.br\/wp-content\/uploads\/2019\/08\/marca.png\",\"width\":350,\"height\":400,\"caption\":\"Padre Eust\u00e1quio\"},\"image\":{\"@id\":\"https:\/\/www.padreeustaquio.com.br\/#\/schema\/logo\/image\/\"},\"sameAs\":[\"https:\/\/www.facebook.com\/beatopadreeustaquio\/\",\"https:\/\/x.com\/beatopeustaquio\",\"https:\/\/www.instagram.com\/beatopadreeustaquio\/\",\"https:\/\/www.youtube.com\/channel\/UCRhw7vfabnajwLxb1ZXMeIw\"]},{\"@type\":\"Person\",\"@id\":\"https:\/\/www.padreeustaquio.com.br\/#\/schema\/person\/a2a51db1d00f1a7af0204a0f1ddb1566\",\"name\":\"@sscc\",\"image\":{\"@type\":\"ImageObject\",\"inLanguage\":\"es\",\"@id\":\"https:\/\/secure.gravatar.com\/avatar\/68cfafa5f44617fea54071e215026e0ff06be366c3d54a8425f04fdcb86f8c5f?s=96&d=mm&r=g\",\"url\":\"https:\/\/secure.gravatar.com\/avatar\/68cfafa5f44617fea54071e215026e0ff06be366c3d54a8425f04fdcb86f8c5f?s=96&d=mm&r=g\",\"contentUrl\":\"https:\/\/secure.gravatar.com\/avatar\/68cfafa5f44617fea54071e215026e0ff06be366c3d54a8425f04fdcb86f8c5f?s=96&d=mm&r=g\",\"caption\":\"@sscc\"},\"url\":\"https:\/\/www.padreeustaquio.com.br\/es\/author\/sscc\/\"}]}<\/script>\n<!-- \/ Yoast SEO plugin. -->","yoast_head_json":{"title":"Hermanos de la Provincia de Brasil \u2013 Regi\u00f3n Paraguay se re\u00fanen en Asamblea.","description":"Los hermanos de la Congregaci\u00f3n de los Sagrados Corazones, que realizan su labor misionera en Brasil y Paraguay, se re\u00fanen en la regi\u00f3n metropolitana de Belo Horizonte para la Asamblea General de la Provincia. Durante cinco d\u00edas, revisar\u00e1n el trabajo realizado y elaborar\u00e1n un programa de actividades para 2023.","robots":{"index":"index","follow":"follow","max-snippet":"max-snippet:-1","max-image-preview":"max-image-preview:large","max-video-preview":"max-video-preview:-1"},"canonical":"https:\/\/www.padreeustaquio.com.br\/es\/hermanos-de-la-provincia-de-brasil-region-de-paraguay-se-reunen-en-asamblea\/","og_locale":"es_ES","og_type":"article","og_title":"Irm\u00e3os da Prov\u00edncia do Brasil - regi\u00e3o do Paraguai se re\u00fanem em Assembleia","og_description":"Os irm\u00e3os da Congrega\u00e7\u00e3o dos Sagrados Cora\u00e7\u00f5es, que realizam seus trabalhos mission\u00e1rios no Brasil e no Paraguai est\u00e3o reunidos na regi\u00e3o metropolitana de Belo Horizonte para a Assembleia Geral da Prov\u00edncia. Durante 5 dias, os irm\u00e3os far\u00e3o um balan\u00e7o dos trabalhos realizados e far\u00e3o um cronograma das atividades de 2023.","og_url":"https:\/\/www.padreeustaquio.com.br\/es\/hermanos-de-la-provincia-de-brasil-region-de-paraguay-se-reunen-en-asamblea\/","og_site_name":"Padre Eust\u00e1quio","article_publisher":"https:\/\/www.facebook.com\/beatopadreeustaquio\/","article_published_time":"2023-01-13T10:18:00+00:00","article_modified_time":"2023-01-13T10:19:23+00:00","og_image":[{"width":1024,"height":613,"url":"https:\/\/www.padreeustaquio.com.br\/wp-content\/uploads\/2023\/01\/Encontro-provincia-2023.jpeg","type":"image\/jpeg"}],"author":"@sscc","twitter_card":"summary_large_image","twitter_creator":"@beatopeustaquio","twitter_site":"@beatopeustaquio","twitter_misc":{"Escrito por":"@sscc","Tiempo de lectura":"2 minutos"},"schema":{"@context":"https:\/\/schema.org","@graph":[{"@type":"Article","@id":"https:\/\/www.padreeustaquio.com.br\/irmaos-da-provincia-do-brasil-regiao-do-paraguai-se-reunem-em-assembleia\/#article","isPartOf":{"@id":"https:\/\/www.padreeustaquio.com.br\/irmaos-da-provincia-do-brasil-regiao-do-paraguai-se-reunem-em-assembleia\/"},"author":{"name":"@sscc","@id":"https:\/\/www.padreeustaquio.com.br\/#\/schema\/person\/a2a51db1d00f1a7af0204a0f1ddb1566"},"headline":"Irm\u00e3os da Prov\u00edncia do Brasil &#8211; regi\u00e3o do Paraguai se re\u00fanem em Assembleia","datePublished":"2023-01-13T10:18:00+00:00","dateModified":"2023-01-13T10:19:23+00:00","mainEntityOfPage":{"@id":"https:\/\/www.padreeustaquio.com.br\/irmaos-da-provincia-do-brasil-regiao-do-paraguai-se-reunem-em-assembleia\/"},"wordCount":237,"commentCount":0,"publisher":{"@id":"https:\/\/www.padreeustaquio.com.br\/#organization"},"image":{"@id":"https:\/\/www.padreeustaquio.com.br\/irmaos-da-provincia-do-brasil-regiao-do-paraguai-se-reunem-em-assembleia\/#primaryimage"},"thumbnailUrl":"https:\/\/www.padreeustaquio.com.br\/wp-content\/uploads\/2023\/01\/Encontro-provincia-2023.jpeg","articleSection":["Not\u00edcias"],"inLanguage":"es","potentialAction":[{"@type":"CommentAction","name":"Comment","target":["https:\/\/www.padreeustaquio.com.br\/irmaos-da-provincia-do-brasil-regiao-do-paraguai-se-reunem-em-assembleia\/#respond"]}]},{"@type":"WebPage","@id":"https:\/\/www.padreeustaquio.com.br\/irmaos-da-provincia-do-brasil-regiao-do-paraguai-se-reunem-em-assembleia\/","url":"https:\/\/www.padreeustaquio.com.br\/irmaos-da-provincia-do-brasil-regiao-do-paraguai-se-reunem-em-assembleia\/","name":"Hermanos de la Provincia de Brasil \u2013 Regi\u00f3n Paraguay se re\u00fanen en Asamblea.","isPartOf":{"@id":"https:\/\/www.padreeustaquio.com.br\/#website"},"primaryImageOfPage":{"@id":"https:\/\/www.padreeustaquio.com.br\/irmaos-da-provincia-do-brasil-regiao-do-paraguai-se-reunem-em-assembleia\/#primaryimage"},"image":{"@id":"https:\/\/www.padreeustaquio.com.br\/irmaos-da-provincia-do-brasil-regiao-do-paraguai-se-reunem-em-assembleia\/#primaryimage"},"thumbnailUrl":"https:\/\/www.padreeustaquio.com.br\/wp-content\/uploads\/2023\/01\/Encontro-provincia-2023.jpeg","datePublished":"2023-01-13T10:18:00+00:00","dateModified":"2023-01-13T10:19:23+00:00","description":"Los hermanos de la Congregaci\u00f3n de los Sagrados Corazones, que realizan su labor misionera en Brasil y Paraguay, se re\u00fanen en la regi\u00f3n metropolitana de Belo Horizonte para la Asamblea General de la Provincia. Durante cinco d\u00edas, revisar\u00e1n el trabajo realizado y elaborar\u00e1n un programa de actividades para 2023.","breadcrumb":{"@id":"https:\/\/www.padreeustaquio.com.br\/irmaos-da-provincia-do-brasil-regiao-do-paraguai-se-reunem-em-assembleia\/#breadcrumb"},"inLanguage":"es","potentialAction":[{"@type":"ReadAction","target":["https:\/\/www.padreeustaquio.com.br\/irmaos-da-provincia-do-brasil-regiao-do-paraguai-se-reunem-em-assembleia\/"]}]},{"@type":"ImageObject","inLanguage":"es","@id":"https:\/\/www.padreeustaquio.com.br\/irmaos-da-provincia-do-brasil-regiao-do-paraguai-se-reunem-em-assembleia\/#primaryimage","url":"https:\/\/www.padreeustaquio.com.br\/wp-content\/uploads\/2023\/01\/Encontro-provincia-2023.jpeg","contentUrl":"https:\/\/www.padreeustaquio.com.br\/wp-content\/uploads\/2023\/01\/Encontro-provincia-2023.jpeg","width":1024,"height":613},{"@type":"BreadcrumbList","@id":"https:\/\/www.padreeustaquio.com.br\/irmaos-da-provincia-do-brasil-regiao-do-paraguai-se-reunem-em-assembleia\/#breadcrumb","itemListElement":[{"@type":"ListItem","position":1,"name":"In\u00edcio","item":"https:\/\/www.padreeustaquio.com.br\/"},{"@type":"ListItem","position":2,"name":"Irm\u00e3os da Prov\u00edncia do Brasil &#8211; regi\u00e3o do Paraguai se re\u00fanem em Assembleia"}]},{"@type":"WebSite","@id":"https:\/\/www.padreeustaquio.com.br\/#website","url":"https:\/\/www.padreeustaquio.com.br\/","name":"Padre Eustace","description":"Salud y Paz","publisher":{"@id":"https:\/\/www.padreeustaquio.com.br\/#organization"},"potentialAction":[{"@type":"SearchAction","target":{"@type":"EntryPoint","urlTemplate":"https:\/\/www.padreeustaquio.com.br\/?s={search_term_string}"},"query-input":{"@type":"PropertyValueSpecification","valueRequired":true,"valueName":"search_term_string"}}],"inLanguage":"es"},{"@type":"Organization","@id":"https:\/\/www.padreeustaquio.com.br\/#organization","name":"Padre Eustace","url":"https:\/\/www.padreeustaquio.com.br\/","logo":{"@type":"ImageObject","inLanguage":"es","@id":"https:\/\/www.padreeustaquio.com.br\/#\/schema\/logo\/image\/","url":"https:\/\/www.padreeustaquio.com.br\/wp-content\/uploads\/2019\/08\/marca.png","contentUrl":"https:\/\/www.padreeustaquio.com.br\/wp-content\/uploads\/2019\/08\/marca.png","width":350,"height":400,"caption":"Padre Eust\u00e1quio"},"image":{"@id":"https:\/\/www.padreeustaquio.com.br\/#\/schema\/logo\/image\/"},"sameAs":["https:\/\/www.facebook.com\/beatopadreeustaquio\/","https:\/\/x.com\/beatopeustaquio","https:\/\/www.instagram.com\/beatopadreeustaquio\/","https:\/\/www.youtube.com\/channel\/UCRhw7vfabnajwLxb1ZXMeIw"]},{"@type":"Person","@id":"https:\/\/www.padreeustaquio.com.br\/#\/schema\/person\/a2a51db1d00f1a7af0204a0f1ddb1566","name":"@sscc","image":{"@type":"ImageObject","inLanguage":"es","@id":"https:\/\/secure.gravatar.com\/avatar\/68cfafa5f44617fea54071e215026e0ff06be366c3d54a8425f04fdcb86f8c5f?s=96&d=mm&r=g","url":"https:\/\/secure.gravatar.com\/avatar\/68cfafa5f44617fea54071e215026e0ff06be366c3d54a8425f04fdcb86f8c5f?s=96&d=mm&r=g","contentUrl":"https:\/\/secure.gravatar.com\/avatar\/68cfafa5f44617fea54071e215026e0ff06be366c3d54a8425f04fdcb86f8c5f?s=96&d=mm&r=g","caption":"@sscc"},"url":"https:\/\/www.padreeustaquio.com.br\/es\/author\/sscc\/"}]}},"_links":{"self":[{"href":"https:\/\/www.padreeustaquio.com.br\/es\/wp-json\/wp\/v2\/posts\/9745","targetHints":{"allow":["GET"]}}],"collection":[{"href":"https:\/\/www.padreeustaquio.com.br\/es\/wp-json\/wp\/v2\/posts"}],"about":[{"href":"https:\/\/www.padreeustaquio.com.br\/es\/wp-json\/wp\/v2\/types\/post"}],"author":[{"embeddable":true,"href":"https:\/\/www.padreeustaquio.com.br\/es\/wp-json\/wp\/v2\/users\/2"}],"replies":[{"embeddable":true,"href":"https:\/\/www.padreeustaquio.com.br\/es\/wp-json\/wp\/v2\/comments?post=9745"}],"version-history":[{"count":0,"href":"https:\/\/www.padreeustaquio.com.br\/es\/wp-json\/wp\/v2\/posts\/9745\/revisions"}],"wp:featuredmedia":[{"embeddable":true,"href":"https:\/\/www.padreeustaquio.com.br\/es\/wp-json\/wp\/v2\/media\/9796"}],"wp:attachment":[{"href":"https:\/\/www.padreeustaquio.com.br\/es\/wp-json\/wp\/v2\/media?parent=9745"}],"wp:term":[{"taxonomy":"category","embeddable":true,"href":"https:\/\/www.padreeustaquio.com.br\/es\/wp-json\/wp\/v2\/categories?post=9745"},{"taxonomy":"post_tag","embeddable":true,"href":"https:\/\/www.padreeustaquio.com.br\/es\/wp-json\/wp\/v2\/tags?post=9745"}],"curies":[{"name":"wp","href":"https:\/\/api.w.org\/{rel}","templated":true}]}}