{"id":9737,"date":"2023-01-10T07:36:31","date_gmt":"2023-01-10T10:36:31","guid":{"rendered":"https:\/\/www.padreeustaquio.com.br\/?p=9737"},"modified":"2023-01-10T07:36:32","modified_gmt":"2023-01-10T10:36:32","slug":"como-podemos-prepararnos-para-tener-un-corazon-ligero-dios-nos-ha-regalado-el-sacramento-de-la-confesion","status":"publish","type":"post","link":"https:\/\/www.padreeustaquio.com.br\/es\/como-podemos-prepararnos-para-tener-un-corazon-ligero-dios-nos-ha-regalado-el-sacramento-de-la-confesion\/","title":{"rendered":"C\u00f3mo prepararnos para tener un coraz\u00f3n ligero: \u201cDios nos ha regalado el sacramento de la Confesi\u00f3n\u201d.\u201d"},"content":{"rendered":"<p>Al comenzar un nuevo a\u00f1o, muchos cristianos se proponen comenzar el ciclo de una manera que les permita experimentar las ense\u00f1anzas de Jes\u00fas con mayor plenitud. Uno de los sacramentos que forma parte de la vida de los fieles es la Confesi\u00f3n. Aunque pueda generar cierta aprensi\u00f3n, especialmente sobre la forma correcta de expresarnos, la Confesi\u00f3n nos acerca a Jes\u00fas y nos inspira a\u00fan m\u00e1s a seguir sus pasos. El sacramento es un retorno a Dios, un momento en el que nos acercamos a la misericordia divina y recibimos el perd\u00f3n de nuestras ofensas. Vea la entrevista con el padre Marcus Vin\u00edcius Maciel, rector del Santuario Arquidiocesano de Salud y Paz, y aprenda m\u00e1s sobre c\u00f3mo prepararse para una buena Confesi\u00f3n.<\/p>\n\n\n\n<p><strong>\u00bfPor qu\u00e9 debemos los cristianos ir a confesarnos?&nbsp;<\/strong><\/p>\n\n\n\n<p>Los sacramentos son signos del amor de Dios por nosotros. Porque Dios nos ama profundamente y conoce nuestra fragilidad, nos regal\u00f3 el sacramento de la confesi\u00f3n para darnos fuerza y aliento en nuestro camino. Debemos confesarnos para reconciliarnos con Dios y con nuestros hermanos, y para recibir esta gracia de Dios en nosotros.<\/p>\n\n\n\n<p><strong>\u00bfY cu\u00e1ndo es el momento adecuado para buscar el sacramento?<\/strong><\/p>\n\n\n\n<p>El momento adecuado para confesarse con un sacerdote depende en gran medida de la formaci\u00f3n de cada persona y de la madurez de nuestra conciencia, de c\u00f3mo desarrollamos nuestra capacidad y sensibilidad para percibir nuestra relaci\u00f3n con Dios y con nuestros hermanos. Es importante que tengamos una conciencia madura y adulta, que no seamos tan escrupulosos como para perdernos o confundirnos con cada acontecimiento, pero tambi\u00e9n es importante saber que esta frecuencia es necesaria. La Iglesia pide que sea al menos una vez al a\u00f1o, pero una persona con una vida de reflexi\u00f3n buscar\u00e1 esta reconciliaci\u00f3n con mayor frecuencia, pudiendo as\u00ed purificar su coraz\u00f3n mediante esta actitud constante de b\u00fasqueda de Dios y la armon\u00eda con sus hermanos. La confesi\u00f3n es regenerativa e integradora.<\/p>\n\n\n\n<p><strong>\u00bfC\u00f3mo puedo prepararme para una buena confesi\u00f3n? \u00bfQu\u00e9 debo tener en cuenta?<\/strong><br>Debemos buscar las palabras de Jes\u00fas. Reflexionar sobre los Diez Mandamientos, por ejemplo, puede ayudarnos, pero lo fundamental es mantener la Palabra de Dios en perspectiva. \u00bfY qu\u00e9 nos dice Dios? Amar al pr\u00f3jimo como a nosotros mismos significa amarnos a nosotros mismos, amar a los dem\u00e1s y, sobre todo, amar a Dios. Pero quien dice amar a Dios a quien no ve, pero no ama a su hermano a quien s\u00ed ve, Jes\u00fas lo llama mentiroso. Por lo tanto, el gran criterio para prepararse para la Confesi\u00f3n debe ser siempre observar las actitudes del Evangelio, las actitudes de Jes\u00fas, que nos permiten tener un coraz\u00f3n en sinton\u00eda con el coraz\u00f3n de Jes\u00fas. Esta sinton\u00eda nos preparar\u00e1 para una buena Confesi\u00f3n.<\/p>\n\n\n\n<p><strong>\u00bfY c\u00f3mo podemos sentir esta armon\u00eda?<\/strong><\/p>\n\n\n\n<p>Un ejemplo muy sencillo y hermoso es la canci\u00f3n del Padre Zezinho que dice as\u00ed: amar como Jes\u00fas am\u00f3, pensar como Jes\u00fas pens\u00f3\u2026 Una pregunta que podemos hacernos es: \u00bfc\u00f3mo actuar\u00eda Jes\u00fas en esta situaci\u00f3n si estuviera en mi lugar? \u00bfC\u00f3mo debo actuar para tener un coraz\u00f3n como el de Jes\u00fas? Sobre todo, cultivando el amor por las personas, por los m\u00e1s d\u00e9biles, por quienes m\u00e1s nos necesitan, y especialmente por quienes est\u00e1n m\u00e1s cerca de nosotros, quienes viven con nosotros.<\/p>\n\n\n\n<p><strong>\u00bfQu\u00e9 pasa si olvido alg\u00fan pecado?<\/strong><\/p>\n\n\n\n<p>Para Dios, un coraz\u00f3n arrepentido vale m\u00e1s que una enumeraci\u00f3n matem\u00e1tica de pecados. Si olvido alg\u00fan pecado, Dios perdona, perdona todos los pecados. No necesitamos obsesionarnos con detalles minuciosos sobre cada uno, buscando cantidades; lo importante es tener una verdadera actitud de arrepentimiento y conversi\u00f3n, de b\u00fasqueda de Dios y de reconciliaci\u00f3n con nuestros hermanos.<\/p>\n\n\n\n<p><strong>\u00bfPor qu\u00e9 es importante cumplir la penitencia dada por el sacerdote?<\/strong><\/p>\n\n\n\n<p>Cumplir la penitencia que nos pide el sacerdote es una forma de expresar nuestra gratitud, nuestro compromiso de comenzar una nueva vida. No es un pago ni un intercambio, es la expresi\u00f3n de un coraz\u00f3n arrepentido dispuesto a construir una nueva era.<\/p>\n\n\n\n<p><strong>\u00bfEs el comienzo de un nuevo a\u00f1o un buen momento para buscar el sacramento de la Confesi\u00f3n?<\/strong><\/p>\n\n\n\n<p>Es bueno confesarnos siempre que estemos a punto de vivir un momento importante y cuando nos demos cuenta de que nuestro coraz\u00f3n lo necesita. Confesarse al comienzo de un nuevo a\u00f1o puede ser una buena pr\u00e1ctica, pero no es una obligaci\u00f3n ni una condici\u00f3n. Lo importante es recordar siempre que Dios vino por pecadores, no por santos. Debo confesarme con frecuencia para estar en gracia de Dios y comulgar para mantener esta gracia de Dios en m\u00ed, fortaleciendo as\u00ed mi camino de comuni\u00f3n con el Se\u00f1or y con mis hermanos.<\/p>\n\n\n\n<p><\/p>","protected":false},"excerpt":{"rendered":"<p>No in\u00edcio de um novo ano muitos crist\u00e3os fazem prop\u00f3sitos para come\u00e7ar o ciclo de modo a vivenciar ainda mais os ensinamentos de Jesus. Um dos sacramentos que fazem parte da vida dos fi\u00e9is \u00e9 a Confiss\u00e3o. Embora possa inspirar algum receio, especialmente sobre a forma correta de nos expressarmos, a Confiss\u00e3o nos aproxima de Jesus e nos faz querer seguir cada vez mais os seus passos. O sacramento \u00e9 a volta a Deus, momento em que nos aproximamos da miseric\u00f3rdia divina, recebendo o perd\u00e3o pelas nossas ofensas. Acompanhe a entrevista do padre Marcus Vin\u00edcius Maciel, reitor do Santu\u00e1rio Arquidiocesano [&hellip;]<\/p>\n","protected":false},"author":2,"featured_media":9738,"comment_status":"open","ping_status":"closed","sticky":false,"template":"","format":"standard","meta":{"_acf_changed":false,"footnotes":""},"categories":[611],"tags":[],"class_list":["post-9737","post","type-post","status-publish","format-standard","has-post-thumbnail","hentry","category-noticias"],"acf":[],"yoast_head":"<!-- This site is optimized with the Yoast SEO plugin v27.2 - https:\/\/yoast.com\/product\/yoast-seo-wordpress\/ -->\n<title>Como nos preparar para ter o cora\u00e7\u00e3o leve: \u201cDeus nos presenteou com o sacramento da Confiss\u00e3o\u201d<\/title>\n<meta name=\"description\" content=\"Embora possa inspirar algum receio, especialmente sobre a forma correta de nos expressarmos, a Confiss\u00e3o nos aproxima de Jesus e nos faz querer seguir cada vez mais os seus passos. O sacramento \u00e9 a volta a Deus, momento em que nos aproximamos da miseric\u00f3rdia divina, recebendo o perd\u00e3o pelas nossas ofensas. Acompanhe a entrevista do padre Marcus Vin\u00edcius Maciel, reitor do Santu\u00e1rio Arquidiocesano da Sa\u00fade e da Paz, e aprenda mais sobre como se preparar para uma boa Confiss\u00e3o.\" \/>\n<meta name=\"robots\" content=\"index, follow, max-snippet:-1, max-image-preview:large, max-video-preview:-1\" \/>\n<link rel=\"canonical\" href=\"https:\/\/www.padreeustaquio.com.br\/es\/como-podemos-prepararnos-para-tener-un-corazon-ligero-dios-nos-ha-regalado-el-sacramento-de-la-confesion\/\" \/>\n<meta property=\"og:locale\" content=\"es_ES\" \/>\n<meta property=\"og:type\" content=\"article\" \/>\n<meta property=\"og:title\" content=\"Como nos preparar para ter o cora\u00e7\u00e3o leve: \u201cDeus nos presenteou com o sacramento da Confiss\u00e3o\u201d\" \/>\n<meta property=\"og:description\" content=\"Embora possa inspirar algum receio, especialmente sobre a forma correta de nos expressarmos, a Confiss\u00e3o nos aproxima de Jesus e nos faz querer seguir cada vez mais os seus passos. O sacramento \u00e9 a volta a Deus, momento em que nos aproximamos da miseric\u00f3rdia divina, recebendo o perd\u00e3o pelas nossas ofensas. Acompanhe a entrevista do padre Marcus Vin\u00edcius Maciel, reitor do Santu\u00e1rio Arquidiocesano da Sa\u00fade e da Paz, e aprenda mais sobre como se preparar para uma boa Confiss\u00e3o.\" \/>\n<meta property=\"og:url\" content=\"https:\/\/www.padreeustaquio.com.br\/es\/como-podemos-prepararnos-para-tener-un-corazon-ligero-dios-nos-ha-regalado-el-sacramento-de-la-confesion\/\" \/>\n<meta property=\"og:site_name\" content=\"Padre Eust\u00e1quio\" \/>\n<meta property=\"article:publisher\" content=\"https:\/\/www.facebook.com\/beatopadreeustaquio\/\" \/>\n<meta property=\"article:published_time\" content=\"2023-01-10T10:36:31+00:00\" \/>\n<meta property=\"article:modified_time\" content=\"2023-01-10T10:36:32+00:00\" \/>\n<meta property=\"og:image\" content=\"https:\/\/www.padreeustaquio.com.br\/wp-content\/uploads\/2023\/01\/confissao.jpg\" \/>\n\t<meta property=\"og:image:width\" content=\"1000\" \/>\n\t<meta property=\"og:image:height\" content=\"666\" \/>\n\t<meta property=\"og:image:type\" content=\"image\/jpeg\" \/>\n<meta name=\"author\" content=\"@sscc\" \/>\n<meta name=\"twitter:card\" content=\"summary_large_image\" \/>\n<meta name=\"twitter:creator\" content=\"@beatopeustaquio\" \/>\n<meta name=\"twitter:site\" content=\"@beatopeustaquio\" \/>\n<meta name=\"twitter:label1\" content=\"Escrito por\" \/>\n\t<meta name=\"twitter:data1\" content=\"@sscc\" \/>\n\t<meta name=\"twitter:label2\" content=\"Tiempo de lectura\" \/>\n\t<meta name=\"twitter:data2\" content=\"4 minutos\" \/>\n<script type=\"application\/ld+json\" class=\"yoast-schema-graph\">{\"@context\":\"https:\/\/schema.org\",\"@graph\":[{\"@type\":\"Article\",\"@id\":\"https:\/\/www.padreeustaquio.com.br\/como-nos-preparar-para-ter-o-coracao-leve-deus-nos-presenteou-com-o-sacramento-da-confissao\/#article\",\"isPartOf\":{\"@id\":\"https:\/\/www.padreeustaquio.com.br\/como-nos-preparar-para-ter-o-coracao-leve-deus-nos-presenteou-com-o-sacramento-da-confissao\/\"},\"author\":{\"name\":\"@sscc\",\"@id\":\"https:\/\/www.padreeustaquio.com.br\/#\/schema\/person\/a2a51db1d00f1a7af0204a0f1ddb1566\"},\"headline\":\"Como nos preparar para ter o cora\u00e7\u00e3o leve: \u201cDeus nos presenteou com o sacramento da Confiss\u00e3o\u201d\",\"datePublished\":\"2023-01-10T10:36:31+00:00\",\"dateModified\":\"2023-01-10T10:36:32+00:00\",\"mainEntityOfPage\":{\"@id\":\"https:\/\/www.padreeustaquio.com.br\/como-nos-preparar-para-ter-o-coracao-leve-deus-nos-presenteou-com-o-sacramento-da-confissao\/\"},\"wordCount\":865,\"commentCount\":0,\"publisher\":{\"@id\":\"https:\/\/www.padreeustaquio.com.br\/#organization\"},\"image\":{\"@id\":\"https:\/\/www.padreeustaquio.com.br\/como-nos-preparar-para-ter-o-coracao-leve-deus-nos-presenteou-com-o-sacramento-da-confissao\/#primaryimage\"},\"thumbnailUrl\":\"https:\/\/www.padreeustaquio.com.br\/wp-content\/uploads\/2023\/01\/confissao.jpg\",\"articleSection\":[\"Not\u00edcias\"],\"inLanguage\":\"es\",\"potentialAction\":[{\"@type\":\"CommentAction\",\"name\":\"Comment\",\"target\":[\"https:\/\/www.padreeustaquio.com.br\/como-nos-preparar-para-ter-o-coracao-leve-deus-nos-presenteou-com-o-sacramento-da-confissao\/#respond\"]}]},{\"@type\":\"WebPage\",\"@id\":\"https:\/\/www.padreeustaquio.com.br\/como-nos-preparar-para-ter-o-coracao-leve-deus-nos-presenteou-com-o-sacramento-da-confissao\/\",\"url\":\"https:\/\/www.padreeustaquio.com.br\/como-nos-preparar-para-ter-o-coracao-leve-deus-nos-presenteou-com-o-sacramento-da-confissao\/\",\"name\":\"Como nos preparar para ter o cora\u00e7\u00e3o leve: \u201cDeus nos presenteou com o sacramento da Confiss\u00e3o\u201d\",\"isPartOf\":{\"@id\":\"https:\/\/www.padreeustaquio.com.br\/#website\"},\"primaryImageOfPage\":{\"@id\":\"https:\/\/www.padreeustaquio.com.br\/como-nos-preparar-para-ter-o-coracao-leve-deus-nos-presenteou-com-o-sacramento-da-confissao\/#primaryimage\"},\"image\":{\"@id\":\"https:\/\/www.padreeustaquio.com.br\/como-nos-preparar-para-ter-o-coracao-leve-deus-nos-presenteou-com-o-sacramento-da-confissao\/#primaryimage\"},\"thumbnailUrl\":\"https:\/\/www.padreeustaquio.com.br\/wp-content\/uploads\/2023\/01\/confissao.jpg\",\"datePublished\":\"2023-01-10T10:36:31+00:00\",\"dateModified\":\"2023-01-10T10:36:32+00:00\",\"description\":\"Embora possa inspirar algum receio, especialmente sobre a forma correta de nos expressarmos, a Confiss\u00e3o nos aproxima de Jesus e nos faz querer seguir cada vez mais os seus passos. O sacramento \u00e9 a volta a Deus, momento em que nos aproximamos da miseric\u00f3rdia divina, recebendo o perd\u00e3o pelas nossas ofensas. Acompanhe a entrevista do padre Marcus Vin\u00edcius Maciel, reitor do Santu\u00e1rio Arquidiocesano da Sa\u00fade e da Paz, e aprenda mais sobre como se preparar para uma boa Confiss\u00e3o.\",\"breadcrumb\":{\"@id\":\"https:\/\/www.padreeustaquio.com.br\/como-nos-preparar-para-ter-o-coracao-leve-deus-nos-presenteou-com-o-sacramento-da-confissao\/#breadcrumb\"},\"inLanguage\":\"es\",\"potentialAction\":[{\"@type\":\"ReadAction\",\"target\":[\"https:\/\/www.padreeustaquio.com.br\/como-nos-preparar-para-ter-o-coracao-leve-deus-nos-presenteou-com-o-sacramento-da-confissao\/\"]}]},{\"@type\":\"ImageObject\",\"inLanguage\":\"es\",\"@id\":\"https:\/\/www.padreeustaquio.com.br\/como-nos-preparar-para-ter-o-coracao-leve-deus-nos-presenteou-com-o-sacramento-da-confissao\/#primaryimage\",\"url\":\"https:\/\/www.padreeustaquio.com.br\/wp-content\/uploads\/2023\/01\/confissao.jpg\",\"contentUrl\":\"https:\/\/www.padreeustaquio.com.br\/wp-content\/uploads\/2023\/01\/confissao.jpg\",\"width\":1000,\"height\":666},{\"@type\":\"BreadcrumbList\",\"@id\":\"https:\/\/www.padreeustaquio.com.br\/como-nos-preparar-para-ter-o-coracao-leve-deus-nos-presenteou-com-o-sacramento-da-confissao\/#breadcrumb\",\"itemListElement\":[{\"@type\":\"ListItem\",\"position\":1,\"name\":\"In\u00edcio\",\"item\":\"https:\/\/www.padreeustaquio.com.br\/\"},{\"@type\":\"ListItem\",\"position\":2,\"name\":\"Como nos preparar para ter o cora\u00e7\u00e3o leve: \u201cDeus nos presenteou com o sacramento da Confiss\u00e3o\u201d\"}]},{\"@type\":\"WebSite\",\"@id\":\"https:\/\/www.padreeustaquio.com.br\/#website\",\"url\":\"https:\/\/www.padreeustaquio.com.br\/\",\"name\":\"Padre Eust\u00e1quio\",\"description\":\"Sa\u00fade e Paz\",\"publisher\":{\"@id\":\"https:\/\/www.padreeustaquio.com.br\/#organization\"},\"potentialAction\":[{\"@type\":\"SearchAction\",\"target\":{\"@type\":\"EntryPoint\",\"urlTemplate\":\"https:\/\/www.padreeustaquio.com.br\/?s={search_term_string}\"},\"query-input\":{\"@type\":\"PropertyValueSpecification\",\"valueRequired\":true,\"valueName\":\"search_term_string\"}}],\"inLanguage\":\"es\"},{\"@type\":\"Organization\",\"@id\":\"https:\/\/www.padreeustaquio.com.br\/#organization\",\"name\":\"Padre Eust\u00e1quio\",\"url\":\"https:\/\/www.padreeustaquio.com.br\/\",\"logo\":{\"@type\":\"ImageObject\",\"inLanguage\":\"es\",\"@id\":\"https:\/\/www.padreeustaquio.com.br\/#\/schema\/logo\/image\/\",\"url\":\"https:\/\/www.padreeustaquio.com.br\/wp-content\/uploads\/2019\/08\/marca.png\",\"contentUrl\":\"https:\/\/www.padreeustaquio.com.br\/wp-content\/uploads\/2019\/08\/marca.png\",\"width\":350,\"height\":400,\"caption\":\"Padre Eust\u00e1quio\"},\"image\":{\"@id\":\"https:\/\/www.padreeustaquio.com.br\/#\/schema\/logo\/image\/\"},\"sameAs\":[\"https:\/\/www.facebook.com\/beatopadreeustaquio\/\",\"https:\/\/x.com\/beatopeustaquio\",\"https:\/\/www.instagram.com\/beatopadreeustaquio\/\",\"https:\/\/www.youtube.com\/channel\/UCRhw7vfabnajwLxb1ZXMeIw\"]},{\"@type\":\"Person\",\"@id\":\"https:\/\/www.padreeustaquio.com.br\/#\/schema\/person\/a2a51db1d00f1a7af0204a0f1ddb1566\",\"name\":\"@sscc\",\"image\":{\"@type\":\"ImageObject\",\"inLanguage\":\"es\",\"@id\":\"https:\/\/secure.gravatar.com\/avatar\/68cfafa5f44617fea54071e215026e0ff06be366c3d54a8425f04fdcb86f8c5f?s=96&d=mm&r=g\",\"url\":\"https:\/\/secure.gravatar.com\/avatar\/68cfafa5f44617fea54071e215026e0ff06be366c3d54a8425f04fdcb86f8c5f?s=96&d=mm&r=g\",\"contentUrl\":\"https:\/\/secure.gravatar.com\/avatar\/68cfafa5f44617fea54071e215026e0ff06be366c3d54a8425f04fdcb86f8c5f?s=96&d=mm&r=g\",\"caption\":\"@sscc\"},\"url\":\"https:\/\/www.padreeustaquio.com.br\/es\/author\/sscc\/\"}]}<\/script>\n<!-- \/ Yoast SEO plugin. -->","yoast_head_json":{"title":"C\u00f3mo prepararnos para tener un coraz\u00f3n ligero: \u201cDios nos ha regalado el sacramento de la Confesi\u00f3n\u201d.\u201d","description":"Aunque pueda inspirar cierta aprensi\u00f3n, especialmente en cuanto a la forma correcta de expresarnos, la Confesi\u00f3n nos acerca a Jes\u00fas y nos inspira a seguir cada vez m\u00e1s sus pasos. El sacramento es un retorno a Dios, un momento en el que nos acercamos a la misericordia divina, recibiendo el perd\u00f3n de nuestras ofensas. Vea la entrevista con el Padre Marcus Vin\u00edcius Maciel, rector del Santuario Arquidiocesano de Salud y Paz, y aprenda m\u00e1s sobre c\u00f3mo prepararse para una buena Confesi\u00f3n.","robots":{"index":"index","follow":"follow","max-snippet":"max-snippet:-1","max-image-preview":"max-image-preview:large","max-video-preview":"max-video-preview:-1"},"canonical":"https:\/\/www.padreeustaquio.com.br\/es\/como-podemos-prepararnos-para-tener-un-corazon-ligero-dios-nos-ha-regalado-el-sacramento-de-la-confesion\/","og_locale":"es_ES","og_type":"article","og_title":"Como nos preparar para ter o cora\u00e7\u00e3o leve: \u201cDeus nos presenteou com o sacramento da Confiss\u00e3o\u201d","og_description":"Embora possa inspirar algum receio, especialmente sobre a forma correta de nos expressarmos, a Confiss\u00e3o nos aproxima de Jesus e nos faz querer seguir cada vez mais os seus passos. O sacramento \u00e9 a volta a Deus, momento em que nos aproximamos da miseric\u00f3rdia divina, recebendo o perd\u00e3o pelas nossas ofensas. Acompanhe a entrevista do padre Marcus Vin\u00edcius Maciel, reitor do Santu\u00e1rio Arquidiocesano da Sa\u00fade e da Paz, e aprenda mais sobre como se preparar para uma boa Confiss\u00e3o.","og_url":"https:\/\/www.padreeustaquio.com.br\/es\/como-podemos-prepararnos-para-tener-un-corazon-ligero-dios-nos-ha-regalado-el-sacramento-de-la-confesion\/","og_site_name":"Padre Eust\u00e1quio","article_publisher":"https:\/\/www.facebook.com\/beatopadreeustaquio\/","article_published_time":"2023-01-10T10:36:31+00:00","article_modified_time":"2023-01-10T10:36:32+00:00","og_image":[{"width":1000,"height":666,"url":"https:\/\/www.padreeustaquio.com.br\/wp-content\/uploads\/2023\/01\/confissao.jpg","type":"image\/jpeg"}],"author":"@sscc","twitter_card":"summary_large_image","twitter_creator":"@beatopeustaquio","twitter_site":"@beatopeustaquio","twitter_misc":{"Escrito por":"@sscc","Tiempo de lectura":"4 minutos"},"schema":{"@context":"https:\/\/schema.org","@graph":[{"@type":"Article","@id":"https:\/\/www.padreeustaquio.com.br\/como-nos-preparar-para-ter-o-coracao-leve-deus-nos-presenteou-com-o-sacramento-da-confissao\/#article","isPartOf":{"@id":"https:\/\/www.padreeustaquio.com.br\/como-nos-preparar-para-ter-o-coracao-leve-deus-nos-presenteou-com-o-sacramento-da-confissao\/"},"author":{"name":"@sscc","@id":"https:\/\/www.padreeustaquio.com.br\/#\/schema\/person\/a2a51db1d00f1a7af0204a0f1ddb1566"},"headline":"Como nos preparar para ter o cora\u00e7\u00e3o leve: \u201cDeus nos presenteou com o sacramento da Confiss\u00e3o\u201d","datePublished":"2023-01-10T10:36:31+00:00","dateModified":"2023-01-10T10:36:32+00:00","mainEntityOfPage":{"@id":"https:\/\/www.padreeustaquio.com.br\/como-nos-preparar-para-ter-o-coracao-leve-deus-nos-presenteou-com-o-sacramento-da-confissao\/"},"wordCount":865,"commentCount":0,"publisher":{"@id":"https:\/\/www.padreeustaquio.com.br\/#organization"},"image":{"@id":"https:\/\/www.padreeustaquio.com.br\/como-nos-preparar-para-ter-o-coracao-leve-deus-nos-presenteou-com-o-sacramento-da-confissao\/#primaryimage"},"thumbnailUrl":"https:\/\/www.padreeustaquio.com.br\/wp-content\/uploads\/2023\/01\/confissao.jpg","articleSection":["Not\u00edcias"],"inLanguage":"es","potentialAction":[{"@type":"CommentAction","name":"Comment","target":["https:\/\/www.padreeustaquio.com.br\/como-nos-preparar-para-ter-o-coracao-leve-deus-nos-presenteou-com-o-sacramento-da-confissao\/#respond"]}]},{"@type":"WebPage","@id":"https:\/\/www.padreeustaquio.com.br\/como-nos-preparar-para-ter-o-coracao-leve-deus-nos-presenteou-com-o-sacramento-da-confissao\/","url":"https:\/\/www.padreeustaquio.com.br\/como-nos-preparar-para-ter-o-coracao-leve-deus-nos-presenteou-com-o-sacramento-da-confissao\/","name":"C\u00f3mo prepararnos para tener un coraz\u00f3n ligero: \u201cDios nos ha regalado el sacramento de la Confesi\u00f3n\u201d.\u201d","isPartOf":{"@id":"https:\/\/www.padreeustaquio.com.br\/#website"},"primaryImageOfPage":{"@id":"https:\/\/www.padreeustaquio.com.br\/como-nos-preparar-para-ter-o-coracao-leve-deus-nos-presenteou-com-o-sacramento-da-confissao\/#primaryimage"},"image":{"@id":"https:\/\/www.padreeustaquio.com.br\/como-nos-preparar-para-ter-o-coracao-leve-deus-nos-presenteou-com-o-sacramento-da-confissao\/#primaryimage"},"thumbnailUrl":"https:\/\/www.padreeustaquio.com.br\/wp-content\/uploads\/2023\/01\/confissao.jpg","datePublished":"2023-01-10T10:36:31+00:00","dateModified":"2023-01-10T10:36:32+00:00","description":"Aunque pueda inspirar cierta aprensi\u00f3n, especialmente en cuanto a la forma correcta de expresarnos, la Confesi\u00f3n nos acerca a Jes\u00fas y nos inspira a seguir cada vez m\u00e1s sus pasos. El sacramento es un retorno a Dios, un momento en el que nos acercamos a la misericordia divina, recibiendo el perd\u00f3n de nuestras ofensas. Vea la entrevista con el Padre Marcus Vin\u00edcius Maciel, rector del Santuario Arquidiocesano de Salud y Paz, y aprenda m\u00e1s sobre c\u00f3mo prepararse para una buena Confesi\u00f3n.","breadcrumb":{"@id":"https:\/\/www.padreeustaquio.com.br\/como-nos-preparar-para-ter-o-coracao-leve-deus-nos-presenteou-com-o-sacramento-da-confissao\/#breadcrumb"},"inLanguage":"es","potentialAction":[{"@type":"ReadAction","target":["https:\/\/www.padreeustaquio.com.br\/como-nos-preparar-para-ter-o-coracao-leve-deus-nos-presenteou-com-o-sacramento-da-confissao\/"]}]},{"@type":"ImageObject","inLanguage":"es","@id":"https:\/\/www.padreeustaquio.com.br\/como-nos-preparar-para-ter-o-coracao-leve-deus-nos-presenteou-com-o-sacramento-da-confissao\/#primaryimage","url":"https:\/\/www.padreeustaquio.com.br\/wp-content\/uploads\/2023\/01\/confissao.jpg","contentUrl":"https:\/\/www.padreeustaquio.com.br\/wp-content\/uploads\/2023\/01\/confissao.jpg","width":1000,"height":666},{"@type":"BreadcrumbList","@id":"https:\/\/www.padreeustaquio.com.br\/como-nos-preparar-para-ter-o-coracao-leve-deus-nos-presenteou-com-o-sacramento-da-confissao\/#breadcrumb","itemListElement":[{"@type":"ListItem","position":1,"name":"In\u00edcio","item":"https:\/\/www.padreeustaquio.com.br\/"},{"@type":"ListItem","position":2,"name":"Como nos preparar para ter o cora\u00e7\u00e3o leve: \u201cDeus nos presenteou com o sacramento da Confiss\u00e3o\u201d"}]},{"@type":"WebSite","@id":"https:\/\/www.padreeustaquio.com.br\/#website","url":"https:\/\/www.padreeustaquio.com.br\/","name":"Padre Eustace","description":"Salud y Paz","publisher":{"@id":"https:\/\/www.padreeustaquio.com.br\/#organization"},"potentialAction":[{"@type":"SearchAction","target":{"@type":"EntryPoint","urlTemplate":"https:\/\/www.padreeustaquio.com.br\/?s={search_term_string}"},"query-input":{"@type":"PropertyValueSpecification","valueRequired":true,"valueName":"search_term_string"}}],"inLanguage":"es"},{"@type":"Organization","@id":"https:\/\/www.padreeustaquio.com.br\/#organization","name":"Padre Eustace","url":"https:\/\/www.padreeustaquio.com.br\/","logo":{"@type":"ImageObject","inLanguage":"es","@id":"https:\/\/www.padreeustaquio.com.br\/#\/schema\/logo\/image\/","url":"https:\/\/www.padreeustaquio.com.br\/wp-content\/uploads\/2019\/08\/marca.png","contentUrl":"https:\/\/www.padreeustaquio.com.br\/wp-content\/uploads\/2019\/08\/marca.png","width":350,"height":400,"caption":"Padre Eust\u00e1quio"},"image":{"@id":"https:\/\/www.padreeustaquio.com.br\/#\/schema\/logo\/image\/"},"sameAs":["https:\/\/www.facebook.com\/beatopadreeustaquio\/","https:\/\/x.com\/beatopeustaquio","https:\/\/www.instagram.com\/beatopadreeustaquio\/","https:\/\/www.youtube.com\/channel\/UCRhw7vfabnajwLxb1ZXMeIw"]},{"@type":"Person","@id":"https:\/\/www.padreeustaquio.com.br\/#\/schema\/person\/a2a51db1d00f1a7af0204a0f1ddb1566","name":"@sscc","image":{"@type":"ImageObject","inLanguage":"es","@id":"https:\/\/secure.gravatar.com\/avatar\/68cfafa5f44617fea54071e215026e0ff06be366c3d54a8425f04fdcb86f8c5f?s=96&d=mm&r=g","url":"https:\/\/secure.gravatar.com\/avatar\/68cfafa5f44617fea54071e215026e0ff06be366c3d54a8425f04fdcb86f8c5f?s=96&d=mm&r=g","contentUrl":"https:\/\/secure.gravatar.com\/avatar\/68cfafa5f44617fea54071e215026e0ff06be366c3d54a8425f04fdcb86f8c5f?s=96&d=mm&r=g","caption":"@sscc"},"url":"https:\/\/www.padreeustaquio.com.br\/es\/author\/sscc\/"}]}},"_links":{"self":[{"href":"https:\/\/www.padreeustaquio.com.br\/es\/wp-json\/wp\/v2\/posts\/9737","targetHints":{"allow":["GET"]}}],"collection":[{"href":"https:\/\/www.padreeustaquio.com.br\/es\/wp-json\/wp\/v2\/posts"}],"about":[{"href":"https:\/\/www.padreeustaquio.com.br\/es\/wp-json\/wp\/v2\/types\/post"}],"author":[{"embeddable":true,"href":"https:\/\/www.padreeustaquio.com.br\/es\/wp-json\/wp\/v2\/users\/2"}],"replies":[{"embeddable":true,"href":"https:\/\/www.padreeustaquio.com.br\/es\/wp-json\/wp\/v2\/comments?post=9737"}],"version-history":[{"count":0,"href":"https:\/\/www.padreeustaquio.com.br\/es\/wp-json\/wp\/v2\/posts\/9737\/revisions"}],"wp:featuredmedia":[{"embeddable":true,"href":"https:\/\/www.padreeustaquio.com.br\/es\/wp-json\/wp\/v2\/media\/9738"}],"wp:attachment":[{"href":"https:\/\/www.padreeustaquio.com.br\/es\/wp-json\/wp\/v2\/media?parent=9737"}],"wp:term":[{"taxonomy":"category","embeddable":true,"href":"https:\/\/www.padreeustaquio.com.br\/es\/wp-json\/wp\/v2\/categories?post=9737"},{"taxonomy":"post_tag","embeddable":true,"href":"https:\/\/www.padreeustaquio.com.br\/es\/wp-json\/wp\/v2\/tags?post=9737"}],"curies":[{"name":"wp","href":"https:\/\/api.w.org\/{rel}","templated":true}]}}