{"id":9726,"date":"2023-01-06T06:49:00","date_gmt":"2023-01-06T09:49:00","guid":{"rendered":"https:\/\/www.padreeustaquio.com.br\/?p=9726"},"modified":"2023-01-06T07:19:11","modified_gmt":"2023-01-06T10:19:11","slug":"este-ano-la-iglesia-conmemorara-el-80-aniversario-del-paso-al-cielo-del-padre-eustaquio","status":"publish","type":"post","link":"https:\/\/www.padreeustaquio.com.br\/es\/este-ano-la-iglesia-conmemorara-el-80-aniversario-del-paso-al-cielo-del-padre-eustaquio\/","title":{"rendered":"Este a\u00f1o la Iglesia conmemorar\u00e1 el 80 aniversario del paso al cielo del Padre Eust\u00e1quio."},"content":{"rendered":"<p>El 30 de agosto de este a\u00f1o, la Iglesia conmemorar\u00e1 el 80.\u00ba aniversario de la muerte del Padre Eust\u00e1quio. El sacerdote falleci\u00f3 en 1943 en la capital de Minas Gerais, v\u00edctima de la fiebre maculosa. La vicepostulaci\u00f3n, que supervisa la Causa de Canonizaci\u00f3n del Beato, planea programar eventos a lo largo del a\u00f1o.<\/p>\n\n\n\n<p>El lanzamiento de la iniciativa &quot;80 A\u00f1os de Salud y Paz&quot; tendr\u00e1 lugar a finales de mes con la celebraci\u00f3n de la Santa Misa y la bendici\u00f3n individual mediante la imposici\u00f3n de manos. La misa se transmitir\u00e1 por TV Evangelizar, un canal de televisi\u00f3n abierta, a nivel nacional.<\/p>\n\n\n\n<p>Adem\u00e1s del lanzamiento, se est\u00e1 planeando un viaje a la casa del Padre Eust\u00e1quio en los Pa\u00edses Bajos. El viaje est\u00e1 abierto a toda la poblaci\u00f3n y lo organiza el vicepostulador, Padre Vin\u00edcius Maciel, en colaboraci\u00f3n con una agencia de turismo de Belo Horizonte. El mes de agosto, con una liturgia espec\u00edfica el d\u00eda 30, se espera un amplio programa de misas, rosarios, conferencias, adoraciones y homenajes al Beato.<\/p>\n\n\n\n<p>El calendario completo se publicar\u00e1 a lo largo de los meses a medida que se acerquen las fechas, aqu\u00ed en nuestro sitio web y en las redes sociales @beatopadreeustaquio.<\/p>\n\n\n\n<p><\/p>","protected":false},"excerpt":{"rendered":"<p>No dia 30 de agosto deste ano, a Igreja far\u00e1 mem\u00f3ria aos 80 anos da morte de Padre Eust\u00e1quio. O sacerdote faleceu em 1943 na capital mineira, vitima de febre maculosa. A ideia da vice-postula\u00e7\u00e3o, que cuida da Causa de Canoniza\u00e7\u00e3o do Beato, programe eventos durante todo o ano. O lan\u00e7amento dos &#8220;80 anos de Sa\u00fade e Paz&#8221; ser\u00e1 feito no final do m\u00eas com a celebra\u00e7\u00e3o da Santa Missa e b\u00ean\u00e7\u00e3o individual com imposi\u00e7\u00e3o das m\u00e3os. A missa dever\u00e1 ser transmitida pela pela TV Evangelizar em canal aberto para todo o pa\u00eds. Al\u00e9m do lan\u00e7amento, uma excurs\u00e3o \u00e0 casa [&hellip;]<\/p>\n","protected":false},"author":2,"featured_media":9727,"comment_status":"open","ping_status":"closed","sticky":false,"template":"","format":"standard","meta":{"_acf_changed":false,"footnotes":""},"categories":[611],"tags":[],"class_list":["post-9726","post","type-post","status-publish","format-standard","has-post-thumbnail","hentry","category-noticias"],"acf":[],"yoast_head":"<!-- This site is optimized with the Yoast SEO plugin v27.2 - https:\/\/yoast.com\/product\/yoast-seo-wordpress\/ -->\n<title>Este ano Igreja relembrar\u00e1 80 anos da partida de Padre Eust\u00e1quio para o c\u00e9u<\/title>\n<meta name=\"description\" content=\"No dia 30 de agosto deste ano, a Igreja far\u00e1 mem\u00f3ria aos 80 anos da morte de Padre Eust\u00e1quio. O sacerdote faleceu em 1943 na capital mineira, vitima de febre maculosa. A ideia da vice-postula\u00e7\u00e3o, que cuida da Causa de Canoniza\u00e7\u00e3o do Beato, programe eventos durante todo o ano.\" \/>\n<meta name=\"robots\" content=\"index, follow, max-snippet:-1, max-image-preview:large, max-video-preview:-1\" \/>\n<link rel=\"canonical\" href=\"https:\/\/www.padreeustaquio.com.br\/es\/este-ano-la-iglesia-conmemorara-el-80-aniversario-del-paso-al-cielo-del-padre-eustaquio\/\" \/>\n<meta property=\"og:locale\" content=\"es_ES\" \/>\n<meta property=\"og:type\" content=\"article\" \/>\n<meta property=\"og:title\" content=\"Este ano Igreja relembrar\u00e1 80 anos da partida de Padre Eust\u00e1quio para o c\u00e9u\" \/>\n<meta property=\"og:description\" content=\"No dia 30 de agosto deste ano, a Igreja far\u00e1 mem\u00f3ria aos 80 anos da morte de Padre Eust\u00e1quio. O sacerdote faleceu em 1943 na capital mineira, vitima de febre maculosa. A ideia da vice-postula\u00e7\u00e3o, que cuida da Causa de Canoniza\u00e7\u00e3o do Beato, programe eventos durante todo o ano.\" \/>\n<meta property=\"og:url\" content=\"https:\/\/www.padreeustaquio.com.br\/es\/este-ano-la-iglesia-conmemorara-el-80-aniversario-del-paso-al-cielo-del-padre-eustaquio\/\" \/>\n<meta property=\"og:site_name\" content=\"Padre Eust\u00e1quio\" \/>\n<meta property=\"article:publisher\" content=\"https:\/\/www.facebook.com\/beatopadreeustaquio\/\" \/>\n<meta property=\"article:published_time\" content=\"2023-01-06T09:49:00+00:00\" \/>\n<meta property=\"article:modified_time\" content=\"2023-01-06T10:19:11+00:00\" \/>\n<meta property=\"og:image\" content=\"https:\/\/www.padreeustaquio.com.br\/wp-content\/uploads\/2023\/01\/Beato-Eustaquio-van-Lieshout-1-e1673000340565.jpg\" \/>\n\t<meta property=\"og:image:width\" content=\"1024\" \/>\n\t<meta property=\"og:image:height\" content=\"488\" \/>\n\t<meta property=\"og:image:type\" content=\"image\/jpeg\" \/>\n<meta name=\"author\" content=\"@sscc\" \/>\n<meta name=\"twitter:card\" content=\"summary_large_image\" \/>\n<meta name=\"twitter:creator\" content=\"@beatopeustaquio\" \/>\n<meta name=\"twitter:site\" content=\"@beatopeustaquio\" \/>\n<meta name=\"twitter:label1\" content=\"Escrito por\" \/>\n\t<meta name=\"twitter:data1\" content=\"@sscc\" \/>\n\t<meta name=\"twitter:label2\" content=\"Tiempo de lectura\" \/>\n\t<meta name=\"twitter:data2\" content=\"1 minuto\" \/>\n<script type=\"application\/ld+json\" class=\"yoast-schema-graph\">{\"@context\":\"https:\/\/schema.org\",\"@graph\":[{\"@type\":\"Article\",\"@id\":\"https:\/\/www.padreeustaquio.com.br\/este-ano-igreja-relembrara-80-anos-da-partida-de-padre-eustaquio-para-o-ceu\/#article\",\"isPartOf\":{\"@id\":\"https:\/\/www.padreeustaquio.com.br\/este-ano-igreja-relembrara-80-anos-da-partida-de-padre-eustaquio-para-o-ceu\/\"},\"author\":{\"name\":\"@sscc\",\"@id\":\"https:\/\/www.padreeustaquio.com.br\/#\/schema\/person\/a2a51db1d00f1a7af0204a0f1ddb1566\"},\"headline\":\"Este ano Igreja relembrar\u00e1 80 anos da partida de Padre Eust\u00e1quio para o c\u00e9u\",\"datePublished\":\"2023-01-06T09:49:00+00:00\",\"dateModified\":\"2023-01-06T10:19:11+00:00\",\"mainEntityOfPage\":{\"@id\":\"https:\/\/www.padreeustaquio.com.br\/este-ano-igreja-relembrara-80-anos-da-partida-de-padre-eustaquio-para-o-ceu\/\"},\"wordCount\":221,\"commentCount\":0,\"publisher\":{\"@id\":\"https:\/\/www.padreeustaquio.com.br\/#organization\"},\"image\":{\"@id\":\"https:\/\/www.padreeustaquio.com.br\/este-ano-igreja-relembrara-80-anos-da-partida-de-padre-eustaquio-para-o-ceu\/#primaryimage\"},\"thumbnailUrl\":\"https:\/\/www.padreeustaquio.com.br\/wp-content\/uploads\/2023\/01\/Beato-Eustaquio-van-Lieshout-1-e1673000340565.jpg\",\"articleSection\":[\"Not\u00edcias\"],\"inLanguage\":\"es\",\"potentialAction\":[{\"@type\":\"CommentAction\",\"name\":\"Comment\",\"target\":[\"https:\/\/www.padreeustaquio.com.br\/este-ano-igreja-relembrara-80-anos-da-partida-de-padre-eustaquio-para-o-ceu\/#respond\"]}]},{\"@type\":\"WebPage\",\"@id\":\"https:\/\/www.padreeustaquio.com.br\/este-ano-igreja-relembrara-80-anos-da-partida-de-padre-eustaquio-para-o-ceu\/\",\"url\":\"https:\/\/www.padreeustaquio.com.br\/este-ano-igreja-relembrara-80-anos-da-partida-de-padre-eustaquio-para-o-ceu\/\",\"name\":\"Este ano Igreja relembrar\u00e1 80 anos da partida de Padre Eust\u00e1quio para o c\u00e9u\",\"isPartOf\":{\"@id\":\"https:\/\/www.padreeustaquio.com.br\/#website\"},\"primaryImageOfPage\":{\"@id\":\"https:\/\/www.padreeustaquio.com.br\/este-ano-igreja-relembrara-80-anos-da-partida-de-padre-eustaquio-para-o-ceu\/#primaryimage\"},\"image\":{\"@id\":\"https:\/\/www.padreeustaquio.com.br\/este-ano-igreja-relembrara-80-anos-da-partida-de-padre-eustaquio-para-o-ceu\/#primaryimage\"},\"thumbnailUrl\":\"https:\/\/www.padreeustaquio.com.br\/wp-content\/uploads\/2023\/01\/Beato-Eustaquio-van-Lieshout-1-e1673000340565.jpg\",\"datePublished\":\"2023-01-06T09:49:00+00:00\",\"dateModified\":\"2023-01-06T10:19:11+00:00\",\"description\":\"No dia 30 de agosto deste ano, a Igreja far\u00e1 mem\u00f3ria aos 80 anos da morte de Padre Eust\u00e1quio. O sacerdote faleceu em 1943 na capital mineira, vitima de febre maculosa. A ideia da vice-postula\u00e7\u00e3o, que cuida da Causa de Canoniza\u00e7\u00e3o do Beato, programe eventos durante todo o ano.\",\"breadcrumb\":{\"@id\":\"https:\/\/www.padreeustaquio.com.br\/este-ano-igreja-relembrara-80-anos-da-partida-de-padre-eustaquio-para-o-ceu\/#breadcrumb\"},\"inLanguage\":\"es\",\"potentialAction\":[{\"@type\":\"ReadAction\",\"target\":[\"https:\/\/www.padreeustaquio.com.br\/este-ano-igreja-relembrara-80-anos-da-partida-de-padre-eustaquio-para-o-ceu\/\"]}]},{\"@type\":\"ImageObject\",\"inLanguage\":\"es\",\"@id\":\"https:\/\/www.padreeustaquio.com.br\/este-ano-igreja-relembrara-80-anos-da-partida-de-padre-eustaquio-para-o-ceu\/#primaryimage\",\"url\":\"https:\/\/www.padreeustaquio.com.br\/wp-content\/uploads\/2023\/01\/Beato-Eustaquio-van-Lieshout-1-e1673000340565.jpg\",\"contentUrl\":\"https:\/\/www.padreeustaquio.com.br\/wp-content\/uploads\/2023\/01\/Beato-Eustaquio-van-Lieshout-1-e1673000340565.jpg\",\"width\":1024,\"height\":488},{\"@type\":\"BreadcrumbList\",\"@id\":\"https:\/\/www.padreeustaquio.com.br\/este-ano-igreja-relembrara-80-anos-da-partida-de-padre-eustaquio-para-o-ceu\/#breadcrumb\",\"itemListElement\":[{\"@type\":\"ListItem\",\"position\":1,\"name\":\"In\u00edcio\",\"item\":\"https:\/\/www.padreeustaquio.com.br\/\"},{\"@type\":\"ListItem\",\"position\":2,\"name\":\"Este ano Igreja relembrar\u00e1 80 anos da partida de Padre Eust\u00e1quio para o c\u00e9u\"}]},{\"@type\":\"WebSite\",\"@id\":\"https:\/\/www.padreeustaquio.com.br\/#website\",\"url\":\"https:\/\/www.padreeustaquio.com.br\/\",\"name\":\"Padre Eust\u00e1quio\",\"description\":\"Sa\u00fade e Paz\",\"publisher\":{\"@id\":\"https:\/\/www.padreeustaquio.com.br\/#organization\"},\"potentialAction\":[{\"@type\":\"SearchAction\",\"target\":{\"@type\":\"EntryPoint\",\"urlTemplate\":\"https:\/\/www.padreeustaquio.com.br\/?s={search_term_string}\"},\"query-input\":{\"@type\":\"PropertyValueSpecification\",\"valueRequired\":true,\"valueName\":\"search_term_string\"}}],\"inLanguage\":\"es\"},{\"@type\":\"Organization\",\"@id\":\"https:\/\/www.padreeustaquio.com.br\/#organization\",\"name\":\"Padre Eust\u00e1quio\",\"url\":\"https:\/\/www.padreeustaquio.com.br\/\",\"logo\":{\"@type\":\"ImageObject\",\"inLanguage\":\"es\",\"@id\":\"https:\/\/www.padreeustaquio.com.br\/#\/schema\/logo\/image\/\",\"url\":\"https:\/\/www.padreeustaquio.com.br\/wp-content\/uploads\/2019\/08\/marca.png\",\"contentUrl\":\"https:\/\/www.padreeustaquio.com.br\/wp-content\/uploads\/2019\/08\/marca.png\",\"width\":350,\"height\":400,\"caption\":\"Padre Eust\u00e1quio\"},\"image\":{\"@id\":\"https:\/\/www.padreeustaquio.com.br\/#\/schema\/logo\/image\/\"},\"sameAs\":[\"https:\/\/www.facebook.com\/beatopadreeustaquio\/\",\"https:\/\/x.com\/beatopeustaquio\",\"https:\/\/www.instagram.com\/beatopadreeustaquio\/\",\"https:\/\/www.youtube.com\/channel\/UCRhw7vfabnajwLxb1ZXMeIw\"]},{\"@type\":\"Person\",\"@id\":\"https:\/\/www.padreeustaquio.com.br\/#\/schema\/person\/a2a51db1d00f1a7af0204a0f1ddb1566\",\"name\":\"@sscc\",\"image\":{\"@type\":\"ImageObject\",\"inLanguage\":\"es\",\"@id\":\"https:\/\/secure.gravatar.com\/avatar\/68cfafa5f44617fea54071e215026e0ff06be366c3d54a8425f04fdcb86f8c5f?s=96&d=mm&r=g\",\"url\":\"https:\/\/secure.gravatar.com\/avatar\/68cfafa5f44617fea54071e215026e0ff06be366c3d54a8425f04fdcb86f8c5f?s=96&d=mm&r=g\",\"contentUrl\":\"https:\/\/secure.gravatar.com\/avatar\/68cfafa5f44617fea54071e215026e0ff06be366c3d54a8425f04fdcb86f8c5f?s=96&d=mm&r=g\",\"caption\":\"@sscc\"},\"url\":\"https:\/\/www.padreeustaquio.com.br\/es\/author\/sscc\/\"}]}<\/script>\n<!-- \/ Yoast SEO plugin. -->","yoast_head_json":{"title":"Este a\u00f1o la Iglesia conmemorar\u00e1 el 80 aniversario del paso al cielo del Padre Eust\u00e1quio.","description":"El 30 de agosto de este a\u00f1o, la Iglesia conmemorar\u00e1 el 80.\u00ba aniversario de la muerte del Padre Eust\u00e1quio. El sacerdote falleci\u00f3 en 1943 en la capital de Minas Gerais, v\u00edctima de la fiebre maculosa. La vicepostulaci\u00f3n, que supervisa la Causa de Canonizaci\u00f3n del Beato, planea programar eventos a lo largo del a\u00f1o.","robots":{"index":"index","follow":"follow","max-snippet":"max-snippet:-1","max-image-preview":"max-image-preview:large","max-video-preview":"max-video-preview:-1"},"canonical":"https:\/\/www.padreeustaquio.com.br\/es\/este-ano-la-iglesia-conmemorara-el-80-aniversario-del-paso-al-cielo-del-padre-eustaquio\/","og_locale":"es_ES","og_type":"article","og_title":"Este ano Igreja relembrar\u00e1 80 anos da partida de Padre Eust\u00e1quio para o c\u00e9u","og_description":"No dia 30 de agosto deste ano, a Igreja far\u00e1 mem\u00f3ria aos 80 anos da morte de Padre Eust\u00e1quio. O sacerdote faleceu em 1943 na capital mineira, vitima de febre maculosa. A ideia da vice-postula\u00e7\u00e3o, que cuida da Causa de Canoniza\u00e7\u00e3o do Beato, programe eventos durante todo o ano.","og_url":"https:\/\/www.padreeustaquio.com.br\/es\/este-ano-la-iglesia-conmemorara-el-80-aniversario-del-paso-al-cielo-del-padre-eustaquio\/","og_site_name":"Padre Eust\u00e1quio","article_publisher":"https:\/\/www.facebook.com\/beatopadreeustaquio\/","article_published_time":"2023-01-06T09:49:00+00:00","article_modified_time":"2023-01-06T10:19:11+00:00","og_image":[{"width":1024,"height":488,"url":"https:\/\/www.padreeustaquio.com.br\/wp-content\/uploads\/2023\/01\/Beato-Eustaquio-van-Lieshout-1-e1673000340565.jpg","type":"image\/jpeg"}],"author":"@sscc","twitter_card":"summary_large_image","twitter_creator":"@beatopeustaquio","twitter_site":"@beatopeustaquio","twitter_misc":{"Escrito por":"@sscc","Tiempo de lectura":"1 minuto"},"schema":{"@context":"https:\/\/schema.org","@graph":[{"@type":"Article","@id":"https:\/\/www.padreeustaquio.com.br\/este-ano-igreja-relembrara-80-anos-da-partida-de-padre-eustaquio-para-o-ceu\/#article","isPartOf":{"@id":"https:\/\/www.padreeustaquio.com.br\/este-ano-igreja-relembrara-80-anos-da-partida-de-padre-eustaquio-para-o-ceu\/"},"author":{"name":"@sscc","@id":"https:\/\/www.padreeustaquio.com.br\/#\/schema\/person\/a2a51db1d00f1a7af0204a0f1ddb1566"},"headline":"Este ano Igreja relembrar\u00e1 80 anos da partida de Padre Eust\u00e1quio para o c\u00e9u","datePublished":"2023-01-06T09:49:00+00:00","dateModified":"2023-01-06T10:19:11+00:00","mainEntityOfPage":{"@id":"https:\/\/www.padreeustaquio.com.br\/este-ano-igreja-relembrara-80-anos-da-partida-de-padre-eustaquio-para-o-ceu\/"},"wordCount":221,"commentCount":0,"publisher":{"@id":"https:\/\/www.padreeustaquio.com.br\/#organization"},"image":{"@id":"https:\/\/www.padreeustaquio.com.br\/este-ano-igreja-relembrara-80-anos-da-partida-de-padre-eustaquio-para-o-ceu\/#primaryimage"},"thumbnailUrl":"https:\/\/www.padreeustaquio.com.br\/wp-content\/uploads\/2023\/01\/Beato-Eustaquio-van-Lieshout-1-e1673000340565.jpg","articleSection":["Not\u00edcias"],"inLanguage":"es","potentialAction":[{"@type":"CommentAction","name":"Comment","target":["https:\/\/www.padreeustaquio.com.br\/este-ano-igreja-relembrara-80-anos-da-partida-de-padre-eustaquio-para-o-ceu\/#respond"]}]},{"@type":"WebPage","@id":"https:\/\/www.padreeustaquio.com.br\/este-ano-igreja-relembrara-80-anos-da-partida-de-padre-eustaquio-para-o-ceu\/","url":"https:\/\/www.padreeustaquio.com.br\/este-ano-igreja-relembrara-80-anos-da-partida-de-padre-eustaquio-para-o-ceu\/","name":"Este a\u00f1o la Iglesia conmemorar\u00e1 el 80 aniversario del paso al cielo del Padre Eust\u00e1quio.","isPartOf":{"@id":"https:\/\/www.padreeustaquio.com.br\/#website"},"primaryImageOfPage":{"@id":"https:\/\/www.padreeustaquio.com.br\/este-ano-igreja-relembrara-80-anos-da-partida-de-padre-eustaquio-para-o-ceu\/#primaryimage"},"image":{"@id":"https:\/\/www.padreeustaquio.com.br\/este-ano-igreja-relembrara-80-anos-da-partida-de-padre-eustaquio-para-o-ceu\/#primaryimage"},"thumbnailUrl":"https:\/\/www.padreeustaquio.com.br\/wp-content\/uploads\/2023\/01\/Beato-Eustaquio-van-Lieshout-1-e1673000340565.jpg","datePublished":"2023-01-06T09:49:00+00:00","dateModified":"2023-01-06T10:19:11+00:00","description":"El 30 de agosto de este a\u00f1o, la Iglesia conmemorar\u00e1 el 80.\u00ba aniversario de la muerte del Padre Eust\u00e1quio. El sacerdote falleci\u00f3 en 1943 en la capital de Minas Gerais, v\u00edctima de la fiebre maculosa. La vicepostulaci\u00f3n, que supervisa la Causa de Canonizaci\u00f3n del Beato, planea programar eventos a lo largo del a\u00f1o.","breadcrumb":{"@id":"https:\/\/www.padreeustaquio.com.br\/este-ano-igreja-relembrara-80-anos-da-partida-de-padre-eustaquio-para-o-ceu\/#breadcrumb"},"inLanguage":"es","potentialAction":[{"@type":"ReadAction","target":["https:\/\/www.padreeustaquio.com.br\/este-ano-igreja-relembrara-80-anos-da-partida-de-padre-eustaquio-para-o-ceu\/"]}]},{"@type":"ImageObject","inLanguage":"es","@id":"https:\/\/www.padreeustaquio.com.br\/este-ano-igreja-relembrara-80-anos-da-partida-de-padre-eustaquio-para-o-ceu\/#primaryimage","url":"https:\/\/www.padreeustaquio.com.br\/wp-content\/uploads\/2023\/01\/Beato-Eustaquio-van-Lieshout-1-e1673000340565.jpg","contentUrl":"https:\/\/www.padreeustaquio.com.br\/wp-content\/uploads\/2023\/01\/Beato-Eustaquio-van-Lieshout-1-e1673000340565.jpg","width":1024,"height":488},{"@type":"BreadcrumbList","@id":"https:\/\/www.padreeustaquio.com.br\/este-ano-igreja-relembrara-80-anos-da-partida-de-padre-eustaquio-para-o-ceu\/#breadcrumb","itemListElement":[{"@type":"ListItem","position":1,"name":"In\u00edcio","item":"https:\/\/www.padreeustaquio.com.br\/"},{"@type":"ListItem","position":2,"name":"Este ano Igreja relembrar\u00e1 80 anos da partida de Padre Eust\u00e1quio para o c\u00e9u"}]},{"@type":"WebSite","@id":"https:\/\/www.padreeustaquio.com.br\/#website","url":"https:\/\/www.padreeustaquio.com.br\/","name":"Padre Eustace","description":"Salud y Paz","publisher":{"@id":"https:\/\/www.padreeustaquio.com.br\/#organization"},"potentialAction":[{"@type":"SearchAction","target":{"@type":"EntryPoint","urlTemplate":"https:\/\/www.padreeustaquio.com.br\/?s={search_term_string}"},"query-input":{"@type":"PropertyValueSpecification","valueRequired":true,"valueName":"search_term_string"}}],"inLanguage":"es"},{"@type":"Organization","@id":"https:\/\/www.padreeustaquio.com.br\/#organization","name":"Padre Eustace","url":"https:\/\/www.padreeustaquio.com.br\/","logo":{"@type":"ImageObject","inLanguage":"es","@id":"https:\/\/www.padreeustaquio.com.br\/#\/schema\/logo\/image\/","url":"https:\/\/www.padreeustaquio.com.br\/wp-content\/uploads\/2019\/08\/marca.png","contentUrl":"https:\/\/www.padreeustaquio.com.br\/wp-content\/uploads\/2019\/08\/marca.png","width":350,"height":400,"caption":"Padre Eust\u00e1quio"},"image":{"@id":"https:\/\/www.padreeustaquio.com.br\/#\/schema\/logo\/image\/"},"sameAs":["https:\/\/www.facebook.com\/beatopadreeustaquio\/","https:\/\/x.com\/beatopeustaquio","https:\/\/www.instagram.com\/beatopadreeustaquio\/","https:\/\/www.youtube.com\/channel\/UCRhw7vfabnajwLxb1ZXMeIw"]},{"@type":"Person","@id":"https:\/\/www.padreeustaquio.com.br\/#\/schema\/person\/a2a51db1d00f1a7af0204a0f1ddb1566","name":"@sscc","image":{"@type":"ImageObject","inLanguage":"es","@id":"https:\/\/secure.gravatar.com\/avatar\/68cfafa5f44617fea54071e215026e0ff06be366c3d54a8425f04fdcb86f8c5f?s=96&d=mm&r=g","url":"https:\/\/secure.gravatar.com\/avatar\/68cfafa5f44617fea54071e215026e0ff06be366c3d54a8425f04fdcb86f8c5f?s=96&d=mm&r=g","contentUrl":"https:\/\/secure.gravatar.com\/avatar\/68cfafa5f44617fea54071e215026e0ff06be366c3d54a8425f04fdcb86f8c5f?s=96&d=mm&r=g","caption":"@sscc"},"url":"https:\/\/www.padreeustaquio.com.br\/es\/author\/sscc\/"}]}},"_links":{"self":[{"href":"https:\/\/www.padreeustaquio.com.br\/es\/wp-json\/wp\/v2\/posts\/9726","targetHints":{"allow":["GET"]}}],"collection":[{"href":"https:\/\/www.padreeustaquio.com.br\/es\/wp-json\/wp\/v2\/posts"}],"about":[{"href":"https:\/\/www.padreeustaquio.com.br\/es\/wp-json\/wp\/v2\/types\/post"}],"author":[{"embeddable":true,"href":"https:\/\/www.padreeustaquio.com.br\/es\/wp-json\/wp\/v2\/users\/2"}],"replies":[{"embeddable":true,"href":"https:\/\/www.padreeustaquio.com.br\/es\/wp-json\/wp\/v2\/comments?post=9726"}],"version-history":[{"count":0,"href":"https:\/\/www.padreeustaquio.com.br\/es\/wp-json\/wp\/v2\/posts\/9726\/revisions"}],"wp:featuredmedia":[{"embeddable":true,"href":"https:\/\/www.padreeustaquio.com.br\/es\/wp-json\/wp\/v2\/media\/9727"}],"wp:attachment":[{"href":"https:\/\/www.padreeustaquio.com.br\/es\/wp-json\/wp\/v2\/media?parent=9726"}],"wp:term":[{"taxonomy":"category","embeddable":true,"href":"https:\/\/www.padreeustaquio.com.br\/es\/wp-json\/wp\/v2\/categories?post=9726"},{"taxonomy":"post_tag","embeddable":true,"href":"https:\/\/www.padreeustaquio.com.br\/es\/wp-json\/wp\/v2\/tags?post=9726"}],"curies":[{"name":"wp","href":"https:\/\/api.w.org\/{rel}","templated":true}]}}