{"id":9719,"date":"2023-01-04T07:01:00","date_gmt":"2023-01-04T10:01:00","guid":{"rendered":"https:\/\/www.padreeustaquio.com.br\/?p=9719"},"modified":"2023-01-03T14:09:56","modified_gmt":"2023-01-03T17:09:56","slug":"ultimos-dias-para-participar-de-la-promocion-de-la-tienda-padre-eustaquio","status":"publish","type":"post","link":"https:\/\/www.padreeustaquio.com.br\/es\/ultimos-dias-para-participar-de-la-promocion-de-la-tienda-padre-eustaquio\/","title":{"rendered":"\u00daltimos d\u00edas para participar de la promoci\u00f3n de la Tienda Padre Eust\u00e1quio."},"content":{"rendered":"<p>Se acerca el d\u00eda del sorteo de la promoci\u00f3n de la Tienda Padre Eust\u00e1quio en colaboraci\u00f3n con Editora Vozes. Los dos kits literarios se sortear\u00e1n el viernes 6 de enero a las 15:00 h en la Tienda Padre Eust\u00e1quio.<\/p>\n\n\n\n<p>Los clientes que adquieran productos Vozes en la tienda Padre Eust\u00e1quio, ya sea la Folhinha do Sagrado Cora\u00e7\u00e3o de Jesus (Calendario del Sagrado Coraz\u00f3n de Jes\u00fas) o cualquier otro libro de la editorial, pueden participar de la promoci\u00f3n, que es exclusiva de la tienda Padre Eust\u00e1quio.<\/p>\n\n\n\n<p>Esta iniciativa busca corresponder al cari\u00f1o que los clientes sienten por la Tienda Padre Eust\u00e1quio y la Editorial Vozes durante todo el a\u00f1o. Recuerden que dos clientes recibir\u00e1n regalos. Vean a continuaci\u00f3n los art\u00edculos incluidos en el kit literario:<\/p>\n\n\n\n<ul class=\"wp-block-list\">\n<li>Libro \u201cEl arte de detener el tiempo\u201d, de Pedram Shojai<\/li>\n\n\n\n<li>Libro \u201cComprender la misa que celebramos\u201d, de Ant\u00f4nio Sagrado Bogaz y Jo\u00e3o Henrique Hansen<\/li>\n\n\n\n<li>Libro \u201cEl libro de la felicidad\u201d, de Joan Chittister<\/li>\n\n\n\n<li>Libro \u201cSabidur\u00eda B\u00edblica\u201d, de Anselm Grun<\/li>\n\n\n\n<li>Libro \u201cCuando oro\u201d, de Bruno Carneiro Lira, sor Jaida Rocha Caetit\u00e9, sor Roberta Peluso y S\u00f4nia de F\u00e1tima Marani Lunardelli<\/li>\n\n\n\n<li>Calendario del Sagrado Coraz\u00f3n de Jes\u00fas 2023<\/li>\n\n\n\n<li>Im\u00e1n del Sagrado Coraz\u00f3n de Jes\u00fas<\/li>\n<\/ul>\n\n\n\n<p>Para m\u00e1s informaci\u00f3n sobre la promoci\u00f3n, simplemente llame a la tienda Padre Eust\u00e1quio o env\u00ede un mensaje de WhatsApp al mismo n\u00famero: (31) 3567-0314.<\/p>\n\n\n\n<p><\/p>","protected":false},"excerpt":{"rendered":"<p>Est\u00e1 chegando o dia do sorteio da promo\u00e7\u00e3o da Loja do Padre Eust\u00e1quio em parceria com a Editora Vozes. Os dois Kits liter\u00e1rios ser\u00e3o sorteados na sexta, 06\/01, \u00e0s 15h, na Loja do Padre Eust\u00e1quio. Podem participar da promo\u00e7\u00e3o, que \u00e9 exclusiva da Loja do Padre Eust\u00e1quio, clientes que adquirirem produtos Vozes na loja, seja a Folhinha do Sagrado Cora\u00e7\u00e3o de Jesus, ou algum outro livro da editora. Esta iniciativa tem como objetivo retribuir o carinho que os clientes t\u00eam pela Loja do Padre Eust\u00e1quio e pela Editora Vozes o ano todo. Lembrando que ser\u00e3o 2 clientes presenteados. Veja abaixo [&hellip;]<\/p>\n","protected":false},"author":2,"featured_media":9720,"comment_status":"open","ping_status":"closed","sticky":false,"template":"","format":"standard","meta":{"_acf_changed":false,"footnotes":""},"categories":[611],"tags":[],"class_list":["post-9719","post","type-post","status-publish","format-standard","has-post-thumbnail","hentry","category-noticias"],"acf":[],"yoast_head":"<!-- This site is optimized with the Yoast SEO plugin v27.2 - https:\/\/yoast.com\/product\/yoast-seo-wordpress\/ -->\n<title>\u00daltimos dias para participar da promo\u00e7\u00e3o da Loja do Padre Eust\u00e1quio<\/title>\n<meta name=\"description\" content=\"Est\u00e1 chegando o dia do sorteio da promo\u00e7\u00e3o da Loja do Padre Eust\u00e1quio em parceria com a Editora Vozes. Os dois Kits liter\u00e1rios ser\u00e3o sorteados na sexta, 06\/01, \u00e0s 15h, na Loja do Padre Eust\u00e1quio.\" \/>\n<meta name=\"robots\" content=\"index, follow, max-snippet:-1, max-image-preview:large, max-video-preview:-1\" \/>\n<link rel=\"canonical\" href=\"https:\/\/www.padreeustaquio.com.br\/es\/ultimos-dias-para-participar-de-la-promocion-de-la-tienda-padre-eustaquio\/\" \/>\n<meta property=\"og:locale\" content=\"es_ES\" \/>\n<meta property=\"og:type\" content=\"article\" \/>\n<meta property=\"og:title\" content=\"\u00daltimos dias para participar da promo\u00e7\u00e3o da Loja do Padre Eust\u00e1quio\" \/>\n<meta property=\"og:description\" content=\"Est\u00e1 chegando o dia do sorteio da promo\u00e7\u00e3o da Loja do Padre Eust\u00e1quio em parceria com a Editora Vozes. Os dois Kits liter\u00e1rios ser\u00e3o sorteados na sexta, 06\/01, \u00e0s 15h, na Loja do Padre Eust\u00e1quio.\" \/>\n<meta property=\"og:url\" content=\"https:\/\/www.padreeustaquio.com.br\/es\/ultimos-dias-para-participar-de-la-promocion-de-la-tienda-padre-eustaquio\/\" \/>\n<meta property=\"og:site_name\" content=\"Padre Eust\u00e1quio\" \/>\n<meta property=\"article:publisher\" content=\"https:\/\/www.facebook.com\/beatopadreeustaquio\/\" \/>\n<meta property=\"article:published_time\" content=\"2023-01-04T10:01:00+00:00\" \/>\n<meta property=\"og:image\" content=\"https:\/\/www.padreeustaquio.com.br\/wp-content\/uploads\/2023\/01\/kit-vozes.jpeg\" \/>\n\t<meta property=\"og:image:width\" content=\"1600\" \/>\n\t<meta property=\"og:image:height\" content=\"1200\" \/>\n\t<meta property=\"og:image:type\" content=\"image\/jpeg\" \/>\n<meta name=\"author\" content=\"@sscc\" \/>\n<meta name=\"twitter:card\" content=\"summary_large_image\" \/>\n<meta name=\"twitter:creator\" content=\"@beatopeustaquio\" \/>\n<meta name=\"twitter:site\" content=\"@beatopeustaquio\" \/>\n<meta name=\"twitter:label1\" content=\"Escrito por\" \/>\n\t<meta name=\"twitter:data1\" content=\"@sscc\" \/>\n\t<meta name=\"twitter:label2\" content=\"Tiempo de lectura\" \/>\n\t<meta name=\"twitter:data2\" content=\"1 minuto\" \/>\n<script type=\"application\/ld+json\" class=\"yoast-schema-graph\">{\"@context\":\"https:\/\/schema.org\",\"@graph\":[{\"@type\":\"Article\",\"@id\":\"https:\/\/www.padreeustaquio.com.br\/ultimos-dias-para-participar-da-promocao-da-loja-do-padre-eustaquio\/#article\",\"isPartOf\":{\"@id\":\"https:\/\/www.padreeustaquio.com.br\/ultimos-dias-para-participar-da-promocao-da-loja-do-padre-eustaquio\/\"},\"author\":{\"name\":\"@sscc\",\"@id\":\"https:\/\/www.padreeustaquio.com.br\/#\/schema\/person\/a2a51db1d00f1a7af0204a0f1ddb1566\"},\"headline\":\"\u00daltimos dias para participar da promo\u00e7\u00e3o da Loja do Padre Eust\u00e1quio\",\"datePublished\":\"2023-01-04T10:01:00+00:00\",\"mainEntityOfPage\":{\"@id\":\"https:\/\/www.padreeustaquio.com.br\/ultimos-dias-para-participar-da-promocao-da-loja-do-padre-eustaquio\/\"},\"wordCount\":236,\"commentCount\":0,\"publisher\":{\"@id\":\"https:\/\/www.padreeustaquio.com.br\/#organization\"},\"image\":{\"@id\":\"https:\/\/www.padreeustaquio.com.br\/ultimos-dias-para-participar-da-promocao-da-loja-do-padre-eustaquio\/#primaryimage\"},\"thumbnailUrl\":\"https:\/\/www.padreeustaquio.com.br\/wp-content\/uploads\/2023\/01\/kit-vozes.jpeg\",\"articleSection\":[\"Not\u00edcias\"],\"inLanguage\":\"es\",\"potentialAction\":[{\"@type\":\"CommentAction\",\"name\":\"Comment\",\"target\":[\"https:\/\/www.padreeustaquio.com.br\/ultimos-dias-para-participar-da-promocao-da-loja-do-padre-eustaquio\/#respond\"]}]},{\"@type\":\"WebPage\",\"@id\":\"https:\/\/www.padreeustaquio.com.br\/ultimos-dias-para-participar-da-promocao-da-loja-do-padre-eustaquio\/\",\"url\":\"https:\/\/www.padreeustaquio.com.br\/ultimos-dias-para-participar-da-promocao-da-loja-do-padre-eustaquio\/\",\"name\":\"\u00daltimos dias para participar da promo\u00e7\u00e3o da Loja do Padre Eust\u00e1quio\",\"isPartOf\":{\"@id\":\"https:\/\/www.padreeustaquio.com.br\/#website\"},\"primaryImageOfPage\":{\"@id\":\"https:\/\/www.padreeustaquio.com.br\/ultimos-dias-para-participar-da-promocao-da-loja-do-padre-eustaquio\/#primaryimage\"},\"image\":{\"@id\":\"https:\/\/www.padreeustaquio.com.br\/ultimos-dias-para-participar-da-promocao-da-loja-do-padre-eustaquio\/#primaryimage\"},\"thumbnailUrl\":\"https:\/\/www.padreeustaquio.com.br\/wp-content\/uploads\/2023\/01\/kit-vozes.jpeg\",\"datePublished\":\"2023-01-04T10:01:00+00:00\",\"description\":\"Est\u00e1 chegando o dia do sorteio da promo\u00e7\u00e3o da Loja do Padre Eust\u00e1quio em parceria com a Editora Vozes. Os dois Kits liter\u00e1rios ser\u00e3o sorteados na sexta, 06\/01, \u00e0s 15h, na Loja do Padre Eust\u00e1quio.\",\"breadcrumb\":{\"@id\":\"https:\/\/www.padreeustaquio.com.br\/ultimos-dias-para-participar-da-promocao-da-loja-do-padre-eustaquio\/#breadcrumb\"},\"inLanguage\":\"es\",\"potentialAction\":[{\"@type\":\"ReadAction\",\"target\":[\"https:\/\/www.padreeustaquio.com.br\/ultimos-dias-para-participar-da-promocao-da-loja-do-padre-eustaquio\/\"]}]},{\"@type\":\"ImageObject\",\"inLanguage\":\"es\",\"@id\":\"https:\/\/www.padreeustaquio.com.br\/ultimos-dias-para-participar-da-promocao-da-loja-do-padre-eustaquio\/#primaryimage\",\"url\":\"https:\/\/www.padreeustaquio.com.br\/wp-content\/uploads\/2023\/01\/kit-vozes.jpeg\",\"contentUrl\":\"https:\/\/www.padreeustaquio.com.br\/wp-content\/uploads\/2023\/01\/kit-vozes.jpeg\",\"width\":1600,\"height\":1200},{\"@type\":\"BreadcrumbList\",\"@id\":\"https:\/\/www.padreeustaquio.com.br\/ultimos-dias-para-participar-da-promocao-da-loja-do-padre-eustaquio\/#breadcrumb\",\"itemListElement\":[{\"@type\":\"ListItem\",\"position\":1,\"name\":\"In\u00edcio\",\"item\":\"https:\/\/www.padreeustaquio.com.br\/\"},{\"@type\":\"ListItem\",\"position\":2,\"name\":\"\u00daltimos dias para participar da promo\u00e7\u00e3o da Loja do Padre Eust\u00e1quio\"}]},{\"@type\":\"WebSite\",\"@id\":\"https:\/\/www.padreeustaquio.com.br\/#website\",\"url\":\"https:\/\/www.padreeustaquio.com.br\/\",\"name\":\"Padre Eust\u00e1quio\",\"description\":\"Sa\u00fade e Paz\",\"publisher\":{\"@id\":\"https:\/\/www.padreeustaquio.com.br\/#organization\"},\"potentialAction\":[{\"@type\":\"SearchAction\",\"target\":{\"@type\":\"EntryPoint\",\"urlTemplate\":\"https:\/\/www.padreeustaquio.com.br\/?s={search_term_string}\"},\"query-input\":{\"@type\":\"PropertyValueSpecification\",\"valueRequired\":true,\"valueName\":\"search_term_string\"}}],\"inLanguage\":\"es\"},{\"@type\":\"Organization\",\"@id\":\"https:\/\/www.padreeustaquio.com.br\/#organization\",\"name\":\"Padre Eust\u00e1quio\",\"url\":\"https:\/\/www.padreeustaquio.com.br\/\",\"logo\":{\"@type\":\"ImageObject\",\"inLanguage\":\"es\",\"@id\":\"https:\/\/www.padreeustaquio.com.br\/#\/schema\/logo\/image\/\",\"url\":\"https:\/\/www.padreeustaquio.com.br\/wp-content\/uploads\/2019\/08\/marca.png\",\"contentUrl\":\"https:\/\/www.padreeustaquio.com.br\/wp-content\/uploads\/2019\/08\/marca.png\",\"width\":350,\"height\":400,\"caption\":\"Padre Eust\u00e1quio\"},\"image\":{\"@id\":\"https:\/\/www.padreeustaquio.com.br\/#\/schema\/logo\/image\/\"},\"sameAs\":[\"https:\/\/www.facebook.com\/beatopadreeustaquio\/\",\"https:\/\/x.com\/beatopeustaquio\",\"https:\/\/www.instagram.com\/beatopadreeustaquio\/\",\"https:\/\/www.youtube.com\/channel\/UCRhw7vfabnajwLxb1ZXMeIw\"]},{\"@type\":\"Person\",\"@id\":\"https:\/\/www.padreeustaquio.com.br\/#\/schema\/person\/a2a51db1d00f1a7af0204a0f1ddb1566\",\"name\":\"@sscc\",\"image\":{\"@type\":\"ImageObject\",\"inLanguage\":\"es\",\"@id\":\"https:\/\/secure.gravatar.com\/avatar\/68cfafa5f44617fea54071e215026e0ff06be366c3d54a8425f04fdcb86f8c5f?s=96&d=mm&r=g\",\"url\":\"https:\/\/secure.gravatar.com\/avatar\/68cfafa5f44617fea54071e215026e0ff06be366c3d54a8425f04fdcb86f8c5f?s=96&d=mm&r=g\",\"contentUrl\":\"https:\/\/secure.gravatar.com\/avatar\/68cfafa5f44617fea54071e215026e0ff06be366c3d54a8425f04fdcb86f8c5f?s=96&d=mm&r=g\",\"caption\":\"@sscc\"},\"url\":\"https:\/\/www.padreeustaquio.com.br\/es\/author\/sscc\/\"}]}<\/script>\n<!-- \/ Yoast SEO plugin. -->","yoast_head_json":{"title":"\u00daltimos d\u00edas para participar de la promoci\u00f3n de la Tienda Padre Eust\u00e1quio.","description":"Se acerca el d\u00eda del sorteo de la promoci\u00f3n de la Tienda Padre Eust\u00e1quio en colaboraci\u00f3n con Editora Vozes. Los dos kits literarios se sortear\u00e1n el viernes 6 de enero a las 15:00 h en la Tienda Padre Eust\u00e1quio.","robots":{"index":"index","follow":"follow","max-snippet":"max-snippet:-1","max-image-preview":"max-image-preview:large","max-video-preview":"max-video-preview:-1"},"canonical":"https:\/\/www.padreeustaquio.com.br\/es\/ultimos-dias-para-participar-de-la-promocion-de-la-tienda-padre-eustaquio\/","og_locale":"es_ES","og_type":"article","og_title":"\u00daltimos dias para participar da promo\u00e7\u00e3o da Loja do Padre Eust\u00e1quio","og_description":"Est\u00e1 chegando o dia do sorteio da promo\u00e7\u00e3o da Loja do Padre Eust\u00e1quio em parceria com a Editora Vozes. Os dois Kits liter\u00e1rios ser\u00e3o sorteados na sexta, 06\/01, \u00e0s 15h, na Loja do Padre Eust\u00e1quio.","og_url":"https:\/\/www.padreeustaquio.com.br\/es\/ultimos-dias-para-participar-de-la-promocion-de-la-tienda-padre-eustaquio\/","og_site_name":"Padre Eust\u00e1quio","article_publisher":"https:\/\/www.facebook.com\/beatopadreeustaquio\/","article_published_time":"2023-01-04T10:01:00+00:00","og_image":[{"width":1600,"height":1200,"url":"https:\/\/www.padreeustaquio.com.br\/wp-content\/uploads\/2023\/01\/kit-vozes.jpeg","type":"image\/jpeg"}],"author":"@sscc","twitter_card":"summary_large_image","twitter_creator":"@beatopeustaquio","twitter_site":"@beatopeustaquio","twitter_misc":{"Escrito por":"@sscc","Tiempo de lectura":"1 minuto"},"schema":{"@context":"https:\/\/schema.org","@graph":[{"@type":"Article","@id":"https:\/\/www.padreeustaquio.com.br\/ultimos-dias-para-participar-da-promocao-da-loja-do-padre-eustaquio\/#article","isPartOf":{"@id":"https:\/\/www.padreeustaquio.com.br\/ultimos-dias-para-participar-da-promocao-da-loja-do-padre-eustaquio\/"},"author":{"name":"@sscc","@id":"https:\/\/www.padreeustaquio.com.br\/#\/schema\/person\/a2a51db1d00f1a7af0204a0f1ddb1566"},"headline":"\u00daltimos dias para participar da promo\u00e7\u00e3o da Loja do Padre Eust\u00e1quio","datePublished":"2023-01-04T10:01:00+00:00","mainEntityOfPage":{"@id":"https:\/\/www.padreeustaquio.com.br\/ultimos-dias-para-participar-da-promocao-da-loja-do-padre-eustaquio\/"},"wordCount":236,"commentCount":0,"publisher":{"@id":"https:\/\/www.padreeustaquio.com.br\/#organization"},"image":{"@id":"https:\/\/www.padreeustaquio.com.br\/ultimos-dias-para-participar-da-promocao-da-loja-do-padre-eustaquio\/#primaryimage"},"thumbnailUrl":"https:\/\/www.padreeustaquio.com.br\/wp-content\/uploads\/2023\/01\/kit-vozes.jpeg","articleSection":["Not\u00edcias"],"inLanguage":"es","potentialAction":[{"@type":"CommentAction","name":"Comment","target":["https:\/\/www.padreeustaquio.com.br\/ultimos-dias-para-participar-da-promocao-da-loja-do-padre-eustaquio\/#respond"]}]},{"@type":"WebPage","@id":"https:\/\/www.padreeustaquio.com.br\/ultimos-dias-para-participar-da-promocao-da-loja-do-padre-eustaquio\/","url":"https:\/\/www.padreeustaquio.com.br\/ultimos-dias-para-participar-da-promocao-da-loja-do-padre-eustaquio\/","name":"\u00daltimos d\u00edas para participar de la promoci\u00f3n de la Tienda Padre Eust\u00e1quio.","isPartOf":{"@id":"https:\/\/www.padreeustaquio.com.br\/#website"},"primaryImageOfPage":{"@id":"https:\/\/www.padreeustaquio.com.br\/ultimos-dias-para-participar-da-promocao-da-loja-do-padre-eustaquio\/#primaryimage"},"image":{"@id":"https:\/\/www.padreeustaquio.com.br\/ultimos-dias-para-participar-da-promocao-da-loja-do-padre-eustaquio\/#primaryimage"},"thumbnailUrl":"https:\/\/www.padreeustaquio.com.br\/wp-content\/uploads\/2023\/01\/kit-vozes.jpeg","datePublished":"2023-01-04T10:01:00+00:00","description":"Se acerca el d\u00eda del sorteo de la promoci\u00f3n de la Tienda Padre Eust\u00e1quio en colaboraci\u00f3n con Editora Vozes. Los dos kits literarios se sortear\u00e1n el viernes 6 de enero a las 15:00 h en la Tienda Padre Eust\u00e1quio.","breadcrumb":{"@id":"https:\/\/www.padreeustaquio.com.br\/ultimos-dias-para-participar-da-promocao-da-loja-do-padre-eustaquio\/#breadcrumb"},"inLanguage":"es","potentialAction":[{"@type":"ReadAction","target":["https:\/\/www.padreeustaquio.com.br\/ultimos-dias-para-participar-da-promocao-da-loja-do-padre-eustaquio\/"]}]},{"@type":"ImageObject","inLanguage":"es","@id":"https:\/\/www.padreeustaquio.com.br\/ultimos-dias-para-participar-da-promocao-da-loja-do-padre-eustaquio\/#primaryimage","url":"https:\/\/www.padreeustaquio.com.br\/wp-content\/uploads\/2023\/01\/kit-vozes.jpeg","contentUrl":"https:\/\/www.padreeustaquio.com.br\/wp-content\/uploads\/2023\/01\/kit-vozes.jpeg","width":1600,"height":1200},{"@type":"BreadcrumbList","@id":"https:\/\/www.padreeustaquio.com.br\/ultimos-dias-para-participar-da-promocao-da-loja-do-padre-eustaquio\/#breadcrumb","itemListElement":[{"@type":"ListItem","position":1,"name":"In\u00edcio","item":"https:\/\/www.padreeustaquio.com.br\/"},{"@type":"ListItem","position":2,"name":"\u00daltimos dias para participar da promo\u00e7\u00e3o da Loja do Padre Eust\u00e1quio"}]},{"@type":"WebSite","@id":"https:\/\/www.padreeustaquio.com.br\/#website","url":"https:\/\/www.padreeustaquio.com.br\/","name":"Padre Eustace","description":"Salud y Paz","publisher":{"@id":"https:\/\/www.padreeustaquio.com.br\/#organization"},"potentialAction":[{"@type":"SearchAction","target":{"@type":"EntryPoint","urlTemplate":"https:\/\/www.padreeustaquio.com.br\/?s={search_term_string}"},"query-input":{"@type":"PropertyValueSpecification","valueRequired":true,"valueName":"search_term_string"}}],"inLanguage":"es"},{"@type":"Organization","@id":"https:\/\/www.padreeustaquio.com.br\/#organization","name":"Padre Eustace","url":"https:\/\/www.padreeustaquio.com.br\/","logo":{"@type":"ImageObject","inLanguage":"es","@id":"https:\/\/www.padreeustaquio.com.br\/#\/schema\/logo\/image\/","url":"https:\/\/www.padreeustaquio.com.br\/wp-content\/uploads\/2019\/08\/marca.png","contentUrl":"https:\/\/www.padreeustaquio.com.br\/wp-content\/uploads\/2019\/08\/marca.png","width":350,"height":400,"caption":"Padre Eust\u00e1quio"},"image":{"@id":"https:\/\/www.padreeustaquio.com.br\/#\/schema\/logo\/image\/"},"sameAs":["https:\/\/www.facebook.com\/beatopadreeustaquio\/","https:\/\/x.com\/beatopeustaquio","https:\/\/www.instagram.com\/beatopadreeustaquio\/","https:\/\/www.youtube.com\/channel\/UCRhw7vfabnajwLxb1ZXMeIw"]},{"@type":"Person","@id":"https:\/\/www.padreeustaquio.com.br\/#\/schema\/person\/a2a51db1d00f1a7af0204a0f1ddb1566","name":"@sscc","image":{"@type":"ImageObject","inLanguage":"es","@id":"https:\/\/secure.gravatar.com\/avatar\/68cfafa5f44617fea54071e215026e0ff06be366c3d54a8425f04fdcb86f8c5f?s=96&d=mm&r=g","url":"https:\/\/secure.gravatar.com\/avatar\/68cfafa5f44617fea54071e215026e0ff06be366c3d54a8425f04fdcb86f8c5f?s=96&d=mm&r=g","contentUrl":"https:\/\/secure.gravatar.com\/avatar\/68cfafa5f44617fea54071e215026e0ff06be366c3d54a8425f04fdcb86f8c5f?s=96&d=mm&r=g","caption":"@sscc"},"url":"https:\/\/www.padreeustaquio.com.br\/es\/author\/sscc\/"}]}},"_links":{"self":[{"href":"https:\/\/www.padreeustaquio.com.br\/es\/wp-json\/wp\/v2\/posts\/9719","targetHints":{"allow":["GET"]}}],"collection":[{"href":"https:\/\/www.padreeustaquio.com.br\/es\/wp-json\/wp\/v2\/posts"}],"about":[{"href":"https:\/\/www.padreeustaquio.com.br\/es\/wp-json\/wp\/v2\/types\/post"}],"author":[{"embeddable":true,"href":"https:\/\/www.padreeustaquio.com.br\/es\/wp-json\/wp\/v2\/users\/2"}],"replies":[{"embeddable":true,"href":"https:\/\/www.padreeustaquio.com.br\/es\/wp-json\/wp\/v2\/comments?post=9719"}],"version-history":[{"count":0,"href":"https:\/\/www.padreeustaquio.com.br\/es\/wp-json\/wp\/v2\/posts\/9719\/revisions"}],"wp:featuredmedia":[{"embeddable":true,"href":"https:\/\/www.padreeustaquio.com.br\/es\/wp-json\/wp\/v2\/media\/9720"}],"wp:attachment":[{"href":"https:\/\/www.padreeustaquio.com.br\/es\/wp-json\/wp\/v2\/media?parent=9719"}],"wp:term":[{"taxonomy":"category","embeddable":true,"href":"https:\/\/www.padreeustaquio.com.br\/es\/wp-json\/wp\/v2\/categories?post=9719"},{"taxonomy":"post_tag","embeddable":true,"href":"https:\/\/www.padreeustaquio.com.br\/es\/wp-json\/wp\/v2\/tags?post=9719"}],"curies":[{"name":"wp","href":"https:\/\/api.w.org\/{rel}","templated":true}]}}