{"id":9691,"date":"2022-12-28T06:25:00","date_gmt":"2022-12-28T09:25:00","guid":{"rendered":"https:\/\/www.padreeustaquio.com.br\/?p=9691"},"modified":"2022-12-27T07:36:22","modified_gmt":"2022-12-27T10:36:22","slug":"el-santuario-anuncia-el-horario-de-misas-del-31-de-diciembre-y-1-de-enero","status":"publish","type":"post","link":"https:\/\/www.padreeustaquio.com.br\/es\/el-santuario-anuncia-el-horario-de-misas-del-31-de-diciembre-y-1-de-enero\/","title":{"rendered":"Santuario anuncia horarios de misas para el 31 de diciembre y 1 de enero."},"content":{"rendered":"<p>Al llegar al final de otro a\u00f1o, celebramos las victorias de Dios en nuestras vidas. Desde las alegr\u00edas vividas durante 2022, hasta la posibilidad de atravesar momentos dif\u00edciles, o incluso haber convivido con personas que nos han dejado. \u00a1En todos los sentidos, debemos estar agradecidos! Para celebrar estos momentos como es debido, el Santuario de la Salud y la Paz ofrecer\u00e1 siete misas este fin de semana.<\/p>\n\n\n\n<p>El s\u00e1bado por la ma\u00f1ana, a las 7:00 a. m., se celebrar\u00e1 la tradicional celebraci\u00f3n del s\u00e9ptimo d\u00eda de la Octava de Navidad. Por la tarde, a las 7:00 p. m., se celebrar\u00e1 la Santa Misa de la Solemnidad de Mar\u00eda, Madre de Dios.\u00a0<strong>Por favor tenga en cuenta que hoy NO HABR\u00c1 MISA a las 5:00 p. m., solo a las 7:00 p. m.<\/strong>. El domingo 1 de enero se celebrar\u00e1n misas en los horarios habituales: 7:00, 8:30, 10:00, 17:00 y 19:00 horas, celebr\u00e1ndose tambi\u00e9n Santa Mar\u00eda, Madre de Dios.<\/p>\n\n\n\n<p>Las misas del s\u00e1bado a las 19 horas y del domingo a las 10 y 19 horas ser\u00e1n transmitidas por el Canal Padre Eust\u00e1quio en YouTube.<\/p>\n\n\n\n<p>Este fin de semana, no s\u00f3lo demos gracias por las bendiciones recibidas a lo largo del a\u00f1o, sino tambi\u00e9n pidamos muchas gracias para el 2023, esperando vivir nuestra fe m\u00e1s intensamente, con amor y caridad, siguiendo el ejemplo de nuestro amable amigo, el Beato Padre Eustaquio.<\/p>\n\n\n\n<p><\/p>","protected":false},"excerpt":{"rendered":"<p>Ao chegarmos ao final de mais um ano, celebramos as vit\u00f3rias de Deus na nossa vida. Desde as alegrias vividas ao longo de 2022 ou at\u00e9 mesmo a possibilidade de passarmos por momentos dif\u00edceis ou ainda de ter convivido com pessoas que nos deixaram. Em todos os sentidos \u00e9 preciso ser agradecido! Para bem celebrarmos estes momentos, o Santu\u00e1rio da Sa\u00fade e da Paz vai realizar sete missas no fim de semana. No s\u00e1bado, pela manh\u00e3, \u00e0s 7h, haver\u00e1 a celebra\u00e7\u00e3o normal do s\u00e9timo dia da Oitava do Natal. J\u00e1 \u00e0 tarde teremos a Santa Missa da Solenidade de Santa [&hellip;]<\/p>\n","protected":false},"author":2,"featured_media":9692,"comment_status":"open","ping_status":"closed","sticky":false,"template":"","format":"standard","meta":{"_acf_changed":false,"footnotes":""},"categories":[611],"tags":[],"class_list":["post-9691","post","type-post","status-publish","format-standard","has-post-thumbnail","hentry","category-noticias"],"acf":[],"yoast_head":"<!-- This site is optimized with the Yoast SEO plugin v27.2 - https:\/\/yoast.com\/product\/yoast-seo-wordpress\/ -->\n<title>Santu\u00e1rio divulga hor\u00e1rios das missas do dia 31 de dezembro e 1\u00ba de janeiro<\/title>\n<meta name=\"description\" content=\"No s\u00e1bado, pela manh\u00e3, \u00e0s 7h, haver\u00e1 a celebra\u00e7\u00e3o normal do s\u00e9timo dia da Oitava do Natal. J\u00e1 \u00e0 tarde teremos a Santa Missa da Solenidade de Santa Maria M\u00e3e de Deus, \u00e0s 19h.\u00a0Aten\u00e7\u00e3o, neste dia N\u00c3O HAVER\u00c1 MISSA \u00c0S 17h, SOMENTE \u00c0S 19h. No domingo, dia 1\u00ba de janeiro, as missas ocorrer\u00e3o nos hor\u00e1rios de costume: 7h, 8h30, 10h, 17h e 19h, tamb\u00e9m celebrando Santa Maria M\u00e3e de Deus.\" \/>\n<meta name=\"robots\" content=\"index, follow, max-snippet:-1, max-image-preview:large, max-video-preview:-1\" \/>\n<link rel=\"canonical\" href=\"https:\/\/www.padreeustaquio.com.br\/es\/el-santuario-anuncia-el-horario-de-misas-del-31-de-diciembre-y-1-de-enero\/\" \/>\n<meta property=\"og:locale\" content=\"es_ES\" \/>\n<meta property=\"og:type\" content=\"article\" \/>\n<meta property=\"og:title\" content=\"Santu\u00e1rio divulga hor\u00e1rios das missas do dia 31 de dezembro e 1\u00ba de janeiro\" \/>\n<meta property=\"og:description\" content=\"No s\u00e1bado, pela manh\u00e3, \u00e0s 7h, haver\u00e1 a celebra\u00e7\u00e3o normal do s\u00e9timo dia da Oitava do Natal. J\u00e1 \u00e0 tarde teremos a Santa Missa da Solenidade de Santa Maria M\u00e3e de Deus, \u00e0s 19h.\u00a0Aten\u00e7\u00e3o, neste dia N\u00c3O HAVER\u00c1 MISSA \u00c0S 17h, SOMENTE \u00c0S 19h. No domingo, dia 1\u00ba de janeiro, as missas ocorrer\u00e3o nos hor\u00e1rios de costume: 7h, 8h30, 10h, 17h e 19h, tamb\u00e9m celebrando Santa Maria M\u00e3e de Deus.\" \/>\n<meta property=\"og:url\" content=\"https:\/\/www.padreeustaquio.com.br\/es\/el-santuario-anuncia-el-horario-de-misas-del-31-de-diciembre-y-1-de-enero\/\" \/>\n<meta property=\"og:site_name\" content=\"Padre Eust\u00e1quio\" \/>\n<meta property=\"article:publisher\" content=\"https:\/\/www.facebook.com\/beatopadreeustaquio\/\" \/>\n<meta property=\"article:published_time\" content=\"2022-12-28T09:25:00+00:00\" \/>\n<meta property=\"og:image\" content=\"https:\/\/www.padreeustaquio.com.br\/wp-content\/uploads\/2022\/12\/feliz-ano-novo.jpg\" \/>\n\t<meta property=\"og:image:width\" content=\"960\" \/>\n\t<meta property=\"og:image:height\" content=\"613\" \/>\n\t<meta property=\"og:image:type\" content=\"image\/jpeg\" \/>\n<meta name=\"author\" content=\"@sscc\" \/>\n<meta name=\"twitter:card\" content=\"summary_large_image\" \/>\n<meta name=\"twitter:creator\" content=\"@beatopeustaquio\" \/>\n<meta name=\"twitter:site\" content=\"@beatopeustaquio\" \/>\n<meta name=\"twitter:label1\" content=\"Escrito por\" \/>\n\t<meta name=\"twitter:data1\" content=\"@sscc\" \/>\n\t<meta name=\"twitter:label2\" content=\"Tiempo de lectura\" \/>\n\t<meta name=\"twitter:data2\" content=\"1 minuto\" \/>\n<script type=\"application\/ld+json\" class=\"yoast-schema-graph\">{\"@context\":\"https:\/\/schema.org\",\"@graph\":[{\"@type\":\"Article\",\"@id\":\"https:\/\/www.padreeustaquio.com.br\/santuario-divulga-horarios-das-missas-do-dia-31-de-dezembro-e-1o-de-janeiro\/#article\",\"isPartOf\":{\"@id\":\"https:\/\/www.padreeustaquio.com.br\/santuario-divulga-horarios-das-missas-do-dia-31-de-dezembro-e-1o-de-janeiro\/\"},\"author\":{\"name\":\"@sscc\",\"@id\":\"https:\/\/www.padreeustaquio.com.br\/#\/schema\/person\/a2a51db1d00f1a7af0204a0f1ddb1566\"},\"headline\":\"Santu\u00e1rio divulga hor\u00e1rios das missas do dia 31 de dezembro e 1\u00ba de janeiro\",\"datePublished\":\"2022-12-28T09:25:00+00:00\",\"mainEntityOfPage\":{\"@id\":\"https:\/\/www.padreeustaquio.com.br\/santuario-divulga-horarios-das-missas-do-dia-31-de-dezembro-e-1o-de-janeiro\/\"},\"wordCount\":239,\"commentCount\":0,\"publisher\":{\"@id\":\"https:\/\/www.padreeustaquio.com.br\/#organization\"},\"image\":{\"@id\":\"https:\/\/www.padreeustaquio.com.br\/santuario-divulga-horarios-das-missas-do-dia-31-de-dezembro-e-1o-de-janeiro\/#primaryimage\"},\"thumbnailUrl\":\"https:\/\/www.padreeustaquio.com.br\/wp-content\/uploads\/2022\/12\/feliz-ano-novo.jpg\",\"articleSection\":[\"Not\u00edcias\"],\"inLanguage\":\"es\",\"potentialAction\":[{\"@type\":\"CommentAction\",\"name\":\"Comment\",\"target\":[\"https:\/\/www.padreeustaquio.com.br\/santuario-divulga-horarios-das-missas-do-dia-31-de-dezembro-e-1o-de-janeiro\/#respond\"]}]},{\"@type\":\"WebPage\",\"@id\":\"https:\/\/www.padreeustaquio.com.br\/santuario-divulga-horarios-das-missas-do-dia-31-de-dezembro-e-1o-de-janeiro\/\",\"url\":\"https:\/\/www.padreeustaquio.com.br\/santuario-divulga-horarios-das-missas-do-dia-31-de-dezembro-e-1o-de-janeiro\/\",\"name\":\"Santu\u00e1rio divulga hor\u00e1rios das missas do dia 31 de dezembro e 1\u00ba de janeiro\",\"isPartOf\":{\"@id\":\"https:\/\/www.padreeustaquio.com.br\/#website\"},\"primaryImageOfPage\":{\"@id\":\"https:\/\/www.padreeustaquio.com.br\/santuario-divulga-horarios-das-missas-do-dia-31-de-dezembro-e-1o-de-janeiro\/#primaryimage\"},\"image\":{\"@id\":\"https:\/\/www.padreeustaquio.com.br\/santuario-divulga-horarios-das-missas-do-dia-31-de-dezembro-e-1o-de-janeiro\/#primaryimage\"},\"thumbnailUrl\":\"https:\/\/www.padreeustaquio.com.br\/wp-content\/uploads\/2022\/12\/feliz-ano-novo.jpg\",\"datePublished\":\"2022-12-28T09:25:00+00:00\",\"description\":\"No s\u00e1bado, pela manh\u00e3, \u00e0s 7h, haver\u00e1 a celebra\u00e7\u00e3o normal do s\u00e9timo dia da Oitava do Natal. J\u00e1 \u00e0 tarde teremos a Santa Missa da Solenidade de Santa Maria M\u00e3e de Deus, \u00e0s 19h.\u00a0Aten\u00e7\u00e3o, neste dia N\u00c3O HAVER\u00c1 MISSA \u00c0S 17h, SOMENTE \u00c0S 19h. No domingo, dia 1\u00ba de janeiro, as missas ocorrer\u00e3o nos hor\u00e1rios de costume: 7h, 8h30, 10h, 17h e 19h, tamb\u00e9m celebrando Santa Maria M\u00e3e de Deus.\",\"breadcrumb\":{\"@id\":\"https:\/\/www.padreeustaquio.com.br\/santuario-divulga-horarios-das-missas-do-dia-31-de-dezembro-e-1o-de-janeiro\/#breadcrumb\"},\"inLanguage\":\"es\",\"potentialAction\":[{\"@type\":\"ReadAction\",\"target\":[\"https:\/\/www.padreeustaquio.com.br\/santuario-divulga-horarios-das-missas-do-dia-31-de-dezembro-e-1o-de-janeiro\/\"]}]},{\"@type\":\"ImageObject\",\"inLanguage\":\"es\",\"@id\":\"https:\/\/www.padreeustaquio.com.br\/santuario-divulga-horarios-das-missas-do-dia-31-de-dezembro-e-1o-de-janeiro\/#primaryimage\",\"url\":\"https:\/\/www.padreeustaquio.com.br\/wp-content\/uploads\/2022\/12\/feliz-ano-novo.jpg\",\"contentUrl\":\"https:\/\/www.padreeustaquio.com.br\/wp-content\/uploads\/2022\/12\/feliz-ano-novo.jpg\",\"width\":960,\"height\":613},{\"@type\":\"BreadcrumbList\",\"@id\":\"https:\/\/www.padreeustaquio.com.br\/santuario-divulga-horarios-das-missas-do-dia-31-de-dezembro-e-1o-de-janeiro\/#breadcrumb\",\"itemListElement\":[{\"@type\":\"ListItem\",\"position\":1,\"name\":\"In\u00edcio\",\"item\":\"https:\/\/www.padreeustaquio.com.br\/\"},{\"@type\":\"ListItem\",\"position\":2,\"name\":\"Santu\u00e1rio divulga hor\u00e1rios das missas do dia 31 de dezembro e 1\u00ba de janeiro\"}]},{\"@type\":\"WebSite\",\"@id\":\"https:\/\/www.padreeustaquio.com.br\/#website\",\"url\":\"https:\/\/www.padreeustaquio.com.br\/\",\"name\":\"Padre Eust\u00e1quio\",\"description\":\"Sa\u00fade e Paz\",\"publisher\":{\"@id\":\"https:\/\/www.padreeustaquio.com.br\/#organization\"},\"potentialAction\":[{\"@type\":\"SearchAction\",\"target\":{\"@type\":\"EntryPoint\",\"urlTemplate\":\"https:\/\/www.padreeustaquio.com.br\/?s={search_term_string}\"},\"query-input\":{\"@type\":\"PropertyValueSpecification\",\"valueRequired\":true,\"valueName\":\"search_term_string\"}}],\"inLanguage\":\"es\"},{\"@type\":\"Organization\",\"@id\":\"https:\/\/www.padreeustaquio.com.br\/#organization\",\"name\":\"Padre Eust\u00e1quio\",\"url\":\"https:\/\/www.padreeustaquio.com.br\/\",\"logo\":{\"@type\":\"ImageObject\",\"inLanguage\":\"es\",\"@id\":\"https:\/\/www.padreeustaquio.com.br\/#\/schema\/logo\/image\/\",\"url\":\"https:\/\/www.padreeustaquio.com.br\/wp-content\/uploads\/2019\/08\/marca.png\",\"contentUrl\":\"https:\/\/www.padreeustaquio.com.br\/wp-content\/uploads\/2019\/08\/marca.png\",\"width\":350,\"height\":400,\"caption\":\"Padre Eust\u00e1quio\"},\"image\":{\"@id\":\"https:\/\/www.padreeustaquio.com.br\/#\/schema\/logo\/image\/\"},\"sameAs\":[\"https:\/\/www.facebook.com\/beatopadreeustaquio\/\",\"https:\/\/x.com\/beatopeustaquio\",\"https:\/\/www.instagram.com\/beatopadreeustaquio\/\",\"https:\/\/www.youtube.com\/channel\/UCRhw7vfabnajwLxb1ZXMeIw\"]},{\"@type\":\"Person\",\"@id\":\"https:\/\/www.padreeustaquio.com.br\/#\/schema\/person\/a2a51db1d00f1a7af0204a0f1ddb1566\",\"name\":\"@sscc\",\"image\":{\"@type\":\"ImageObject\",\"inLanguage\":\"es\",\"@id\":\"https:\/\/secure.gravatar.com\/avatar\/68cfafa5f44617fea54071e215026e0ff06be366c3d54a8425f04fdcb86f8c5f?s=96&d=mm&r=g\",\"url\":\"https:\/\/secure.gravatar.com\/avatar\/68cfafa5f44617fea54071e215026e0ff06be366c3d54a8425f04fdcb86f8c5f?s=96&d=mm&r=g\",\"contentUrl\":\"https:\/\/secure.gravatar.com\/avatar\/68cfafa5f44617fea54071e215026e0ff06be366c3d54a8425f04fdcb86f8c5f?s=96&d=mm&r=g\",\"caption\":\"@sscc\"},\"url\":\"https:\/\/www.padreeustaquio.com.br\/es\/author\/sscc\/\"}]}<\/script>\n<!-- \/ Yoast SEO plugin. -->","yoast_head_json":{"title":"Santuario anuncia horarios de misas para el 31 de diciembre y 1 de enero.","description":"El s\u00e1bado por la ma\u00f1ana, a las 7:00 a. m., se celebrar\u00e1 la tradicional celebraci\u00f3n del s\u00e9ptimo d\u00eda de la Octava de Navidad. Por la tarde, a las 7:00 p. m., tendremos la Santa Misa de la Solemnidad de Mar\u00eda, Madre de Dios. Tengan en cuenta que ese d\u00eda NO HABR\u00c1 MISA A LAS 5:00 p. m., SOLO A LAS 7:00 p. m. El domingo 1 de enero, las misas se celebrar\u00e1n en los horarios habituales: 7:00 a. m., 8:30 a. m., 10:00 a. m., 5:00 p. m. y 7:00 p. m., tambi\u00e9n en honor a Mar\u00eda, Madre de Dios.","robots":{"index":"index","follow":"follow","max-snippet":"max-snippet:-1","max-image-preview":"max-image-preview:large","max-video-preview":"max-video-preview:-1"},"canonical":"https:\/\/www.padreeustaquio.com.br\/es\/el-santuario-anuncia-el-horario-de-misas-del-31-de-diciembre-y-1-de-enero\/","og_locale":"es_ES","og_type":"article","og_title":"Santu\u00e1rio divulga hor\u00e1rios das missas do dia 31 de dezembro e 1\u00ba de janeiro","og_description":"No s\u00e1bado, pela manh\u00e3, \u00e0s 7h, haver\u00e1 a celebra\u00e7\u00e3o normal do s\u00e9timo dia da Oitava do Natal. J\u00e1 \u00e0 tarde teremos a Santa Missa da Solenidade de Santa Maria M\u00e3e de Deus, \u00e0s 19h.\u00a0Aten\u00e7\u00e3o, neste dia N\u00c3O HAVER\u00c1 MISSA \u00c0S 17h, SOMENTE \u00c0S 19h. No domingo, dia 1\u00ba de janeiro, as missas ocorrer\u00e3o nos hor\u00e1rios de costume: 7h, 8h30, 10h, 17h e 19h, tamb\u00e9m celebrando Santa Maria M\u00e3e de Deus.","og_url":"https:\/\/www.padreeustaquio.com.br\/es\/el-santuario-anuncia-el-horario-de-misas-del-31-de-diciembre-y-1-de-enero\/","og_site_name":"Padre Eust\u00e1quio","article_publisher":"https:\/\/www.facebook.com\/beatopadreeustaquio\/","article_published_time":"2022-12-28T09:25:00+00:00","og_image":[{"width":960,"height":613,"url":"https:\/\/www.padreeustaquio.com.br\/wp-content\/uploads\/2022\/12\/feliz-ano-novo.jpg","type":"image\/jpeg"}],"author":"@sscc","twitter_card":"summary_large_image","twitter_creator":"@beatopeustaquio","twitter_site":"@beatopeustaquio","twitter_misc":{"Escrito por":"@sscc","Tiempo de lectura":"1 minuto"},"schema":{"@context":"https:\/\/schema.org","@graph":[{"@type":"Article","@id":"https:\/\/www.padreeustaquio.com.br\/santuario-divulga-horarios-das-missas-do-dia-31-de-dezembro-e-1o-de-janeiro\/#article","isPartOf":{"@id":"https:\/\/www.padreeustaquio.com.br\/santuario-divulga-horarios-das-missas-do-dia-31-de-dezembro-e-1o-de-janeiro\/"},"author":{"name":"@sscc","@id":"https:\/\/www.padreeustaquio.com.br\/#\/schema\/person\/a2a51db1d00f1a7af0204a0f1ddb1566"},"headline":"Santu\u00e1rio divulga hor\u00e1rios das missas do dia 31 de dezembro e 1\u00ba de janeiro","datePublished":"2022-12-28T09:25:00+00:00","mainEntityOfPage":{"@id":"https:\/\/www.padreeustaquio.com.br\/santuario-divulga-horarios-das-missas-do-dia-31-de-dezembro-e-1o-de-janeiro\/"},"wordCount":239,"commentCount":0,"publisher":{"@id":"https:\/\/www.padreeustaquio.com.br\/#organization"},"image":{"@id":"https:\/\/www.padreeustaquio.com.br\/santuario-divulga-horarios-das-missas-do-dia-31-de-dezembro-e-1o-de-janeiro\/#primaryimage"},"thumbnailUrl":"https:\/\/www.padreeustaquio.com.br\/wp-content\/uploads\/2022\/12\/feliz-ano-novo.jpg","articleSection":["Not\u00edcias"],"inLanguage":"es","potentialAction":[{"@type":"CommentAction","name":"Comment","target":["https:\/\/www.padreeustaquio.com.br\/santuario-divulga-horarios-das-missas-do-dia-31-de-dezembro-e-1o-de-janeiro\/#respond"]}]},{"@type":"WebPage","@id":"https:\/\/www.padreeustaquio.com.br\/santuario-divulga-horarios-das-missas-do-dia-31-de-dezembro-e-1o-de-janeiro\/","url":"https:\/\/www.padreeustaquio.com.br\/santuario-divulga-horarios-das-missas-do-dia-31-de-dezembro-e-1o-de-janeiro\/","name":"Santuario anuncia horarios de misas para el 31 de diciembre y 1 de enero.","isPartOf":{"@id":"https:\/\/www.padreeustaquio.com.br\/#website"},"primaryImageOfPage":{"@id":"https:\/\/www.padreeustaquio.com.br\/santuario-divulga-horarios-das-missas-do-dia-31-de-dezembro-e-1o-de-janeiro\/#primaryimage"},"image":{"@id":"https:\/\/www.padreeustaquio.com.br\/santuario-divulga-horarios-das-missas-do-dia-31-de-dezembro-e-1o-de-janeiro\/#primaryimage"},"thumbnailUrl":"https:\/\/www.padreeustaquio.com.br\/wp-content\/uploads\/2022\/12\/feliz-ano-novo.jpg","datePublished":"2022-12-28T09:25:00+00:00","description":"El s\u00e1bado por la ma\u00f1ana, a las 7:00 a. m., se celebrar\u00e1 la tradicional celebraci\u00f3n del s\u00e9ptimo d\u00eda de la Octava de Navidad. Por la tarde, a las 7:00 p. m., tendremos la Santa Misa de la Solemnidad de Mar\u00eda, Madre de Dios. Tengan en cuenta que ese d\u00eda NO HABR\u00c1 MISA A LAS 5:00 p. m., SOLO A LAS 7:00 p. m. El domingo 1 de enero, las misas se celebrar\u00e1n en los horarios habituales: 7:00 a. m., 8:30 a. m., 10:00 a. m., 5:00 p. m. y 7:00 p. m., tambi\u00e9n en honor a Mar\u00eda, Madre de Dios.","breadcrumb":{"@id":"https:\/\/www.padreeustaquio.com.br\/santuario-divulga-horarios-das-missas-do-dia-31-de-dezembro-e-1o-de-janeiro\/#breadcrumb"},"inLanguage":"es","potentialAction":[{"@type":"ReadAction","target":["https:\/\/www.padreeustaquio.com.br\/santuario-divulga-horarios-das-missas-do-dia-31-de-dezembro-e-1o-de-janeiro\/"]}]},{"@type":"ImageObject","inLanguage":"es","@id":"https:\/\/www.padreeustaquio.com.br\/santuario-divulga-horarios-das-missas-do-dia-31-de-dezembro-e-1o-de-janeiro\/#primaryimage","url":"https:\/\/www.padreeustaquio.com.br\/wp-content\/uploads\/2022\/12\/feliz-ano-novo.jpg","contentUrl":"https:\/\/www.padreeustaquio.com.br\/wp-content\/uploads\/2022\/12\/feliz-ano-novo.jpg","width":960,"height":613},{"@type":"BreadcrumbList","@id":"https:\/\/www.padreeustaquio.com.br\/santuario-divulga-horarios-das-missas-do-dia-31-de-dezembro-e-1o-de-janeiro\/#breadcrumb","itemListElement":[{"@type":"ListItem","position":1,"name":"In\u00edcio","item":"https:\/\/www.padreeustaquio.com.br\/"},{"@type":"ListItem","position":2,"name":"Santu\u00e1rio divulga hor\u00e1rios das missas do dia 31 de dezembro e 1\u00ba de janeiro"}]},{"@type":"WebSite","@id":"https:\/\/www.padreeustaquio.com.br\/#website","url":"https:\/\/www.padreeustaquio.com.br\/","name":"Padre Eustace","description":"Salud y Paz","publisher":{"@id":"https:\/\/www.padreeustaquio.com.br\/#organization"},"potentialAction":[{"@type":"SearchAction","target":{"@type":"EntryPoint","urlTemplate":"https:\/\/www.padreeustaquio.com.br\/?s={search_term_string}"},"query-input":{"@type":"PropertyValueSpecification","valueRequired":true,"valueName":"search_term_string"}}],"inLanguage":"es"},{"@type":"Organization","@id":"https:\/\/www.padreeustaquio.com.br\/#organization","name":"Padre Eustace","url":"https:\/\/www.padreeustaquio.com.br\/","logo":{"@type":"ImageObject","inLanguage":"es","@id":"https:\/\/www.padreeustaquio.com.br\/#\/schema\/logo\/image\/","url":"https:\/\/www.padreeustaquio.com.br\/wp-content\/uploads\/2019\/08\/marca.png","contentUrl":"https:\/\/www.padreeustaquio.com.br\/wp-content\/uploads\/2019\/08\/marca.png","width":350,"height":400,"caption":"Padre Eust\u00e1quio"},"image":{"@id":"https:\/\/www.padreeustaquio.com.br\/#\/schema\/logo\/image\/"},"sameAs":["https:\/\/www.facebook.com\/beatopadreeustaquio\/","https:\/\/x.com\/beatopeustaquio","https:\/\/www.instagram.com\/beatopadreeustaquio\/","https:\/\/www.youtube.com\/channel\/UCRhw7vfabnajwLxb1ZXMeIw"]},{"@type":"Person","@id":"https:\/\/www.padreeustaquio.com.br\/#\/schema\/person\/a2a51db1d00f1a7af0204a0f1ddb1566","name":"@sscc","image":{"@type":"ImageObject","inLanguage":"es","@id":"https:\/\/secure.gravatar.com\/avatar\/68cfafa5f44617fea54071e215026e0ff06be366c3d54a8425f04fdcb86f8c5f?s=96&d=mm&r=g","url":"https:\/\/secure.gravatar.com\/avatar\/68cfafa5f44617fea54071e215026e0ff06be366c3d54a8425f04fdcb86f8c5f?s=96&d=mm&r=g","contentUrl":"https:\/\/secure.gravatar.com\/avatar\/68cfafa5f44617fea54071e215026e0ff06be366c3d54a8425f04fdcb86f8c5f?s=96&d=mm&r=g","caption":"@sscc"},"url":"https:\/\/www.padreeustaquio.com.br\/es\/author\/sscc\/"}]}},"_links":{"self":[{"href":"https:\/\/www.padreeustaquio.com.br\/es\/wp-json\/wp\/v2\/posts\/9691","targetHints":{"allow":["GET"]}}],"collection":[{"href":"https:\/\/www.padreeustaquio.com.br\/es\/wp-json\/wp\/v2\/posts"}],"about":[{"href":"https:\/\/www.padreeustaquio.com.br\/es\/wp-json\/wp\/v2\/types\/post"}],"author":[{"embeddable":true,"href":"https:\/\/www.padreeustaquio.com.br\/es\/wp-json\/wp\/v2\/users\/2"}],"replies":[{"embeddable":true,"href":"https:\/\/www.padreeustaquio.com.br\/es\/wp-json\/wp\/v2\/comments?post=9691"}],"version-history":[{"count":0,"href":"https:\/\/www.padreeustaquio.com.br\/es\/wp-json\/wp\/v2\/posts\/9691\/revisions"}],"wp:featuredmedia":[{"embeddable":true,"href":"https:\/\/www.padreeustaquio.com.br\/es\/wp-json\/wp\/v2\/media\/9692"}],"wp:attachment":[{"href":"https:\/\/www.padreeustaquio.com.br\/es\/wp-json\/wp\/v2\/media?parent=9691"}],"wp:term":[{"taxonomy":"category","embeddable":true,"href":"https:\/\/www.padreeustaquio.com.br\/es\/wp-json\/wp\/v2\/categories?post=9691"},{"taxonomy":"post_tag","embeddable":true,"href":"https:\/\/www.padreeustaquio.com.br\/es\/wp-json\/wp\/v2\/tags?post=9691"}],"curies":[{"name":"wp","href":"https:\/\/api.w.org\/{rel}","templated":true}]}}