{"id":9688,"date":"2022-12-27T06:30:00","date_gmt":"2022-12-27T09:30:00","guid":{"rendered":"https:\/\/www.padreeustaquio.com.br\/?p=9688"},"modified":"2022-12-23T07:38:55","modified_gmt":"2022-12-23T10:38:55","slug":"el-padre-andrzej-lukawski-habla-sobre-la-devocion-al-padre-eustaquio-en-brasil","status":"publish","type":"post","link":"https:\/\/www.padreeustaquio.com.br\/es\/el-padre-andrzej-lukawski-habla-sobre-la-devocion-al-padre-eustaquio-en-brasil\/","title":{"rendered":"El padre Andrzej Lukawski habla sobre la devoci\u00f3n al padre Eust\u00e1quio en Brasil."},"content":{"rendered":"<p>Durante una visita a Brasil, el Padre Andrzej Lukawski, Postulador y Procurador General de la Congregaci\u00f3n de los Sagrados Corazones, se sinti\u00f3 conmovido por la devoci\u00f3n al Beato Padre Eustaquio. Qued\u00f3 impresionado por la movilizaci\u00f3n de los fieles del Beato y por los frutos de la devoci\u00f3n al Misionero de la Salud y la Paz.<\/p>\n\n\n\n<p>Durante la visita tambi\u00e9n pidi\u00f3 las oraciones de todos los devotos para que un nuevo milagro sea reconocido por el Vaticano, permitiendo que el Padre Eustaquio sea finalmente consagrado Santo de la Iglesia Cat\u00f3lica.<\/p>\n\n\n\n<p>Lea un extracto de la homil\u00eda del padre Andrzej Lukawski en la fiesta del beato padre Eustaquio en 2022:<\/p>\n\n\n\n<p><em>\u201cEsta es la segunda vez que vengo a Belo Horizonte. La primera fue para la beatificaci\u00f3n en 2006. Agradec\u00ed mucho a Dios la oportunidad de participar en este importante y gozoso evento, que solo se logr\u00f3 gracias a su devoci\u00f3n al Padre Eust\u00e1quio. Desde entonces, mi coraz\u00f3n repite las palabras del estribillo del himno: \u201cRuega por nosotros, Padre Eust\u00e1quio, vela por nosotros con amor, confiamos en tu bondad ante Dios, nuestro intercesor\u201d. De hecho, \u00e9l es nuestro gran intercesor ante Dios, en quien podemos confiar nuestras oraciones.<\/em><\/p>\n\n\n\n<p><em>\u00c9l siempre intercede por nosotros, y esto queda claro en los testimonios de los fieles. Me alegra ver que las solicitudes de reliquias aumentan gradualmente tambi\u00e9n fuera de Brasil, pues es se\u00f1al de que el Padre Eust\u00e1quio se est\u00e1 dando a conocer en otras partes del mundo. Sin embargo, seguimos esperando un milagro necesario para su canonizaci\u00f3n, que se presentar\u00e1 al Dicasterio Vaticano para las Causas de los Santos.<\/em><\/p>\n\n\n\n<p><em>Personalmente creo que este d\u00eda est\u00e1 cerca, pero debemos permanecer en oraci\u00f3n y pedir a Dios la intercesi\u00f3n del Beato Padre Eustaquio en casos de enfermedad grave. No debemos desanimarnos si Dios no escucha nuestras oraciones de inmediato; \u00c9l tiene su propio tiempo y maneras de actuar. Por nuestra parte, nos corresponde creer plenamente en \u00c9l y esperar con paciencia, siguiendo el ejemplo del Beato Padre Eustaquio con humildad y perseverancia. \u201cPedid y se os dar\u00e1\u201d, no son mis palabras, sino las del mismo Jes\u00fas. Que estas palabras nos basten.\u201d<\/em><\/p>\n\n\n\n<p>Podr\u00e1s ver la homil\u00eda completa aqu\u00ed en el Canal Padre Eust\u00e1quio. <a href=\"https:\/\/www.youtube.com\/watch?v=Ok3VU_Nw3N4&amp;t=3077s\" target=\"_blank\" rel=\"noreferrer noopener\">HAGA CLIC AQU\u00cd<\/a> (a partir de 53&#039;30&quot;).<\/p>\n\n\n\n<p><\/p>","protected":false},"excerpt":{"rendered":"<p>Durante visita ao Brasil, Padre Andrzej Lukawski, Postulador e Procurador-Geral da Congrega\u00e7\u00e3o dos Sagrados Cora\u00e7\u00f5es, foi tocado pela devo\u00e7\u00e3o ao Bem-aventurado Padre Eust\u00e1quio. Ele ficou impressionado pela mobiliza\u00e7\u00e3o dos fi\u00e9is do Beato e como a devo\u00e7\u00e3o ao Mission\u00e1rio da Sa\u00fade e da Paz rendeu frutos. Durante a visita ele pediu ainda a ora\u00e7\u00e3o de todos os devotos para que um novo milagre seja reconhecido pelo Vaticano para que Padre Eust\u00e1quio possa, enfim, ser sagrado um Santo da Igreja Cat\u00f3lica. Leia um trecho da homilia do Padre Andrzej Lukawski na Festa do Beato Padre Eust\u00e1quio de 2022: \u201cEsta \u00e9 a segunda [&hellip;]<\/p>\n","protected":false},"author":2,"featured_media":9689,"comment_status":"open","ping_status":"closed","sticky":false,"template":"","format":"standard","meta":{"_acf_changed":false,"footnotes":""},"categories":[611],"tags":[],"class_list":["post-9688","post","type-post","status-publish","format-standard","has-post-thumbnail","hentry","category-noticias"],"acf":[],"yoast_head":"<!-- This site is optimized with the Yoast SEO plugin v27.2 - https:\/\/yoast.com\/product\/yoast-seo-wordpress\/ -->\n<title>Padre Andrzej Lukawski fala sobre devo\u00e7\u00e3o \u00e0 Padre Eust\u00e1quio no Brasil<\/title>\n<meta name=\"description\" content=\"Durante visita ao Brasil, Padre Andrzej Lukawski, Postulador e Procurador-Geral da Congrega\u00e7\u00e3o dos Sagrados Cora\u00e7\u00f5es, foi tocado pela devo\u00e7\u00e3o ao Bem-aventurado Padre Eust\u00e1quio. Ele ficou impressionado pela mobiliza\u00e7\u00e3o dos fi\u00e9is do Beato e como a devo\u00e7\u00e3o ao Mission\u00e1rio da Sa\u00fade e da Paz rendeu frutos.\" \/>\n<meta name=\"robots\" content=\"index, follow, max-snippet:-1, max-image-preview:large, max-video-preview:-1\" \/>\n<link rel=\"canonical\" href=\"https:\/\/www.padreeustaquio.com.br\/es\/el-padre-andrzej-lukawski-habla-sobre-la-devocion-al-padre-eustaquio-en-brasil\/\" \/>\n<meta property=\"og:locale\" content=\"es_ES\" \/>\n<meta property=\"og:type\" content=\"article\" \/>\n<meta property=\"og:title\" content=\"Padre Andrzej Lukawski fala sobre devo\u00e7\u00e3o \u00e0 Padre Eust\u00e1quio no Brasil\" \/>\n<meta property=\"og:description\" content=\"Durante visita ao Brasil, Padre Andrzej Lukawski, Postulador e Procurador-Geral da Congrega\u00e7\u00e3o dos Sagrados Cora\u00e7\u00f5es, foi tocado pela devo\u00e7\u00e3o ao Bem-aventurado Padre Eust\u00e1quio. Ele ficou impressionado pela mobiliza\u00e7\u00e3o dos fi\u00e9is do Beato e como a devo\u00e7\u00e3o ao Mission\u00e1rio da Sa\u00fade e da Paz rendeu frutos.\" \/>\n<meta property=\"og:url\" content=\"https:\/\/www.padreeustaquio.com.br\/es\/el-padre-andrzej-lukawski-habla-sobre-la-devocion-al-padre-eustaquio-en-brasil\/\" \/>\n<meta property=\"og:site_name\" content=\"Padre Eust\u00e1quio\" \/>\n<meta property=\"article:publisher\" content=\"https:\/\/www.facebook.com\/beatopadreeustaquio\/\" \/>\n<meta property=\"article:published_time\" content=\"2022-12-27T09:30:00+00:00\" \/>\n<meta property=\"og:image\" content=\"https:\/\/www.padreeustaquio.com.br\/wp-content\/uploads\/2022\/12\/Padre-Andrzj-e1671791901799.jpeg\" \/>\n\t<meta property=\"og:image:width\" content=\"1241\" \/>\n\t<meta property=\"og:image:height\" content=\"624\" \/>\n\t<meta property=\"og:image:type\" content=\"image\/jpeg\" \/>\n<meta name=\"author\" content=\"@sscc\" \/>\n<meta name=\"twitter:card\" content=\"summary_large_image\" \/>\n<meta name=\"twitter:creator\" content=\"@beatopeustaquio\" \/>\n<meta name=\"twitter:site\" content=\"@beatopeustaquio\" \/>\n<meta name=\"twitter:label1\" content=\"Escrito por\" \/>\n\t<meta name=\"twitter:data1\" content=\"@sscc\" \/>\n\t<meta name=\"twitter:label2\" content=\"Tiempo de lectura\" \/>\n\t<meta name=\"twitter:data2\" content=\"2 minutos\" \/>\n<script type=\"application\/ld+json\" class=\"yoast-schema-graph\">{\"@context\":\"https:\/\/schema.org\",\"@graph\":[{\"@type\":\"Article\",\"@id\":\"https:\/\/www.padreeustaquio.com.br\/padre-andrzej-lukawski-fala-sobre-devocao-a-padre-eustaquio-no-brasil\/#article\",\"isPartOf\":{\"@id\":\"https:\/\/www.padreeustaquio.com.br\/padre-andrzej-lukawski-fala-sobre-devocao-a-padre-eustaquio-no-brasil\/\"},\"author\":{\"name\":\"@sscc\",\"@id\":\"https:\/\/www.padreeustaquio.com.br\/#\/schema\/person\/a2a51db1d00f1a7af0204a0f1ddb1566\"},\"headline\":\"Padre Andrzej Lukawski fala sobre devo\u00e7\u00e3o \u00e0 Padre Eust\u00e1quio no Brasil\",\"datePublished\":\"2022-12-27T09:30:00+00:00\",\"mainEntityOfPage\":{\"@id\":\"https:\/\/www.padreeustaquio.com.br\/padre-andrzej-lukawski-fala-sobre-devocao-a-padre-eustaquio-no-brasil\/\"},\"wordCount\":426,\"commentCount\":0,\"publisher\":{\"@id\":\"https:\/\/www.padreeustaquio.com.br\/#organization\"},\"image\":{\"@id\":\"https:\/\/www.padreeustaquio.com.br\/padre-andrzej-lukawski-fala-sobre-devocao-a-padre-eustaquio-no-brasil\/#primaryimage\"},\"thumbnailUrl\":\"https:\/\/www.padreeustaquio.com.br\/wp-content\/uploads\/2022\/12\/Padre-Andrzj-e1671791901799.jpeg\",\"articleSection\":[\"Not\u00edcias\"],\"inLanguage\":\"es\",\"potentialAction\":[{\"@type\":\"CommentAction\",\"name\":\"Comment\",\"target\":[\"https:\/\/www.padreeustaquio.com.br\/padre-andrzej-lukawski-fala-sobre-devocao-a-padre-eustaquio-no-brasil\/#respond\"]}]},{\"@type\":\"WebPage\",\"@id\":\"https:\/\/www.padreeustaquio.com.br\/padre-andrzej-lukawski-fala-sobre-devocao-a-padre-eustaquio-no-brasil\/\",\"url\":\"https:\/\/www.padreeustaquio.com.br\/padre-andrzej-lukawski-fala-sobre-devocao-a-padre-eustaquio-no-brasil\/\",\"name\":\"Padre Andrzej Lukawski fala sobre devo\u00e7\u00e3o \u00e0 Padre Eust\u00e1quio no Brasil\",\"isPartOf\":{\"@id\":\"https:\/\/www.padreeustaquio.com.br\/#website\"},\"primaryImageOfPage\":{\"@id\":\"https:\/\/www.padreeustaquio.com.br\/padre-andrzej-lukawski-fala-sobre-devocao-a-padre-eustaquio-no-brasil\/#primaryimage\"},\"image\":{\"@id\":\"https:\/\/www.padreeustaquio.com.br\/padre-andrzej-lukawski-fala-sobre-devocao-a-padre-eustaquio-no-brasil\/#primaryimage\"},\"thumbnailUrl\":\"https:\/\/www.padreeustaquio.com.br\/wp-content\/uploads\/2022\/12\/Padre-Andrzj-e1671791901799.jpeg\",\"datePublished\":\"2022-12-27T09:30:00+00:00\",\"description\":\"Durante visita ao Brasil, Padre Andrzej Lukawski, Postulador e Procurador-Geral da Congrega\u00e7\u00e3o dos Sagrados Cora\u00e7\u00f5es, foi tocado pela devo\u00e7\u00e3o ao Bem-aventurado Padre Eust\u00e1quio. Ele ficou impressionado pela mobiliza\u00e7\u00e3o dos fi\u00e9is do Beato e como a devo\u00e7\u00e3o ao Mission\u00e1rio da Sa\u00fade e da Paz rendeu frutos.\",\"breadcrumb\":{\"@id\":\"https:\/\/www.padreeustaquio.com.br\/padre-andrzej-lukawski-fala-sobre-devocao-a-padre-eustaquio-no-brasil\/#breadcrumb\"},\"inLanguage\":\"es\",\"potentialAction\":[{\"@type\":\"ReadAction\",\"target\":[\"https:\/\/www.padreeustaquio.com.br\/padre-andrzej-lukawski-fala-sobre-devocao-a-padre-eustaquio-no-brasil\/\"]}]},{\"@type\":\"ImageObject\",\"inLanguage\":\"es\",\"@id\":\"https:\/\/www.padreeustaquio.com.br\/padre-andrzej-lukawski-fala-sobre-devocao-a-padre-eustaquio-no-brasil\/#primaryimage\",\"url\":\"https:\/\/www.padreeustaquio.com.br\/wp-content\/uploads\/2022\/12\/Padre-Andrzj-e1671791901799.jpeg\",\"contentUrl\":\"https:\/\/www.padreeustaquio.com.br\/wp-content\/uploads\/2022\/12\/Padre-Andrzj-e1671791901799.jpeg\",\"width\":1241,\"height\":624},{\"@type\":\"BreadcrumbList\",\"@id\":\"https:\/\/www.padreeustaquio.com.br\/padre-andrzej-lukawski-fala-sobre-devocao-a-padre-eustaquio-no-brasil\/#breadcrumb\",\"itemListElement\":[{\"@type\":\"ListItem\",\"position\":1,\"name\":\"In\u00edcio\",\"item\":\"https:\/\/www.padreeustaquio.com.br\/\"},{\"@type\":\"ListItem\",\"position\":2,\"name\":\"Padre Andrzej Lukawski fala sobre devo\u00e7\u00e3o \u00e0 Padre Eust\u00e1quio no Brasil\"}]},{\"@type\":\"WebSite\",\"@id\":\"https:\/\/www.padreeustaquio.com.br\/#website\",\"url\":\"https:\/\/www.padreeustaquio.com.br\/\",\"name\":\"Padre Eust\u00e1quio\",\"description\":\"Sa\u00fade e Paz\",\"publisher\":{\"@id\":\"https:\/\/www.padreeustaquio.com.br\/#organization\"},\"potentialAction\":[{\"@type\":\"SearchAction\",\"target\":{\"@type\":\"EntryPoint\",\"urlTemplate\":\"https:\/\/www.padreeustaquio.com.br\/?s={search_term_string}\"},\"query-input\":{\"@type\":\"PropertyValueSpecification\",\"valueRequired\":true,\"valueName\":\"search_term_string\"}}],\"inLanguage\":\"es\"},{\"@type\":\"Organization\",\"@id\":\"https:\/\/www.padreeustaquio.com.br\/#organization\",\"name\":\"Padre Eust\u00e1quio\",\"url\":\"https:\/\/www.padreeustaquio.com.br\/\",\"logo\":{\"@type\":\"ImageObject\",\"inLanguage\":\"es\",\"@id\":\"https:\/\/www.padreeustaquio.com.br\/#\/schema\/logo\/image\/\",\"url\":\"https:\/\/www.padreeustaquio.com.br\/wp-content\/uploads\/2019\/08\/marca.png\",\"contentUrl\":\"https:\/\/www.padreeustaquio.com.br\/wp-content\/uploads\/2019\/08\/marca.png\",\"width\":350,\"height\":400,\"caption\":\"Padre Eust\u00e1quio\"},\"image\":{\"@id\":\"https:\/\/www.padreeustaquio.com.br\/#\/schema\/logo\/image\/\"},\"sameAs\":[\"https:\/\/www.facebook.com\/beatopadreeustaquio\/\",\"https:\/\/x.com\/beatopeustaquio\",\"https:\/\/www.instagram.com\/beatopadreeustaquio\/\",\"https:\/\/www.youtube.com\/channel\/UCRhw7vfabnajwLxb1ZXMeIw\"]},{\"@type\":\"Person\",\"@id\":\"https:\/\/www.padreeustaquio.com.br\/#\/schema\/person\/a2a51db1d00f1a7af0204a0f1ddb1566\",\"name\":\"@sscc\",\"image\":{\"@type\":\"ImageObject\",\"inLanguage\":\"es\",\"@id\":\"https:\/\/secure.gravatar.com\/avatar\/68cfafa5f44617fea54071e215026e0ff06be366c3d54a8425f04fdcb86f8c5f?s=96&d=mm&r=g\",\"url\":\"https:\/\/secure.gravatar.com\/avatar\/68cfafa5f44617fea54071e215026e0ff06be366c3d54a8425f04fdcb86f8c5f?s=96&d=mm&r=g\",\"contentUrl\":\"https:\/\/secure.gravatar.com\/avatar\/68cfafa5f44617fea54071e215026e0ff06be366c3d54a8425f04fdcb86f8c5f?s=96&d=mm&r=g\",\"caption\":\"@sscc\"},\"url\":\"https:\/\/www.padreeustaquio.com.br\/es\/author\/sscc\/\"}]}<\/script>\n<!-- \/ Yoast SEO plugin. -->","yoast_head_json":{"title":"El padre Andrzej Lukawski habla sobre la devoci\u00f3n al padre Eust\u00e1quio en Brasil.","description":"Durante una visita a Brasil, el Padre Andrzej Lukawski, Postulador y Procurador General de la Congregaci\u00f3n de los Sagrados Corazones, se sinti\u00f3 conmovido por la devoci\u00f3n al Beato Padre Eustaquio. Qued\u00f3 impresionado por la movilizaci\u00f3n de los fieles del Beato y por los frutos de la devoci\u00f3n al Misionero de la Salud y la Paz.","robots":{"index":"index","follow":"follow","max-snippet":"max-snippet:-1","max-image-preview":"max-image-preview:large","max-video-preview":"max-video-preview:-1"},"canonical":"https:\/\/www.padreeustaquio.com.br\/es\/el-padre-andrzej-lukawski-habla-sobre-la-devocion-al-padre-eustaquio-en-brasil\/","og_locale":"es_ES","og_type":"article","og_title":"Padre Andrzej Lukawski fala sobre devo\u00e7\u00e3o \u00e0 Padre Eust\u00e1quio no Brasil","og_description":"Durante visita ao Brasil, Padre Andrzej Lukawski, Postulador e Procurador-Geral da Congrega\u00e7\u00e3o dos Sagrados Cora\u00e7\u00f5es, foi tocado pela devo\u00e7\u00e3o ao Bem-aventurado Padre Eust\u00e1quio. Ele ficou impressionado pela mobiliza\u00e7\u00e3o dos fi\u00e9is do Beato e como a devo\u00e7\u00e3o ao Mission\u00e1rio da Sa\u00fade e da Paz rendeu frutos.","og_url":"https:\/\/www.padreeustaquio.com.br\/es\/el-padre-andrzej-lukawski-habla-sobre-la-devocion-al-padre-eustaquio-en-brasil\/","og_site_name":"Padre Eust\u00e1quio","article_publisher":"https:\/\/www.facebook.com\/beatopadreeustaquio\/","article_published_time":"2022-12-27T09:30:00+00:00","og_image":[{"width":1241,"height":624,"url":"https:\/\/www.padreeustaquio.com.br\/wp-content\/uploads\/2022\/12\/Padre-Andrzj-e1671791901799.jpeg","type":"image\/jpeg"}],"author":"@sscc","twitter_card":"summary_large_image","twitter_creator":"@beatopeustaquio","twitter_site":"@beatopeustaquio","twitter_misc":{"Escrito por":"@sscc","Tiempo de lectura":"2 minutos"},"schema":{"@context":"https:\/\/schema.org","@graph":[{"@type":"Article","@id":"https:\/\/www.padreeustaquio.com.br\/padre-andrzej-lukawski-fala-sobre-devocao-a-padre-eustaquio-no-brasil\/#article","isPartOf":{"@id":"https:\/\/www.padreeustaquio.com.br\/padre-andrzej-lukawski-fala-sobre-devocao-a-padre-eustaquio-no-brasil\/"},"author":{"name":"@sscc","@id":"https:\/\/www.padreeustaquio.com.br\/#\/schema\/person\/a2a51db1d00f1a7af0204a0f1ddb1566"},"headline":"Padre Andrzej Lukawski fala sobre devo\u00e7\u00e3o \u00e0 Padre Eust\u00e1quio no Brasil","datePublished":"2022-12-27T09:30:00+00:00","mainEntityOfPage":{"@id":"https:\/\/www.padreeustaquio.com.br\/padre-andrzej-lukawski-fala-sobre-devocao-a-padre-eustaquio-no-brasil\/"},"wordCount":426,"commentCount":0,"publisher":{"@id":"https:\/\/www.padreeustaquio.com.br\/#organization"},"image":{"@id":"https:\/\/www.padreeustaquio.com.br\/padre-andrzej-lukawski-fala-sobre-devocao-a-padre-eustaquio-no-brasil\/#primaryimage"},"thumbnailUrl":"https:\/\/www.padreeustaquio.com.br\/wp-content\/uploads\/2022\/12\/Padre-Andrzj-e1671791901799.jpeg","articleSection":["Not\u00edcias"],"inLanguage":"es","potentialAction":[{"@type":"CommentAction","name":"Comment","target":["https:\/\/www.padreeustaquio.com.br\/padre-andrzej-lukawski-fala-sobre-devocao-a-padre-eustaquio-no-brasil\/#respond"]}]},{"@type":"WebPage","@id":"https:\/\/www.padreeustaquio.com.br\/padre-andrzej-lukawski-fala-sobre-devocao-a-padre-eustaquio-no-brasil\/","url":"https:\/\/www.padreeustaquio.com.br\/padre-andrzej-lukawski-fala-sobre-devocao-a-padre-eustaquio-no-brasil\/","name":"El padre Andrzej Lukawski habla sobre la devoci\u00f3n al padre Eust\u00e1quio en Brasil.","isPartOf":{"@id":"https:\/\/www.padreeustaquio.com.br\/#website"},"primaryImageOfPage":{"@id":"https:\/\/www.padreeustaquio.com.br\/padre-andrzej-lukawski-fala-sobre-devocao-a-padre-eustaquio-no-brasil\/#primaryimage"},"image":{"@id":"https:\/\/www.padreeustaquio.com.br\/padre-andrzej-lukawski-fala-sobre-devocao-a-padre-eustaquio-no-brasil\/#primaryimage"},"thumbnailUrl":"https:\/\/www.padreeustaquio.com.br\/wp-content\/uploads\/2022\/12\/Padre-Andrzj-e1671791901799.jpeg","datePublished":"2022-12-27T09:30:00+00:00","description":"Durante una visita a Brasil, el Padre Andrzej Lukawski, Postulador y Procurador General de la Congregaci\u00f3n de los Sagrados Corazones, se sinti\u00f3 conmovido por la devoci\u00f3n al Beato Padre Eustaquio. Qued\u00f3 impresionado por la movilizaci\u00f3n de los fieles del Beato y por los frutos de la devoci\u00f3n al Misionero de la Salud y la Paz.","breadcrumb":{"@id":"https:\/\/www.padreeustaquio.com.br\/padre-andrzej-lukawski-fala-sobre-devocao-a-padre-eustaquio-no-brasil\/#breadcrumb"},"inLanguage":"es","potentialAction":[{"@type":"ReadAction","target":["https:\/\/www.padreeustaquio.com.br\/padre-andrzej-lukawski-fala-sobre-devocao-a-padre-eustaquio-no-brasil\/"]}]},{"@type":"ImageObject","inLanguage":"es","@id":"https:\/\/www.padreeustaquio.com.br\/padre-andrzej-lukawski-fala-sobre-devocao-a-padre-eustaquio-no-brasil\/#primaryimage","url":"https:\/\/www.padreeustaquio.com.br\/wp-content\/uploads\/2022\/12\/Padre-Andrzj-e1671791901799.jpeg","contentUrl":"https:\/\/www.padreeustaquio.com.br\/wp-content\/uploads\/2022\/12\/Padre-Andrzj-e1671791901799.jpeg","width":1241,"height":624},{"@type":"BreadcrumbList","@id":"https:\/\/www.padreeustaquio.com.br\/padre-andrzej-lukawski-fala-sobre-devocao-a-padre-eustaquio-no-brasil\/#breadcrumb","itemListElement":[{"@type":"ListItem","position":1,"name":"In\u00edcio","item":"https:\/\/www.padreeustaquio.com.br\/"},{"@type":"ListItem","position":2,"name":"Padre Andrzej Lukawski fala sobre devo\u00e7\u00e3o \u00e0 Padre Eust\u00e1quio no Brasil"}]},{"@type":"WebSite","@id":"https:\/\/www.padreeustaquio.com.br\/#website","url":"https:\/\/www.padreeustaquio.com.br\/","name":"Padre Eustace","description":"Salud y Paz","publisher":{"@id":"https:\/\/www.padreeustaquio.com.br\/#organization"},"potentialAction":[{"@type":"SearchAction","target":{"@type":"EntryPoint","urlTemplate":"https:\/\/www.padreeustaquio.com.br\/?s={search_term_string}"},"query-input":{"@type":"PropertyValueSpecification","valueRequired":true,"valueName":"search_term_string"}}],"inLanguage":"es"},{"@type":"Organization","@id":"https:\/\/www.padreeustaquio.com.br\/#organization","name":"Padre Eustace","url":"https:\/\/www.padreeustaquio.com.br\/","logo":{"@type":"ImageObject","inLanguage":"es","@id":"https:\/\/www.padreeustaquio.com.br\/#\/schema\/logo\/image\/","url":"https:\/\/www.padreeustaquio.com.br\/wp-content\/uploads\/2019\/08\/marca.png","contentUrl":"https:\/\/www.padreeustaquio.com.br\/wp-content\/uploads\/2019\/08\/marca.png","width":350,"height":400,"caption":"Padre Eust\u00e1quio"},"image":{"@id":"https:\/\/www.padreeustaquio.com.br\/#\/schema\/logo\/image\/"},"sameAs":["https:\/\/www.facebook.com\/beatopadreeustaquio\/","https:\/\/x.com\/beatopeustaquio","https:\/\/www.instagram.com\/beatopadreeustaquio\/","https:\/\/www.youtube.com\/channel\/UCRhw7vfabnajwLxb1ZXMeIw"]},{"@type":"Person","@id":"https:\/\/www.padreeustaquio.com.br\/#\/schema\/person\/a2a51db1d00f1a7af0204a0f1ddb1566","name":"@sscc","image":{"@type":"ImageObject","inLanguage":"es","@id":"https:\/\/secure.gravatar.com\/avatar\/68cfafa5f44617fea54071e215026e0ff06be366c3d54a8425f04fdcb86f8c5f?s=96&d=mm&r=g","url":"https:\/\/secure.gravatar.com\/avatar\/68cfafa5f44617fea54071e215026e0ff06be366c3d54a8425f04fdcb86f8c5f?s=96&d=mm&r=g","contentUrl":"https:\/\/secure.gravatar.com\/avatar\/68cfafa5f44617fea54071e215026e0ff06be366c3d54a8425f04fdcb86f8c5f?s=96&d=mm&r=g","caption":"@sscc"},"url":"https:\/\/www.padreeustaquio.com.br\/es\/author\/sscc\/"}]}},"_links":{"self":[{"href":"https:\/\/www.padreeustaquio.com.br\/es\/wp-json\/wp\/v2\/posts\/9688","targetHints":{"allow":["GET"]}}],"collection":[{"href":"https:\/\/www.padreeustaquio.com.br\/es\/wp-json\/wp\/v2\/posts"}],"about":[{"href":"https:\/\/www.padreeustaquio.com.br\/es\/wp-json\/wp\/v2\/types\/post"}],"author":[{"embeddable":true,"href":"https:\/\/www.padreeustaquio.com.br\/es\/wp-json\/wp\/v2\/users\/2"}],"replies":[{"embeddable":true,"href":"https:\/\/www.padreeustaquio.com.br\/es\/wp-json\/wp\/v2\/comments?post=9688"}],"version-history":[{"count":0,"href":"https:\/\/www.padreeustaquio.com.br\/es\/wp-json\/wp\/v2\/posts\/9688\/revisions"}],"wp:featuredmedia":[{"embeddable":true,"href":"https:\/\/www.padreeustaquio.com.br\/es\/wp-json\/wp\/v2\/media\/9689"}],"wp:attachment":[{"href":"https:\/\/www.padreeustaquio.com.br\/es\/wp-json\/wp\/v2\/media?parent=9688"}],"wp:term":[{"taxonomy":"category","embeddable":true,"href":"https:\/\/www.padreeustaquio.com.br\/es\/wp-json\/wp\/v2\/categories?post=9688"},{"taxonomy":"post_tag","embeddable":true,"href":"https:\/\/www.padreeustaquio.com.br\/es\/wp-json\/wp\/v2\/tags?post=9688"}],"curies":[{"name":"wp","href":"https:\/\/api.w.org\/{rel}","templated":true}]}}