{"id":9667,"date":"2022-12-23T06:10:00","date_gmt":"2022-12-23T09:10:00","guid":{"rendered":"https:\/\/www.padreeustaquio.com.br\/?p=9667"},"modified":"2022-12-12T20:17:02","modified_gmt":"2022-12-12T23:17:02","slug":"el-texto-del-padre-eustaquio-nos-deja-un-mensaje-para-la-navidad-del-senor","status":"publish","type":"post","link":"https:\/\/www.padreeustaquio.com.br\/es\/el-texto-del-padre-eustaquio-nos-deja-un-mensaje-para-la-navidad-del-senor\/","title":{"rendered":"El texto del Padre Eust\u00e1quio nos deja un mensaje para la Navidad del Se\u00f1or."},"content":{"rendered":"<p>Jes\u00fas naci\u00f3 y recibimos un Salvador. La alegr\u00eda llen\u00f3 nuestros corazones porque no estamos solos. Dios hizo que su amado hijo naciera del vientre de Mar\u00eda, nuestra Se\u00f1ora y Madre, para traer esperanza y nueva vida a todos los que creen en \u00e9l.<\/p>\n\n\n\n<p>\u00a1Alabemos a Dios, nuestro Se\u00f1or, y a Jes\u00fas, nuestro Salvador! En este d\u00eda de la llegada de Cristo, el Beato Padre Eustaquio nos deja un hermoso texto con una reflexi\u00f3n sobre la Navidad. L\u00e9alo completo:<\/p>\n\n\n\n<p><em>\u201cHoy les ha nacido un Salvador. Vengan, fieles, vengan todos a compartir la alegr\u00eda de su nacimiento. Justos, regoc\u00edjense, el Santo de los Santos ha nacido para restaurar el amor por la inocencia y la virtud del mundo. Consu\u00e9lense, pecadores, reciban la esperanza segura de obtener el perd\u00f3n de sus pecados, porque les ha nacido un Salvador que liberar\u00e1 a su pueblo de todo pecado.<\/em><\/p>\n\n\n\n<p><em>Y t\u00fa que gem\u00eds en medio de las miserias del mundo que te rodea por todas partes, da un golpe contra tus gemidos, porque te ha nacido un Consolador que aliviar\u00e1 todos tus dolores, un m\u00e9dico que curar\u00e1 todas tus heridas, un fiador fiel que se har\u00e1 cargo de tus deudas, un amigo caritativo que tomar\u00e1 sobre s\u00ed todas tus desgracias.<\/em><\/p>\n\n\n\n<p><em>Venid, alabemos al Se\u00f1or con alegr\u00eda, cantemos en voz alta la gloria de Dios, nuestro auxilio y salvaci\u00f3n. Presentemos a este divino Ni\u00f1o, celebrando sus alabanzas, hagamos resonar himnos y c\u00e1nticos de alegr\u00eda junto a la cuna del reci\u00e9n nacido.<\/em><\/p>\n\n\n\n<p><em>Alegraos, hijas de Si\u00f3n; resuena, oh Jerusal\u00e9n, tu alegr\u00eda, porque hoy ha descendido la paz sobre la tierra, la luz verdadera ha iluminado las tinieblas del mundo, y la alegr\u00eda se ha extendido por todo Israel con el nacimiento de su rey.<\/em>\u201c<\/p>\n\n\n\n<p>Texto tomado de uno de los cuadernos del Padre Eustaquio, catalogado por el equipo de restauraci\u00f3n del Secretariado Nacional para la Causa de Canonizaci\u00f3n del Beato Padre Eustaquio.<\/p>\n\n\n\n<p><\/p>","protected":false},"excerpt":{"rendered":"<p>Jesus nasceu e nos foi dado um Salvador. A alegria tomou conta do nosso cora\u00e7\u00e3o porque n\u00e3o estamos s\u00f3. Deus fez seu filho amado nascer do ventre de Maria, nossa senhora e nossa m\u00e3e, para trazer esperan\u00e7a e vida nova para todos que Nele crer. Louvemos a Deus, nosso Senhor e a Jesus nosso salvador! Neste dia em que chega o Cristo, o Beato Padre Eust\u00e1quio nos deixa um lindo texto com uma reflex\u00e3o sobre Natal. Leia na \u00edntegra: \u201cHoje vos nasceu um Salvador. Vinde fi\u00e9is, vinde todos tomar parte na alegria do seu nascimento. Justos, alegrai-vos, o santo dos [&hellip;]<\/p>\n","protected":false},"author":2,"featured_media":9668,"comment_status":"open","ping_status":"closed","sticky":false,"template":"","format":"standard","meta":{"_acf_changed":false,"footnotes":""},"categories":[611],"tags":[],"class_list":["post-9667","post","type-post","status-publish","format-standard","has-post-thumbnail","hentry","category-noticias"],"acf":[],"yoast_head":"<!-- This site is optimized with the Yoast SEO plugin v27.2 - https:\/\/yoast.com\/product\/yoast-seo-wordpress\/ -->\n<title>Texto de Padre Eust\u00e1quio nos deixa mensagem para o Natal do Senhor<\/title>\n<meta name=\"description\" content=\"Louvemos a Deus, nosso Senhor e a Jesus nosso salvador! Neste dia em que chega o Cristo, o Beato Padre Eust\u00e1quio nos deixa um lindo texto com uma reflex\u00e3o sobre Natal. Leia na \u00edntegra:\" \/>\n<meta name=\"robots\" content=\"index, follow, max-snippet:-1, max-image-preview:large, max-video-preview:-1\" \/>\n<link rel=\"canonical\" href=\"https:\/\/www.padreeustaquio.com.br\/es\/el-texto-del-padre-eustaquio-nos-deja-un-mensaje-para-la-navidad-del-senor\/\" \/>\n<meta property=\"og:locale\" content=\"es_ES\" \/>\n<meta property=\"og:type\" content=\"article\" \/>\n<meta property=\"og:title\" content=\"Texto de Padre Eust\u00e1quio nos deixa mensagem para o Natal do Senhor\" \/>\n<meta property=\"og:description\" content=\"Louvemos a Deus, nosso Senhor e a Jesus nosso salvador! Neste dia em que chega o Cristo, o Beato Padre Eust\u00e1quio nos deixa um lindo texto com uma reflex\u00e3o sobre Natal. Leia na \u00edntegra:\" \/>\n<meta property=\"og:url\" content=\"https:\/\/www.padreeustaquio.com.br\/es\/el-texto-del-padre-eustaquio-nos-deja-un-mensaje-para-la-navidad-del-senor\/\" \/>\n<meta property=\"og:site_name\" content=\"Padre Eust\u00e1quio\" \/>\n<meta property=\"article:publisher\" content=\"https:\/\/www.facebook.com\/beatopadreeustaquio\/\" \/>\n<meta property=\"article:published_time\" content=\"2022-12-23T09:10:00+00:00\" \/>\n<meta property=\"og:image\" content=\"https:\/\/www.padreeustaquio.com.br\/wp-content\/uploads\/2022\/12\/natal-do-senhor-mensagem.jpg\" \/>\n\t<meta property=\"og:image:width\" content=\"1280\" \/>\n\t<meta property=\"og:image:height\" content=\"720\" \/>\n\t<meta property=\"og:image:type\" content=\"image\/jpeg\" \/>\n<meta name=\"author\" content=\"@sscc\" \/>\n<meta name=\"twitter:card\" content=\"summary_large_image\" \/>\n<meta name=\"twitter:image\" content=\"https:\/\/www.padreeustaquio.com.br\/wp-content\/uploads\/2022\/12\/natal-do-senhor-mensagem.jpg\" \/>\n<meta name=\"twitter:creator\" content=\"@beatopeustaquio\" \/>\n<meta name=\"twitter:site\" content=\"@beatopeustaquio\" \/>\n<meta name=\"twitter:label1\" content=\"Escrito por\" \/>\n\t<meta name=\"twitter:data1\" content=\"@sscc\" \/>\n\t<meta name=\"twitter:label2\" content=\"Tiempo de lectura\" \/>\n\t<meta name=\"twitter:data2\" content=\"2 minutos\" \/>\n<script type=\"application\/ld+json\" class=\"yoast-schema-graph\">{\"@context\":\"https:\/\/schema.org\",\"@graph\":[{\"@type\":\"Article\",\"@id\":\"https:\/\/www.padreeustaquio.com.br\/texto-de-padre-eustaquio-nos-deixa-mensagem-para-o-natal-do-senhor\/#article\",\"isPartOf\":{\"@id\":\"https:\/\/www.padreeustaquio.com.br\/texto-de-padre-eustaquio-nos-deixa-mensagem-para-o-natal-do-senhor\/\"},\"author\":{\"name\":\"@sscc\",\"@id\":\"https:\/\/www.padreeustaquio.com.br\/#\/schema\/person\/a2a51db1d00f1a7af0204a0f1ddb1566\"},\"headline\":\"Texto de Padre Eust\u00e1quio nos deixa mensagem para o Natal do Senhor\",\"datePublished\":\"2022-12-23T09:10:00+00:00\",\"mainEntityOfPage\":{\"@id\":\"https:\/\/www.padreeustaquio.com.br\/texto-de-padre-eustaquio-nos-deixa-mensagem-para-o-natal-do-senhor\/\"},\"wordCount\":339,\"commentCount\":0,\"publisher\":{\"@id\":\"https:\/\/www.padreeustaquio.com.br\/#organization\"},\"image\":{\"@id\":\"https:\/\/www.padreeustaquio.com.br\/texto-de-padre-eustaquio-nos-deixa-mensagem-para-o-natal-do-senhor\/#primaryimage\"},\"thumbnailUrl\":\"https:\/\/www.padreeustaquio.com.br\/wp-content\/uploads\/2022\/12\/natal-do-senhor-mensagem.jpg\",\"articleSection\":[\"Not\u00edcias\"],\"inLanguage\":\"es\",\"potentialAction\":[{\"@type\":\"CommentAction\",\"name\":\"Comment\",\"target\":[\"https:\/\/www.padreeustaquio.com.br\/texto-de-padre-eustaquio-nos-deixa-mensagem-para-o-natal-do-senhor\/#respond\"]}]},{\"@type\":\"WebPage\",\"@id\":\"https:\/\/www.padreeustaquio.com.br\/texto-de-padre-eustaquio-nos-deixa-mensagem-para-o-natal-do-senhor\/\",\"url\":\"https:\/\/www.padreeustaquio.com.br\/texto-de-padre-eustaquio-nos-deixa-mensagem-para-o-natal-do-senhor\/\",\"name\":\"Texto de Padre Eust\u00e1quio nos deixa mensagem para o Natal do Senhor\",\"isPartOf\":{\"@id\":\"https:\/\/www.padreeustaquio.com.br\/#website\"},\"primaryImageOfPage\":{\"@id\":\"https:\/\/www.padreeustaquio.com.br\/texto-de-padre-eustaquio-nos-deixa-mensagem-para-o-natal-do-senhor\/#primaryimage\"},\"image\":{\"@id\":\"https:\/\/www.padreeustaquio.com.br\/texto-de-padre-eustaquio-nos-deixa-mensagem-para-o-natal-do-senhor\/#primaryimage\"},\"thumbnailUrl\":\"https:\/\/www.padreeustaquio.com.br\/wp-content\/uploads\/2022\/12\/natal-do-senhor-mensagem.jpg\",\"datePublished\":\"2022-12-23T09:10:00+00:00\",\"description\":\"Louvemos a Deus, nosso Senhor e a Jesus nosso salvador! Neste dia em que chega o Cristo, o Beato Padre Eust\u00e1quio nos deixa um lindo texto com uma reflex\u00e3o sobre Natal. Leia na \u00edntegra:\",\"breadcrumb\":{\"@id\":\"https:\/\/www.padreeustaquio.com.br\/texto-de-padre-eustaquio-nos-deixa-mensagem-para-o-natal-do-senhor\/#breadcrumb\"},\"inLanguage\":\"es\",\"potentialAction\":[{\"@type\":\"ReadAction\",\"target\":[\"https:\/\/www.padreeustaquio.com.br\/texto-de-padre-eustaquio-nos-deixa-mensagem-para-o-natal-do-senhor\/\"]}]},{\"@type\":\"ImageObject\",\"inLanguage\":\"es\",\"@id\":\"https:\/\/www.padreeustaquio.com.br\/texto-de-padre-eustaquio-nos-deixa-mensagem-para-o-natal-do-senhor\/#primaryimage\",\"url\":\"https:\/\/www.padreeustaquio.com.br\/wp-content\/uploads\/2022\/12\/natal-do-senhor-mensagem.jpg\",\"contentUrl\":\"https:\/\/www.padreeustaquio.com.br\/wp-content\/uploads\/2022\/12\/natal-do-senhor-mensagem.jpg\",\"width\":1280,\"height\":720},{\"@type\":\"BreadcrumbList\",\"@id\":\"https:\/\/www.padreeustaquio.com.br\/texto-de-padre-eustaquio-nos-deixa-mensagem-para-o-natal-do-senhor\/#breadcrumb\",\"itemListElement\":[{\"@type\":\"ListItem\",\"position\":1,\"name\":\"In\u00edcio\",\"item\":\"https:\/\/www.padreeustaquio.com.br\/\"},{\"@type\":\"ListItem\",\"position\":2,\"name\":\"Texto de Padre Eust\u00e1quio nos deixa mensagem para o Natal do Senhor\"}]},{\"@type\":\"WebSite\",\"@id\":\"https:\/\/www.padreeustaquio.com.br\/#website\",\"url\":\"https:\/\/www.padreeustaquio.com.br\/\",\"name\":\"Padre Eust\u00e1quio\",\"description\":\"Sa\u00fade e Paz\",\"publisher\":{\"@id\":\"https:\/\/www.padreeustaquio.com.br\/#organization\"},\"potentialAction\":[{\"@type\":\"SearchAction\",\"target\":{\"@type\":\"EntryPoint\",\"urlTemplate\":\"https:\/\/www.padreeustaquio.com.br\/?s={search_term_string}\"},\"query-input\":{\"@type\":\"PropertyValueSpecification\",\"valueRequired\":true,\"valueName\":\"search_term_string\"}}],\"inLanguage\":\"es\"},{\"@type\":\"Organization\",\"@id\":\"https:\/\/www.padreeustaquio.com.br\/#organization\",\"name\":\"Padre Eust\u00e1quio\",\"url\":\"https:\/\/www.padreeustaquio.com.br\/\",\"logo\":{\"@type\":\"ImageObject\",\"inLanguage\":\"es\",\"@id\":\"https:\/\/www.padreeustaquio.com.br\/#\/schema\/logo\/image\/\",\"url\":\"https:\/\/www.padreeustaquio.com.br\/wp-content\/uploads\/2019\/08\/marca.png\",\"contentUrl\":\"https:\/\/www.padreeustaquio.com.br\/wp-content\/uploads\/2019\/08\/marca.png\",\"width\":350,\"height\":400,\"caption\":\"Padre Eust\u00e1quio\"},\"image\":{\"@id\":\"https:\/\/www.padreeustaquio.com.br\/#\/schema\/logo\/image\/\"},\"sameAs\":[\"https:\/\/www.facebook.com\/beatopadreeustaquio\/\",\"https:\/\/x.com\/beatopeustaquio\",\"https:\/\/www.instagram.com\/beatopadreeustaquio\/\",\"https:\/\/www.youtube.com\/channel\/UCRhw7vfabnajwLxb1ZXMeIw\"]},{\"@type\":\"Person\",\"@id\":\"https:\/\/www.padreeustaquio.com.br\/#\/schema\/person\/a2a51db1d00f1a7af0204a0f1ddb1566\",\"name\":\"@sscc\",\"image\":{\"@type\":\"ImageObject\",\"inLanguage\":\"es\",\"@id\":\"https:\/\/secure.gravatar.com\/avatar\/68cfafa5f44617fea54071e215026e0ff06be366c3d54a8425f04fdcb86f8c5f?s=96&d=mm&r=g\",\"url\":\"https:\/\/secure.gravatar.com\/avatar\/68cfafa5f44617fea54071e215026e0ff06be366c3d54a8425f04fdcb86f8c5f?s=96&d=mm&r=g\",\"contentUrl\":\"https:\/\/secure.gravatar.com\/avatar\/68cfafa5f44617fea54071e215026e0ff06be366c3d54a8425f04fdcb86f8c5f?s=96&d=mm&r=g\",\"caption\":\"@sscc\"},\"url\":\"https:\/\/www.padreeustaquio.com.br\/es\/author\/sscc\/\"}]}<\/script>\n<!-- \/ Yoast SEO plugin. -->","yoast_head_json":{"title":"El texto del Padre Eust\u00e1quio nos deja un mensaje para la Navidad del Se\u00f1or.","description":"\u00a1Alabemos a Dios, nuestro Se\u00f1or, y a Jes\u00fas, nuestro Salvador! En este d\u00eda de la llegada de Cristo, el Beato Padre Eustaquio nos deja un hermoso texto con una reflexi\u00f3n sobre la Navidad. L\u00e9alo completo:","robots":{"index":"index","follow":"follow","max-snippet":"max-snippet:-1","max-image-preview":"max-image-preview:large","max-video-preview":"max-video-preview:-1"},"canonical":"https:\/\/www.padreeustaquio.com.br\/es\/el-texto-del-padre-eustaquio-nos-deja-un-mensaje-para-la-navidad-del-senor\/","og_locale":"es_ES","og_type":"article","og_title":"Texto de Padre Eust\u00e1quio nos deixa mensagem para o Natal do Senhor","og_description":"Louvemos a Deus, nosso Senhor e a Jesus nosso salvador! Neste dia em que chega o Cristo, o Beato Padre Eust\u00e1quio nos deixa um lindo texto com uma reflex\u00e3o sobre Natal. Leia na \u00edntegra:","og_url":"https:\/\/www.padreeustaquio.com.br\/es\/el-texto-del-padre-eustaquio-nos-deja-un-mensaje-para-la-navidad-del-senor\/","og_site_name":"Padre Eust\u00e1quio","article_publisher":"https:\/\/www.facebook.com\/beatopadreeustaquio\/","article_published_time":"2022-12-23T09:10:00+00:00","og_image":[{"width":1280,"height":720,"url":"https:\/\/www.padreeustaquio.com.br\/wp-content\/uploads\/2022\/12\/natal-do-senhor-mensagem.jpg","type":"image\/jpeg"}],"author":"@sscc","twitter_card":"summary_large_image","twitter_image":"https:\/\/www.padreeustaquio.com.br\/wp-content\/uploads\/2022\/12\/natal-do-senhor-mensagem.jpg","twitter_creator":"@beatopeustaquio","twitter_site":"@beatopeustaquio","twitter_misc":{"Escrito por":"@sscc","Tiempo de lectura":"2 minutos"},"schema":{"@context":"https:\/\/schema.org","@graph":[{"@type":"Article","@id":"https:\/\/www.padreeustaquio.com.br\/texto-de-padre-eustaquio-nos-deixa-mensagem-para-o-natal-do-senhor\/#article","isPartOf":{"@id":"https:\/\/www.padreeustaquio.com.br\/texto-de-padre-eustaquio-nos-deixa-mensagem-para-o-natal-do-senhor\/"},"author":{"name":"@sscc","@id":"https:\/\/www.padreeustaquio.com.br\/#\/schema\/person\/a2a51db1d00f1a7af0204a0f1ddb1566"},"headline":"Texto de Padre Eust\u00e1quio nos deixa mensagem para o Natal do Senhor","datePublished":"2022-12-23T09:10:00+00:00","mainEntityOfPage":{"@id":"https:\/\/www.padreeustaquio.com.br\/texto-de-padre-eustaquio-nos-deixa-mensagem-para-o-natal-do-senhor\/"},"wordCount":339,"commentCount":0,"publisher":{"@id":"https:\/\/www.padreeustaquio.com.br\/#organization"},"image":{"@id":"https:\/\/www.padreeustaquio.com.br\/texto-de-padre-eustaquio-nos-deixa-mensagem-para-o-natal-do-senhor\/#primaryimage"},"thumbnailUrl":"https:\/\/www.padreeustaquio.com.br\/wp-content\/uploads\/2022\/12\/natal-do-senhor-mensagem.jpg","articleSection":["Not\u00edcias"],"inLanguage":"es","potentialAction":[{"@type":"CommentAction","name":"Comment","target":["https:\/\/www.padreeustaquio.com.br\/texto-de-padre-eustaquio-nos-deixa-mensagem-para-o-natal-do-senhor\/#respond"]}]},{"@type":"WebPage","@id":"https:\/\/www.padreeustaquio.com.br\/texto-de-padre-eustaquio-nos-deixa-mensagem-para-o-natal-do-senhor\/","url":"https:\/\/www.padreeustaquio.com.br\/texto-de-padre-eustaquio-nos-deixa-mensagem-para-o-natal-do-senhor\/","name":"El texto del Padre Eust\u00e1quio nos deja un mensaje para la Navidad del Se\u00f1or.","isPartOf":{"@id":"https:\/\/www.padreeustaquio.com.br\/#website"},"primaryImageOfPage":{"@id":"https:\/\/www.padreeustaquio.com.br\/texto-de-padre-eustaquio-nos-deixa-mensagem-para-o-natal-do-senhor\/#primaryimage"},"image":{"@id":"https:\/\/www.padreeustaquio.com.br\/texto-de-padre-eustaquio-nos-deixa-mensagem-para-o-natal-do-senhor\/#primaryimage"},"thumbnailUrl":"https:\/\/www.padreeustaquio.com.br\/wp-content\/uploads\/2022\/12\/natal-do-senhor-mensagem.jpg","datePublished":"2022-12-23T09:10:00+00:00","description":"\u00a1Alabemos a Dios, nuestro Se\u00f1or, y a Jes\u00fas, nuestro Salvador! En este d\u00eda de la llegada de Cristo, el Beato Padre Eustaquio nos deja un hermoso texto con una reflexi\u00f3n sobre la Navidad. L\u00e9alo completo:","breadcrumb":{"@id":"https:\/\/www.padreeustaquio.com.br\/texto-de-padre-eustaquio-nos-deixa-mensagem-para-o-natal-do-senhor\/#breadcrumb"},"inLanguage":"es","potentialAction":[{"@type":"ReadAction","target":["https:\/\/www.padreeustaquio.com.br\/texto-de-padre-eustaquio-nos-deixa-mensagem-para-o-natal-do-senhor\/"]}]},{"@type":"ImageObject","inLanguage":"es","@id":"https:\/\/www.padreeustaquio.com.br\/texto-de-padre-eustaquio-nos-deixa-mensagem-para-o-natal-do-senhor\/#primaryimage","url":"https:\/\/www.padreeustaquio.com.br\/wp-content\/uploads\/2022\/12\/natal-do-senhor-mensagem.jpg","contentUrl":"https:\/\/www.padreeustaquio.com.br\/wp-content\/uploads\/2022\/12\/natal-do-senhor-mensagem.jpg","width":1280,"height":720},{"@type":"BreadcrumbList","@id":"https:\/\/www.padreeustaquio.com.br\/texto-de-padre-eustaquio-nos-deixa-mensagem-para-o-natal-do-senhor\/#breadcrumb","itemListElement":[{"@type":"ListItem","position":1,"name":"In\u00edcio","item":"https:\/\/www.padreeustaquio.com.br\/"},{"@type":"ListItem","position":2,"name":"Texto de Padre Eust\u00e1quio nos deixa mensagem para o Natal do Senhor"}]},{"@type":"WebSite","@id":"https:\/\/www.padreeustaquio.com.br\/#website","url":"https:\/\/www.padreeustaquio.com.br\/","name":"Padre Eustace","description":"Salud y Paz","publisher":{"@id":"https:\/\/www.padreeustaquio.com.br\/#organization"},"potentialAction":[{"@type":"SearchAction","target":{"@type":"EntryPoint","urlTemplate":"https:\/\/www.padreeustaquio.com.br\/?s={search_term_string}"},"query-input":{"@type":"PropertyValueSpecification","valueRequired":true,"valueName":"search_term_string"}}],"inLanguage":"es"},{"@type":"Organization","@id":"https:\/\/www.padreeustaquio.com.br\/#organization","name":"Padre Eustace","url":"https:\/\/www.padreeustaquio.com.br\/","logo":{"@type":"ImageObject","inLanguage":"es","@id":"https:\/\/www.padreeustaquio.com.br\/#\/schema\/logo\/image\/","url":"https:\/\/www.padreeustaquio.com.br\/wp-content\/uploads\/2019\/08\/marca.png","contentUrl":"https:\/\/www.padreeustaquio.com.br\/wp-content\/uploads\/2019\/08\/marca.png","width":350,"height":400,"caption":"Padre Eust\u00e1quio"},"image":{"@id":"https:\/\/www.padreeustaquio.com.br\/#\/schema\/logo\/image\/"},"sameAs":["https:\/\/www.facebook.com\/beatopadreeustaquio\/","https:\/\/x.com\/beatopeustaquio","https:\/\/www.instagram.com\/beatopadreeustaquio\/","https:\/\/www.youtube.com\/channel\/UCRhw7vfabnajwLxb1ZXMeIw"]},{"@type":"Person","@id":"https:\/\/www.padreeustaquio.com.br\/#\/schema\/person\/a2a51db1d00f1a7af0204a0f1ddb1566","name":"@sscc","image":{"@type":"ImageObject","inLanguage":"es","@id":"https:\/\/secure.gravatar.com\/avatar\/68cfafa5f44617fea54071e215026e0ff06be366c3d54a8425f04fdcb86f8c5f?s=96&d=mm&r=g","url":"https:\/\/secure.gravatar.com\/avatar\/68cfafa5f44617fea54071e215026e0ff06be366c3d54a8425f04fdcb86f8c5f?s=96&d=mm&r=g","contentUrl":"https:\/\/secure.gravatar.com\/avatar\/68cfafa5f44617fea54071e215026e0ff06be366c3d54a8425f04fdcb86f8c5f?s=96&d=mm&r=g","caption":"@sscc"},"url":"https:\/\/www.padreeustaquio.com.br\/es\/author\/sscc\/"}]}},"_links":{"self":[{"href":"https:\/\/www.padreeustaquio.com.br\/es\/wp-json\/wp\/v2\/posts\/9667","targetHints":{"allow":["GET"]}}],"collection":[{"href":"https:\/\/www.padreeustaquio.com.br\/es\/wp-json\/wp\/v2\/posts"}],"about":[{"href":"https:\/\/www.padreeustaquio.com.br\/es\/wp-json\/wp\/v2\/types\/post"}],"author":[{"embeddable":true,"href":"https:\/\/www.padreeustaquio.com.br\/es\/wp-json\/wp\/v2\/users\/2"}],"replies":[{"embeddable":true,"href":"https:\/\/www.padreeustaquio.com.br\/es\/wp-json\/wp\/v2\/comments?post=9667"}],"version-history":[{"count":0,"href":"https:\/\/www.padreeustaquio.com.br\/es\/wp-json\/wp\/v2\/posts\/9667\/revisions"}],"wp:featuredmedia":[{"embeddable":true,"href":"https:\/\/www.padreeustaquio.com.br\/es\/wp-json\/wp\/v2\/media\/9668"}],"wp:attachment":[{"href":"https:\/\/www.padreeustaquio.com.br\/es\/wp-json\/wp\/v2\/media?parent=9667"}],"wp:term":[{"taxonomy":"category","embeddable":true,"href":"https:\/\/www.padreeustaquio.com.br\/es\/wp-json\/wp\/v2\/categories?post=9667"},{"taxonomy":"post_tag","embeddable":true,"href":"https:\/\/www.padreeustaquio.com.br\/es\/wp-json\/wp\/v2\/tags?post=9667"}],"curies":[{"name":"wp","href":"https:\/\/api.w.org\/{rel}","templated":true}]}}