{"id":9664,"date":"2022-12-20T06:01:00","date_gmt":"2022-12-20T09:01:00","guid":{"rendered":"https:\/\/www.padreeustaquio.com.br\/?p=9664"},"modified":"2022-12-19T07:32:16","modified_gmt":"2022-12-19T10:32:16","slug":"misas-de-navidad-el-santuario-anuncia-el-horario-de-las-celebraciones-eucaristicas","status":"publish","type":"post","link":"https:\/\/www.padreeustaquio.com.br\/es\/misas-de-navidad-el-santuario-anuncia-el-horario-de-las-celebraciones-eucaristicas\/","title":{"rendered":"Misas de Navidad \u2013 El Santuario anuncia el calendario de celebraciones eucar\u00edsticas"},"content":{"rendered":"<p>Se acerca la Navidad del Se\u00f1or, y con ella la renovaci\u00f3n de nuestra esperanza de que el Se\u00f1or nazca en nuestros corazones, liber\u00e1ndonos y san\u00e1ndonos. Para ayudarnos a vivir este momento con mayor intensidad, el Santuario Arquidiocesano de Salud y Paz ha anunciado todos los horarios de misas para el pr\u00f3ximo fin de semana.<\/p>\n\n\n\n<p>El s\u00e1bado por la ma\u00f1ana, a las 7:00 a. m., se celebrar\u00e1 la 4.\u00aa semana de Adviento. Por la tarde, tendremos la Misa de la Vigilia de Navidad a las 7:00 p. m. <strong>Por favor tenga en cuenta que hoy NO HABR\u00c1 MISA a las 5:00 p. m., solo a las 7:00 p. m.<\/strong>. El domingo 25 de diciembre se celebrar\u00e1n misas en los horarios habituales: 7:00 AM, 8:30 AM, 10:00 AM, 5:00 PM y 7:00 PM.<\/p>\n\n\n\n<p>Las misas del s\u00e1bado a las 19 horas y del domingo a las 10 y 19 horas ser\u00e1n transmitidas por el Canal Padre Eust\u00e1quio en YouTube.<\/p>\n\n\n\n<p>Cuando decidimos vivir la Navidad en oraci\u00f3n, ya comenzamos a experimentar este encuentro con el Ni\u00f1o Dios. Que t\u00fa y tu familia oren unidos con el coraz\u00f3n de Cristo que viene a nuestro encuentro, a suplir nuestras necesidades.<\/p>\n\n\n\n<p><\/p>","protected":false},"excerpt":{"rendered":"<p>O Natal do Senhor se aproxima e com ele a renova\u00e7\u00e3o das nossas esperan\u00e7as de que o Senhor vem para nascer em nossos cora\u00e7\u00f5es, nos libertando e nos curando. Para nos ajudar a viver mais intensamente este momento, o Santu\u00e1rio Arquidiocesano da Sa\u00fade e da Paz, anunciou todos os hor\u00e1rios de missas para o pr\u00f3ximo final de semana. No s\u00e1bado, pela manh\u00e3, \u00e0s 7h, haver\u00e1 a celebra\u00e7\u00e3o normal da 4\u00aa semana do Advento. J\u00e1 \u00e0 tarde teremos a Santa Missa da Vig\u00edlia de Natal \u00e0s 19h. Aten\u00e7\u00e3o, neste dia N\u00c3O HAVER\u00c1 MISSA \u00c0S 17h, SOMENTE \u00c0S 19h. No domingo, dia [&hellip;]<\/p>\n","protected":false},"author":2,"featured_media":9665,"comment_status":"open","ping_status":"closed","sticky":false,"template":"","format":"standard","meta":{"_acf_changed":false,"footnotes":""},"categories":[611],"tags":[],"class_list":["post-9664","post","type-post","status-publish","format-standard","has-post-thumbnail","hentry","category-noticias"],"acf":[],"yoast_head":"<!-- This site is optimized with the Yoast SEO plugin v27.2 - https:\/\/yoast.com\/product\/yoast-seo-wordpress\/ -->\n<title>MISSAS DE NATAL - Santu\u00e1rio divulga hor\u00e1rios das Celebra\u00e7\u00f5es Eucar\u00edsticas<\/title>\n<meta name=\"description\" content=\"O Natal do Senhor se aproxima e com ele a renova\u00e7\u00e3o das nossas esperan\u00e7as de que o Senhor vem para nascer em nossos cora\u00e7\u00f5es, nos libertando e nos curando. Para nos ajudar a viver mais intensamente este momento, o Santu\u00e1rio Arquidiocesano da Sa\u00fade e da Paz, anunciou todos os hor\u00e1rios de missas para o pr\u00f3ximo final de semana.\" \/>\n<meta name=\"robots\" content=\"index, follow, max-snippet:-1, max-image-preview:large, max-video-preview:-1\" \/>\n<link rel=\"canonical\" href=\"https:\/\/www.padreeustaquio.com.br\/es\/misas-de-navidad-el-santuario-anuncia-el-horario-de-las-celebraciones-eucaristicas\/\" \/>\n<meta property=\"og:locale\" content=\"es_ES\" \/>\n<meta property=\"og:type\" content=\"article\" \/>\n<meta property=\"og:title\" content=\"MISSAS DE NATAL - Santu\u00e1rio divulga hor\u00e1rios das Celebra\u00e7\u00f5es Eucar\u00edsticas\" \/>\n<meta property=\"og:description\" content=\"O Natal do Senhor se aproxima e com ele a renova\u00e7\u00e3o das nossas esperan\u00e7as de que o Senhor vem para nascer em nossos cora\u00e7\u00f5es, nos libertando e nos curando. Para nos ajudar a viver mais intensamente este momento, o Santu\u00e1rio Arquidiocesano da Sa\u00fade e da Paz, anunciou todos os hor\u00e1rios de missas para o pr\u00f3ximo final de semana.\" \/>\n<meta property=\"og:url\" content=\"https:\/\/www.padreeustaquio.com.br\/es\/misas-de-navidad-el-santuario-anuncia-el-horario-de-las-celebraciones-eucaristicas\/\" \/>\n<meta property=\"og:site_name\" content=\"Padre Eust\u00e1quio\" \/>\n<meta property=\"article:publisher\" content=\"https:\/\/www.facebook.com\/beatopadreeustaquio\/\" \/>\n<meta property=\"article:published_time\" content=\"2022-12-20T09:01:00+00:00\" \/>\n<meta property=\"og:image\" content=\"https:\/\/www.padreeustaquio.com.br\/wp-content\/uploads\/2022\/12\/25.jpg\" \/>\n\t<meta property=\"og:image:width\" content=\"1920\" \/>\n\t<meta property=\"og:image:height\" content=\"1080\" \/>\n\t<meta property=\"og:image:type\" content=\"image\/jpeg\" \/>\n<meta name=\"author\" content=\"@sscc\" \/>\n<meta name=\"twitter:card\" content=\"summary_large_image\" \/>\n<meta name=\"twitter:creator\" content=\"@beatopeustaquio\" \/>\n<meta name=\"twitter:site\" content=\"@beatopeustaquio\" \/>\n<meta name=\"twitter:label1\" content=\"Escrito por\" \/>\n\t<meta name=\"twitter:data1\" content=\"@sscc\" \/>\n\t<meta name=\"twitter:label2\" content=\"Tiempo de lectura\" \/>\n\t<meta name=\"twitter:data2\" content=\"1 minuto\" \/>\n<script type=\"application\/ld+json\" class=\"yoast-schema-graph\">{\"@context\":\"https:\/\/schema.org\",\"@graph\":[{\"@type\":\"Article\",\"@id\":\"https:\/\/www.padreeustaquio.com.br\/missas-de-natal-santuario-divulga-horarios-das-celebracoes-eucaristicas\/#article\",\"isPartOf\":{\"@id\":\"https:\/\/www.padreeustaquio.com.br\/missas-de-natal-santuario-divulga-horarios-das-celebracoes-eucaristicas\/\"},\"author\":{\"name\":\"@sscc\",\"@id\":\"https:\/\/www.padreeustaquio.com.br\/#\/schema\/person\/a2a51db1d00f1a7af0204a0f1ddb1566\"},\"headline\":\"MISSAS DE NATAL &#8211; Santu\u00e1rio divulga hor\u00e1rios das Celebra\u00e7\u00f5es Eucar\u00edsticas\",\"datePublished\":\"2022-12-20T09:01:00+00:00\",\"mainEntityOfPage\":{\"@id\":\"https:\/\/www.padreeustaquio.com.br\/missas-de-natal-santuario-divulga-horarios-das-celebracoes-eucaristicas\/\"},\"wordCount\":206,\"commentCount\":0,\"publisher\":{\"@id\":\"https:\/\/www.padreeustaquio.com.br\/#organization\"},\"image\":{\"@id\":\"https:\/\/www.padreeustaquio.com.br\/missas-de-natal-santuario-divulga-horarios-das-celebracoes-eucaristicas\/#primaryimage\"},\"thumbnailUrl\":\"https:\/\/www.padreeustaquio.com.br\/wp-content\/uploads\/2022\/12\/25.jpg\",\"articleSection\":[\"Not\u00edcias\"],\"inLanguage\":\"es\",\"potentialAction\":[{\"@type\":\"CommentAction\",\"name\":\"Comment\",\"target\":[\"https:\/\/www.padreeustaquio.com.br\/missas-de-natal-santuario-divulga-horarios-das-celebracoes-eucaristicas\/#respond\"]}]},{\"@type\":\"WebPage\",\"@id\":\"https:\/\/www.padreeustaquio.com.br\/missas-de-natal-santuario-divulga-horarios-das-celebracoes-eucaristicas\/\",\"url\":\"https:\/\/www.padreeustaquio.com.br\/missas-de-natal-santuario-divulga-horarios-das-celebracoes-eucaristicas\/\",\"name\":\"MISSAS DE NATAL - Santu\u00e1rio divulga hor\u00e1rios das Celebra\u00e7\u00f5es Eucar\u00edsticas\",\"isPartOf\":{\"@id\":\"https:\/\/www.padreeustaquio.com.br\/#website\"},\"primaryImageOfPage\":{\"@id\":\"https:\/\/www.padreeustaquio.com.br\/missas-de-natal-santuario-divulga-horarios-das-celebracoes-eucaristicas\/#primaryimage\"},\"image\":{\"@id\":\"https:\/\/www.padreeustaquio.com.br\/missas-de-natal-santuario-divulga-horarios-das-celebracoes-eucaristicas\/#primaryimage\"},\"thumbnailUrl\":\"https:\/\/www.padreeustaquio.com.br\/wp-content\/uploads\/2022\/12\/25.jpg\",\"datePublished\":\"2022-12-20T09:01:00+00:00\",\"description\":\"O Natal do Senhor se aproxima e com ele a renova\u00e7\u00e3o das nossas esperan\u00e7as de que o Senhor vem para nascer em nossos cora\u00e7\u00f5es, nos libertando e nos curando. Para nos ajudar a viver mais intensamente este momento, o Santu\u00e1rio Arquidiocesano da Sa\u00fade e da Paz, anunciou todos os hor\u00e1rios de missas para o pr\u00f3ximo final de semana.\",\"breadcrumb\":{\"@id\":\"https:\/\/www.padreeustaquio.com.br\/missas-de-natal-santuario-divulga-horarios-das-celebracoes-eucaristicas\/#breadcrumb\"},\"inLanguage\":\"es\",\"potentialAction\":[{\"@type\":\"ReadAction\",\"target\":[\"https:\/\/www.padreeustaquio.com.br\/missas-de-natal-santuario-divulga-horarios-das-celebracoes-eucaristicas\/\"]}]},{\"@type\":\"ImageObject\",\"inLanguage\":\"es\",\"@id\":\"https:\/\/www.padreeustaquio.com.br\/missas-de-natal-santuario-divulga-horarios-das-celebracoes-eucaristicas\/#primaryimage\",\"url\":\"https:\/\/www.padreeustaquio.com.br\/wp-content\/uploads\/2022\/12\/25.jpg\",\"contentUrl\":\"https:\/\/www.padreeustaquio.com.br\/wp-content\/uploads\/2022\/12\/25.jpg\",\"width\":1920,\"height\":1080},{\"@type\":\"BreadcrumbList\",\"@id\":\"https:\/\/www.padreeustaquio.com.br\/missas-de-natal-santuario-divulga-horarios-das-celebracoes-eucaristicas\/#breadcrumb\",\"itemListElement\":[{\"@type\":\"ListItem\",\"position\":1,\"name\":\"In\u00edcio\",\"item\":\"https:\/\/www.padreeustaquio.com.br\/\"},{\"@type\":\"ListItem\",\"position\":2,\"name\":\"MISSAS DE NATAL &#8211; Santu\u00e1rio divulga hor\u00e1rios das Celebra\u00e7\u00f5es Eucar\u00edsticas\"}]},{\"@type\":\"WebSite\",\"@id\":\"https:\/\/www.padreeustaquio.com.br\/#website\",\"url\":\"https:\/\/www.padreeustaquio.com.br\/\",\"name\":\"Padre Eust\u00e1quio\",\"description\":\"Sa\u00fade e Paz\",\"publisher\":{\"@id\":\"https:\/\/www.padreeustaquio.com.br\/#organization\"},\"potentialAction\":[{\"@type\":\"SearchAction\",\"target\":{\"@type\":\"EntryPoint\",\"urlTemplate\":\"https:\/\/www.padreeustaquio.com.br\/?s={search_term_string}\"},\"query-input\":{\"@type\":\"PropertyValueSpecification\",\"valueRequired\":true,\"valueName\":\"search_term_string\"}}],\"inLanguage\":\"es\"},{\"@type\":\"Organization\",\"@id\":\"https:\/\/www.padreeustaquio.com.br\/#organization\",\"name\":\"Padre Eust\u00e1quio\",\"url\":\"https:\/\/www.padreeustaquio.com.br\/\",\"logo\":{\"@type\":\"ImageObject\",\"inLanguage\":\"es\",\"@id\":\"https:\/\/www.padreeustaquio.com.br\/#\/schema\/logo\/image\/\",\"url\":\"https:\/\/www.padreeustaquio.com.br\/wp-content\/uploads\/2019\/08\/marca.png\",\"contentUrl\":\"https:\/\/www.padreeustaquio.com.br\/wp-content\/uploads\/2019\/08\/marca.png\",\"width\":350,\"height\":400,\"caption\":\"Padre Eust\u00e1quio\"},\"image\":{\"@id\":\"https:\/\/www.padreeustaquio.com.br\/#\/schema\/logo\/image\/\"},\"sameAs\":[\"https:\/\/www.facebook.com\/beatopadreeustaquio\/\",\"https:\/\/x.com\/beatopeustaquio\",\"https:\/\/www.instagram.com\/beatopadreeustaquio\/\",\"https:\/\/www.youtube.com\/channel\/UCRhw7vfabnajwLxb1ZXMeIw\"]},{\"@type\":\"Person\",\"@id\":\"https:\/\/www.padreeustaquio.com.br\/#\/schema\/person\/a2a51db1d00f1a7af0204a0f1ddb1566\",\"name\":\"@sscc\",\"image\":{\"@type\":\"ImageObject\",\"inLanguage\":\"es\",\"@id\":\"https:\/\/secure.gravatar.com\/avatar\/68cfafa5f44617fea54071e215026e0ff06be366c3d54a8425f04fdcb86f8c5f?s=96&d=mm&r=g\",\"url\":\"https:\/\/secure.gravatar.com\/avatar\/68cfafa5f44617fea54071e215026e0ff06be366c3d54a8425f04fdcb86f8c5f?s=96&d=mm&r=g\",\"contentUrl\":\"https:\/\/secure.gravatar.com\/avatar\/68cfafa5f44617fea54071e215026e0ff06be366c3d54a8425f04fdcb86f8c5f?s=96&d=mm&r=g\",\"caption\":\"@sscc\"},\"url\":\"https:\/\/www.padreeustaquio.com.br\/es\/author\/sscc\/\"}]}<\/script>\n<!-- \/ Yoast SEO plugin. -->","yoast_head_json":{"title":"Misas de Navidad - El Santuario anuncia el calendario de celebraciones eucar\u00edsticas","description":"Se acerca la Navidad del Se\u00f1or, y con ella la renovaci\u00f3n de nuestra esperanza de que el Se\u00f1or nazca en nuestros corazones, liber\u00e1ndonos y san\u00e1ndonos. Para ayudarnos a vivir este momento con mayor intensidad, el Santuario Arquidiocesano de Salud y Paz ha anunciado todos los horarios de misas para el pr\u00f3ximo fin de semana.","robots":{"index":"index","follow":"follow","max-snippet":"max-snippet:-1","max-image-preview":"max-image-preview:large","max-video-preview":"max-video-preview:-1"},"canonical":"https:\/\/www.padreeustaquio.com.br\/es\/misas-de-navidad-el-santuario-anuncia-el-horario-de-las-celebraciones-eucaristicas\/","og_locale":"es_ES","og_type":"article","og_title":"MISSAS DE NATAL - Santu\u00e1rio divulga hor\u00e1rios das Celebra\u00e7\u00f5es Eucar\u00edsticas","og_description":"O Natal do Senhor se aproxima e com ele a renova\u00e7\u00e3o das nossas esperan\u00e7as de que o Senhor vem para nascer em nossos cora\u00e7\u00f5es, nos libertando e nos curando. Para nos ajudar a viver mais intensamente este momento, o Santu\u00e1rio Arquidiocesano da Sa\u00fade e da Paz, anunciou todos os hor\u00e1rios de missas para o pr\u00f3ximo final de semana.","og_url":"https:\/\/www.padreeustaquio.com.br\/es\/misas-de-navidad-el-santuario-anuncia-el-horario-de-las-celebraciones-eucaristicas\/","og_site_name":"Padre Eust\u00e1quio","article_publisher":"https:\/\/www.facebook.com\/beatopadreeustaquio\/","article_published_time":"2022-12-20T09:01:00+00:00","og_image":[{"width":1920,"height":1080,"url":"https:\/\/www.padreeustaquio.com.br\/wp-content\/uploads\/2022\/12\/25.jpg","type":"image\/jpeg"}],"author":"@sscc","twitter_card":"summary_large_image","twitter_creator":"@beatopeustaquio","twitter_site":"@beatopeustaquio","twitter_misc":{"Escrito por":"@sscc","Tiempo de lectura":"1 minuto"},"schema":{"@context":"https:\/\/schema.org","@graph":[{"@type":"Article","@id":"https:\/\/www.padreeustaquio.com.br\/missas-de-natal-santuario-divulga-horarios-das-celebracoes-eucaristicas\/#article","isPartOf":{"@id":"https:\/\/www.padreeustaquio.com.br\/missas-de-natal-santuario-divulga-horarios-das-celebracoes-eucaristicas\/"},"author":{"name":"@sscc","@id":"https:\/\/www.padreeustaquio.com.br\/#\/schema\/person\/a2a51db1d00f1a7af0204a0f1ddb1566"},"headline":"MISSAS DE NATAL &#8211; Santu\u00e1rio divulga hor\u00e1rios das Celebra\u00e7\u00f5es Eucar\u00edsticas","datePublished":"2022-12-20T09:01:00+00:00","mainEntityOfPage":{"@id":"https:\/\/www.padreeustaquio.com.br\/missas-de-natal-santuario-divulga-horarios-das-celebracoes-eucaristicas\/"},"wordCount":206,"commentCount":0,"publisher":{"@id":"https:\/\/www.padreeustaquio.com.br\/#organization"},"image":{"@id":"https:\/\/www.padreeustaquio.com.br\/missas-de-natal-santuario-divulga-horarios-das-celebracoes-eucaristicas\/#primaryimage"},"thumbnailUrl":"https:\/\/www.padreeustaquio.com.br\/wp-content\/uploads\/2022\/12\/25.jpg","articleSection":["Not\u00edcias"],"inLanguage":"es","potentialAction":[{"@type":"CommentAction","name":"Comment","target":["https:\/\/www.padreeustaquio.com.br\/missas-de-natal-santuario-divulga-horarios-das-celebracoes-eucaristicas\/#respond"]}]},{"@type":"WebPage","@id":"https:\/\/www.padreeustaquio.com.br\/missas-de-natal-santuario-divulga-horarios-das-celebracoes-eucaristicas\/","url":"https:\/\/www.padreeustaquio.com.br\/missas-de-natal-santuario-divulga-horarios-das-celebracoes-eucaristicas\/","name":"Misas de Navidad - El Santuario anuncia el calendario de celebraciones eucar\u00edsticas","isPartOf":{"@id":"https:\/\/www.padreeustaquio.com.br\/#website"},"primaryImageOfPage":{"@id":"https:\/\/www.padreeustaquio.com.br\/missas-de-natal-santuario-divulga-horarios-das-celebracoes-eucaristicas\/#primaryimage"},"image":{"@id":"https:\/\/www.padreeustaquio.com.br\/missas-de-natal-santuario-divulga-horarios-das-celebracoes-eucaristicas\/#primaryimage"},"thumbnailUrl":"https:\/\/www.padreeustaquio.com.br\/wp-content\/uploads\/2022\/12\/25.jpg","datePublished":"2022-12-20T09:01:00+00:00","description":"Se acerca la Navidad del Se\u00f1or, y con ella la renovaci\u00f3n de nuestra esperanza de que el Se\u00f1or nazca en nuestros corazones, liber\u00e1ndonos y san\u00e1ndonos. Para ayudarnos a vivir este momento con mayor intensidad, el Santuario Arquidiocesano de Salud y Paz ha anunciado todos los horarios de misas para el pr\u00f3ximo fin de semana.","breadcrumb":{"@id":"https:\/\/www.padreeustaquio.com.br\/missas-de-natal-santuario-divulga-horarios-das-celebracoes-eucaristicas\/#breadcrumb"},"inLanguage":"es","potentialAction":[{"@type":"ReadAction","target":["https:\/\/www.padreeustaquio.com.br\/missas-de-natal-santuario-divulga-horarios-das-celebracoes-eucaristicas\/"]}]},{"@type":"ImageObject","inLanguage":"es","@id":"https:\/\/www.padreeustaquio.com.br\/missas-de-natal-santuario-divulga-horarios-das-celebracoes-eucaristicas\/#primaryimage","url":"https:\/\/www.padreeustaquio.com.br\/wp-content\/uploads\/2022\/12\/25.jpg","contentUrl":"https:\/\/www.padreeustaquio.com.br\/wp-content\/uploads\/2022\/12\/25.jpg","width":1920,"height":1080},{"@type":"BreadcrumbList","@id":"https:\/\/www.padreeustaquio.com.br\/missas-de-natal-santuario-divulga-horarios-das-celebracoes-eucaristicas\/#breadcrumb","itemListElement":[{"@type":"ListItem","position":1,"name":"In\u00edcio","item":"https:\/\/www.padreeustaquio.com.br\/"},{"@type":"ListItem","position":2,"name":"MISSAS DE NATAL &#8211; Santu\u00e1rio divulga hor\u00e1rios das Celebra\u00e7\u00f5es Eucar\u00edsticas"}]},{"@type":"WebSite","@id":"https:\/\/www.padreeustaquio.com.br\/#website","url":"https:\/\/www.padreeustaquio.com.br\/","name":"Padre Eustace","description":"Salud y Paz","publisher":{"@id":"https:\/\/www.padreeustaquio.com.br\/#organization"},"potentialAction":[{"@type":"SearchAction","target":{"@type":"EntryPoint","urlTemplate":"https:\/\/www.padreeustaquio.com.br\/?s={search_term_string}"},"query-input":{"@type":"PropertyValueSpecification","valueRequired":true,"valueName":"search_term_string"}}],"inLanguage":"es"},{"@type":"Organization","@id":"https:\/\/www.padreeustaquio.com.br\/#organization","name":"Padre Eustace","url":"https:\/\/www.padreeustaquio.com.br\/","logo":{"@type":"ImageObject","inLanguage":"es","@id":"https:\/\/www.padreeustaquio.com.br\/#\/schema\/logo\/image\/","url":"https:\/\/www.padreeustaquio.com.br\/wp-content\/uploads\/2019\/08\/marca.png","contentUrl":"https:\/\/www.padreeustaquio.com.br\/wp-content\/uploads\/2019\/08\/marca.png","width":350,"height":400,"caption":"Padre Eust\u00e1quio"},"image":{"@id":"https:\/\/www.padreeustaquio.com.br\/#\/schema\/logo\/image\/"},"sameAs":["https:\/\/www.facebook.com\/beatopadreeustaquio\/","https:\/\/x.com\/beatopeustaquio","https:\/\/www.instagram.com\/beatopadreeustaquio\/","https:\/\/www.youtube.com\/channel\/UCRhw7vfabnajwLxb1ZXMeIw"]},{"@type":"Person","@id":"https:\/\/www.padreeustaquio.com.br\/#\/schema\/person\/a2a51db1d00f1a7af0204a0f1ddb1566","name":"@sscc","image":{"@type":"ImageObject","inLanguage":"es","@id":"https:\/\/secure.gravatar.com\/avatar\/68cfafa5f44617fea54071e215026e0ff06be366c3d54a8425f04fdcb86f8c5f?s=96&d=mm&r=g","url":"https:\/\/secure.gravatar.com\/avatar\/68cfafa5f44617fea54071e215026e0ff06be366c3d54a8425f04fdcb86f8c5f?s=96&d=mm&r=g","contentUrl":"https:\/\/secure.gravatar.com\/avatar\/68cfafa5f44617fea54071e215026e0ff06be366c3d54a8425f04fdcb86f8c5f?s=96&d=mm&r=g","caption":"@sscc"},"url":"https:\/\/www.padreeustaquio.com.br\/es\/author\/sscc\/"}]}},"_links":{"self":[{"href":"https:\/\/www.padreeustaquio.com.br\/es\/wp-json\/wp\/v2\/posts\/9664","targetHints":{"allow":["GET"]}}],"collection":[{"href":"https:\/\/www.padreeustaquio.com.br\/es\/wp-json\/wp\/v2\/posts"}],"about":[{"href":"https:\/\/www.padreeustaquio.com.br\/es\/wp-json\/wp\/v2\/types\/post"}],"author":[{"embeddable":true,"href":"https:\/\/www.padreeustaquio.com.br\/es\/wp-json\/wp\/v2\/users\/2"}],"replies":[{"embeddable":true,"href":"https:\/\/www.padreeustaquio.com.br\/es\/wp-json\/wp\/v2\/comments?post=9664"}],"version-history":[{"count":0,"href":"https:\/\/www.padreeustaquio.com.br\/es\/wp-json\/wp\/v2\/posts\/9664\/revisions"}],"wp:featuredmedia":[{"embeddable":true,"href":"https:\/\/www.padreeustaquio.com.br\/es\/wp-json\/wp\/v2\/media\/9665"}],"wp:attachment":[{"href":"https:\/\/www.padreeustaquio.com.br\/es\/wp-json\/wp\/v2\/media?parent=9664"}],"wp:term":[{"taxonomy":"category","embeddable":true,"href":"https:\/\/www.padreeustaquio.com.br\/es\/wp-json\/wp\/v2\/categories?post=9664"},{"taxonomy":"post_tag","embeddable":true,"href":"https:\/\/www.padreeustaquio.com.br\/es\/wp-json\/wp\/v2\/tags?post=9664"}],"curies":[{"name":"wp","href":"https:\/\/api.w.org\/{rel}","templated":true}]}}