{"id":9661,"date":"2022-12-21T06:33:00","date_gmt":"2022-12-21T09:33:00","guid":{"rendered":"https:\/\/www.padreeustaquio.com.br\/?p=9661"},"modified":"2022-12-12T19:59:08","modified_gmt":"2022-12-12T22:59:08","slug":"el-canal-de-youtube-de-tv-evangelizar-transmitira-la-misa-desde-el-santuario-de-la-salud-y-la-paz","status":"publish","type":"post","link":"https:\/\/www.padreeustaquio.com.br\/es\/el-canal-de-youtube-de-tv-evangelizar-transmitira-la-misa-desde-el-santuario-de-la-salud-y-la-paz\/","title":{"rendered":"El canal de YouTube de TV Evangelizar transmitir\u00e1 la Misa desde el Santuario de la Salud y la Paz."},"content":{"rendered":"<p>El pr\u00f3ximo viernes 23 de diciembre, la <a href=\"https:\/\/www.youtube.com\/@TVEvangelizarOficial\" target=\"_blank\" rel=\"noreferrer noopener\">Canal Evangelizar TV en YouTube<\/a> Transmitiremos en vivo la Santa Misa desde el Santuario de la Salud y la Paz en Belo Horizonte, Minas Gerais. La celebraci\u00f3n comenzar\u00e1 a las 19:00 h y los devotos podr\u00e1n recibir la bendici\u00f3n de la Salud y la Paz.<\/p>\n\n\n\n<p>La Celebraci\u00f3n Eucar\u00edstica est\u00e1 prevista que dure 1 hora y 20 minutos, ambas en <a href=\"https:\/\/www.youtube.com\/@CanalPadreEustaquio\" target=\"_blank\" rel=\"noreferrer noopener\">Canal Padre Eust\u00e1quio<\/a> La Santa Misa se transmitir\u00e1 por el canal de televisi\u00f3n Evangelizar. La misa ser\u00e1 presidida por el rector del Santuario, P. Vin\u00edcius Maciel, SS.CC., quien impartir\u00e1 la bendici\u00f3n a todos los presentes y bendecir\u00e1 tambi\u00e9n a las personas y los objetos de devoci\u00f3n que hayan tra\u00eddo de sus hogares.<\/p>\n\n\n\n<p>Si vives en Belo Horizonte o alrededores, est\u00e1s invitado a venir a celebrar con nosotros, pero si est\u00e1s lejos, puedes verlo online, dejando tu pedido de oraci\u00f3n y expresi\u00f3n de agradecimiento en el chat o en los comentarios.<\/p>\n\n\n\n<p>Evangelizar la televisi\u00f3n<\/p>\n\n\n\n<p>TV Evangelizar surgi\u00f3 el 16 de diciembre de 2011, inicialmente con el nombre de TV Lumen, cuando la PUC-PR, ante dificultades para operar comercialmente la emisora, cedi\u00f3 el canal a la Associa\u00e7\u00e3o Evangelizar \u00e9 Preciso, concebida y coordinada por el padre Reginaldo Manzotti.<\/p>\n\n\n\n<p>La estaci\u00f3n pertenece a la Rede Evangelizar de Comunica\u00e7\u00e3o (Red de Comunicaci\u00f3n Evangelizar) y tiene su sede en Curitiba, Paran\u00e1. Actualmente, la se\u00f1al de TV llega a ciudades de 16 estados brasile\u00f1os.<\/p>\n\n\n\n<p><\/p>","protected":false},"excerpt":{"rendered":"<p>Na pr\u00f3xima sexta-feira, dia 23 de dezembro, o Canal da TV Evangelizar no YouTube vai retransmitir a Santa Missa, ao vivo, direto do Santu\u00e1rio da Sa\u00fade e da Paz, em Belo Horizonte-MG. A celebra\u00e7\u00e3o ter\u00e1 in\u00edcio \u00e0s 19h e os devotos poder\u00e3o receber a b\u00ean\u00e7\u00e3o da Sa\u00fade e da Paz. A Celebra\u00e7\u00e3o Eucar\u00edstica est\u00e1 prevista para durar 1h20m, tanto no Canal Padre Eust\u00e1quio quanto no Canal da TV Evangelizar. A Santa Missa ser\u00e1 presidida pelo reitor do Santu\u00e1rio, Pe. Vin\u00edcius Maciel, SS.CC. que dar\u00e1 a b\u00ean\u00e7\u00e3o \u00e0 todos que estiverem presentes e tamb\u00e9m com a inten\u00e7\u00e3o de aben\u00e7oar as pessoas [&hellip;]<\/p>\n","protected":false},"author":2,"featured_media":9662,"comment_status":"open","ping_status":"closed","sticky":false,"template":"","format":"standard","meta":{"_acf_changed":false,"footnotes":""},"categories":[611],"tags":[],"class_list":["post-9661","post","type-post","status-publish","format-standard","has-post-thumbnail","hentry","category-noticias"],"acf":[],"yoast_head":"<!-- This site is optimized with the Yoast SEO plugin v27.2 - https:\/\/yoast.com\/product\/yoast-seo-wordpress\/ -->\n<title>YouTube da TV Evangelizar ir\u00e1 transmitir missa do Santu\u00e1rio da Sa\u00fade e da Paz<\/title>\n<meta name=\"description\" content=\"Na pr\u00f3xima sexta-feira, dia 23 de dezembro, o Canal da TV Evangelizar no YouTube vai retransmitir a Santa Missa, ao vivo, direto do Santu\u00e1rio da Sa\u00fade e da Paz, em Belo Horizonte-MG. A celebra\u00e7\u00e3o ter\u00e1 in\u00edcio \u00e0s 19h e os devotos poder\u00e3o receber a b\u00ean\u00e7\u00e3o da Sa\u00fade e da Paz.\" \/>\n<meta name=\"robots\" content=\"index, follow, max-snippet:-1, max-image-preview:large, max-video-preview:-1\" \/>\n<link rel=\"canonical\" href=\"https:\/\/www.padreeustaquio.com.br\/es\/el-canal-de-youtube-de-tv-evangelizar-transmitira-la-misa-desde-el-santuario-de-la-salud-y-la-paz\/\" \/>\n<meta property=\"og:locale\" content=\"es_ES\" \/>\n<meta property=\"og:type\" content=\"article\" \/>\n<meta property=\"og:title\" content=\"YouTube da TV Evangelizar ir\u00e1 transmitir missa do Santu\u00e1rio da Sa\u00fade e da Paz\" \/>\n<meta property=\"og:description\" content=\"Na pr\u00f3xima sexta-feira, dia 23 de dezembro, o Canal da TV Evangelizar no YouTube vai retransmitir a Santa Missa, ao vivo, direto do Santu\u00e1rio da Sa\u00fade e da Paz, em Belo Horizonte-MG. A celebra\u00e7\u00e3o ter\u00e1 in\u00edcio \u00e0s 19h e os devotos poder\u00e3o receber a b\u00ean\u00e7\u00e3o da Sa\u00fade e da Paz.\" \/>\n<meta property=\"og:url\" content=\"https:\/\/www.padreeustaquio.com.br\/es\/el-canal-de-youtube-de-tv-evangelizar-transmitira-la-misa-desde-el-santuario-de-la-salud-y-la-paz\/\" \/>\n<meta property=\"og:site_name\" content=\"Padre Eust\u00e1quio\" \/>\n<meta property=\"article:publisher\" content=\"https:\/\/www.facebook.com\/beatopadreeustaquio\/\" \/>\n<meta property=\"article:published_time\" content=\"2022-12-21T09:33:00+00:00\" \/>\n<meta property=\"og:image\" content=\"https:\/\/www.padreeustaquio.com.br\/wp-content\/uploads\/2022\/12\/tv-evangelizar.jpg\" \/>\n\t<meta property=\"og:image:width\" content=\"748\" \/>\n\t<meta property=\"og:image:height\" content=\"394\" \/>\n\t<meta property=\"og:image:type\" content=\"image\/jpeg\" \/>\n<meta name=\"author\" content=\"@sscc\" \/>\n<meta name=\"twitter:card\" content=\"summary_large_image\" \/>\n<meta name=\"twitter:creator\" content=\"@beatopeustaquio\" \/>\n<meta name=\"twitter:site\" content=\"@beatopeustaquio\" \/>\n<meta name=\"twitter:label1\" content=\"Escrito por\" \/>\n\t<meta name=\"twitter:data1\" content=\"@sscc\" \/>\n\t<meta name=\"twitter:label2\" content=\"Tiempo de lectura\" \/>\n\t<meta name=\"twitter:data2\" content=\"1 minuto\" \/>\n<script type=\"application\/ld+json\" class=\"yoast-schema-graph\">{\"@context\":\"https:\/\/schema.org\",\"@graph\":[{\"@type\":\"Article\",\"@id\":\"https:\/\/www.padreeustaquio.com.br\/youtube-da-tv-evangelizar-ira-transmitir-missa-do-santuario-da-saude-e-da-paz\/#article\",\"isPartOf\":{\"@id\":\"https:\/\/www.padreeustaquio.com.br\/youtube-da-tv-evangelizar-ira-transmitir-missa-do-santuario-da-saude-e-da-paz\/\"},\"author\":{\"name\":\"@sscc\",\"@id\":\"https:\/\/www.padreeustaquio.com.br\/#\/schema\/person\/a2a51db1d00f1a7af0204a0f1ddb1566\"},\"headline\":\"YouTube da TV Evangelizar ir\u00e1 transmitir missa do Santu\u00e1rio da Sa\u00fade e da Paz\",\"datePublished\":\"2022-12-21T09:33:00+00:00\",\"mainEntityOfPage\":{\"@id\":\"https:\/\/www.padreeustaquio.com.br\/youtube-da-tv-evangelizar-ira-transmitir-missa-do-santuario-da-saude-e-da-paz\/\"},\"wordCount\":253,\"commentCount\":0,\"publisher\":{\"@id\":\"https:\/\/www.padreeustaquio.com.br\/#organization\"},\"image\":{\"@id\":\"https:\/\/www.padreeustaquio.com.br\/youtube-da-tv-evangelizar-ira-transmitir-missa-do-santuario-da-saude-e-da-paz\/#primaryimage\"},\"thumbnailUrl\":\"https:\/\/www.padreeustaquio.com.br\/wp-content\/uploads\/2022\/12\/tv-evangelizar.jpg\",\"articleSection\":[\"Not\u00edcias\"],\"inLanguage\":\"es\",\"potentialAction\":[{\"@type\":\"CommentAction\",\"name\":\"Comment\",\"target\":[\"https:\/\/www.padreeustaquio.com.br\/youtube-da-tv-evangelizar-ira-transmitir-missa-do-santuario-da-saude-e-da-paz\/#respond\"]}]},{\"@type\":\"WebPage\",\"@id\":\"https:\/\/www.padreeustaquio.com.br\/youtube-da-tv-evangelizar-ira-transmitir-missa-do-santuario-da-saude-e-da-paz\/\",\"url\":\"https:\/\/www.padreeustaquio.com.br\/youtube-da-tv-evangelizar-ira-transmitir-missa-do-santuario-da-saude-e-da-paz\/\",\"name\":\"YouTube da TV Evangelizar ir\u00e1 transmitir missa do Santu\u00e1rio da Sa\u00fade e da Paz\",\"isPartOf\":{\"@id\":\"https:\/\/www.padreeustaquio.com.br\/#website\"},\"primaryImageOfPage\":{\"@id\":\"https:\/\/www.padreeustaquio.com.br\/youtube-da-tv-evangelizar-ira-transmitir-missa-do-santuario-da-saude-e-da-paz\/#primaryimage\"},\"image\":{\"@id\":\"https:\/\/www.padreeustaquio.com.br\/youtube-da-tv-evangelizar-ira-transmitir-missa-do-santuario-da-saude-e-da-paz\/#primaryimage\"},\"thumbnailUrl\":\"https:\/\/www.padreeustaquio.com.br\/wp-content\/uploads\/2022\/12\/tv-evangelizar.jpg\",\"datePublished\":\"2022-12-21T09:33:00+00:00\",\"description\":\"Na pr\u00f3xima sexta-feira, dia 23 de dezembro, o Canal da TV Evangelizar no YouTube vai retransmitir a Santa Missa, ao vivo, direto do Santu\u00e1rio da Sa\u00fade e da Paz, em Belo Horizonte-MG. A celebra\u00e7\u00e3o ter\u00e1 in\u00edcio \u00e0s 19h e os devotos poder\u00e3o receber a b\u00ean\u00e7\u00e3o da Sa\u00fade e da Paz.\",\"breadcrumb\":{\"@id\":\"https:\/\/www.padreeustaquio.com.br\/youtube-da-tv-evangelizar-ira-transmitir-missa-do-santuario-da-saude-e-da-paz\/#breadcrumb\"},\"inLanguage\":\"es\",\"potentialAction\":[{\"@type\":\"ReadAction\",\"target\":[\"https:\/\/www.padreeustaquio.com.br\/youtube-da-tv-evangelizar-ira-transmitir-missa-do-santuario-da-saude-e-da-paz\/\"]}]},{\"@type\":\"ImageObject\",\"inLanguage\":\"es\",\"@id\":\"https:\/\/www.padreeustaquio.com.br\/youtube-da-tv-evangelizar-ira-transmitir-missa-do-santuario-da-saude-e-da-paz\/#primaryimage\",\"url\":\"https:\/\/www.padreeustaquio.com.br\/wp-content\/uploads\/2022\/12\/tv-evangelizar.jpg\",\"contentUrl\":\"https:\/\/www.padreeustaquio.com.br\/wp-content\/uploads\/2022\/12\/tv-evangelizar.jpg\",\"width\":748,\"height\":394},{\"@type\":\"BreadcrumbList\",\"@id\":\"https:\/\/www.padreeustaquio.com.br\/youtube-da-tv-evangelizar-ira-transmitir-missa-do-santuario-da-saude-e-da-paz\/#breadcrumb\",\"itemListElement\":[{\"@type\":\"ListItem\",\"position\":1,\"name\":\"In\u00edcio\",\"item\":\"https:\/\/www.padreeustaquio.com.br\/\"},{\"@type\":\"ListItem\",\"position\":2,\"name\":\"YouTube da TV Evangelizar ir\u00e1 transmitir missa do Santu\u00e1rio da Sa\u00fade e da Paz\"}]},{\"@type\":\"WebSite\",\"@id\":\"https:\/\/www.padreeustaquio.com.br\/#website\",\"url\":\"https:\/\/www.padreeustaquio.com.br\/\",\"name\":\"Padre Eust\u00e1quio\",\"description\":\"Sa\u00fade e Paz\",\"publisher\":{\"@id\":\"https:\/\/www.padreeustaquio.com.br\/#organization\"},\"potentialAction\":[{\"@type\":\"SearchAction\",\"target\":{\"@type\":\"EntryPoint\",\"urlTemplate\":\"https:\/\/www.padreeustaquio.com.br\/?s={search_term_string}\"},\"query-input\":{\"@type\":\"PropertyValueSpecification\",\"valueRequired\":true,\"valueName\":\"search_term_string\"}}],\"inLanguage\":\"es\"},{\"@type\":\"Organization\",\"@id\":\"https:\/\/www.padreeustaquio.com.br\/#organization\",\"name\":\"Padre Eust\u00e1quio\",\"url\":\"https:\/\/www.padreeustaquio.com.br\/\",\"logo\":{\"@type\":\"ImageObject\",\"inLanguage\":\"es\",\"@id\":\"https:\/\/www.padreeustaquio.com.br\/#\/schema\/logo\/image\/\",\"url\":\"https:\/\/www.padreeustaquio.com.br\/wp-content\/uploads\/2019\/08\/marca.png\",\"contentUrl\":\"https:\/\/www.padreeustaquio.com.br\/wp-content\/uploads\/2019\/08\/marca.png\",\"width\":350,\"height\":400,\"caption\":\"Padre Eust\u00e1quio\"},\"image\":{\"@id\":\"https:\/\/www.padreeustaquio.com.br\/#\/schema\/logo\/image\/\"},\"sameAs\":[\"https:\/\/www.facebook.com\/beatopadreeustaquio\/\",\"https:\/\/x.com\/beatopeustaquio\",\"https:\/\/www.instagram.com\/beatopadreeustaquio\/\",\"https:\/\/www.youtube.com\/channel\/UCRhw7vfabnajwLxb1ZXMeIw\"]},{\"@type\":\"Person\",\"@id\":\"https:\/\/www.padreeustaquio.com.br\/#\/schema\/person\/a2a51db1d00f1a7af0204a0f1ddb1566\",\"name\":\"@sscc\",\"image\":{\"@type\":\"ImageObject\",\"inLanguage\":\"es\",\"@id\":\"https:\/\/secure.gravatar.com\/avatar\/68cfafa5f44617fea54071e215026e0ff06be366c3d54a8425f04fdcb86f8c5f?s=96&d=mm&r=g\",\"url\":\"https:\/\/secure.gravatar.com\/avatar\/68cfafa5f44617fea54071e215026e0ff06be366c3d54a8425f04fdcb86f8c5f?s=96&d=mm&r=g\",\"contentUrl\":\"https:\/\/secure.gravatar.com\/avatar\/68cfafa5f44617fea54071e215026e0ff06be366c3d54a8425f04fdcb86f8c5f?s=96&d=mm&r=g\",\"caption\":\"@sscc\"},\"url\":\"https:\/\/www.padreeustaquio.com.br\/es\/author\/sscc\/\"}]}<\/script>\n<!-- \/ Yoast SEO plugin. -->","yoast_head_json":{"title":"El canal de YouTube de TV Evangelizar transmitir\u00e1 la Misa desde el Santuario de la Salud y la Paz.","description":"El pr\u00f3ximo viernes 23 de diciembre, el canal de televisi\u00f3n Evangelizar en YouTube retransmitir\u00e1 la Santa Misa en directo desde el Santuario de la Salud y la Paz en Belo Horizonte, Minas Gerais. La celebraci\u00f3n comenzar\u00e1 a las 19:00 h y los devotos podr\u00e1n recibir la bendici\u00f3n de la Salud y la Paz.","robots":{"index":"index","follow":"follow","max-snippet":"max-snippet:-1","max-image-preview":"max-image-preview:large","max-video-preview":"max-video-preview:-1"},"canonical":"https:\/\/www.padreeustaquio.com.br\/es\/el-canal-de-youtube-de-tv-evangelizar-transmitira-la-misa-desde-el-santuario-de-la-salud-y-la-paz\/","og_locale":"es_ES","og_type":"article","og_title":"YouTube da TV Evangelizar ir\u00e1 transmitir missa do Santu\u00e1rio da Sa\u00fade e da Paz","og_description":"Na pr\u00f3xima sexta-feira, dia 23 de dezembro, o Canal da TV Evangelizar no YouTube vai retransmitir a Santa Missa, ao vivo, direto do Santu\u00e1rio da Sa\u00fade e da Paz, em Belo Horizonte-MG. A celebra\u00e7\u00e3o ter\u00e1 in\u00edcio \u00e0s 19h e os devotos poder\u00e3o receber a b\u00ean\u00e7\u00e3o da Sa\u00fade e da Paz.","og_url":"https:\/\/www.padreeustaquio.com.br\/es\/el-canal-de-youtube-de-tv-evangelizar-transmitira-la-misa-desde-el-santuario-de-la-salud-y-la-paz\/","og_site_name":"Padre Eust\u00e1quio","article_publisher":"https:\/\/www.facebook.com\/beatopadreeustaquio\/","article_published_time":"2022-12-21T09:33:00+00:00","og_image":[{"width":748,"height":394,"url":"https:\/\/www.padreeustaquio.com.br\/wp-content\/uploads\/2022\/12\/tv-evangelizar.jpg","type":"image\/jpeg"}],"author":"@sscc","twitter_card":"summary_large_image","twitter_creator":"@beatopeustaquio","twitter_site":"@beatopeustaquio","twitter_misc":{"Escrito por":"@sscc","Tiempo de lectura":"1 minuto"},"schema":{"@context":"https:\/\/schema.org","@graph":[{"@type":"Article","@id":"https:\/\/www.padreeustaquio.com.br\/youtube-da-tv-evangelizar-ira-transmitir-missa-do-santuario-da-saude-e-da-paz\/#article","isPartOf":{"@id":"https:\/\/www.padreeustaquio.com.br\/youtube-da-tv-evangelizar-ira-transmitir-missa-do-santuario-da-saude-e-da-paz\/"},"author":{"name":"@sscc","@id":"https:\/\/www.padreeustaquio.com.br\/#\/schema\/person\/a2a51db1d00f1a7af0204a0f1ddb1566"},"headline":"YouTube da TV Evangelizar ir\u00e1 transmitir missa do Santu\u00e1rio da Sa\u00fade e da Paz","datePublished":"2022-12-21T09:33:00+00:00","mainEntityOfPage":{"@id":"https:\/\/www.padreeustaquio.com.br\/youtube-da-tv-evangelizar-ira-transmitir-missa-do-santuario-da-saude-e-da-paz\/"},"wordCount":253,"commentCount":0,"publisher":{"@id":"https:\/\/www.padreeustaquio.com.br\/#organization"},"image":{"@id":"https:\/\/www.padreeustaquio.com.br\/youtube-da-tv-evangelizar-ira-transmitir-missa-do-santuario-da-saude-e-da-paz\/#primaryimage"},"thumbnailUrl":"https:\/\/www.padreeustaquio.com.br\/wp-content\/uploads\/2022\/12\/tv-evangelizar.jpg","articleSection":["Not\u00edcias"],"inLanguage":"es","potentialAction":[{"@type":"CommentAction","name":"Comment","target":["https:\/\/www.padreeustaquio.com.br\/youtube-da-tv-evangelizar-ira-transmitir-missa-do-santuario-da-saude-e-da-paz\/#respond"]}]},{"@type":"WebPage","@id":"https:\/\/www.padreeustaquio.com.br\/youtube-da-tv-evangelizar-ira-transmitir-missa-do-santuario-da-saude-e-da-paz\/","url":"https:\/\/www.padreeustaquio.com.br\/youtube-da-tv-evangelizar-ira-transmitir-missa-do-santuario-da-saude-e-da-paz\/","name":"El canal de YouTube de TV Evangelizar transmitir\u00e1 la Misa desde el Santuario de la Salud y la Paz.","isPartOf":{"@id":"https:\/\/www.padreeustaquio.com.br\/#website"},"primaryImageOfPage":{"@id":"https:\/\/www.padreeustaquio.com.br\/youtube-da-tv-evangelizar-ira-transmitir-missa-do-santuario-da-saude-e-da-paz\/#primaryimage"},"image":{"@id":"https:\/\/www.padreeustaquio.com.br\/youtube-da-tv-evangelizar-ira-transmitir-missa-do-santuario-da-saude-e-da-paz\/#primaryimage"},"thumbnailUrl":"https:\/\/www.padreeustaquio.com.br\/wp-content\/uploads\/2022\/12\/tv-evangelizar.jpg","datePublished":"2022-12-21T09:33:00+00:00","description":"El pr\u00f3ximo viernes 23 de diciembre, el canal de televisi\u00f3n Evangelizar en YouTube retransmitir\u00e1 la Santa Misa en directo desde el Santuario de la Salud y la Paz en Belo Horizonte, Minas Gerais. La celebraci\u00f3n comenzar\u00e1 a las 19:00 h y los devotos podr\u00e1n recibir la bendici\u00f3n de la Salud y la Paz.","breadcrumb":{"@id":"https:\/\/www.padreeustaquio.com.br\/youtube-da-tv-evangelizar-ira-transmitir-missa-do-santuario-da-saude-e-da-paz\/#breadcrumb"},"inLanguage":"es","potentialAction":[{"@type":"ReadAction","target":["https:\/\/www.padreeustaquio.com.br\/youtube-da-tv-evangelizar-ira-transmitir-missa-do-santuario-da-saude-e-da-paz\/"]}]},{"@type":"ImageObject","inLanguage":"es","@id":"https:\/\/www.padreeustaquio.com.br\/youtube-da-tv-evangelizar-ira-transmitir-missa-do-santuario-da-saude-e-da-paz\/#primaryimage","url":"https:\/\/www.padreeustaquio.com.br\/wp-content\/uploads\/2022\/12\/tv-evangelizar.jpg","contentUrl":"https:\/\/www.padreeustaquio.com.br\/wp-content\/uploads\/2022\/12\/tv-evangelizar.jpg","width":748,"height":394},{"@type":"BreadcrumbList","@id":"https:\/\/www.padreeustaquio.com.br\/youtube-da-tv-evangelizar-ira-transmitir-missa-do-santuario-da-saude-e-da-paz\/#breadcrumb","itemListElement":[{"@type":"ListItem","position":1,"name":"In\u00edcio","item":"https:\/\/www.padreeustaquio.com.br\/"},{"@type":"ListItem","position":2,"name":"YouTube da TV Evangelizar ir\u00e1 transmitir missa do Santu\u00e1rio da Sa\u00fade e da Paz"}]},{"@type":"WebSite","@id":"https:\/\/www.padreeustaquio.com.br\/#website","url":"https:\/\/www.padreeustaquio.com.br\/","name":"Padre Eustace","description":"Salud y Paz","publisher":{"@id":"https:\/\/www.padreeustaquio.com.br\/#organization"},"potentialAction":[{"@type":"SearchAction","target":{"@type":"EntryPoint","urlTemplate":"https:\/\/www.padreeustaquio.com.br\/?s={search_term_string}"},"query-input":{"@type":"PropertyValueSpecification","valueRequired":true,"valueName":"search_term_string"}}],"inLanguage":"es"},{"@type":"Organization","@id":"https:\/\/www.padreeustaquio.com.br\/#organization","name":"Padre Eustace","url":"https:\/\/www.padreeustaquio.com.br\/","logo":{"@type":"ImageObject","inLanguage":"es","@id":"https:\/\/www.padreeustaquio.com.br\/#\/schema\/logo\/image\/","url":"https:\/\/www.padreeustaquio.com.br\/wp-content\/uploads\/2019\/08\/marca.png","contentUrl":"https:\/\/www.padreeustaquio.com.br\/wp-content\/uploads\/2019\/08\/marca.png","width":350,"height":400,"caption":"Padre Eust\u00e1quio"},"image":{"@id":"https:\/\/www.padreeustaquio.com.br\/#\/schema\/logo\/image\/"},"sameAs":["https:\/\/www.facebook.com\/beatopadreeustaquio\/","https:\/\/x.com\/beatopeustaquio","https:\/\/www.instagram.com\/beatopadreeustaquio\/","https:\/\/www.youtube.com\/channel\/UCRhw7vfabnajwLxb1ZXMeIw"]},{"@type":"Person","@id":"https:\/\/www.padreeustaquio.com.br\/#\/schema\/person\/a2a51db1d00f1a7af0204a0f1ddb1566","name":"@sscc","image":{"@type":"ImageObject","inLanguage":"es","@id":"https:\/\/secure.gravatar.com\/avatar\/68cfafa5f44617fea54071e215026e0ff06be366c3d54a8425f04fdcb86f8c5f?s=96&d=mm&r=g","url":"https:\/\/secure.gravatar.com\/avatar\/68cfafa5f44617fea54071e215026e0ff06be366c3d54a8425f04fdcb86f8c5f?s=96&d=mm&r=g","contentUrl":"https:\/\/secure.gravatar.com\/avatar\/68cfafa5f44617fea54071e215026e0ff06be366c3d54a8425f04fdcb86f8c5f?s=96&d=mm&r=g","caption":"@sscc"},"url":"https:\/\/www.padreeustaquio.com.br\/es\/author\/sscc\/"}]}},"_links":{"self":[{"href":"https:\/\/www.padreeustaquio.com.br\/es\/wp-json\/wp\/v2\/posts\/9661","targetHints":{"allow":["GET"]}}],"collection":[{"href":"https:\/\/www.padreeustaquio.com.br\/es\/wp-json\/wp\/v2\/posts"}],"about":[{"href":"https:\/\/www.padreeustaquio.com.br\/es\/wp-json\/wp\/v2\/types\/post"}],"author":[{"embeddable":true,"href":"https:\/\/www.padreeustaquio.com.br\/es\/wp-json\/wp\/v2\/users\/2"}],"replies":[{"embeddable":true,"href":"https:\/\/www.padreeustaquio.com.br\/es\/wp-json\/wp\/v2\/comments?post=9661"}],"version-history":[{"count":0,"href":"https:\/\/www.padreeustaquio.com.br\/es\/wp-json\/wp\/v2\/posts\/9661\/revisions"}],"wp:featuredmedia":[{"embeddable":true,"href":"https:\/\/www.padreeustaquio.com.br\/es\/wp-json\/wp\/v2\/media\/9662"}],"wp:attachment":[{"href":"https:\/\/www.padreeustaquio.com.br\/es\/wp-json\/wp\/v2\/media?parent=9661"}],"wp:term":[{"taxonomy":"category","embeddable":true,"href":"https:\/\/www.padreeustaquio.com.br\/es\/wp-json\/wp\/v2\/categories?post=9661"},{"taxonomy":"post_tag","embeddable":true,"href":"https:\/\/www.padreeustaquio.com.br\/es\/wp-json\/wp\/v2\/tags?post=9661"}],"curies":[{"name":"wp","href":"https:\/\/api.w.org\/{rel}","templated":true}]}}