{"id":9656,"date":"2022-12-19T06:37:00","date_gmt":"2022-12-19T09:37:00","guid":{"rendered":"https:\/\/www.padreeustaquio.com.br\/?p=9656"},"modified":"2022-12-19T07:18:47","modified_gmt":"2022-12-19T10:18:47","slug":"guarderia-padre-eustaquio-realiza-fiesta-de-despedida-a-alumnos-del-segundo-periodo","status":"publish","type":"post","link":"https:\/\/www.padreeustaquio.com.br\/es\/guarderia-padre-eustaquio-realiza-fiesta-de-despedida-a-alumnos-del-segundo-periodo\/","title":{"rendered":"Centro Infantil Padre Eust\u00e1quio realiza fiesta de despedida a alumnos de segundo a\u00f1o de estudios."},"content":{"rendered":"<p>Este fin de semana fue un momento de celebraci\u00f3n y nostalgia para estudiantes, maestros y padres cuyos hijos fueron atendidos en la Guarder\u00eda Padre Eust\u00e1quio durante los \u00faltimos a\u00f1os. La despedida comenz\u00f3 el viernes con la celebraci\u00f3n de la Santa Misa en agradecimiento a Dios por el cierre del a\u00f1o escolar.<\/p>\n\n\n<div class=\"wp-block-image\">\n<figure class=\"alignleft size-medium is-resized\"><img fetchpriority=\"high\" decoding=\"async\" src=\"https:\/\/www.padreeustaquio.com.br\/wp-content\/uploads\/2022\/12\/Apresentacao-no-Teatro-Padre-Eustaquio-300x225.jpeg\" alt=\"\" class=\"wp-image-9676\" width=\"298\" height=\"224\" srcset=\"https:\/\/www.padreeustaquio.com.br\/wp-content\/uploads\/2022\/12\/Apresentacao-no-Teatro-Padre-Eustaquio-300x225.jpeg 300w, https:\/\/www.padreeustaquio.com.br\/wp-content\/uploads\/2022\/12\/Apresentacao-no-Teatro-Padre-Eustaquio-1024x768.jpeg 1024w, https:\/\/www.padreeustaquio.com.br\/wp-content\/uploads\/2022\/12\/Apresentacao-no-Teatro-Padre-Eustaquio-768x576.jpeg 768w, https:\/\/www.padreeustaquio.com.br\/wp-content\/uploads\/2022\/12\/Apresentacao-no-Teatro-Padre-Eustaquio-1536x1152.jpeg 1536w, https:\/\/www.padreeustaquio.com.br\/wp-content\/uploads\/2022\/12\/Apresentacao-no-Teatro-Padre-Eustaquio-180x135.jpeg 180w, https:\/\/www.padreeustaquio.com.br\/wp-content\/uploads\/2022\/12\/Apresentacao-no-Teatro-Padre-Eustaquio-400x300.jpeg 400w, https:\/\/www.padreeustaquio.com.br\/wp-content\/uploads\/2022\/12\/Apresentacao-no-Teatro-Padre-Eustaquio-600x450.jpeg 600w, https:\/\/www.padreeustaquio.com.br\/wp-content\/uploads\/2022\/12\/Apresentacao-no-Teatro-Padre-Eustaquio-800x600.jpeg 800w, https:\/\/www.padreeustaquio.com.br\/wp-content\/uploads\/2022\/12\/Apresentacao-no-Teatro-Padre-Eustaquio-1200x900.jpeg 1200w, https:\/\/www.padreeustaquio.com.br\/wp-content\/uploads\/2022\/12\/Apresentacao-no-Teatro-Padre-Eustaquio.jpeg 1600w\" sizes=\"(max-width: 298px) 100vw, 298px\" \/><figcaption class=\"wp-element-caption\">Actuaci\u00f3n en el Teatro Padre Eust\u00e1quio<\/figcaption><\/figure>\n<\/div>\n\n\n<p>El s\u00e1bado, las dos clases de segundo grado, con ni\u00f1os de 5 y 6 a\u00f1os, ofrecieron presentaciones art\u00edsticas y musicales en el Teatro Padre Eust\u00e1quio. All\u00ed, se rindi\u00f3 homenaje a la guarder\u00eda, al profesorado y al personal de la Unidad Padre Eust\u00e1quio. Posteriormente, todos participaron en una reuni\u00f3n en el Centro Comunitario Sagrados Corazones, junto a la iglesia.<\/p>\n\n\n\n<p>Los estudiantes se despiden porque la Guarder\u00eda Padre Eust\u00e1quio ofrece plazas para ni\u00f1os de hasta 6 a\u00f1os en preescolar. A partir de ese momento, cada familia es derivada a otras escuelas seg\u00fan su proceso de matriculaci\u00f3n y bajo la supervisi\u00f3n del servicio de educaci\u00f3n p\u00fablica municipal o estatal.<\/p>\n\n\n\n<p>La Guarder\u00eda Padre Eust\u00e1quio, Unidad Padre Eust\u00e1quio, ofrece plazas para ni\u00f1os de 2 a 6 a\u00f1os, desde el Primer Ciclo Infantil hasta el Segundo Ciclo. La Unidad Coqueiros ofrece plazas para beb\u00e9s que necesitan atenci\u00f3n infantil, a partir de los cinco meses de edad.<\/p>\n\n\n\n<p><\/p>","protected":false},"excerpt":{"rendered":"<p>Esse fim de semana foi de festa e de saudade para alunos, professores e pais cujos filhos passaram pelos cuidados da Creche Padre Eust\u00e1quio durante os \u00faltimos anos. A despedida come\u00e7ou na sexta-feira com a celebra\u00e7\u00e3o da Santa Missa em agradecimento a Deus pelo encerramento do ciclo escolar. No s\u00e1bado, as duas turmas do 2\u00ba per\u00edodo com crian\u00e7as entre 5 e 6 anos fizeram apresenta\u00e7\u00f5es art\u00edsticas e musicais no Teatro Padre Eust\u00e1quio. Por l\u00e1, homenagens foram prestadas \u00e0 Creche, aos professores e aos profissionais da Unidade Padre Eust\u00e1quio. Em seguida, todos participaram de um momento de confraterniza\u00e7\u00e3o no Centro Comunit\u00e1rio [&hellip;]<\/p>\n","protected":false},"author":2,"featured_media":9674,"comment_status":"open","ping_status":"closed","sticky":false,"template":"","format":"standard","meta":{"_acf_changed":false,"footnotes":""},"categories":[611],"tags":[],"class_list":["post-9656","post","type-post","status-publish","format-standard","has-post-thumbnail","hentry","category-noticias"],"acf":[],"yoast_head":"<!-- This site is optimized with the Yoast SEO plugin v27.2 - https:\/\/yoast.com\/product\/yoast-seo-wordpress\/ -->\n<title>Creche Padre Eust\u00e1quio faz festa de despedida para alunos do 2\u00ba per\u00edodo<\/title>\n<meta name=\"description\" content=\"Este fim de semana foi de festa e de saudade para alunos, professores e pais cujos filhos passaram pelos cuidados da Creche Padre Eust\u00e1quio durante os \u00faltimos anos. A despedida come\u00e7ou na sexta-feira com a celebra\u00e7\u00e3o da Santa Missa em agradecimento a Deus pelo encerramento do ciclo escolar.\" \/>\n<meta name=\"robots\" content=\"index, follow, max-snippet:-1, max-image-preview:large, max-video-preview:-1\" \/>\n<link rel=\"canonical\" href=\"https:\/\/www.padreeustaquio.com.br\/es\/guarderia-padre-eustaquio-realiza-fiesta-de-despedida-a-alumnos-del-segundo-periodo\/\" \/>\n<meta property=\"og:locale\" content=\"es_ES\" \/>\n<meta property=\"og:type\" content=\"article\" \/>\n<meta property=\"og:title\" content=\"Creche Padre Eust\u00e1quio faz festa de despedida para alunos do 2\u00ba per\u00edodo\" \/>\n<meta property=\"og:description\" content=\"Este fim de semana foi de festa e de saudade para alunos, professores e pais cujos filhos passaram pelos cuidados da Creche Padre Eust\u00e1quio durante os \u00faltimos anos. A despedida come\u00e7ou na sexta-feira com a celebra\u00e7\u00e3o da Santa Missa em agradecimento a Deus pelo encerramento do ciclo escolar.\" \/>\n<meta property=\"og:url\" content=\"https:\/\/www.padreeustaquio.com.br\/es\/guarderia-padre-eustaquio-realiza-fiesta-de-despedida-a-alumnos-del-segundo-periodo\/\" \/>\n<meta property=\"og:site_name\" content=\"Padre Eust\u00e1quio\" \/>\n<meta property=\"article:publisher\" content=\"https:\/\/www.facebook.com\/beatopadreeustaquio\/\" \/>\n<meta property=\"article:published_time\" content=\"2022-12-19T09:37:00+00:00\" \/>\n<meta property=\"article:modified_time\" content=\"2022-12-19T10:18:47+00:00\" \/>\n<meta property=\"og:image\" content=\"https:\/\/www.padreeustaquio.com.br\/wp-content\/uploads\/2022\/12\/missa-creche-e1671444936337.jpeg\" \/>\n\t<meta property=\"og:image:width\" content=\"1600\" \/>\n\t<meta property=\"og:image:height\" content=\"920\" \/>\n\t<meta property=\"og:image:type\" content=\"image\/jpeg\" \/>\n<meta name=\"author\" content=\"@sscc\" \/>\n<meta name=\"twitter:card\" content=\"summary_large_image\" \/>\n<meta name=\"twitter:creator\" content=\"@beatopeustaquio\" \/>\n<meta name=\"twitter:site\" content=\"@beatopeustaquio\" \/>\n<meta name=\"twitter:label1\" content=\"Escrito por\" \/>\n\t<meta name=\"twitter:data1\" content=\"@sscc\" \/>\n\t<meta name=\"twitter:label2\" content=\"Tiempo de lectura\" \/>\n\t<meta name=\"twitter:data2\" content=\"2 minutos\" \/>\n<script type=\"application\/ld+json\" class=\"yoast-schema-graph\">{\"@context\":\"https:\/\/schema.org\",\"@graph\":[{\"@type\":\"Article\",\"@id\":\"https:\/\/www.padreeustaquio.com.br\/creche-padre-eustaquio-faz-festa-de-despedida-para-alunos-do-2o-periodo\/#article\",\"isPartOf\":{\"@id\":\"https:\/\/www.padreeustaquio.com.br\/creche-padre-eustaquio-faz-festa-de-despedida-para-alunos-do-2o-periodo\/\"},\"author\":{\"name\":\"@sscc\",\"@id\":\"https:\/\/www.padreeustaquio.com.br\/#\/schema\/person\/a2a51db1d00f1a7af0204a0f1ddb1566\"},\"headline\":\"Creche Padre Eust\u00e1quio faz festa de despedida para alunos do 2\u00ba per\u00edodo\",\"datePublished\":\"2022-12-19T09:37:00+00:00\",\"dateModified\":\"2022-12-19T10:18:47+00:00\",\"mainEntityOfPage\":{\"@id\":\"https:\/\/www.padreeustaquio.com.br\/creche-padre-eustaquio-faz-festa-de-despedida-para-alunos-do-2o-periodo\/\"},\"wordCount\":241,\"commentCount\":0,\"publisher\":{\"@id\":\"https:\/\/www.padreeustaquio.com.br\/#organization\"},\"image\":{\"@id\":\"https:\/\/www.padreeustaquio.com.br\/creche-padre-eustaquio-faz-festa-de-despedida-para-alunos-do-2o-periodo\/#primaryimage\"},\"thumbnailUrl\":\"https:\/\/www.padreeustaquio.com.br\/wp-content\/uploads\/2022\/12\/missa-creche-e1671444936337.jpeg\",\"articleSection\":[\"Not\u00edcias\"],\"inLanguage\":\"es\",\"potentialAction\":[{\"@type\":\"CommentAction\",\"name\":\"Comment\",\"target\":[\"https:\/\/www.padreeustaquio.com.br\/creche-padre-eustaquio-faz-festa-de-despedida-para-alunos-do-2o-periodo\/#respond\"]}]},{\"@type\":\"WebPage\",\"@id\":\"https:\/\/www.padreeustaquio.com.br\/creche-padre-eustaquio-faz-festa-de-despedida-para-alunos-do-2o-periodo\/\",\"url\":\"https:\/\/www.padreeustaquio.com.br\/creche-padre-eustaquio-faz-festa-de-despedida-para-alunos-do-2o-periodo\/\",\"name\":\"Creche Padre Eust\u00e1quio faz festa de despedida para alunos do 2\u00ba per\u00edodo\",\"isPartOf\":{\"@id\":\"https:\/\/www.padreeustaquio.com.br\/#website\"},\"primaryImageOfPage\":{\"@id\":\"https:\/\/www.padreeustaquio.com.br\/creche-padre-eustaquio-faz-festa-de-despedida-para-alunos-do-2o-periodo\/#primaryimage\"},\"image\":{\"@id\":\"https:\/\/www.padreeustaquio.com.br\/creche-padre-eustaquio-faz-festa-de-despedida-para-alunos-do-2o-periodo\/#primaryimage\"},\"thumbnailUrl\":\"https:\/\/www.padreeustaquio.com.br\/wp-content\/uploads\/2022\/12\/missa-creche-e1671444936337.jpeg\",\"datePublished\":\"2022-12-19T09:37:00+00:00\",\"dateModified\":\"2022-12-19T10:18:47+00:00\",\"description\":\"Este fim de semana foi de festa e de saudade para alunos, professores e pais cujos filhos passaram pelos cuidados da Creche Padre Eust\u00e1quio durante os \u00faltimos anos. A despedida come\u00e7ou na sexta-feira com a celebra\u00e7\u00e3o da Santa Missa em agradecimento a Deus pelo encerramento do ciclo escolar.\",\"breadcrumb\":{\"@id\":\"https:\/\/www.padreeustaquio.com.br\/creche-padre-eustaquio-faz-festa-de-despedida-para-alunos-do-2o-periodo\/#breadcrumb\"},\"inLanguage\":\"es\",\"potentialAction\":[{\"@type\":\"ReadAction\",\"target\":[\"https:\/\/www.padreeustaquio.com.br\/creche-padre-eustaquio-faz-festa-de-despedida-para-alunos-do-2o-periodo\/\"]}]},{\"@type\":\"ImageObject\",\"inLanguage\":\"es\",\"@id\":\"https:\/\/www.padreeustaquio.com.br\/creche-padre-eustaquio-faz-festa-de-despedida-para-alunos-do-2o-periodo\/#primaryimage\",\"url\":\"https:\/\/www.padreeustaquio.com.br\/wp-content\/uploads\/2022\/12\/missa-creche-e1671444936337.jpeg\",\"contentUrl\":\"https:\/\/www.padreeustaquio.com.br\/wp-content\/uploads\/2022\/12\/missa-creche-e1671444936337.jpeg\",\"width\":1600,\"height\":920},{\"@type\":\"BreadcrumbList\",\"@id\":\"https:\/\/www.padreeustaquio.com.br\/creche-padre-eustaquio-faz-festa-de-despedida-para-alunos-do-2o-periodo\/#breadcrumb\",\"itemListElement\":[{\"@type\":\"ListItem\",\"position\":1,\"name\":\"In\u00edcio\",\"item\":\"https:\/\/www.padreeustaquio.com.br\/\"},{\"@type\":\"ListItem\",\"position\":2,\"name\":\"Creche Padre Eust\u00e1quio faz festa de despedida para alunos do 2\u00ba per\u00edodo\"}]},{\"@type\":\"WebSite\",\"@id\":\"https:\/\/www.padreeustaquio.com.br\/#website\",\"url\":\"https:\/\/www.padreeustaquio.com.br\/\",\"name\":\"Padre Eust\u00e1quio\",\"description\":\"Sa\u00fade e Paz\",\"publisher\":{\"@id\":\"https:\/\/www.padreeustaquio.com.br\/#organization\"},\"potentialAction\":[{\"@type\":\"SearchAction\",\"target\":{\"@type\":\"EntryPoint\",\"urlTemplate\":\"https:\/\/www.padreeustaquio.com.br\/?s={search_term_string}\"},\"query-input\":{\"@type\":\"PropertyValueSpecification\",\"valueRequired\":true,\"valueName\":\"search_term_string\"}}],\"inLanguage\":\"es\"},{\"@type\":\"Organization\",\"@id\":\"https:\/\/www.padreeustaquio.com.br\/#organization\",\"name\":\"Padre Eust\u00e1quio\",\"url\":\"https:\/\/www.padreeustaquio.com.br\/\",\"logo\":{\"@type\":\"ImageObject\",\"inLanguage\":\"es\",\"@id\":\"https:\/\/www.padreeustaquio.com.br\/#\/schema\/logo\/image\/\",\"url\":\"https:\/\/www.padreeustaquio.com.br\/wp-content\/uploads\/2019\/08\/marca.png\",\"contentUrl\":\"https:\/\/www.padreeustaquio.com.br\/wp-content\/uploads\/2019\/08\/marca.png\",\"width\":350,\"height\":400,\"caption\":\"Padre Eust\u00e1quio\"},\"image\":{\"@id\":\"https:\/\/www.padreeustaquio.com.br\/#\/schema\/logo\/image\/\"},\"sameAs\":[\"https:\/\/www.facebook.com\/beatopadreeustaquio\/\",\"https:\/\/x.com\/beatopeustaquio\",\"https:\/\/www.instagram.com\/beatopadreeustaquio\/\",\"https:\/\/www.youtube.com\/channel\/UCRhw7vfabnajwLxb1ZXMeIw\"]},{\"@type\":\"Person\",\"@id\":\"https:\/\/www.padreeustaquio.com.br\/#\/schema\/person\/a2a51db1d00f1a7af0204a0f1ddb1566\",\"name\":\"@sscc\",\"image\":{\"@type\":\"ImageObject\",\"inLanguage\":\"es\",\"@id\":\"https:\/\/secure.gravatar.com\/avatar\/68cfafa5f44617fea54071e215026e0ff06be366c3d54a8425f04fdcb86f8c5f?s=96&d=mm&r=g\",\"url\":\"https:\/\/secure.gravatar.com\/avatar\/68cfafa5f44617fea54071e215026e0ff06be366c3d54a8425f04fdcb86f8c5f?s=96&d=mm&r=g\",\"contentUrl\":\"https:\/\/secure.gravatar.com\/avatar\/68cfafa5f44617fea54071e215026e0ff06be366c3d54a8425f04fdcb86f8c5f?s=96&d=mm&r=g\",\"caption\":\"@sscc\"},\"url\":\"https:\/\/www.padreeustaquio.com.br\/es\/author\/sscc\/\"}]}<\/script>\n<!-- \/ Yoast SEO plugin. -->","yoast_head_json":{"title":"Centro Infantil Padre Eust\u00e1quio realiza fiesta de despedida a alumnos de segundo a\u00f1o de estudios.","description":"Este fin de semana fue un momento de celebraci\u00f3n y nostalgia para estudiantes, maestros y padres cuyos hijos fueron atendidos en la Guarder\u00eda Padre Eust\u00e1quio durante los \u00faltimos a\u00f1os. La despedida comenz\u00f3 el viernes con la celebraci\u00f3n de la Santa Misa en agradecimiento a Dios por el cierre del a\u00f1o escolar.","robots":{"index":"index","follow":"follow","max-snippet":"max-snippet:-1","max-image-preview":"max-image-preview:large","max-video-preview":"max-video-preview:-1"},"canonical":"https:\/\/www.padreeustaquio.com.br\/es\/guarderia-padre-eustaquio-realiza-fiesta-de-despedida-a-alumnos-del-segundo-periodo\/","og_locale":"es_ES","og_type":"article","og_title":"Creche Padre Eust\u00e1quio faz festa de despedida para alunos do 2\u00ba per\u00edodo","og_description":"Este fim de semana foi de festa e de saudade para alunos, professores e pais cujos filhos passaram pelos cuidados da Creche Padre Eust\u00e1quio durante os \u00faltimos anos. A despedida come\u00e7ou na sexta-feira com a celebra\u00e7\u00e3o da Santa Missa em agradecimento a Deus pelo encerramento do ciclo escolar.","og_url":"https:\/\/www.padreeustaquio.com.br\/es\/guarderia-padre-eustaquio-realiza-fiesta-de-despedida-a-alumnos-del-segundo-periodo\/","og_site_name":"Padre Eust\u00e1quio","article_publisher":"https:\/\/www.facebook.com\/beatopadreeustaquio\/","article_published_time":"2022-12-19T09:37:00+00:00","article_modified_time":"2022-12-19T10:18:47+00:00","og_image":[{"width":1600,"height":920,"url":"https:\/\/www.padreeustaquio.com.br\/wp-content\/uploads\/2022\/12\/missa-creche-e1671444936337.jpeg","type":"image\/jpeg"}],"author":"@sscc","twitter_card":"summary_large_image","twitter_creator":"@beatopeustaquio","twitter_site":"@beatopeustaquio","twitter_misc":{"Escrito por":"@sscc","Tiempo de lectura":"2 minutos"},"schema":{"@context":"https:\/\/schema.org","@graph":[{"@type":"Article","@id":"https:\/\/www.padreeustaquio.com.br\/creche-padre-eustaquio-faz-festa-de-despedida-para-alunos-do-2o-periodo\/#article","isPartOf":{"@id":"https:\/\/www.padreeustaquio.com.br\/creche-padre-eustaquio-faz-festa-de-despedida-para-alunos-do-2o-periodo\/"},"author":{"name":"@sscc","@id":"https:\/\/www.padreeustaquio.com.br\/#\/schema\/person\/a2a51db1d00f1a7af0204a0f1ddb1566"},"headline":"Creche Padre Eust\u00e1quio faz festa de despedida para alunos do 2\u00ba per\u00edodo","datePublished":"2022-12-19T09:37:00+00:00","dateModified":"2022-12-19T10:18:47+00:00","mainEntityOfPage":{"@id":"https:\/\/www.padreeustaquio.com.br\/creche-padre-eustaquio-faz-festa-de-despedida-para-alunos-do-2o-periodo\/"},"wordCount":241,"commentCount":0,"publisher":{"@id":"https:\/\/www.padreeustaquio.com.br\/#organization"},"image":{"@id":"https:\/\/www.padreeustaquio.com.br\/creche-padre-eustaquio-faz-festa-de-despedida-para-alunos-do-2o-periodo\/#primaryimage"},"thumbnailUrl":"https:\/\/www.padreeustaquio.com.br\/wp-content\/uploads\/2022\/12\/missa-creche-e1671444936337.jpeg","articleSection":["Not\u00edcias"],"inLanguage":"es","potentialAction":[{"@type":"CommentAction","name":"Comment","target":["https:\/\/www.padreeustaquio.com.br\/creche-padre-eustaquio-faz-festa-de-despedida-para-alunos-do-2o-periodo\/#respond"]}]},{"@type":"WebPage","@id":"https:\/\/www.padreeustaquio.com.br\/creche-padre-eustaquio-faz-festa-de-despedida-para-alunos-do-2o-periodo\/","url":"https:\/\/www.padreeustaquio.com.br\/creche-padre-eustaquio-faz-festa-de-despedida-para-alunos-do-2o-periodo\/","name":"Centro Infantil Padre Eust\u00e1quio realiza fiesta de despedida a alumnos de segundo a\u00f1o de estudios.","isPartOf":{"@id":"https:\/\/www.padreeustaquio.com.br\/#website"},"primaryImageOfPage":{"@id":"https:\/\/www.padreeustaquio.com.br\/creche-padre-eustaquio-faz-festa-de-despedida-para-alunos-do-2o-periodo\/#primaryimage"},"image":{"@id":"https:\/\/www.padreeustaquio.com.br\/creche-padre-eustaquio-faz-festa-de-despedida-para-alunos-do-2o-periodo\/#primaryimage"},"thumbnailUrl":"https:\/\/www.padreeustaquio.com.br\/wp-content\/uploads\/2022\/12\/missa-creche-e1671444936337.jpeg","datePublished":"2022-12-19T09:37:00+00:00","dateModified":"2022-12-19T10:18:47+00:00","description":"Este fin de semana fue un momento de celebraci\u00f3n y nostalgia para estudiantes, maestros y padres cuyos hijos fueron atendidos en la Guarder\u00eda Padre Eust\u00e1quio durante los \u00faltimos a\u00f1os. La despedida comenz\u00f3 el viernes con la celebraci\u00f3n de la Santa Misa en agradecimiento a Dios por el cierre del a\u00f1o escolar.","breadcrumb":{"@id":"https:\/\/www.padreeustaquio.com.br\/creche-padre-eustaquio-faz-festa-de-despedida-para-alunos-do-2o-periodo\/#breadcrumb"},"inLanguage":"es","potentialAction":[{"@type":"ReadAction","target":["https:\/\/www.padreeustaquio.com.br\/creche-padre-eustaquio-faz-festa-de-despedida-para-alunos-do-2o-periodo\/"]}]},{"@type":"ImageObject","inLanguage":"es","@id":"https:\/\/www.padreeustaquio.com.br\/creche-padre-eustaquio-faz-festa-de-despedida-para-alunos-do-2o-periodo\/#primaryimage","url":"https:\/\/www.padreeustaquio.com.br\/wp-content\/uploads\/2022\/12\/missa-creche-e1671444936337.jpeg","contentUrl":"https:\/\/www.padreeustaquio.com.br\/wp-content\/uploads\/2022\/12\/missa-creche-e1671444936337.jpeg","width":1600,"height":920},{"@type":"BreadcrumbList","@id":"https:\/\/www.padreeustaquio.com.br\/creche-padre-eustaquio-faz-festa-de-despedida-para-alunos-do-2o-periodo\/#breadcrumb","itemListElement":[{"@type":"ListItem","position":1,"name":"In\u00edcio","item":"https:\/\/www.padreeustaquio.com.br\/"},{"@type":"ListItem","position":2,"name":"Creche Padre Eust\u00e1quio faz festa de despedida para alunos do 2\u00ba per\u00edodo"}]},{"@type":"WebSite","@id":"https:\/\/www.padreeustaquio.com.br\/#website","url":"https:\/\/www.padreeustaquio.com.br\/","name":"Padre Eustace","description":"Salud y Paz","publisher":{"@id":"https:\/\/www.padreeustaquio.com.br\/#organization"},"potentialAction":[{"@type":"SearchAction","target":{"@type":"EntryPoint","urlTemplate":"https:\/\/www.padreeustaquio.com.br\/?s={search_term_string}"},"query-input":{"@type":"PropertyValueSpecification","valueRequired":true,"valueName":"search_term_string"}}],"inLanguage":"es"},{"@type":"Organization","@id":"https:\/\/www.padreeustaquio.com.br\/#organization","name":"Padre Eustace","url":"https:\/\/www.padreeustaquio.com.br\/","logo":{"@type":"ImageObject","inLanguage":"es","@id":"https:\/\/www.padreeustaquio.com.br\/#\/schema\/logo\/image\/","url":"https:\/\/www.padreeustaquio.com.br\/wp-content\/uploads\/2019\/08\/marca.png","contentUrl":"https:\/\/www.padreeustaquio.com.br\/wp-content\/uploads\/2019\/08\/marca.png","width":350,"height":400,"caption":"Padre Eust\u00e1quio"},"image":{"@id":"https:\/\/www.padreeustaquio.com.br\/#\/schema\/logo\/image\/"},"sameAs":["https:\/\/www.facebook.com\/beatopadreeustaquio\/","https:\/\/x.com\/beatopeustaquio","https:\/\/www.instagram.com\/beatopadreeustaquio\/","https:\/\/www.youtube.com\/channel\/UCRhw7vfabnajwLxb1ZXMeIw"]},{"@type":"Person","@id":"https:\/\/www.padreeustaquio.com.br\/#\/schema\/person\/a2a51db1d00f1a7af0204a0f1ddb1566","name":"@sscc","image":{"@type":"ImageObject","inLanguage":"es","@id":"https:\/\/secure.gravatar.com\/avatar\/68cfafa5f44617fea54071e215026e0ff06be366c3d54a8425f04fdcb86f8c5f?s=96&d=mm&r=g","url":"https:\/\/secure.gravatar.com\/avatar\/68cfafa5f44617fea54071e215026e0ff06be366c3d54a8425f04fdcb86f8c5f?s=96&d=mm&r=g","contentUrl":"https:\/\/secure.gravatar.com\/avatar\/68cfafa5f44617fea54071e215026e0ff06be366c3d54a8425f04fdcb86f8c5f?s=96&d=mm&r=g","caption":"@sscc"},"url":"https:\/\/www.padreeustaquio.com.br\/es\/author\/sscc\/"}]}},"_links":{"self":[{"href":"https:\/\/www.padreeustaquio.com.br\/es\/wp-json\/wp\/v2\/posts\/9656","targetHints":{"allow":["GET"]}}],"collection":[{"href":"https:\/\/www.padreeustaquio.com.br\/es\/wp-json\/wp\/v2\/posts"}],"about":[{"href":"https:\/\/www.padreeustaquio.com.br\/es\/wp-json\/wp\/v2\/types\/post"}],"author":[{"embeddable":true,"href":"https:\/\/www.padreeustaquio.com.br\/es\/wp-json\/wp\/v2\/users\/2"}],"replies":[{"embeddable":true,"href":"https:\/\/www.padreeustaquio.com.br\/es\/wp-json\/wp\/v2\/comments?post=9656"}],"version-history":[{"count":0,"href":"https:\/\/www.padreeustaquio.com.br\/es\/wp-json\/wp\/v2\/posts\/9656\/revisions"}],"wp:featuredmedia":[{"embeddable":true,"href":"https:\/\/www.padreeustaquio.com.br\/es\/wp-json\/wp\/v2\/media\/9674"}],"wp:attachment":[{"href":"https:\/\/www.padreeustaquio.com.br\/es\/wp-json\/wp\/v2\/media?parent=9656"}],"wp:term":[{"taxonomy":"category","embeddable":true,"href":"https:\/\/www.padreeustaquio.com.br\/es\/wp-json\/wp\/v2\/categories?post=9656"},{"taxonomy":"post_tag","embeddable":true,"href":"https:\/\/www.padreeustaquio.com.br\/es\/wp-json\/wp\/v2\/tags?post=9656"}],"curies":[{"name":"wp","href":"https:\/\/api.w.org\/{rel}","templated":true}]}}