{"id":9648,"date":"2022-12-22T05:59:00","date_gmt":"2022-12-22T08:59:00","guid":{"rendered":"https:\/\/www.padreeustaquio.com.br\/?p=9648"},"modified":"2022-12-19T07:32:00","modified_gmt":"2022-12-19T10:32:00","slug":"descubre-la-historia-de-san-nicolas-el-verdadero-papa-noel","status":"publish","type":"post","link":"https:\/\/www.padreeustaquio.com.br\/es\/descubre-la-historia-de-san-nicolas-el-verdadero-papa-noel\/","title":{"rendered":"Descubre la historia de San Nicol\u00e1s, el verdadero Pap\u00e1 Noel."},"content":{"rendered":"<p>Durante todo el mes de diciembre, nuestro Santuario de Salud y Paz ha celebrado la Navidad, resaltando el verdadero significado de la Navidad: la celebraci\u00f3n de la venida de Jes\u00fas. Durante este tiempo, el caf\u00e9 que se sirve los domingos por la ma\u00f1ana ha adquirido un toque especial con m\u00fasica navide\u00f1a y dulces para los ni\u00f1os. Un amplio programa tambi\u00e9n invita a los peregrinos a sumergirse en el esp\u00edritu navide\u00f1o, como la Cantata y el Concierto de Navidad celebrados en las \u00faltimas semanas.<\/p>\n\n\n<div class=\"wp-block-image\">\n<figure class=\"alignleft size-medium is-resized\"><img fetchpriority=\"high\" decoding=\"async\" src=\"https:\/\/www.padreeustaquio.com.br\/wp-content\/uploads\/2022\/12\/barraca-de-sao-nicolau-254x300.jpeg\" alt=\"\" class=\"wp-image-9650\" width=\"285\" height=\"337\" srcset=\"https:\/\/www.padreeustaquio.com.br\/wp-content\/uploads\/2022\/12\/barraca-de-sao-nicolau-254x300.jpeg 254w, https:\/\/www.padreeustaquio.com.br\/wp-content\/uploads\/2022\/12\/barraca-de-sao-nicolau-866x1024.jpeg 866w, https:\/\/www.padreeustaquio.com.br\/wp-content\/uploads\/2022\/12\/barraca-de-sao-nicolau-768x908.jpeg 768w, https:\/\/www.padreeustaquio.com.br\/wp-content\/uploads\/2022\/12\/barraca-de-sao-nicolau.jpeg 1083w\" sizes=\"(max-width: 285px) 100vw, 285px\" \/><figcaption class=\"wp-element-caption\">La carpa de San Nicol\u00e1s en la iglesia del Padre Eustace<\/figcaption><\/figure>\n<\/div>\n\n\n<p>Pero una figura muy llamativa, que atrae la atenci\u00f3n de los ni\u00f1os e impulsa considerablemente el comercio durante esta Navidad, es Pap\u00e1 Noel. Pero \u00bfexisti\u00f3 realmente este personaje? \u00bfQui\u00e9n es el verdadero &quot;Buen Viejo&quot;?<\/p>\n\n\n\n<p>Aunque no lo creas\u2026 \u00a1Pap\u00e1 Noel existe y vive en el Cielo! Es un santo de la Iglesia Cat\u00f3lica: San Nicol\u00e1s. Aparece en Navidad porque el D\u00eda de San Nicol\u00e1s est\u00e1 muy cerca de la fecha: el 6 de diciembre. La tradici\u00f3n de que los ni\u00f1os recibieran regalos y dulces el D\u00eda de San Nicol\u00e1s comenz\u00f3 en Alemania, pero pronto se extendi\u00f3 por toda Europa. Esto se debe a que el obispo Nicol\u00e1s era conocido por pedir juguetes y distribuirlos a ni\u00f1os necesitados en Turqu\u00eda, donde naci\u00f3, vivi\u00f3 su misi\u00f3n sacerdotal y muri\u00f3.<\/p>\n\n\n\n<p><strong>\u00bfC\u00f3mo se convirti\u00f3 Nicol\u00e1s en Pap\u00e1 Noel?<\/strong><\/p>\n\n\n\n<p>Fue en Estados Unidos, en 1822. Un maestro neoyorquino, Clement Clark Moore, escribi\u00f3 un cuento en forma de poema para sus hijos titulado &quot;Una visita de San Nicol\u00e1s&quot;. En este poema, invent\u00f3 que Nicol\u00e1s viajaba en un trineo tirado por renos, entraba por la chimenea, etc. Y, como en Estados Unidos la mayor\u00eda de la poblaci\u00f3n era protestante, los comercios no vend\u00edan dulces ni juguetes en Navidad como s\u00ed lo hac\u00edan en Europa el d\u00eda de San Nicol\u00e1s. As\u00ed que se les ocurri\u00f3 difundir la historia del poema de Thomas Nast y convertirla en una leyenda donde un amable anciano, due\u00f1o de una f\u00e1brica de regalos en el Polo Norte, repart\u00eda regalos a los ni\u00f1os en Navidad para que los padres compraran regalos y no decepcionaran a sus hijos.<\/p>\n\n\n<div class=\"wp-block-image\">\n<figure class=\"alignright size-medium is-resized\"><img decoding=\"async\" src=\"https:\/\/www.padreeustaquio.com.br\/wp-content\/uploads\/2022\/12\/Sao-Nicolau-e-as-criancas-300x200.jpg\" alt=\"\" class=\"wp-image-9651\" width=\"350\" height=\"233\" srcset=\"https:\/\/www.padreeustaquio.com.br\/wp-content\/uploads\/2022\/12\/Sao-Nicolau-e-as-criancas-300x200.jpg 300w, https:\/\/www.padreeustaquio.com.br\/wp-content\/uploads\/2022\/12\/Sao-Nicolau-e-as-criancas-768x512.jpg 768w, https:\/\/www.padreeustaquio.com.br\/wp-content\/uploads\/2022\/12\/Sao-Nicolau-e-as-criancas.jpg 799w\" sizes=\"(max-width: 350px) 100vw, 350px\" \/><figcaption class=\"wp-element-caption\">Imagen: Portal de Misiones<\/figcaption><\/figure>\n<\/div>\n\n\n<p>No habr\u00eda quedado bien que un Pap\u00e1 Noel estadounidense anduviera vestido de santo cat\u00f3lico. As\u00ed que, para una edici\u00f3n especial navide\u00f1a de una revista, el caricaturista Thomas Nast, en 1886, aprovech\u00f3 la figura regordeta, de barba blanca y t\u00fanica roja de un obispo, pero cambi\u00f3 su h\u00e1bito episcopal por uno m\u00e1s abrigado, con buenas botas y pieles para caminar en la nieve. Pero incluso hoy en d\u00eda en Europa, los ni\u00f1os celebran a San Nicol\u00e1s: visten las vestimentas eclesi\u00e1sticas de un obispo, pero en lugar de un birrete rojo, llevan una mitra episcopal.<\/p>\n\n\n\n<p>Noel se refiere a la palabra &quot;Navidad&quot;. Pero en cada parte del mundo se le llama con un nombre diferente. <\/p>\n\n\n\n<p>Ahora que sabemos todo sobre el verdadero Pap\u00e1 Noel, podemos usar la figura de &quot;Pap\u00e1 Noel&quot; en nuestras decoraciones navide\u00f1as, con la certeza de que San Nicol\u00e1s estar\u00e1 representado. San Nicol\u00e1s, o Santa Claus como lo llamamos, representa la bondad, la caridad y compartir nuestra felicidad a trav\u00e9s de regalos por el nacimiento del Ni\u00f1o Jes\u00fas. Solo pierde su significado cuando la gente olvida al cumplea\u00f1ero... Porque Nicol\u00e1s es amigo de Jes\u00fas, y Jes\u00fas es el verdadero due\u00f1o de la celebraci\u00f3n.<\/p>\n\n\n\n<p><\/p>\n\n\n\n<p><em>*con informaci\u00f3n de blog.cancaonova.com.br<\/em><\/p>\n\n\n\n<p><\/p>","protected":false},"excerpt":{"rendered":"<p>Durante todo o m\u00eas de dezembro, nosso Santu\u00e1rio da Sa\u00fade e da Paz tem celebrado o per\u00edodo natalino, ressaltando o verdadeiro sentido do Natal, a celebra\u00e7\u00e3o da vinda de Jesus. Neste tempo, os cafezinhos servidos aos domingos pela manh\u00e3, ganharam um toque diferente com m\u00fasicas natalinas e guloseimas para as crian\u00e7as. Uma vasta programa\u00e7\u00e3o tamb\u00e9m convida os peregrinos a entrarem no clima, como a Cantata e o Concerto de Natal realizados nas \u00faltimas semanas. Mas, uma figura muito chamativa, atrai os olhares das crian\u00e7as e movimenta o com\u00e9rcio de uma forma bastante ampla neste per\u00edodo natalino, \u00e9 o Papai Noel. [&hellip;]<\/p>\n","protected":false},"author":2,"featured_media":9649,"comment_status":"open","ping_status":"closed","sticky":false,"template":"","format":"standard","meta":{"_acf_changed":false,"footnotes":""},"categories":[611],"tags":[],"class_list":["post-9648","post","type-post","status-publish","format-standard","has-post-thumbnail","hentry","category-noticias"],"acf":[],"yoast_head":"<!-- This site is optimized with the Yoast SEO plugin v27.2 - https:\/\/yoast.com\/product\/yoast-seo-wordpress\/ -->\n<title>Conhe\u00e7a a hist\u00f3ria de S\u00e3o Nicolau o verdadeiro Papai Noel<\/title>\n<meta name=\"description\" content=\"Durante todo o m\u00eas de dezembro, nosso Santu\u00e1rio da Sa\u00fade e da Paz tem celebrado o per\u00edodo natalino, ressaltando o verdadeiro sentido do Natal, a celebra\u00e7\u00e3o da vinda de Jesus.Mas, uma figura muito chamativa, atrai os olhares das crian\u00e7as e movimenta o com\u00e9rcio de uma forma bastante ampla neste per\u00edodo natalino, \u00e9 o Papai Noel. Mas, este personagem realmente existiu? Quem \u00e9 o verdadeiro &quot;Bom Velhinho&quot;?\" \/>\n<meta name=\"robots\" content=\"index, follow, max-snippet:-1, max-image-preview:large, max-video-preview:-1\" \/>\n<link rel=\"canonical\" href=\"https:\/\/www.padreeustaquio.com.br\/es\/descubre-la-historia-de-san-nicolas-el-verdadero-papa-noel\/\" \/>\n<meta property=\"og:locale\" content=\"es_ES\" \/>\n<meta property=\"og:type\" content=\"article\" \/>\n<meta property=\"og:title\" content=\"Conhe\u00e7a a hist\u00f3ria de S\u00e3o Nicolau o verdadeiro Papai Noel\" \/>\n<meta property=\"og:description\" content=\"Durante todo o m\u00eas de dezembro, nosso Santu\u00e1rio da Sa\u00fade e da Paz tem celebrado o per\u00edodo natalino, ressaltando o verdadeiro sentido do Natal, a celebra\u00e7\u00e3o da vinda de Jesus.Mas, uma figura muito chamativa, atrai os olhares das crian\u00e7as e movimenta o com\u00e9rcio de uma forma bastante ampla neste per\u00edodo natalino, \u00e9 o Papai Noel. Mas, este personagem realmente existiu? Quem \u00e9 o verdadeiro &quot;Bom Velhinho&quot;?\" \/>\n<meta property=\"og:url\" content=\"https:\/\/www.padreeustaquio.com.br\/es\/descubre-la-historia-de-san-nicolas-el-verdadero-papa-noel\/\" \/>\n<meta property=\"og:site_name\" content=\"Padre Eust\u00e1quio\" \/>\n<meta property=\"article:publisher\" content=\"https:\/\/www.facebook.com\/beatopadreeustaquio\/\" \/>\n<meta property=\"article:published_time\" content=\"2022-12-22T08:59:00+00:00\" \/>\n<meta property=\"og:image\" content=\"https:\/\/www.padreeustaquio.com.br\/wp-content\/uploads\/2022\/12\/sao-nicolau.jpg\" \/>\n\t<meta property=\"og:image:width\" content=\"799\" \/>\n\t<meta property=\"og:image:height\" content=\"418\" \/>\n\t<meta property=\"og:image:type\" content=\"image\/jpeg\" \/>\n<meta name=\"author\" content=\"@sscc\" \/>\n<meta name=\"twitter:card\" content=\"summary_large_image\" \/>\n<meta name=\"twitter:image\" content=\"https:\/\/www.padreeustaquio.com.br\/wp-content\/uploads\/2022\/12\/sao-nicolau.jpg\" \/>\n<meta name=\"twitter:creator\" content=\"@beatopeustaquio\" \/>\n<meta name=\"twitter:site\" content=\"@beatopeustaquio\" \/>\n<meta name=\"twitter:label1\" content=\"Escrito por\" \/>\n\t<meta name=\"twitter:data1\" content=\"@sscc\" \/>\n\t<meta name=\"twitter:label2\" content=\"Tiempo de lectura\" \/>\n\t<meta name=\"twitter:data2\" content=\"3 minutos\" \/>\n<script type=\"application\/ld+json\" class=\"yoast-schema-graph\">{\"@context\":\"https:\/\/schema.org\",\"@graph\":[{\"@type\":\"Article\",\"@id\":\"https:\/\/www.padreeustaquio.com.br\/conheca-a-historia-de-sao-nicolau-o-verdadeiro-papai-noel\/#article\",\"isPartOf\":{\"@id\":\"https:\/\/www.padreeustaquio.com.br\/conheca-a-historia-de-sao-nicolau-o-verdadeiro-papai-noel\/\"},\"author\":{\"name\":\"@sscc\",\"@id\":\"https:\/\/www.padreeustaquio.com.br\/#\/schema\/person\/a2a51db1d00f1a7af0204a0f1ddb1566\"},\"headline\":\"Conhe\u00e7a a hist\u00f3ria de S\u00e3o Nicolau o verdadeiro Papai Noel\",\"datePublished\":\"2022-12-22T08:59:00+00:00\",\"mainEntityOfPage\":{\"@id\":\"https:\/\/www.padreeustaquio.com.br\/conheca-a-historia-de-sao-nicolau-o-verdadeiro-papai-noel\/\"},\"wordCount\":594,\"commentCount\":0,\"publisher\":{\"@id\":\"https:\/\/www.padreeustaquio.com.br\/#organization\"},\"image\":{\"@id\":\"https:\/\/www.padreeustaquio.com.br\/conheca-a-historia-de-sao-nicolau-o-verdadeiro-papai-noel\/#primaryimage\"},\"thumbnailUrl\":\"https:\/\/www.padreeustaquio.com.br\/wp-content\/uploads\/2022\/12\/sao-nicolau.jpg\",\"articleSection\":[\"Not\u00edcias\"],\"inLanguage\":\"es\",\"potentialAction\":[{\"@type\":\"CommentAction\",\"name\":\"Comment\",\"target\":[\"https:\/\/www.padreeustaquio.com.br\/conheca-a-historia-de-sao-nicolau-o-verdadeiro-papai-noel\/#respond\"]}]},{\"@type\":\"WebPage\",\"@id\":\"https:\/\/www.padreeustaquio.com.br\/conheca-a-historia-de-sao-nicolau-o-verdadeiro-papai-noel\/\",\"url\":\"https:\/\/www.padreeustaquio.com.br\/conheca-a-historia-de-sao-nicolau-o-verdadeiro-papai-noel\/\",\"name\":\"Conhe\u00e7a a hist\u00f3ria de S\u00e3o Nicolau o verdadeiro Papai Noel\",\"isPartOf\":{\"@id\":\"https:\/\/www.padreeustaquio.com.br\/#website\"},\"primaryImageOfPage\":{\"@id\":\"https:\/\/www.padreeustaquio.com.br\/conheca-a-historia-de-sao-nicolau-o-verdadeiro-papai-noel\/#primaryimage\"},\"image\":{\"@id\":\"https:\/\/www.padreeustaquio.com.br\/conheca-a-historia-de-sao-nicolau-o-verdadeiro-papai-noel\/#primaryimage\"},\"thumbnailUrl\":\"https:\/\/www.padreeustaquio.com.br\/wp-content\/uploads\/2022\/12\/sao-nicolau.jpg\",\"datePublished\":\"2022-12-22T08:59:00+00:00\",\"description\":\"Durante todo o m\u00eas de dezembro, nosso Santu\u00e1rio da Sa\u00fade e da Paz tem celebrado o per\u00edodo natalino, ressaltando o verdadeiro sentido do Natal, a celebra\u00e7\u00e3o da vinda de Jesus.Mas, uma figura muito chamativa, atrai os olhares das crian\u00e7as e movimenta o com\u00e9rcio de uma forma bastante ampla neste per\u00edodo natalino, \u00e9 o Papai Noel. Mas, este personagem realmente existiu? Quem \u00e9 o verdadeiro \\\"Bom Velhinho\\\"?\",\"breadcrumb\":{\"@id\":\"https:\/\/www.padreeustaquio.com.br\/conheca-a-historia-de-sao-nicolau-o-verdadeiro-papai-noel\/#breadcrumb\"},\"inLanguage\":\"es\",\"potentialAction\":[{\"@type\":\"ReadAction\",\"target\":[\"https:\/\/www.padreeustaquio.com.br\/conheca-a-historia-de-sao-nicolau-o-verdadeiro-papai-noel\/\"]}]},{\"@type\":\"ImageObject\",\"inLanguage\":\"es\",\"@id\":\"https:\/\/www.padreeustaquio.com.br\/conheca-a-historia-de-sao-nicolau-o-verdadeiro-papai-noel\/#primaryimage\",\"url\":\"https:\/\/www.padreeustaquio.com.br\/wp-content\/uploads\/2022\/12\/sao-nicolau.jpg\",\"contentUrl\":\"https:\/\/www.padreeustaquio.com.br\/wp-content\/uploads\/2022\/12\/sao-nicolau.jpg\",\"width\":799,\"height\":418,\"caption\":\"Imagem: Portal das Miss\u00f5es\"},{\"@type\":\"BreadcrumbList\",\"@id\":\"https:\/\/www.padreeustaquio.com.br\/conheca-a-historia-de-sao-nicolau-o-verdadeiro-papai-noel\/#breadcrumb\",\"itemListElement\":[{\"@type\":\"ListItem\",\"position\":1,\"name\":\"In\u00edcio\",\"item\":\"https:\/\/www.padreeustaquio.com.br\/\"},{\"@type\":\"ListItem\",\"position\":2,\"name\":\"Conhe\u00e7a a hist\u00f3ria de S\u00e3o Nicolau o verdadeiro Papai Noel\"}]},{\"@type\":\"WebSite\",\"@id\":\"https:\/\/www.padreeustaquio.com.br\/#website\",\"url\":\"https:\/\/www.padreeustaquio.com.br\/\",\"name\":\"Padre Eust\u00e1quio\",\"description\":\"Sa\u00fade e Paz\",\"publisher\":{\"@id\":\"https:\/\/www.padreeustaquio.com.br\/#organization\"},\"potentialAction\":[{\"@type\":\"SearchAction\",\"target\":{\"@type\":\"EntryPoint\",\"urlTemplate\":\"https:\/\/www.padreeustaquio.com.br\/?s={search_term_string}\"},\"query-input\":{\"@type\":\"PropertyValueSpecification\",\"valueRequired\":true,\"valueName\":\"search_term_string\"}}],\"inLanguage\":\"es\"},{\"@type\":\"Organization\",\"@id\":\"https:\/\/www.padreeustaquio.com.br\/#organization\",\"name\":\"Padre Eust\u00e1quio\",\"url\":\"https:\/\/www.padreeustaquio.com.br\/\",\"logo\":{\"@type\":\"ImageObject\",\"inLanguage\":\"es\",\"@id\":\"https:\/\/www.padreeustaquio.com.br\/#\/schema\/logo\/image\/\",\"url\":\"https:\/\/www.padreeustaquio.com.br\/wp-content\/uploads\/2019\/08\/marca.png\",\"contentUrl\":\"https:\/\/www.padreeustaquio.com.br\/wp-content\/uploads\/2019\/08\/marca.png\",\"width\":350,\"height\":400,\"caption\":\"Padre Eust\u00e1quio\"},\"image\":{\"@id\":\"https:\/\/www.padreeustaquio.com.br\/#\/schema\/logo\/image\/\"},\"sameAs\":[\"https:\/\/www.facebook.com\/beatopadreeustaquio\/\",\"https:\/\/x.com\/beatopeustaquio\",\"https:\/\/www.instagram.com\/beatopadreeustaquio\/\",\"https:\/\/www.youtube.com\/channel\/UCRhw7vfabnajwLxb1ZXMeIw\"]},{\"@type\":\"Person\",\"@id\":\"https:\/\/www.padreeustaquio.com.br\/#\/schema\/person\/a2a51db1d00f1a7af0204a0f1ddb1566\",\"name\":\"@sscc\",\"image\":{\"@type\":\"ImageObject\",\"inLanguage\":\"es\",\"@id\":\"https:\/\/secure.gravatar.com\/avatar\/68cfafa5f44617fea54071e215026e0ff06be366c3d54a8425f04fdcb86f8c5f?s=96&d=mm&r=g\",\"url\":\"https:\/\/secure.gravatar.com\/avatar\/68cfafa5f44617fea54071e215026e0ff06be366c3d54a8425f04fdcb86f8c5f?s=96&d=mm&r=g\",\"contentUrl\":\"https:\/\/secure.gravatar.com\/avatar\/68cfafa5f44617fea54071e215026e0ff06be366c3d54a8425f04fdcb86f8c5f?s=96&d=mm&r=g\",\"caption\":\"@sscc\"},\"url\":\"https:\/\/www.padreeustaquio.com.br\/es\/author\/sscc\/\"}]}<\/script>\n<!-- \/ Yoast SEO plugin. -->","yoast_head_json":{"title":"Descubre la historia de San Nicol\u00e1s, el verdadero Pap\u00e1 Noel.","description":"Durante todo el mes de diciembre, nuestro Santuario de Salud y Paz ha celebrado la Navidad, resaltando el verdadero significado de la Navidad: la celebraci\u00f3n de la llegada de Jes\u00fas. Pero una figura muy llamativa atrae la atenci\u00f3n de los ni\u00f1os y dinamiza significativamente el comercio durante estas fechas: Pap\u00e1 Noel. Pero \u00bfexisti\u00f3 realmente este personaje? \u00bfQui\u00e9n es el verdadero &quot;Buen Viejo&quot;?","robots":{"index":"index","follow":"follow","max-snippet":"max-snippet:-1","max-image-preview":"max-image-preview:large","max-video-preview":"max-video-preview:-1"},"canonical":"https:\/\/www.padreeustaquio.com.br\/es\/descubre-la-historia-de-san-nicolas-el-verdadero-papa-noel\/","og_locale":"es_ES","og_type":"article","og_title":"Conhe\u00e7a a hist\u00f3ria de S\u00e3o Nicolau o verdadeiro Papai Noel","og_description":"Durante todo o m\u00eas de dezembro, nosso Santu\u00e1rio da Sa\u00fade e da Paz tem celebrado o per\u00edodo natalino, ressaltando o verdadeiro sentido do Natal, a celebra\u00e7\u00e3o da vinda de Jesus.Mas, uma figura muito chamativa, atrai os olhares das crian\u00e7as e movimenta o com\u00e9rcio de uma forma bastante ampla neste per\u00edodo natalino, \u00e9 o Papai Noel. Mas, este personagem realmente existiu? Quem \u00e9 o verdadeiro \"Bom Velhinho\"?","og_url":"https:\/\/www.padreeustaquio.com.br\/es\/descubre-la-historia-de-san-nicolas-el-verdadero-papa-noel\/","og_site_name":"Padre Eust\u00e1quio","article_publisher":"https:\/\/www.facebook.com\/beatopadreeustaquio\/","article_published_time":"2022-12-22T08:59:00+00:00","og_image":[{"width":799,"height":418,"url":"https:\/\/www.padreeustaquio.com.br\/wp-content\/uploads\/2022\/12\/sao-nicolau.jpg","type":"image\/jpeg"}],"author":"@sscc","twitter_card":"summary_large_image","twitter_image":"https:\/\/www.padreeustaquio.com.br\/wp-content\/uploads\/2022\/12\/sao-nicolau.jpg","twitter_creator":"@beatopeustaquio","twitter_site":"@beatopeustaquio","twitter_misc":{"Escrito por":"@sscc","Tiempo de lectura":"3 minutos"},"schema":{"@context":"https:\/\/schema.org","@graph":[{"@type":"Article","@id":"https:\/\/www.padreeustaquio.com.br\/conheca-a-historia-de-sao-nicolau-o-verdadeiro-papai-noel\/#article","isPartOf":{"@id":"https:\/\/www.padreeustaquio.com.br\/conheca-a-historia-de-sao-nicolau-o-verdadeiro-papai-noel\/"},"author":{"name":"@sscc","@id":"https:\/\/www.padreeustaquio.com.br\/#\/schema\/person\/a2a51db1d00f1a7af0204a0f1ddb1566"},"headline":"Conhe\u00e7a a hist\u00f3ria de S\u00e3o Nicolau o verdadeiro Papai Noel","datePublished":"2022-12-22T08:59:00+00:00","mainEntityOfPage":{"@id":"https:\/\/www.padreeustaquio.com.br\/conheca-a-historia-de-sao-nicolau-o-verdadeiro-papai-noel\/"},"wordCount":594,"commentCount":0,"publisher":{"@id":"https:\/\/www.padreeustaquio.com.br\/#organization"},"image":{"@id":"https:\/\/www.padreeustaquio.com.br\/conheca-a-historia-de-sao-nicolau-o-verdadeiro-papai-noel\/#primaryimage"},"thumbnailUrl":"https:\/\/www.padreeustaquio.com.br\/wp-content\/uploads\/2022\/12\/sao-nicolau.jpg","articleSection":["Not\u00edcias"],"inLanguage":"es","potentialAction":[{"@type":"CommentAction","name":"Comment","target":["https:\/\/www.padreeustaquio.com.br\/conheca-a-historia-de-sao-nicolau-o-verdadeiro-papai-noel\/#respond"]}]},{"@type":"WebPage","@id":"https:\/\/www.padreeustaquio.com.br\/conheca-a-historia-de-sao-nicolau-o-verdadeiro-papai-noel\/","url":"https:\/\/www.padreeustaquio.com.br\/conheca-a-historia-de-sao-nicolau-o-verdadeiro-papai-noel\/","name":"Descubre la historia de San Nicol\u00e1s, el verdadero Pap\u00e1 Noel.","isPartOf":{"@id":"https:\/\/www.padreeustaquio.com.br\/#website"},"primaryImageOfPage":{"@id":"https:\/\/www.padreeustaquio.com.br\/conheca-a-historia-de-sao-nicolau-o-verdadeiro-papai-noel\/#primaryimage"},"image":{"@id":"https:\/\/www.padreeustaquio.com.br\/conheca-a-historia-de-sao-nicolau-o-verdadeiro-papai-noel\/#primaryimage"},"thumbnailUrl":"https:\/\/www.padreeustaquio.com.br\/wp-content\/uploads\/2022\/12\/sao-nicolau.jpg","datePublished":"2022-12-22T08:59:00+00:00","description":"Durante todo el mes de diciembre, nuestro Santuario de Salud y Paz ha celebrado la Navidad, resaltando el verdadero significado de la Navidad: la celebraci\u00f3n de la llegada de Jes\u00fas. Pero una figura muy llamativa atrae la atenci\u00f3n de los ni\u00f1os y dinamiza significativamente el comercio durante estas fechas: Pap\u00e1 Noel. Pero \u00bfexisti\u00f3 realmente este personaje? \u00bfQui\u00e9n es el verdadero &quot;Buen Viejo&quot;?","breadcrumb":{"@id":"https:\/\/www.padreeustaquio.com.br\/conheca-a-historia-de-sao-nicolau-o-verdadeiro-papai-noel\/#breadcrumb"},"inLanguage":"es","potentialAction":[{"@type":"ReadAction","target":["https:\/\/www.padreeustaquio.com.br\/conheca-a-historia-de-sao-nicolau-o-verdadeiro-papai-noel\/"]}]},{"@type":"ImageObject","inLanguage":"es","@id":"https:\/\/www.padreeustaquio.com.br\/conheca-a-historia-de-sao-nicolau-o-verdadeiro-papai-noel\/#primaryimage","url":"https:\/\/www.padreeustaquio.com.br\/wp-content\/uploads\/2022\/12\/sao-nicolau.jpg","contentUrl":"https:\/\/www.padreeustaquio.com.br\/wp-content\/uploads\/2022\/12\/sao-nicolau.jpg","width":799,"height":418,"caption":"Imagem: Portal das Miss\u00f5es"},{"@type":"BreadcrumbList","@id":"https:\/\/www.padreeustaquio.com.br\/conheca-a-historia-de-sao-nicolau-o-verdadeiro-papai-noel\/#breadcrumb","itemListElement":[{"@type":"ListItem","position":1,"name":"In\u00edcio","item":"https:\/\/www.padreeustaquio.com.br\/"},{"@type":"ListItem","position":2,"name":"Conhe\u00e7a a hist\u00f3ria de S\u00e3o Nicolau o verdadeiro Papai Noel"}]},{"@type":"WebSite","@id":"https:\/\/www.padreeustaquio.com.br\/#website","url":"https:\/\/www.padreeustaquio.com.br\/","name":"Padre Eustace","description":"Salud y Paz","publisher":{"@id":"https:\/\/www.padreeustaquio.com.br\/#organization"},"potentialAction":[{"@type":"SearchAction","target":{"@type":"EntryPoint","urlTemplate":"https:\/\/www.padreeustaquio.com.br\/?s={search_term_string}"},"query-input":{"@type":"PropertyValueSpecification","valueRequired":true,"valueName":"search_term_string"}}],"inLanguage":"es"},{"@type":"Organization","@id":"https:\/\/www.padreeustaquio.com.br\/#organization","name":"Padre Eustace","url":"https:\/\/www.padreeustaquio.com.br\/","logo":{"@type":"ImageObject","inLanguage":"es","@id":"https:\/\/www.padreeustaquio.com.br\/#\/schema\/logo\/image\/","url":"https:\/\/www.padreeustaquio.com.br\/wp-content\/uploads\/2019\/08\/marca.png","contentUrl":"https:\/\/www.padreeustaquio.com.br\/wp-content\/uploads\/2019\/08\/marca.png","width":350,"height":400,"caption":"Padre Eust\u00e1quio"},"image":{"@id":"https:\/\/www.padreeustaquio.com.br\/#\/schema\/logo\/image\/"},"sameAs":["https:\/\/www.facebook.com\/beatopadreeustaquio\/","https:\/\/x.com\/beatopeustaquio","https:\/\/www.instagram.com\/beatopadreeustaquio\/","https:\/\/www.youtube.com\/channel\/UCRhw7vfabnajwLxb1ZXMeIw"]},{"@type":"Person","@id":"https:\/\/www.padreeustaquio.com.br\/#\/schema\/person\/a2a51db1d00f1a7af0204a0f1ddb1566","name":"@sscc","image":{"@type":"ImageObject","inLanguage":"es","@id":"https:\/\/secure.gravatar.com\/avatar\/68cfafa5f44617fea54071e215026e0ff06be366c3d54a8425f04fdcb86f8c5f?s=96&d=mm&r=g","url":"https:\/\/secure.gravatar.com\/avatar\/68cfafa5f44617fea54071e215026e0ff06be366c3d54a8425f04fdcb86f8c5f?s=96&d=mm&r=g","contentUrl":"https:\/\/secure.gravatar.com\/avatar\/68cfafa5f44617fea54071e215026e0ff06be366c3d54a8425f04fdcb86f8c5f?s=96&d=mm&r=g","caption":"@sscc"},"url":"https:\/\/www.padreeustaquio.com.br\/es\/author\/sscc\/"}]}},"_links":{"self":[{"href":"https:\/\/www.padreeustaquio.com.br\/es\/wp-json\/wp\/v2\/posts\/9648","targetHints":{"allow":["GET"]}}],"collection":[{"href":"https:\/\/www.padreeustaquio.com.br\/es\/wp-json\/wp\/v2\/posts"}],"about":[{"href":"https:\/\/www.padreeustaquio.com.br\/es\/wp-json\/wp\/v2\/types\/post"}],"author":[{"embeddable":true,"href":"https:\/\/www.padreeustaquio.com.br\/es\/wp-json\/wp\/v2\/users\/2"}],"replies":[{"embeddable":true,"href":"https:\/\/www.padreeustaquio.com.br\/es\/wp-json\/wp\/v2\/comments?post=9648"}],"version-history":[{"count":0,"href":"https:\/\/www.padreeustaquio.com.br\/es\/wp-json\/wp\/v2\/posts\/9648\/revisions"}],"wp:featuredmedia":[{"embeddable":true,"href":"https:\/\/www.padreeustaquio.com.br\/es\/wp-json\/wp\/v2\/media\/9649"}],"wp:attachment":[{"href":"https:\/\/www.padreeustaquio.com.br\/es\/wp-json\/wp\/v2\/media?parent=9648"}],"wp:term":[{"taxonomy":"category","embeddable":true,"href":"https:\/\/www.padreeustaquio.com.br\/es\/wp-json\/wp\/v2\/categories?post=9648"},{"taxonomy":"post_tag","embeddable":true,"href":"https:\/\/www.padreeustaquio.com.br\/es\/wp-json\/wp\/v2\/tags?post=9648"}],"curies":[{"name":"wp","href":"https:\/\/api.w.org\/{rel}","templated":true}]}}