{"id":9645,"date":"2022-12-15T06:28:00","date_gmt":"2022-12-15T09:28:00","guid":{"rendered":"https:\/\/www.padreeustaquio.com.br\/?p=9645"},"modified":"2022-12-13T11:24:47","modified_gmt":"2022-12-13T14:24:47","slug":"una-celebracion-navidena-tradicional-para-ninos-desfavorecidos-organizada-por-las-damas-de-la-caridad","status":"publish","type":"post","link":"https:\/\/www.padreeustaquio.com.br\/es\/una-celebracion-navidena-tradicional-para-ninos-desfavorecidos-organizada-por-las-damas-de-la-caridad\/","title":{"rendered":"La tradicional fiesta navide\u00f1a para los ni\u00f1os desfavorecidos es organizada por las Damas de la Caridad."},"content":{"rendered":"<p>El pasado martes 13, la asociaci\u00f3n &quot;Damas de la Caridad&quot; don\u00f3 los juguetes recolectados para ni\u00f1os desfavorecidos de familias atendidas por la Acci\u00f3n Social del Santuario de Salud y Paz, la Iglesia del Beato Padre Eustaquio. Decenas de familias, con sus hijos, llenaron los asientos del Centro Comunitario, anexo a la iglesia, para recibir los regalos.<\/p>\n\n\n\n<p>Se recolectaron varios juguetes, incluyendo juegos, mu\u00f1ecas, carritos e incluso bicicletas. La comunidad entreg\u00f3 las donaciones a la oficina parroquial. La entrega estuvo a cargo de voluntarios del grupo Damas de la Caridad, encabezados por la presidenta de la Asociaci\u00f3n, Marisa Coutinho, y el rector del Santuario, el padre Vin\u00edcius, quien tambi\u00e9n asisti\u00f3 a la entrega y ayud\u00f3 a Pap\u00e1 Noel a distribuir los regalos a los ni\u00f1os.<\/p>\n\n\n\n<p>Actualmente, las Damas atienden a m\u00e1s de 150 familias necesitadas registradas, a quienes se les ayuda mensualmente con canastas b\u00e1sicas de alimentos, medicamentos, pago de facturas b\u00e1sicas y art\u00edculos de limpieza e higiene.<\/p>\n\n\n\n<p><\/p>","protected":false},"excerpt":{"rendered":"<p>A associa\u00e7\u00e3o das \u201cDamas da Caridade\u201d, realizaram, na \u00faltima ter\u00e7a-feira, dia 13, a doa\u00e7\u00e3o dos brinquedos arrecadados para as crian\u00e7as carentes das fam\u00edlias atendidas pela A\u00e7\u00e3o Social do Santu\u00e1rio Sa\u00fade e Paz, a Igreja de Beato Padre Eust\u00e1quio. Dezenas de fam\u00edlias, com suas crian\u00e7as, ocuparam os lugares no Centro Comunit\u00e1rio, anexo \u00e0 igreja, para receberem os presentes. Foram arrecadados v\u00e1rios brinquedos, entre jogos, bonecas, carrinhos e at\u00e9 bicicletas. As doa\u00e7\u00f5es foram entregues pela comunidade na secretaria paroquial. A entrega foi feita pelas volunt\u00e1rias participantes das Damas da Caridade, encabe\u00e7ada pela presidente da Associa\u00e7\u00e3o Marisa Coutinho e pelo Reitor do Santu\u00e1rio, [&hellip;]<\/p>\n","protected":false},"author":2,"featured_media":9671,"comment_status":"open","ping_status":"closed","sticky":false,"template":"","format":"standard","meta":{"_acf_changed":false,"footnotes":""},"categories":[611],"tags":[],"class_list":["post-9645","post","type-post","status-publish","format-standard","has-post-thumbnail","hentry","category-noticias"],"acf":[],"yoast_head":"<!-- This site is optimized with the Yoast SEO plugin v27.2 - https:\/\/yoast.com\/product\/yoast-seo-wordpress\/ -->\n<title>Tradicional Natal das Crian\u00e7as carentes \u00e9 realizado pelas Damas da Caridade<\/title>\n<meta name=\"description\" content=\"A associa\u00e7\u00e3o das \u201cDamas da Caridade\u201d, realizaram, na \u00faltima ter\u00e7a-feira, dia 13, a doa\u00e7\u00e3o dos brinquedos arrecadados para as crian\u00e7as carentes das fam\u00edlias atendidas pela A\u00e7\u00e3o Social do Santu\u00e1rio Sa\u00fade e Paz, a Igreja de Beato Padre Eust\u00e1quio. Dezenas de fam\u00edlias, com suas crian\u00e7as, ocuparam os lugares no Centro Comunit\u00e1rio, anexo \u00e0 igreja, para receberem os presentes.\" \/>\n<meta name=\"robots\" content=\"index, follow, max-snippet:-1, max-image-preview:large, max-video-preview:-1\" \/>\n<link rel=\"canonical\" href=\"https:\/\/www.padreeustaquio.com.br\/es\/una-celebracion-navidena-tradicional-para-ninos-desfavorecidos-organizada-por-las-damas-de-la-caridad\/\" \/>\n<meta property=\"og:locale\" content=\"es_ES\" \/>\n<meta property=\"og:type\" content=\"article\" \/>\n<meta property=\"og:title\" content=\"Tradicional Natal das Crian\u00e7as carentes \u00e9 realizado pelas Damas da Caridade\" \/>\n<meta property=\"og:description\" content=\"A associa\u00e7\u00e3o das \u201cDamas da Caridade\u201d, realizaram, na \u00faltima ter\u00e7a-feira, dia 13, a doa\u00e7\u00e3o dos brinquedos arrecadados para as crian\u00e7as carentes das fam\u00edlias atendidas pela A\u00e7\u00e3o Social do Santu\u00e1rio Sa\u00fade e Paz, a Igreja de Beato Padre Eust\u00e1quio. Dezenas de fam\u00edlias, com suas crian\u00e7as, ocuparam os lugares no Centro Comunit\u00e1rio, anexo \u00e0 igreja, para receberem os presentes.\" \/>\n<meta property=\"og:url\" content=\"https:\/\/www.padreeustaquio.com.br\/es\/una-celebracion-navidena-tradicional-para-ninos-desfavorecidos-organizada-por-las-damas-de-la-caridad\/\" \/>\n<meta property=\"og:site_name\" content=\"Padre Eust\u00e1quio\" \/>\n<meta property=\"article:publisher\" content=\"https:\/\/www.facebook.com\/beatopadreeustaquio\/\" \/>\n<meta property=\"article:published_time\" content=\"2022-12-15T09:28:00+00:00\" \/>\n<meta property=\"og:image\" content=\"https:\/\/www.padreeustaquio.com.br\/wp-content\/uploads\/2022\/12\/natal-das-criancas.jpeg\" \/>\n\t<meta property=\"og:image:width\" content=\"1599\" \/>\n\t<meta property=\"og:image:height\" content=\"899\" \/>\n\t<meta property=\"og:image:type\" content=\"image\/jpeg\" \/>\n<meta name=\"author\" content=\"@sscc\" \/>\n<meta name=\"twitter:card\" content=\"summary_large_image\" \/>\n<meta name=\"twitter:image\" content=\"https:\/\/www.padreeustaquio.com.br\/wp-content\/uploads\/2022\/12\/natal-das-criancas.jpeg\" \/>\n<meta name=\"twitter:creator\" content=\"@beatopeustaquio\" \/>\n<meta name=\"twitter:site\" content=\"@beatopeustaquio\" \/>\n<meta name=\"twitter:label1\" content=\"Escrito por\" \/>\n\t<meta name=\"twitter:data1\" content=\"@sscc\" \/>\n\t<meta name=\"twitter:label2\" content=\"Tiempo de lectura\" \/>\n\t<meta name=\"twitter:data2\" content=\"1 minuto\" \/>\n<script type=\"application\/ld+json\" class=\"yoast-schema-graph\">{\"@context\":\"https:\/\/schema.org\",\"@graph\":[{\"@type\":\"Article\",\"@id\":\"https:\/\/www.padreeustaquio.com.br\/tradicional-natal-das-criancas-carentes-e-realizado-pelas-damas-da-caridade\/#article\",\"isPartOf\":{\"@id\":\"https:\/\/www.padreeustaquio.com.br\/tradicional-natal-das-criancas-carentes-e-realizado-pelas-damas-da-caridade\/\"},\"author\":{\"name\":\"@sscc\",\"@id\":\"https:\/\/www.padreeustaquio.com.br\/#\/schema\/person\/a2a51db1d00f1a7af0204a0f1ddb1566\"},\"headline\":\"Tradicional Natal das Crian\u00e7as carentes \u00e9 realizado pelas Damas da Caridade\",\"datePublished\":\"2022-12-15T09:28:00+00:00\",\"mainEntityOfPage\":{\"@id\":\"https:\/\/www.padreeustaquio.com.br\/tradicional-natal-das-criancas-carentes-e-realizado-pelas-damas-da-caridade\/\"},\"wordCount\":181,\"commentCount\":0,\"publisher\":{\"@id\":\"https:\/\/www.padreeustaquio.com.br\/#organization\"},\"image\":{\"@id\":\"https:\/\/www.padreeustaquio.com.br\/tradicional-natal-das-criancas-carentes-e-realizado-pelas-damas-da-caridade\/#primaryimage\"},\"thumbnailUrl\":\"https:\/\/www.padreeustaquio.com.br\/wp-content\/uploads\/2022\/12\/natal-das-criancas.jpeg\",\"articleSection\":[\"Not\u00edcias\"],\"inLanguage\":\"es\",\"potentialAction\":[{\"@type\":\"CommentAction\",\"name\":\"Comment\",\"target\":[\"https:\/\/www.padreeustaquio.com.br\/tradicional-natal-das-criancas-carentes-e-realizado-pelas-damas-da-caridade\/#respond\"]}]},{\"@type\":\"WebPage\",\"@id\":\"https:\/\/www.padreeustaquio.com.br\/tradicional-natal-das-criancas-carentes-e-realizado-pelas-damas-da-caridade\/\",\"url\":\"https:\/\/www.padreeustaquio.com.br\/tradicional-natal-das-criancas-carentes-e-realizado-pelas-damas-da-caridade\/\",\"name\":\"Tradicional Natal das Crian\u00e7as carentes \u00e9 realizado pelas Damas da Caridade\",\"isPartOf\":{\"@id\":\"https:\/\/www.padreeustaquio.com.br\/#website\"},\"primaryImageOfPage\":{\"@id\":\"https:\/\/www.padreeustaquio.com.br\/tradicional-natal-das-criancas-carentes-e-realizado-pelas-damas-da-caridade\/#primaryimage\"},\"image\":{\"@id\":\"https:\/\/www.padreeustaquio.com.br\/tradicional-natal-das-criancas-carentes-e-realizado-pelas-damas-da-caridade\/#primaryimage\"},\"thumbnailUrl\":\"https:\/\/www.padreeustaquio.com.br\/wp-content\/uploads\/2022\/12\/natal-das-criancas.jpeg\",\"datePublished\":\"2022-12-15T09:28:00+00:00\",\"description\":\"A associa\u00e7\u00e3o das \u201cDamas da Caridade\u201d, realizaram, na \u00faltima ter\u00e7a-feira, dia 13, a doa\u00e7\u00e3o dos brinquedos arrecadados para as crian\u00e7as carentes das fam\u00edlias atendidas pela A\u00e7\u00e3o Social do Santu\u00e1rio Sa\u00fade e Paz, a Igreja de Beato Padre Eust\u00e1quio. Dezenas de fam\u00edlias, com suas crian\u00e7as, ocuparam os lugares no Centro Comunit\u00e1rio, anexo \u00e0 igreja, para receberem os presentes.\",\"breadcrumb\":{\"@id\":\"https:\/\/www.padreeustaquio.com.br\/tradicional-natal-das-criancas-carentes-e-realizado-pelas-damas-da-caridade\/#breadcrumb\"},\"inLanguage\":\"es\",\"potentialAction\":[{\"@type\":\"ReadAction\",\"target\":[\"https:\/\/www.padreeustaquio.com.br\/tradicional-natal-das-criancas-carentes-e-realizado-pelas-damas-da-caridade\/\"]}]},{\"@type\":\"ImageObject\",\"inLanguage\":\"es\",\"@id\":\"https:\/\/www.padreeustaquio.com.br\/tradicional-natal-das-criancas-carentes-e-realizado-pelas-damas-da-caridade\/#primaryimage\",\"url\":\"https:\/\/www.padreeustaquio.com.br\/wp-content\/uploads\/2022\/12\/natal-das-criancas.jpeg\",\"contentUrl\":\"https:\/\/www.padreeustaquio.com.br\/wp-content\/uploads\/2022\/12\/natal-das-criancas.jpeg\",\"width\":1599,\"height\":899},{\"@type\":\"BreadcrumbList\",\"@id\":\"https:\/\/www.padreeustaquio.com.br\/tradicional-natal-das-criancas-carentes-e-realizado-pelas-damas-da-caridade\/#breadcrumb\",\"itemListElement\":[{\"@type\":\"ListItem\",\"position\":1,\"name\":\"In\u00edcio\",\"item\":\"https:\/\/www.padreeustaquio.com.br\/\"},{\"@type\":\"ListItem\",\"position\":2,\"name\":\"Tradicional Natal das Crian\u00e7as carentes \u00e9 realizado pelas Damas da Caridade\"}]},{\"@type\":\"WebSite\",\"@id\":\"https:\/\/www.padreeustaquio.com.br\/#website\",\"url\":\"https:\/\/www.padreeustaquio.com.br\/\",\"name\":\"Padre Eust\u00e1quio\",\"description\":\"Sa\u00fade e Paz\",\"publisher\":{\"@id\":\"https:\/\/www.padreeustaquio.com.br\/#organization\"},\"potentialAction\":[{\"@type\":\"SearchAction\",\"target\":{\"@type\":\"EntryPoint\",\"urlTemplate\":\"https:\/\/www.padreeustaquio.com.br\/?s={search_term_string}\"},\"query-input\":{\"@type\":\"PropertyValueSpecification\",\"valueRequired\":true,\"valueName\":\"search_term_string\"}}],\"inLanguage\":\"es\"},{\"@type\":\"Organization\",\"@id\":\"https:\/\/www.padreeustaquio.com.br\/#organization\",\"name\":\"Padre Eust\u00e1quio\",\"url\":\"https:\/\/www.padreeustaquio.com.br\/\",\"logo\":{\"@type\":\"ImageObject\",\"inLanguage\":\"es\",\"@id\":\"https:\/\/www.padreeustaquio.com.br\/#\/schema\/logo\/image\/\",\"url\":\"https:\/\/www.padreeustaquio.com.br\/wp-content\/uploads\/2019\/08\/marca.png\",\"contentUrl\":\"https:\/\/www.padreeustaquio.com.br\/wp-content\/uploads\/2019\/08\/marca.png\",\"width\":350,\"height\":400,\"caption\":\"Padre Eust\u00e1quio\"},\"image\":{\"@id\":\"https:\/\/www.padreeustaquio.com.br\/#\/schema\/logo\/image\/\"},\"sameAs\":[\"https:\/\/www.facebook.com\/beatopadreeustaquio\/\",\"https:\/\/x.com\/beatopeustaquio\",\"https:\/\/www.instagram.com\/beatopadreeustaquio\/\",\"https:\/\/www.youtube.com\/channel\/UCRhw7vfabnajwLxb1ZXMeIw\"]},{\"@type\":\"Person\",\"@id\":\"https:\/\/www.padreeustaquio.com.br\/#\/schema\/person\/a2a51db1d00f1a7af0204a0f1ddb1566\",\"name\":\"@sscc\",\"image\":{\"@type\":\"ImageObject\",\"inLanguage\":\"es\",\"@id\":\"https:\/\/secure.gravatar.com\/avatar\/68cfafa5f44617fea54071e215026e0ff06be366c3d54a8425f04fdcb86f8c5f?s=96&d=mm&r=g\",\"url\":\"https:\/\/secure.gravatar.com\/avatar\/68cfafa5f44617fea54071e215026e0ff06be366c3d54a8425f04fdcb86f8c5f?s=96&d=mm&r=g\",\"contentUrl\":\"https:\/\/secure.gravatar.com\/avatar\/68cfafa5f44617fea54071e215026e0ff06be366c3d54a8425f04fdcb86f8c5f?s=96&d=mm&r=g\",\"caption\":\"@sscc\"},\"url\":\"https:\/\/www.padreeustaquio.com.br\/es\/author\/sscc\/\"}]}<\/script>\n<!-- \/ Yoast SEO plugin. -->","yoast_head_json":{"title":"La tradicional fiesta navide\u00f1a para los ni\u00f1os desfavorecidos es organizada por las Damas de la Caridad.","description":"El pasado martes 13, la asociaci\u00f3n &quot;Damas de la Caridad&quot; don\u00f3 los juguetes recolectados para ni\u00f1os desfavorecidos de familias atendidas por la Acci\u00f3n Social del Santuario de Salud y Paz, la Iglesia del Beato Padre Eustaquio. Decenas de familias, con sus hijos, llenaron los asientos del Centro Comunitario, anexo a la iglesia, para recibir los regalos.","robots":{"index":"index","follow":"follow","max-snippet":"max-snippet:-1","max-image-preview":"max-image-preview:large","max-video-preview":"max-video-preview:-1"},"canonical":"https:\/\/www.padreeustaquio.com.br\/es\/una-celebracion-navidena-tradicional-para-ninos-desfavorecidos-organizada-por-las-damas-de-la-caridad\/","og_locale":"es_ES","og_type":"article","og_title":"Tradicional Natal das Crian\u00e7as carentes \u00e9 realizado pelas Damas da Caridade","og_description":"A associa\u00e7\u00e3o das \u201cDamas da Caridade\u201d, realizaram, na \u00faltima ter\u00e7a-feira, dia 13, a doa\u00e7\u00e3o dos brinquedos arrecadados para as crian\u00e7as carentes das fam\u00edlias atendidas pela A\u00e7\u00e3o Social do Santu\u00e1rio Sa\u00fade e Paz, a Igreja de Beato Padre Eust\u00e1quio. Dezenas de fam\u00edlias, com suas crian\u00e7as, ocuparam os lugares no Centro Comunit\u00e1rio, anexo \u00e0 igreja, para receberem os presentes.","og_url":"https:\/\/www.padreeustaquio.com.br\/es\/una-celebracion-navidena-tradicional-para-ninos-desfavorecidos-organizada-por-las-damas-de-la-caridad\/","og_site_name":"Padre Eust\u00e1quio","article_publisher":"https:\/\/www.facebook.com\/beatopadreeustaquio\/","article_published_time":"2022-12-15T09:28:00+00:00","og_image":[{"width":1599,"height":899,"url":"https:\/\/www.padreeustaquio.com.br\/wp-content\/uploads\/2022\/12\/natal-das-criancas.jpeg","type":"image\/jpeg"}],"author":"@sscc","twitter_card":"summary_large_image","twitter_image":"https:\/\/www.padreeustaquio.com.br\/wp-content\/uploads\/2022\/12\/natal-das-criancas.jpeg","twitter_creator":"@beatopeustaquio","twitter_site":"@beatopeustaquio","twitter_misc":{"Escrito por":"@sscc","Tiempo de lectura":"1 minuto"},"schema":{"@context":"https:\/\/schema.org","@graph":[{"@type":"Article","@id":"https:\/\/www.padreeustaquio.com.br\/tradicional-natal-das-criancas-carentes-e-realizado-pelas-damas-da-caridade\/#article","isPartOf":{"@id":"https:\/\/www.padreeustaquio.com.br\/tradicional-natal-das-criancas-carentes-e-realizado-pelas-damas-da-caridade\/"},"author":{"name":"@sscc","@id":"https:\/\/www.padreeustaquio.com.br\/#\/schema\/person\/a2a51db1d00f1a7af0204a0f1ddb1566"},"headline":"Tradicional Natal das Crian\u00e7as carentes \u00e9 realizado pelas Damas da Caridade","datePublished":"2022-12-15T09:28:00+00:00","mainEntityOfPage":{"@id":"https:\/\/www.padreeustaquio.com.br\/tradicional-natal-das-criancas-carentes-e-realizado-pelas-damas-da-caridade\/"},"wordCount":181,"commentCount":0,"publisher":{"@id":"https:\/\/www.padreeustaquio.com.br\/#organization"},"image":{"@id":"https:\/\/www.padreeustaquio.com.br\/tradicional-natal-das-criancas-carentes-e-realizado-pelas-damas-da-caridade\/#primaryimage"},"thumbnailUrl":"https:\/\/www.padreeustaquio.com.br\/wp-content\/uploads\/2022\/12\/natal-das-criancas.jpeg","articleSection":["Not\u00edcias"],"inLanguage":"es","potentialAction":[{"@type":"CommentAction","name":"Comment","target":["https:\/\/www.padreeustaquio.com.br\/tradicional-natal-das-criancas-carentes-e-realizado-pelas-damas-da-caridade\/#respond"]}]},{"@type":"WebPage","@id":"https:\/\/www.padreeustaquio.com.br\/tradicional-natal-das-criancas-carentes-e-realizado-pelas-damas-da-caridade\/","url":"https:\/\/www.padreeustaquio.com.br\/tradicional-natal-das-criancas-carentes-e-realizado-pelas-damas-da-caridade\/","name":"La tradicional fiesta navide\u00f1a para los ni\u00f1os desfavorecidos es organizada por las Damas de la Caridad.","isPartOf":{"@id":"https:\/\/www.padreeustaquio.com.br\/#website"},"primaryImageOfPage":{"@id":"https:\/\/www.padreeustaquio.com.br\/tradicional-natal-das-criancas-carentes-e-realizado-pelas-damas-da-caridade\/#primaryimage"},"image":{"@id":"https:\/\/www.padreeustaquio.com.br\/tradicional-natal-das-criancas-carentes-e-realizado-pelas-damas-da-caridade\/#primaryimage"},"thumbnailUrl":"https:\/\/www.padreeustaquio.com.br\/wp-content\/uploads\/2022\/12\/natal-das-criancas.jpeg","datePublished":"2022-12-15T09:28:00+00:00","description":"El pasado martes 13, la asociaci\u00f3n &quot;Damas de la Caridad&quot; don\u00f3 los juguetes recolectados para ni\u00f1os desfavorecidos de familias atendidas por la Acci\u00f3n Social del Santuario de Salud y Paz, la Iglesia del Beato Padre Eustaquio. Decenas de familias, con sus hijos, llenaron los asientos del Centro Comunitario, anexo a la iglesia, para recibir los regalos.","breadcrumb":{"@id":"https:\/\/www.padreeustaquio.com.br\/tradicional-natal-das-criancas-carentes-e-realizado-pelas-damas-da-caridade\/#breadcrumb"},"inLanguage":"es","potentialAction":[{"@type":"ReadAction","target":["https:\/\/www.padreeustaquio.com.br\/tradicional-natal-das-criancas-carentes-e-realizado-pelas-damas-da-caridade\/"]}]},{"@type":"ImageObject","inLanguage":"es","@id":"https:\/\/www.padreeustaquio.com.br\/tradicional-natal-das-criancas-carentes-e-realizado-pelas-damas-da-caridade\/#primaryimage","url":"https:\/\/www.padreeustaquio.com.br\/wp-content\/uploads\/2022\/12\/natal-das-criancas.jpeg","contentUrl":"https:\/\/www.padreeustaquio.com.br\/wp-content\/uploads\/2022\/12\/natal-das-criancas.jpeg","width":1599,"height":899},{"@type":"BreadcrumbList","@id":"https:\/\/www.padreeustaquio.com.br\/tradicional-natal-das-criancas-carentes-e-realizado-pelas-damas-da-caridade\/#breadcrumb","itemListElement":[{"@type":"ListItem","position":1,"name":"In\u00edcio","item":"https:\/\/www.padreeustaquio.com.br\/"},{"@type":"ListItem","position":2,"name":"Tradicional Natal das Crian\u00e7as carentes \u00e9 realizado pelas Damas da Caridade"}]},{"@type":"WebSite","@id":"https:\/\/www.padreeustaquio.com.br\/#website","url":"https:\/\/www.padreeustaquio.com.br\/","name":"Padre Eustace","description":"Salud y Paz","publisher":{"@id":"https:\/\/www.padreeustaquio.com.br\/#organization"},"potentialAction":[{"@type":"SearchAction","target":{"@type":"EntryPoint","urlTemplate":"https:\/\/www.padreeustaquio.com.br\/?s={search_term_string}"},"query-input":{"@type":"PropertyValueSpecification","valueRequired":true,"valueName":"search_term_string"}}],"inLanguage":"es"},{"@type":"Organization","@id":"https:\/\/www.padreeustaquio.com.br\/#organization","name":"Padre Eustace","url":"https:\/\/www.padreeustaquio.com.br\/","logo":{"@type":"ImageObject","inLanguage":"es","@id":"https:\/\/www.padreeustaquio.com.br\/#\/schema\/logo\/image\/","url":"https:\/\/www.padreeustaquio.com.br\/wp-content\/uploads\/2019\/08\/marca.png","contentUrl":"https:\/\/www.padreeustaquio.com.br\/wp-content\/uploads\/2019\/08\/marca.png","width":350,"height":400,"caption":"Padre Eust\u00e1quio"},"image":{"@id":"https:\/\/www.padreeustaquio.com.br\/#\/schema\/logo\/image\/"},"sameAs":["https:\/\/www.facebook.com\/beatopadreeustaquio\/","https:\/\/x.com\/beatopeustaquio","https:\/\/www.instagram.com\/beatopadreeustaquio\/","https:\/\/www.youtube.com\/channel\/UCRhw7vfabnajwLxb1ZXMeIw"]},{"@type":"Person","@id":"https:\/\/www.padreeustaquio.com.br\/#\/schema\/person\/a2a51db1d00f1a7af0204a0f1ddb1566","name":"@sscc","image":{"@type":"ImageObject","inLanguage":"es","@id":"https:\/\/secure.gravatar.com\/avatar\/68cfafa5f44617fea54071e215026e0ff06be366c3d54a8425f04fdcb86f8c5f?s=96&d=mm&r=g","url":"https:\/\/secure.gravatar.com\/avatar\/68cfafa5f44617fea54071e215026e0ff06be366c3d54a8425f04fdcb86f8c5f?s=96&d=mm&r=g","contentUrl":"https:\/\/secure.gravatar.com\/avatar\/68cfafa5f44617fea54071e215026e0ff06be366c3d54a8425f04fdcb86f8c5f?s=96&d=mm&r=g","caption":"@sscc"},"url":"https:\/\/www.padreeustaquio.com.br\/es\/author\/sscc\/"}]}},"_links":{"self":[{"href":"https:\/\/www.padreeustaquio.com.br\/es\/wp-json\/wp\/v2\/posts\/9645","targetHints":{"allow":["GET"]}}],"collection":[{"href":"https:\/\/www.padreeustaquio.com.br\/es\/wp-json\/wp\/v2\/posts"}],"about":[{"href":"https:\/\/www.padreeustaquio.com.br\/es\/wp-json\/wp\/v2\/types\/post"}],"author":[{"embeddable":true,"href":"https:\/\/www.padreeustaquio.com.br\/es\/wp-json\/wp\/v2\/users\/2"}],"replies":[{"embeddable":true,"href":"https:\/\/www.padreeustaquio.com.br\/es\/wp-json\/wp\/v2\/comments?post=9645"}],"version-history":[{"count":0,"href":"https:\/\/www.padreeustaquio.com.br\/es\/wp-json\/wp\/v2\/posts\/9645\/revisions"}],"wp:featuredmedia":[{"embeddable":true,"href":"https:\/\/www.padreeustaquio.com.br\/es\/wp-json\/wp\/v2\/media\/9671"}],"wp:attachment":[{"href":"https:\/\/www.padreeustaquio.com.br\/es\/wp-json\/wp\/v2\/media?parent=9645"}],"wp:term":[{"taxonomy":"category","embeddable":true,"href":"https:\/\/www.padreeustaquio.com.br\/es\/wp-json\/wp\/v2\/categories?post=9645"},{"taxonomy":"post_tag","embeddable":true,"href":"https:\/\/www.padreeustaquio.com.br\/es\/wp-json\/wp\/v2\/tags?post=9645"}],"curies":[{"name":"wp","href":"https:\/\/api.w.org\/{rel}","templated":true}]}}