{"id":9639,"date":"2022-12-14T06:06:00","date_gmt":"2022-12-14T09:06:00","guid":{"rendered":"https:\/\/www.padreeustaquio.com.br\/?p=9639"},"modified":"2022-12-12T12:18:58","modified_gmt":"2022-12-12T15:18:58","slug":"devotos-de-todo-el-pais-se-unen-a-la-novena-navidena-grabada-por-la-iglesia-del-padre-eustaquio","status":"publish","type":"post","link":"https:\/\/www.padreeustaquio.com.br\/es\/devotos-de-todo-el-pais-se-unen-a-la-novena-navidena-grabada-por-la-iglesia-del-padre-eustaquio\/","title":{"rendered":"Devotos de todo el pa\u00eds se unen a la Novena de Navidad grabada por la Iglesia Padre Eust\u00e1quio."},"content":{"rendered":"<p>Los videos de la Novena de Navidad de 2022, publicados en el Canal Padre Eust\u00e1quio de YouTube, ya han alcanzado casi 20.000 visualizaciones desde su publicaci\u00f3n el primer d\u00eda, a principios de diciembre. El material, preparado por colaboradores del Vicariato Episcopal para la Acci\u00f3n Pastoral de la Arquidi\u00f3cesis de Belo Horizonte, fue grabado por el equipo de producci\u00f3n audiovisual del Secretariado Nacional para la Causa de Canonizaci\u00f3n del Beato Padre Eust\u00e1quio.<\/p>\n\n\n\n<p>Con el tema \u201cEl Se\u00f1or nos dar\u00e1 una se\u00f1al\u201d (Isa\u00edas 7,14), el folleto ya se ha impreso y se vende en la tienda del Padre Eust\u00e1quio. El material busca inspirar reflexiones sobre la Navidad a la luz del Evangelio, adem\u00e1s de brindar un momento especial que nos invita a orar y reflexionar con nuestra familia, amigos y comunidad, y a prepararnos para la experiencia del Adviento.<\/p>\n\n\n\n<p>La novena, disponible en la Tienda y grabada en video, es la que utiliza el Santuario de la Salud y la Paz en sus preparativos navide\u00f1os con los feligreses. Quienes a\u00fan no hayan comenzado la novena tienen hasta ma\u00f1ana para comenzarla y terminarla el 23 de diciembre, v\u00edspera de la Misa de la Vigilia de Navidad.<\/p>\n\n\n\n<p>Se puede acceder f\u00e1cilmente a la lista de reproducci\u00f3n de YouTube. <a href=\"https:\/\/www.youtube.com\/watch?v=6-yVC1FUXfg&amp;list=PL7SBzddW7UzkJHtEG_AXTe58jRpVsuWLP\" target=\"_blank\" rel=\"noreferrer noopener\">HAGA CLIC AQU\u00cd<\/a>. Reza esta novena por ti o por alguien necesitado. Oremos juntos, pidiendo salud y paz para nosotros y para el mundo.<\/p>\n\n\n\n<p><\/p>","protected":false},"excerpt":{"rendered":"<p>Os v\u00eddeos da Novena de Natal 2022, postados no Canal Padre Eust\u00e1quio, no YouTube, j\u00e1 alcan\u00e7aram quase 20 mil visualiza\u00e7\u00f5es desde a postagem do Primeiro dia, no in\u00edcio de dezembro. O material, preparado por colaboradores do Vicariato Episcopal para A\u00e7\u00e3o Pastoral da Arquidiocese de Belo Horizonte, foi gravado pela equipe de produ\u00e7\u00e3o audiovisual do Secretariado Nacional para a Causa de Canoniza\u00e7\u00e3o do Bem-Aventurado Padre Eust\u00e1quio Com o tema \u201cO Senhor nos dar\u00e1 um sinal\u201d (Is 7,14). O livreto, foi impresso e est\u00e1 sendo vendido na Loja do Padre Eust\u00e1quio. O material tem como objetivo inspirar reflex\u00f5es sobre o Natal \u00e0 [&hellip;]<\/p>\n","protected":false},"author":2,"featured_media":9640,"comment_status":"open","ping_status":"closed","sticky":false,"template":"","format":"standard","meta":{"_acf_changed":false,"footnotes":""},"categories":[611],"tags":[],"class_list":["post-9639","post","type-post","status-publish","format-standard","has-post-thumbnail","hentry","category-noticias"],"acf":[],"yoast_head":"<!-- This site is optimized with the Yoast SEO plugin v27.2 - https:\/\/yoast.com\/product\/yoast-seo-wordpress\/ -->\n<title>Devotos de todo o pa\u00eds aderem \u00e0 Novena de Natal gravada pela Igreja do Padre Eust\u00e1quio<\/title>\n<meta name=\"description\" content=\"Os v\u00eddeos da Novena de Natal 2022, postados no Canal Padre Eust\u00e1quio, no YouTube, j\u00e1 alcan\u00e7aram quase 20 mil visualiza\u00e7\u00f5es desde a postagem do Primeiro dia, no in\u00edcio de dezembro. O material, preparado por colaboradores do Vicariato Episcopal para A\u00e7\u00e3o Pastoral da Arquidiocese de Belo Horizonte, foi gravado pela equipe de produ\u00e7\u00e3o audiovisual do Secretariado Nacional para a Causa de Canoniza\u00e7\u00e3o do Bem-Aventurado Padre Eust\u00e1quio\" \/>\n<meta name=\"robots\" content=\"index, follow, max-snippet:-1, max-image-preview:large, max-video-preview:-1\" \/>\n<link rel=\"canonical\" href=\"https:\/\/www.padreeustaquio.com.br\/es\/devotos-de-todo-el-pais-se-unen-a-la-novena-navidena-grabada-por-la-iglesia-del-padre-eustaquio\/\" \/>\n<meta property=\"og:locale\" content=\"es_ES\" \/>\n<meta property=\"og:type\" content=\"article\" \/>\n<meta property=\"og:title\" content=\"Devotos de todo o pa\u00eds aderem \u00e0 Novena de Natal gravada pela Igreja do Padre Eust\u00e1quio\" \/>\n<meta property=\"og:description\" content=\"Os v\u00eddeos da Novena de Natal 2022, postados no Canal Padre Eust\u00e1quio, no YouTube, j\u00e1 alcan\u00e7aram quase 20 mil visualiza\u00e7\u00f5es desde a postagem do Primeiro dia, no in\u00edcio de dezembro. O material, preparado por colaboradores do Vicariato Episcopal para A\u00e7\u00e3o Pastoral da Arquidiocese de Belo Horizonte, foi gravado pela equipe de produ\u00e7\u00e3o audiovisual do Secretariado Nacional para a Causa de Canoniza\u00e7\u00e3o do Bem-Aventurado Padre Eust\u00e1quio\" \/>\n<meta property=\"og:url\" content=\"https:\/\/www.padreeustaquio.com.br\/es\/devotos-de-todo-el-pais-se-unen-a-la-novena-navidena-grabada-por-la-iglesia-del-padre-eustaquio\/\" \/>\n<meta property=\"og:site_name\" content=\"Padre Eust\u00e1quio\" \/>\n<meta property=\"article:publisher\" content=\"https:\/\/www.facebook.com\/beatopadreeustaquio\/\" \/>\n<meta property=\"article:published_time\" content=\"2022-12-14T09:06:00+00:00\" \/>\n<meta property=\"og:image\" content=\"https:\/\/www.padreeustaquio.com.br\/wp-content\/uploads\/2022\/12\/novena-de-natal.jpeg\" \/>\n\t<meta property=\"og:image:width\" content=\"1600\" \/>\n\t<meta property=\"og:image:height\" content=\"1200\" \/>\n\t<meta property=\"og:image:type\" content=\"image\/jpeg\" \/>\n<meta name=\"author\" content=\"@sscc\" \/>\n<meta name=\"twitter:card\" content=\"summary_large_image\" \/>\n<meta name=\"twitter:image\" content=\"https:\/\/www.padreeustaquio.com.br\/wp-content\/uploads\/2022\/12\/novena-de-natal.jpeg\" \/>\n<meta name=\"twitter:creator\" content=\"@beatopeustaquio\" \/>\n<meta name=\"twitter:site\" content=\"@beatopeustaquio\" \/>\n<meta name=\"twitter:label1\" content=\"Escrito por\" \/>\n\t<meta name=\"twitter:data1\" content=\"@sscc\" \/>\n\t<meta name=\"twitter:label2\" content=\"Tiempo de lectura\" \/>\n\t<meta name=\"twitter:data2\" content=\"1 minuto\" \/>\n<script type=\"application\/ld+json\" class=\"yoast-schema-graph\">{\"@context\":\"https:\/\/schema.org\",\"@graph\":[{\"@type\":\"Article\",\"@id\":\"https:\/\/www.padreeustaquio.com.br\/devotos-de-todo-o-pais-aderem-a-novena-de-natal-gravada-pela-igreja-do-padre-eustaquio\/#article\",\"isPartOf\":{\"@id\":\"https:\/\/www.padreeustaquio.com.br\/devotos-de-todo-o-pais-aderem-a-novena-de-natal-gravada-pela-igreja-do-padre-eustaquio\/\"},\"author\":{\"name\":\"@sscc\",\"@id\":\"https:\/\/www.padreeustaquio.com.br\/#\/schema\/person\/a2a51db1d00f1a7af0204a0f1ddb1566\"},\"headline\":\"Devotos de todo o pa\u00eds aderem \u00e0 Novena de Natal gravada pela Igreja do Padre Eust\u00e1quio\",\"datePublished\":\"2022-12-14T09:06:00+00:00\",\"mainEntityOfPage\":{\"@id\":\"https:\/\/www.padreeustaquio.com.br\/devotos-de-todo-o-pais-aderem-a-novena-de-natal-gravada-pela-igreja-do-padre-eustaquio\/\"},\"wordCount\":266,\"commentCount\":0,\"publisher\":{\"@id\":\"https:\/\/www.padreeustaquio.com.br\/#organization\"},\"image\":{\"@id\":\"https:\/\/www.padreeustaquio.com.br\/devotos-de-todo-o-pais-aderem-a-novena-de-natal-gravada-pela-igreja-do-padre-eustaquio\/#primaryimage\"},\"thumbnailUrl\":\"https:\/\/www.padreeustaquio.com.br\/wp-content\/uploads\/2022\/12\/novena-de-natal.jpeg\",\"articleSection\":[\"Not\u00edcias\"],\"inLanguage\":\"es\",\"potentialAction\":[{\"@type\":\"CommentAction\",\"name\":\"Comment\",\"target\":[\"https:\/\/www.padreeustaquio.com.br\/devotos-de-todo-o-pais-aderem-a-novena-de-natal-gravada-pela-igreja-do-padre-eustaquio\/#respond\"]}]},{\"@type\":\"WebPage\",\"@id\":\"https:\/\/www.padreeustaquio.com.br\/devotos-de-todo-o-pais-aderem-a-novena-de-natal-gravada-pela-igreja-do-padre-eustaquio\/\",\"url\":\"https:\/\/www.padreeustaquio.com.br\/devotos-de-todo-o-pais-aderem-a-novena-de-natal-gravada-pela-igreja-do-padre-eustaquio\/\",\"name\":\"Devotos de todo o pa\u00eds aderem \u00e0 Novena de Natal gravada pela Igreja do Padre Eust\u00e1quio\",\"isPartOf\":{\"@id\":\"https:\/\/www.padreeustaquio.com.br\/#website\"},\"primaryImageOfPage\":{\"@id\":\"https:\/\/www.padreeustaquio.com.br\/devotos-de-todo-o-pais-aderem-a-novena-de-natal-gravada-pela-igreja-do-padre-eustaquio\/#primaryimage\"},\"image\":{\"@id\":\"https:\/\/www.padreeustaquio.com.br\/devotos-de-todo-o-pais-aderem-a-novena-de-natal-gravada-pela-igreja-do-padre-eustaquio\/#primaryimage\"},\"thumbnailUrl\":\"https:\/\/www.padreeustaquio.com.br\/wp-content\/uploads\/2022\/12\/novena-de-natal.jpeg\",\"datePublished\":\"2022-12-14T09:06:00+00:00\",\"description\":\"Os v\u00eddeos da Novena de Natal 2022, postados no Canal Padre Eust\u00e1quio, no YouTube, j\u00e1 alcan\u00e7aram quase 20 mil visualiza\u00e7\u00f5es desde a postagem do Primeiro dia, no in\u00edcio de dezembro. O material, preparado por colaboradores do Vicariato Episcopal para A\u00e7\u00e3o Pastoral da Arquidiocese de Belo Horizonte, foi gravado pela equipe de produ\u00e7\u00e3o audiovisual do Secretariado Nacional para a Causa de Canoniza\u00e7\u00e3o do Bem-Aventurado Padre Eust\u00e1quio\",\"breadcrumb\":{\"@id\":\"https:\/\/www.padreeustaquio.com.br\/devotos-de-todo-o-pais-aderem-a-novena-de-natal-gravada-pela-igreja-do-padre-eustaquio\/#breadcrumb\"},\"inLanguage\":\"es\",\"potentialAction\":[{\"@type\":\"ReadAction\",\"target\":[\"https:\/\/www.padreeustaquio.com.br\/devotos-de-todo-o-pais-aderem-a-novena-de-natal-gravada-pela-igreja-do-padre-eustaquio\/\"]}]},{\"@type\":\"ImageObject\",\"inLanguage\":\"es\",\"@id\":\"https:\/\/www.padreeustaquio.com.br\/devotos-de-todo-o-pais-aderem-a-novena-de-natal-gravada-pela-igreja-do-padre-eustaquio\/#primaryimage\",\"url\":\"https:\/\/www.padreeustaquio.com.br\/wp-content\/uploads\/2022\/12\/novena-de-natal.jpeg\",\"contentUrl\":\"https:\/\/www.padreeustaquio.com.br\/wp-content\/uploads\/2022\/12\/novena-de-natal.jpeg\",\"width\":1600,\"height\":1200},{\"@type\":\"BreadcrumbList\",\"@id\":\"https:\/\/www.padreeustaquio.com.br\/devotos-de-todo-o-pais-aderem-a-novena-de-natal-gravada-pela-igreja-do-padre-eustaquio\/#breadcrumb\",\"itemListElement\":[{\"@type\":\"ListItem\",\"position\":1,\"name\":\"In\u00edcio\",\"item\":\"https:\/\/www.padreeustaquio.com.br\/\"},{\"@type\":\"ListItem\",\"position\":2,\"name\":\"Devotos de todo o pa\u00eds aderem \u00e0 Novena de Natal gravada pela Igreja do Padre Eust\u00e1quio\"}]},{\"@type\":\"WebSite\",\"@id\":\"https:\/\/www.padreeustaquio.com.br\/#website\",\"url\":\"https:\/\/www.padreeustaquio.com.br\/\",\"name\":\"Padre Eust\u00e1quio\",\"description\":\"Sa\u00fade e Paz\",\"publisher\":{\"@id\":\"https:\/\/www.padreeustaquio.com.br\/#organization\"},\"potentialAction\":[{\"@type\":\"SearchAction\",\"target\":{\"@type\":\"EntryPoint\",\"urlTemplate\":\"https:\/\/www.padreeustaquio.com.br\/?s={search_term_string}\"},\"query-input\":{\"@type\":\"PropertyValueSpecification\",\"valueRequired\":true,\"valueName\":\"search_term_string\"}}],\"inLanguage\":\"es\"},{\"@type\":\"Organization\",\"@id\":\"https:\/\/www.padreeustaquio.com.br\/#organization\",\"name\":\"Padre Eust\u00e1quio\",\"url\":\"https:\/\/www.padreeustaquio.com.br\/\",\"logo\":{\"@type\":\"ImageObject\",\"inLanguage\":\"es\",\"@id\":\"https:\/\/www.padreeustaquio.com.br\/#\/schema\/logo\/image\/\",\"url\":\"https:\/\/www.padreeustaquio.com.br\/wp-content\/uploads\/2019\/08\/marca.png\",\"contentUrl\":\"https:\/\/www.padreeustaquio.com.br\/wp-content\/uploads\/2019\/08\/marca.png\",\"width\":350,\"height\":400,\"caption\":\"Padre Eust\u00e1quio\"},\"image\":{\"@id\":\"https:\/\/www.padreeustaquio.com.br\/#\/schema\/logo\/image\/\"},\"sameAs\":[\"https:\/\/www.facebook.com\/beatopadreeustaquio\/\",\"https:\/\/x.com\/beatopeustaquio\",\"https:\/\/www.instagram.com\/beatopadreeustaquio\/\",\"https:\/\/www.youtube.com\/channel\/UCRhw7vfabnajwLxb1ZXMeIw\"]},{\"@type\":\"Person\",\"@id\":\"https:\/\/www.padreeustaquio.com.br\/#\/schema\/person\/a2a51db1d00f1a7af0204a0f1ddb1566\",\"name\":\"@sscc\",\"image\":{\"@type\":\"ImageObject\",\"inLanguage\":\"es\",\"@id\":\"https:\/\/secure.gravatar.com\/avatar\/68cfafa5f44617fea54071e215026e0ff06be366c3d54a8425f04fdcb86f8c5f?s=96&d=mm&r=g\",\"url\":\"https:\/\/secure.gravatar.com\/avatar\/68cfafa5f44617fea54071e215026e0ff06be366c3d54a8425f04fdcb86f8c5f?s=96&d=mm&r=g\",\"contentUrl\":\"https:\/\/secure.gravatar.com\/avatar\/68cfafa5f44617fea54071e215026e0ff06be366c3d54a8425f04fdcb86f8c5f?s=96&d=mm&r=g\",\"caption\":\"@sscc\"},\"url\":\"https:\/\/www.padreeustaquio.com.br\/es\/author\/sscc\/\"}]}<\/script>\n<!-- \/ Yoast SEO plugin. -->","yoast_head_json":{"title":"Devotos de todo el pa\u00eds se unen a la Novena de Navidad grabada por la Iglesia Padre Eust\u00e1quio.","description":"Los videos de la Novena de Navidad de 2022, publicados en el Canal Padre Eust\u00e1quio de YouTube, ya han alcanzado casi 20.000 visualizaciones desde su publicaci\u00f3n el primer d\u00eda, a principios de diciembre. El material, preparado por colaboradores del Vicariato Episcopal para la Acci\u00f3n Pastoral de la Arquidi\u00f3cesis de Belo Horizonte, fue grabado por el equipo de producci\u00f3n audiovisual del Secretariado Nacional para la Causa de Canonizaci\u00f3n del Beato Padre Eust\u00e1quio.","robots":{"index":"index","follow":"follow","max-snippet":"max-snippet:-1","max-image-preview":"max-image-preview:large","max-video-preview":"max-video-preview:-1"},"canonical":"https:\/\/www.padreeustaquio.com.br\/es\/devotos-de-todo-el-pais-se-unen-a-la-novena-navidena-grabada-por-la-iglesia-del-padre-eustaquio\/","og_locale":"es_ES","og_type":"article","og_title":"Devotos de todo o pa\u00eds aderem \u00e0 Novena de Natal gravada pela Igreja do Padre Eust\u00e1quio","og_description":"Os v\u00eddeos da Novena de Natal 2022, postados no Canal Padre Eust\u00e1quio, no YouTube, j\u00e1 alcan\u00e7aram quase 20 mil visualiza\u00e7\u00f5es desde a postagem do Primeiro dia, no in\u00edcio de dezembro. O material, preparado por colaboradores do Vicariato Episcopal para A\u00e7\u00e3o Pastoral da Arquidiocese de Belo Horizonte, foi gravado pela equipe de produ\u00e7\u00e3o audiovisual do Secretariado Nacional para a Causa de Canoniza\u00e7\u00e3o do Bem-Aventurado Padre Eust\u00e1quio","og_url":"https:\/\/www.padreeustaquio.com.br\/es\/devotos-de-todo-el-pais-se-unen-a-la-novena-navidena-grabada-por-la-iglesia-del-padre-eustaquio\/","og_site_name":"Padre Eust\u00e1quio","article_publisher":"https:\/\/www.facebook.com\/beatopadreeustaquio\/","article_published_time":"2022-12-14T09:06:00+00:00","og_image":[{"width":1600,"height":1200,"url":"https:\/\/www.padreeustaquio.com.br\/wp-content\/uploads\/2022\/12\/novena-de-natal.jpeg","type":"image\/jpeg"}],"author":"@sscc","twitter_card":"summary_large_image","twitter_image":"https:\/\/www.padreeustaquio.com.br\/wp-content\/uploads\/2022\/12\/novena-de-natal.jpeg","twitter_creator":"@beatopeustaquio","twitter_site":"@beatopeustaquio","twitter_misc":{"Escrito por":"@sscc","Tiempo de lectura":"1 minuto"},"schema":{"@context":"https:\/\/schema.org","@graph":[{"@type":"Article","@id":"https:\/\/www.padreeustaquio.com.br\/devotos-de-todo-o-pais-aderem-a-novena-de-natal-gravada-pela-igreja-do-padre-eustaquio\/#article","isPartOf":{"@id":"https:\/\/www.padreeustaquio.com.br\/devotos-de-todo-o-pais-aderem-a-novena-de-natal-gravada-pela-igreja-do-padre-eustaquio\/"},"author":{"name":"@sscc","@id":"https:\/\/www.padreeustaquio.com.br\/#\/schema\/person\/a2a51db1d00f1a7af0204a0f1ddb1566"},"headline":"Devotos de todo o pa\u00eds aderem \u00e0 Novena de Natal gravada pela Igreja do Padre Eust\u00e1quio","datePublished":"2022-12-14T09:06:00+00:00","mainEntityOfPage":{"@id":"https:\/\/www.padreeustaquio.com.br\/devotos-de-todo-o-pais-aderem-a-novena-de-natal-gravada-pela-igreja-do-padre-eustaquio\/"},"wordCount":266,"commentCount":0,"publisher":{"@id":"https:\/\/www.padreeustaquio.com.br\/#organization"},"image":{"@id":"https:\/\/www.padreeustaquio.com.br\/devotos-de-todo-o-pais-aderem-a-novena-de-natal-gravada-pela-igreja-do-padre-eustaquio\/#primaryimage"},"thumbnailUrl":"https:\/\/www.padreeustaquio.com.br\/wp-content\/uploads\/2022\/12\/novena-de-natal.jpeg","articleSection":["Not\u00edcias"],"inLanguage":"es","potentialAction":[{"@type":"CommentAction","name":"Comment","target":["https:\/\/www.padreeustaquio.com.br\/devotos-de-todo-o-pais-aderem-a-novena-de-natal-gravada-pela-igreja-do-padre-eustaquio\/#respond"]}]},{"@type":"WebPage","@id":"https:\/\/www.padreeustaquio.com.br\/devotos-de-todo-o-pais-aderem-a-novena-de-natal-gravada-pela-igreja-do-padre-eustaquio\/","url":"https:\/\/www.padreeustaquio.com.br\/devotos-de-todo-o-pais-aderem-a-novena-de-natal-gravada-pela-igreja-do-padre-eustaquio\/","name":"Devotos de todo el pa\u00eds se unen a la Novena de Navidad grabada por la Iglesia Padre Eust\u00e1quio.","isPartOf":{"@id":"https:\/\/www.padreeustaquio.com.br\/#website"},"primaryImageOfPage":{"@id":"https:\/\/www.padreeustaquio.com.br\/devotos-de-todo-o-pais-aderem-a-novena-de-natal-gravada-pela-igreja-do-padre-eustaquio\/#primaryimage"},"image":{"@id":"https:\/\/www.padreeustaquio.com.br\/devotos-de-todo-o-pais-aderem-a-novena-de-natal-gravada-pela-igreja-do-padre-eustaquio\/#primaryimage"},"thumbnailUrl":"https:\/\/www.padreeustaquio.com.br\/wp-content\/uploads\/2022\/12\/novena-de-natal.jpeg","datePublished":"2022-12-14T09:06:00+00:00","description":"Los videos de la Novena de Navidad de 2022, publicados en el Canal Padre Eust\u00e1quio de YouTube, ya han alcanzado casi 20.000 visualizaciones desde su publicaci\u00f3n el primer d\u00eda, a principios de diciembre. El material, preparado por colaboradores del Vicariato Episcopal para la Acci\u00f3n Pastoral de la Arquidi\u00f3cesis de Belo Horizonte, fue grabado por el equipo de producci\u00f3n audiovisual del Secretariado Nacional para la Causa de Canonizaci\u00f3n del Beato Padre Eust\u00e1quio.","breadcrumb":{"@id":"https:\/\/www.padreeustaquio.com.br\/devotos-de-todo-o-pais-aderem-a-novena-de-natal-gravada-pela-igreja-do-padre-eustaquio\/#breadcrumb"},"inLanguage":"es","potentialAction":[{"@type":"ReadAction","target":["https:\/\/www.padreeustaquio.com.br\/devotos-de-todo-o-pais-aderem-a-novena-de-natal-gravada-pela-igreja-do-padre-eustaquio\/"]}]},{"@type":"ImageObject","inLanguage":"es","@id":"https:\/\/www.padreeustaquio.com.br\/devotos-de-todo-o-pais-aderem-a-novena-de-natal-gravada-pela-igreja-do-padre-eustaquio\/#primaryimage","url":"https:\/\/www.padreeustaquio.com.br\/wp-content\/uploads\/2022\/12\/novena-de-natal.jpeg","contentUrl":"https:\/\/www.padreeustaquio.com.br\/wp-content\/uploads\/2022\/12\/novena-de-natal.jpeg","width":1600,"height":1200},{"@type":"BreadcrumbList","@id":"https:\/\/www.padreeustaquio.com.br\/devotos-de-todo-o-pais-aderem-a-novena-de-natal-gravada-pela-igreja-do-padre-eustaquio\/#breadcrumb","itemListElement":[{"@type":"ListItem","position":1,"name":"In\u00edcio","item":"https:\/\/www.padreeustaquio.com.br\/"},{"@type":"ListItem","position":2,"name":"Devotos de todo o pa\u00eds aderem \u00e0 Novena de Natal gravada pela Igreja do Padre Eust\u00e1quio"}]},{"@type":"WebSite","@id":"https:\/\/www.padreeustaquio.com.br\/#website","url":"https:\/\/www.padreeustaquio.com.br\/","name":"Padre Eustace","description":"Salud y Paz","publisher":{"@id":"https:\/\/www.padreeustaquio.com.br\/#organization"},"potentialAction":[{"@type":"SearchAction","target":{"@type":"EntryPoint","urlTemplate":"https:\/\/www.padreeustaquio.com.br\/?s={search_term_string}"},"query-input":{"@type":"PropertyValueSpecification","valueRequired":true,"valueName":"search_term_string"}}],"inLanguage":"es"},{"@type":"Organization","@id":"https:\/\/www.padreeustaquio.com.br\/#organization","name":"Padre Eustace","url":"https:\/\/www.padreeustaquio.com.br\/","logo":{"@type":"ImageObject","inLanguage":"es","@id":"https:\/\/www.padreeustaquio.com.br\/#\/schema\/logo\/image\/","url":"https:\/\/www.padreeustaquio.com.br\/wp-content\/uploads\/2019\/08\/marca.png","contentUrl":"https:\/\/www.padreeustaquio.com.br\/wp-content\/uploads\/2019\/08\/marca.png","width":350,"height":400,"caption":"Padre Eust\u00e1quio"},"image":{"@id":"https:\/\/www.padreeustaquio.com.br\/#\/schema\/logo\/image\/"},"sameAs":["https:\/\/www.facebook.com\/beatopadreeustaquio\/","https:\/\/x.com\/beatopeustaquio","https:\/\/www.instagram.com\/beatopadreeustaquio\/","https:\/\/www.youtube.com\/channel\/UCRhw7vfabnajwLxb1ZXMeIw"]},{"@type":"Person","@id":"https:\/\/www.padreeustaquio.com.br\/#\/schema\/person\/a2a51db1d00f1a7af0204a0f1ddb1566","name":"@sscc","image":{"@type":"ImageObject","inLanguage":"es","@id":"https:\/\/secure.gravatar.com\/avatar\/68cfafa5f44617fea54071e215026e0ff06be366c3d54a8425f04fdcb86f8c5f?s=96&d=mm&r=g","url":"https:\/\/secure.gravatar.com\/avatar\/68cfafa5f44617fea54071e215026e0ff06be366c3d54a8425f04fdcb86f8c5f?s=96&d=mm&r=g","contentUrl":"https:\/\/secure.gravatar.com\/avatar\/68cfafa5f44617fea54071e215026e0ff06be366c3d54a8425f04fdcb86f8c5f?s=96&d=mm&r=g","caption":"@sscc"},"url":"https:\/\/www.padreeustaquio.com.br\/es\/author\/sscc\/"}]}},"_links":{"self":[{"href":"https:\/\/www.padreeustaquio.com.br\/es\/wp-json\/wp\/v2\/posts\/9639","targetHints":{"allow":["GET"]}}],"collection":[{"href":"https:\/\/www.padreeustaquio.com.br\/es\/wp-json\/wp\/v2\/posts"}],"about":[{"href":"https:\/\/www.padreeustaquio.com.br\/es\/wp-json\/wp\/v2\/types\/post"}],"author":[{"embeddable":true,"href":"https:\/\/www.padreeustaquio.com.br\/es\/wp-json\/wp\/v2\/users\/2"}],"replies":[{"embeddable":true,"href":"https:\/\/www.padreeustaquio.com.br\/es\/wp-json\/wp\/v2\/comments?post=9639"}],"version-history":[{"count":0,"href":"https:\/\/www.padreeustaquio.com.br\/es\/wp-json\/wp\/v2\/posts\/9639\/revisions"}],"wp:featuredmedia":[{"embeddable":true,"href":"https:\/\/www.padreeustaquio.com.br\/es\/wp-json\/wp\/v2\/media\/9640"}],"wp:attachment":[{"href":"https:\/\/www.padreeustaquio.com.br\/es\/wp-json\/wp\/v2\/media?parent=9639"}],"wp:term":[{"taxonomy":"category","embeddable":true,"href":"https:\/\/www.padreeustaquio.com.br\/es\/wp-json\/wp\/v2\/categories?post=9639"},{"taxonomy":"post_tag","embeddable":true,"href":"https:\/\/www.padreeustaquio.com.br\/es\/wp-json\/wp\/v2\/tags?post=9639"}],"curies":[{"name":"wp","href":"https:\/\/api.w.org\/{rel}","templated":true}]}}