{"id":9635,"date":"2022-12-13T06:42:00","date_gmt":"2022-12-13T09:42:00","guid":{"rendered":"https:\/\/www.padreeustaquio.com.br\/?p=9635"},"modified":"2022-12-12T12:05:22","modified_gmt":"2022-12-12T15:05:22","slug":"la-tienda-del-padre-eustaquio-entrega-regalos-a-sus-clientes-en-alianza-con-la-editorial-vozes","status":"publish","type":"post","link":"https:\/\/www.padreeustaquio.com.br\/es\/la-tienda-del-padre-eustaquio-entrega-regalos-a-sus-clientes-en-alianza-con-la-editorial-vozes\/","title":{"rendered":"La tienda del Padre Eust\u00e1quio entrega regalos a los clientes en colaboraci\u00f3n con la Editora Vozes."},"content":{"rendered":"<p>La Tienda Padre Eust\u00e1quio, junto con Editora Vozes, sortear\u00e1 premios entre los clientes que adquieran un producto Vozes en la Tienda del Santuario. Esta colaboraci\u00f3n busca corresponder el cari\u00f1o que los clientes sienten por la Tienda Padre Eust\u00e1quio y Editora Vozes durante todo el a\u00f1o.<\/p>\n\n\n\n<p>El periodo promocional ya ha comenzado. Al comprar el calendario del Sagrado Coraz\u00f3n o cualquier libro de la editorial, recibir\u00e1s un cup\u00f3n para participar en el sorteo. Habr\u00e1 dos kits, lo que significa dos clientes afortunados.<\/p>\n\n\n\n<p>El sorteo se realizar\u00e1 el 6 de enero de 2023 a las 15:00 h en la tienda Padre Eust\u00e1quio. \u00a1No te lo pierdas!<\/p>\n\n\n\n<p>Cada kit contendr\u00e1 los siguientes productos:<\/p>\n\n\n\n<ul class=\"wp-block-list\">\n<li>Libro \u201cEl arte de detener el tiempo\u201d, de Pedram Shojai<\/li>\n\n\n\n<li>Libro \u201cComprender la misa que celebramos\u201d, de Ant\u00f4nio Sagrado Bogaz y Jo\u00e3o Henrique Hansen<\/li>\n\n\n\n<li>Libro \u201cEl libro de la felicidad\u201d, de Joan Chittister<\/li>\n\n\n\n<li>Libro \u201cSabidur\u00eda B\u00edblica\u201d, de Anselm Grun<\/li>\n\n\n\n<li>Libro \u201cCuando oro\u201d, de Bruno Carneiro Lira, sor Jaida Rocha Caetit\u00e9, sor Roberta Peluso y S\u00f4nia de F\u00e1tima Marani Lunardelli<\/li>\n\n\n\n<li>Calendario del Sagrado Coraz\u00f3n de Jes\u00fas 2023<\/li>\n\n\n\n<li>Im\u00e1n del Sagrado Coraz\u00f3n de Jes\u00fas<\/li>\n<\/ul>\n\n\n\n<p>Para m\u00e1s informaci\u00f3n sobre la promoci\u00f3n, simplemente llame a la tienda Padre Eust\u00e1quio o env\u00ede un mensaje de WhatsApp al mismo n\u00famero: (31) 3567-0314<\/p>","protected":false},"excerpt":{"rendered":"<p>A Loja do Padre Eust\u00e1quio, juntamente com a Editora Vozes, ir\u00e1 sortear brindes para os clientes que adquirirem um produto Vozes na Loja do Santu\u00e1rio. A parceria tem como objetivo retribuir o carinho que os clientes tem pela Loja do Padre Eust\u00e1quio e pela Editora Vozes o ano todo. O per\u00edodo de promo\u00e7\u00e3o j\u00e1 come\u00e7ou. Ao adquirir a folhinha do Sagrado Cora\u00e7\u00e3o, ou qualquer livro da editora voc\u00ea ganha um cupom para participar do sorteio. Ser\u00e3o dois kits e com isso, dois clientes contemplados. O sorteio acontecer\u00e1 dia 06 de janeiro de 2023, \u00e0s 15h, na Loja do Padre Eust\u00e1quio. [&hellip;]<\/p>\n","protected":false},"author":2,"featured_media":9636,"comment_status":"open","ping_status":"closed","sticky":false,"template":"","format":"standard","meta":{"_acf_changed":false,"footnotes":""},"categories":[611],"tags":[],"class_list":["post-9635","post","type-post","status-publish","format-standard","has-post-thumbnail","hentry","category-noticias"],"acf":[],"yoast_head":"<!-- This site is optimized with the Yoast SEO plugin v27.2 - https:\/\/yoast.com\/product\/yoast-seo-wordpress\/ -->\n<title>Loja do Padre Eust\u00e1quio presenteia clientes em parceria com Editora Vozes<\/title>\n<meta name=\"description\" content=\"A Loja do Padre Eust\u00e1quio, juntamente com a Editora Vozes, ir\u00e1 sortear brindes para os clientes que adquirirem um produto Vozes na Loja do Santu\u00e1rio. A parceria tem como objetivo retribuir o carinho que os clientes tem pela Loja do Padre Eust\u00e1quio e pela Editora Vozes o ano todo.\" \/>\n<meta name=\"robots\" content=\"index, follow, max-snippet:-1, max-image-preview:large, max-video-preview:-1\" \/>\n<link rel=\"canonical\" href=\"https:\/\/www.padreeustaquio.com.br\/es\/la-tienda-del-padre-eustaquio-entrega-regalos-a-sus-clientes-en-alianza-con-la-editorial-vozes\/\" \/>\n<meta property=\"og:locale\" content=\"es_ES\" \/>\n<meta property=\"og:type\" content=\"article\" \/>\n<meta property=\"og:title\" content=\"Loja do Padre Eust\u00e1quio presenteia clientes em parceria com Editora Vozes\" \/>\n<meta property=\"og:description\" content=\"A Loja do Padre Eust\u00e1quio, juntamente com a Editora Vozes, ir\u00e1 sortear brindes para os clientes que adquirirem um produto Vozes na Loja do Santu\u00e1rio. A parceria tem como objetivo retribuir o carinho que os clientes tem pela Loja do Padre Eust\u00e1quio e pela Editora Vozes o ano todo.\" \/>\n<meta property=\"og:url\" content=\"https:\/\/www.padreeustaquio.com.br\/es\/la-tienda-del-padre-eustaquio-entrega-regalos-a-sus-clientes-en-alianza-con-la-editorial-vozes\/\" \/>\n<meta property=\"og:site_name\" content=\"Padre Eust\u00e1quio\" \/>\n<meta property=\"article:publisher\" content=\"https:\/\/www.facebook.com\/beatopadreeustaquio\/\" \/>\n<meta property=\"article:published_time\" content=\"2022-12-13T09:42:00+00:00\" \/>\n<meta property=\"og:image\" content=\"https:\/\/www.padreeustaquio.com.br\/wp-content\/uploads\/2022\/12\/kit-vozes-padre-eustaquio.jpeg\" \/>\n\t<meta property=\"og:image:width\" content=\"1600\" \/>\n\t<meta property=\"og:image:height\" content=\"1200\" \/>\n\t<meta property=\"og:image:type\" content=\"image\/jpeg\" \/>\n<meta name=\"author\" content=\"@sscc\" \/>\n<meta name=\"twitter:card\" content=\"summary_large_image\" \/>\n<meta name=\"twitter:image\" content=\"https:\/\/www.padreeustaquio.com.br\/wp-content\/uploads\/2022\/12\/kit-vozes-padre-eustaquio.jpeg\" \/>\n<meta name=\"twitter:creator\" content=\"@beatopeustaquio\" \/>\n<meta name=\"twitter:site\" content=\"@beatopeustaquio\" \/>\n<meta name=\"twitter:label1\" content=\"Escrito por\" \/>\n\t<meta name=\"twitter:data1\" content=\"@sscc\" \/>\n\t<meta name=\"twitter:label2\" content=\"Tiempo de lectura\" \/>\n\t<meta name=\"twitter:data2\" content=\"1 minuto\" \/>\n<script type=\"application\/ld+json\" class=\"yoast-schema-graph\">{\"@context\":\"https:\/\/schema.org\",\"@graph\":[{\"@type\":\"Article\",\"@id\":\"https:\/\/www.padreeustaquio.com.br\/loja-do-padre-eustaquio-presenteia-clientes-em-parceria-com-editora-vozes\/#article\",\"isPartOf\":{\"@id\":\"https:\/\/www.padreeustaquio.com.br\/loja-do-padre-eustaquio-presenteia-clientes-em-parceria-com-editora-vozes\/\"},\"author\":{\"name\":\"@sscc\",\"@id\":\"https:\/\/www.padreeustaquio.com.br\/#\/schema\/person\/a2a51db1d00f1a7af0204a0f1ddb1566\"},\"headline\":\"Loja do Padre Eust\u00e1quio presenteia clientes em parceria com Editora Vozes\",\"datePublished\":\"2022-12-13T09:42:00+00:00\",\"mainEntityOfPage\":{\"@id\":\"https:\/\/www.padreeustaquio.com.br\/loja-do-padre-eustaquio-presenteia-clientes-em-parceria-com-editora-vozes\/\"},\"wordCount\":236,\"commentCount\":0,\"publisher\":{\"@id\":\"https:\/\/www.padreeustaquio.com.br\/#organization\"},\"image\":{\"@id\":\"https:\/\/www.padreeustaquio.com.br\/loja-do-padre-eustaquio-presenteia-clientes-em-parceria-com-editora-vozes\/#primaryimage\"},\"thumbnailUrl\":\"https:\/\/www.padreeustaquio.com.br\/wp-content\/uploads\/2022\/12\/kit-vozes-padre-eustaquio.jpeg\",\"articleSection\":[\"Not\u00edcias\"],\"inLanguage\":\"es\",\"potentialAction\":[{\"@type\":\"CommentAction\",\"name\":\"Comment\",\"target\":[\"https:\/\/www.padreeustaquio.com.br\/loja-do-padre-eustaquio-presenteia-clientes-em-parceria-com-editora-vozes\/#respond\"]}]},{\"@type\":\"WebPage\",\"@id\":\"https:\/\/www.padreeustaquio.com.br\/loja-do-padre-eustaquio-presenteia-clientes-em-parceria-com-editora-vozes\/\",\"url\":\"https:\/\/www.padreeustaquio.com.br\/loja-do-padre-eustaquio-presenteia-clientes-em-parceria-com-editora-vozes\/\",\"name\":\"Loja do Padre Eust\u00e1quio presenteia clientes em parceria com Editora Vozes\",\"isPartOf\":{\"@id\":\"https:\/\/www.padreeustaquio.com.br\/#website\"},\"primaryImageOfPage\":{\"@id\":\"https:\/\/www.padreeustaquio.com.br\/loja-do-padre-eustaquio-presenteia-clientes-em-parceria-com-editora-vozes\/#primaryimage\"},\"image\":{\"@id\":\"https:\/\/www.padreeustaquio.com.br\/loja-do-padre-eustaquio-presenteia-clientes-em-parceria-com-editora-vozes\/#primaryimage\"},\"thumbnailUrl\":\"https:\/\/www.padreeustaquio.com.br\/wp-content\/uploads\/2022\/12\/kit-vozes-padre-eustaquio.jpeg\",\"datePublished\":\"2022-12-13T09:42:00+00:00\",\"description\":\"A Loja do Padre Eust\u00e1quio, juntamente com a Editora Vozes, ir\u00e1 sortear brindes para os clientes que adquirirem um produto Vozes na Loja do Santu\u00e1rio. A parceria tem como objetivo retribuir o carinho que os clientes tem pela Loja do Padre Eust\u00e1quio e pela Editora Vozes o ano todo.\",\"breadcrumb\":{\"@id\":\"https:\/\/www.padreeustaquio.com.br\/loja-do-padre-eustaquio-presenteia-clientes-em-parceria-com-editora-vozes\/#breadcrumb\"},\"inLanguage\":\"es\",\"potentialAction\":[{\"@type\":\"ReadAction\",\"target\":[\"https:\/\/www.padreeustaquio.com.br\/loja-do-padre-eustaquio-presenteia-clientes-em-parceria-com-editora-vozes\/\"]}]},{\"@type\":\"ImageObject\",\"inLanguage\":\"es\",\"@id\":\"https:\/\/www.padreeustaquio.com.br\/loja-do-padre-eustaquio-presenteia-clientes-em-parceria-com-editora-vozes\/#primaryimage\",\"url\":\"https:\/\/www.padreeustaquio.com.br\/wp-content\/uploads\/2022\/12\/kit-vozes-padre-eustaquio.jpeg\",\"contentUrl\":\"https:\/\/www.padreeustaquio.com.br\/wp-content\/uploads\/2022\/12\/kit-vozes-padre-eustaquio.jpeg\",\"width\":1600,\"height\":1200},{\"@type\":\"BreadcrumbList\",\"@id\":\"https:\/\/www.padreeustaquio.com.br\/loja-do-padre-eustaquio-presenteia-clientes-em-parceria-com-editora-vozes\/#breadcrumb\",\"itemListElement\":[{\"@type\":\"ListItem\",\"position\":1,\"name\":\"In\u00edcio\",\"item\":\"https:\/\/www.padreeustaquio.com.br\/\"},{\"@type\":\"ListItem\",\"position\":2,\"name\":\"Loja do Padre Eust\u00e1quio presenteia clientes em parceria com Editora Vozes\"}]},{\"@type\":\"WebSite\",\"@id\":\"https:\/\/www.padreeustaquio.com.br\/#website\",\"url\":\"https:\/\/www.padreeustaquio.com.br\/\",\"name\":\"Padre Eust\u00e1quio\",\"description\":\"Sa\u00fade e Paz\",\"publisher\":{\"@id\":\"https:\/\/www.padreeustaquio.com.br\/#organization\"},\"potentialAction\":[{\"@type\":\"SearchAction\",\"target\":{\"@type\":\"EntryPoint\",\"urlTemplate\":\"https:\/\/www.padreeustaquio.com.br\/?s={search_term_string}\"},\"query-input\":{\"@type\":\"PropertyValueSpecification\",\"valueRequired\":true,\"valueName\":\"search_term_string\"}}],\"inLanguage\":\"es\"},{\"@type\":\"Organization\",\"@id\":\"https:\/\/www.padreeustaquio.com.br\/#organization\",\"name\":\"Padre Eust\u00e1quio\",\"url\":\"https:\/\/www.padreeustaquio.com.br\/\",\"logo\":{\"@type\":\"ImageObject\",\"inLanguage\":\"es\",\"@id\":\"https:\/\/www.padreeustaquio.com.br\/#\/schema\/logo\/image\/\",\"url\":\"https:\/\/www.padreeustaquio.com.br\/wp-content\/uploads\/2019\/08\/marca.png\",\"contentUrl\":\"https:\/\/www.padreeustaquio.com.br\/wp-content\/uploads\/2019\/08\/marca.png\",\"width\":350,\"height\":400,\"caption\":\"Padre Eust\u00e1quio\"},\"image\":{\"@id\":\"https:\/\/www.padreeustaquio.com.br\/#\/schema\/logo\/image\/\"},\"sameAs\":[\"https:\/\/www.facebook.com\/beatopadreeustaquio\/\",\"https:\/\/x.com\/beatopeustaquio\",\"https:\/\/www.instagram.com\/beatopadreeustaquio\/\",\"https:\/\/www.youtube.com\/channel\/UCRhw7vfabnajwLxb1ZXMeIw\"]},{\"@type\":\"Person\",\"@id\":\"https:\/\/www.padreeustaquio.com.br\/#\/schema\/person\/a2a51db1d00f1a7af0204a0f1ddb1566\",\"name\":\"@sscc\",\"image\":{\"@type\":\"ImageObject\",\"inLanguage\":\"es\",\"@id\":\"https:\/\/secure.gravatar.com\/avatar\/68cfafa5f44617fea54071e215026e0ff06be366c3d54a8425f04fdcb86f8c5f?s=96&d=mm&r=g\",\"url\":\"https:\/\/secure.gravatar.com\/avatar\/68cfafa5f44617fea54071e215026e0ff06be366c3d54a8425f04fdcb86f8c5f?s=96&d=mm&r=g\",\"contentUrl\":\"https:\/\/secure.gravatar.com\/avatar\/68cfafa5f44617fea54071e215026e0ff06be366c3d54a8425f04fdcb86f8c5f?s=96&d=mm&r=g\",\"caption\":\"@sscc\"},\"url\":\"https:\/\/www.padreeustaquio.com.br\/es\/author\/sscc\/\"}]}<\/script>\n<!-- \/ Yoast SEO plugin. -->","yoast_head_json":{"title":"La tienda del Padre Eust\u00e1quio entrega regalos a los clientes en colaboraci\u00f3n con la Editora Vozes.","description":"La Tienda Padre Eust\u00e1quio, junto con Editora Vozes, sortear\u00e1 premios entre los clientes que adquieran un producto Vozes en la Tienda del Santuario. Esta colaboraci\u00f3n busca corresponder el cari\u00f1o que los clientes sienten por la Tienda Padre Eust\u00e1quio y Editora Vozes durante todo el a\u00f1o.","robots":{"index":"index","follow":"follow","max-snippet":"max-snippet:-1","max-image-preview":"max-image-preview:large","max-video-preview":"max-video-preview:-1"},"canonical":"https:\/\/www.padreeustaquio.com.br\/es\/la-tienda-del-padre-eustaquio-entrega-regalos-a-sus-clientes-en-alianza-con-la-editorial-vozes\/","og_locale":"es_ES","og_type":"article","og_title":"Loja do Padre Eust\u00e1quio presenteia clientes em parceria com Editora Vozes","og_description":"A Loja do Padre Eust\u00e1quio, juntamente com a Editora Vozes, ir\u00e1 sortear brindes para os clientes que adquirirem um produto Vozes na Loja do Santu\u00e1rio. A parceria tem como objetivo retribuir o carinho que os clientes tem pela Loja do Padre Eust\u00e1quio e pela Editora Vozes o ano todo.","og_url":"https:\/\/www.padreeustaquio.com.br\/es\/la-tienda-del-padre-eustaquio-entrega-regalos-a-sus-clientes-en-alianza-con-la-editorial-vozes\/","og_site_name":"Padre Eust\u00e1quio","article_publisher":"https:\/\/www.facebook.com\/beatopadreeustaquio\/","article_published_time":"2022-12-13T09:42:00+00:00","og_image":[{"width":1600,"height":1200,"url":"https:\/\/www.padreeustaquio.com.br\/wp-content\/uploads\/2022\/12\/kit-vozes-padre-eustaquio.jpeg","type":"image\/jpeg"}],"author":"@sscc","twitter_card":"summary_large_image","twitter_image":"https:\/\/www.padreeustaquio.com.br\/wp-content\/uploads\/2022\/12\/kit-vozes-padre-eustaquio.jpeg","twitter_creator":"@beatopeustaquio","twitter_site":"@beatopeustaquio","twitter_misc":{"Escrito por":"@sscc","Tiempo de lectura":"1 minuto"},"schema":{"@context":"https:\/\/schema.org","@graph":[{"@type":"Article","@id":"https:\/\/www.padreeustaquio.com.br\/loja-do-padre-eustaquio-presenteia-clientes-em-parceria-com-editora-vozes\/#article","isPartOf":{"@id":"https:\/\/www.padreeustaquio.com.br\/loja-do-padre-eustaquio-presenteia-clientes-em-parceria-com-editora-vozes\/"},"author":{"name":"@sscc","@id":"https:\/\/www.padreeustaquio.com.br\/#\/schema\/person\/a2a51db1d00f1a7af0204a0f1ddb1566"},"headline":"Loja do Padre Eust\u00e1quio presenteia clientes em parceria com Editora Vozes","datePublished":"2022-12-13T09:42:00+00:00","mainEntityOfPage":{"@id":"https:\/\/www.padreeustaquio.com.br\/loja-do-padre-eustaquio-presenteia-clientes-em-parceria-com-editora-vozes\/"},"wordCount":236,"commentCount":0,"publisher":{"@id":"https:\/\/www.padreeustaquio.com.br\/#organization"},"image":{"@id":"https:\/\/www.padreeustaquio.com.br\/loja-do-padre-eustaquio-presenteia-clientes-em-parceria-com-editora-vozes\/#primaryimage"},"thumbnailUrl":"https:\/\/www.padreeustaquio.com.br\/wp-content\/uploads\/2022\/12\/kit-vozes-padre-eustaquio.jpeg","articleSection":["Not\u00edcias"],"inLanguage":"es","potentialAction":[{"@type":"CommentAction","name":"Comment","target":["https:\/\/www.padreeustaquio.com.br\/loja-do-padre-eustaquio-presenteia-clientes-em-parceria-com-editora-vozes\/#respond"]}]},{"@type":"WebPage","@id":"https:\/\/www.padreeustaquio.com.br\/loja-do-padre-eustaquio-presenteia-clientes-em-parceria-com-editora-vozes\/","url":"https:\/\/www.padreeustaquio.com.br\/loja-do-padre-eustaquio-presenteia-clientes-em-parceria-com-editora-vozes\/","name":"La tienda del Padre Eust\u00e1quio entrega regalos a los clientes en colaboraci\u00f3n con la Editora Vozes.","isPartOf":{"@id":"https:\/\/www.padreeustaquio.com.br\/#website"},"primaryImageOfPage":{"@id":"https:\/\/www.padreeustaquio.com.br\/loja-do-padre-eustaquio-presenteia-clientes-em-parceria-com-editora-vozes\/#primaryimage"},"image":{"@id":"https:\/\/www.padreeustaquio.com.br\/loja-do-padre-eustaquio-presenteia-clientes-em-parceria-com-editora-vozes\/#primaryimage"},"thumbnailUrl":"https:\/\/www.padreeustaquio.com.br\/wp-content\/uploads\/2022\/12\/kit-vozes-padre-eustaquio.jpeg","datePublished":"2022-12-13T09:42:00+00:00","description":"La Tienda Padre Eust\u00e1quio, junto con Editora Vozes, sortear\u00e1 premios entre los clientes que adquieran un producto Vozes en la Tienda del Santuario. Esta colaboraci\u00f3n busca corresponder el cari\u00f1o que los clientes sienten por la Tienda Padre Eust\u00e1quio y Editora Vozes durante todo el a\u00f1o.","breadcrumb":{"@id":"https:\/\/www.padreeustaquio.com.br\/loja-do-padre-eustaquio-presenteia-clientes-em-parceria-com-editora-vozes\/#breadcrumb"},"inLanguage":"es","potentialAction":[{"@type":"ReadAction","target":["https:\/\/www.padreeustaquio.com.br\/loja-do-padre-eustaquio-presenteia-clientes-em-parceria-com-editora-vozes\/"]}]},{"@type":"ImageObject","inLanguage":"es","@id":"https:\/\/www.padreeustaquio.com.br\/loja-do-padre-eustaquio-presenteia-clientes-em-parceria-com-editora-vozes\/#primaryimage","url":"https:\/\/www.padreeustaquio.com.br\/wp-content\/uploads\/2022\/12\/kit-vozes-padre-eustaquio.jpeg","contentUrl":"https:\/\/www.padreeustaquio.com.br\/wp-content\/uploads\/2022\/12\/kit-vozes-padre-eustaquio.jpeg","width":1600,"height":1200},{"@type":"BreadcrumbList","@id":"https:\/\/www.padreeustaquio.com.br\/loja-do-padre-eustaquio-presenteia-clientes-em-parceria-com-editora-vozes\/#breadcrumb","itemListElement":[{"@type":"ListItem","position":1,"name":"In\u00edcio","item":"https:\/\/www.padreeustaquio.com.br\/"},{"@type":"ListItem","position":2,"name":"Loja do Padre Eust\u00e1quio presenteia clientes em parceria com Editora Vozes"}]},{"@type":"WebSite","@id":"https:\/\/www.padreeustaquio.com.br\/#website","url":"https:\/\/www.padreeustaquio.com.br\/","name":"Padre Eustace","description":"Salud y Paz","publisher":{"@id":"https:\/\/www.padreeustaquio.com.br\/#organization"},"potentialAction":[{"@type":"SearchAction","target":{"@type":"EntryPoint","urlTemplate":"https:\/\/www.padreeustaquio.com.br\/?s={search_term_string}"},"query-input":{"@type":"PropertyValueSpecification","valueRequired":true,"valueName":"search_term_string"}}],"inLanguage":"es"},{"@type":"Organization","@id":"https:\/\/www.padreeustaquio.com.br\/#organization","name":"Padre Eustace","url":"https:\/\/www.padreeustaquio.com.br\/","logo":{"@type":"ImageObject","inLanguage":"es","@id":"https:\/\/www.padreeustaquio.com.br\/#\/schema\/logo\/image\/","url":"https:\/\/www.padreeustaquio.com.br\/wp-content\/uploads\/2019\/08\/marca.png","contentUrl":"https:\/\/www.padreeustaquio.com.br\/wp-content\/uploads\/2019\/08\/marca.png","width":350,"height":400,"caption":"Padre Eust\u00e1quio"},"image":{"@id":"https:\/\/www.padreeustaquio.com.br\/#\/schema\/logo\/image\/"},"sameAs":["https:\/\/www.facebook.com\/beatopadreeustaquio\/","https:\/\/x.com\/beatopeustaquio","https:\/\/www.instagram.com\/beatopadreeustaquio\/","https:\/\/www.youtube.com\/channel\/UCRhw7vfabnajwLxb1ZXMeIw"]},{"@type":"Person","@id":"https:\/\/www.padreeustaquio.com.br\/#\/schema\/person\/a2a51db1d00f1a7af0204a0f1ddb1566","name":"@sscc","image":{"@type":"ImageObject","inLanguage":"es","@id":"https:\/\/secure.gravatar.com\/avatar\/68cfafa5f44617fea54071e215026e0ff06be366c3d54a8425f04fdcb86f8c5f?s=96&d=mm&r=g","url":"https:\/\/secure.gravatar.com\/avatar\/68cfafa5f44617fea54071e215026e0ff06be366c3d54a8425f04fdcb86f8c5f?s=96&d=mm&r=g","contentUrl":"https:\/\/secure.gravatar.com\/avatar\/68cfafa5f44617fea54071e215026e0ff06be366c3d54a8425f04fdcb86f8c5f?s=96&d=mm&r=g","caption":"@sscc"},"url":"https:\/\/www.padreeustaquio.com.br\/es\/author\/sscc\/"}]}},"_links":{"self":[{"href":"https:\/\/www.padreeustaquio.com.br\/es\/wp-json\/wp\/v2\/posts\/9635","targetHints":{"allow":["GET"]}}],"collection":[{"href":"https:\/\/www.padreeustaquio.com.br\/es\/wp-json\/wp\/v2\/posts"}],"about":[{"href":"https:\/\/www.padreeustaquio.com.br\/es\/wp-json\/wp\/v2\/types\/post"}],"author":[{"embeddable":true,"href":"https:\/\/www.padreeustaquio.com.br\/es\/wp-json\/wp\/v2\/users\/2"}],"replies":[{"embeddable":true,"href":"https:\/\/www.padreeustaquio.com.br\/es\/wp-json\/wp\/v2\/comments?post=9635"}],"version-history":[{"count":0,"href":"https:\/\/www.padreeustaquio.com.br\/es\/wp-json\/wp\/v2\/posts\/9635\/revisions"}],"wp:featuredmedia":[{"embeddable":true,"href":"https:\/\/www.padreeustaquio.com.br\/es\/wp-json\/wp\/v2\/media\/9636"}],"wp:attachment":[{"href":"https:\/\/www.padreeustaquio.com.br\/es\/wp-json\/wp\/v2\/media?parent=9635"}],"wp:term":[{"taxonomy":"category","embeddable":true,"href":"https:\/\/www.padreeustaquio.com.br\/es\/wp-json\/wp\/v2\/categories?post=9635"},{"taxonomy":"post_tag","embeddable":true,"href":"https:\/\/www.padreeustaquio.com.br\/es\/wp-json\/wp\/v2\/tags?post=9635"}],"curies":[{"name":"wp","href":"https:\/\/api.w.org\/{rel}","templated":true}]}}