{"id":9620,"date":"2022-12-10T15:36:08","date_gmt":"2022-12-10T18:36:08","guid":{"rendered":"https:\/\/www.padreeustaquio.com.br\/?p=9620"},"modified":"2022-12-10T15:36:09","modified_gmt":"2022-12-10T18:36:09","slug":"emocion-y-alegria-marcan-la-cantata-navidena-en-la-iglesia-del-padre-eustaquio","status":"publish","type":"post","link":"https:\/\/www.padreeustaquio.com.br\/es\/emocion-y-alegria-marcan-la-cantata-navidena-en-la-iglesia-del-padre-eustaquio\/","title":{"rendered":"Emoci\u00f3n y alegr\u00eda marcan la Cantata de Navidad en la Iglesia del Padre Eustaquio."},"content":{"rendered":"<p>El viernes pasado, en el Santuario de la Salud y la Paz, Iglesia del Beato Padre Eust\u00e1quio, se celebr\u00f3 otra edici\u00f3n de la Cantata de Navidad. La actuaci\u00f3n cont\u00f3 con la Orquesta Sinf\u00f3nica de la Polic\u00eda Militar, bajo la direcci\u00f3n del Teniente Paulo M\u00e1rcio Natividade, una tradici\u00f3n en los preparativos navide\u00f1os del Santuario.<\/p>\n\n\n\n<p>Este a\u00f1o, la Cantata tambi\u00e9n cont\u00f3 con el regreso del Coro Colonia Diamantina, con la participaci\u00f3n de 22 miembros, quienes realzaron la actuaci\u00f3n con sus hermosas voces. Durante la cantata, los feligreses representaron la llegada del Ni\u00f1o Jes\u00fas y conmovieron a los participantes.<\/p>\n\n\n\n<p>El espect\u00e1culo, con m\u00fasica cl\u00e1sica y villancicos, comenz\u00f3 a las 20:30 horas, inmediatamente despu\u00e9s de la Santa Misa, y reuni\u00f3 a cerca de mil personas de manera presencial y m\u00e1s de 700 personas de manera virtual a trav\u00e9s del Canal Padre Eust\u00e1quio.<\/p>\n\n\n\n<p>Los que se perdieron la actuaci\u00f3n tienen la oportunidad de ver c\u00f3mo fue la cantata en nuestro canal de YouTube, Padre Eust\u00e1quio (<a href=\"https:\/\/www.youtube.com\/watch?v=r4_XTan9ewY\" target=\"_blank\" rel=\"noreferrer noopener\">HAGA CLIC AQU\u00cd<\/a>Disfruta y comparte con tus amigos y familiares para que ellos tambi\u00e9n puedan contagiarse del esp\u00edritu navide\u00f1o.<\/p>\n\n\n\n<figure class=\"wp-block-gallery has-nested-images columns-default is-cropped wp-block-gallery-1 is-layout-flex wp-block-gallery-is-layout-flex\">\n<figure class=\"wp-block-image size-medium\"><a href=\"https:\/\/www.padreeustaquio.com.br\/es\/?attachment_id=9623\"><img fetchpriority=\"high\" decoding=\"async\" width=\"300\" height=\"200\" data-id=\"9623\" src=\"https:\/\/www.padreeustaquio.com.br\/wp-content\/uploads\/2022\/12\/Cantata-de-Natal-2022-1-300x200.jpeg\" alt=\"\" class=\"wp-image-9623\" srcset=\"https:\/\/www.padreeustaquio.com.br\/wp-content\/uploads\/2022\/12\/Cantata-de-Natal-2022-1-300x200.jpeg 300w, https:\/\/www.padreeustaquio.com.br\/wp-content\/uploads\/2022\/12\/Cantata-de-Natal-2022-1-1024x682.jpeg 1024w, https:\/\/www.padreeustaquio.com.br\/wp-content\/uploads\/2022\/12\/Cantata-de-Natal-2022-1-768x512.jpeg 768w, https:\/\/www.padreeustaquio.com.br\/wp-content\/uploads\/2022\/12\/Cantata-de-Natal-2022-1.jpeg 1280w\" sizes=\"(max-width: 300px) 100vw, 300px\" \/><\/a><\/figure>\n\n\n\n<figure class=\"wp-block-image size-medium\"><a href=\"https:\/\/www.padreeustaquio.com.br\/es\/?attachment_id=9624\"><img decoding=\"async\" width=\"300\" height=\"200\" data-id=\"9624\" src=\"https:\/\/www.padreeustaquio.com.br\/wp-content\/uploads\/2022\/12\/Cantata-de-Natal-2022-2-300x200.jpeg\" alt=\"\" class=\"wp-image-9624\" srcset=\"https:\/\/www.padreeustaquio.com.br\/wp-content\/uploads\/2022\/12\/Cantata-de-Natal-2022-2-300x200.jpeg 300w, https:\/\/www.padreeustaquio.com.br\/wp-content\/uploads\/2022\/12\/Cantata-de-Natal-2022-2-1024x682.jpeg 1024w, https:\/\/www.padreeustaquio.com.br\/wp-content\/uploads\/2022\/12\/Cantata-de-Natal-2022-2-768x512.jpeg 768w, https:\/\/www.padreeustaquio.com.br\/wp-content\/uploads\/2022\/12\/Cantata-de-Natal-2022-2.jpeg 1280w\" sizes=\"(max-width: 300px) 100vw, 300px\" \/><\/a><\/figure>\n\n\n\n<figure class=\"wp-block-image size-medium\"><a href=\"https:\/\/www.padreeustaquio.com.br\/es\/?attachment_id=9625\"><img decoding=\"async\" width=\"300\" height=\"200\" data-id=\"9625\" src=\"https:\/\/www.padreeustaquio.com.br\/wp-content\/uploads\/2022\/12\/Cantata-de-Natal-2022-3-300x200.jpeg\" alt=\"\" class=\"wp-image-9625\" srcset=\"https:\/\/www.padreeustaquio.com.br\/wp-content\/uploads\/2022\/12\/Cantata-de-Natal-2022-3-300x200.jpeg 300w, https:\/\/www.padreeustaquio.com.br\/wp-content\/uploads\/2022\/12\/Cantata-de-Natal-2022-3-1024x682.jpeg 1024w, https:\/\/www.padreeustaquio.com.br\/wp-content\/uploads\/2022\/12\/Cantata-de-Natal-2022-3-768x512.jpeg 768w, https:\/\/www.padreeustaquio.com.br\/wp-content\/uploads\/2022\/12\/Cantata-de-Natal-2022-3.jpeg 1280w\" sizes=\"(max-width: 300px) 100vw, 300px\" \/><\/a><\/figure>\n<\/figure>\n\n\n\n<p><\/p>","protected":false},"excerpt":{"rendered":"<p>Realizada na \u00faltima sexta, no Santu\u00e1rio da Sa\u00fade e da Paz, Igreja do Beato Padre Eust\u00e1quio, mais uma edi\u00e7\u00e3o da Cantata de Natal. A apresenta\u00e7\u00e3o contou com a Orquestra Sinf\u00f4nica da Pol\u00edcia Militar, sob a reg\u00eancia do Tenente Paulo M\u00e1rcio Natividade, que j\u00e1 \u00e9 tradicional na prepara\u00e7\u00e3o para o Natal no Santu\u00e1rio. Este ano a Cantata teve ainda a volta do Coral da Col\u00f4nia Diamantina com a participa\u00e7\u00e3o de 22 integrantes, que abrilhantaram a apresenta\u00e7\u00e3o com lindas vozes. Durante a cantata, paroquianos representaram a chegada do Menino Deus e emocionaram os participantes. A apresenta\u00e7\u00e3o, com m\u00fasicas cl\u00e1ssicas e can\u00e7\u00f5es natalinas, [&hellip;]<\/p>\n","protected":false},"author":2,"featured_media":9622,"comment_status":"open","ping_status":"closed","sticky":false,"template":"","format":"standard","meta":{"_acf_changed":false,"footnotes":""},"categories":[611],"tags":[],"class_list":["post-9620","post","type-post","status-publish","format-standard","has-post-thumbnail","hentry","category-noticias"],"acf":[],"yoast_head":"<!-- This site is optimized with the Yoast SEO plugin v27.2 - https:\/\/yoast.com\/product\/yoast-seo-wordpress\/ -->\n<title>Emo\u00e7\u00e3o e alegria marcam a Cantata de Natal da Igreja do Padre Eust\u00e1quio<\/title>\n<meta name=\"description\" content=\"Realizada na \u00faltima sexta, no Santu\u00e1rio da Sa\u00fade e da Paz, Igreja do Beato Padre Eust\u00e1quio, mais uma edi\u00e7\u00e3o da Cantata de Natal. A apresenta\u00e7\u00e3o contou com a Orquestra Sinf\u00f4nica da Pol\u00edcia Militar, sob a reg\u00eancia do Tenente Paulo M\u00e1rcio Natividade, que j\u00e1 \u00e9 tradicional na prepara\u00e7\u00e3o para o Natal no Santu\u00e1rio.\" \/>\n<meta name=\"robots\" content=\"index, follow, max-snippet:-1, max-image-preview:large, max-video-preview:-1\" \/>\n<link rel=\"canonical\" href=\"https:\/\/www.padreeustaquio.com.br\/es\/emocion-y-alegria-marcan-la-cantata-navidena-en-la-iglesia-del-padre-eustaquio\/\" \/>\n<meta property=\"og:locale\" content=\"es_ES\" \/>\n<meta property=\"og:type\" content=\"article\" \/>\n<meta property=\"og:title\" content=\"Emo\u00e7\u00e3o e alegria marcam a Cantata de Natal da Igreja do Padre Eust\u00e1quio\" \/>\n<meta property=\"og:description\" content=\"Realizada na \u00faltima sexta, no Santu\u00e1rio da Sa\u00fade e da Paz, Igreja do Beato Padre Eust\u00e1quio, mais uma edi\u00e7\u00e3o da Cantata de Natal. A apresenta\u00e7\u00e3o contou com a Orquestra Sinf\u00f4nica da Pol\u00edcia Militar, sob a reg\u00eancia do Tenente Paulo M\u00e1rcio Natividade, que j\u00e1 \u00e9 tradicional na prepara\u00e7\u00e3o para o Natal no Santu\u00e1rio.\" \/>\n<meta property=\"og:url\" content=\"https:\/\/www.padreeustaquio.com.br\/es\/emocion-y-alegria-marcan-la-cantata-navidena-en-la-iglesia-del-padre-eustaquio\/\" \/>\n<meta property=\"og:site_name\" content=\"Padre Eust\u00e1quio\" \/>\n<meta property=\"article:publisher\" content=\"https:\/\/www.facebook.com\/beatopadreeustaquio\/\" \/>\n<meta property=\"article:published_time\" content=\"2022-12-10T18:36:08+00:00\" \/>\n<meta property=\"article:modified_time\" content=\"2022-12-10T18:36:09+00:00\" \/>\n<meta property=\"og:image\" content=\"https:\/\/www.padreeustaquio.com.br\/wp-content\/uploads\/2022\/12\/Cantata-de-Natal-2022-4.jpeg\" \/>\n\t<meta property=\"og:image:width\" content=\"1280\" \/>\n\t<meta property=\"og:image:height\" content=\"853\" \/>\n\t<meta property=\"og:image:type\" content=\"image\/jpeg\" \/>\n<meta name=\"author\" content=\"@sscc\" \/>\n<meta name=\"twitter:card\" content=\"summary_large_image\" \/>\n<meta name=\"twitter:image\" content=\"https:\/\/www.padreeustaquio.com.br\/wp-content\/uploads\/2022\/12\/Cantata-de-Natal-2022-4.jpeg\" \/>\n<meta name=\"twitter:creator\" content=\"@beatopeustaquio\" \/>\n<meta name=\"twitter:site\" content=\"@beatopeustaquio\" \/>\n<meta name=\"twitter:label1\" content=\"Escrito por\" \/>\n\t<meta name=\"twitter:data1\" content=\"@sscc\" \/>\n\t<meta name=\"twitter:label2\" content=\"Tiempo de lectura\" \/>\n\t<meta name=\"twitter:data2\" content=\"2 minutos\" \/>\n<script type=\"application\/ld+json\" class=\"yoast-schema-graph\">{\"@context\":\"https:\/\/schema.org\",\"@graph\":[{\"@type\":\"Article\",\"@id\":\"https:\/\/www.padreeustaquio.com.br\/emocao-e-alegria-marcam-a-cantata-de-natal-da-igreja-do-padre-eustaquio\/#article\",\"isPartOf\":{\"@id\":\"https:\/\/www.padreeustaquio.com.br\/emocao-e-alegria-marcam-a-cantata-de-natal-da-igreja-do-padre-eustaquio\/\"},\"author\":{\"name\":\"@sscc\",\"@id\":\"https:\/\/www.padreeustaquio.com.br\/#\/schema\/person\/a2a51db1d00f1a7af0204a0f1ddb1566\"},\"headline\":\"Emo\u00e7\u00e3o e alegria marcam a Cantata de Natal da Igreja do Padre Eust\u00e1quio\",\"datePublished\":\"2022-12-10T18:36:08+00:00\",\"dateModified\":\"2022-12-10T18:36:09+00:00\",\"mainEntityOfPage\":{\"@id\":\"https:\/\/www.padreeustaquio.com.br\/emocao-e-alegria-marcam-a-cantata-de-natal-da-igreja-do-padre-eustaquio\/\"},\"wordCount\":200,\"commentCount\":0,\"publisher\":{\"@id\":\"https:\/\/www.padreeustaquio.com.br\/#organization\"},\"image\":{\"@id\":\"https:\/\/www.padreeustaquio.com.br\/emocao-e-alegria-marcam-a-cantata-de-natal-da-igreja-do-padre-eustaquio\/#primaryimage\"},\"thumbnailUrl\":\"https:\/\/www.padreeustaquio.com.br\/wp-content\/uploads\/2022\/12\/Cantata-de-Natal-2022-4.jpeg\",\"articleSection\":[\"Not\u00edcias\"],\"inLanguage\":\"es\",\"potentialAction\":[{\"@type\":\"CommentAction\",\"name\":\"Comment\",\"target\":[\"https:\/\/www.padreeustaquio.com.br\/emocao-e-alegria-marcam-a-cantata-de-natal-da-igreja-do-padre-eustaquio\/#respond\"]}]},{\"@type\":\"WebPage\",\"@id\":\"https:\/\/www.padreeustaquio.com.br\/emocao-e-alegria-marcam-a-cantata-de-natal-da-igreja-do-padre-eustaquio\/\",\"url\":\"https:\/\/www.padreeustaquio.com.br\/emocao-e-alegria-marcam-a-cantata-de-natal-da-igreja-do-padre-eustaquio\/\",\"name\":\"Emo\u00e7\u00e3o e alegria marcam a Cantata de Natal da Igreja do Padre Eust\u00e1quio\",\"isPartOf\":{\"@id\":\"https:\/\/www.padreeustaquio.com.br\/#website\"},\"primaryImageOfPage\":{\"@id\":\"https:\/\/www.padreeustaquio.com.br\/emocao-e-alegria-marcam-a-cantata-de-natal-da-igreja-do-padre-eustaquio\/#primaryimage\"},\"image\":{\"@id\":\"https:\/\/www.padreeustaquio.com.br\/emocao-e-alegria-marcam-a-cantata-de-natal-da-igreja-do-padre-eustaquio\/#primaryimage\"},\"thumbnailUrl\":\"https:\/\/www.padreeustaquio.com.br\/wp-content\/uploads\/2022\/12\/Cantata-de-Natal-2022-4.jpeg\",\"datePublished\":\"2022-12-10T18:36:08+00:00\",\"dateModified\":\"2022-12-10T18:36:09+00:00\",\"description\":\"Realizada na \u00faltima sexta, no Santu\u00e1rio da Sa\u00fade e da Paz, Igreja do Beato Padre Eust\u00e1quio, mais uma edi\u00e7\u00e3o da Cantata de Natal. A apresenta\u00e7\u00e3o contou com a Orquestra Sinf\u00f4nica da Pol\u00edcia Militar, sob a reg\u00eancia do Tenente Paulo M\u00e1rcio Natividade, que j\u00e1 \u00e9 tradicional na prepara\u00e7\u00e3o para o Natal no Santu\u00e1rio.\",\"breadcrumb\":{\"@id\":\"https:\/\/www.padreeustaquio.com.br\/emocao-e-alegria-marcam-a-cantata-de-natal-da-igreja-do-padre-eustaquio\/#breadcrumb\"},\"inLanguage\":\"es\",\"potentialAction\":[{\"@type\":\"ReadAction\",\"target\":[\"https:\/\/www.padreeustaquio.com.br\/emocao-e-alegria-marcam-a-cantata-de-natal-da-igreja-do-padre-eustaquio\/\"]}]},{\"@type\":\"ImageObject\",\"inLanguage\":\"es\",\"@id\":\"https:\/\/www.padreeustaquio.com.br\/emocao-e-alegria-marcam-a-cantata-de-natal-da-igreja-do-padre-eustaquio\/#primaryimage\",\"url\":\"https:\/\/www.padreeustaquio.com.br\/wp-content\/uploads\/2022\/12\/Cantata-de-Natal-2022-4.jpeg\",\"contentUrl\":\"https:\/\/www.padreeustaquio.com.br\/wp-content\/uploads\/2022\/12\/Cantata-de-Natal-2022-4.jpeg\",\"width\":1280,\"height\":853},{\"@type\":\"BreadcrumbList\",\"@id\":\"https:\/\/www.padreeustaquio.com.br\/emocao-e-alegria-marcam-a-cantata-de-natal-da-igreja-do-padre-eustaquio\/#breadcrumb\",\"itemListElement\":[{\"@type\":\"ListItem\",\"position\":1,\"name\":\"In\u00edcio\",\"item\":\"https:\/\/www.padreeustaquio.com.br\/\"},{\"@type\":\"ListItem\",\"position\":2,\"name\":\"Emo\u00e7\u00e3o e alegria marcam a Cantata de Natal da Igreja do Padre Eust\u00e1quio\"}]},{\"@type\":\"WebSite\",\"@id\":\"https:\/\/www.padreeustaquio.com.br\/#website\",\"url\":\"https:\/\/www.padreeustaquio.com.br\/\",\"name\":\"Padre Eust\u00e1quio\",\"description\":\"Sa\u00fade e Paz\",\"publisher\":{\"@id\":\"https:\/\/www.padreeustaquio.com.br\/#organization\"},\"potentialAction\":[{\"@type\":\"SearchAction\",\"target\":{\"@type\":\"EntryPoint\",\"urlTemplate\":\"https:\/\/www.padreeustaquio.com.br\/?s={search_term_string}\"},\"query-input\":{\"@type\":\"PropertyValueSpecification\",\"valueRequired\":true,\"valueName\":\"search_term_string\"}}],\"inLanguage\":\"es\"},{\"@type\":\"Organization\",\"@id\":\"https:\/\/www.padreeustaquio.com.br\/#organization\",\"name\":\"Padre Eust\u00e1quio\",\"url\":\"https:\/\/www.padreeustaquio.com.br\/\",\"logo\":{\"@type\":\"ImageObject\",\"inLanguage\":\"es\",\"@id\":\"https:\/\/www.padreeustaquio.com.br\/#\/schema\/logo\/image\/\",\"url\":\"https:\/\/www.padreeustaquio.com.br\/wp-content\/uploads\/2019\/08\/marca.png\",\"contentUrl\":\"https:\/\/www.padreeustaquio.com.br\/wp-content\/uploads\/2019\/08\/marca.png\",\"width\":350,\"height\":400,\"caption\":\"Padre Eust\u00e1quio\"},\"image\":{\"@id\":\"https:\/\/www.padreeustaquio.com.br\/#\/schema\/logo\/image\/\"},\"sameAs\":[\"https:\/\/www.facebook.com\/beatopadreeustaquio\/\",\"https:\/\/x.com\/beatopeustaquio\",\"https:\/\/www.instagram.com\/beatopadreeustaquio\/\",\"https:\/\/www.youtube.com\/channel\/UCRhw7vfabnajwLxb1ZXMeIw\"]},{\"@type\":\"Person\",\"@id\":\"https:\/\/www.padreeustaquio.com.br\/#\/schema\/person\/a2a51db1d00f1a7af0204a0f1ddb1566\",\"name\":\"@sscc\",\"image\":{\"@type\":\"ImageObject\",\"inLanguage\":\"es\",\"@id\":\"https:\/\/secure.gravatar.com\/avatar\/68cfafa5f44617fea54071e215026e0ff06be366c3d54a8425f04fdcb86f8c5f?s=96&d=mm&r=g\",\"url\":\"https:\/\/secure.gravatar.com\/avatar\/68cfafa5f44617fea54071e215026e0ff06be366c3d54a8425f04fdcb86f8c5f?s=96&d=mm&r=g\",\"contentUrl\":\"https:\/\/secure.gravatar.com\/avatar\/68cfafa5f44617fea54071e215026e0ff06be366c3d54a8425f04fdcb86f8c5f?s=96&d=mm&r=g\",\"caption\":\"@sscc\"},\"url\":\"https:\/\/www.padreeustaquio.com.br\/es\/author\/sscc\/\"}]}<\/script>\n<!-- \/ Yoast SEO plugin. -->","yoast_head_json":{"title":"Emoci\u00f3n y alegr\u00eda marcan la Cantata de Navidad en la Iglesia del Padre Eustaquio.","description":"El viernes pasado, en el Santuario de la Salud y la Paz, Iglesia del Beato Padre Eust\u00e1quio, se celebr\u00f3 otra edici\u00f3n de la Cantata de Navidad. La actuaci\u00f3n cont\u00f3 con la Orquesta Sinf\u00f3nica de la Polic\u00eda Militar, bajo la direcci\u00f3n del Teniente Paulo M\u00e1rcio Natividade, una tradici\u00f3n en los preparativos navide\u00f1os del Santuario.","robots":{"index":"index","follow":"follow","max-snippet":"max-snippet:-1","max-image-preview":"max-image-preview:large","max-video-preview":"max-video-preview:-1"},"canonical":"https:\/\/www.padreeustaquio.com.br\/es\/emocion-y-alegria-marcan-la-cantata-navidena-en-la-iglesia-del-padre-eustaquio\/","og_locale":"es_ES","og_type":"article","og_title":"Emo\u00e7\u00e3o e alegria marcam a Cantata de Natal da Igreja do Padre Eust\u00e1quio","og_description":"Realizada na \u00faltima sexta, no Santu\u00e1rio da Sa\u00fade e da Paz, Igreja do Beato Padre Eust\u00e1quio, mais uma edi\u00e7\u00e3o da Cantata de Natal. A apresenta\u00e7\u00e3o contou com a Orquestra Sinf\u00f4nica da Pol\u00edcia Militar, sob a reg\u00eancia do Tenente Paulo M\u00e1rcio Natividade, que j\u00e1 \u00e9 tradicional na prepara\u00e7\u00e3o para o Natal no Santu\u00e1rio.","og_url":"https:\/\/www.padreeustaquio.com.br\/es\/emocion-y-alegria-marcan-la-cantata-navidena-en-la-iglesia-del-padre-eustaquio\/","og_site_name":"Padre Eust\u00e1quio","article_publisher":"https:\/\/www.facebook.com\/beatopadreeustaquio\/","article_published_time":"2022-12-10T18:36:08+00:00","article_modified_time":"2022-12-10T18:36:09+00:00","og_image":[{"width":1280,"height":853,"url":"https:\/\/www.padreeustaquio.com.br\/wp-content\/uploads\/2022\/12\/Cantata-de-Natal-2022-4.jpeg","type":"image\/jpeg"}],"author":"@sscc","twitter_card":"summary_large_image","twitter_image":"https:\/\/www.padreeustaquio.com.br\/wp-content\/uploads\/2022\/12\/Cantata-de-Natal-2022-4.jpeg","twitter_creator":"@beatopeustaquio","twitter_site":"@beatopeustaquio","twitter_misc":{"Escrito por":"@sscc","Tiempo de lectura":"2 minutos"},"schema":{"@context":"https:\/\/schema.org","@graph":[{"@type":"Article","@id":"https:\/\/www.padreeustaquio.com.br\/emocao-e-alegria-marcam-a-cantata-de-natal-da-igreja-do-padre-eustaquio\/#article","isPartOf":{"@id":"https:\/\/www.padreeustaquio.com.br\/emocao-e-alegria-marcam-a-cantata-de-natal-da-igreja-do-padre-eustaquio\/"},"author":{"name":"@sscc","@id":"https:\/\/www.padreeustaquio.com.br\/#\/schema\/person\/a2a51db1d00f1a7af0204a0f1ddb1566"},"headline":"Emo\u00e7\u00e3o e alegria marcam a Cantata de Natal da Igreja do Padre Eust\u00e1quio","datePublished":"2022-12-10T18:36:08+00:00","dateModified":"2022-12-10T18:36:09+00:00","mainEntityOfPage":{"@id":"https:\/\/www.padreeustaquio.com.br\/emocao-e-alegria-marcam-a-cantata-de-natal-da-igreja-do-padre-eustaquio\/"},"wordCount":200,"commentCount":0,"publisher":{"@id":"https:\/\/www.padreeustaquio.com.br\/#organization"},"image":{"@id":"https:\/\/www.padreeustaquio.com.br\/emocao-e-alegria-marcam-a-cantata-de-natal-da-igreja-do-padre-eustaquio\/#primaryimage"},"thumbnailUrl":"https:\/\/www.padreeustaquio.com.br\/wp-content\/uploads\/2022\/12\/Cantata-de-Natal-2022-4.jpeg","articleSection":["Not\u00edcias"],"inLanguage":"es","potentialAction":[{"@type":"CommentAction","name":"Comment","target":["https:\/\/www.padreeustaquio.com.br\/emocao-e-alegria-marcam-a-cantata-de-natal-da-igreja-do-padre-eustaquio\/#respond"]}]},{"@type":"WebPage","@id":"https:\/\/www.padreeustaquio.com.br\/emocao-e-alegria-marcam-a-cantata-de-natal-da-igreja-do-padre-eustaquio\/","url":"https:\/\/www.padreeustaquio.com.br\/emocao-e-alegria-marcam-a-cantata-de-natal-da-igreja-do-padre-eustaquio\/","name":"Emoci\u00f3n y alegr\u00eda marcan la Cantata de Navidad en la Iglesia del Padre Eustaquio.","isPartOf":{"@id":"https:\/\/www.padreeustaquio.com.br\/#website"},"primaryImageOfPage":{"@id":"https:\/\/www.padreeustaquio.com.br\/emocao-e-alegria-marcam-a-cantata-de-natal-da-igreja-do-padre-eustaquio\/#primaryimage"},"image":{"@id":"https:\/\/www.padreeustaquio.com.br\/emocao-e-alegria-marcam-a-cantata-de-natal-da-igreja-do-padre-eustaquio\/#primaryimage"},"thumbnailUrl":"https:\/\/www.padreeustaquio.com.br\/wp-content\/uploads\/2022\/12\/Cantata-de-Natal-2022-4.jpeg","datePublished":"2022-12-10T18:36:08+00:00","dateModified":"2022-12-10T18:36:09+00:00","description":"El viernes pasado, en el Santuario de la Salud y la Paz, Iglesia del Beato Padre Eust\u00e1quio, se celebr\u00f3 otra edici\u00f3n de la Cantata de Navidad. La actuaci\u00f3n cont\u00f3 con la Orquesta Sinf\u00f3nica de la Polic\u00eda Militar, bajo la direcci\u00f3n del Teniente Paulo M\u00e1rcio Natividade, una tradici\u00f3n en los preparativos navide\u00f1os del Santuario.","breadcrumb":{"@id":"https:\/\/www.padreeustaquio.com.br\/emocao-e-alegria-marcam-a-cantata-de-natal-da-igreja-do-padre-eustaquio\/#breadcrumb"},"inLanguage":"es","potentialAction":[{"@type":"ReadAction","target":["https:\/\/www.padreeustaquio.com.br\/emocao-e-alegria-marcam-a-cantata-de-natal-da-igreja-do-padre-eustaquio\/"]}]},{"@type":"ImageObject","inLanguage":"es","@id":"https:\/\/www.padreeustaquio.com.br\/emocao-e-alegria-marcam-a-cantata-de-natal-da-igreja-do-padre-eustaquio\/#primaryimage","url":"https:\/\/www.padreeustaquio.com.br\/wp-content\/uploads\/2022\/12\/Cantata-de-Natal-2022-4.jpeg","contentUrl":"https:\/\/www.padreeustaquio.com.br\/wp-content\/uploads\/2022\/12\/Cantata-de-Natal-2022-4.jpeg","width":1280,"height":853},{"@type":"BreadcrumbList","@id":"https:\/\/www.padreeustaquio.com.br\/emocao-e-alegria-marcam-a-cantata-de-natal-da-igreja-do-padre-eustaquio\/#breadcrumb","itemListElement":[{"@type":"ListItem","position":1,"name":"In\u00edcio","item":"https:\/\/www.padreeustaquio.com.br\/"},{"@type":"ListItem","position":2,"name":"Emo\u00e7\u00e3o e alegria marcam a Cantata de Natal da Igreja do Padre Eust\u00e1quio"}]},{"@type":"WebSite","@id":"https:\/\/www.padreeustaquio.com.br\/#website","url":"https:\/\/www.padreeustaquio.com.br\/","name":"Padre Eustace","description":"Salud y Paz","publisher":{"@id":"https:\/\/www.padreeustaquio.com.br\/#organization"},"potentialAction":[{"@type":"SearchAction","target":{"@type":"EntryPoint","urlTemplate":"https:\/\/www.padreeustaquio.com.br\/?s={search_term_string}"},"query-input":{"@type":"PropertyValueSpecification","valueRequired":true,"valueName":"search_term_string"}}],"inLanguage":"es"},{"@type":"Organization","@id":"https:\/\/www.padreeustaquio.com.br\/#organization","name":"Padre Eustace","url":"https:\/\/www.padreeustaquio.com.br\/","logo":{"@type":"ImageObject","inLanguage":"es","@id":"https:\/\/www.padreeustaquio.com.br\/#\/schema\/logo\/image\/","url":"https:\/\/www.padreeustaquio.com.br\/wp-content\/uploads\/2019\/08\/marca.png","contentUrl":"https:\/\/www.padreeustaquio.com.br\/wp-content\/uploads\/2019\/08\/marca.png","width":350,"height":400,"caption":"Padre Eust\u00e1quio"},"image":{"@id":"https:\/\/www.padreeustaquio.com.br\/#\/schema\/logo\/image\/"},"sameAs":["https:\/\/www.facebook.com\/beatopadreeustaquio\/","https:\/\/x.com\/beatopeustaquio","https:\/\/www.instagram.com\/beatopadreeustaquio\/","https:\/\/www.youtube.com\/channel\/UCRhw7vfabnajwLxb1ZXMeIw"]},{"@type":"Person","@id":"https:\/\/www.padreeustaquio.com.br\/#\/schema\/person\/a2a51db1d00f1a7af0204a0f1ddb1566","name":"@sscc","image":{"@type":"ImageObject","inLanguage":"es","@id":"https:\/\/secure.gravatar.com\/avatar\/68cfafa5f44617fea54071e215026e0ff06be366c3d54a8425f04fdcb86f8c5f?s=96&d=mm&r=g","url":"https:\/\/secure.gravatar.com\/avatar\/68cfafa5f44617fea54071e215026e0ff06be366c3d54a8425f04fdcb86f8c5f?s=96&d=mm&r=g","contentUrl":"https:\/\/secure.gravatar.com\/avatar\/68cfafa5f44617fea54071e215026e0ff06be366c3d54a8425f04fdcb86f8c5f?s=96&d=mm&r=g","caption":"@sscc"},"url":"https:\/\/www.padreeustaquio.com.br\/es\/author\/sscc\/"}]}},"_links":{"self":[{"href":"https:\/\/www.padreeustaquio.com.br\/es\/wp-json\/wp\/v2\/posts\/9620","targetHints":{"allow":["GET"]}}],"collection":[{"href":"https:\/\/www.padreeustaquio.com.br\/es\/wp-json\/wp\/v2\/posts"}],"about":[{"href":"https:\/\/www.padreeustaquio.com.br\/es\/wp-json\/wp\/v2\/types\/post"}],"author":[{"embeddable":true,"href":"https:\/\/www.padreeustaquio.com.br\/es\/wp-json\/wp\/v2\/users\/2"}],"replies":[{"embeddable":true,"href":"https:\/\/www.padreeustaquio.com.br\/es\/wp-json\/wp\/v2\/comments?post=9620"}],"version-history":[{"count":0,"href":"https:\/\/www.padreeustaquio.com.br\/es\/wp-json\/wp\/v2\/posts\/9620\/revisions"}],"wp:featuredmedia":[{"embeddable":true,"href":"https:\/\/www.padreeustaquio.com.br\/es\/wp-json\/wp\/v2\/media\/9622"}],"wp:attachment":[{"href":"https:\/\/www.padreeustaquio.com.br\/es\/wp-json\/wp\/v2\/media?parent=9620"}],"wp:term":[{"taxonomy":"category","embeddable":true,"href":"https:\/\/www.padreeustaquio.com.br\/es\/wp-json\/wp\/v2\/categories?post=9620"},{"taxonomy":"post_tag","embeddable":true,"href":"https:\/\/www.padreeustaquio.com.br\/es\/wp-json\/wp\/v2\/tags?post=9620"}],"curies":[{"name":"wp","href":"https:\/\/api.w.org\/{rel}","templated":true}]}}