{"id":9611,"date":"2022-12-09T06:00:00","date_gmt":"2022-12-09T09:00:00","guid":{"rendered":"https:\/\/www.padreeustaquio.com.br\/?p=9611"},"modified":"2022-12-08T14:08:50","modified_gmt":"2022-12-08T17:08:50","slug":"y-hoy-la-iglesia-del-padre-eustaquio-acoge-otra-edicion-de-la-cantata-navidena","status":"publish","type":"post","link":"https:\/\/www.padreeustaquio.com.br\/es\/y-hoy-la-iglesia-del-padre-eustaquio-acoge-otra-edicion-de-la-cantata-navidena\/","title":{"rendered":"HOY \u2013 La Iglesia Padre Eust\u00e1quio acoge otra edici\u00f3n de la Cantata de Navidad."},"content":{"rendered":"<p>El Santuario Arquidiocesano de Salud y Paz, Iglesia del Beato Padre Eustaquio, presenta hoy otra edici\u00f3n de la Cantata de Navidad. El evento tendr\u00e1 lugar a las 20:30, justo despu\u00e9s de la Santa Misa, dentro de la iglesia.<\/p>\n\n\n\n<p>Este a\u00f1o, adem\u00e1s de la actuaci\u00f3n de la Orquesta Sinf\u00f3nica de la Polic\u00eda Militar, dirigida por el teniente Paulo M\u00e1rcio Natividade, que ya es una tradici\u00f3n en el Santuario, habr\u00e1 tambi\u00e9n la actuaci\u00f3n del Coro de la Colonia Diamantina.<\/p>\n\n\n\n<p>El programa incluye m\u00fasica cl\u00e1sica y, por supuesto, villancicos navide\u00f1os. Los m\u00fasicos actuar\u00e1n durante aproximadamente una hora y estar\u00e1n acompa\u00f1ados por el p\u00fablico, que podr\u00e1 ocupar los bancos de la iglesia, con todas las precauciones necesarias.<\/p>\n\n\n\n<p>La actuaci\u00f3n de la Banda de la Polic\u00eda Militar y el Coro de la Colonia Diamantina se transmitir\u00e1 por el Canal Padre Eust\u00e1quio a partir de las 20:30. Si no puedes ir a la iglesia, \u00a1\u00fanete a nosotros! <a href=\"https:\/\/www.youtube.com\/watch?v=r4_XTan9ewY\" target=\"_blank\" rel=\"noreferrer noopener\">HAGA CLIC AQU\u00cd<\/a>.<\/p>\n\n\n\n<p>El Santuario Arquidiocesano de Salud y Paz est\u00e1 ubicado en Rua Padre Eust\u00e1quio, 2405, en el barrio Padre Eust\u00e1quio, regi\u00f3n noroeste de Belo Horizonte.<\/p>\n\n\n\n<p><\/p>","protected":false},"excerpt":{"rendered":"<p>O Santu\u00e1rio Arquidiocesano da Sa\u00fade e da Paz, Igreja do Beato Padre Eust\u00e1quio, realiza hoje mais uma edi\u00e7\u00e3o da Cantata de Natal. O evento acontecer\u00e1 \u00e0s 20h30, logo depois da Santa Missa, dentro do templo. Este ano, al\u00e9m da apresenta\u00e7\u00e3o da Orquestra Sinf\u00f4nica da Pol\u00edcia Militar, sob a reg\u00eancia do Tenente Paulo M\u00e1rcio Natividade, que j\u00e1 \u00e9 tradi\u00e7\u00e3o no Santu\u00e1rio, haver\u00e1 ainda a participa\u00e7\u00e3o do Coral da Col\u00f4nia Diamantina. Na programa\u00e7\u00e3o, est\u00e3o previstas m\u00fasicas cl\u00e1ssicas e, claro, can\u00e7\u00f5es espec\u00edficas de natal. Os m\u00fasicos se apresentar\u00e3o durante aproximadamente uma hora e ter\u00e3o a companhia do p\u00fablico, que poder\u00e1 ocupar os bancos [&hellip;]<\/p>\n","protected":false},"author":2,"featured_media":9612,"comment_status":"open","ping_status":"closed","sticky":false,"template":"","format":"standard","meta":{"_acf_changed":false,"footnotes":""},"categories":[611],"tags":[],"class_list":["post-9611","post","type-post","status-publish","format-standard","has-post-thumbnail","hentry","category-noticias"],"acf":[],"yoast_head":"<!-- This site is optimized with the Yoast SEO plugin v27.2 - https:\/\/yoast.com\/product\/yoast-seo-wordpress\/ -->\n<title>\u00c9 HOJE - Igreja do Padre Eust\u00e1quio recebe mais uma edi\u00e7\u00e3o da Cantata de Natal<\/title>\n<meta name=\"description\" content=\"O Santu\u00e1rio Arquidiocesano da Sa\u00fade e da Paz, Igreja do Beato Padre Eust\u00e1quio, realiza hoje mais uma edi\u00e7\u00e3o da Cantata de Natal. O evento acontecer\u00e1 \u00e0s 20h30, logo depois da Santa Missa, dentro do templo.\" \/>\n<meta name=\"robots\" content=\"index, follow, max-snippet:-1, max-image-preview:large, max-video-preview:-1\" \/>\n<link rel=\"canonical\" href=\"https:\/\/www.padreeustaquio.com.br\/es\/y-hoy-la-iglesia-del-padre-eustaquio-acoge-otra-edicion-de-la-cantata-navidena\/\" \/>\n<meta property=\"og:locale\" content=\"es_ES\" \/>\n<meta property=\"og:type\" content=\"article\" \/>\n<meta property=\"og:title\" content=\"\u00c9 HOJE - Igreja do Padre Eust\u00e1quio recebe mais uma edi\u00e7\u00e3o da Cantata de Natal\" \/>\n<meta property=\"og:description\" content=\"O Santu\u00e1rio Arquidiocesano da Sa\u00fade e da Paz, Igreja do Beato Padre Eust\u00e1quio, realiza hoje mais uma edi\u00e7\u00e3o da Cantata de Natal. O evento acontecer\u00e1 \u00e0s 20h30, logo depois da Santa Missa, dentro do templo.\" \/>\n<meta property=\"og:url\" content=\"https:\/\/www.padreeustaquio.com.br\/es\/y-hoy-la-iglesia-del-padre-eustaquio-acoge-otra-edicion-de-la-cantata-navidena\/\" \/>\n<meta property=\"og:site_name\" content=\"Padre Eust\u00e1quio\" \/>\n<meta property=\"article:publisher\" content=\"https:\/\/www.facebook.com\/beatopadreeustaquio\/\" \/>\n<meta property=\"article:published_time\" content=\"2022-12-09T09:00:00+00:00\" \/>\n<meta property=\"og:image\" content=\"https:\/\/www.padreeustaquio.com.br\/wp-content\/uploads\/2022\/12\/cantata-pe.-eustaquio-1024x575.png\" \/>\n\t<meta property=\"og:image:width\" content=\"1024\" \/>\n\t<meta property=\"og:image:height\" content=\"575\" \/>\n\t<meta property=\"og:image:type\" content=\"image\/png\" \/>\n<meta name=\"author\" content=\"@sscc\" \/>\n<meta name=\"twitter:card\" content=\"summary_large_image\" \/>\n<meta name=\"twitter:image\" content=\"https:\/\/www.padreeustaquio.com.br\/wp-content\/uploads\/2022\/12\/cantata-pe.-eustaquio.png\" \/>\n<meta name=\"twitter:creator\" content=\"@beatopeustaquio\" \/>\n<meta name=\"twitter:site\" content=\"@beatopeustaquio\" \/>\n<meta name=\"twitter:label1\" content=\"Escrito por\" \/>\n\t<meta name=\"twitter:data1\" content=\"@sscc\" \/>\n\t<meta name=\"twitter:label2\" content=\"Tiempo de lectura\" \/>\n\t<meta name=\"twitter:data2\" content=\"1 minuto\" \/>\n<script type=\"application\/ld+json\" class=\"yoast-schema-graph\">{\"@context\":\"https:\/\/schema.org\",\"@graph\":[{\"@type\":\"Article\",\"@id\":\"https:\/\/www.padreeustaquio.com.br\/e-hoje-igreja-do-padre-eustaquio-recebe-mais-uma-edicao-da-cantata-de-natal\/#article\",\"isPartOf\":{\"@id\":\"https:\/\/www.padreeustaquio.com.br\/e-hoje-igreja-do-padre-eustaquio-recebe-mais-uma-edicao-da-cantata-de-natal\/\"},\"author\":{\"name\":\"@sscc\",\"@id\":\"https:\/\/www.padreeustaquio.com.br\/#\/schema\/person\/a2a51db1d00f1a7af0204a0f1ddb1566\"},\"headline\":\"\u00c9 HOJE &#8211; Igreja do Padre Eust\u00e1quio recebe mais uma edi\u00e7\u00e3o da Cantata de Natal\",\"datePublished\":\"2022-12-09T09:00:00+00:00\",\"mainEntityOfPage\":{\"@id\":\"https:\/\/www.padreeustaquio.com.br\/e-hoje-igreja-do-padre-eustaquio-recebe-mais-uma-edicao-da-cantata-de-natal\/\"},\"wordCount\":211,\"commentCount\":0,\"publisher\":{\"@id\":\"https:\/\/www.padreeustaquio.com.br\/#organization\"},\"image\":{\"@id\":\"https:\/\/www.padreeustaquio.com.br\/e-hoje-igreja-do-padre-eustaquio-recebe-mais-uma-edicao-da-cantata-de-natal\/#primaryimage\"},\"thumbnailUrl\":\"https:\/\/www.padreeustaquio.com.br\/wp-content\/uploads\/2022\/12\/cantata-pe.-eustaquio.png\",\"articleSection\":[\"Not\u00edcias\"],\"inLanguage\":\"es\",\"potentialAction\":[{\"@type\":\"CommentAction\",\"name\":\"Comment\",\"target\":[\"https:\/\/www.padreeustaquio.com.br\/e-hoje-igreja-do-padre-eustaquio-recebe-mais-uma-edicao-da-cantata-de-natal\/#respond\"]}]},{\"@type\":\"WebPage\",\"@id\":\"https:\/\/www.padreeustaquio.com.br\/e-hoje-igreja-do-padre-eustaquio-recebe-mais-uma-edicao-da-cantata-de-natal\/\",\"url\":\"https:\/\/www.padreeustaquio.com.br\/e-hoje-igreja-do-padre-eustaquio-recebe-mais-uma-edicao-da-cantata-de-natal\/\",\"name\":\"\u00c9 HOJE - Igreja do Padre Eust\u00e1quio recebe mais uma edi\u00e7\u00e3o da Cantata de Natal\",\"isPartOf\":{\"@id\":\"https:\/\/www.padreeustaquio.com.br\/#website\"},\"primaryImageOfPage\":{\"@id\":\"https:\/\/www.padreeustaquio.com.br\/e-hoje-igreja-do-padre-eustaquio-recebe-mais-uma-edicao-da-cantata-de-natal\/#primaryimage\"},\"image\":{\"@id\":\"https:\/\/www.padreeustaquio.com.br\/e-hoje-igreja-do-padre-eustaquio-recebe-mais-uma-edicao-da-cantata-de-natal\/#primaryimage\"},\"thumbnailUrl\":\"https:\/\/www.padreeustaquio.com.br\/wp-content\/uploads\/2022\/12\/cantata-pe.-eustaquio.png\",\"datePublished\":\"2022-12-09T09:00:00+00:00\",\"description\":\"O Santu\u00e1rio Arquidiocesano da Sa\u00fade e da Paz, Igreja do Beato Padre Eust\u00e1quio, realiza hoje mais uma edi\u00e7\u00e3o da Cantata de Natal. O evento acontecer\u00e1 \u00e0s 20h30, logo depois da Santa Missa, dentro do templo.\",\"breadcrumb\":{\"@id\":\"https:\/\/www.padreeustaquio.com.br\/e-hoje-igreja-do-padre-eustaquio-recebe-mais-uma-edicao-da-cantata-de-natal\/#breadcrumb\"},\"inLanguage\":\"es\",\"potentialAction\":[{\"@type\":\"ReadAction\",\"target\":[\"https:\/\/www.padreeustaquio.com.br\/e-hoje-igreja-do-padre-eustaquio-recebe-mais-uma-edicao-da-cantata-de-natal\/\"]}]},{\"@type\":\"ImageObject\",\"inLanguage\":\"es\",\"@id\":\"https:\/\/www.padreeustaquio.com.br\/e-hoje-igreja-do-padre-eustaquio-recebe-mais-uma-edicao-da-cantata-de-natal\/#primaryimage\",\"url\":\"https:\/\/www.padreeustaquio.com.br\/wp-content\/uploads\/2022\/12\/cantata-pe.-eustaquio.png\",\"contentUrl\":\"https:\/\/www.padreeustaquio.com.br\/wp-content\/uploads\/2022\/12\/cantata-pe.-eustaquio.png\",\"width\":1434,\"height\":805},{\"@type\":\"BreadcrumbList\",\"@id\":\"https:\/\/www.padreeustaquio.com.br\/e-hoje-igreja-do-padre-eustaquio-recebe-mais-uma-edicao-da-cantata-de-natal\/#breadcrumb\",\"itemListElement\":[{\"@type\":\"ListItem\",\"position\":1,\"name\":\"In\u00edcio\",\"item\":\"https:\/\/www.padreeustaquio.com.br\/\"},{\"@type\":\"ListItem\",\"position\":2,\"name\":\"\u00c9 HOJE &#8211; Igreja do Padre Eust\u00e1quio recebe mais uma edi\u00e7\u00e3o da Cantata de Natal\"}]},{\"@type\":\"WebSite\",\"@id\":\"https:\/\/www.padreeustaquio.com.br\/#website\",\"url\":\"https:\/\/www.padreeustaquio.com.br\/\",\"name\":\"Padre Eust\u00e1quio\",\"description\":\"Sa\u00fade e Paz\",\"publisher\":{\"@id\":\"https:\/\/www.padreeustaquio.com.br\/#organization\"},\"potentialAction\":[{\"@type\":\"SearchAction\",\"target\":{\"@type\":\"EntryPoint\",\"urlTemplate\":\"https:\/\/www.padreeustaquio.com.br\/?s={search_term_string}\"},\"query-input\":{\"@type\":\"PropertyValueSpecification\",\"valueRequired\":true,\"valueName\":\"search_term_string\"}}],\"inLanguage\":\"es\"},{\"@type\":\"Organization\",\"@id\":\"https:\/\/www.padreeustaquio.com.br\/#organization\",\"name\":\"Padre Eust\u00e1quio\",\"url\":\"https:\/\/www.padreeustaquio.com.br\/\",\"logo\":{\"@type\":\"ImageObject\",\"inLanguage\":\"es\",\"@id\":\"https:\/\/www.padreeustaquio.com.br\/#\/schema\/logo\/image\/\",\"url\":\"https:\/\/www.padreeustaquio.com.br\/wp-content\/uploads\/2019\/08\/marca.png\",\"contentUrl\":\"https:\/\/www.padreeustaquio.com.br\/wp-content\/uploads\/2019\/08\/marca.png\",\"width\":350,\"height\":400,\"caption\":\"Padre Eust\u00e1quio\"},\"image\":{\"@id\":\"https:\/\/www.padreeustaquio.com.br\/#\/schema\/logo\/image\/\"},\"sameAs\":[\"https:\/\/www.facebook.com\/beatopadreeustaquio\/\",\"https:\/\/x.com\/beatopeustaquio\",\"https:\/\/www.instagram.com\/beatopadreeustaquio\/\",\"https:\/\/www.youtube.com\/channel\/UCRhw7vfabnajwLxb1ZXMeIw\"]},{\"@type\":\"Person\",\"@id\":\"https:\/\/www.padreeustaquio.com.br\/#\/schema\/person\/a2a51db1d00f1a7af0204a0f1ddb1566\",\"name\":\"@sscc\",\"image\":{\"@type\":\"ImageObject\",\"inLanguage\":\"es\",\"@id\":\"https:\/\/secure.gravatar.com\/avatar\/68cfafa5f44617fea54071e215026e0ff06be366c3d54a8425f04fdcb86f8c5f?s=96&d=mm&r=g\",\"url\":\"https:\/\/secure.gravatar.com\/avatar\/68cfafa5f44617fea54071e215026e0ff06be366c3d54a8425f04fdcb86f8c5f?s=96&d=mm&r=g\",\"contentUrl\":\"https:\/\/secure.gravatar.com\/avatar\/68cfafa5f44617fea54071e215026e0ff06be366c3d54a8425f04fdcb86f8c5f?s=96&d=mm&r=g\",\"caption\":\"@sscc\"},\"url\":\"https:\/\/www.padreeustaquio.com.br\/es\/author\/sscc\/\"}]}<\/script>\n<!-- \/ Yoast SEO plugin. -->","yoast_head_json":{"title":"HOY - La Iglesia Padre Eust\u00e1quio acoge otra edici\u00f3n de la Cantata de Navidad.","description":"El Santuario Arquidiocesano de Salud y Paz, Iglesia del Beato Padre Eustaquio, presenta hoy otra edici\u00f3n de la Cantata de Navidad. El evento tendr\u00e1 lugar a las 20:30, justo despu\u00e9s de la Santa Misa, dentro de la iglesia.","robots":{"index":"index","follow":"follow","max-snippet":"max-snippet:-1","max-image-preview":"max-image-preview:large","max-video-preview":"max-video-preview:-1"},"canonical":"https:\/\/www.padreeustaquio.com.br\/es\/y-hoy-la-iglesia-del-padre-eustaquio-acoge-otra-edicion-de-la-cantata-navidena\/","og_locale":"es_ES","og_type":"article","og_title":"\u00c9 HOJE - Igreja do Padre Eust\u00e1quio recebe mais uma edi\u00e7\u00e3o da Cantata de Natal","og_description":"O Santu\u00e1rio Arquidiocesano da Sa\u00fade e da Paz, Igreja do Beato Padre Eust\u00e1quio, realiza hoje mais uma edi\u00e7\u00e3o da Cantata de Natal. O evento acontecer\u00e1 \u00e0s 20h30, logo depois da Santa Missa, dentro do templo.","og_url":"https:\/\/www.padreeustaquio.com.br\/es\/y-hoy-la-iglesia-del-padre-eustaquio-acoge-otra-edicion-de-la-cantata-navidena\/","og_site_name":"Padre Eust\u00e1quio","article_publisher":"https:\/\/www.facebook.com\/beatopadreeustaquio\/","article_published_time":"2022-12-09T09:00:00+00:00","og_image":[{"width":1024,"height":575,"url":"https:\/\/www.padreeustaquio.com.br\/wp-content\/uploads\/2022\/12\/cantata-pe.-eustaquio-1024x575.png","type":"image\/png"}],"author":"@sscc","twitter_card":"summary_large_image","twitter_image":"https:\/\/www.padreeustaquio.com.br\/wp-content\/uploads\/2022\/12\/cantata-pe.-eustaquio.png","twitter_creator":"@beatopeustaquio","twitter_site":"@beatopeustaquio","twitter_misc":{"Escrito por":"@sscc","Tiempo de lectura":"1 minuto"},"schema":{"@context":"https:\/\/schema.org","@graph":[{"@type":"Article","@id":"https:\/\/www.padreeustaquio.com.br\/e-hoje-igreja-do-padre-eustaquio-recebe-mais-uma-edicao-da-cantata-de-natal\/#article","isPartOf":{"@id":"https:\/\/www.padreeustaquio.com.br\/e-hoje-igreja-do-padre-eustaquio-recebe-mais-uma-edicao-da-cantata-de-natal\/"},"author":{"name":"@sscc","@id":"https:\/\/www.padreeustaquio.com.br\/#\/schema\/person\/a2a51db1d00f1a7af0204a0f1ddb1566"},"headline":"\u00c9 HOJE &#8211; Igreja do Padre Eust\u00e1quio recebe mais uma edi\u00e7\u00e3o da Cantata de Natal","datePublished":"2022-12-09T09:00:00+00:00","mainEntityOfPage":{"@id":"https:\/\/www.padreeustaquio.com.br\/e-hoje-igreja-do-padre-eustaquio-recebe-mais-uma-edicao-da-cantata-de-natal\/"},"wordCount":211,"commentCount":0,"publisher":{"@id":"https:\/\/www.padreeustaquio.com.br\/#organization"},"image":{"@id":"https:\/\/www.padreeustaquio.com.br\/e-hoje-igreja-do-padre-eustaquio-recebe-mais-uma-edicao-da-cantata-de-natal\/#primaryimage"},"thumbnailUrl":"https:\/\/www.padreeustaquio.com.br\/wp-content\/uploads\/2022\/12\/cantata-pe.-eustaquio.png","articleSection":["Not\u00edcias"],"inLanguage":"es","potentialAction":[{"@type":"CommentAction","name":"Comment","target":["https:\/\/www.padreeustaquio.com.br\/e-hoje-igreja-do-padre-eustaquio-recebe-mais-uma-edicao-da-cantata-de-natal\/#respond"]}]},{"@type":"WebPage","@id":"https:\/\/www.padreeustaquio.com.br\/e-hoje-igreja-do-padre-eustaquio-recebe-mais-uma-edicao-da-cantata-de-natal\/","url":"https:\/\/www.padreeustaquio.com.br\/e-hoje-igreja-do-padre-eustaquio-recebe-mais-uma-edicao-da-cantata-de-natal\/","name":"HOY - La Iglesia Padre Eust\u00e1quio acoge otra edici\u00f3n de la Cantata de Navidad.","isPartOf":{"@id":"https:\/\/www.padreeustaquio.com.br\/#website"},"primaryImageOfPage":{"@id":"https:\/\/www.padreeustaquio.com.br\/e-hoje-igreja-do-padre-eustaquio-recebe-mais-uma-edicao-da-cantata-de-natal\/#primaryimage"},"image":{"@id":"https:\/\/www.padreeustaquio.com.br\/e-hoje-igreja-do-padre-eustaquio-recebe-mais-uma-edicao-da-cantata-de-natal\/#primaryimage"},"thumbnailUrl":"https:\/\/www.padreeustaquio.com.br\/wp-content\/uploads\/2022\/12\/cantata-pe.-eustaquio.png","datePublished":"2022-12-09T09:00:00+00:00","description":"El Santuario Arquidiocesano de Salud y Paz, Iglesia del Beato Padre Eustaquio, presenta hoy otra edici\u00f3n de la Cantata de Navidad. El evento tendr\u00e1 lugar a las 20:30, justo despu\u00e9s de la Santa Misa, dentro de la iglesia.","breadcrumb":{"@id":"https:\/\/www.padreeustaquio.com.br\/e-hoje-igreja-do-padre-eustaquio-recebe-mais-uma-edicao-da-cantata-de-natal\/#breadcrumb"},"inLanguage":"es","potentialAction":[{"@type":"ReadAction","target":["https:\/\/www.padreeustaquio.com.br\/e-hoje-igreja-do-padre-eustaquio-recebe-mais-uma-edicao-da-cantata-de-natal\/"]}]},{"@type":"ImageObject","inLanguage":"es","@id":"https:\/\/www.padreeustaquio.com.br\/e-hoje-igreja-do-padre-eustaquio-recebe-mais-uma-edicao-da-cantata-de-natal\/#primaryimage","url":"https:\/\/www.padreeustaquio.com.br\/wp-content\/uploads\/2022\/12\/cantata-pe.-eustaquio.png","contentUrl":"https:\/\/www.padreeustaquio.com.br\/wp-content\/uploads\/2022\/12\/cantata-pe.-eustaquio.png","width":1434,"height":805},{"@type":"BreadcrumbList","@id":"https:\/\/www.padreeustaquio.com.br\/e-hoje-igreja-do-padre-eustaquio-recebe-mais-uma-edicao-da-cantata-de-natal\/#breadcrumb","itemListElement":[{"@type":"ListItem","position":1,"name":"In\u00edcio","item":"https:\/\/www.padreeustaquio.com.br\/"},{"@type":"ListItem","position":2,"name":"\u00c9 HOJE &#8211; Igreja do Padre Eust\u00e1quio recebe mais uma edi\u00e7\u00e3o da Cantata de Natal"}]},{"@type":"WebSite","@id":"https:\/\/www.padreeustaquio.com.br\/#website","url":"https:\/\/www.padreeustaquio.com.br\/","name":"Padre Eustace","description":"Salud y Paz","publisher":{"@id":"https:\/\/www.padreeustaquio.com.br\/#organization"},"potentialAction":[{"@type":"SearchAction","target":{"@type":"EntryPoint","urlTemplate":"https:\/\/www.padreeustaquio.com.br\/?s={search_term_string}"},"query-input":{"@type":"PropertyValueSpecification","valueRequired":true,"valueName":"search_term_string"}}],"inLanguage":"es"},{"@type":"Organization","@id":"https:\/\/www.padreeustaquio.com.br\/#organization","name":"Padre Eustace","url":"https:\/\/www.padreeustaquio.com.br\/","logo":{"@type":"ImageObject","inLanguage":"es","@id":"https:\/\/www.padreeustaquio.com.br\/#\/schema\/logo\/image\/","url":"https:\/\/www.padreeustaquio.com.br\/wp-content\/uploads\/2019\/08\/marca.png","contentUrl":"https:\/\/www.padreeustaquio.com.br\/wp-content\/uploads\/2019\/08\/marca.png","width":350,"height":400,"caption":"Padre Eust\u00e1quio"},"image":{"@id":"https:\/\/www.padreeustaquio.com.br\/#\/schema\/logo\/image\/"},"sameAs":["https:\/\/www.facebook.com\/beatopadreeustaquio\/","https:\/\/x.com\/beatopeustaquio","https:\/\/www.instagram.com\/beatopadreeustaquio\/","https:\/\/www.youtube.com\/channel\/UCRhw7vfabnajwLxb1ZXMeIw"]},{"@type":"Person","@id":"https:\/\/www.padreeustaquio.com.br\/#\/schema\/person\/a2a51db1d00f1a7af0204a0f1ddb1566","name":"@sscc","image":{"@type":"ImageObject","inLanguage":"es","@id":"https:\/\/secure.gravatar.com\/avatar\/68cfafa5f44617fea54071e215026e0ff06be366c3d54a8425f04fdcb86f8c5f?s=96&d=mm&r=g","url":"https:\/\/secure.gravatar.com\/avatar\/68cfafa5f44617fea54071e215026e0ff06be366c3d54a8425f04fdcb86f8c5f?s=96&d=mm&r=g","contentUrl":"https:\/\/secure.gravatar.com\/avatar\/68cfafa5f44617fea54071e215026e0ff06be366c3d54a8425f04fdcb86f8c5f?s=96&d=mm&r=g","caption":"@sscc"},"url":"https:\/\/www.padreeustaquio.com.br\/es\/author\/sscc\/"}]}},"_links":{"self":[{"href":"https:\/\/www.padreeustaquio.com.br\/es\/wp-json\/wp\/v2\/posts\/9611","targetHints":{"allow":["GET"]}}],"collection":[{"href":"https:\/\/www.padreeustaquio.com.br\/es\/wp-json\/wp\/v2\/posts"}],"about":[{"href":"https:\/\/www.padreeustaquio.com.br\/es\/wp-json\/wp\/v2\/types\/post"}],"author":[{"embeddable":true,"href":"https:\/\/www.padreeustaquio.com.br\/es\/wp-json\/wp\/v2\/users\/2"}],"replies":[{"embeddable":true,"href":"https:\/\/www.padreeustaquio.com.br\/es\/wp-json\/wp\/v2\/comments?post=9611"}],"version-history":[{"count":0,"href":"https:\/\/www.padreeustaquio.com.br\/es\/wp-json\/wp\/v2\/posts\/9611\/revisions"}],"wp:featuredmedia":[{"embeddable":true,"href":"https:\/\/www.padreeustaquio.com.br\/es\/wp-json\/wp\/v2\/media\/9612"}],"wp:attachment":[{"href":"https:\/\/www.padreeustaquio.com.br\/es\/wp-json\/wp\/v2\/media?parent=9611"}],"wp:term":[{"taxonomy":"category","embeddable":true,"href":"https:\/\/www.padreeustaquio.com.br\/es\/wp-json\/wp\/v2\/categories?post=9611"},{"taxonomy":"post_tag","embeddable":true,"href":"https:\/\/www.padreeustaquio.com.br\/es\/wp-json\/wp\/v2\/tags?post=9611"}],"curies":[{"name":"wp","href":"https:\/\/api.w.org\/{rel}","templated":true}]}}