{"id":9596,"date":"2022-12-06T12:56:09","date_gmt":"2022-12-06T15:56:09","guid":{"rendered":"https:\/\/www.padreeustaquio.com.br\/?p=9596"},"modified":"2022-12-06T12:56:10","modified_gmt":"2022-12-06T15:56:10","slug":"las-clases-de-catecismo-en-el-santuario-cuentan-con-una-exposicion-biblica","status":"publish","type":"post","link":"https:\/\/www.padreeustaquio.com.br\/es\/las-clases-de-catecismo-en-el-santuario-cuentan-con-una-exposicion-biblica\/","title":{"rendered":"Las clases de catecismo en el Santuario realizan una &quot;Exposici\u00f3n B\u00edblica&quot;\u201c"},"content":{"rendered":"<p>El programa de Catequesis del Santuario de Salud y Paz realiz\u00f3 una Exposici\u00f3n B\u00edblica en el Centro Comunitario de la Iglesia. Las obras presentadas son resultado de la investigaci\u00f3n de catequistas y catec\u00famenos.<\/p>\n\n\n<div class=\"wp-block-image\">\n<figure class=\"alignleft size-medium\"><img fetchpriority=\"high\" decoding=\"async\" width=\"300\" height=\"225\" src=\"https:\/\/www.padreeustaquio.com.br\/wp-content\/uploads\/2022\/12\/mostra-biblica-2-300x225.jpeg\" alt=\"\" class=\"wp-image-9598\" srcset=\"https:\/\/www.padreeustaquio.com.br\/wp-content\/uploads\/2022\/12\/mostra-biblica-2-300x225.jpeg 300w, https:\/\/www.padreeustaquio.com.br\/wp-content\/uploads\/2022\/12\/mostra-biblica-2-1024x768.jpeg 1024w, https:\/\/www.padreeustaquio.com.br\/wp-content\/uploads\/2022\/12\/mostra-biblica-2-768x576.jpeg 768w, https:\/\/www.padreeustaquio.com.br\/wp-content\/uploads\/2022\/12\/mostra-biblica-2-1536x1152.jpeg 1536w, https:\/\/www.padreeustaquio.com.br\/wp-content\/uploads\/2022\/12\/mostra-biblica-2-180x135.jpeg 180w, https:\/\/www.padreeustaquio.com.br\/wp-content\/uploads\/2022\/12\/mostra-biblica-2-400x300.jpeg 400w, https:\/\/www.padreeustaquio.com.br\/wp-content\/uploads\/2022\/12\/mostra-biblica-2-600x450.jpeg 600w, https:\/\/www.padreeustaquio.com.br\/wp-content\/uploads\/2022\/12\/mostra-biblica-2-800x600.jpeg 800w, https:\/\/www.padreeustaquio.com.br\/wp-content\/uploads\/2022\/12\/mostra-biblica-2-1200x900.jpeg 1200w, https:\/\/www.padreeustaquio.com.br\/wp-content\/uploads\/2022\/12\/mostra-biblica-2.jpeg 1600w\" sizes=\"(max-width: 300px) 100vw, 300px\" \/><\/figure>\n<\/div>\n\n\n<p>La exposici\u00f3n present\u00f3 toda la historia de la Biblia y la Iglesia, desde las primeras comunidades cristianas hasta la actualidad. Las obras incluyeron fechas y nombres importantes de la historia del cristianismo.<\/p>\n\n\n\n<p>Entre los temas abordados en la exposici\u00f3n, se dio especial \u00e9nfasis al Beato Padre Eustaquio y su legado como Misionero de la Salud y la Paz.<\/p>\n\n\n<div class=\"wp-block-image\">\n<figure class=\"alignright size-medium\"><img decoding=\"async\" width=\"300\" height=\"225\" src=\"https:\/\/www.padreeustaquio.com.br\/wp-content\/uploads\/2022\/12\/mostra-biblica-pe-300x225.jpeg\" alt=\"\" class=\"wp-image-9599\" srcset=\"https:\/\/www.padreeustaquio.com.br\/wp-content\/uploads\/2022\/12\/mostra-biblica-pe-300x225.jpeg 300w, https:\/\/www.padreeustaquio.com.br\/wp-content\/uploads\/2022\/12\/mostra-biblica-pe-1024x768.jpeg 1024w, https:\/\/www.padreeustaquio.com.br\/wp-content\/uploads\/2022\/12\/mostra-biblica-pe-768x576.jpeg 768w, https:\/\/www.padreeustaquio.com.br\/wp-content\/uploads\/2022\/12\/mostra-biblica-pe-1536x1152.jpeg 1536w, https:\/\/www.padreeustaquio.com.br\/wp-content\/uploads\/2022\/12\/mostra-biblica-pe-180x135.jpeg 180w, https:\/\/www.padreeustaquio.com.br\/wp-content\/uploads\/2022\/12\/mostra-biblica-pe-400x300.jpeg 400w, https:\/\/www.padreeustaquio.com.br\/wp-content\/uploads\/2022\/12\/mostra-biblica-pe-600x450.jpeg 600w, https:\/\/www.padreeustaquio.com.br\/wp-content\/uploads\/2022\/12\/mostra-biblica-pe-800x600.jpeg 800w, https:\/\/www.padreeustaquio.com.br\/wp-content\/uploads\/2022\/12\/mostra-biblica-pe-1200x900.jpeg 1200w, https:\/\/www.padreeustaquio.com.br\/wp-content\/uploads\/2022\/12\/mostra-biblica-pe.jpeg 1600w\" sizes=\"(max-width: 300px) 100vw, 300px\" \/><\/figure>\n<\/div>\n\n\n<p>Quienes visitaron la exposici\u00f3n tambi\u00e9n pudieron disfrutar de un delicioso refrigerio preparado por el equipo del ECC (Encuentro de Parejas con Cristo) y el equipo de festivales del Santuario. Adem\u00e1s, los visitantes pudieron aprender m\u00e1s sobre la historia de San Nicol\u00e1s en un puesto montado especialmente para presentar al santo.<\/p>\n\n\n\n<p><\/p>","protected":false},"excerpt":{"rendered":"<p>A Catequese do Santu\u00e1rio da Sa\u00fade e da Paz realizou uma Mostra B\u00edblica no Centro Comunit\u00e1rio da Igreja. Os trabalhos apresentados s\u00e3o resultado de pesquisas dos catequistas e dos catequizandos. Na mostra, foi apresentada toda hist\u00f3ria da B\u00edblia e da Igreja, desde as primeiras comunidades crist\u00e3s at\u00e9 os dias atuais. Os trabalhos trouxeram datas e nomes importantes da hist\u00f3ria do Cristianismo. Entre os temas abordados na mostra, um destaque especial foi dado ao Bem-Aventurado Padre Eust\u00e1quio e seu legado como Mission\u00e1rio da Sa\u00fade e da Paz. Quem visitou a mostra pode ainda participar de um delicioso lanche realizado pela equipe [&hellip;]<\/p>\n","protected":false},"author":2,"featured_media":9597,"comment_status":"open","ping_status":"closed","sticky":false,"template":"","format":"standard","meta":{"_acf_changed":false,"footnotes":""},"categories":[611],"tags":[],"class_list":["post-9596","post","type-post","status-publish","format-standard","has-post-thumbnail","hentry","category-noticias"],"acf":[],"yoast_head":"<!-- This site is optimized with the Yoast SEO plugin v27.2 - https:\/\/yoast.com\/product\/yoast-seo-wordpress\/ -->\n<title>Turmas de Catequese do Santu\u00e1rio realizam &quot;Mostra B\u00edblica&quot;<\/title>\n<meta name=\"description\" content=\"A Catequese do Santu\u00e1rio da Sa\u00fade e da Paz realizou uma Mostra B\u00edblica no Centro Comunit\u00e1rio da Igreja. Os trabalhos apresentados s\u00e3o resultado de pesquisas dos catequistas e dos catequizandos.\" \/>\n<meta name=\"robots\" content=\"index, follow, max-snippet:-1, max-image-preview:large, max-video-preview:-1\" \/>\n<link rel=\"canonical\" href=\"https:\/\/www.padreeustaquio.com.br\/es\/las-clases-de-catecismo-en-el-santuario-cuentan-con-una-exposicion-biblica\/\" \/>\n<meta property=\"og:locale\" content=\"es_ES\" \/>\n<meta property=\"og:type\" content=\"article\" \/>\n<meta property=\"og:title\" content=\"Turmas de Catequese do Santu\u00e1rio realizam &quot;Mostra B\u00edblica&quot;\" \/>\n<meta property=\"og:description\" content=\"A Catequese do Santu\u00e1rio da Sa\u00fade e da Paz realizou uma Mostra B\u00edblica no Centro Comunit\u00e1rio da Igreja. Os trabalhos apresentados s\u00e3o resultado de pesquisas dos catequistas e dos catequizandos.\" \/>\n<meta property=\"og:url\" content=\"https:\/\/www.padreeustaquio.com.br\/es\/las-clases-de-catecismo-en-el-santuario-cuentan-con-una-exposicion-biblica\/\" \/>\n<meta property=\"og:site_name\" content=\"Padre Eust\u00e1quio\" \/>\n<meta property=\"article:publisher\" content=\"https:\/\/www.facebook.com\/beatopadreeustaquio\/\" \/>\n<meta property=\"article:published_time\" content=\"2022-12-06T15:56:09+00:00\" \/>\n<meta property=\"article:modified_time\" content=\"2022-12-06T15:56:10+00:00\" \/>\n<meta property=\"og:image\" content=\"https:\/\/www.padreeustaquio.com.br\/wp-content\/uploads\/2022\/12\/mostra-biblica-1.jpeg\" \/>\n\t<meta property=\"og:image:width\" content=\"1600\" \/>\n\t<meta property=\"og:image:height\" content=\"1200\" \/>\n\t<meta property=\"og:image:type\" content=\"image\/jpeg\" \/>\n<meta name=\"author\" content=\"@sscc\" \/>\n<meta name=\"twitter:card\" content=\"summary_large_image\" \/>\n<meta name=\"twitter:image\" content=\"https:\/\/www.padreeustaquio.com.br\/wp-content\/uploads\/2022\/12\/mostra-biblica-1.jpeg\" \/>\n<meta name=\"twitter:creator\" content=\"@beatopeustaquio\" \/>\n<meta name=\"twitter:site\" content=\"@beatopeustaquio\" \/>\n<meta name=\"twitter:label1\" content=\"Escrito por\" \/>\n\t<meta name=\"twitter:data1\" content=\"@sscc\" \/>\n\t<meta name=\"twitter:label2\" content=\"Tiempo de lectura\" \/>\n\t<meta name=\"twitter:data2\" content=\"2 minutos\" \/>\n<script type=\"application\/ld+json\" class=\"yoast-schema-graph\">{\"@context\":\"https:\/\/schema.org\",\"@graph\":[{\"@type\":\"Article\",\"@id\":\"https:\/\/www.padreeustaquio.com.br\/turmas-de-catequese-do-santuario-realizam-mostra-biblica\/#article\",\"isPartOf\":{\"@id\":\"https:\/\/www.padreeustaquio.com.br\/turmas-de-catequese-do-santuario-realizam-mostra-biblica\/\"},\"author\":{\"name\":\"@sscc\",\"@id\":\"https:\/\/www.padreeustaquio.com.br\/#\/schema\/person\/a2a51db1d00f1a7af0204a0f1ddb1566\"},\"headline\":\"Turmas de Catequese do Santu\u00e1rio realizam &#8220;Mostra B\u00edblica&#8221;\",\"datePublished\":\"2022-12-06T15:56:09+00:00\",\"dateModified\":\"2022-12-06T15:56:10+00:00\",\"mainEntityOfPage\":{\"@id\":\"https:\/\/www.padreeustaquio.com.br\/turmas-de-catequese-do-santuario-realizam-mostra-biblica\/\"},\"wordCount\":164,\"commentCount\":0,\"publisher\":{\"@id\":\"https:\/\/www.padreeustaquio.com.br\/#organization\"},\"image\":{\"@id\":\"https:\/\/www.padreeustaquio.com.br\/turmas-de-catequese-do-santuario-realizam-mostra-biblica\/#primaryimage\"},\"thumbnailUrl\":\"https:\/\/www.padreeustaquio.com.br\/wp-content\/uploads\/2022\/12\/mostra-biblica-1.jpeg\",\"articleSection\":[\"Not\u00edcias\"],\"inLanguage\":\"es\",\"potentialAction\":[{\"@type\":\"CommentAction\",\"name\":\"Comment\",\"target\":[\"https:\/\/www.padreeustaquio.com.br\/turmas-de-catequese-do-santuario-realizam-mostra-biblica\/#respond\"]}]},{\"@type\":\"WebPage\",\"@id\":\"https:\/\/www.padreeustaquio.com.br\/turmas-de-catequese-do-santuario-realizam-mostra-biblica\/\",\"url\":\"https:\/\/www.padreeustaquio.com.br\/turmas-de-catequese-do-santuario-realizam-mostra-biblica\/\",\"name\":\"Turmas de Catequese do Santu\u00e1rio realizam \\\"Mostra B\u00edblica\\\"\",\"isPartOf\":{\"@id\":\"https:\/\/www.padreeustaquio.com.br\/#website\"},\"primaryImageOfPage\":{\"@id\":\"https:\/\/www.padreeustaquio.com.br\/turmas-de-catequese-do-santuario-realizam-mostra-biblica\/#primaryimage\"},\"image\":{\"@id\":\"https:\/\/www.padreeustaquio.com.br\/turmas-de-catequese-do-santuario-realizam-mostra-biblica\/#primaryimage\"},\"thumbnailUrl\":\"https:\/\/www.padreeustaquio.com.br\/wp-content\/uploads\/2022\/12\/mostra-biblica-1.jpeg\",\"datePublished\":\"2022-12-06T15:56:09+00:00\",\"dateModified\":\"2022-12-06T15:56:10+00:00\",\"description\":\"A Catequese do Santu\u00e1rio da Sa\u00fade e da Paz realizou uma Mostra B\u00edblica no Centro Comunit\u00e1rio da Igreja. Os trabalhos apresentados s\u00e3o resultado de pesquisas dos catequistas e dos catequizandos.\",\"breadcrumb\":{\"@id\":\"https:\/\/www.padreeustaquio.com.br\/turmas-de-catequese-do-santuario-realizam-mostra-biblica\/#breadcrumb\"},\"inLanguage\":\"es\",\"potentialAction\":[{\"@type\":\"ReadAction\",\"target\":[\"https:\/\/www.padreeustaquio.com.br\/turmas-de-catequese-do-santuario-realizam-mostra-biblica\/\"]}]},{\"@type\":\"ImageObject\",\"inLanguage\":\"es\",\"@id\":\"https:\/\/www.padreeustaquio.com.br\/turmas-de-catequese-do-santuario-realizam-mostra-biblica\/#primaryimage\",\"url\":\"https:\/\/www.padreeustaquio.com.br\/wp-content\/uploads\/2022\/12\/mostra-biblica-1.jpeg\",\"contentUrl\":\"https:\/\/www.padreeustaquio.com.br\/wp-content\/uploads\/2022\/12\/mostra-biblica-1.jpeg\",\"width\":1600,\"height\":1200},{\"@type\":\"BreadcrumbList\",\"@id\":\"https:\/\/www.padreeustaquio.com.br\/turmas-de-catequese-do-santuario-realizam-mostra-biblica\/#breadcrumb\",\"itemListElement\":[{\"@type\":\"ListItem\",\"position\":1,\"name\":\"In\u00edcio\",\"item\":\"https:\/\/www.padreeustaquio.com.br\/\"},{\"@type\":\"ListItem\",\"position\":2,\"name\":\"Turmas de Catequese do Santu\u00e1rio realizam &#8220;Mostra B\u00edblica&#8221;\"}]},{\"@type\":\"WebSite\",\"@id\":\"https:\/\/www.padreeustaquio.com.br\/#website\",\"url\":\"https:\/\/www.padreeustaquio.com.br\/\",\"name\":\"Padre Eust\u00e1quio\",\"description\":\"Sa\u00fade e Paz\",\"publisher\":{\"@id\":\"https:\/\/www.padreeustaquio.com.br\/#organization\"},\"potentialAction\":[{\"@type\":\"SearchAction\",\"target\":{\"@type\":\"EntryPoint\",\"urlTemplate\":\"https:\/\/www.padreeustaquio.com.br\/?s={search_term_string}\"},\"query-input\":{\"@type\":\"PropertyValueSpecification\",\"valueRequired\":true,\"valueName\":\"search_term_string\"}}],\"inLanguage\":\"es\"},{\"@type\":\"Organization\",\"@id\":\"https:\/\/www.padreeustaquio.com.br\/#organization\",\"name\":\"Padre Eust\u00e1quio\",\"url\":\"https:\/\/www.padreeustaquio.com.br\/\",\"logo\":{\"@type\":\"ImageObject\",\"inLanguage\":\"es\",\"@id\":\"https:\/\/www.padreeustaquio.com.br\/#\/schema\/logo\/image\/\",\"url\":\"https:\/\/www.padreeustaquio.com.br\/wp-content\/uploads\/2019\/08\/marca.png\",\"contentUrl\":\"https:\/\/www.padreeustaquio.com.br\/wp-content\/uploads\/2019\/08\/marca.png\",\"width\":350,\"height\":400,\"caption\":\"Padre Eust\u00e1quio\"},\"image\":{\"@id\":\"https:\/\/www.padreeustaquio.com.br\/#\/schema\/logo\/image\/\"},\"sameAs\":[\"https:\/\/www.facebook.com\/beatopadreeustaquio\/\",\"https:\/\/x.com\/beatopeustaquio\",\"https:\/\/www.instagram.com\/beatopadreeustaquio\/\",\"https:\/\/www.youtube.com\/channel\/UCRhw7vfabnajwLxb1ZXMeIw\"]},{\"@type\":\"Person\",\"@id\":\"https:\/\/www.padreeustaquio.com.br\/#\/schema\/person\/a2a51db1d00f1a7af0204a0f1ddb1566\",\"name\":\"@sscc\",\"image\":{\"@type\":\"ImageObject\",\"inLanguage\":\"es\",\"@id\":\"https:\/\/secure.gravatar.com\/avatar\/68cfafa5f44617fea54071e215026e0ff06be366c3d54a8425f04fdcb86f8c5f?s=96&d=mm&r=g\",\"url\":\"https:\/\/secure.gravatar.com\/avatar\/68cfafa5f44617fea54071e215026e0ff06be366c3d54a8425f04fdcb86f8c5f?s=96&d=mm&r=g\",\"contentUrl\":\"https:\/\/secure.gravatar.com\/avatar\/68cfafa5f44617fea54071e215026e0ff06be366c3d54a8425f04fdcb86f8c5f?s=96&d=mm&r=g\",\"caption\":\"@sscc\"},\"url\":\"https:\/\/www.padreeustaquio.com.br\/es\/author\/sscc\/\"}]}<\/script>\n<!-- \/ Yoast SEO plugin. -->","yoast_head_json":{"title":"Las clases de catecismo en el Santuario realizan una &quot;Exposici\u00f3n B\u00edblica&quot;\"","description":"El programa de Catequesis del Santuario de Salud y Paz realiz\u00f3 una Exposici\u00f3n B\u00edblica en el Centro Comunitario de la Iglesia. Las obras presentadas son resultado de la investigaci\u00f3n de catequistas y catec\u00famenos.","robots":{"index":"index","follow":"follow","max-snippet":"max-snippet:-1","max-image-preview":"max-image-preview:large","max-video-preview":"max-video-preview:-1"},"canonical":"https:\/\/www.padreeustaquio.com.br\/es\/las-clases-de-catecismo-en-el-santuario-cuentan-con-una-exposicion-biblica\/","og_locale":"es_ES","og_type":"article","og_title":"Turmas de Catequese do Santu\u00e1rio realizam \"Mostra B\u00edblica\"","og_description":"A Catequese do Santu\u00e1rio da Sa\u00fade e da Paz realizou uma Mostra B\u00edblica no Centro Comunit\u00e1rio da Igreja. Os trabalhos apresentados s\u00e3o resultado de pesquisas dos catequistas e dos catequizandos.","og_url":"https:\/\/www.padreeustaquio.com.br\/es\/las-clases-de-catecismo-en-el-santuario-cuentan-con-una-exposicion-biblica\/","og_site_name":"Padre Eust\u00e1quio","article_publisher":"https:\/\/www.facebook.com\/beatopadreeustaquio\/","article_published_time":"2022-12-06T15:56:09+00:00","article_modified_time":"2022-12-06T15:56:10+00:00","og_image":[{"width":1600,"height":1200,"url":"https:\/\/www.padreeustaquio.com.br\/wp-content\/uploads\/2022\/12\/mostra-biblica-1.jpeg","type":"image\/jpeg"}],"author":"@sscc","twitter_card":"summary_large_image","twitter_image":"https:\/\/www.padreeustaquio.com.br\/wp-content\/uploads\/2022\/12\/mostra-biblica-1.jpeg","twitter_creator":"@beatopeustaquio","twitter_site":"@beatopeustaquio","twitter_misc":{"Escrito por":"@sscc","Tiempo de lectura":"2 minutos"},"schema":{"@context":"https:\/\/schema.org","@graph":[{"@type":"Article","@id":"https:\/\/www.padreeustaquio.com.br\/turmas-de-catequese-do-santuario-realizam-mostra-biblica\/#article","isPartOf":{"@id":"https:\/\/www.padreeustaquio.com.br\/turmas-de-catequese-do-santuario-realizam-mostra-biblica\/"},"author":{"name":"@sscc","@id":"https:\/\/www.padreeustaquio.com.br\/#\/schema\/person\/a2a51db1d00f1a7af0204a0f1ddb1566"},"headline":"Turmas de Catequese do Santu\u00e1rio realizam &#8220;Mostra B\u00edblica&#8221;","datePublished":"2022-12-06T15:56:09+00:00","dateModified":"2022-12-06T15:56:10+00:00","mainEntityOfPage":{"@id":"https:\/\/www.padreeustaquio.com.br\/turmas-de-catequese-do-santuario-realizam-mostra-biblica\/"},"wordCount":164,"commentCount":0,"publisher":{"@id":"https:\/\/www.padreeustaquio.com.br\/#organization"},"image":{"@id":"https:\/\/www.padreeustaquio.com.br\/turmas-de-catequese-do-santuario-realizam-mostra-biblica\/#primaryimage"},"thumbnailUrl":"https:\/\/www.padreeustaquio.com.br\/wp-content\/uploads\/2022\/12\/mostra-biblica-1.jpeg","articleSection":["Not\u00edcias"],"inLanguage":"es","potentialAction":[{"@type":"CommentAction","name":"Comment","target":["https:\/\/www.padreeustaquio.com.br\/turmas-de-catequese-do-santuario-realizam-mostra-biblica\/#respond"]}]},{"@type":"WebPage","@id":"https:\/\/www.padreeustaquio.com.br\/turmas-de-catequese-do-santuario-realizam-mostra-biblica\/","url":"https:\/\/www.padreeustaquio.com.br\/turmas-de-catequese-do-santuario-realizam-mostra-biblica\/","name":"Las clases de catecismo en el Santuario realizan una &quot;Exposici\u00f3n B\u00edblica&quot;\"","isPartOf":{"@id":"https:\/\/www.padreeustaquio.com.br\/#website"},"primaryImageOfPage":{"@id":"https:\/\/www.padreeustaquio.com.br\/turmas-de-catequese-do-santuario-realizam-mostra-biblica\/#primaryimage"},"image":{"@id":"https:\/\/www.padreeustaquio.com.br\/turmas-de-catequese-do-santuario-realizam-mostra-biblica\/#primaryimage"},"thumbnailUrl":"https:\/\/www.padreeustaquio.com.br\/wp-content\/uploads\/2022\/12\/mostra-biblica-1.jpeg","datePublished":"2022-12-06T15:56:09+00:00","dateModified":"2022-12-06T15:56:10+00:00","description":"El programa de Catequesis del Santuario de Salud y Paz realiz\u00f3 una Exposici\u00f3n B\u00edblica en el Centro Comunitario de la Iglesia. Las obras presentadas son resultado de la investigaci\u00f3n de catequistas y catec\u00famenos.","breadcrumb":{"@id":"https:\/\/www.padreeustaquio.com.br\/turmas-de-catequese-do-santuario-realizam-mostra-biblica\/#breadcrumb"},"inLanguage":"es","potentialAction":[{"@type":"ReadAction","target":["https:\/\/www.padreeustaquio.com.br\/turmas-de-catequese-do-santuario-realizam-mostra-biblica\/"]}]},{"@type":"ImageObject","inLanguage":"es","@id":"https:\/\/www.padreeustaquio.com.br\/turmas-de-catequese-do-santuario-realizam-mostra-biblica\/#primaryimage","url":"https:\/\/www.padreeustaquio.com.br\/wp-content\/uploads\/2022\/12\/mostra-biblica-1.jpeg","contentUrl":"https:\/\/www.padreeustaquio.com.br\/wp-content\/uploads\/2022\/12\/mostra-biblica-1.jpeg","width":1600,"height":1200},{"@type":"BreadcrumbList","@id":"https:\/\/www.padreeustaquio.com.br\/turmas-de-catequese-do-santuario-realizam-mostra-biblica\/#breadcrumb","itemListElement":[{"@type":"ListItem","position":1,"name":"In\u00edcio","item":"https:\/\/www.padreeustaquio.com.br\/"},{"@type":"ListItem","position":2,"name":"Turmas de Catequese do Santu\u00e1rio realizam &#8220;Mostra B\u00edblica&#8221;"}]},{"@type":"WebSite","@id":"https:\/\/www.padreeustaquio.com.br\/#website","url":"https:\/\/www.padreeustaquio.com.br\/","name":"Padre Eustace","description":"Salud y Paz","publisher":{"@id":"https:\/\/www.padreeustaquio.com.br\/#organization"},"potentialAction":[{"@type":"SearchAction","target":{"@type":"EntryPoint","urlTemplate":"https:\/\/www.padreeustaquio.com.br\/?s={search_term_string}"},"query-input":{"@type":"PropertyValueSpecification","valueRequired":true,"valueName":"search_term_string"}}],"inLanguage":"es"},{"@type":"Organization","@id":"https:\/\/www.padreeustaquio.com.br\/#organization","name":"Padre Eustace","url":"https:\/\/www.padreeustaquio.com.br\/","logo":{"@type":"ImageObject","inLanguage":"es","@id":"https:\/\/www.padreeustaquio.com.br\/#\/schema\/logo\/image\/","url":"https:\/\/www.padreeustaquio.com.br\/wp-content\/uploads\/2019\/08\/marca.png","contentUrl":"https:\/\/www.padreeustaquio.com.br\/wp-content\/uploads\/2019\/08\/marca.png","width":350,"height":400,"caption":"Padre Eust\u00e1quio"},"image":{"@id":"https:\/\/www.padreeustaquio.com.br\/#\/schema\/logo\/image\/"},"sameAs":["https:\/\/www.facebook.com\/beatopadreeustaquio\/","https:\/\/x.com\/beatopeustaquio","https:\/\/www.instagram.com\/beatopadreeustaquio\/","https:\/\/www.youtube.com\/channel\/UCRhw7vfabnajwLxb1ZXMeIw"]},{"@type":"Person","@id":"https:\/\/www.padreeustaquio.com.br\/#\/schema\/person\/a2a51db1d00f1a7af0204a0f1ddb1566","name":"@sscc","image":{"@type":"ImageObject","inLanguage":"es","@id":"https:\/\/secure.gravatar.com\/avatar\/68cfafa5f44617fea54071e215026e0ff06be366c3d54a8425f04fdcb86f8c5f?s=96&d=mm&r=g","url":"https:\/\/secure.gravatar.com\/avatar\/68cfafa5f44617fea54071e215026e0ff06be366c3d54a8425f04fdcb86f8c5f?s=96&d=mm&r=g","contentUrl":"https:\/\/secure.gravatar.com\/avatar\/68cfafa5f44617fea54071e215026e0ff06be366c3d54a8425f04fdcb86f8c5f?s=96&d=mm&r=g","caption":"@sscc"},"url":"https:\/\/www.padreeustaquio.com.br\/es\/author\/sscc\/"}]}},"_links":{"self":[{"href":"https:\/\/www.padreeustaquio.com.br\/es\/wp-json\/wp\/v2\/posts\/9596","targetHints":{"allow":["GET"]}}],"collection":[{"href":"https:\/\/www.padreeustaquio.com.br\/es\/wp-json\/wp\/v2\/posts"}],"about":[{"href":"https:\/\/www.padreeustaquio.com.br\/es\/wp-json\/wp\/v2\/types\/post"}],"author":[{"embeddable":true,"href":"https:\/\/www.padreeustaquio.com.br\/es\/wp-json\/wp\/v2\/users\/2"}],"replies":[{"embeddable":true,"href":"https:\/\/www.padreeustaquio.com.br\/es\/wp-json\/wp\/v2\/comments?post=9596"}],"version-history":[{"count":0,"href":"https:\/\/www.padreeustaquio.com.br\/es\/wp-json\/wp\/v2\/posts\/9596\/revisions"}],"wp:featuredmedia":[{"embeddable":true,"href":"https:\/\/www.padreeustaquio.com.br\/es\/wp-json\/wp\/v2\/media\/9597"}],"wp:attachment":[{"href":"https:\/\/www.padreeustaquio.com.br\/es\/wp-json\/wp\/v2\/media?parent=9596"}],"wp:term":[{"taxonomy":"category","embeddable":true,"href":"https:\/\/www.padreeustaquio.com.br\/es\/wp-json\/wp\/v2\/categories?post=9596"},{"taxonomy":"post_tag","embeddable":true,"href":"https:\/\/www.padreeustaquio.com.br\/es\/wp-json\/wp\/v2\/tags?post=9596"}],"curies":[{"name":"wp","href":"https:\/\/api.w.org\/{rel}","templated":true}]}}