{"id":9456,"date":"2022-11-01T06:03:00","date_gmt":"2022-11-01T09:03:00","guid":{"rendered":"https:\/\/www.padreeustaquio.com.br\/?p=9456"},"modified":"2022-10-31T12:09:30","modified_gmt":"2022-10-31T15:09:30","slug":"la-historia-de-la-llegada-del-padre-eustaquio-a-agua-suja-mg","status":"publish","type":"post","link":"https:\/\/www.padreeustaquio.com.br\/es\/la-historia-de-la-llegada-del-padre-eustaquio-a-agua-suja-mg\/","title":{"rendered":"HISTORIA \u2013 La llegada del Padre Eust\u00e1quio a \u00c1gua Suja-MG"},"content":{"rendered":"<p>En julio de 1925, los Padres Eust\u00e1quio, Gil y Mathias llegaron a \u00c1gua Suja\/MG, hoy Romaria, en la regi\u00f3n del Tri\u00e1ngulo Minero. All\u00ed iniciaron la obra de lo que posteriormente se convertir\u00eda oficialmente en la provincia de la Congregaci\u00f3n de los Sagrados Corazones en Brasil.<\/p>\n\n\n\n<p>En su testimonio ante el Tribunal de la Causa de Beatificaci\u00f3n y Canonizaci\u00f3n del Padre Eustaquio, el Padre Gil relata que el lugar llevaba dos a\u00f1os sin p\u00e1rroco:<\/p>\n\n\n\n<p>\u201c<em>\u00c1gua-Suja era una parroquia de la di\u00f3cesis de Uberaba, que contaba con un santuario llamado Nuestra Se\u00f1ora de la Abad\u00eda. Tanto la parroquia como el santuario eran atendidos por el p\u00e1rroco local. Cuando llegamos, el lugar llevaba dos a\u00f1os sin sacerdote residente y se celebraba una misa dominical oficiada por el p\u00e1rroco vecino de Estrela do Sul.<\/em>\u201ddice el padre Gil.<\/p>\n\n\n\n<p>La situaci\u00f3n de la ciudad distaba mucho de ser buena. Exist\u00edan muchos problemas morales y religiosos; los sacerdotes llegaron entonces con el deseo de cambiar esa realidad. El padre Eust\u00e1quio ense\u00f1aba catecismo a los ni\u00f1os y mostraba predilecci\u00f3n por los pobres y los enfermos.<\/p>\n\n\n\n<p>\u201c<em>El padre Eustaquio comenz\u00f3 a atender a un ni\u00f1o que estaba lleno de llagas; \u00e9l mismo, seg\u00fan me cont\u00f3, limpi\u00f3 aquellas heridas, tomando al ni\u00f1o y administr\u00e1ndole remedios; el hecho es que el ni\u00f1o vino a curarse; su padre, que era uno de aquellos esbirros que mataban a sueldo de contratistas que mataban a sus rivales, vino a agradecer al padre Eustaquio la curaci\u00f3n de su hijo y a ofrecerle sus servicios gratuitamente contra cualquier adversario que el padre Eustaquio pudiera tener.<\/em>\u201dEl padre Gil relata:.<\/p>\n\n\n\n<p>El Padre Eustaquio era siempre el primero en llegar a la iglesia para confesar y nunca dejaba a un enfermo sin visitar.<\/p>\n\n\n\n<p><em>\u201cDesde el punto de vista de la observancia religiosa, puedo decir que el Padre Eust\u00e1quio fue ejemplar, siempre fiel. Entre los religiosos que me rodearon, puedo se\u00f1alar al Padre Eust\u00e1quio como uno de los m\u00e1s observantes, y sin duda uno de sus cohermanos m\u00e1s estimados.\u201d<\/em> El Padre Gil habl\u00f3 ante la Corte en 1962.<\/p>\n\n\n\n<p><\/p>","protected":false},"excerpt":{"rendered":"<p>Em julho de 1925, Padre Eust\u00e1quio, Padre Gil e Padre Mathias chegam a \u00c1gua Suja\/MG, hoje a cidade de Romaria, no Tri\u00e2ngulo Mineiro. L\u00e1, eles come\u00e7aram os trabalhos daquela que, mais tarde, seria oficialmente a prov\u00edncia da Congrega\u00e7\u00e3o dos Sagrados Cora\u00e7\u00f5es no Brasil. Em depoimento ao Tribunal da Causa de Beatifica\u00e7\u00e3o e Canoniza\u00e7\u00e3o do Padre Eust\u00e1quio, Padre Gil conta que h\u00e1 dois anos o local estava sem p\u00e1roco: \u201c\u00c1gua-Suja era uma par\u00f3quia da diocese de Uberaba, que tinha um santu\u00e1rio denominado Nossa Senhora da Abadia. Par\u00f3quia e Santu\u00e1rio eram assistidos pelo pr\u00f3prio p\u00e1roco do lugar. Quando n\u00f3s chegamos, havia dois [&hellip;]<\/p>\n","protected":false},"author":2,"featured_media":9457,"comment_status":"open","ping_status":"closed","sticky":false,"template":"","format":"standard","meta":{"_acf_changed":false,"footnotes":""},"categories":[611],"tags":[],"class_list":["post-9456","post","type-post","status-publish","format-standard","has-post-thumbnail","hentry","category-noticias"],"acf":[],"yoast_head":"<!-- This site is optimized with the Yoast SEO plugin v27.2 - https:\/\/yoast.com\/product\/yoast-seo-wordpress\/ -->\n<title>HIST\u00d3RIA - A chegada de Padre Eust\u00e1quio \u00e0 \u00c1gua Suja-MG<\/title>\n<meta name=\"description\" content=\"Em julho de 1925, Padre Eust\u00e1quio, Padre Gil e Padre Mathias chegam a \u00c1gua Suja\/MG, hoje a cidade de Romaria, no Tri\u00e2ngulo Mineiro. L\u00e1, eles come\u00e7aram os trabalhos daquela que, mais tarde, seria oficialmente a prov\u00edncia da Congrega\u00e7\u00e3o dos Sagrados Cora\u00e7\u00f5es no Brasil.\" \/>\n<meta name=\"robots\" content=\"index, follow, max-snippet:-1, max-image-preview:large, max-video-preview:-1\" \/>\n<link rel=\"canonical\" href=\"https:\/\/www.padreeustaquio.com.br\/es\/la-historia-de-la-llegada-del-padre-eustaquio-a-agua-suja-mg\/\" \/>\n<meta property=\"og:locale\" content=\"es_ES\" \/>\n<meta property=\"og:type\" content=\"article\" \/>\n<meta property=\"og:title\" content=\"HIST\u00d3RIA - A chegada de Padre Eust\u00e1quio \u00e0 \u00c1gua Suja-MG\" \/>\n<meta property=\"og:description\" content=\"Em julho de 1925, Padre Eust\u00e1quio, Padre Gil e Padre Mathias chegam a \u00c1gua Suja\/MG, hoje a cidade de Romaria, no Tri\u00e2ngulo Mineiro. L\u00e1, eles come\u00e7aram os trabalhos daquela que, mais tarde, seria oficialmente a prov\u00edncia da Congrega\u00e7\u00e3o dos Sagrados Cora\u00e7\u00f5es no Brasil.\" \/>\n<meta property=\"og:url\" content=\"https:\/\/www.padreeustaquio.com.br\/es\/la-historia-de-la-llegada-del-padre-eustaquio-a-agua-suja-mg\/\" \/>\n<meta property=\"og:site_name\" content=\"Padre Eust\u00e1quio\" \/>\n<meta property=\"article:publisher\" content=\"https:\/\/www.facebook.com\/beatopadreeustaquio\/\" \/>\n<meta property=\"article:published_time\" content=\"2022-11-01T09:03:00+00:00\" \/>\n<meta property=\"og:image\" content=\"https:\/\/www.padreeustaquio.com.br\/wp-content\/uploads\/2022\/10\/Padre-Eustaquio-em-Agua-Suja-MG-e1667228910569.jpeg\" \/>\n\t<meta property=\"og:image:width\" content=\"1280\" \/>\n\t<meta property=\"og:image:height\" content=\"659\" \/>\n\t<meta property=\"og:image:type\" content=\"image\/jpeg\" \/>\n<meta name=\"author\" content=\"@sscc\" \/>\n<meta name=\"twitter:card\" content=\"summary_large_image\" \/>\n<meta name=\"twitter:image\" content=\"https:\/\/www.padreeustaquio.com.br\/wp-content\/uploads\/2022\/10\/Padre-Eustaquio-em-Agua-Suja-MG-e1667228910569.jpeg\" \/>\n<meta name=\"twitter:creator\" content=\"@beatopeustaquio\" \/>\n<meta name=\"twitter:site\" content=\"@beatopeustaquio\" \/>\n<meta name=\"twitter:label1\" content=\"Escrito por\" \/>\n\t<meta name=\"twitter:data1\" content=\"@sscc\" \/>\n\t<meta name=\"twitter:label2\" content=\"Tiempo de lectura\" \/>\n\t<meta name=\"twitter:data2\" content=\"2 minutos\" \/>\n<script type=\"application\/ld+json\" class=\"yoast-schema-graph\">{\"@context\":\"https:\/\/schema.org\",\"@graph\":[{\"@type\":\"Article\",\"@id\":\"https:\/\/www.padreeustaquio.com.br\/historia-a-chegada-de-padre-eustaquio-a-agua-suja-mg\/#article\",\"isPartOf\":{\"@id\":\"https:\/\/www.padreeustaquio.com.br\/historia-a-chegada-de-padre-eustaquio-a-agua-suja-mg\/\"},\"author\":{\"name\":\"@sscc\",\"@id\":\"https:\/\/www.padreeustaquio.com.br\/#\/schema\/person\/a2a51db1d00f1a7af0204a0f1ddb1566\"},\"headline\":\"HIST\u00d3RIA &#8211; A chegada de Padre Eust\u00e1quio \u00e0 \u00c1gua Suja-MG\",\"datePublished\":\"2022-11-01T09:03:00+00:00\",\"mainEntityOfPage\":{\"@id\":\"https:\/\/www.padreeustaquio.com.br\/historia-a-chegada-de-padre-eustaquio-a-agua-suja-mg\/\"},\"wordCount\":362,\"commentCount\":0,\"publisher\":{\"@id\":\"https:\/\/www.padreeustaquio.com.br\/#organization\"},\"image\":{\"@id\":\"https:\/\/www.padreeustaquio.com.br\/historia-a-chegada-de-padre-eustaquio-a-agua-suja-mg\/#primaryimage\"},\"thumbnailUrl\":\"https:\/\/www.padreeustaquio.com.br\/wp-content\/uploads\/2022\/10\/Padre-Eustaquio-em-Agua-Suja-MG-e1667228910569.jpeg\",\"articleSection\":[\"Not\u00edcias\"],\"inLanguage\":\"es\",\"potentialAction\":[{\"@type\":\"CommentAction\",\"name\":\"Comment\",\"target\":[\"https:\/\/www.padreeustaquio.com.br\/historia-a-chegada-de-padre-eustaquio-a-agua-suja-mg\/#respond\"]}]},{\"@type\":\"WebPage\",\"@id\":\"https:\/\/www.padreeustaquio.com.br\/historia-a-chegada-de-padre-eustaquio-a-agua-suja-mg\/\",\"url\":\"https:\/\/www.padreeustaquio.com.br\/historia-a-chegada-de-padre-eustaquio-a-agua-suja-mg\/\",\"name\":\"HIST\u00d3RIA - A chegada de Padre Eust\u00e1quio \u00e0 \u00c1gua Suja-MG\",\"isPartOf\":{\"@id\":\"https:\/\/www.padreeustaquio.com.br\/#website\"},\"primaryImageOfPage\":{\"@id\":\"https:\/\/www.padreeustaquio.com.br\/historia-a-chegada-de-padre-eustaquio-a-agua-suja-mg\/#primaryimage\"},\"image\":{\"@id\":\"https:\/\/www.padreeustaquio.com.br\/historia-a-chegada-de-padre-eustaquio-a-agua-suja-mg\/#primaryimage\"},\"thumbnailUrl\":\"https:\/\/www.padreeustaquio.com.br\/wp-content\/uploads\/2022\/10\/Padre-Eustaquio-em-Agua-Suja-MG-e1667228910569.jpeg\",\"datePublished\":\"2022-11-01T09:03:00+00:00\",\"description\":\"Em julho de 1925, Padre Eust\u00e1quio, Padre Gil e Padre Mathias chegam a \u00c1gua Suja\/MG, hoje a cidade de Romaria, no Tri\u00e2ngulo Mineiro. L\u00e1, eles come\u00e7aram os trabalhos daquela que, mais tarde, seria oficialmente a prov\u00edncia da Congrega\u00e7\u00e3o dos Sagrados Cora\u00e7\u00f5es no Brasil.\",\"breadcrumb\":{\"@id\":\"https:\/\/www.padreeustaquio.com.br\/historia-a-chegada-de-padre-eustaquio-a-agua-suja-mg\/#breadcrumb\"},\"inLanguage\":\"es\",\"potentialAction\":[{\"@type\":\"ReadAction\",\"target\":[\"https:\/\/www.padreeustaquio.com.br\/historia-a-chegada-de-padre-eustaquio-a-agua-suja-mg\/\"]}]},{\"@type\":\"ImageObject\",\"inLanguage\":\"es\",\"@id\":\"https:\/\/www.padreeustaquio.com.br\/historia-a-chegada-de-padre-eustaquio-a-agua-suja-mg\/#primaryimage\",\"url\":\"https:\/\/www.padreeustaquio.com.br\/wp-content\/uploads\/2022\/10\/Padre-Eustaquio-em-Agua-Suja-MG-e1667228910569.jpeg\",\"contentUrl\":\"https:\/\/www.padreeustaquio.com.br\/wp-content\/uploads\/2022\/10\/Padre-Eustaquio-em-Agua-Suja-MG-e1667228910569.jpeg\",\"width\":1280,\"height\":659},{\"@type\":\"BreadcrumbList\",\"@id\":\"https:\/\/www.padreeustaquio.com.br\/historia-a-chegada-de-padre-eustaquio-a-agua-suja-mg\/#breadcrumb\",\"itemListElement\":[{\"@type\":\"ListItem\",\"position\":1,\"name\":\"In\u00edcio\",\"item\":\"https:\/\/www.padreeustaquio.com.br\/\"},{\"@type\":\"ListItem\",\"position\":2,\"name\":\"HIST\u00d3RIA &#8211; A chegada de Padre Eust\u00e1quio \u00e0 \u00c1gua Suja-MG\"}]},{\"@type\":\"WebSite\",\"@id\":\"https:\/\/www.padreeustaquio.com.br\/#website\",\"url\":\"https:\/\/www.padreeustaquio.com.br\/\",\"name\":\"Padre Eust\u00e1quio\",\"description\":\"Sa\u00fade e Paz\",\"publisher\":{\"@id\":\"https:\/\/www.padreeustaquio.com.br\/#organization\"},\"potentialAction\":[{\"@type\":\"SearchAction\",\"target\":{\"@type\":\"EntryPoint\",\"urlTemplate\":\"https:\/\/www.padreeustaquio.com.br\/?s={search_term_string}\"},\"query-input\":{\"@type\":\"PropertyValueSpecification\",\"valueRequired\":true,\"valueName\":\"search_term_string\"}}],\"inLanguage\":\"es\"},{\"@type\":\"Organization\",\"@id\":\"https:\/\/www.padreeustaquio.com.br\/#organization\",\"name\":\"Padre Eust\u00e1quio\",\"url\":\"https:\/\/www.padreeustaquio.com.br\/\",\"logo\":{\"@type\":\"ImageObject\",\"inLanguage\":\"es\",\"@id\":\"https:\/\/www.padreeustaquio.com.br\/#\/schema\/logo\/image\/\",\"url\":\"https:\/\/www.padreeustaquio.com.br\/wp-content\/uploads\/2019\/08\/marca.png\",\"contentUrl\":\"https:\/\/www.padreeustaquio.com.br\/wp-content\/uploads\/2019\/08\/marca.png\",\"width\":350,\"height\":400,\"caption\":\"Padre Eust\u00e1quio\"},\"image\":{\"@id\":\"https:\/\/www.padreeustaquio.com.br\/#\/schema\/logo\/image\/\"},\"sameAs\":[\"https:\/\/www.facebook.com\/beatopadreeustaquio\/\",\"https:\/\/x.com\/beatopeustaquio\",\"https:\/\/www.instagram.com\/beatopadreeustaquio\/\",\"https:\/\/www.youtube.com\/channel\/UCRhw7vfabnajwLxb1ZXMeIw\"]},{\"@type\":\"Person\",\"@id\":\"https:\/\/www.padreeustaquio.com.br\/#\/schema\/person\/a2a51db1d00f1a7af0204a0f1ddb1566\",\"name\":\"@sscc\",\"image\":{\"@type\":\"ImageObject\",\"inLanguage\":\"es\",\"@id\":\"https:\/\/secure.gravatar.com\/avatar\/68cfafa5f44617fea54071e215026e0ff06be366c3d54a8425f04fdcb86f8c5f?s=96&d=mm&r=g\",\"url\":\"https:\/\/secure.gravatar.com\/avatar\/68cfafa5f44617fea54071e215026e0ff06be366c3d54a8425f04fdcb86f8c5f?s=96&d=mm&r=g\",\"contentUrl\":\"https:\/\/secure.gravatar.com\/avatar\/68cfafa5f44617fea54071e215026e0ff06be366c3d54a8425f04fdcb86f8c5f?s=96&d=mm&r=g\",\"caption\":\"@sscc\"},\"url\":\"https:\/\/www.padreeustaquio.com.br\/es\/author\/sscc\/\"}]}<\/script>\n<!-- \/ Yoast SEO plugin. -->","yoast_head_json":{"title":"HISTORIA - La llegada del Padre Eust\u00e1quio a \u00c1gua Suja-MG","description":"En julio de 1925, los Padres Eust\u00e1quio, Gil y Mathias llegaron a \u00c1gua Suja\/MG, hoy Romaria, en la regi\u00f3n del Tri\u00e1ngulo Minero. All\u00ed iniciaron la obra de lo que posteriormente se convertir\u00eda oficialmente en la provincia de la Congregaci\u00f3n de los Sagrados Corazones en Brasil.","robots":{"index":"index","follow":"follow","max-snippet":"max-snippet:-1","max-image-preview":"max-image-preview:large","max-video-preview":"max-video-preview:-1"},"canonical":"https:\/\/www.padreeustaquio.com.br\/es\/la-historia-de-la-llegada-del-padre-eustaquio-a-agua-suja-mg\/","og_locale":"es_ES","og_type":"article","og_title":"HIST\u00d3RIA - A chegada de Padre Eust\u00e1quio \u00e0 \u00c1gua Suja-MG","og_description":"Em julho de 1925, Padre Eust\u00e1quio, Padre Gil e Padre Mathias chegam a \u00c1gua Suja\/MG, hoje a cidade de Romaria, no Tri\u00e2ngulo Mineiro. L\u00e1, eles come\u00e7aram os trabalhos daquela que, mais tarde, seria oficialmente a prov\u00edncia da Congrega\u00e7\u00e3o dos Sagrados Cora\u00e7\u00f5es no Brasil.","og_url":"https:\/\/www.padreeustaquio.com.br\/es\/la-historia-de-la-llegada-del-padre-eustaquio-a-agua-suja-mg\/","og_site_name":"Padre Eust\u00e1quio","article_publisher":"https:\/\/www.facebook.com\/beatopadreeustaquio\/","article_published_time":"2022-11-01T09:03:00+00:00","og_image":[{"width":1280,"height":659,"url":"https:\/\/www.padreeustaquio.com.br\/wp-content\/uploads\/2022\/10\/Padre-Eustaquio-em-Agua-Suja-MG-e1667228910569.jpeg","type":"image\/jpeg"}],"author":"@sscc","twitter_card":"summary_large_image","twitter_image":"https:\/\/www.padreeustaquio.com.br\/wp-content\/uploads\/2022\/10\/Padre-Eustaquio-em-Agua-Suja-MG-e1667228910569.jpeg","twitter_creator":"@beatopeustaquio","twitter_site":"@beatopeustaquio","twitter_misc":{"Escrito por":"@sscc","Tiempo de lectura":"2 minutos"},"schema":{"@context":"https:\/\/schema.org","@graph":[{"@type":"Article","@id":"https:\/\/www.padreeustaquio.com.br\/historia-a-chegada-de-padre-eustaquio-a-agua-suja-mg\/#article","isPartOf":{"@id":"https:\/\/www.padreeustaquio.com.br\/historia-a-chegada-de-padre-eustaquio-a-agua-suja-mg\/"},"author":{"name":"@sscc","@id":"https:\/\/www.padreeustaquio.com.br\/#\/schema\/person\/a2a51db1d00f1a7af0204a0f1ddb1566"},"headline":"HIST\u00d3RIA &#8211; A chegada de Padre Eust\u00e1quio \u00e0 \u00c1gua Suja-MG","datePublished":"2022-11-01T09:03:00+00:00","mainEntityOfPage":{"@id":"https:\/\/www.padreeustaquio.com.br\/historia-a-chegada-de-padre-eustaquio-a-agua-suja-mg\/"},"wordCount":362,"commentCount":0,"publisher":{"@id":"https:\/\/www.padreeustaquio.com.br\/#organization"},"image":{"@id":"https:\/\/www.padreeustaquio.com.br\/historia-a-chegada-de-padre-eustaquio-a-agua-suja-mg\/#primaryimage"},"thumbnailUrl":"https:\/\/www.padreeustaquio.com.br\/wp-content\/uploads\/2022\/10\/Padre-Eustaquio-em-Agua-Suja-MG-e1667228910569.jpeg","articleSection":["Not\u00edcias"],"inLanguage":"es","potentialAction":[{"@type":"CommentAction","name":"Comment","target":["https:\/\/www.padreeustaquio.com.br\/historia-a-chegada-de-padre-eustaquio-a-agua-suja-mg\/#respond"]}]},{"@type":"WebPage","@id":"https:\/\/www.padreeustaquio.com.br\/historia-a-chegada-de-padre-eustaquio-a-agua-suja-mg\/","url":"https:\/\/www.padreeustaquio.com.br\/historia-a-chegada-de-padre-eustaquio-a-agua-suja-mg\/","name":"HISTORIA - La llegada del Padre Eust\u00e1quio a \u00c1gua Suja-MG","isPartOf":{"@id":"https:\/\/www.padreeustaquio.com.br\/#website"},"primaryImageOfPage":{"@id":"https:\/\/www.padreeustaquio.com.br\/historia-a-chegada-de-padre-eustaquio-a-agua-suja-mg\/#primaryimage"},"image":{"@id":"https:\/\/www.padreeustaquio.com.br\/historia-a-chegada-de-padre-eustaquio-a-agua-suja-mg\/#primaryimage"},"thumbnailUrl":"https:\/\/www.padreeustaquio.com.br\/wp-content\/uploads\/2022\/10\/Padre-Eustaquio-em-Agua-Suja-MG-e1667228910569.jpeg","datePublished":"2022-11-01T09:03:00+00:00","description":"En julio de 1925, los Padres Eust\u00e1quio, Gil y Mathias llegaron a \u00c1gua Suja\/MG, hoy Romaria, en la regi\u00f3n del Tri\u00e1ngulo Minero. All\u00ed iniciaron la obra de lo que posteriormente se convertir\u00eda oficialmente en la provincia de la Congregaci\u00f3n de los Sagrados Corazones en Brasil.","breadcrumb":{"@id":"https:\/\/www.padreeustaquio.com.br\/historia-a-chegada-de-padre-eustaquio-a-agua-suja-mg\/#breadcrumb"},"inLanguage":"es","potentialAction":[{"@type":"ReadAction","target":["https:\/\/www.padreeustaquio.com.br\/historia-a-chegada-de-padre-eustaquio-a-agua-suja-mg\/"]}]},{"@type":"ImageObject","inLanguage":"es","@id":"https:\/\/www.padreeustaquio.com.br\/historia-a-chegada-de-padre-eustaquio-a-agua-suja-mg\/#primaryimage","url":"https:\/\/www.padreeustaquio.com.br\/wp-content\/uploads\/2022\/10\/Padre-Eustaquio-em-Agua-Suja-MG-e1667228910569.jpeg","contentUrl":"https:\/\/www.padreeustaquio.com.br\/wp-content\/uploads\/2022\/10\/Padre-Eustaquio-em-Agua-Suja-MG-e1667228910569.jpeg","width":1280,"height":659},{"@type":"BreadcrumbList","@id":"https:\/\/www.padreeustaquio.com.br\/historia-a-chegada-de-padre-eustaquio-a-agua-suja-mg\/#breadcrumb","itemListElement":[{"@type":"ListItem","position":1,"name":"In\u00edcio","item":"https:\/\/www.padreeustaquio.com.br\/"},{"@type":"ListItem","position":2,"name":"HIST\u00d3RIA &#8211; A chegada de Padre Eust\u00e1quio \u00e0 \u00c1gua Suja-MG"}]},{"@type":"WebSite","@id":"https:\/\/www.padreeustaquio.com.br\/#website","url":"https:\/\/www.padreeustaquio.com.br\/","name":"Padre Eustace","description":"Salud y Paz","publisher":{"@id":"https:\/\/www.padreeustaquio.com.br\/#organization"},"potentialAction":[{"@type":"SearchAction","target":{"@type":"EntryPoint","urlTemplate":"https:\/\/www.padreeustaquio.com.br\/?s={search_term_string}"},"query-input":{"@type":"PropertyValueSpecification","valueRequired":true,"valueName":"search_term_string"}}],"inLanguage":"es"},{"@type":"Organization","@id":"https:\/\/www.padreeustaquio.com.br\/#organization","name":"Padre Eustace","url":"https:\/\/www.padreeustaquio.com.br\/","logo":{"@type":"ImageObject","inLanguage":"es","@id":"https:\/\/www.padreeustaquio.com.br\/#\/schema\/logo\/image\/","url":"https:\/\/www.padreeustaquio.com.br\/wp-content\/uploads\/2019\/08\/marca.png","contentUrl":"https:\/\/www.padreeustaquio.com.br\/wp-content\/uploads\/2019\/08\/marca.png","width":350,"height":400,"caption":"Padre Eust\u00e1quio"},"image":{"@id":"https:\/\/www.padreeustaquio.com.br\/#\/schema\/logo\/image\/"},"sameAs":["https:\/\/www.facebook.com\/beatopadreeustaquio\/","https:\/\/x.com\/beatopeustaquio","https:\/\/www.instagram.com\/beatopadreeustaquio\/","https:\/\/www.youtube.com\/channel\/UCRhw7vfabnajwLxb1ZXMeIw"]},{"@type":"Person","@id":"https:\/\/www.padreeustaquio.com.br\/#\/schema\/person\/a2a51db1d00f1a7af0204a0f1ddb1566","name":"@sscc","image":{"@type":"ImageObject","inLanguage":"es","@id":"https:\/\/secure.gravatar.com\/avatar\/68cfafa5f44617fea54071e215026e0ff06be366c3d54a8425f04fdcb86f8c5f?s=96&d=mm&r=g","url":"https:\/\/secure.gravatar.com\/avatar\/68cfafa5f44617fea54071e215026e0ff06be366c3d54a8425f04fdcb86f8c5f?s=96&d=mm&r=g","contentUrl":"https:\/\/secure.gravatar.com\/avatar\/68cfafa5f44617fea54071e215026e0ff06be366c3d54a8425f04fdcb86f8c5f?s=96&d=mm&r=g","caption":"@sscc"},"url":"https:\/\/www.padreeustaquio.com.br\/es\/author\/sscc\/"}]}},"_links":{"self":[{"href":"https:\/\/www.padreeustaquio.com.br\/es\/wp-json\/wp\/v2\/posts\/9456","targetHints":{"allow":["GET"]}}],"collection":[{"href":"https:\/\/www.padreeustaquio.com.br\/es\/wp-json\/wp\/v2\/posts"}],"about":[{"href":"https:\/\/www.padreeustaquio.com.br\/es\/wp-json\/wp\/v2\/types\/post"}],"author":[{"embeddable":true,"href":"https:\/\/www.padreeustaquio.com.br\/es\/wp-json\/wp\/v2\/users\/2"}],"replies":[{"embeddable":true,"href":"https:\/\/www.padreeustaquio.com.br\/es\/wp-json\/wp\/v2\/comments?post=9456"}],"version-history":[{"count":0,"href":"https:\/\/www.padreeustaquio.com.br\/es\/wp-json\/wp\/v2\/posts\/9456\/revisions"}],"wp:featuredmedia":[{"embeddable":true,"href":"https:\/\/www.padreeustaquio.com.br\/es\/wp-json\/wp\/v2\/media\/9457"}],"wp:attachment":[{"href":"https:\/\/www.padreeustaquio.com.br\/es\/wp-json\/wp\/v2\/media?parent=9456"}],"wp:term":[{"taxonomy":"category","embeddable":true,"href":"https:\/\/www.padreeustaquio.com.br\/es\/wp-json\/wp\/v2\/categories?post=9456"},{"taxonomy":"post_tag","embeddable":true,"href":"https:\/\/www.padreeustaquio.com.br\/es\/wp-json\/wp\/v2\/tags?post=9456"}],"curies":[{"name":"wp","href":"https:\/\/api.w.org\/{rel}","templated":true}]}}