{"id":9450,"date":"2022-10-31T06:42:00","date_gmt":"2022-10-31T09:42:00","guid":{"rendered":"https:\/\/www.padreeustaquio.com.br\/?p=9450"},"modified":"2022-10-31T08:14:30","modified_gmt":"2022-10-31T11:14:30","slug":"la-iglesia-del-padre-eustaquio-tendra-4-misas-el-dia-de-los-fieles-difuntos","status":"publish","type":"post","link":"https:\/\/www.padreeustaquio.com.br\/es\/la-iglesia-del-padre-eustaquio-tendra-4-misas-el-dia-de-los-fieles-difuntos\/","title":{"rendered":"La Iglesia del Padre Eust\u00e1quio realizar\u00e1 4 misas el D\u00eda de los Fieles Difuntos."},"content":{"rendered":"<p>El d\u00eda de oraci\u00f3n y homenaje a los difuntos se celebrar\u00e1 con cuatro misas en el Santuario de la Salud y la Paz, Iglesia del Beato Padre Eust\u00e1quio, en Belo Horizonte. En este d\u00eda, la Iglesia en todo el mundo reza por la salvaci\u00f3n de las almas y ofrece oraciones por los amigos y familiares de los fallecidos, pidiendo consuelo para sus corazones.<\/p>\n\n\n\n<p>Hacia\u00a0<strong>7 a. m.<\/strong>\u00a0Se celebrar\u00e1 la primera misa del d\u00eda. M\u00e1s tarde, por la ma\u00f1ana, a las...\u00a0<strong>10 a. m.<\/strong>\u00a0Se ha programado otra celebraci\u00f3n. Esta se transmitir\u00e1 por el Canal Padre Eust\u00e1quio en YouTube. Al mediod\u00eda (<strong>12 horas<\/strong>Se celebrar\u00e1 la tercera misa y la cuarta celebraci\u00f3n ser\u00e1 en\u00a0<strong>7 p. m.<\/strong>, este \u00faltimo siendo transmitido en nuestro canal de internet.<\/p>\n\n\n\n<p>El 2 de noviembre, muchas personas aprovechan para rendir homenaje a las tumbas de sus seres queridos. El Memorial del Padre Eust\u00e1quio, donde est\u00e1 enterrado el sacerdote, estar\u00e1 abierto todo el d\u00eda, de 6:30 a. m. a 8 p. m. Otro lugar frecuentado por los devotos es la tumba del Cementerio de Bonfim, donde el Padre Eust\u00e1quio fue enterrado poco despu\u00e9s de su muerte en 1943. Aunque sus restos ya no est\u00e1n all\u00ed, la tumba se ha convertido en un punto de encuentro para los fieles y devotos del Misionero de la Salud y la Paz. Seg\u00fan la alcald\u00eda de Belo Horizonte, la tumba es la m\u00e1s visitada de la capital de Minas Gerais cada a\u00f1o. <\/p>\n\n\n\n<p><\/p>","protected":false},"excerpt":{"rendered":"<p>O dia de ora\u00e7\u00f5es e homenagens \u00e0queles que j\u00e1 partiram desta vida ser\u00e1 celebrado com a realiza\u00e7\u00e3o de quatro missas no Santu\u00e1rio da Sa\u00fade e da Paz, Igreja do Beato Padre Eust\u00e1quio, em BH. Neste dia, a Igreja no mundo todo reza pela salva\u00e7\u00e3o das almas e faz ora\u00e7\u00f5es pelos amigos e familiares dos que morreram pedindo conforto ao cora\u00e7\u00e3o. \u00c0s\u00a07h\u00a0ser\u00e1 celebrada a primeira missa do dia. Ainda na parte da manh\u00e3, \u00e0s\u00a010h\u00a0est\u00e1 marcada uma outra celebra\u00e7\u00e3o. Esta ser\u00e1 transmitida pelo Canal Padre Eust\u00e1quio, no YouTube. Ao meio dia (12h) ser\u00e1 celebrada a terceira missa e a quarta celebra\u00e7\u00e3o ser\u00e1 [&hellip;]<\/p>\n","protected":false},"author":2,"featured_media":9451,"comment_status":"open","ping_status":"closed","sticky":false,"template":"","format":"standard","meta":{"_acf_changed":false,"footnotes":""},"categories":[611],"tags":[],"class_list":["post-9450","post","type-post","status-publish","format-standard","has-post-thumbnail","hentry","category-noticias"],"acf":[],"yoast_head":"<!-- This site is optimized with the Yoast SEO plugin v27.2 - https:\/\/yoast.com\/product\/yoast-seo-wordpress\/ -->\n<title>Igreja do Padre Eust\u00e1quio ter\u00e1 4 missas no feriado de Finados<\/title>\n<meta name=\"description\" content=\"O dia de ora\u00e7\u00f5es e homenagens \u00e0queles que j\u00e1 partiram desta vida ser\u00e1 celebrado com a realiza\u00e7\u00e3o de quatro missas no Santu\u00e1rio da Sa\u00fade e da Paz, Igreja do Beato Padre Eust\u00e1quio, em BH. Neste dia, a Igreja no mundo todo reza pela salva\u00e7\u00e3o das almas e faz ora\u00e7\u00f5es pelos amigos e familiares dos que morreram pedindo conforto ao cora\u00e7\u00e3o.\" \/>\n<meta name=\"robots\" content=\"index, follow, max-snippet:-1, max-image-preview:large, max-video-preview:-1\" \/>\n<link rel=\"canonical\" href=\"https:\/\/www.padreeustaquio.com.br\/es\/la-iglesia-del-padre-eustaquio-tendra-4-misas-el-dia-de-los-fieles-difuntos\/\" \/>\n<meta property=\"og:locale\" content=\"es_ES\" \/>\n<meta property=\"og:type\" content=\"article\" \/>\n<meta property=\"og:title\" content=\"Igreja do Padre Eust\u00e1quio ter\u00e1 4 missas no feriado de Finados\" \/>\n<meta property=\"og:description\" content=\"O dia de ora\u00e7\u00f5es e homenagens \u00e0queles que j\u00e1 partiram desta vida ser\u00e1 celebrado com a realiza\u00e7\u00e3o de quatro missas no Santu\u00e1rio da Sa\u00fade e da Paz, Igreja do Beato Padre Eust\u00e1quio, em BH. Neste dia, a Igreja no mundo todo reza pela salva\u00e7\u00e3o das almas e faz ora\u00e7\u00f5es pelos amigos e familiares dos que morreram pedindo conforto ao cora\u00e7\u00e3o.\" \/>\n<meta property=\"og:url\" content=\"https:\/\/www.padreeustaquio.com.br\/es\/la-iglesia-del-padre-eustaquio-tendra-4-misas-el-dia-de-los-fieles-difuntos\/\" \/>\n<meta property=\"og:site_name\" content=\"Padre Eust\u00e1quio\" \/>\n<meta property=\"article:publisher\" content=\"https:\/\/www.facebook.com\/beatopadreeustaquio\/\" \/>\n<meta property=\"article:published_time\" content=\"2022-10-31T09:42:00+00:00\" \/>\n<meta property=\"article:modified_time\" content=\"2022-10-31T11:14:30+00:00\" \/>\n<meta property=\"og:image\" content=\"https:\/\/www.padreeustaquio.com.br\/wp-content\/uploads\/2022\/10\/missa-finados.jpg\" \/>\n\t<meta property=\"og:image:width\" content=\"748\" \/>\n\t<meta property=\"og:image:height\" content=\"394\" \/>\n\t<meta property=\"og:image:type\" content=\"image\/jpeg\" \/>\n<meta name=\"author\" content=\"@sscc\" \/>\n<meta name=\"twitter:card\" content=\"summary_large_image\" \/>\n<meta name=\"twitter:image\" content=\"https:\/\/www.padreeustaquio.com.br\/wp-content\/uploads\/2022\/10\/missa-finados.jpg\" \/>\n<meta name=\"twitter:creator\" content=\"@beatopeustaquio\" \/>\n<meta name=\"twitter:site\" content=\"@beatopeustaquio\" \/>\n<meta name=\"twitter:label1\" content=\"Escrito por\" \/>\n\t<meta name=\"twitter:data1\" content=\"@sscc\" \/>\n\t<meta name=\"twitter:label2\" content=\"Tiempo de lectura\" \/>\n\t<meta name=\"twitter:data2\" content=\"1 minuto\" \/>\n<script type=\"application\/ld+json\" class=\"yoast-schema-graph\">{\"@context\":\"https:\/\/schema.org\",\"@graph\":[{\"@type\":\"Article\",\"@id\":\"https:\/\/www.padreeustaquio.com.br\/igreja-do-padre-eustaquio-tera-4-missas-no-feriado-de-finados\/#article\",\"isPartOf\":{\"@id\":\"https:\/\/www.padreeustaquio.com.br\/igreja-do-padre-eustaquio-tera-4-missas-no-feriado-de-finados\/\"},\"author\":{\"name\":\"@sscc\",\"@id\":\"https:\/\/www.padreeustaquio.com.br\/#\/schema\/person\/a2a51db1d00f1a7af0204a0f1ddb1566\"},\"headline\":\"Igreja do Padre Eust\u00e1quio ter\u00e1 4 missas no feriado de Finados\",\"datePublished\":\"2022-10-31T09:42:00+00:00\",\"dateModified\":\"2022-10-31T11:14:30+00:00\",\"mainEntityOfPage\":{\"@id\":\"https:\/\/www.padreeustaquio.com.br\/igreja-do-padre-eustaquio-tera-4-missas-no-feriado-de-finados\/\"},\"wordCount\":255,\"commentCount\":0,\"publisher\":{\"@id\":\"https:\/\/www.padreeustaquio.com.br\/#organization\"},\"image\":{\"@id\":\"https:\/\/www.padreeustaquio.com.br\/igreja-do-padre-eustaquio-tera-4-missas-no-feriado-de-finados\/#primaryimage\"},\"thumbnailUrl\":\"https:\/\/www.padreeustaquio.com.br\/wp-content\/uploads\/2022\/10\/missa-finados.jpg\",\"articleSection\":[\"Not\u00edcias\"],\"inLanguage\":\"es\",\"potentialAction\":[{\"@type\":\"CommentAction\",\"name\":\"Comment\",\"target\":[\"https:\/\/www.padreeustaquio.com.br\/igreja-do-padre-eustaquio-tera-4-missas-no-feriado-de-finados\/#respond\"]}]},{\"@type\":\"WebPage\",\"@id\":\"https:\/\/www.padreeustaquio.com.br\/igreja-do-padre-eustaquio-tera-4-missas-no-feriado-de-finados\/\",\"url\":\"https:\/\/www.padreeustaquio.com.br\/igreja-do-padre-eustaquio-tera-4-missas-no-feriado-de-finados\/\",\"name\":\"Igreja do Padre Eust\u00e1quio ter\u00e1 4 missas no feriado de Finados\",\"isPartOf\":{\"@id\":\"https:\/\/www.padreeustaquio.com.br\/#website\"},\"primaryImageOfPage\":{\"@id\":\"https:\/\/www.padreeustaquio.com.br\/igreja-do-padre-eustaquio-tera-4-missas-no-feriado-de-finados\/#primaryimage\"},\"image\":{\"@id\":\"https:\/\/www.padreeustaquio.com.br\/igreja-do-padre-eustaquio-tera-4-missas-no-feriado-de-finados\/#primaryimage\"},\"thumbnailUrl\":\"https:\/\/www.padreeustaquio.com.br\/wp-content\/uploads\/2022\/10\/missa-finados.jpg\",\"datePublished\":\"2022-10-31T09:42:00+00:00\",\"dateModified\":\"2022-10-31T11:14:30+00:00\",\"description\":\"O dia de ora\u00e7\u00f5es e homenagens \u00e0queles que j\u00e1 partiram desta vida ser\u00e1 celebrado com a realiza\u00e7\u00e3o de quatro missas no Santu\u00e1rio da Sa\u00fade e da Paz, Igreja do Beato Padre Eust\u00e1quio, em BH. Neste dia, a Igreja no mundo todo reza pela salva\u00e7\u00e3o das almas e faz ora\u00e7\u00f5es pelos amigos e familiares dos que morreram pedindo conforto ao cora\u00e7\u00e3o.\",\"breadcrumb\":{\"@id\":\"https:\/\/www.padreeustaquio.com.br\/igreja-do-padre-eustaquio-tera-4-missas-no-feriado-de-finados\/#breadcrumb\"},\"inLanguage\":\"es\",\"potentialAction\":[{\"@type\":\"ReadAction\",\"target\":[\"https:\/\/www.padreeustaquio.com.br\/igreja-do-padre-eustaquio-tera-4-missas-no-feriado-de-finados\/\"]}]},{\"@type\":\"ImageObject\",\"inLanguage\":\"es\",\"@id\":\"https:\/\/www.padreeustaquio.com.br\/igreja-do-padre-eustaquio-tera-4-missas-no-feriado-de-finados\/#primaryimage\",\"url\":\"https:\/\/www.padreeustaquio.com.br\/wp-content\/uploads\/2022\/10\/missa-finados.jpg\",\"contentUrl\":\"https:\/\/www.padreeustaquio.com.br\/wp-content\/uploads\/2022\/10\/missa-finados.jpg\",\"width\":748,\"height\":394},{\"@type\":\"BreadcrumbList\",\"@id\":\"https:\/\/www.padreeustaquio.com.br\/igreja-do-padre-eustaquio-tera-4-missas-no-feriado-de-finados\/#breadcrumb\",\"itemListElement\":[{\"@type\":\"ListItem\",\"position\":1,\"name\":\"In\u00edcio\",\"item\":\"https:\/\/www.padreeustaquio.com.br\/\"},{\"@type\":\"ListItem\",\"position\":2,\"name\":\"Igreja do Padre Eust\u00e1quio ter\u00e1 4 missas no feriado de Finados\"}]},{\"@type\":\"WebSite\",\"@id\":\"https:\/\/www.padreeustaquio.com.br\/#website\",\"url\":\"https:\/\/www.padreeustaquio.com.br\/\",\"name\":\"Padre Eust\u00e1quio\",\"description\":\"Sa\u00fade e Paz\",\"publisher\":{\"@id\":\"https:\/\/www.padreeustaquio.com.br\/#organization\"},\"potentialAction\":[{\"@type\":\"SearchAction\",\"target\":{\"@type\":\"EntryPoint\",\"urlTemplate\":\"https:\/\/www.padreeustaquio.com.br\/?s={search_term_string}\"},\"query-input\":{\"@type\":\"PropertyValueSpecification\",\"valueRequired\":true,\"valueName\":\"search_term_string\"}}],\"inLanguage\":\"es\"},{\"@type\":\"Organization\",\"@id\":\"https:\/\/www.padreeustaquio.com.br\/#organization\",\"name\":\"Padre Eust\u00e1quio\",\"url\":\"https:\/\/www.padreeustaquio.com.br\/\",\"logo\":{\"@type\":\"ImageObject\",\"inLanguage\":\"es\",\"@id\":\"https:\/\/www.padreeustaquio.com.br\/#\/schema\/logo\/image\/\",\"url\":\"https:\/\/www.padreeustaquio.com.br\/wp-content\/uploads\/2019\/08\/marca.png\",\"contentUrl\":\"https:\/\/www.padreeustaquio.com.br\/wp-content\/uploads\/2019\/08\/marca.png\",\"width\":350,\"height\":400,\"caption\":\"Padre Eust\u00e1quio\"},\"image\":{\"@id\":\"https:\/\/www.padreeustaquio.com.br\/#\/schema\/logo\/image\/\"},\"sameAs\":[\"https:\/\/www.facebook.com\/beatopadreeustaquio\/\",\"https:\/\/x.com\/beatopeustaquio\",\"https:\/\/www.instagram.com\/beatopadreeustaquio\/\",\"https:\/\/www.youtube.com\/channel\/UCRhw7vfabnajwLxb1ZXMeIw\"]},{\"@type\":\"Person\",\"@id\":\"https:\/\/www.padreeustaquio.com.br\/#\/schema\/person\/a2a51db1d00f1a7af0204a0f1ddb1566\",\"name\":\"@sscc\",\"image\":{\"@type\":\"ImageObject\",\"inLanguage\":\"es\",\"@id\":\"https:\/\/secure.gravatar.com\/avatar\/68cfafa5f44617fea54071e215026e0ff06be366c3d54a8425f04fdcb86f8c5f?s=96&d=mm&r=g\",\"url\":\"https:\/\/secure.gravatar.com\/avatar\/68cfafa5f44617fea54071e215026e0ff06be366c3d54a8425f04fdcb86f8c5f?s=96&d=mm&r=g\",\"contentUrl\":\"https:\/\/secure.gravatar.com\/avatar\/68cfafa5f44617fea54071e215026e0ff06be366c3d54a8425f04fdcb86f8c5f?s=96&d=mm&r=g\",\"caption\":\"@sscc\"},\"url\":\"https:\/\/www.padreeustaquio.com.br\/es\/author\/sscc\/\"}]}<\/script>\n<!-- \/ Yoast SEO plugin. -->","yoast_head_json":{"title":"La Iglesia del Padre Eust\u00e1quio realizar\u00e1 4 misas el D\u00eda de los Fieles Difuntos.","description":"El d\u00eda de oraci\u00f3n y homenaje a los difuntos se celebrar\u00e1 con cuatro misas en el Santuario de la Salud y la Paz, Iglesia del Beato Padre Eust\u00e1quio, en Belo Horizonte. En este d\u00eda, la Iglesia en todo el mundo reza por la salvaci\u00f3n de las almas y ofrece oraciones por los amigos y familiares de los fallecidos, pidiendo consuelo para sus corazones.","robots":{"index":"index","follow":"follow","max-snippet":"max-snippet:-1","max-image-preview":"max-image-preview:large","max-video-preview":"max-video-preview:-1"},"canonical":"https:\/\/www.padreeustaquio.com.br\/es\/la-iglesia-del-padre-eustaquio-tendra-4-misas-el-dia-de-los-fieles-difuntos\/","og_locale":"es_ES","og_type":"article","og_title":"Igreja do Padre Eust\u00e1quio ter\u00e1 4 missas no feriado de Finados","og_description":"O dia de ora\u00e7\u00f5es e homenagens \u00e0queles que j\u00e1 partiram desta vida ser\u00e1 celebrado com a realiza\u00e7\u00e3o de quatro missas no Santu\u00e1rio da Sa\u00fade e da Paz, Igreja do Beato Padre Eust\u00e1quio, em BH. Neste dia, a Igreja no mundo todo reza pela salva\u00e7\u00e3o das almas e faz ora\u00e7\u00f5es pelos amigos e familiares dos que morreram pedindo conforto ao cora\u00e7\u00e3o.","og_url":"https:\/\/www.padreeustaquio.com.br\/es\/la-iglesia-del-padre-eustaquio-tendra-4-misas-el-dia-de-los-fieles-difuntos\/","og_site_name":"Padre Eust\u00e1quio","article_publisher":"https:\/\/www.facebook.com\/beatopadreeustaquio\/","article_published_time":"2022-10-31T09:42:00+00:00","article_modified_time":"2022-10-31T11:14:30+00:00","og_image":[{"width":748,"height":394,"url":"https:\/\/www.padreeustaquio.com.br\/wp-content\/uploads\/2022\/10\/missa-finados.jpg","type":"image\/jpeg"}],"author":"@sscc","twitter_card":"summary_large_image","twitter_image":"https:\/\/www.padreeustaquio.com.br\/wp-content\/uploads\/2022\/10\/missa-finados.jpg","twitter_creator":"@beatopeustaquio","twitter_site":"@beatopeustaquio","twitter_misc":{"Escrito por":"@sscc","Tiempo de lectura":"1 minuto"},"schema":{"@context":"https:\/\/schema.org","@graph":[{"@type":"Article","@id":"https:\/\/www.padreeustaquio.com.br\/igreja-do-padre-eustaquio-tera-4-missas-no-feriado-de-finados\/#article","isPartOf":{"@id":"https:\/\/www.padreeustaquio.com.br\/igreja-do-padre-eustaquio-tera-4-missas-no-feriado-de-finados\/"},"author":{"name":"@sscc","@id":"https:\/\/www.padreeustaquio.com.br\/#\/schema\/person\/a2a51db1d00f1a7af0204a0f1ddb1566"},"headline":"Igreja do Padre Eust\u00e1quio ter\u00e1 4 missas no feriado de Finados","datePublished":"2022-10-31T09:42:00+00:00","dateModified":"2022-10-31T11:14:30+00:00","mainEntityOfPage":{"@id":"https:\/\/www.padreeustaquio.com.br\/igreja-do-padre-eustaquio-tera-4-missas-no-feriado-de-finados\/"},"wordCount":255,"commentCount":0,"publisher":{"@id":"https:\/\/www.padreeustaquio.com.br\/#organization"},"image":{"@id":"https:\/\/www.padreeustaquio.com.br\/igreja-do-padre-eustaquio-tera-4-missas-no-feriado-de-finados\/#primaryimage"},"thumbnailUrl":"https:\/\/www.padreeustaquio.com.br\/wp-content\/uploads\/2022\/10\/missa-finados.jpg","articleSection":["Not\u00edcias"],"inLanguage":"es","potentialAction":[{"@type":"CommentAction","name":"Comment","target":["https:\/\/www.padreeustaquio.com.br\/igreja-do-padre-eustaquio-tera-4-missas-no-feriado-de-finados\/#respond"]}]},{"@type":"WebPage","@id":"https:\/\/www.padreeustaquio.com.br\/igreja-do-padre-eustaquio-tera-4-missas-no-feriado-de-finados\/","url":"https:\/\/www.padreeustaquio.com.br\/igreja-do-padre-eustaquio-tera-4-missas-no-feriado-de-finados\/","name":"La Iglesia del Padre Eust\u00e1quio realizar\u00e1 4 misas el D\u00eda de los Fieles Difuntos.","isPartOf":{"@id":"https:\/\/www.padreeustaquio.com.br\/#website"},"primaryImageOfPage":{"@id":"https:\/\/www.padreeustaquio.com.br\/igreja-do-padre-eustaquio-tera-4-missas-no-feriado-de-finados\/#primaryimage"},"image":{"@id":"https:\/\/www.padreeustaquio.com.br\/igreja-do-padre-eustaquio-tera-4-missas-no-feriado-de-finados\/#primaryimage"},"thumbnailUrl":"https:\/\/www.padreeustaquio.com.br\/wp-content\/uploads\/2022\/10\/missa-finados.jpg","datePublished":"2022-10-31T09:42:00+00:00","dateModified":"2022-10-31T11:14:30+00:00","description":"El d\u00eda de oraci\u00f3n y homenaje a los difuntos se celebrar\u00e1 con cuatro misas en el Santuario de la Salud y la Paz, Iglesia del Beato Padre Eust\u00e1quio, en Belo Horizonte. En este d\u00eda, la Iglesia en todo el mundo reza por la salvaci\u00f3n de las almas y ofrece oraciones por los amigos y familiares de los fallecidos, pidiendo consuelo para sus corazones.","breadcrumb":{"@id":"https:\/\/www.padreeustaquio.com.br\/igreja-do-padre-eustaquio-tera-4-missas-no-feriado-de-finados\/#breadcrumb"},"inLanguage":"es","potentialAction":[{"@type":"ReadAction","target":["https:\/\/www.padreeustaquio.com.br\/igreja-do-padre-eustaquio-tera-4-missas-no-feriado-de-finados\/"]}]},{"@type":"ImageObject","inLanguage":"es","@id":"https:\/\/www.padreeustaquio.com.br\/igreja-do-padre-eustaquio-tera-4-missas-no-feriado-de-finados\/#primaryimage","url":"https:\/\/www.padreeustaquio.com.br\/wp-content\/uploads\/2022\/10\/missa-finados.jpg","contentUrl":"https:\/\/www.padreeustaquio.com.br\/wp-content\/uploads\/2022\/10\/missa-finados.jpg","width":748,"height":394},{"@type":"BreadcrumbList","@id":"https:\/\/www.padreeustaquio.com.br\/igreja-do-padre-eustaquio-tera-4-missas-no-feriado-de-finados\/#breadcrumb","itemListElement":[{"@type":"ListItem","position":1,"name":"In\u00edcio","item":"https:\/\/www.padreeustaquio.com.br\/"},{"@type":"ListItem","position":2,"name":"Igreja do Padre Eust\u00e1quio ter\u00e1 4 missas no feriado de Finados"}]},{"@type":"WebSite","@id":"https:\/\/www.padreeustaquio.com.br\/#website","url":"https:\/\/www.padreeustaquio.com.br\/","name":"Padre Eustace","description":"Salud y Paz","publisher":{"@id":"https:\/\/www.padreeustaquio.com.br\/#organization"},"potentialAction":[{"@type":"SearchAction","target":{"@type":"EntryPoint","urlTemplate":"https:\/\/www.padreeustaquio.com.br\/?s={search_term_string}"},"query-input":{"@type":"PropertyValueSpecification","valueRequired":true,"valueName":"search_term_string"}}],"inLanguage":"es"},{"@type":"Organization","@id":"https:\/\/www.padreeustaquio.com.br\/#organization","name":"Padre Eustace","url":"https:\/\/www.padreeustaquio.com.br\/","logo":{"@type":"ImageObject","inLanguage":"es","@id":"https:\/\/www.padreeustaquio.com.br\/#\/schema\/logo\/image\/","url":"https:\/\/www.padreeustaquio.com.br\/wp-content\/uploads\/2019\/08\/marca.png","contentUrl":"https:\/\/www.padreeustaquio.com.br\/wp-content\/uploads\/2019\/08\/marca.png","width":350,"height":400,"caption":"Padre Eust\u00e1quio"},"image":{"@id":"https:\/\/www.padreeustaquio.com.br\/#\/schema\/logo\/image\/"},"sameAs":["https:\/\/www.facebook.com\/beatopadreeustaquio\/","https:\/\/x.com\/beatopeustaquio","https:\/\/www.instagram.com\/beatopadreeustaquio\/","https:\/\/www.youtube.com\/channel\/UCRhw7vfabnajwLxb1ZXMeIw"]},{"@type":"Person","@id":"https:\/\/www.padreeustaquio.com.br\/#\/schema\/person\/a2a51db1d00f1a7af0204a0f1ddb1566","name":"@sscc","image":{"@type":"ImageObject","inLanguage":"es","@id":"https:\/\/secure.gravatar.com\/avatar\/68cfafa5f44617fea54071e215026e0ff06be366c3d54a8425f04fdcb86f8c5f?s=96&d=mm&r=g","url":"https:\/\/secure.gravatar.com\/avatar\/68cfafa5f44617fea54071e215026e0ff06be366c3d54a8425f04fdcb86f8c5f?s=96&d=mm&r=g","contentUrl":"https:\/\/secure.gravatar.com\/avatar\/68cfafa5f44617fea54071e215026e0ff06be366c3d54a8425f04fdcb86f8c5f?s=96&d=mm&r=g","caption":"@sscc"},"url":"https:\/\/www.padreeustaquio.com.br\/es\/author\/sscc\/"}]}},"_links":{"self":[{"href":"https:\/\/www.padreeustaquio.com.br\/es\/wp-json\/wp\/v2\/posts\/9450","targetHints":{"allow":["GET"]}}],"collection":[{"href":"https:\/\/www.padreeustaquio.com.br\/es\/wp-json\/wp\/v2\/posts"}],"about":[{"href":"https:\/\/www.padreeustaquio.com.br\/es\/wp-json\/wp\/v2\/types\/post"}],"author":[{"embeddable":true,"href":"https:\/\/www.padreeustaquio.com.br\/es\/wp-json\/wp\/v2\/users\/2"}],"replies":[{"embeddable":true,"href":"https:\/\/www.padreeustaquio.com.br\/es\/wp-json\/wp\/v2\/comments?post=9450"}],"version-history":[{"count":0,"href":"https:\/\/www.padreeustaquio.com.br\/es\/wp-json\/wp\/v2\/posts\/9450\/revisions"}],"wp:featuredmedia":[{"embeddable":true,"href":"https:\/\/www.padreeustaquio.com.br\/es\/wp-json\/wp\/v2\/media\/9451"}],"wp:attachment":[{"href":"https:\/\/www.padreeustaquio.com.br\/es\/wp-json\/wp\/v2\/media?parent=9450"}],"wp:term":[{"taxonomy":"category","embeddable":true,"href":"https:\/\/www.padreeustaquio.com.br\/es\/wp-json\/wp\/v2\/categories?post=9450"},{"taxonomy":"post_tag","embeddable":true,"href":"https:\/\/www.padreeustaquio.com.br\/es\/wp-json\/wp\/v2\/tags?post=9450"}],"curies":[{"name":"wp","href":"https:\/\/api.w.org\/{rel}","templated":true}]}}