{"id":9444,"date":"2022-10-27T06:42:00","date_gmt":"2022-10-27T09:42:00","guid":{"rendered":"https:\/\/www.padreeustaquio.com.br\/?p=9444"},"modified":"2022-10-25T08:04:28","modified_gmt":"2022-10-25T11:04:28","slug":"la-infancia-misionera-celebra-el-dia-mundial-de-las-misiones-en-la-iglesia-padre-eustaquio","status":"publish","type":"post","link":"https:\/\/www.padreeustaquio.com.br\/es\/la-infancia-misionera-celebra-el-dia-mundial-de-las-misiones-en-la-iglesia-padre-eustaquio\/","title":{"rendered":"La Infancia Misionera celebra el D\u00eda Mundial de las Misiones en la Iglesia Padre Eust\u00e1quio"},"content":{"rendered":"<p>Ni\u00f1os y j\u00f3venes participaron en la Santa Misa de las 10:00 horas del domingo pasado para celebrar juntos la Jornada Mundial de las Misiones, que siempre se conmemora el pen\u00faltimo fin de semana de octubre, el mes misionero.<\/p>\n\n\n\n<p>Con las camisetas del movimiento de la Infancia y Adolescencia Misionera (IAM) del Santuario de la Salud y la Paz, 13 miembros del movimiento y sus coordinadores participaron de la Celebraci\u00f3n Eucar\u00edstica presidida por el rector del Santuario, P. Vin\u00edcius Maciel, SSCC.<a href=\"https:\/\/www.youtube.com\/watch?v=w8tyIckmHv0\" target=\"_blank\" rel=\"noreferrer noopener\">REVISAR AQU\u00cd<\/a>). <\/p>\n\n\n\n<p>Al comienzo de la Santa Misa, al son del himno de la IAM y en procesi\u00f3n, los ni\u00f1os llevaron al altar banderas que representaban los cinco continentes, sandalias que representaban el camino misionero, el Santo Rosario Misionero, un globo terr\u00e1queo y la bandera del movimiento. Tras la lectura del Evangelio y antes de la homil\u00eda, se ley\u00f3 la historia de los or\u00edgenes de la IAM y de toda la labor misionera de sus miembros.<\/p>\n\n\n\n<p>El grupo se re\u00fane todos los jueves a las 18:00 h y todos los s\u00e1bados a las 10:00 h en el Santuario de Salud y Paz, Iglesia Padre Eustaquio. Para participar en el IAM, simplemente llame a la oficina parroquial al (31) <a href=\"https:\/\/www.google.com.br\/search?q=santuario+da+saude+e+da+paz&amp;source=hp&amp;ei=-cFXY_rKFciA5OUPrLu12AQ&amp;iflsig=AJiK0e8AAAAAY1fQCSusmAX95QW6PzdJb2MAWWkI-KlC&amp;gs_ssp=eJzj4tZP1zcsSTErSc9JN2C0UjaoSDSzNDcyMjUxNTNOTkmxMqgwtLBIS7I0MTaxMLZIM0qy9JIuTswrKU0sysxXSElUKE4sTUlVSAUxCxKrAIbPF7c&amp;oq=santuario+da+saude+&amp;gs_lcp=Cgdnd3Mtd2l6EAMYADILCC4QgAQQxwEQrwEyBggAEBYQHjIGCAAQFhAeMgYIABAWEB4yBggAEBYQHjIGCAAQFhAeMgYIABAWEB4yAggmOgsIABCABBCxAxCDAToLCC4QgAQQsQMQgwE6BAgAEEM6EQguEIAEELEDEIMBEMcBENEDOggILhCABBCxAzoOCC4QgAQQsQMQgwEQ1AI6DQguEMcBEK8BENQCEEM6BQgAEIAEOgUILhCABDoICC4QsQMQgwE6CAguEIAEENQCOgsILhCABBCxAxDUAjoOCC4QsQMQgwEQxwEQ0QM6BAguEEM6BQgAELEDOggIABCxAxCDAToICAAQgAQQsQM6DgguEIAEELEDEMcBEK8BOg4ILhCABBDHARCvARDUAjoHCAAQgAQQCjoICAAQFhAeEApQAFimF2DqHWgAcAB4AIABnwGIAcAUkgEEMC4xOZgBAKABAQ&amp;sclient=gws-wiz#\">3462-6557<\/a> y para informarse.<\/p>\n\n\n\n<p><strong>Infancia y adolescencia misionera<\/strong><\/p>\n\n\n\n<p>La Obra Pontificia de la Santa Infancia (IAM) fue fundada el 19 de mayo de 1843. Esto ocurri\u00f3 cuando Monse\u00f1or Charles August Marie Joseph de Forbin-Janson, obispo de Nancy (Francia), fue conmovido por la realidad descrita por los misioneros que evangelizaban en China, con quienes ten\u00eda una estrecha relaci\u00f3n desde la adolescencia.<\/p>\n\n\n\n<p>Para cumplir con la petici\u00f3n de los misioneros, el obispo Carlos hizo un llamado a los ni\u00f1os de Francia para que ayudaran a otros ni\u00f1os. Impulsado por este celo misionero, el obispo convers\u00f3 con Pauline Jaricot, fundadora de la Obra Pontificia para la Propagaci\u00f3n de la Fe. As\u00ed, los ni\u00f1os franceses se comprometieron a rezar un Ave Mar\u00eda diariamente por los ni\u00f1os de China y a ayudarlos con una moneda cada mes, expresi\u00f3n de caridad cristiana y solidaridad universal.&nbsp;<\/p>\n\n\n\n<p>En 1922, el Papa P\u00edo XI declar\u00f3 la Obra de la Santa Infancia como \u201cPontificia\u201d, es decir, se diferencia de la actividad apost\u00f3lica transitoria porque su organizaci\u00f3n y testimonio son aprobados y asumidos como una obra evangelizadora al servicio de toda la Iglesia.<\/p>\n\n\n\n<p><\/p>\n\n\n\n<p><em>*con informaci\u00f3n de las Obras Misionales Pontificias del Vaticano (<a href=\"https:\/\/www.pom.org.br\/conheca-a-iam\/\" target=\"_blank\" rel=\"noreferrer noopener\">pom.org.br<\/a>)<\/em><\/p>\n\n\n\n<p><\/p>","protected":false},"excerpt":{"rendered":"<p>Crian\u00e7as e adolescentes participaram da celebra\u00e7\u00e3o da Santa Missa das 10h, no \u00faltimo domingo, para, juntos, comemorarem o Dia Mundial das Miss\u00f5es, lembrado sempre no pen\u00faltimo fim de semana de outubro, o m\u00eas mission\u00e1rio. Vestidos com a camisa da Inf\u00e2ncia e Adolesc\u00eancia Mission\u00e1ria, a IAM, do Santu\u00e1rio da Sa\u00fade e da Paz, 13 membros do movimento e suas coordenadoras participaram da Celebra\u00e7\u00e3o Eucar\u00edstica presidida pelo reitor do Santu\u00e1rio, Pe. Vin\u00edcius Maciel, SSCC. (REVEJA AQUI). No in\u00edcio da Santa Missa, ao som do hino da IAM e em prociss\u00e3o, as crian\u00e7as levaram at\u00e9 o altar as bandeiras representando os cinco continentes, [&hellip;]<\/p>\n","protected":false},"author":2,"featured_media":9445,"comment_status":"open","ping_status":"closed","sticky":false,"template":"","format":"standard","meta":{"_acf_changed":false,"footnotes":""},"categories":[611],"tags":[],"class_list":["post-9444","post","type-post","status-publish","format-standard","has-post-thumbnail","hentry","category-noticias"],"acf":[],"yoast_head":"<!-- This site is optimized with the Yoast SEO plugin v27.2 - https:\/\/yoast.com\/product\/yoast-seo-wordpress\/ -->\n<title>Inf\u00e2ncia Mission\u00e1ria celebra Dia Mundial das Miss\u00f5es na Igreja Padre Eust\u00e1quio<\/title>\n<meta name=\"description\" content=\"Crian\u00e7as e adolescentes participaram da celebra\u00e7\u00e3o da Santa Missa das 10h, no \u00faltimo domingo, para, juntos, comemorarem o Dia Mundial das Miss\u00f5es, lembrado sempre no pen\u00faltimo fim de semana de outubro, o m\u00eas mission\u00e1rio.\" \/>\n<meta name=\"robots\" content=\"index, follow, max-snippet:-1, max-image-preview:large, max-video-preview:-1\" \/>\n<link rel=\"canonical\" href=\"https:\/\/www.padreeustaquio.com.br\/es\/la-infancia-misionera-celebra-el-dia-mundial-de-las-misiones-en-la-iglesia-padre-eustaquio\/\" \/>\n<meta property=\"og:locale\" content=\"es_ES\" \/>\n<meta property=\"og:type\" content=\"article\" \/>\n<meta property=\"og:title\" content=\"Inf\u00e2ncia Mission\u00e1ria celebra Dia Mundial das Miss\u00f5es na Igreja Padre Eust\u00e1quio\" \/>\n<meta property=\"og:description\" content=\"Crian\u00e7as e adolescentes participaram da celebra\u00e7\u00e3o da Santa Missa das 10h, no \u00faltimo domingo, para, juntos, comemorarem o Dia Mundial das Miss\u00f5es, lembrado sempre no pen\u00faltimo fim de semana de outubro, o m\u00eas mission\u00e1rio.\" \/>\n<meta property=\"og:url\" content=\"https:\/\/www.padreeustaquio.com.br\/es\/la-infancia-misionera-celebra-el-dia-mundial-de-las-misiones-en-la-iglesia-padre-eustaquio\/\" \/>\n<meta property=\"og:site_name\" content=\"Padre Eust\u00e1quio\" \/>\n<meta property=\"article:publisher\" content=\"https:\/\/www.facebook.com\/beatopadreeustaquio\/\" \/>\n<meta property=\"article:published_time\" content=\"2022-10-27T09:42:00+00:00\" \/>\n<meta property=\"og:image\" content=\"https:\/\/www.padreeustaquio.com.br\/wp-content\/uploads\/2022\/10\/iam-2.jpeg\" \/>\n\t<meta property=\"og:image:width\" content=\"1600\" \/>\n\t<meta property=\"og:image:height\" content=\"1200\" \/>\n\t<meta property=\"og:image:type\" content=\"image\/jpeg\" \/>\n<meta name=\"author\" content=\"@sscc\" \/>\n<meta name=\"twitter:card\" content=\"summary_large_image\" \/>\n<meta name=\"twitter:image\" content=\"https:\/\/www.padreeustaquio.com.br\/wp-content\/uploads\/2022\/10\/iam-2.jpeg\" \/>\n<meta name=\"twitter:creator\" content=\"@beatopeustaquio\" \/>\n<meta name=\"twitter:site\" content=\"@beatopeustaquio\" \/>\n<meta name=\"twitter:label1\" content=\"Escrito por\" \/>\n\t<meta name=\"twitter:data1\" content=\"@sscc\" \/>\n\t<meta name=\"twitter:label2\" content=\"Tiempo de lectura\" \/>\n\t<meta name=\"twitter:data2\" content=\"2 minutos\" \/>\n<script type=\"application\/ld+json\" class=\"yoast-schema-graph\">{\"@context\":\"https:\/\/schema.org\",\"@graph\":[{\"@type\":\"Article\",\"@id\":\"https:\/\/www.padreeustaquio.com.br\/infancia-missionaria-celebra-dia-mundial-das-missoes-na-igreja-padre-eustaquio\/#article\",\"isPartOf\":{\"@id\":\"https:\/\/www.padreeustaquio.com.br\/infancia-missionaria-celebra-dia-mundial-das-missoes-na-igreja-padre-eustaquio\/\"},\"author\":{\"name\":\"@sscc\",\"@id\":\"https:\/\/www.padreeustaquio.com.br\/#\/schema\/person\/a2a51db1d00f1a7af0204a0f1ddb1566\"},\"headline\":\"Inf\u00e2ncia Mission\u00e1ria celebra Dia Mundial das Miss\u00f5es na Igreja Padre Eust\u00e1quio\",\"datePublished\":\"2022-10-27T09:42:00+00:00\",\"mainEntityOfPage\":{\"@id\":\"https:\/\/www.padreeustaquio.com.br\/infancia-missionaria-celebra-dia-mundial-das-missoes-na-igreja-padre-eustaquio\/\"},\"wordCount\":439,\"commentCount\":0,\"publisher\":{\"@id\":\"https:\/\/www.padreeustaquio.com.br\/#organization\"},\"image\":{\"@id\":\"https:\/\/www.padreeustaquio.com.br\/infancia-missionaria-celebra-dia-mundial-das-missoes-na-igreja-padre-eustaquio\/#primaryimage\"},\"thumbnailUrl\":\"https:\/\/www.padreeustaquio.com.br\/wp-content\/uploads\/2022\/10\/iam-2.jpeg\",\"articleSection\":[\"Not\u00edcias\"],\"inLanguage\":\"es\",\"potentialAction\":[{\"@type\":\"CommentAction\",\"name\":\"Comment\",\"target\":[\"https:\/\/www.padreeustaquio.com.br\/infancia-missionaria-celebra-dia-mundial-das-missoes-na-igreja-padre-eustaquio\/#respond\"]}]},{\"@type\":\"WebPage\",\"@id\":\"https:\/\/www.padreeustaquio.com.br\/infancia-missionaria-celebra-dia-mundial-das-missoes-na-igreja-padre-eustaquio\/\",\"url\":\"https:\/\/www.padreeustaquio.com.br\/infancia-missionaria-celebra-dia-mundial-das-missoes-na-igreja-padre-eustaquio\/\",\"name\":\"Inf\u00e2ncia Mission\u00e1ria celebra Dia Mundial das Miss\u00f5es na Igreja Padre Eust\u00e1quio\",\"isPartOf\":{\"@id\":\"https:\/\/www.padreeustaquio.com.br\/#website\"},\"primaryImageOfPage\":{\"@id\":\"https:\/\/www.padreeustaquio.com.br\/infancia-missionaria-celebra-dia-mundial-das-missoes-na-igreja-padre-eustaquio\/#primaryimage\"},\"image\":{\"@id\":\"https:\/\/www.padreeustaquio.com.br\/infancia-missionaria-celebra-dia-mundial-das-missoes-na-igreja-padre-eustaquio\/#primaryimage\"},\"thumbnailUrl\":\"https:\/\/www.padreeustaquio.com.br\/wp-content\/uploads\/2022\/10\/iam-2.jpeg\",\"datePublished\":\"2022-10-27T09:42:00+00:00\",\"description\":\"Crian\u00e7as e adolescentes participaram da celebra\u00e7\u00e3o da Santa Missa das 10h, no \u00faltimo domingo, para, juntos, comemorarem o Dia Mundial das Miss\u00f5es, lembrado sempre no pen\u00faltimo fim de semana de outubro, o m\u00eas mission\u00e1rio.\",\"breadcrumb\":{\"@id\":\"https:\/\/www.padreeustaquio.com.br\/infancia-missionaria-celebra-dia-mundial-das-missoes-na-igreja-padre-eustaquio\/#breadcrumb\"},\"inLanguage\":\"es\",\"potentialAction\":[{\"@type\":\"ReadAction\",\"target\":[\"https:\/\/www.padreeustaquio.com.br\/infancia-missionaria-celebra-dia-mundial-das-missoes-na-igreja-padre-eustaquio\/\"]}]},{\"@type\":\"ImageObject\",\"inLanguage\":\"es\",\"@id\":\"https:\/\/www.padreeustaquio.com.br\/infancia-missionaria-celebra-dia-mundial-das-missoes-na-igreja-padre-eustaquio\/#primaryimage\",\"url\":\"https:\/\/www.padreeustaquio.com.br\/wp-content\/uploads\/2022\/10\/iam-2.jpeg\",\"contentUrl\":\"https:\/\/www.padreeustaquio.com.br\/wp-content\/uploads\/2022\/10\/iam-2.jpeg\",\"width\":1600,\"height\":1200},{\"@type\":\"BreadcrumbList\",\"@id\":\"https:\/\/www.padreeustaquio.com.br\/infancia-missionaria-celebra-dia-mundial-das-missoes-na-igreja-padre-eustaquio\/#breadcrumb\",\"itemListElement\":[{\"@type\":\"ListItem\",\"position\":1,\"name\":\"In\u00edcio\",\"item\":\"https:\/\/www.padreeustaquio.com.br\/\"},{\"@type\":\"ListItem\",\"position\":2,\"name\":\"Inf\u00e2ncia Mission\u00e1ria celebra Dia Mundial das Miss\u00f5es na Igreja Padre Eust\u00e1quio\"}]},{\"@type\":\"WebSite\",\"@id\":\"https:\/\/www.padreeustaquio.com.br\/#website\",\"url\":\"https:\/\/www.padreeustaquio.com.br\/\",\"name\":\"Padre Eust\u00e1quio\",\"description\":\"Sa\u00fade e Paz\",\"publisher\":{\"@id\":\"https:\/\/www.padreeustaquio.com.br\/#organization\"},\"potentialAction\":[{\"@type\":\"SearchAction\",\"target\":{\"@type\":\"EntryPoint\",\"urlTemplate\":\"https:\/\/www.padreeustaquio.com.br\/?s={search_term_string}\"},\"query-input\":{\"@type\":\"PropertyValueSpecification\",\"valueRequired\":true,\"valueName\":\"search_term_string\"}}],\"inLanguage\":\"es\"},{\"@type\":\"Organization\",\"@id\":\"https:\/\/www.padreeustaquio.com.br\/#organization\",\"name\":\"Padre Eust\u00e1quio\",\"url\":\"https:\/\/www.padreeustaquio.com.br\/\",\"logo\":{\"@type\":\"ImageObject\",\"inLanguage\":\"es\",\"@id\":\"https:\/\/www.padreeustaquio.com.br\/#\/schema\/logo\/image\/\",\"url\":\"https:\/\/www.padreeustaquio.com.br\/wp-content\/uploads\/2019\/08\/marca.png\",\"contentUrl\":\"https:\/\/www.padreeustaquio.com.br\/wp-content\/uploads\/2019\/08\/marca.png\",\"width\":350,\"height\":400,\"caption\":\"Padre Eust\u00e1quio\"},\"image\":{\"@id\":\"https:\/\/www.padreeustaquio.com.br\/#\/schema\/logo\/image\/\"},\"sameAs\":[\"https:\/\/www.facebook.com\/beatopadreeustaquio\/\",\"https:\/\/x.com\/beatopeustaquio\",\"https:\/\/www.instagram.com\/beatopadreeustaquio\/\",\"https:\/\/www.youtube.com\/channel\/UCRhw7vfabnajwLxb1ZXMeIw\"]},{\"@type\":\"Person\",\"@id\":\"https:\/\/www.padreeustaquio.com.br\/#\/schema\/person\/a2a51db1d00f1a7af0204a0f1ddb1566\",\"name\":\"@sscc\",\"image\":{\"@type\":\"ImageObject\",\"inLanguage\":\"es\",\"@id\":\"https:\/\/secure.gravatar.com\/avatar\/68cfafa5f44617fea54071e215026e0ff06be366c3d54a8425f04fdcb86f8c5f?s=96&d=mm&r=g\",\"url\":\"https:\/\/secure.gravatar.com\/avatar\/68cfafa5f44617fea54071e215026e0ff06be366c3d54a8425f04fdcb86f8c5f?s=96&d=mm&r=g\",\"contentUrl\":\"https:\/\/secure.gravatar.com\/avatar\/68cfafa5f44617fea54071e215026e0ff06be366c3d54a8425f04fdcb86f8c5f?s=96&d=mm&r=g\",\"caption\":\"@sscc\"},\"url\":\"https:\/\/www.padreeustaquio.com.br\/es\/author\/sscc\/\"}]}<\/script>\n<!-- \/ Yoast SEO plugin. -->","yoast_head_json":{"title":"La Infancia Misionera celebra el D\u00eda Mundial de las Misiones en la Iglesia Padre Eust\u00e1quio","description":"Ni\u00f1os y j\u00f3venes participaron en la Santa Misa de las 10:00 horas del domingo pasado para celebrar juntos la Jornada Mundial de las Misiones, que siempre se conmemora el pen\u00faltimo fin de semana de octubre, el mes misionero.","robots":{"index":"index","follow":"follow","max-snippet":"max-snippet:-1","max-image-preview":"max-image-preview:large","max-video-preview":"max-video-preview:-1"},"canonical":"https:\/\/www.padreeustaquio.com.br\/es\/la-infancia-misionera-celebra-el-dia-mundial-de-las-misiones-en-la-iglesia-padre-eustaquio\/","og_locale":"es_ES","og_type":"article","og_title":"Inf\u00e2ncia Mission\u00e1ria celebra Dia Mundial das Miss\u00f5es na Igreja Padre Eust\u00e1quio","og_description":"Crian\u00e7as e adolescentes participaram da celebra\u00e7\u00e3o da Santa Missa das 10h, no \u00faltimo domingo, para, juntos, comemorarem o Dia Mundial das Miss\u00f5es, lembrado sempre no pen\u00faltimo fim de semana de outubro, o m\u00eas mission\u00e1rio.","og_url":"https:\/\/www.padreeustaquio.com.br\/es\/la-infancia-misionera-celebra-el-dia-mundial-de-las-misiones-en-la-iglesia-padre-eustaquio\/","og_site_name":"Padre Eust\u00e1quio","article_publisher":"https:\/\/www.facebook.com\/beatopadreeustaquio\/","article_published_time":"2022-10-27T09:42:00+00:00","og_image":[{"width":1600,"height":1200,"url":"https:\/\/www.padreeustaquio.com.br\/wp-content\/uploads\/2022\/10\/iam-2.jpeg","type":"image\/jpeg"}],"author":"@sscc","twitter_card":"summary_large_image","twitter_image":"https:\/\/www.padreeustaquio.com.br\/wp-content\/uploads\/2022\/10\/iam-2.jpeg","twitter_creator":"@beatopeustaquio","twitter_site":"@beatopeustaquio","twitter_misc":{"Escrito por":"@sscc","Tiempo de lectura":"2 minutos"},"schema":{"@context":"https:\/\/schema.org","@graph":[{"@type":"Article","@id":"https:\/\/www.padreeustaquio.com.br\/infancia-missionaria-celebra-dia-mundial-das-missoes-na-igreja-padre-eustaquio\/#article","isPartOf":{"@id":"https:\/\/www.padreeustaquio.com.br\/infancia-missionaria-celebra-dia-mundial-das-missoes-na-igreja-padre-eustaquio\/"},"author":{"name":"@sscc","@id":"https:\/\/www.padreeustaquio.com.br\/#\/schema\/person\/a2a51db1d00f1a7af0204a0f1ddb1566"},"headline":"Inf\u00e2ncia Mission\u00e1ria celebra Dia Mundial das Miss\u00f5es na Igreja Padre Eust\u00e1quio","datePublished":"2022-10-27T09:42:00+00:00","mainEntityOfPage":{"@id":"https:\/\/www.padreeustaquio.com.br\/infancia-missionaria-celebra-dia-mundial-das-missoes-na-igreja-padre-eustaquio\/"},"wordCount":439,"commentCount":0,"publisher":{"@id":"https:\/\/www.padreeustaquio.com.br\/#organization"},"image":{"@id":"https:\/\/www.padreeustaquio.com.br\/infancia-missionaria-celebra-dia-mundial-das-missoes-na-igreja-padre-eustaquio\/#primaryimage"},"thumbnailUrl":"https:\/\/www.padreeustaquio.com.br\/wp-content\/uploads\/2022\/10\/iam-2.jpeg","articleSection":["Not\u00edcias"],"inLanguage":"es","potentialAction":[{"@type":"CommentAction","name":"Comment","target":["https:\/\/www.padreeustaquio.com.br\/infancia-missionaria-celebra-dia-mundial-das-missoes-na-igreja-padre-eustaquio\/#respond"]}]},{"@type":"WebPage","@id":"https:\/\/www.padreeustaquio.com.br\/infancia-missionaria-celebra-dia-mundial-das-missoes-na-igreja-padre-eustaquio\/","url":"https:\/\/www.padreeustaquio.com.br\/infancia-missionaria-celebra-dia-mundial-das-missoes-na-igreja-padre-eustaquio\/","name":"La Infancia Misionera celebra el D\u00eda Mundial de las Misiones en la Iglesia Padre Eust\u00e1quio","isPartOf":{"@id":"https:\/\/www.padreeustaquio.com.br\/#website"},"primaryImageOfPage":{"@id":"https:\/\/www.padreeustaquio.com.br\/infancia-missionaria-celebra-dia-mundial-das-missoes-na-igreja-padre-eustaquio\/#primaryimage"},"image":{"@id":"https:\/\/www.padreeustaquio.com.br\/infancia-missionaria-celebra-dia-mundial-das-missoes-na-igreja-padre-eustaquio\/#primaryimage"},"thumbnailUrl":"https:\/\/www.padreeustaquio.com.br\/wp-content\/uploads\/2022\/10\/iam-2.jpeg","datePublished":"2022-10-27T09:42:00+00:00","description":"Ni\u00f1os y j\u00f3venes participaron en la Santa Misa de las 10:00 horas del domingo pasado para celebrar juntos la Jornada Mundial de las Misiones, que siempre se conmemora el pen\u00faltimo fin de semana de octubre, el mes misionero.","breadcrumb":{"@id":"https:\/\/www.padreeustaquio.com.br\/infancia-missionaria-celebra-dia-mundial-das-missoes-na-igreja-padre-eustaquio\/#breadcrumb"},"inLanguage":"es","potentialAction":[{"@type":"ReadAction","target":["https:\/\/www.padreeustaquio.com.br\/infancia-missionaria-celebra-dia-mundial-das-missoes-na-igreja-padre-eustaquio\/"]}]},{"@type":"ImageObject","inLanguage":"es","@id":"https:\/\/www.padreeustaquio.com.br\/infancia-missionaria-celebra-dia-mundial-das-missoes-na-igreja-padre-eustaquio\/#primaryimage","url":"https:\/\/www.padreeustaquio.com.br\/wp-content\/uploads\/2022\/10\/iam-2.jpeg","contentUrl":"https:\/\/www.padreeustaquio.com.br\/wp-content\/uploads\/2022\/10\/iam-2.jpeg","width":1600,"height":1200},{"@type":"BreadcrumbList","@id":"https:\/\/www.padreeustaquio.com.br\/infancia-missionaria-celebra-dia-mundial-das-missoes-na-igreja-padre-eustaquio\/#breadcrumb","itemListElement":[{"@type":"ListItem","position":1,"name":"In\u00edcio","item":"https:\/\/www.padreeustaquio.com.br\/"},{"@type":"ListItem","position":2,"name":"Inf\u00e2ncia Mission\u00e1ria celebra Dia Mundial das Miss\u00f5es na Igreja Padre Eust\u00e1quio"}]},{"@type":"WebSite","@id":"https:\/\/www.padreeustaquio.com.br\/#website","url":"https:\/\/www.padreeustaquio.com.br\/","name":"Padre Eustace","description":"Salud y Paz","publisher":{"@id":"https:\/\/www.padreeustaquio.com.br\/#organization"},"potentialAction":[{"@type":"SearchAction","target":{"@type":"EntryPoint","urlTemplate":"https:\/\/www.padreeustaquio.com.br\/?s={search_term_string}"},"query-input":{"@type":"PropertyValueSpecification","valueRequired":true,"valueName":"search_term_string"}}],"inLanguage":"es"},{"@type":"Organization","@id":"https:\/\/www.padreeustaquio.com.br\/#organization","name":"Padre Eustace","url":"https:\/\/www.padreeustaquio.com.br\/","logo":{"@type":"ImageObject","inLanguage":"es","@id":"https:\/\/www.padreeustaquio.com.br\/#\/schema\/logo\/image\/","url":"https:\/\/www.padreeustaquio.com.br\/wp-content\/uploads\/2019\/08\/marca.png","contentUrl":"https:\/\/www.padreeustaquio.com.br\/wp-content\/uploads\/2019\/08\/marca.png","width":350,"height":400,"caption":"Padre Eust\u00e1quio"},"image":{"@id":"https:\/\/www.padreeustaquio.com.br\/#\/schema\/logo\/image\/"},"sameAs":["https:\/\/www.facebook.com\/beatopadreeustaquio\/","https:\/\/x.com\/beatopeustaquio","https:\/\/www.instagram.com\/beatopadreeustaquio\/","https:\/\/www.youtube.com\/channel\/UCRhw7vfabnajwLxb1ZXMeIw"]},{"@type":"Person","@id":"https:\/\/www.padreeustaquio.com.br\/#\/schema\/person\/a2a51db1d00f1a7af0204a0f1ddb1566","name":"@sscc","image":{"@type":"ImageObject","inLanguage":"es","@id":"https:\/\/secure.gravatar.com\/avatar\/68cfafa5f44617fea54071e215026e0ff06be366c3d54a8425f04fdcb86f8c5f?s=96&d=mm&r=g","url":"https:\/\/secure.gravatar.com\/avatar\/68cfafa5f44617fea54071e215026e0ff06be366c3d54a8425f04fdcb86f8c5f?s=96&d=mm&r=g","contentUrl":"https:\/\/secure.gravatar.com\/avatar\/68cfafa5f44617fea54071e215026e0ff06be366c3d54a8425f04fdcb86f8c5f?s=96&d=mm&r=g","caption":"@sscc"},"url":"https:\/\/www.padreeustaquio.com.br\/es\/author\/sscc\/"}]}},"_links":{"self":[{"href":"https:\/\/www.padreeustaquio.com.br\/es\/wp-json\/wp\/v2\/posts\/9444","targetHints":{"allow":["GET"]}}],"collection":[{"href":"https:\/\/www.padreeustaquio.com.br\/es\/wp-json\/wp\/v2\/posts"}],"about":[{"href":"https:\/\/www.padreeustaquio.com.br\/es\/wp-json\/wp\/v2\/types\/post"}],"author":[{"embeddable":true,"href":"https:\/\/www.padreeustaquio.com.br\/es\/wp-json\/wp\/v2\/users\/2"}],"replies":[{"embeddable":true,"href":"https:\/\/www.padreeustaquio.com.br\/es\/wp-json\/wp\/v2\/comments?post=9444"}],"version-history":[{"count":0,"href":"https:\/\/www.padreeustaquio.com.br\/es\/wp-json\/wp\/v2\/posts\/9444\/revisions"}],"wp:featuredmedia":[{"embeddable":true,"href":"https:\/\/www.padreeustaquio.com.br\/es\/wp-json\/wp\/v2\/media\/9445"}],"wp:attachment":[{"href":"https:\/\/www.padreeustaquio.com.br\/es\/wp-json\/wp\/v2\/media?parent=9444"}],"wp:term":[{"taxonomy":"category","embeddable":true,"href":"https:\/\/www.padreeustaquio.com.br\/es\/wp-json\/wp\/v2\/categories?post=9444"},{"taxonomy":"post_tag","embeddable":true,"href":"https:\/\/www.padreeustaquio.com.br\/es\/wp-json\/wp\/v2\/tags?post=9444"}],"curies":[{"name":"wp","href":"https:\/\/api.w.org\/{rel}","templated":true}]}}