{"id":9427,"date":"2022-10-24T06:05:00","date_gmt":"2022-10-24T09:05:00","guid":{"rendered":"https:\/\/www.padreeustaquio.com.br\/?p=9427"},"modified":"2022-10-20T17:04:03","modified_gmt":"2022-10-20T20:04:03","slug":"rector-y-responsable-de-la-causa-de-canonizacion-del-padre-eustaquio-cumple-61-anos","status":"publish","type":"post","link":"https:\/\/www.padreeustaquio.com.br\/es\/rector-y-responsable-de-la-causa-de-canonizacion-del-padre-eustaquio-cumple-61-anos\/","title":{"rendered":"Rector y jefe de la Causa de Canonizaci\u00f3n del Padre Eustaquio cumple 61 a\u00f1os."},"content":{"rendered":"<p>El Padre Vin\u00edcius Maciel, SSCC, naci\u00f3 en Belo Horizonte el 24 de octubre de 1961. Actualmente rector del Santuario Arquidiocesano de Salud y Paz y responsable de la Causa de Canonizaci\u00f3n del Beato Padre Eust\u00e1quio, el sacerdote presidir\u00e1 hoy, a las 19 horas, la Santa Misa en conmemoraci\u00f3n de su cumplea\u00f1os.<\/p>\n\n\n\n<p>La Celebraci\u00f3n Eucar\u00edstica, presidida por el Padre Vin\u00edcius, se transmitir\u00e1 por el Canal Padre Eust\u00e1quio en YouTube. Se espera la participaci\u00f3n de sacerdotes, hermanos y hermanas de la Congregaci\u00f3n en la Santa Misa.<\/p>\n\n\n\n<p><strong>Padre Marco Vin\u00edcius Maciel, SS.CC.<\/strong><\/p>\n\n\n\n<p>El padre Marcus Vin\u00edcius Maciel es miembro de la Congregaci\u00f3n de los Sagrados Corazones, rector del Santuario de la Salud y la Paz, vicepostulador de la Causa de Canonizaci\u00f3n y presidente de la Guarder\u00eda Padre Eust\u00e1quio en Belo Horizonte, Minas Gerais, Brasil. <\/p>\n\n\n\n<p>El Padre Vin\u00edcius, SSCC, naci\u00f3 en Belo Horizonte, capital del estado de Minas Gerais, el 24 de octubre de 1961. Tambi\u00e9n complet\u00f3 sus estudios iniciales en Belo Horizonte. Se gradu\u00f3 en Filosof\u00eda por la PUC-Campinas (S\u00e3o Paulo) y en Teolog\u00eda por la FAJE (Minas Gerais) y la PUC-Santiago (Chile). Ingres\u00f3 en la Congregaci\u00f3n de los Sagrados Corazones en 1976. Su ordenaci\u00f3n sacerdotal tuvo lugar el 28 de diciembre de 1990. Trabaj\u00f3 en varias parroquias de Brasil y fue Superior Provincial (Brasil-Paraguay) de 2009 a 2015. Fue nombrado Vicepostulador por el Padre Alfred Bell, SSCC, el 8 de diciembre de 2008.<\/p>\n\n\n\n<p><\/p>","protected":false},"excerpt":{"rendered":"<p>Padre Vin\u00edcius Maciel, SSCC, nasceu em Belo Horizonte no dia 24 de outubro de 1961. Atual reitor do Santu\u00e1rio Arquidiocesano da Sa\u00fade e da Paz e respons\u00e1vel pela Causa de Canoniza\u00e7\u00e3o do Beato Padre Eust\u00e1quio, o sacerdote presidir\u00e1 a Santa Missa hoje, \u00e0s 19h, em raz\u00e3o do seu anivers\u00e1rio natal\u00edcio. A Celebra\u00e7\u00e3o Eucar\u00edstica presidida por Padre Vin\u00edcius ser\u00e1 transmitida pelo Canal Padre Eust\u00e1quio no YouTube. Padres, irm\u00e3os e irm\u00e3s de Congrega\u00e7\u00e3o dever\u00e3o participar da santa missa. Padre Marcus Vin\u00edcius Maciel, SS.CC. Padre Marcus Vin\u00edcius Maciel \u00e9 religioso da Congrega\u00e7\u00e3o dos Sagrados Cora\u00e7\u00f5es, reitor do Santu\u00e1rio da Sa\u00fade e da Paz, [&hellip;]<\/p>\n","protected":false},"author":2,"featured_media":9428,"comment_status":"open","ping_status":"closed","sticky":false,"template":"","format":"standard","meta":{"_acf_changed":false,"footnotes":""},"categories":[611],"tags":[],"class_list":["post-9427","post","type-post","status-publish","format-standard","has-post-thumbnail","hentry","category-noticias"],"acf":[],"yoast_head":"<!-- This site is optimized with the Yoast SEO plugin v27.2 - https:\/\/yoast.com\/product\/yoast-seo-wordpress\/ -->\n<title>Reitor e respons\u00e1vel pela Causa de Canoniza\u00e7\u00e3o de Padre Eust\u00e1quio completa 61 anos<\/title>\n<meta name=\"description\" content=\"Padre Vin\u00edcius Maciel, SSCC, nasceu em Belo Horizonte no dia 24 de outubro de 1961. Atual reitor do Santu\u00e1rio Arquidiocesano da Sa\u00fade e da Paz e respons\u00e1vel pela Causa de Canoniza\u00e7\u00e3o do Beato Padre Eust\u00e1quio, o sacerdote presidir\u00e1 a Santa Missa hoje, \u00e0s 19h, em raz\u00e3o do seu anivers\u00e1rio natal\u00edcio.\" \/>\n<meta name=\"robots\" content=\"index, follow, max-snippet:-1, max-image-preview:large, max-video-preview:-1\" \/>\n<link rel=\"canonical\" href=\"https:\/\/www.padreeustaquio.com.br\/es\/rector-y-responsable-de-la-causa-de-canonizacion-del-padre-eustaquio-cumple-61-anos\/\" \/>\n<meta property=\"og:locale\" content=\"es_ES\" \/>\n<meta property=\"og:type\" content=\"article\" \/>\n<meta property=\"og:title\" content=\"Reitor e respons\u00e1vel pela Causa de Canoniza\u00e7\u00e3o de Padre Eust\u00e1quio completa 61 anos\" \/>\n<meta property=\"og:description\" content=\"Padre Vin\u00edcius Maciel, SSCC, nasceu em Belo Horizonte no dia 24 de outubro de 1961. Atual reitor do Santu\u00e1rio Arquidiocesano da Sa\u00fade e da Paz e respons\u00e1vel pela Causa de Canoniza\u00e7\u00e3o do Beato Padre Eust\u00e1quio, o sacerdote presidir\u00e1 a Santa Missa hoje, \u00e0s 19h, em raz\u00e3o do seu anivers\u00e1rio natal\u00edcio.\" \/>\n<meta property=\"og:url\" content=\"https:\/\/www.padreeustaquio.com.br\/es\/rector-y-responsable-de-la-causa-de-canonizacion-del-padre-eustaquio-cumple-61-anos\/\" \/>\n<meta property=\"og:site_name\" content=\"Padre Eust\u00e1quio\" \/>\n<meta property=\"article:publisher\" content=\"https:\/\/www.facebook.com\/beatopadreeustaquio\/\" \/>\n<meta property=\"article:published_time\" content=\"2022-10-24T09:05:00+00:00\" \/>\n<meta property=\"og:image\" content=\"https:\/\/www.padreeustaquio.com.br\/wp-content\/uploads\/2022\/10\/IMG_3929-scaled.jpg\" \/>\n\t<meta property=\"og:image:width\" content=\"2560\" \/>\n\t<meta property=\"og:image:height\" content=\"1707\" \/>\n\t<meta property=\"og:image:type\" content=\"image\/jpeg\" \/>\n<meta name=\"author\" content=\"@sscc\" \/>\n<meta name=\"twitter:card\" content=\"summary_large_image\" \/>\n<meta name=\"twitter:image\" content=\"https:\/\/www.padreeustaquio.com.br\/wp-content\/uploads\/2022\/10\/IMG_3929-scaled.jpg\" \/>\n<meta name=\"twitter:creator\" content=\"@beatopeustaquio\" \/>\n<meta name=\"twitter:site\" content=\"@beatopeustaquio\" \/>\n<meta name=\"twitter:label1\" content=\"Escrito por\" \/>\n\t<meta name=\"twitter:data1\" content=\"@sscc\" \/>\n\t<meta name=\"twitter:label2\" content=\"Tiempo de lectura\" \/>\n\t<meta name=\"twitter:data2\" content=\"1 minuto\" \/>\n<script type=\"application\/ld+json\" class=\"yoast-schema-graph\">{\"@context\":\"https:\/\/schema.org\",\"@graph\":[{\"@type\":\"Article\",\"@id\":\"https:\/\/www.padreeustaquio.com.br\/reitor-e-responsavel-pela-causa-de-canonizacao-de-padre-eustaquio-completa-61-anos\/#article\",\"isPartOf\":{\"@id\":\"https:\/\/www.padreeustaquio.com.br\/reitor-e-responsavel-pela-causa-de-canonizacao-de-padre-eustaquio-completa-61-anos\/\"},\"author\":{\"name\":\"@sscc\",\"@id\":\"https:\/\/www.padreeustaquio.com.br\/#\/schema\/person\/a2a51db1d00f1a7af0204a0f1ddb1566\"},\"headline\":\"Reitor e respons\u00e1vel pela Causa de Canoniza\u00e7\u00e3o de Padre Eust\u00e1quio completa 61 anos\",\"datePublished\":\"2022-10-24T09:05:00+00:00\",\"mainEntityOfPage\":{\"@id\":\"https:\/\/www.padreeustaquio.com.br\/reitor-e-responsavel-pela-causa-de-canonizacao-de-padre-eustaquio-completa-61-anos\/\"},\"wordCount\":236,\"commentCount\":0,\"publisher\":{\"@id\":\"https:\/\/www.padreeustaquio.com.br\/#organization\"},\"image\":{\"@id\":\"https:\/\/www.padreeustaquio.com.br\/reitor-e-responsavel-pela-causa-de-canonizacao-de-padre-eustaquio-completa-61-anos\/#primaryimage\"},\"thumbnailUrl\":\"https:\/\/www.padreeustaquio.com.br\/wp-content\/uploads\/2022\/10\/IMG_3929-scaled.jpg\",\"articleSection\":[\"Not\u00edcias\"],\"inLanguage\":\"es\",\"potentialAction\":[{\"@type\":\"CommentAction\",\"name\":\"Comment\",\"target\":[\"https:\/\/www.padreeustaquio.com.br\/reitor-e-responsavel-pela-causa-de-canonizacao-de-padre-eustaquio-completa-61-anos\/#respond\"]}]},{\"@type\":\"WebPage\",\"@id\":\"https:\/\/www.padreeustaquio.com.br\/reitor-e-responsavel-pela-causa-de-canonizacao-de-padre-eustaquio-completa-61-anos\/\",\"url\":\"https:\/\/www.padreeustaquio.com.br\/reitor-e-responsavel-pela-causa-de-canonizacao-de-padre-eustaquio-completa-61-anos\/\",\"name\":\"Reitor e respons\u00e1vel pela Causa de Canoniza\u00e7\u00e3o de Padre Eust\u00e1quio completa 61 anos\",\"isPartOf\":{\"@id\":\"https:\/\/www.padreeustaquio.com.br\/#website\"},\"primaryImageOfPage\":{\"@id\":\"https:\/\/www.padreeustaquio.com.br\/reitor-e-responsavel-pela-causa-de-canonizacao-de-padre-eustaquio-completa-61-anos\/#primaryimage\"},\"image\":{\"@id\":\"https:\/\/www.padreeustaquio.com.br\/reitor-e-responsavel-pela-causa-de-canonizacao-de-padre-eustaquio-completa-61-anos\/#primaryimage\"},\"thumbnailUrl\":\"https:\/\/www.padreeustaquio.com.br\/wp-content\/uploads\/2022\/10\/IMG_3929-scaled.jpg\",\"datePublished\":\"2022-10-24T09:05:00+00:00\",\"description\":\"Padre Vin\u00edcius Maciel, SSCC, nasceu em Belo Horizonte no dia 24 de outubro de 1961. Atual reitor do Santu\u00e1rio Arquidiocesano da Sa\u00fade e da Paz e respons\u00e1vel pela Causa de Canoniza\u00e7\u00e3o do Beato Padre Eust\u00e1quio, o sacerdote presidir\u00e1 a Santa Missa hoje, \u00e0s 19h, em raz\u00e3o do seu anivers\u00e1rio natal\u00edcio.\",\"breadcrumb\":{\"@id\":\"https:\/\/www.padreeustaquio.com.br\/reitor-e-responsavel-pela-causa-de-canonizacao-de-padre-eustaquio-completa-61-anos\/#breadcrumb\"},\"inLanguage\":\"es\",\"potentialAction\":[{\"@type\":\"ReadAction\",\"target\":[\"https:\/\/www.padreeustaquio.com.br\/reitor-e-responsavel-pela-causa-de-canonizacao-de-padre-eustaquio-completa-61-anos\/\"]}]},{\"@type\":\"ImageObject\",\"inLanguage\":\"es\",\"@id\":\"https:\/\/www.padreeustaquio.com.br\/reitor-e-responsavel-pela-causa-de-canonizacao-de-padre-eustaquio-completa-61-anos\/#primaryimage\",\"url\":\"https:\/\/www.padreeustaquio.com.br\/wp-content\/uploads\/2022\/10\/IMG_3929-scaled.jpg\",\"contentUrl\":\"https:\/\/www.padreeustaquio.com.br\/wp-content\/uploads\/2022\/10\/IMG_3929-scaled.jpg\",\"width\":2560,\"height\":1707},{\"@type\":\"BreadcrumbList\",\"@id\":\"https:\/\/www.padreeustaquio.com.br\/reitor-e-responsavel-pela-causa-de-canonizacao-de-padre-eustaquio-completa-61-anos\/#breadcrumb\",\"itemListElement\":[{\"@type\":\"ListItem\",\"position\":1,\"name\":\"In\u00edcio\",\"item\":\"https:\/\/www.padreeustaquio.com.br\/\"},{\"@type\":\"ListItem\",\"position\":2,\"name\":\"Reitor e respons\u00e1vel pela Causa de Canoniza\u00e7\u00e3o de Padre Eust\u00e1quio completa 61 anos\"}]},{\"@type\":\"WebSite\",\"@id\":\"https:\/\/www.padreeustaquio.com.br\/#website\",\"url\":\"https:\/\/www.padreeustaquio.com.br\/\",\"name\":\"Padre Eust\u00e1quio\",\"description\":\"Sa\u00fade e Paz\",\"publisher\":{\"@id\":\"https:\/\/www.padreeustaquio.com.br\/#organization\"},\"potentialAction\":[{\"@type\":\"SearchAction\",\"target\":{\"@type\":\"EntryPoint\",\"urlTemplate\":\"https:\/\/www.padreeustaquio.com.br\/?s={search_term_string}\"},\"query-input\":{\"@type\":\"PropertyValueSpecification\",\"valueRequired\":true,\"valueName\":\"search_term_string\"}}],\"inLanguage\":\"es\"},{\"@type\":\"Organization\",\"@id\":\"https:\/\/www.padreeustaquio.com.br\/#organization\",\"name\":\"Padre Eust\u00e1quio\",\"url\":\"https:\/\/www.padreeustaquio.com.br\/\",\"logo\":{\"@type\":\"ImageObject\",\"inLanguage\":\"es\",\"@id\":\"https:\/\/www.padreeustaquio.com.br\/#\/schema\/logo\/image\/\",\"url\":\"https:\/\/www.padreeustaquio.com.br\/wp-content\/uploads\/2019\/08\/marca.png\",\"contentUrl\":\"https:\/\/www.padreeustaquio.com.br\/wp-content\/uploads\/2019\/08\/marca.png\",\"width\":350,\"height\":400,\"caption\":\"Padre Eust\u00e1quio\"},\"image\":{\"@id\":\"https:\/\/www.padreeustaquio.com.br\/#\/schema\/logo\/image\/\"},\"sameAs\":[\"https:\/\/www.facebook.com\/beatopadreeustaquio\/\",\"https:\/\/x.com\/beatopeustaquio\",\"https:\/\/www.instagram.com\/beatopadreeustaquio\/\",\"https:\/\/www.youtube.com\/channel\/UCRhw7vfabnajwLxb1ZXMeIw\"]},{\"@type\":\"Person\",\"@id\":\"https:\/\/www.padreeustaquio.com.br\/#\/schema\/person\/a2a51db1d00f1a7af0204a0f1ddb1566\",\"name\":\"@sscc\",\"image\":{\"@type\":\"ImageObject\",\"inLanguage\":\"es\",\"@id\":\"https:\/\/secure.gravatar.com\/avatar\/68cfafa5f44617fea54071e215026e0ff06be366c3d54a8425f04fdcb86f8c5f?s=96&d=mm&r=g\",\"url\":\"https:\/\/secure.gravatar.com\/avatar\/68cfafa5f44617fea54071e215026e0ff06be366c3d54a8425f04fdcb86f8c5f?s=96&d=mm&r=g\",\"contentUrl\":\"https:\/\/secure.gravatar.com\/avatar\/68cfafa5f44617fea54071e215026e0ff06be366c3d54a8425f04fdcb86f8c5f?s=96&d=mm&r=g\",\"caption\":\"@sscc\"},\"url\":\"https:\/\/www.padreeustaquio.com.br\/es\/author\/sscc\/\"}]}<\/script>\n<!-- \/ Yoast SEO plugin. -->","yoast_head_json":{"title":"Rector y jefe de la Causa de Canonizaci\u00f3n del Padre Eustaquio cumple 61 a\u00f1os.","description":"El Padre Vin\u00edcius Maciel, SSCC, naci\u00f3 en Belo Horizonte el 24 de octubre de 1961. Actualmente rector del Santuario Arquidiocesano de Salud y Paz y responsable de la Causa de Canonizaci\u00f3n del Beato Padre Eust\u00e1quio, el sacerdote presidir\u00e1 hoy, a las 19 horas, la Santa Misa en conmemoraci\u00f3n de su cumplea\u00f1os.","robots":{"index":"index","follow":"follow","max-snippet":"max-snippet:-1","max-image-preview":"max-image-preview:large","max-video-preview":"max-video-preview:-1"},"canonical":"https:\/\/www.padreeustaquio.com.br\/es\/rector-y-responsable-de-la-causa-de-canonizacion-del-padre-eustaquio-cumple-61-anos\/","og_locale":"es_ES","og_type":"article","og_title":"Reitor e respons\u00e1vel pela Causa de Canoniza\u00e7\u00e3o de Padre Eust\u00e1quio completa 61 anos","og_description":"Padre Vin\u00edcius Maciel, SSCC, nasceu em Belo Horizonte no dia 24 de outubro de 1961. Atual reitor do Santu\u00e1rio Arquidiocesano da Sa\u00fade e da Paz e respons\u00e1vel pela Causa de Canoniza\u00e7\u00e3o do Beato Padre Eust\u00e1quio, o sacerdote presidir\u00e1 a Santa Missa hoje, \u00e0s 19h, em raz\u00e3o do seu anivers\u00e1rio natal\u00edcio.","og_url":"https:\/\/www.padreeustaquio.com.br\/es\/rector-y-responsable-de-la-causa-de-canonizacion-del-padre-eustaquio-cumple-61-anos\/","og_site_name":"Padre Eust\u00e1quio","article_publisher":"https:\/\/www.facebook.com\/beatopadreeustaquio\/","article_published_time":"2022-10-24T09:05:00+00:00","og_image":[{"width":2560,"height":1707,"url":"https:\/\/www.padreeustaquio.com.br\/wp-content\/uploads\/2022\/10\/IMG_3929-scaled.jpg","type":"image\/jpeg"}],"author":"@sscc","twitter_card":"summary_large_image","twitter_image":"https:\/\/www.padreeustaquio.com.br\/wp-content\/uploads\/2022\/10\/IMG_3929-scaled.jpg","twitter_creator":"@beatopeustaquio","twitter_site":"@beatopeustaquio","twitter_misc":{"Escrito por":"@sscc","Tiempo de lectura":"1 minuto"},"schema":{"@context":"https:\/\/schema.org","@graph":[{"@type":"Article","@id":"https:\/\/www.padreeustaquio.com.br\/reitor-e-responsavel-pela-causa-de-canonizacao-de-padre-eustaquio-completa-61-anos\/#article","isPartOf":{"@id":"https:\/\/www.padreeustaquio.com.br\/reitor-e-responsavel-pela-causa-de-canonizacao-de-padre-eustaquio-completa-61-anos\/"},"author":{"name":"@sscc","@id":"https:\/\/www.padreeustaquio.com.br\/#\/schema\/person\/a2a51db1d00f1a7af0204a0f1ddb1566"},"headline":"Reitor e respons\u00e1vel pela Causa de Canoniza\u00e7\u00e3o de Padre Eust\u00e1quio completa 61 anos","datePublished":"2022-10-24T09:05:00+00:00","mainEntityOfPage":{"@id":"https:\/\/www.padreeustaquio.com.br\/reitor-e-responsavel-pela-causa-de-canonizacao-de-padre-eustaquio-completa-61-anos\/"},"wordCount":236,"commentCount":0,"publisher":{"@id":"https:\/\/www.padreeustaquio.com.br\/#organization"},"image":{"@id":"https:\/\/www.padreeustaquio.com.br\/reitor-e-responsavel-pela-causa-de-canonizacao-de-padre-eustaquio-completa-61-anos\/#primaryimage"},"thumbnailUrl":"https:\/\/www.padreeustaquio.com.br\/wp-content\/uploads\/2022\/10\/IMG_3929-scaled.jpg","articleSection":["Not\u00edcias"],"inLanguage":"es","potentialAction":[{"@type":"CommentAction","name":"Comment","target":["https:\/\/www.padreeustaquio.com.br\/reitor-e-responsavel-pela-causa-de-canonizacao-de-padre-eustaquio-completa-61-anos\/#respond"]}]},{"@type":"WebPage","@id":"https:\/\/www.padreeustaquio.com.br\/reitor-e-responsavel-pela-causa-de-canonizacao-de-padre-eustaquio-completa-61-anos\/","url":"https:\/\/www.padreeustaquio.com.br\/reitor-e-responsavel-pela-causa-de-canonizacao-de-padre-eustaquio-completa-61-anos\/","name":"Rector y jefe de la Causa de Canonizaci\u00f3n del Padre Eustaquio cumple 61 a\u00f1os.","isPartOf":{"@id":"https:\/\/www.padreeustaquio.com.br\/#website"},"primaryImageOfPage":{"@id":"https:\/\/www.padreeustaquio.com.br\/reitor-e-responsavel-pela-causa-de-canonizacao-de-padre-eustaquio-completa-61-anos\/#primaryimage"},"image":{"@id":"https:\/\/www.padreeustaquio.com.br\/reitor-e-responsavel-pela-causa-de-canonizacao-de-padre-eustaquio-completa-61-anos\/#primaryimage"},"thumbnailUrl":"https:\/\/www.padreeustaquio.com.br\/wp-content\/uploads\/2022\/10\/IMG_3929-scaled.jpg","datePublished":"2022-10-24T09:05:00+00:00","description":"El Padre Vin\u00edcius Maciel, SSCC, naci\u00f3 en Belo Horizonte el 24 de octubre de 1961. Actualmente rector del Santuario Arquidiocesano de Salud y Paz y responsable de la Causa de Canonizaci\u00f3n del Beato Padre Eust\u00e1quio, el sacerdote presidir\u00e1 hoy, a las 19 horas, la Santa Misa en conmemoraci\u00f3n de su cumplea\u00f1os.","breadcrumb":{"@id":"https:\/\/www.padreeustaquio.com.br\/reitor-e-responsavel-pela-causa-de-canonizacao-de-padre-eustaquio-completa-61-anos\/#breadcrumb"},"inLanguage":"es","potentialAction":[{"@type":"ReadAction","target":["https:\/\/www.padreeustaquio.com.br\/reitor-e-responsavel-pela-causa-de-canonizacao-de-padre-eustaquio-completa-61-anos\/"]}]},{"@type":"ImageObject","inLanguage":"es","@id":"https:\/\/www.padreeustaquio.com.br\/reitor-e-responsavel-pela-causa-de-canonizacao-de-padre-eustaquio-completa-61-anos\/#primaryimage","url":"https:\/\/www.padreeustaquio.com.br\/wp-content\/uploads\/2022\/10\/IMG_3929-scaled.jpg","contentUrl":"https:\/\/www.padreeustaquio.com.br\/wp-content\/uploads\/2022\/10\/IMG_3929-scaled.jpg","width":2560,"height":1707},{"@type":"BreadcrumbList","@id":"https:\/\/www.padreeustaquio.com.br\/reitor-e-responsavel-pela-causa-de-canonizacao-de-padre-eustaquio-completa-61-anos\/#breadcrumb","itemListElement":[{"@type":"ListItem","position":1,"name":"In\u00edcio","item":"https:\/\/www.padreeustaquio.com.br\/"},{"@type":"ListItem","position":2,"name":"Reitor e respons\u00e1vel pela Causa de Canoniza\u00e7\u00e3o de Padre Eust\u00e1quio completa 61 anos"}]},{"@type":"WebSite","@id":"https:\/\/www.padreeustaquio.com.br\/#website","url":"https:\/\/www.padreeustaquio.com.br\/","name":"Padre Eustace","description":"Salud y Paz","publisher":{"@id":"https:\/\/www.padreeustaquio.com.br\/#organization"},"potentialAction":[{"@type":"SearchAction","target":{"@type":"EntryPoint","urlTemplate":"https:\/\/www.padreeustaquio.com.br\/?s={search_term_string}"},"query-input":{"@type":"PropertyValueSpecification","valueRequired":true,"valueName":"search_term_string"}}],"inLanguage":"es"},{"@type":"Organization","@id":"https:\/\/www.padreeustaquio.com.br\/#organization","name":"Padre Eustace","url":"https:\/\/www.padreeustaquio.com.br\/","logo":{"@type":"ImageObject","inLanguage":"es","@id":"https:\/\/www.padreeustaquio.com.br\/#\/schema\/logo\/image\/","url":"https:\/\/www.padreeustaquio.com.br\/wp-content\/uploads\/2019\/08\/marca.png","contentUrl":"https:\/\/www.padreeustaquio.com.br\/wp-content\/uploads\/2019\/08\/marca.png","width":350,"height":400,"caption":"Padre Eust\u00e1quio"},"image":{"@id":"https:\/\/www.padreeustaquio.com.br\/#\/schema\/logo\/image\/"},"sameAs":["https:\/\/www.facebook.com\/beatopadreeustaquio\/","https:\/\/x.com\/beatopeustaquio","https:\/\/www.instagram.com\/beatopadreeustaquio\/","https:\/\/www.youtube.com\/channel\/UCRhw7vfabnajwLxb1ZXMeIw"]},{"@type":"Person","@id":"https:\/\/www.padreeustaquio.com.br\/#\/schema\/person\/a2a51db1d00f1a7af0204a0f1ddb1566","name":"@sscc","image":{"@type":"ImageObject","inLanguage":"es","@id":"https:\/\/secure.gravatar.com\/avatar\/68cfafa5f44617fea54071e215026e0ff06be366c3d54a8425f04fdcb86f8c5f?s=96&d=mm&r=g","url":"https:\/\/secure.gravatar.com\/avatar\/68cfafa5f44617fea54071e215026e0ff06be366c3d54a8425f04fdcb86f8c5f?s=96&d=mm&r=g","contentUrl":"https:\/\/secure.gravatar.com\/avatar\/68cfafa5f44617fea54071e215026e0ff06be366c3d54a8425f04fdcb86f8c5f?s=96&d=mm&r=g","caption":"@sscc"},"url":"https:\/\/www.padreeustaquio.com.br\/es\/author\/sscc\/"}]}},"_links":{"self":[{"href":"https:\/\/www.padreeustaquio.com.br\/es\/wp-json\/wp\/v2\/posts\/9427","targetHints":{"allow":["GET"]}}],"collection":[{"href":"https:\/\/www.padreeustaquio.com.br\/es\/wp-json\/wp\/v2\/posts"}],"about":[{"href":"https:\/\/www.padreeustaquio.com.br\/es\/wp-json\/wp\/v2\/types\/post"}],"author":[{"embeddable":true,"href":"https:\/\/www.padreeustaquio.com.br\/es\/wp-json\/wp\/v2\/users\/2"}],"replies":[{"embeddable":true,"href":"https:\/\/www.padreeustaquio.com.br\/es\/wp-json\/wp\/v2\/comments?post=9427"}],"version-history":[{"count":0,"href":"https:\/\/www.padreeustaquio.com.br\/es\/wp-json\/wp\/v2\/posts\/9427\/revisions"}],"wp:featuredmedia":[{"embeddable":true,"href":"https:\/\/www.padreeustaquio.com.br\/es\/wp-json\/wp\/v2\/media\/9428"}],"wp:attachment":[{"href":"https:\/\/www.padreeustaquio.com.br\/es\/wp-json\/wp\/v2\/media?parent=9427"}],"wp:term":[{"taxonomy":"category","embeddable":true,"href":"https:\/\/www.padreeustaquio.com.br\/es\/wp-json\/wp\/v2\/categories?post=9427"},{"taxonomy":"post_tag","embeddable":true,"href":"https:\/\/www.padreeustaquio.com.br\/es\/wp-json\/wp\/v2\/tags?post=9427"}],"curies":[{"name":"wp","href":"https:\/\/api.w.org\/{rel}","templated":true}]}}