{"id":9420,"date":"2022-10-21T06:50:00","date_gmt":"2022-10-21T09:50:00","guid":{"rendered":"https:\/\/www.padreeustaquio.com.br\/?p=9420"},"modified":"2022-10-20T16:02:08","modified_gmt":"2022-10-20T19:02:08","slug":"87-jovenes-recibieron-la-confirmacion-de-manos-de-mons-aloisio-vitral-en-el-santuario-de-la-salud-y-la-paz","status":"publish","type":"post","link":"https:\/\/www.padreeustaquio.com.br\/es\/87-jovenes-recibieron-la-confirmacion-de-manos-de-mons-aloisio-vitral-en-el-santuario-de-la-salud-y-la-paz\/","title":{"rendered":"87 j\u00f3venes recibir\u00e1n la Confirmaci\u00f3n de manos de Mons. Alo\u00edsio Vitral en el Santuario de la Salud y la Paz."},"content":{"rendered":"<p>El pr\u00f3ximo domingo 23 de octubre, 87 adolescentes y j\u00f3venes del Santuario Arquidiocesano de Salud y Paz, la Iglesia del Beato Padre Eust\u00e1quio, recibir\u00e1n el sacramento de la Confirmaci\u00f3n. La ceremonia ser\u00e1 presidida por Dom Alo\u00edsio Jorge Pena Vitral, obispo em\u00e9rito de Sete Lagoas, MG.<\/p>\n\n\n\n<p>La Santa Misa se realizar\u00e1 a las 16 horas y ser\u00e1 transmitida en vivo por el Canal del Padre Eust\u00e1quio en YouTube. <strong>Por este motivo, excepcionalmente no se celebrar\u00e1 este domingo la misa de las 17.00 horas.<\/strong>. La misa de las 7:00 p. m. se llevar\u00e1 a cabo seg\u00fan lo programado.<\/p>\n\n\n\n<p>Los adolescentes y j\u00f3venes recibir\u00e1n el sacramento tras un largo per\u00edodo de formaci\u00f3n, que incluy\u00f3 numerosas reuniones presenciales y virtuales debido a la pandemia. Padres, padrinos, abuelos y dem\u00e1s familiares y amigos est\u00e1n invitados a seguir la celebraci\u00f3n tanto en la iglesia como desde casa a trav\u00e9s de YouTube.<\/p>\n\n\n\n<p><\/p>","protected":false},"excerpt":{"rendered":"<p>No pr\u00f3ximo domingo, dia 23 de outubro, 87 adolescentes e jovens do Santu\u00e1rio Arquidiocesano da Sa\u00fade e da Paz, a Igreja do Beato Padre Eust\u00e1quio, ir\u00e3o receber o Sacramento da Crisma. A cerim\u00f4nia ser\u00e1 presidida por Dom Alo\u00edsio Jorge Pena Vitral, bispo em\u00e9rito de Sete Lagoas-MG. A Santa Missa ser\u00e1 realizada \u00e0s 16h e ser\u00e1 transmitida ao vivo pelo Canal Padre Eust\u00e1quio no YouTube. Por este motivo, a missa das 17h, excepcionalmente, n\u00e3o ser\u00e1 celebrada neste domingo. J\u00e1 a missa das 19h acontecer\u00e1 normalmente. Os adolescentes e jovens receber\u00e3o o sacramento depois de um longo per\u00edodo de forma\u00e7\u00e3o, que incluiu [&hellip;]<\/p>\n","protected":false},"author":2,"featured_media":9421,"comment_status":"open","ping_status":"closed","sticky":false,"template":"","format":"standard","meta":{"_acf_changed":false,"footnotes":""},"categories":[611],"tags":[],"class_list":["post-9420","post","type-post","status-publish","format-standard","has-post-thumbnail","hentry","category-noticias"],"acf":[],"yoast_head":"<!-- This site is optimized with the Yoast SEO plugin v27.2 - https:\/\/yoast.com\/product\/yoast-seo-wordpress\/ -->\n<title>87 jovens receber\u00e3o a Crisma por Dom Alo\u00edsio Vitral no Santu\u00e1rio da Sa\u00fade e da Paz<\/title>\n<meta name=\"description\" content=\"No pr\u00f3ximo domingo, dia 23 de outubro, 87 adolescentes e jovens do Santu\u00e1rio Arquidiocesano da Sa\u00fade e da Paz, a Igreja do Beato Padre Eust\u00e1quio, ir\u00e3o receber o Sacramento da Crisma. A cerim\u00f4nia ser\u00e1 presidida por Dom Alo\u00edsio Jorge Pena Vitral, bispo em\u00e9rito de Sete Lagoas-MG.\" \/>\n<meta name=\"robots\" content=\"index, follow, max-snippet:-1, max-image-preview:large, max-video-preview:-1\" \/>\n<link rel=\"canonical\" href=\"https:\/\/www.padreeustaquio.com.br\/es\/87-jovenes-recibieron-la-confirmacion-de-manos-de-mons-aloisio-vitral-en-el-santuario-de-la-salud-y-la-paz\/\" \/>\n<meta property=\"og:locale\" content=\"es_ES\" \/>\n<meta property=\"og:type\" content=\"article\" \/>\n<meta property=\"og:title\" content=\"87 jovens receber\u00e3o a Crisma por Dom Alo\u00edsio Vitral no Santu\u00e1rio da Sa\u00fade e da Paz\" \/>\n<meta property=\"og:description\" content=\"No pr\u00f3ximo domingo, dia 23 de outubro, 87 adolescentes e jovens do Santu\u00e1rio Arquidiocesano da Sa\u00fade e da Paz, a Igreja do Beato Padre Eust\u00e1quio, ir\u00e3o receber o Sacramento da Crisma. A cerim\u00f4nia ser\u00e1 presidida por Dom Alo\u00edsio Jorge Pena Vitral, bispo em\u00e9rito de Sete Lagoas-MG.\" \/>\n<meta property=\"og:url\" content=\"https:\/\/www.padreeustaquio.com.br\/es\/87-jovenes-recibieron-la-confirmacion-de-manos-de-mons-aloisio-vitral-en-el-santuario-de-la-salud-y-la-paz\/\" \/>\n<meta property=\"og:site_name\" content=\"Padre Eust\u00e1quio\" \/>\n<meta property=\"article:publisher\" content=\"https:\/\/www.facebook.com\/beatopadreeustaquio\/\" \/>\n<meta property=\"article:published_time\" content=\"2022-10-21T09:50:00+00:00\" \/>\n<meta property=\"og:image\" content=\"https:\/\/www.padreeustaquio.com.br\/wp-content\/uploads\/2022\/10\/dom-aloisio.jpg\" \/>\n\t<meta property=\"og:image:width\" content=\"960\" \/>\n\t<meta property=\"og:image:height\" content=\"509\" \/>\n\t<meta property=\"og:image:type\" content=\"image\/jpeg\" \/>\n<meta name=\"author\" content=\"@sscc\" \/>\n<meta name=\"twitter:card\" content=\"summary_large_image\" \/>\n<meta name=\"twitter:image\" content=\"https:\/\/www.padreeustaquio.com.br\/wp-content\/uploads\/2022\/10\/dom-aloisio.jpg\" \/>\n<meta name=\"twitter:creator\" content=\"@beatopeustaquio\" \/>\n<meta name=\"twitter:site\" content=\"@beatopeustaquio\" \/>\n<meta name=\"twitter:label1\" content=\"Escrito por\" \/>\n\t<meta name=\"twitter:data1\" content=\"@sscc\" \/>\n\t<meta name=\"twitter:label2\" content=\"Tiempo de lectura\" \/>\n\t<meta name=\"twitter:data2\" content=\"1 minuto\" \/>\n<script type=\"application\/ld+json\" class=\"yoast-schema-graph\">{\"@context\":\"https:\/\/schema.org\",\"@graph\":[{\"@type\":\"Article\",\"@id\":\"https:\/\/www.padreeustaquio.com.br\/87-jovens-receberao-a-crisma-por-dom-aloisio-vitral-no-santuario-da-saude-e-da-paz\/#article\",\"isPartOf\":{\"@id\":\"https:\/\/www.padreeustaquio.com.br\/87-jovens-receberao-a-crisma-por-dom-aloisio-vitral-no-santuario-da-saude-e-da-paz\/\"},\"author\":{\"name\":\"@sscc\",\"@id\":\"https:\/\/www.padreeustaquio.com.br\/#\/schema\/person\/a2a51db1d00f1a7af0204a0f1ddb1566\"},\"headline\":\"87 jovens receber\u00e3o a Crisma por Dom Alo\u00edsio Vitral no Santu\u00e1rio da Sa\u00fade e da Paz\",\"datePublished\":\"2022-10-21T09:50:00+00:00\",\"mainEntityOfPage\":{\"@id\":\"https:\/\/www.padreeustaquio.com.br\/87-jovens-receberao-a-crisma-por-dom-aloisio-vitral-no-santuario-da-saude-e-da-paz\/\"},\"wordCount\":168,\"commentCount\":0,\"publisher\":{\"@id\":\"https:\/\/www.padreeustaquio.com.br\/#organization\"},\"image\":{\"@id\":\"https:\/\/www.padreeustaquio.com.br\/87-jovens-receberao-a-crisma-por-dom-aloisio-vitral-no-santuario-da-saude-e-da-paz\/#primaryimage\"},\"thumbnailUrl\":\"https:\/\/www.padreeustaquio.com.br\/wp-content\/uploads\/2022\/10\/dom-aloisio.jpg\",\"articleSection\":[\"Not\u00edcias\"],\"inLanguage\":\"es\",\"potentialAction\":[{\"@type\":\"CommentAction\",\"name\":\"Comment\",\"target\":[\"https:\/\/www.padreeustaquio.com.br\/87-jovens-receberao-a-crisma-por-dom-aloisio-vitral-no-santuario-da-saude-e-da-paz\/#respond\"]}]},{\"@type\":\"WebPage\",\"@id\":\"https:\/\/www.padreeustaquio.com.br\/87-jovens-receberao-a-crisma-por-dom-aloisio-vitral-no-santuario-da-saude-e-da-paz\/\",\"url\":\"https:\/\/www.padreeustaquio.com.br\/87-jovens-receberao-a-crisma-por-dom-aloisio-vitral-no-santuario-da-saude-e-da-paz\/\",\"name\":\"87 jovens receber\u00e3o a Crisma por Dom Alo\u00edsio Vitral no Santu\u00e1rio da Sa\u00fade e da Paz\",\"isPartOf\":{\"@id\":\"https:\/\/www.padreeustaquio.com.br\/#website\"},\"primaryImageOfPage\":{\"@id\":\"https:\/\/www.padreeustaquio.com.br\/87-jovens-receberao-a-crisma-por-dom-aloisio-vitral-no-santuario-da-saude-e-da-paz\/#primaryimage\"},\"image\":{\"@id\":\"https:\/\/www.padreeustaquio.com.br\/87-jovens-receberao-a-crisma-por-dom-aloisio-vitral-no-santuario-da-saude-e-da-paz\/#primaryimage\"},\"thumbnailUrl\":\"https:\/\/www.padreeustaquio.com.br\/wp-content\/uploads\/2022\/10\/dom-aloisio.jpg\",\"datePublished\":\"2022-10-21T09:50:00+00:00\",\"description\":\"No pr\u00f3ximo domingo, dia 23 de outubro, 87 adolescentes e jovens do Santu\u00e1rio Arquidiocesano da Sa\u00fade e da Paz, a Igreja do Beato Padre Eust\u00e1quio, ir\u00e3o receber o Sacramento da Crisma. A cerim\u00f4nia ser\u00e1 presidida por Dom Alo\u00edsio Jorge Pena Vitral, bispo em\u00e9rito de Sete Lagoas-MG.\",\"breadcrumb\":{\"@id\":\"https:\/\/www.padreeustaquio.com.br\/87-jovens-receberao-a-crisma-por-dom-aloisio-vitral-no-santuario-da-saude-e-da-paz\/#breadcrumb\"},\"inLanguage\":\"es\",\"potentialAction\":[{\"@type\":\"ReadAction\",\"target\":[\"https:\/\/www.padreeustaquio.com.br\/87-jovens-receberao-a-crisma-por-dom-aloisio-vitral-no-santuario-da-saude-e-da-paz\/\"]}]},{\"@type\":\"ImageObject\",\"inLanguage\":\"es\",\"@id\":\"https:\/\/www.padreeustaquio.com.br\/87-jovens-receberao-a-crisma-por-dom-aloisio-vitral-no-santuario-da-saude-e-da-paz\/#primaryimage\",\"url\":\"https:\/\/www.padreeustaquio.com.br\/wp-content\/uploads\/2022\/10\/dom-aloisio.jpg\",\"contentUrl\":\"https:\/\/www.padreeustaquio.com.br\/wp-content\/uploads\/2022\/10\/dom-aloisio.jpg\",\"width\":960,\"height\":509},{\"@type\":\"BreadcrumbList\",\"@id\":\"https:\/\/www.padreeustaquio.com.br\/87-jovens-receberao-a-crisma-por-dom-aloisio-vitral-no-santuario-da-saude-e-da-paz\/#breadcrumb\",\"itemListElement\":[{\"@type\":\"ListItem\",\"position\":1,\"name\":\"In\u00edcio\",\"item\":\"https:\/\/www.padreeustaquio.com.br\/\"},{\"@type\":\"ListItem\",\"position\":2,\"name\":\"87 jovens receber\u00e3o a Crisma por Dom Alo\u00edsio Vitral no Santu\u00e1rio da Sa\u00fade e da Paz\"}]},{\"@type\":\"WebSite\",\"@id\":\"https:\/\/www.padreeustaquio.com.br\/#website\",\"url\":\"https:\/\/www.padreeustaquio.com.br\/\",\"name\":\"Padre Eust\u00e1quio\",\"description\":\"Sa\u00fade e Paz\",\"publisher\":{\"@id\":\"https:\/\/www.padreeustaquio.com.br\/#organization\"},\"potentialAction\":[{\"@type\":\"SearchAction\",\"target\":{\"@type\":\"EntryPoint\",\"urlTemplate\":\"https:\/\/www.padreeustaquio.com.br\/?s={search_term_string}\"},\"query-input\":{\"@type\":\"PropertyValueSpecification\",\"valueRequired\":true,\"valueName\":\"search_term_string\"}}],\"inLanguage\":\"es\"},{\"@type\":\"Organization\",\"@id\":\"https:\/\/www.padreeustaquio.com.br\/#organization\",\"name\":\"Padre Eust\u00e1quio\",\"url\":\"https:\/\/www.padreeustaquio.com.br\/\",\"logo\":{\"@type\":\"ImageObject\",\"inLanguage\":\"es\",\"@id\":\"https:\/\/www.padreeustaquio.com.br\/#\/schema\/logo\/image\/\",\"url\":\"https:\/\/www.padreeustaquio.com.br\/wp-content\/uploads\/2019\/08\/marca.png\",\"contentUrl\":\"https:\/\/www.padreeustaquio.com.br\/wp-content\/uploads\/2019\/08\/marca.png\",\"width\":350,\"height\":400,\"caption\":\"Padre Eust\u00e1quio\"},\"image\":{\"@id\":\"https:\/\/www.padreeustaquio.com.br\/#\/schema\/logo\/image\/\"},\"sameAs\":[\"https:\/\/www.facebook.com\/beatopadreeustaquio\/\",\"https:\/\/x.com\/beatopeustaquio\",\"https:\/\/www.instagram.com\/beatopadreeustaquio\/\",\"https:\/\/www.youtube.com\/channel\/UCRhw7vfabnajwLxb1ZXMeIw\"]},{\"@type\":\"Person\",\"@id\":\"https:\/\/www.padreeustaquio.com.br\/#\/schema\/person\/a2a51db1d00f1a7af0204a0f1ddb1566\",\"name\":\"@sscc\",\"image\":{\"@type\":\"ImageObject\",\"inLanguage\":\"es\",\"@id\":\"https:\/\/secure.gravatar.com\/avatar\/68cfafa5f44617fea54071e215026e0ff06be366c3d54a8425f04fdcb86f8c5f?s=96&d=mm&r=g\",\"url\":\"https:\/\/secure.gravatar.com\/avatar\/68cfafa5f44617fea54071e215026e0ff06be366c3d54a8425f04fdcb86f8c5f?s=96&d=mm&r=g\",\"contentUrl\":\"https:\/\/secure.gravatar.com\/avatar\/68cfafa5f44617fea54071e215026e0ff06be366c3d54a8425f04fdcb86f8c5f?s=96&d=mm&r=g\",\"caption\":\"@sscc\"},\"url\":\"https:\/\/www.padreeustaquio.com.br\/es\/author\/sscc\/\"}]}<\/script>\n<!-- \/ Yoast SEO plugin. -->","yoast_head_json":{"title":"87 j\u00f3venes recibir\u00e1n la Confirmaci\u00f3n de manos de Mons. Alo\u00edsio Vitral en el Santuario de la Salud y la Paz.","description":"El pr\u00f3ximo domingo 23 de octubre, 87 adolescentes y j\u00f3venes del Santuario Arquidiocesano de Salud y Paz, la Iglesia del Beato Padre Eust\u00e1quio, recibir\u00e1n el sacramento de la Confirmaci\u00f3n. La ceremonia ser\u00e1 presidida por Dom Alo\u00edsio Jorge Pena Vitral, obispo em\u00e9rito de Sete Lagoas, MG.","robots":{"index":"index","follow":"follow","max-snippet":"max-snippet:-1","max-image-preview":"max-image-preview:large","max-video-preview":"max-video-preview:-1"},"canonical":"https:\/\/www.padreeustaquio.com.br\/es\/87-jovenes-recibieron-la-confirmacion-de-manos-de-mons-aloisio-vitral-en-el-santuario-de-la-salud-y-la-paz\/","og_locale":"es_ES","og_type":"article","og_title":"87 jovens receber\u00e3o a Crisma por Dom Alo\u00edsio Vitral no Santu\u00e1rio da Sa\u00fade e da Paz","og_description":"No pr\u00f3ximo domingo, dia 23 de outubro, 87 adolescentes e jovens do Santu\u00e1rio Arquidiocesano da Sa\u00fade e da Paz, a Igreja do Beato Padre Eust\u00e1quio, ir\u00e3o receber o Sacramento da Crisma. A cerim\u00f4nia ser\u00e1 presidida por Dom Alo\u00edsio Jorge Pena Vitral, bispo em\u00e9rito de Sete Lagoas-MG.","og_url":"https:\/\/www.padreeustaquio.com.br\/es\/87-jovenes-recibieron-la-confirmacion-de-manos-de-mons-aloisio-vitral-en-el-santuario-de-la-salud-y-la-paz\/","og_site_name":"Padre Eust\u00e1quio","article_publisher":"https:\/\/www.facebook.com\/beatopadreeustaquio\/","article_published_time":"2022-10-21T09:50:00+00:00","og_image":[{"width":960,"height":509,"url":"https:\/\/www.padreeustaquio.com.br\/wp-content\/uploads\/2022\/10\/dom-aloisio.jpg","type":"image\/jpeg"}],"author":"@sscc","twitter_card":"summary_large_image","twitter_image":"https:\/\/www.padreeustaquio.com.br\/wp-content\/uploads\/2022\/10\/dom-aloisio.jpg","twitter_creator":"@beatopeustaquio","twitter_site":"@beatopeustaquio","twitter_misc":{"Escrito por":"@sscc","Tiempo de lectura":"1 minuto"},"schema":{"@context":"https:\/\/schema.org","@graph":[{"@type":"Article","@id":"https:\/\/www.padreeustaquio.com.br\/87-jovens-receberao-a-crisma-por-dom-aloisio-vitral-no-santuario-da-saude-e-da-paz\/#article","isPartOf":{"@id":"https:\/\/www.padreeustaquio.com.br\/87-jovens-receberao-a-crisma-por-dom-aloisio-vitral-no-santuario-da-saude-e-da-paz\/"},"author":{"name":"@sscc","@id":"https:\/\/www.padreeustaquio.com.br\/#\/schema\/person\/a2a51db1d00f1a7af0204a0f1ddb1566"},"headline":"87 jovens receber\u00e3o a Crisma por Dom Alo\u00edsio Vitral no Santu\u00e1rio da Sa\u00fade e da Paz","datePublished":"2022-10-21T09:50:00+00:00","mainEntityOfPage":{"@id":"https:\/\/www.padreeustaquio.com.br\/87-jovens-receberao-a-crisma-por-dom-aloisio-vitral-no-santuario-da-saude-e-da-paz\/"},"wordCount":168,"commentCount":0,"publisher":{"@id":"https:\/\/www.padreeustaquio.com.br\/#organization"},"image":{"@id":"https:\/\/www.padreeustaquio.com.br\/87-jovens-receberao-a-crisma-por-dom-aloisio-vitral-no-santuario-da-saude-e-da-paz\/#primaryimage"},"thumbnailUrl":"https:\/\/www.padreeustaquio.com.br\/wp-content\/uploads\/2022\/10\/dom-aloisio.jpg","articleSection":["Not\u00edcias"],"inLanguage":"es","potentialAction":[{"@type":"CommentAction","name":"Comment","target":["https:\/\/www.padreeustaquio.com.br\/87-jovens-receberao-a-crisma-por-dom-aloisio-vitral-no-santuario-da-saude-e-da-paz\/#respond"]}]},{"@type":"WebPage","@id":"https:\/\/www.padreeustaquio.com.br\/87-jovens-receberao-a-crisma-por-dom-aloisio-vitral-no-santuario-da-saude-e-da-paz\/","url":"https:\/\/www.padreeustaquio.com.br\/87-jovens-receberao-a-crisma-por-dom-aloisio-vitral-no-santuario-da-saude-e-da-paz\/","name":"87 j\u00f3venes recibir\u00e1n la Confirmaci\u00f3n de manos de Mons. Alo\u00edsio Vitral en el Santuario de la Salud y la Paz.","isPartOf":{"@id":"https:\/\/www.padreeustaquio.com.br\/#website"},"primaryImageOfPage":{"@id":"https:\/\/www.padreeustaquio.com.br\/87-jovens-receberao-a-crisma-por-dom-aloisio-vitral-no-santuario-da-saude-e-da-paz\/#primaryimage"},"image":{"@id":"https:\/\/www.padreeustaquio.com.br\/87-jovens-receberao-a-crisma-por-dom-aloisio-vitral-no-santuario-da-saude-e-da-paz\/#primaryimage"},"thumbnailUrl":"https:\/\/www.padreeustaquio.com.br\/wp-content\/uploads\/2022\/10\/dom-aloisio.jpg","datePublished":"2022-10-21T09:50:00+00:00","description":"El pr\u00f3ximo domingo 23 de octubre, 87 adolescentes y j\u00f3venes del Santuario Arquidiocesano de Salud y Paz, la Iglesia del Beato Padre Eust\u00e1quio, recibir\u00e1n el sacramento de la Confirmaci\u00f3n. La ceremonia ser\u00e1 presidida por Dom Alo\u00edsio Jorge Pena Vitral, obispo em\u00e9rito de Sete Lagoas, MG.","breadcrumb":{"@id":"https:\/\/www.padreeustaquio.com.br\/87-jovens-receberao-a-crisma-por-dom-aloisio-vitral-no-santuario-da-saude-e-da-paz\/#breadcrumb"},"inLanguage":"es","potentialAction":[{"@type":"ReadAction","target":["https:\/\/www.padreeustaquio.com.br\/87-jovens-receberao-a-crisma-por-dom-aloisio-vitral-no-santuario-da-saude-e-da-paz\/"]}]},{"@type":"ImageObject","inLanguage":"es","@id":"https:\/\/www.padreeustaquio.com.br\/87-jovens-receberao-a-crisma-por-dom-aloisio-vitral-no-santuario-da-saude-e-da-paz\/#primaryimage","url":"https:\/\/www.padreeustaquio.com.br\/wp-content\/uploads\/2022\/10\/dom-aloisio.jpg","contentUrl":"https:\/\/www.padreeustaquio.com.br\/wp-content\/uploads\/2022\/10\/dom-aloisio.jpg","width":960,"height":509},{"@type":"BreadcrumbList","@id":"https:\/\/www.padreeustaquio.com.br\/87-jovens-receberao-a-crisma-por-dom-aloisio-vitral-no-santuario-da-saude-e-da-paz\/#breadcrumb","itemListElement":[{"@type":"ListItem","position":1,"name":"In\u00edcio","item":"https:\/\/www.padreeustaquio.com.br\/"},{"@type":"ListItem","position":2,"name":"87 jovens receber\u00e3o a Crisma por Dom Alo\u00edsio Vitral no Santu\u00e1rio da Sa\u00fade e da Paz"}]},{"@type":"WebSite","@id":"https:\/\/www.padreeustaquio.com.br\/#website","url":"https:\/\/www.padreeustaquio.com.br\/","name":"Padre Eustace","description":"Salud y Paz","publisher":{"@id":"https:\/\/www.padreeustaquio.com.br\/#organization"},"potentialAction":[{"@type":"SearchAction","target":{"@type":"EntryPoint","urlTemplate":"https:\/\/www.padreeustaquio.com.br\/?s={search_term_string}"},"query-input":{"@type":"PropertyValueSpecification","valueRequired":true,"valueName":"search_term_string"}}],"inLanguage":"es"},{"@type":"Organization","@id":"https:\/\/www.padreeustaquio.com.br\/#organization","name":"Padre Eustace","url":"https:\/\/www.padreeustaquio.com.br\/","logo":{"@type":"ImageObject","inLanguage":"es","@id":"https:\/\/www.padreeustaquio.com.br\/#\/schema\/logo\/image\/","url":"https:\/\/www.padreeustaquio.com.br\/wp-content\/uploads\/2019\/08\/marca.png","contentUrl":"https:\/\/www.padreeustaquio.com.br\/wp-content\/uploads\/2019\/08\/marca.png","width":350,"height":400,"caption":"Padre Eust\u00e1quio"},"image":{"@id":"https:\/\/www.padreeustaquio.com.br\/#\/schema\/logo\/image\/"},"sameAs":["https:\/\/www.facebook.com\/beatopadreeustaquio\/","https:\/\/x.com\/beatopeustaquio","https:\/\/www.instagram.com\/beatopadreeustaquio\/","https:\/\/www.youtube.com\/channel\/UCRhw7vfabnajwLxb1ZXMeIw"]},{"@type":"Person","@id":"https:\/\/www.padreeustaquio.com.br\/#\/schema\/person\/a2a51db1d00f1a7af0204a0f1ddb1566","name":"@sscc","image":{"@type":"ImageObject","inLanguage":"es","@id":"https:\/\/secure.gravatar.com\/avatar\/68cfafa5f44617fea54071e215026e0ff06be366c3d54a8425f04fdcb86f8c5f?s=96&d=mm&r=g","url":"https:\/\/secure.gravatar.com\/avatar\/68cfafa5f44617fea54071e215026e0ff06be366c3d54a8425f04fdcb86f8c5f?s=96&d=mm&r=g","contentUrl":"https:\/\/secure.gravatar.com\/avatar\/68cfafa5f44617fea54071e215026e0ff06be366c3d54a8425f04fdcb86f8c5f?s=96&d=mm&r=g","caption":"@sscc"},"url":"https:\/\/www.padreeustaquio.com.br\/es\/author\/sscc\/"}]}},"_links":{"self":[{"href":"https:\/\/www.padreeustaquio.com.br\/es\/wp-json\/wp\/v2\/posts\/9420","targetHints":{"allow":["GET"]}}],"collection":[{"href":"https:\/\/www.padreeustaquio.com.br\/es\/wp-json\/wp\/v2\/posts"}],"about":[{"href":"https:\/\/www.padreeustaquio.com.br\/es\/wp-json\/wp\/v2\/types\/post"}],"author":[{"embeddable":true,"href":"https:\/\/www.padreeustaquio.com.br\/es\/wp-json\/wp\/v2\/users\/2"}],"replies":[{"embeddable":true,"href":"https:\/\/www.padreeustaquio.com.br\/es\/wp-json\/wp\/v2\/comments?post=9420"}],"version-history":[{"count":0,"href":"https:\/\/www.padreeustaquio.com.br\/es\/wp-json\/wp\/v2\/posts\/9420\/revisions"}],"wp:featuredmedia":[{"embeddable":true,"href":"https:\/\/www.padreeustaquio.com.br\/es\/wp-json\/wp\/v2\/media\/9421"}],"wp:attachment":[{"href":"https:\/\/www.padreeustaquio.com.br\/es\/wp-json\/wp\/v2\/media?parent=9420"}],"wp:term":[{"taxonomy":"category","embeddable":true,"href":"https:\/\/www.padreeustaquio.com.br\/es\/wp-json\/wp\/v2\/categories?post=9420"},{"taxonomy":"post_tag","embeddable":true,"href":"https:\/\/www.padreeustaquio.com.br\/es\/wp-json\/wp\/v2\/tags?post=9420"}],"curies":[{"name":"wp","href":"https:\/\/api.w.org\/{rel}","templated":true}]}}