{"id":9412,"date":"2022-10-20T06:42:00","date_gmt":"2022-10-20T09:42:00","guid":{"rendered":"https:\/\/www.padreeustaquio.com.br\/?p=9412"},"modified":"2022-10-20T07:43:34","modified_gmt":"2022-10-20T10:43:34","slug":"el-santuario-de-la-salud-y-la-paz-participa-de-la-apertura-de-la-fiesta-de-san-judas-tadeo-en-belo-horizonte","status":"publish","type":"post","link":"https:\/\/www.padreeustaquio.com.br\/es\/el-santuario-de-la-salud-y-la-paz-participa-de-la-apertura-de-la-fiesta-de-san-judas-tadeo-en-belo-horizonte\/","title":{"rendered":"El Santuario de la Salud y la Paz participa de la apertura de la Fiesta de San Judas Tadeo en Belo Horizonte."},"content":{"rendered":"<p>Una caravana de voluntarios de la Iglesia del Beato Padre Eustaquio, encabezada por el rector del Santuario, P. Vin\u00edcius Maciel, SSCC, particip\u00f3 la noche del mi\u00e9rcoles 19 en el primer d\u00eda de la Novena a San Judas Tadeo. La Santa Misa marc\u00f3 el inicio de la festividad del santo en Belo Horizonte.<\/p>\n\n\n<div class=\"wp-block-image\">\n<figure class=\"alignleft size-medium\"><img fetchpriority=\"high\" decoding=\"async\" width=\"226\" height=\"300\" src=\"https:\/\/www.padreeustaquio.com.br\/wp-content\/uploads\/2022\/10\/sao-judas-2-226x300.jpeg\" alt=\"\" class=\"wp-image-9417\" srcset=\"https:\/\/www.padreeustaquio.com.br\/wp-content\/uploads\/2022\/10\/sao-judas-2-226x300.jpeg 226w, https:\/\/www.padreeustaquio.com.br\/wp-content\/uploads\/2022\/10\/sao-judas-2-771x1024.jpeg 771w, https:\/\/www.padreeustaquio.com.br\/wp-content\/uploads\/2022\/10\/sao-judas-2-768x1021.jpeg 768w, https:\/\/www.padreeustaquio.com.br\/wp-content\/uploads\/2022\/10\/sao-judas-2-1156x1536.jpeg 1156w, https:\/\/www.padreeustaquio.com.br\/wp-content\/uploads\/2022\/10\/sao-judas-2.jpeg 1204w\" sizes=\"(max-width: 226px) 100vw, 226px\" \/><\/figure>\n<\/div>\n\n\n<p>A las 19 horas, el Padre Vin\u00edcius presidi\u00f3 la Santa Misa en el Santuario Arquidiocesano de San Judas Tadeo. <a href=\"https:\/\/www.youtube.com\/watch?v=nPdd69OvReo\" target=\"_blank\" rel=\"noreferrer noopener\">(ver aqu\u00ed)<\/a>. El sacerdote de los Sagrados Corazones estuvo acompa\u00f1ado por ministros de la Sagrada Comuni\u00f3n y lectores que participan en los equipos de liturgia de la Iglesia del Padre Eust\u00e1quio. En su homil\u00eda, el Padre Vin\u00edcius enfatiz\u00f3 la importancia de los ejemplos que nos dej\u00f3 la Santa Iglesia y que debemos emularlos para vivir nuestra fe en Cristo.<\/p>\n\n\n\n<p>Esta es la 68.\u00aa Novena y Festividad de San Judas Tadeo, que se celebra en la capital de Minas Gerais. Este a\u00f1o, las festividades se extender\u00e1n durante diez d\u00edas, del 18 al 28 de octubre.<\/p>\n\n\n\n<p>Con el tema &quot;San Judas Tadeo, el Padre Nuestro y la Hermandad Universal&quot;, se invita a devotos y fieles a celebrar la fe y la devoci\u00f3n. El programa incluye misas, procesiones y una actuaci\u00f3n musical en honor a San Judas.<\/p>\n\n\n\n<p>El 28 de octubre, las celebraciones eucar\u00edsticas comenzar\u00e1n a la medianoche, con un intervalo de dos horas entre misas, siendo la \u00faltima a las 22:00 h. El \u00e1rea de velas votivas del santuario estar\u00e1 abierta desde las 5:30 h.<\/p>\n\n\n\n<p><\/p>","protected":false},"excerpt":{"rendered":"<p>Uma caravana de volunt\u00e1rios da Igreja do Beato Padre Eust\u00e1quio, liderada pelo Reitor do Santu\u00e1rio, Pe. Vin\u00edcius Maciel, SSCC, participou na noite dessa quarta-feira (19) do primeiro dia da Novena a S\u00e3o Judas. A Santa Missa, marca a abertura da Festa do santo em Belo Horizonte. \u00c0s 19h, padre Vin\u00edcius presidiu a Santa Missa no Santu\u00e1rio Arquidiocesano S\u00e3o Judas Tadeu (assista aqui). O sacerdote dos Sagrados Cora\u00e7\u00f5es estava acompanhando de ministros da Sagrada Comunh\u00e3o e de leitores que participam das equipes de liturgia da Igreja do Padre Eust\u00e1quio. Em sua homilia, Padre Vin\u00edcius ressaltou a import\u00e2ncia de exemplos deixados para [&hellip;]<\/p>\n","protected":false},"author":2,"featured_media":9414,"comment_status":"open","ping_status":"closed","sticky":false,"template":"","format":"standard","meta":{"_acf_changed":false,"footnotes":""},"categories":[611],"tags":[],"class_list":["post-9412","post","type-post","status-publish","format-standard","has-post-thumbnail","hentry","category-noticias"],"acf":[],"yoast_head":"<!-- This site is optimized with the Yoast SEO plugin v27.2 - https:\/\/yoast.com\/product\/yoast-seo-wordpress\/ -->\n<title>Santu\u00e1rio da Sa\u00fade e da Paz participa da abertura da Festa de S\u00e3o Judas em BH<\/title>\n<meta name=\"description\" content=\"Uma caravana de volunt\u00e1rios da Igreja do Beato Padre Eust\u00e1quio, liderada pelo Reitor do Santu\u00e1rio, Pe. Vin\u00edcius Maciel, SSCC, participou na noite dessa quarta-feira (19) do primeiro dia da Novena a S\u00e3o Judas. A Santa Missa, marca a abertura da Festa do santo em Belo Horizonte.\" \/>\n<meta name=\"robots\" content=\"index, follow, max-snippet:-1, max-image-preview:large, max-video-preview:-1\" \/>\n<link rel=\"canonical\" href=\"https:\/\/www.padreeustaquio.com.br\/es\/el-santuario-de-la-salud-y-la-paz-participa-de-la-apertura-de-la-fiesta-de-san-judas-tadeo-en-belo-horizonte\/\" \/>\n<meta property=\"og:locale\" content=\"es_ES\" \/>\n<meta property=\"og:type\" content=\"article\" \/>\n<meta property=\"og:title\" content=\"Santu\u00e1rio da Sa\u00fade e da Paz participa da abertura da Festa de S\u00e3o Judas em BH\" \/>\n<meta property=\"og:description\" content=\"Uma caravana de volunt\u00e1rios da Igreja do Beato Padre Eust\u00e1quio, liderada pelo Reitor do Santu\u00e1rio, Pe. Vin\u00edcius Maciel, SSCC, participou na noite dessa quarta-feira (19) do primeiro dia da Novena a S\u00e3o Judas. A Santa Missa, marca a abertura da Festa do santo em Belo Horizonte.\" \/>\n<meta property=\"og:url\" content=\"https:\/\/www.padreeustaquio.com.br\/es\/el-santuario-de-la-salud-y-la-paz-participa-de-la-apertura-de-la-fiesta-de-san-judas-tadeo-en-belo-horizonte\/\" \/>\n<meta property=\"og:site_name\" content=\"Padre Eust\u00e1quio\" \/>\n<meta property=\"article:publisher\" content=\"https:\/\/www.facebook.com\/beatopadreeustaquio\/\" \/>\n<meta property=\"article:published_time\" content=\"2022-10-20T09:42:00+00:00\" \/>\n<meta property=\"article:modified_time\" content=\"2022-10-20T10:43:34+00:00\" \/>\n<meta property=\"og:image\" content=\"https:\/\/www.padreeustaquio.com.br\/wp-content\/uploads\/2022\/10\/sao-judas-1.jpeg\" \/>\n\t<meta property=\"og:image:width\" content=\"1280\" \/>\n\t<meta property=\"og:image:height\" content=\"965\" \/>\n\t<meta property=\"og:image:type\" content=\"image\/jpeg\" \/>\n<meta name=\"author\" content=\"@sscc\" \/>\n<meta name=\"twitter:card\" content=\"summary_large_image\" \/>\n<meta name=\"twitter:image\" content=\"https:\/\/www.padreeustaquio.com.br\/wp-content\/uploads\/2022\/10\/sao-judas-1.jpeg\" \/>\n<meta name=\"twitter:creator\" content=\"@beatopeustaquio\" \/>\n<meta name=\"twitter:site\" content=\"@beatopeustaquio\" \/>\n<meta name=\"twitter:label1\" content=\"Escrito por\" \/>\n\t<meta name=\"twitter:data1\" content=\"@sscc\" \/>\n\t<meta name=\"twitter:label2\" content=\"Tiempo de lectura\" \/>\n\t<meta name=\"twitter:data2\" content=\"2 minutos\" \/>\n<script type=\"application\/ld+json\" class=\"yoast-schema-graph\">{\"@context\":\"https:\/\/schema.org\",\"@graph\":[{\"@type\":\"Article\",\"@id\":\"https:\/\/www.padreeustaquio.com.br\/santuario-da-saude-e-da-paz-participa-da-abertura-da-festa-de-sao-judas-em-bh\/#article\",\"isPartOf\":{\"@id\":\"https:\/\/www.padreeustaquio.com.br\/santuario-da-saude-e-da-paz-participa-da-abertura-da-festa-de-sao-judas-em-bh\/\"},\"author\":{\"name\":\"@sscc\",\"@id\":\"https:\/\/www.padreeustaquio.com.br\/#\/schema\/person\/a2a51db1d00f1a7af0204a0f1ddb1566\"},\"headline\":\"Santu\u00e1rio da Sa\u00fade e da Paz participa da abertura da Festa de S\u00e3o Judas em BH\",\"datePublished\":\"2022-10-20T09:42:00+00:00\",\"dateModified\":\"2022-10-20T10:43:34+00:00\",\"mainEntityOfPage\":{\"@id\":\"https:\/\/www.padreeustaquio.com.br\/santuario-da-saude-e-da-paz-participa-da-abertura-da-festa-de-sao-judas-em-bh\/\"},\"wordCount\":268,\"commentCount\":0,\"publisher\":{\"@id\":\"https:\/\/www.padreeustaquio.com.br\/#organization\"},\"image\":{\"@id\":\"https:\/\/www.padreeustaquio.com.br\/santuario-da-saude-e-da-paz-participa-da-abertura-da-festa-de-sao-judas-em-bh\/#primaryimage\"},\"thumbnailUrl\":\"https:\/\/www.padreeustaquio.com.br\/wp-content\/uploads\/2022\/10\/sao-judas-1.jpeg\",\"articleSection\":[\"Not\u00edcias\"],\"inLanguage\":\"es\",\"potentialAction\":[{\"@type\":\"CommentAction\",\"name\":\"Comment\",\"target\":[\"https:\/\/www.padreeustaquio.com.br\/santuario-da-saude-e-da-paz-participa-da-abertura-da-festa-de-sao-judas-em-bh\/#respond\"]}]},{\"@type\":\"WebPage\",\"@id\":\"https:\/\/www.padreeustaquio.com.br\/santuario-da-saude-e-da-paz-participa-da-abertura-da-festa-de-sao-judas-em-bh\/\",\"url\":\"https:\/\/www.padreeustaquio.com.br\/santuario-da-saude-e-da-paz-participa-da-abertura-da-festa-de-sao-judas-em-bh\/\",\"name\":\"Santu\u00e1rio da Sa\u00fade e da Paz participa da abertura da Festa de S\u00e3o Judas em BH\",\"isPartOf\":{\"@id\":\"https:\/\/www.padreeustaquio.com.br\/#website\"},\"primaryImageOfPage\":{\"@id\":\"https:\/\/www.padreeustaquio.com.br\/santuario-da-saude-e-da-paz-participa-da-abertura-da-festa-de-sao-judas-em-bh\/#primaryimage\"},\"image\":{\"@id\":\"https:\/\/www.padreeustaquio.com.br\/santuario-da-saude-e-da-paz-participa-da-abertura-da-festa-de-sao-judas-em-bh\/#primaryimage\"},\"thumbnailUrl\":\"https:\/\/www.padreeustaquio.com.br\/wp-content\/uploads\/2022\/10\/sao-judas-1.jpeg\",\"datePublished\":\"2022-10-20T09:42:00+00:00\",\"dateModified\":\"2022-10-20T10:43:34+00:00\",\"description\":\"Uma caravana de volunt\u00e1rios da Igreja do Beato Padre Eust\u00e1quio, liderada pelo Reitor do Santu\u00e1rio, Pe. Vin\u00edcius Maciel, SSCC, participou na noite dessa quarta-feira (19) do primeiro dia da Novena a S\u00e3o Judas. A Santa Missa, marca a abertura da Festa do santo em Belo Horizonte.\",\"breadcrumb\":{\"@id\":\"https:\/\/www.padreeustaquio.com.br\/santuario-da-saude-e-da-paz-participa-da-abertura-da-festa-de-sao-judas-em-bh\/#breadcrumb\"},\"inLanguage\":\"es\",\"potentialAction\":[{\"@type\":\"ReadAction\",\"target\":[\"https:\/\/www.padreeustaquio.com.br\/santuario-da-saude-e-da-paz-participa-da-abertura-da-festa-de-sao-judas-em-bh\/\"]}]},{\"@type\":\"ImageObject\",\"inLanguage\":\"es\",\"@id\":\"https:\/\/www.padreeustaquio.com.br\/santuario-da-saude-e-da-paz-participa-da-abertura-da-festa-de-sao-judas-em-bh\/#primaryimage\",\"url\":\"https:\/\/www.padreeustaquio.com.br\/wp-content\/uploads\/2022\/10\/sao-judas-1.jpeg\",\"contentUrl\":\"https:\/\/www.padreeustaquio.com.br\/wp-content\/uploads\/2022\/10\/sao-judas-1.jpeg\",\"width\":1280,\"height\":965},{\"@type\":\"BreadcrumbList\",\"@id\":\"https:\/\/www.padreeustaquio.com.br\/santuario-da-saude-e-da-paz-participa-da-abertura-da-festa-de-sao-judas-em-bh\/#breadcrumb\",\"itemListElement\":[{\"@type\":\"ListItem\",\"position\":1,\"name\":\"In\u00edcio\",\"item\":\"https:\/\/www.padreeustaquio.com.br\/\"},{\"@type\":\"ListItem\",\"position\":2,\"name\":\"Santu\u00e1rio da Sa\u00fade e da Paz participa da abertura da Festa de S\u00e3o Judas em BH\"}]},{\"@type\":\"WebSite\",\"@id\":\"https:\/\/www.padreeustaquio.com.br\/#website\",\"url\":\"https:\/\/www.padreeustaquio.com.br\/\",\"name\":\"Padre Eust\u00e1quio\",\"description\":\"Sa\u00fade e Paz\",\"publisher\":{\"@id\":\"https:\/\/www.padreeustaquio.com.br\/#organization\"},\"potentialAction\":[{\"@type\":\"SearchAction\",\"target\":{\"@type\":\"EntryPoint\",\"urlTemplate\":\"https:\/\/www.padreeustaquio.com.br\/?s={search_term_string}\"},\"query-input\":{\"@type\":\"PropertyValueSpecification\",\"valueRequired\":true,\"valueName\":\"search_term_string\"}}],\"inLanguage\":\"es\"},{\"@type\":\"Organization\",\"@id\":\"https:\/\/www.padreeustaquio.com.br\/#organization\",\"name\":\"Padre Eust\u00e1quio\",\"url\":\"https:\/\/www.padreeustaquio.com.br\/\",\"logo\":{\"@type\":\"ImageObject\",\"inLanguage\":\"es\",\"@id\":\"https:\/\/www.padreeustaquio.com.br\/#\/schema\/logo\/image\/\",\"url\":\"https:\/\/www.padreeustaquio.com.br\/wp-content\/uploads\/2019\/08\/marca.png\",\"contentUrl\":\"https:\/\/www.padreeustaquio.com.br\/wp-content\/uploads\/2019\/08\/marca.png\",\"width\":350,\"height\":400,\"caption\":\"Padre Eust\u00e1quio\"},\"image\":{\"@id\":\"https:\/\/www.padreeustaquio.com.br\/#\/schema\/logo\/image\/\"},\"sameAs\":[\"https:\/\/www.facebook.com\/beatopadreeustaquio\/\",\"https:\/\/x.com\/beatopeustaquio\",\"https:\/\/www.instagram.com\/beatopadreeustaquio\/\",\"https:\/\/www.youtube.com\/channel\/UCRhw7vfabnajwLxb1ZXMeIw\"]},{\"@type\":\"Person\",\"@id\":\"https:\/\/www.padreeustaquio.com.br\/#\/schema\/person\/a2a51db1d00f1a7af0204a0f1ddb1566\",\"name\":\"@sscc\",\"image\":{\"@type\":\"ImageObject\",\"inLanguage\":\"es\",\"@id\":\"https:\/\/secure.gravatar.com\/avatar\/68cfafa5f44617fea54071e215026e0ff06be366c3d54a8425f04fdcb86f8c5f?s=96&d=mm&r=g\",\"url\":\"https:\/\/secure.gravatar.com\/avatar\/68cfafa5f44617fea54071e215026e0ff06be366c3d54a8425f04fdcb86f8c5f?s=96&d=mm&r=g\",\"contentUrl\":\"https:\/\/secure.gravatar.com\/avatar\/68cfafa5f44617fea54071e215026e0ff06be366c3d54a8425f04fdcb86f8c5f?s=96&d=mm&r=g\",\"caption\":\"@sscc\"},\"url\":\"https:\/\/www.padreeustaquio.com.br\/es\/author\/sscc\/\"}]}<\/script>\n<!-- \/ Yoast SEO plugin. -->","yoast_head_json":{"title":"El Santuario de la Salud y la Paz participa de la apertura de la Fiesta de San Judas Tadeo en Belo Horizonte.","description":"Una caravana de voluntarios de la Iglesia del Beato Padre Eustaquio, encabezada por el rector del Santuario, P. Vin\u00edcius Maciel, SSCC, particip\u00f3 la noche del mi\u00e9rcoles 19 en el primer d\u00eda de la Novena a San Judas Tadeo. La Santa Misa marc\u00f3 el inicio de la festividad del santo en Belo Horizonte.","robots":{"index":"index","follow":"follow","max-snippet":"max-snippet:-1","max-image-preview":"max-image-preview:large","max-video-preview":"max-video-preview:-1"},"canonical":"https:\/\/www.padreeustaquio.com.br\/es\/el-santuario-de-la-salud-y-la-paz-participa-de-la-apertura-de-la-fiesta-de-san-judas-tadeo-en-belo-horizonte\/","og_locale":"es_ES","og_type":"article","og_title":"Santu\u00e1rio da Sa\u00fade e da Paz participa da abertura da Festa de S\u00e3o Judas em BH","og_description":"Uma caravana de volunt\u00e1rios da Igreja do Beato Padre Eust\u00e1quio, liderada pelo Reitor do Santu\u00e1rio, Pe. Vin\u00edcius Maciel, SSCC, participou na noite dessa quarta-feira (19) do primeiro dia da Novena a S\u00e3o Judas. A Santa Missa, marca a abertura da Festa do santo em Belo Horizonte.","og_url":"https:\/\/www.padreeustaquio.com.br\/es\/el-santuario-de-la-salud-y-la-paz-participa-de-la-apertura-de-la-fiesta-de-san-judas-tadeo-en-belo-horizonte\/","og_site_name":"Padre Eust\u00e1quio","article_publisher":"https:\/\/www.facebook.com\/beatopadreeustaquio\/","article_published_time":"2022-10-20T09:42:00+00:00","article_modified_time":"2022-10-20T10:43:34+00:00","og_image":[{"width":1280,"height":965,"url":"https:\/\/www.padreeustaquio.com.br\/wp-content\/uploads\/2022\/10\/sao-judas-1.jpeg","type":"image\/jpeg"}],"author":"@sscc","twitter_card":"summary_large_image","twitter_image":"https:\/\/www.padreeustaquio.com.br\/wp-content\/uploads\/2022\/10\/sao-judas-1.jpeg","twitter_creator":"@beatopeustaquio","twitter_site":"@beatopeustaquio","twitter_misc":{"Escrito por":"@sscc","Tiempo de lectura":"2 minutos"},"schema":{"@context":"https:\/\/schema.org","@graph":[{"@type":"Article","@id":"https:\/\/www.padreeustaquio.com.br\/santuario-da-saude-e-da-paz-participa-da-abertura-da-festa-de-sao-judas-em-bh\/#article","isPartOf":{"@id":"https:\/\/www.padreeustaquio.com.br\/santuario-da-saude-e-da-paz-participa-da-abertura-da-festa-de-sao-judas-em-bh\/"},"author":{"name":"@sscc","@id":"https:\/\/www.padreeustaquio.com.br\/#\/schema\/person\/a2a51db1d00f1a7af0204a0f1ddb1566"},"headline":"Santu\u00e1rio da Sa\u00fade e da Paz participa da abertura da Festa de S\u00e3o Judas em BH","datePublished":"2022-10-20T09:42:00+00:00","dateModified":"2022-10-20T10:43:34+00:00","mainEntityOfPage":{"@id":"https:\/\/www.padreeustaquio.com.br\/santuario-da-saude-e-da-paz-participa-da-abertura-da-festa-de-sao-judas-em-bh\/"},"wordCount":268,"commentCount":0,"publisher":{"@id":"https:\/\/www.padreeustaquio.com.br\/#organization"},"image":{"@id":"https:\/\/www.padreeustaquio.com.br\/santuario-da-saude-e-da-paz-participa-da-abertura-da-festa-de-sao-judas-em-bh\/#primaryimage"},"thumbnailUrl":"https:\/\/www.padreeustaquio.com.br\/wp-content\/uploads\/2022\/10\/sao-judas-1.jpeg","articleSection":["Not\u00edcias"],"inLanguage":"es","potentialAction":[{"@type":"CommentAction","name":"Comment","target":["https:\/\/www.padreeustaquio.com.br\/santuario-da-saude-e-da-paz-participa-da-abertura-da-festa-de-sao-judas-em-bh\/#respond"]}]},{"@type":"WebPage","@id":"https:\/\/www.padreeustaquio.com.br\/santuario-da-saude-e-da-paz-participa-da-abertura-da-festa-de-sao-judas-em-bh\/","url":"https:\/\/www.padreeustaquio.com.br\/santuario-da-saude-e-da-paz-participa-da-abertura-da-festa-de-sao-judas-em-bh\/","name":"El Santuario de la Salud y la Paz participa de la apertura de la Fiesta de San Judas Tadeo en Belo Horizonte.","isPartOf":{"@id":"https:\/\/www.padreeustaquio.com.br\/#website"},"primaryImageOfPage":{"@id":"https:\/\/www.padreeustaquio.com.br\/santuario-da-saude-e-da-paz-participa-da-abertura-da-festa-de-sao-judas-em-bh\/#primaryimage"},"image":{"@id":"https:\/\/www.padreeustaquio.com.br\/santuario-da-saude-e-da-paz-participa-da-abertura-da-festa-de-sao-judas-em-bh\/#primaryimage"},"thumbnailUrl":"https:\/\/www.padreeustaquio.com.br\/wp-content\/uploads\/2022\/10\/sao-judas-1.jpeg","datePublished":"2022-10-20T09:42:00+00:00","dateModified":"2022-10-20T10:43:34+00:00","description":"Una caravana de voluntarios de la Iglesia del Beato Padre Eustaquio, encabezada por el rector del Santuario, P. Vin\u00edcius Maciel, SSCC, particip\u00f3 la noche del mi\u00e9rcoles 19 en el primer d\u00eda de la Novena a San Judas Tadeo. La Santa Misa marc\u00f3 el inicio de la festividad del santo en Belo Horizonte.","breadcrumb":{"@id":"https:\/\/www.padreeustaquio.com.br\/santuario-da-saude-e-da-paz-participa-da-abertura-da-festa-de-sao-judas-em-bh\/#breadcrumb"},"inLanguage":"es","potentialAction":[{"@type":"ReadAction","target":["https:\/\/www.padreeustaquio.com.br\/santuario-da-saude-e-da-paz-participa-da-abertura-da-festa-de-sao-judas-em-bh\/"]}]},{"@type":"ImageObject","inLanguage":"es","@id":"https:\/\/www.padreeustaquio.com.br\/santuario-da-saude-e-da-paz-participa-da-abertura-da-festa-de-sao-judas-em-bh\/#primaryimage","url":"https:\/\/www.padreeustaquio.com.br\/wp-content\/uploads\/2022\/10\/sao-judas-1.jpeg","contentUrl":"https:\/\/www.padreeustaquio.com.br\/wp-content\/uploads\/2022\/10\/sao-judas-1.jpeg","width":1280,"height":965},{"@type":"BreadcrumbList","@id":"https:\/\/www.padreeustaquio.com.br\/santuario-da-saude-e-da-paz-participa-da-abertura-da-festa-de-sao-judas-em-bh\/#breadcrumb","itemListElement":[{"@type":"ListItem","position":1,"name":"In\u00edcio","item":"https:\/\/www.padreeustaquio.com.br\/"},{"@type":"ListItem","position":2,"name":"Santu\u00e1rio da Sa\u00fade e da Paz participa da abertura da Festa de S\u00e3o Judas em BH"}]},{"@type":"WebSite","@id":"https:\/\/www.padreeustaquio.com.br\/#website","url":"https:\/\/www.padreeustaquio.com.br\/","name":"Padre Eustace","description":"Salud y Paz","publisher":{"@id":"https:\/\/www.padreeustaquio.com.br\/#organization"},"potentialAction":[{"@type":"SearchAction","target":{"@type":"EntryPoint","urlTemplate":"https:\/\/www.padreeustaquio.com.br\/?s={search_term_string}"},"query-input":{"@type":"PropertyValueSpecification","valueRequired":true,"valueName":"search_term_string"}}],"inLanguage":"es"},{"@type":"Organization","@id":"https:\/\/www.padreeustaquio.com.br\/#organization","name":"Padre Eustace","url":"https:\/\/www.padreeustaquio.com.br\/","logo":{"@type":"ImageObject","inLanguage":"es","@id":"https:\/\/www.padreeustaquio.com.br\/#\/schema\/logo\/image\/","url":"https:\/\/www.padreeustaquio.com.br\/wp-content\/uploads\/2019\/08\/marca.png","contentUrl":"https:\/\/www.padreeustaquio.com.br\/wp-content\/uploads\/2019\/08\/marca.png","width":350,"height":400,"caption":"Padre Eust\u00e1quio"},"image":{"@id":"https:\/\/www.padreeustaquio.com.br\/#\/schema\/logo\/image\/"},"sameAs":["https:\/\/www.facebook.com\/beatopadreeustaquio\/","https:\/\/x.com\/beatopeustaquio","https:\/\/www.instagram.com\/beatopadreeustaquio\/","https:\/\/www.youtube.com\/channel\/UCRhw7vfabnajwLxb1ZXMeIw"]},{"@type":"Person","@id":"https:\/\/www.padreeustaquio.com.br\/#\/schema\/person\/a2a51db1d00f1a7af0204a0f1ddb1566","name":"@sscc","image":{"@type":"ImageObject","inLanguage":"es","@id":"https:\/\/secure.gravatar.com\/avatar\/68cfafa5f44617fea54071e215026e0ff06be366c3d54a8425f04fdcb86f8c5f?s=96&d=mm&r=g","url":"https:\/\/secure.gravatar.com\/avatar\/68cfafa5f44617fea54071e215026e0ff06be366c3d54a8425f04fdcb86f8c5f?s=96&d=mm&r=g","contentUrl":"https:\/\/secure.gravatar.com\/avatar\/68cfafa5f44617fea54071e215026e0ff06be366c3d54a8425f04fdcb86f8c5f?s=96&d=mm&r=g","caption":"@sscc"},"url":"https:\/\/www.padreeustaquio.com.br\/es\/author\/sscc\/"}]}},"_links":{"self":[{"href":"https:\/\/www.padreeustaquio.com.br\/es\/wp-json\/wp\/v2\/posts\/9412","targetHints":{"allow":["GET"]}}],"collection":[{"href":"https:\/\/www.padreeustaquio.com.br\/es\/wp-json\/wp\/v2\/posts"}],"about":[{"href":"https:\/\/www.padreeustaquio.com.br\/es\/wp-json\/wp\/v2\/types\/post"}],"author":[{"embeddable":true,"href":"https:\/\/www.padreeustaquio.com.br\/es\/wp-json\/wp\/v2\/users\/2"}],"replies":[{"embeddable":true,"href":"https:\/\/www.padreeustaquio.com.br\/es\/wp-json\/wp\/v2\/comments?post=9412"}],"version-history":[{"count":0,"href":"https:\/\/www.padreeustaquio.com.br\/es\/wp-json\/wp\/v2\/posts\/9412\/revisions"}],"wp:featuredmedia":[{"embeddable":true,"href":"https:\/\/www.padreeustaquio.com.br\/es\/wp-json\/wp\/v2\/media\/9414"}],"wp:attachment":[{"href":"https:\/\/www.padreeustaquio.com.br\/es\/wp-json\/wp\/v2\/media?parent=9412"}],"wp:term":[{"taxonomy":"category","embeddable":true,"href":"https:\/\/www.padreeustaquio.com.br\/es\/wp-json\/wp\/v2\/categories?post=9412"},{"taxonomy":"post_tag","embeddable":true,"href":"https:\/\/www.padreeustaquio.com.br\/es\/wp-json\/wp\/v2\/tags?post=9412"}],"curies":[{"name":"wp","href":"https:\/\/api.w.org\/{rel}","templated":true}]}}