{"id":9409,"date":"2022-10-25T06:42:00","date_gmt":"2022-10-25T09:42:00","guid":{"rendered":"https:\/\/www.padreeustaquio.com.br\/?p=9409"},"modified":"2022-10-25T07:41:13","modified_gmt":"2022-10-25T10:41:13","slug":"exalumna-de-la-guarderia-padre-eustaquio-gana-torneo-estatal-de-gimnasia-artistica","status":"publish","type":"post","link":"https:\/\/www.padreeustaquio.com.br\/es\/exalumna-de-la-guarderia-padre-eustaquio-gana-torneo-estatal-de-gimnasia-artistica\/","title":{"rendered":"Exalumna de la guarder\u00eda Padre Eust\u00e1quio gana el Campeonato Brasile\u00f1o de Gimnasia Art\u00edstica."},"content":{"rendered":"<div class=\"wp-block-image\">\n<figure class=\"alignleft size-medium\"><img fetchpriority=\"high\" decoding=\"async\" width=\"225\" height=\"300\" src=\"https:\/\/www.padreeustaquio.com.br\/wp-content\/uploads\/2022\/10\/Luiz-Miguel-Camp.-Brasileiro-225x300.jpeg\" alt=\"\" class=\"wp-image-9432\" srcset=\"https:\/\/www.padreeustaquio.com.br\/wp-content\/uploads\/2022\/10\/Luiz-Miguel-Camp.-Brasileiro-225x300.jpeg 225w, https:\/\/www.padreeustaquio.com.br\/wp-content\/uploads\/2022\/10\/Luiz-Miguel-Camp.-Brasileiro-768x1024.jpeg 768w, https:\/\/www.padreeustaquio.com.br\/wp-content\/uploads\/2022\/10\/Luiz-Miguel-Camp.-Brasileiro-1152x1536.jpeg 1152w, https:\/\/www.padreeustaquio.com.br\/wp-content\/uploads\/2022\/10\/Luiz-Miguel-Camp.-Brasileiro.jpeg 1200w\" sizes=\"(max-width: 225px) 100vw, 225px\" \/><figcaption>Podio de gimnasia brasile\u00f1a<\/figcaption><\/figure>\n<\/div>\n\n\n<p>El peque\u00f1o Luiz Miguel Val\u00e9rio Campos, de 9 a\u00f1os y exalumno de la Guarder\u00eda Padre Eust\u00e1quio, destac\u00f3 en la categor\u00eda preinfantil, ganando el t\u00edtulo de su categor\u00eda y el primer lugar en la competici\u00f3n por equipos del Minas T\u00eanis Clube en el Campeonato Brasile\u00f1o de Gimnasia. Hace quince d\u00edas, Luiz Miguel tambi\u00e9n gan\u00f3 la categor\u00eda preinfantil masculina en el Campeonato Estatal de Gimnasia Art\u00edstica. Obtuvo siete medallas: cinco de oro, una de plata y una de bronce. <strong>Luiz tambi\u00e9n gan\u00f3 en general y emergi\u00f3 como el mejor atleta en su categor\u00eda.<\/strong><\/p>\n\n\n\n<p>Luiz Miguel, desde los tres a\u00f1os, ya mostraba caracter\u00edsticas favorables para la pr\u00e1ctica de la gimnasia art\u00edstica, pero fue a los seis a\u00f1os que ingres\u00f3 en una escuela de gimnasia. Ese mismo a\u00f1o, tras realizar una prueba en el Minas T\u00eanis Clube, fue aprobado y hoy es atleta registrado del club.<\/p>\n\n\n<div class=\"wp-block-image\">\n<figure class=\"alignright size-medium is-resized\"><img decoding=\"async\" src=\"https:\/\/www.padreeustaquio.com.br\/wp-content\/uploads\/2022\/10\/Luiz-miguel-300x200.jpeg\" alt=\"\" class=\"wp-image-9424\" width=\"320\" height=\"213\" srcset=\"https:\/\/www.padreeustaquio.com.br\/wp-content\/uploads\/2022\/10\/Luiz-miguel-300x200.jpeg 300w, https:\/\/www.padreeustaquio.com.br\/wp-content\/uploads\/2022\/10\/Luiz-miguel-1024x683.jpeg 1024w, https:\/\/www.padreeustaquio.com.br\/wp-content\/uploads\/2022\/10\/Luiz-miguel-768x512.jpeg 768w, https:\/\/www.padreeustaquio.com.br\/wp-content\/uploads\/2022\/10\/Luiz-miguel.jpeg 1440w\" sizes=\"(max-width: 320px) 100vw, 320px\" \/><figcaption>Podio del Campeonato de Gimnasia Art\u00edstica de Minas Gerais<\/figcaption><\/figure>\n<\/div>\n\n\n<p>El Campeonato Brasile\u00f1o de Gimnasia fue el segundo torneo en el que compiti\u00f3 el joven atleta; el primero fue el Campeonato Estatal de Gimnasia Art\u00edstica a principios de octubre. Se espera que Luiz Miguel tambi\u00e9n compita en el Campeonato Nacional en noviembre.<\/p>\n\n\n\n<p><strong>Luiz Miguel y la Guarder\u00eda Padre Eust\u00e1quio<\/strong><\/p>\n\n\n\n<p>El peque\u00f1o Luiz empez\u00f3 a asistir a la Guarder\u00eda Padre Eust\u00e1quio cuando ten\u00eda tan solo un a\u00f1o y permaneci\u00f3 all\u00ed hasta los cinco. Para sus padres, Rosa Val\u00e9rio Campos y Andr\u00e9 Luiz Campos, fue en la instituci\u00f3n donde aprendi\u00f3 muchos principios que le acompa\u00f1aron toda la vida.<\/p>\n\n\n<div class=\"wp-block-image\">\n<figure class=\"alignleft size-medium\"><img decoding=\"async\" width=\"225\" height=\"300\" src=\"https:\/\/www.padreeustaquio.com.br\/wp-content\/uploads\/2022\/10\/Luiz-na-creche-225x300.jpeg\" alt=\"\" class=\"wp-image-9425\" srcset=\"https:\/\/www.padreeustaquio.com.br\/wp-content\/uploads\/2022\/10\/Luiz-na-creche-225x300.jpeg 225w, https:\/\/www.padreeustaquio.com.br\/wp-content\/uploads\/2022\/10\/Luiz-na-creche-768x1023.jpeg 768w, https:\/\/www.padreeustaquio.com.br\/wp-content\/uploads\/2022\/10\/Luiz-na-creche.jpeg 869w\" sizes=\"(max-width: 225px) 100vw, 225px\" \/><figcaption>Luiz Miguel en la Guarder\u00eda Padre Eust\u00e1quio<\/figcaption><\/figure>\n<\/div>\n\n\n<p>Incluso cuatro a\u00f1os despu\u00e9s de completar su paso por la guarder\u00eda, la familia de Luiz Miguel todav\u00eda siente un gran afecto por la instituci\u00f3n, reconociendo su importancia en el desarrollo temprano de su hijo.<\/p>\n\n\n\n<p><em>\u201cYo digo esto: el tema de su actitud, en relaci\u00f3n a lo que siempre dice su entrenador de ser educado, responsable y centrado, eso se lo dedico enteramente a la guarder\u00eda Padre Eust\u00e1quio\u201d.\u201d<\/em>, &quot;Declar\u00f3 la madre de Luiz, Rosa Val\u00e9rio.&quot;.<\/p>\n\n\n\n<p><\/p>","protected":false},"excerpt":{"rendered":"<p>O ex-aluno da Creche Padre Eust\u00e1quio, o pequeno Luiz Miguel Val\u00e9rio Campos, de 9 anos, se destacou no pr\u00e9-infantil levando o t\u00edtulo da categoria, ganhando ainda o primeiro lugar por equipes pelo Minas T\u00eanis Clube, no Campeonato Brasileiro de Gin\u00e1stica. H\u00e1 15 dias Luiz Miguel tamb\u00e9m ganhou o pr\u00e9-infantil masculino do Campeonato Estadual de Gin\u00e1stica Art\u00edstica. Ele ganhou sete medalhas sendo cinco de ouro, uma de prata e uma bronze. Luiz ganhou ainda no geral e saiu como o melhor atleta da competi\u00e7\u00e3o na categoria dele. Luiz Miguel, desde os tr\u00eas anos, j\u00e1 apresentava caracter\u00edsticas favor\u00e1veis para a pr\u00e1tica da [&hellip;]<\/p>\n","protected":false},"author":2,"featured_media":9410,"comment_status":"open","ping_status":"closed","sticky":false,"template":"","format":"standard","meta":{"_acf_changed":false,"footnotes":""},"categories":[611],"tags":[],"class_list":["post-9409","post","type-post","status-publish","format-standard","has-post-thumbnail","hentry","category-noticias"],"acf":[],"yoast_head":"<!-- This site is optimized with the Yoast SEO plugin v27.2 - https:\/\/yoast.com\/product\/yoast-seo-wordpress\/ -->\n<title>Ex-aluno da Creche Padre Eust\u00e1quio vence campeonato brasileiro de Gin\u00e1stica Art\u00edstica<\/title>\n<meta name=\"description\" content=\"O ex-aluno da Creche Padre Eust\u00e1quio, o pequeno Luiz Miguel Val\u00e9rio Campos, de 9 anos, se destacou no pr\u00e9-infantil masculino do Campeonato Estadual de Gin\u00e1stica Art\u00edstica. Ele ganhou sete medalhas sendo cinco de ouro, uma de prata e uma bronze. Luiz ganhou ainda no geral e saiu como o melhor atleta da competi\u00e7\u00e3o na categoria dele.\" \/>\n<meta name=\"robots\" content=\"index, follow, max-snippet:-1, max-image-preview:large, max-video-preview:-1\" \/>\n<link rel=\"canonical\" href=\"https:\/\/www.padreeustaquio.com.br\/es\/exalumna-de-la-guarderia-padre-eustaquio-gana-torneo-estatal-de-gimnasia-artistica\/\" \/>\n<meta property=\"og:locale\" content=\"es_ES\" \/>\n<meta property=\"og:type\" content=\"article\" \/>\n<meta property=\"og:title\" content=\"Ex-aluno da Creche Padre Eust\u00e1quio vence campeonato brasileiro de Gin\u00e1stica Art\u00edstica\" \/>\n<meta property=\"og:description\" content=\"O ex-aluno da Creche Padre Eust\u00e1quio, o pequeno Luiz Miguel Val\u00e9rio Campos, de 9 anos, se destacou no pr\u00e9-infantil masculino do Campeonato Estadual de Gin\u00e1stica Art\u00edstica. Ele ganhou sete medalhas sendo cinco de ouro, uma de prata e uma bronze. Luiz ganhou ainda no geral e saiu como o melhor atleta da competi\u00e7\u00e3o na categoria dele.\" \/>\n<meta property=\"og:url\" content=\"https:\/\/www.padreeustaquio.com.br\/es\/exalumna-de-la-guarderia-padre-eustaquio-gana-torneo-estatal-de-gimnasia-artistica\/\" \/>\n<meta property=\"og:site_name\" content=\"Padre Eust\u00e1quio\" \/>\n<meta property=\"article:publisher\" content=\"https:\/\/www.facebook.com\/beatopadreeustaquio\/\" \/>\n<meta property=\"article:published_time\" content=\"2022-10-25T09:42:00+00:00\" \/>\n<meta property=\"article:modified_time\" content=\"2022-10-25T10:41:13+00:00\" \/>\n<meta property=\"og:image\" content=\"https:\/\/www.padreeustaquio.com.br\/wp-content\/uploads\/2022\/10\/luiz-miguel-1.jpeg\" \/>\n\t<meta property=\"og:image:width\" content=\"1280\" \/>\n\t<meta property=\"og:image:height\" content=\"853\" \/>\n\t<meta property=\"og:image:type\" content=\"image\/jpeg\" \/>\n<meta name=\"author\" content=\"@sscc\" \/>\n<meta name=\"twitter:card\" content=\"summary_large_image\" \/>\n<meta name=\"twitter:image\" content=\"https:\/\/www.padreeustaquio.com.br\/wp-content\/uploads\/2022\/10\/luiz-miguel-1.jpeg\" \/>\n<meta name=\"twitter:creator\" content=\"@beatopeustaquio\" \/>\n<meta name=\"twitter:site\" content=\"@beatopeustaquio\" \/>\n<meta name=\"twitter:label1\" content=\"Escrito por\" \/>\n\t<meta name=\"twitter:data1\" content=\"@sscc\" \/>\n\t<meta name=\"twitter:label2\" content=\"Tiempo de lectura\" \/>\n\t<meta name=\"twitter:data2\" content=\"2 minutos\" \/>\n<script type=\"application\/ld+json\" class=\"yoast-schema-graph\">{\"@context\":\"https:\/\/schema.org\",\"@graph\":[{\"@type\":\"Article\",\"@id\":\"https:\/\/www.padreeustaquio.com.br\/ex-aluno-da-creche-padre-eustaquio-vence-torneio-estadual-de-ginastica-artistica\/#article\",\"isPartOf\":{\"@id\":\"https:\/\/www.padreeustaquio.com.br\/ex-aluno-da-creche-padre-eustaquio-vence-torneio-estadual-de-ginastica-artistica\/\"},\"author\":{\"name\":\"@sscc\",\"@id\":\"https:\/\/www.padreeustaquio.com.br\/#\/schema\/person\/a2a51db1d00f1a7af0204a0f1ddb1566\"},\"headline\":\"Ex-aluno da Creche Padre Eust\u00e1quio vence campeonato brasileiro de Gin\u00e1stica Art\u00edstica\",\"datePublished\":\"2022-10-25T09:42:00+00:00\",\"dateModified\":\"2022-10-25T10:41:13+00:00\",\"mainEntityOfPage\":{\"@id\":\"https:\/\/www.padreeustaquio.com.br\/ex-aluno-da-creche-padre-eustaquio-vence-torneio-estadual-de-ginastica-artistica\/\"},\"wordCount\":373,\"commentCount\":0,\"publisher\":{\"@id\":\"https:\/\/www.padreeustaquio.com.br\/#organization\"},\"image\":{\"@id\":\"https:\/\/www.padreeustaquio.com.br\/ex-aluno-da-creche-padre-eustaquio-vence-torneio-estadual-de-ginastica-artistica\/#primaryimage\"},\"thumbnailUrl\":\"https:\/\/www.padreeustaquio.com.br\/wp-content\/uploads\/2022\/10\/luiz-miguel-1.jpeg\",\"articleSection\":[\"Not\u00edcias\"],\"inLanguage\":\"es\",\"potentialAction\":[{\"@type\":\"CommentAction\",\"name\":\"Comment\",\"target\":[\"https:\/\/www.padreeustaquio.com.br\/ex-aluno-da-creche-padre-eustaquio-vence-torneio-estadual-de-ginastica-artistica\/#respond\"]}]},{\"@type\":\"WebPage\",\"@id\":\"https:\/\/www.padreeustaquio.com.br\/ex-aluno-da-creche-padre-eustaquio-vence-torneio-estadual-de-ginastica-artistica\/\",\"url\":\"https:\/\/www.padreeustaquio.com.br\/ex-aluno-da-creche-padre-eustaquio-vence-torneio-estadual-de-ginastica-artistica\/\",\"name\":\"Ex-aluno da Creche Padre Eust\u00e1quio vence campeonato brasileiro de Gin\u00e1stica Art\u00edstica\",\"isPartOf\":{\"@id\":\"https:\/\/www.padreeustaquio.com.br\/#website\"},\"primaryImageOfPage\":{\"@id\":\"https:\/\/www.padreeustaquio.com.br\/ex-aluno-da-creche-padre-eustaquio-vence-torneio-estadual-de-ginastica-artistica\/#primaryimage\"},\"image\":{\"@id\":\"https:\/\/www.padreeustaquio.com.br\/ex-aluno-da-creche-padre-eustaquio-vence-torneio-estadual-de-ginastica-artistica\/#primaryimage\"},\"thumbnailUrl\":\"https:\/\/www.padreeustaquio.com.br\/wp-content\/uploads\/2022\/10\/luiz-miguel-1.jpeg\",\"datePublished\":\"2022-10-25T09:42:00+00:00\",\"dateModified\":\"2022-10-25T10:41:13+00:00\",\"description\":\"O ex-aluno da Creche Padre Eust\u00e1quio, o pequeno Luiz Miguel Val\u00e9rio Campos, de 9 anos, se destacou no pr\u00e9-infantil masculino do Campeonato Estadual de Gin\u00e1stica Art\u00edstica. Ele ganhou sete medalhas sendo cinco de ouro, uma de prata e uma bronze. Luiz ganhou ainda no geral e saiu como o melhor atleta da competi\u00e7\u00e3o na categoria dele.\",\"breadcrumb\":{\"@id\":\"https:\/\/www.padreeustaquio.com.br\/ex-aluno-da-creche-padre-eustaquio-vence-torneio-estadual-de-ginastica-artistica\/#breadcrumb\"},\"inLanguage\":\"es\",\"potentialAction\":[{\"@type\":\"ReadAction\",\"target\":[\"https:\/\/www.padreeustaquio.com.br\/ex-aluno-da-creche-padre-eustaquio-vence-torneio-estadual-de-ginastica-artistica\/\"]}]},{\"@type\":\"ImageObject\",\"inLanguage\":\"es\",\"@id\":\"https:\/\/www.padreeustaquio.com.br\/ex-aluno-da-creche-padre-eustaquio-vence-torneio-estadual-de-ginastica-artistica\/#primaryimage\",\"url\":\"https:\/\/www.padreeustaquio.com.br\/wp-content\/uploads\/2022\/10\/luiz-miguel-1.jpeg\",\"contentUrl\":\"https:\/\/www.padreeustaquio.com.br\/wp-content\/uploads\/2022\/10\/luiz-miguel-1.jpeg\",\"width\":1280,\"height\":853},{\"@type\":\"BreadcrumbList\",\"@id\":\"https:\/\/www.padreeustaquio.com.br\/ex-aluno-da-creche-padre-eustaquio-vence-torneio-estadual-de-ginastica-artistica\/#breadcrumb\",\"itemListElement\":[{\"@type\":\"ListItem\",\"position\":1,\"name\":\"In\u00edcio\",\"item\":\"https:\/\/www.padreeustaquio.com.br\/\"},{\"@type\":\"ListItem\",\"position\":2,\"name\":\"Ex-aluno da Creche Padre Eust\u00e1quio vence campeonato brasileiro de Gin\u00e1stica Art\u00edstica\"}]},{\"@type\":\"WebSite\",\"@id\":\"https:\/\/www.padreeustaquio.com.br\/#website\",\"url\":\"https:\/\/www.padreeustaquio.com.br\/\",\"name\":\"Padre Eust\u00e1quio\",\"description\":\"Sa\u00fade e Paz\",\"publisher\":{\"@id\":\"https:\/\/www.padreeustaquio.com.br\/#organization\"},\"potentialAction\":[{\"@type\":\"SearchAction\",\"target\":{\"@type\":\"EntryPoint\",\"urlTemplate\":\"https:\/\/www.padreeustaquio.com.br\/?s={search_term_string}\"},\"query-input\":{\"@type\":\"PropertyValueSpecification\",\"valueRequired\":true,\"valueName\":\"search_term_string\"}}],\"inLanguage\":\"es\"},{\"@type\":\"Organization\",\"@id\":\"https:\/\/www.padreeustaquio.com.br\/#organization\",\"name\":\"Padre Eust\u00e1quio\",\"url\":\"https:\/\/www.padreeustaquio.com.br\/\",\"logo\":{\"@type\":\"ImageObject\",\"inLanguage\":\"es\",\"@id\":\"https:\/\/www.padreeustaquio.com.br\/#\/schema\/logo\/image\/\",\"url\":\"https:\/\/www.padreeustaquio.com.br\/wp-content\/uploads\/2019\/08\/marca.png\",\"contentUrl\":\"https:\/\/www.padreeustaquio.com.br\/wp-content\/uploads\/2019\/08\/marca.png\",\"width\":350,\"height\":400,\"caption\":\"Padre Eust\u00e1quio\"},\"image\":{\"@id\":\"https:\/\/www.padreeustaquio.com.br\/#\/schema\/logo\/image\/\"},\"sameAs\":[\"https:\/\/www.facebook.com\/beatopadreeustaquio\/\",\"https:\/\/x.com\/beatopeustaquio\",\"https:\/\/www.instagram.com\/beatopadreeustaquio\/\",\"https:\/\/www.youtube.com\/channel\/UCRhw7vfabnajwLxb1ZXMeIw\"]},{\"@type\":\"Person\",\"@id\":\"https:\/\/www.padreeustaquio.com.br\/#\/schema\/person\/a2a51db1d00f1a7af0204a0f1ddb1566\",\"name\":\"@sscc\",\"image\":{\"@type\":\"ImageObject\",\"inLanguage\":\"es\",\"@id\":\"https:\/\/secure.gravatar.com\/avatar\/68cfafa5f44617fea54071e215026e0ff06be366c3d54a8425f04fdcb86f8c5f?s=96&d=mm&r=g\",\"url\":\"https:\/\/secure.gravatar.com\/avatar\/68cfafa5f44617fea54071e215026e0ff06be366c3d54a8425f04fdcb86f8c5f?s=96&d=mm&r=g\",\"contentUrl\":\"https:\/\/secure.gravatar.com\/avatar\/68cfafa5f44617fea54071e215026e0ff06be366c3d54a8425f04fdcb86f8c5f?s=96&d=mm&r=g\",\"caption\":\"@sscc\"},\"url\":\"https:\/\/www.padreeustaquio.com.br\/es\/author\/sscc\/\"}]}<\/script>\n<!-- \/ Yoast SEO plugin. -->","yoast_head_json":{"title":"Exalumna de la guarder\u00eda Padre Eust\u00e1quio gana el Campeonato Brasile\u00f1o de Gimnasia Art\u00edstica.","description":"El peque\u00f1o Luiz Miguel Val\u00e9rio Campos, de 9 a\u00f1os y exalumno de la Guarder\u00eda Padre Eust\u00e1quio, destac\u00f3 en la categor\u00eda preinfantil masculina del Campeonato Estatal de Gimnasia Art\u00edstica. Gan\u00f3 siete medallas: cinco de oro, una de plata y una de bronce. Luiz tambi\u00e9n gan\u00f3 la general y se convirti\u00f3 en el mejor atleta de su categor\u00eda.","robots":{"index":"index","follow":"follow","max-snippet":"max-snippet:-1","max-image-preview":"max-image-preview:large","max-video-preview":"max-video-preview:-1"},"canonical":"https:\/\/www.padreeustaquio.com.br\/es\/exalumna-de-la-guarderia-padre-eustaquio-gana-torneo-estatal-de-gimnasia-artistica\/","og_locale":"es_ES","og_type":"article","og_title":"Ex-aluno da Creche Padre Eust\u00e1quio vence campeonato brasileiro de Gin\u00e1stica Art\u00edstica","og_description":"O ex-aluno da Creche Padre Eust\u00e1quio, o pequeno Luiz Miguel Val\u00e9rio Campos, de 9 anos, se destacou no pr\u00e9-infantil masculino do Campeonato Estadual de Gin\u00e1stica Art\u00edstica. Ele ganhou sete medalhas sendo cinco de ouro, uma de prata e uma bronze. Luiz ganhou ainda no geral e saiu como o melhor atleta da competi\u00e7\u00e3o na categoria dele.","og_url":"https:\/\/www.padreeustaquio.com.br\/es\/exalumna-de-la-guarderia-padre-eustaquio-gana-torneo-estatal-de-gimnasia-artistica\/","og_site_name":"Padre Eust\u00e1quio","article_publisher":"https:\/\/www.facebook.com\/beatopadreeustaquio\/","article_published_time":"2022-10-25T09:42:00+00:00","article_modified_time":"2022-10-25T10:41:13+00:00","og_image":[{"width":1280,"height":853,"url":"https:\/\/www.padreeustaquio.com.br\/wp-content\/uploads\/2022\/10\/luiz-miguel-1.jpeg","type":"image\/jpeg"}],"author":"@sscc","twitter_card":"summary_large_image","twitter_image":"https:\/\/www.padreeustaquio.com.br\/wp-content\/uploads\/2022\/10\/luiz-miguel-1.jpeg","twitter_creator":"@beatopeustaquio","twitter_site":"@beatopeustaquio","twitter_misc":{"Escrito por":"@sscc","Tiempo de lectura":"2 minutos"},"schema":{"@context":"https:\/\/schema.org","@graph":[{"@type":"Article","@id":"https:\/\/www.padreeustaquio.com.br\/ex-aluno-da-creche-padre-eustaquio-vence-torneio-estadual-de-ginastica-artistica\/#article","isPartOf":{"@id":"https:\/\/www.padreeustaquio.com.br\/ex-aluno-da-creche-padre-eustaquio-vence-torneio-estadual-de-ginastica-artistica\/"},"author":{"name":"@sscc","@id":"https:\/\/www.padreeustaquio.com.br\/#\/schema\/person\/a2a51db1d00f1a7af0204a0f1ddb1566"},"headline":"Ex-aluno da Creche Padre Eust\u00e1quio vence campeonato brasileiro de Gin\u00e1stica Art\u00edstica","datePublished":"2022-10-25T09:42:00+00:00","dateModified":"2022-10-25T10:41:13+00:00","mainEntityOfPage":{"@id":"https:\/\/www.padreeustaquio.com.br\/ex-aluno-da-creche-padre-eustaquio-vence-torneio-estadual-de-ginastica-artistica\/"},"wordCount":373,"commentCount":0,"publisher":{"@id":"https:\/\/www.padreeustaquio.com.br\/#organization"},"image":{"@id":"https:\/\/www.padreeustaquio.com.br\/ex-aluno-da-creche-padre-eustaquio-vence-torneio-estadual-de-ginastica-artistica\/#primaryimage"},"thumbnailUrl":"https:\/\/www.padreeustaquio.com.br\/wp-content\/uploads\/2022\/10\/luiz-miguel-1.jpeg","articleSection":["Not\u00edcias"],"inLanguage":"es","potentialAction":[{"@type":"CommentAction","name":"Comment","target":["https:\/\/www.padreeustaquio.com.br\/ex-aluno-da-creche-padre-eustaquio-vence-torneio-estadual-de-ginastica-artistica\/#respond"]}]},{"@type":"WebPage","@id":"https:\/\/www.padreeustaquio.com.br\/ex-aluno-da-creche-padre-eustaquio-vence-torneio-estadual-de-ginastica-artistica\/","url":"https:\/\/www.padreeustaquio.com.br\/ex-aluno-da-creche-padre-eustaquio-vence-torneio-estadual-de-ginastica-artistica\/","name":"Exalumna de la guarder\u00eda Padre Eust\u00e1quio gana el Campeonato Brasile\u00f1o de Gimnasia Art\u00edstica.","isPartOf":{"@id":"https:\/\/www.padreeustaquio.com.br\/#website"},"primaryImageOfPage":{"@id":"https:\/\/www.padreeustaquio.com.br\/ex-aluno-da-creche-padre-eustaquio-vence-torneio-estadual-de-ginastica-artistica\/#primaryimage"},"image":{"@id":"https:\/\/www.padreeustaquio.com.br\/ex-aluno-da-creche-padre-eustaquio-vence-torneio-estadual-de-ginastica-artistica\/#primaryimage"},"thumbnailUrl":"https:\/\/www.padreeustaquio.com.br\/wp-content\/uploads\/2022\/10\/luiz-miguel-1.jpeg","datePublished":"2022-10-25T09:42:00+00:00","dateModified":"2022-10-25T10:41:13+00:00","description":"El peque\u00f1o Luiz Miguel Val\u00e9rio Campos, de 9 a\u00f1os y exalumno de la Guarder\u00eda Padre Eust\u00e1quio, destac\u00f3 en la categor\u00eda preinfantil masculina del Campeonato Estatal de Gimnasia Art\u00edstica. Gan\u00f3 siete medallas: cinco de oro, una de plata y una de bronce. Luiz tambi\u00e9n gan\u00f3 la general y se convirti\u00f3 en el mejor atleta de su categor\u00eda.","breadcrumb":{"@id":"https:\/\/www.padreeustaquio.com.br\/ex-aluno-da-creche-padre-eustaquio-vence-torneio-estadual-de-ginastica-artistica\/#breadcrumb"},"inLanguage":"es","potentialAction":[{"@type":"ReadAction","target":["https:\/\/www.padreeustaquio.com.br\/ex-aluno-da-creche-padre-eustaquio-vence-torneio-estadual-de-ginastica-artistica\/"]}]},{"@type":"ImageObject","inLanguage":"es","@id":"https:\/\/www.padreeustaquio.com.br\/ex-aluno-da-creche-padre-eustaquio-vence-torneio-estadual-de-ginastica-artistica\/#primaryimage","url":"https:\/\/www.padreeustaquio.com.br\/wp-content\/uploads\/2022\/10\/luiz-miguel-1.jpeg","contentUrl":"https:\/\/www.padreeustaquio.com.br\/wp-content\/uploads\/2022\/10\/luiz-miguel-1.jpeg","width":1280,"height":853},{"@type":"BreadcrumbList","@id":"https:\/\/www.padreeustaquio.com.br\/ex-aluno-da-creche-padre-eustaquio-vence-torneio-estadual-de-ginastica-artistica\/#breadcrumb","itemListElement":[{"@type":"ListItem","position":1,"name":"In\u00edcio","item":"https:\/\/www.padreeustaquio.com.br\/"},{"@type":"ListItem","position":2,"name":"Ex-aluno da Creche Padre Eust\u00e1quio vence campeonato brasileiro de Gin\u00e1stica Art\u00edstica"}]},{"@type":"WebSite","@id":"https:\/\/www.padreeustaquio.com.br\/#website","url":"https:\/\/www.padreeustaquio.com.br\/","name":"Padre Eustace","description":"Salud y Paz","publisher":{"@id":"https:\/\/www.padreeustaquio.com.br\/#organization"},"potentialAction":[{"@type":"SearchAction","target":{"@type":"EntryPoint","urlTemplate":"https:\/\/www.padreeustaquio.com.br\/?s={search_term_string}"},"query-input":{"@type":"PropertyValueSpecification","valueRequired":true,"valueName":"search_term_string"}}],"inLanguage":"es"},{"@type":"Organization","@id":"https:\/\/www.padreeustaquio.com.br\/#organization","name":"Padre Eustace","url":"https:\/\/www.padreeustaquio.com.br\/","logo":{"@type":"ImageObject","inLanguage":"es","@id":"https:\/\/www.padreeustaquio.com.br\/#\/schema\/logo\/image\/","url":"https:\/\/www.padreeustaquio.com.br\/wp-content\/uploads\/2019\/08\/marca.png","contentUrl":"https:\/\/www.padreeustaquio.com.br\/wp-content\/uploads\/2019\/08\/marca.png","width":350,"height":400,"caption":"Padre Eust\u00e1quio"},"image":{"@id":"https:\/\/www.padreeustaquio.com.br\/#\/schema\/logo\/image\/"},"sameAs":["https:\/\/www.facebook.com\/beatopadreeustaquio\/","https:\/\/x.com\/beatopeustaquio","https:\/\/www.instagram.com\/beatopadreeustaquio\/","https:\/\/www.youtube.com\/channel\/UCRhw7vfabnajwLxb1ZXMeIw"]},{"@type":"Person","@id":"https:\/\/www.padreeustaquio.com.br\/#\/schema\/person\/a2a51db1d00f1a7af0204a0f1ddb1566","name":"@sscc","image":{"@type":"ImageObject","inLanguage":"es","@id":"https:\/\/secure.gravatar.com\/avatar\/68cfafa5f44617fea54071e215026e0ff06be366c3d54a8425f04fdcb86f8c5f?s=96&d=mm&r=g","url":"https:\/\/secure.gravatar.com\/avatar\/68cfafa5f44617fea54071e215026e0ff06be366c3d54a8425f04fdcb86f8c5f?s=96&d=mm&r=g","contentUrl":"https:\/\/secure.gravatar.com\/avatar\/68cfafa5f44617fea54071e215026e0ff06be366c3d54a8425f04fdcb86f8c5f?s=96&d=mm&r=g","caption":"@sscc"},"url":"https:\/\/www.padreeustaquio.com.br\/es\/author\/sscc\/"}]}},"_links":{"self":[{"href":"https:\/\/www.padreeustaquio.com.br\/es\/wp-json\/wp\/v2\/posts\/9409","targetHints":{"allow":["GET"]}}],"collection":[{"href":"https:\/\/www.padreeustaquio.com.br\/es\/wp-json\/wp\/v2\/posts"}],"about":[{"href":"https:\/\/www.padreeustaquio.com.br\/es\/wp-json\/wp\/v2\/types\/post"}],"author":[{"embeddable":true,"href":"https:\/\/www.padreeustaquio.com.br\/es\/wp-json\/wp\/v2\/users\/2"}],"replies":[{"embeddable":true,"href":"https:\/\/www.padreeustaquio.com.br\/es\/wp-json\/wp\/v2\/comments?post=9409"}],"version-history":[{"count":0,"href":"https:\/\/www.padreeustaquio.com.br\/es\/wp-json\/wp\/v2\/posts\/9409\/revisions"}],"wp:featuredmedia":[{"embeddable":true,"href":"https:\/\/www.padreeustaquio.com.br\/es\/wp-json\/wp\/v2\/media\/9410"}],"wp:attachment":[{"href":"https:\/\/www.padreeustaquio.com.br\/es\/wp-json\/wp\/v2\/media?parent=9409"}],"wp:term":[{"taxonomy":"category","embeddable":true,"href":"https:\/\/www.padreeustaquio.com.br\/es\/wp-json\/wp\/v2\/categories?post=9409"},{"taxonomy":"post_tag","embeddable":true,"href":"https:\/\/www.padreeustaquio.com.br\/es\/wp-json\/wp\/v2\/tags?post=9409"}],"curies":[{"name":"wp","href":"https:\/\/api.w.org\/{rel}","templated":true}]}}