{"id":9402,"date":"2022-10-18T06:18:00","date_gmt":"2022-10-18T09:18:00","guid":{"rendered":"https:\/\/www.padreeustaquio.com.br\/?p=9402"},"modified":"2022-10-17T07:39:10","modified_gmt":"2022-10-17T10:39:10","slug":"las-misas-de-los-miercoles-a-las-12-del-mediodia-tendran-una-bendicion-con-la-imposicion-de-manos","status":"publish","type":"post","link":"https:\/\/www.padreeustaquio.com.br\/es\/las-misas-de-los-miercoles-a-las-12-del-mediodia-tendran-una-bendicion-con-la-imposicion-de-manos\/","title":{"rendered":"Las misas de los mi\u00e9rcoles a las 12 del mediod\u00eda incluir\u00e1n una bendici\u00f3n con la imposici\u00f3n de manos."},"content":{"rendered":"<p>A partir del pr\u00f3ximo mi\u00e9rcoles 19 de octubre, la Santa Misa, celebrada al mediod\u00eda (12:00 p. m.) en el Santuario Arquidiocesano de Salud y Paz, incluir\u00e1 una bendici\u00f3n mediante la imposici\u00f3n de manos sacerdotales. Este gesto, descrito en la Biblia a partir de textos del Antiguo Testamento, es como una s\u00faplica para que todas las bendiciones de Dios caigan sobre la persona bajo las manos sacerdotales.<\/p>\n\n\n\n<p>Como es costumbre, las misas celebradas en la Iglesia del Beato Padre Eustaquio ya incluyen oraci\u00f3n y s\u00faplica al Beato, inmediatamente despu\u00e9s de la oraci\u00f3n despu\u00e9s de la comuni\u00f3n. Los fieles se dirigen a la imagen del Beato en el presbiterio y repiten la oraci\u00f3n que \u00e9l mismo utiliz\u00f3 al bendecir a quienes lo buscaban. A partir de ahora, los mi\u00e9rcoles a las 12 del mediod\u00eda, el sacerdote impondr\u00e1 las manos sobre la cabeza de los devotos tras la bendici\u00f3n final.<\/p>\n\n\n\n<p>Durante varios a\u00f1os, la iglesia de Nossa Senhora do Perp\u00e9tuo Socorro, en el barrio de Campo Grande de R\u00edo de Janeiro, ha mantenido la tradici\u00f3n de la bendici\u00f3n de la Salud y la Paz con la imposici\u00f3n de manos en la misa del mi\u00e9rcoles al mediod\u00eda. All\u00ed, devotos de diversas partes de R\u00edo celebran la Santa Misa y reciben la bendici\u00f3n cada semana, por intercesi\u00f3n del Padre Eust\u00e1quio.<\/p>\n\n\n\n<p>Adem\u00e1s de los mi\u00e9rcoles, el Santuario de la Salud y la Paz en Belo Horizonte, Minas Gerais, ofrece servicios religiosos de mediod\u00eda de martes a viernes, as\u00ed como misas a las 7:00 y a las 19:00. Los s\u00e1bados, las misas son a las 7:00 y a las 17:00, y los domingos a las 7:00, 8:30, 10:00, 17:00 y 19:00. Los lunes, la celebraci\u00f3n eucar\u00edstica se realiza solo a las 19:00. <\/p>\n\n\n\n<p>Por ahora <strong>La imposici\u00f3n de manos se realizar\u00e1 \u00fanicamente en la misa del mi\u00e9rcoles a las 12:00 horas.<\/strong>, Pero la idea es que el gesto tambi\u00e9n se pueda realizar en otras celebraciones en el futuro.<\/p>\n\n\n\n<p><\/p>","protected":false},"excerpt":{"rendered":"<p>A partir da pr\u00f3xima quarta-feira, dia 19 de outubro, a Santa Missa celebrada ao meio dia (12h) no Santu\u00e1rio Arquidiocesano da Sa\u00fade e da Paz, passar\u00e1 a contar com a b\u00ean\u00e7\u00e3o pela imposi\u00e7\u00e3o das m\u00e3os sacerdotais. O gesto, narrado na b\u00edblia desde textos do antigo testamento, \u00e9 como uma s\u00faplica para que toda a b\u00ean\u00e7\u00e3o de Deus caia sobre a pessoa que est\u00e1 debaixo das m\u00e3os. Como j\u00e1 \u00e9 costume, as missas celebradas na Igreja do Beato Padre Eust\u00e1quio j\u00e1 contam com a ora\u00e7\u00e3o e s\u00faplica ao Bem-Aventurado, logo ap\u00f3s a ora\u00e7\u00e3o depois da comunh\u00e3o. Os fi\u00e9is se voltam \u00e0 [&hellip;]<\/p>\n","protected":false},"author":2,"featured_media":9403,"comment_status":"open","ping_status":"closed","sticky":false,"template":"","format":"standard","meta":{"_acf_changed":false,"footnotes":""},"categories":[611],"tags":[],"class_list":["post-9402","post","type-post","status-publish","format-standard","has-post-thumbnail","hentry","category-noticias"],"acf":[],"yoast_head":"<!-- This site is optimized with the Yoast SEO plugin v27.2 - https:\/\/yoast.com\/product\/yoast-seo-wordpress\/ -->\n<title>Missas de quarta-feira, 12h, ter\u00e3o b\u00ean\u00e7\u00e3o com imposi\u00e7\u00e3o das m\u00e3os<\/title>\n<meta name=\"description\" content=\"A partir da pr\u00f3xima quarta-feira, dia 19 de outubro, a Santa Missa celebrada ao meio dia (12h) no Santu\u00e1rio Arquidiocesano da Sa\u00fade e da Paz, passar\u00e1 a contar com a b\u00ean\u00e7\u00e3o pela imposi\u00e7\u00e3o das m\u00e3os sacerdotais. O gesto, narrado na b\u00edblia desde textos do antigo testamento, \u00e9 como uma s\u00faplica para que toda a b\u00ean\u00e7\u00e3o de Deus caia sobre a pessoa que est\u00e1 debaixo das m\u00e3os.\" \/>\n<meta name=\"robots\" content=\"index, follow, max-snippet:-1, max-image-preview:large, max-video-preview:-1\" \/>\n<link rel=\"canonical\" href=\"https:\/\/www.padreeustaquio.com.br\/es\/las-misas-de-los-miercoles-a-las-12-del-mediodia-tendran-una-bendicion-con-la-imposicion-de-manos\/\" \/>\n<meta property=\"og:locale\" content=\"es_ES\" \/>\n<meta property=\"og:type\" content=\"article\" \/>\n<meta property=\"og:title\" content=\"Missas de quarta-feira, 12h, ter\u00e3o b\u00ean\u00e7\u00e3o com imposi\u00e7\u00e3o das m\u00e3os\" \/>\n<meta property=\"og:description\" content=\"A partir da pr\u00f3xima quarta-feira, dia 19 de outubro, a Santa Missa celebrada ao meio dia (12h) no Santu\u00e1rio Arquidiocesano da Sa\u00fade e da Paz, passar\u00e1 a contar com a b\u00ean\u00e7\u00e3o pela imposi\u00e7\u00e3o das m\u00e3os sacerdotais. O gesto, narrado na b\u00edblia desde textos do antigo testamento, \u00e9 como uma s\u00faplica para que toda a b\u00ean\u00e7\u00e3o de Deus caia sobre a pessoa que est\u00e1 debaixo das m\u00e3os.\" \/>\n<meta property=\"og:url\" content=\"https:\/\/www.padreeustaquio.com.br\/es\/las-misas-de-los-miercoles-a-las-12-del-mediodia-tendran-una-bendicion-con-la-imposicion-de-manos\/\" \/>\n<meta property=\"og:site_name\" content=\"Padre Eust\u00e1quio\" \/>\n<meta property=\"article:publisher\" content=\"https:\/\/www.facebook.com\/beatopadreeustaquio\/\" \/>\n<meta property=\"article:published_time\" content=\"2022-10-18T09:18:00+00:00\" \/>\n<meta property=\"og:image\" content=\"https:\/\/www.padreeustaquio.com.br\/wp-content\/uploads\/2022\/10\/missa-no-santuario-saude-e-paz.jpeg\" \/>\n\t<meta property=\"og:image:width\" content=\"1280\" \/>\n\t<meta property=\"og:image:height\" content=\"958\" \/>\n\t<meta property=\"og:image:type\" content=\"image\/jpeg\" \/>\n<meta name=\"author\" content=\"@sscc\" \/>\n<meta name=\"twitter:card\" content=\"summary_large_image\" \/>\n<meta name=\"twitter:image\" content=\"https:\/\/www.padreeustaquio.com.br\/wp-content\/uploads\/2022\/10\/missa-no-santuario-saude-e-paz.jpeg\" \/>\n<meta name=\"twitter:creator\" content=\"@beatopeustaquio\" \/>\n<meta name=\"twitter:site\" content=\"@beatopeustaquio\" \/>\n<meta name=\"twitter:label1\" content=\"Escrito por\" \/>\n\t<meta name=\"twitter:data1\" content=\"@sscc\" \/>\n\t<meta name=\"twitter:label2\" content=\"Tiempo de lectura\" \/>\n\t<meta name=\"twitter:data2\" content=\"2 minutos\" \/>\n<script type=\"application\/ld+json\" class=\"yoast-schema-graph\">{\"@context\":\"https:\/\/schema.org\",\"@graph\":[{\"@type\":\"Article\",\"@id\":\"https:\/\/www.padreeustaquio.com.br\/missas-de-quarta-feira-12h-terao-bencao-com-imposicao-das-maos\/#article\",\"isPartOf\":{\"@id\":\"https:\/\/www.padreeustaquio.com.br\/missas-de-quarta-feira-12h-terao-bencao-com-imposicao-das-maos\/\"},\"author\":{\"name\":\"@sscc\",\"@id\":\"https:\/\/www.padreeustaquio.com.br\/#\/schema\/person\/a2a51db1d00f1a7af0204a0f1ddb1566\"},\"headline\":\"Missas de quarta-feira, 12h, ter\u00e3o b\u00ean\u00e7\u00e3o com imposi\u00e7\u00e3o das m\u00e3os\",\"datePublished\":\"2022-10-18T09:18:00+00:00\",\"mainEntityOfPage\":{\"@id\":\"https:\/\/www.padreeustaquio.com.br\/missas-de-quarta-feira-12h-terao-bencao-com-imposicao-das-maos\/\"},\"wordCount\":359,\"commentCount\":0,\"publisher\":{\"@id\":\"https:\/\/www.padreeustaquio.com.br\/#organization\"},\"image\":{\"@id\":\"https:\/\/www.padreeustaquio.com.br\/missas-de-quarta-feira-12h-terao-bencao-com-imposicao-das-maos\/#primaryimage\"},\"thumbnailUrl\":\"https:\/\/www.padreeustaquio.com.br\/wp-content\/uploads\/2022\/10\/missa-no-santuario-saude-e-paz.jpeg\",\"articleSection\":[\"Not\u00edcias\"],\"inLanguage\":\"es\",\"potentialAction\":[{\"@type\":\"CommentAction\",\"name\":\"Comment\",\"target\":[\"https:\/\/www.padreeustaquio.com.br\/missas-de-quarta-feira-12h-terao-bencao-com-imposicao-das-maos\/#respond\"]}]},{\"@type\":\"WebPage\",\"@id\":\"https:\/\/www.padreeustaquio.com.br\/missas-de-quarta-feira-12h-terao-bencao-com-imposicao-das-maos\/\",\"url\":\"https:\/\/www.padreeustaquio.com.br\/missas-de-quarta-feira-12h-terao-bencao-com-imposicao-das-maos\/\",\"name\":\"Missas de quarta-feira, 12h, ter\u00e3o b\u00ean\u00e7\u00e3o com imposi\u00e7\u00e3o das m\u00e3os\",\"isPartOf\":{\"@id\":\"https:\/\/www.padreeustaquio.com.br\/#website\"},\"primaryImageOfPage\":{\"@id\":\"https:\/\/www.padreeustaquio.com.br\/missas-de-quarta-feira-12h-terao-bencao-com-imposicao-das-maos\/#primaryimage\"},\"image\":{\"@id\":\"https:\/\/www.padreeustaquio.com.br\/missas-de-quarta-feira-12h-terao-bencao-com-imposicao-das-maos\/#primaryimage\"},\"thumbnailUrl\":\"https:\/\/www.padreeustaquio.com.br\/wp-content\/uploads\/2022\/10\/missa-no-santuario-saude-e-paz.jpeg\",\"datePublished\":\"2022-10-18T09:18:00+00:00\",\"description\":\"A partir da pr\u00f3xima quarta-feira, dia 19 de outubro, a Santa Missa celebrada ao meio dia (12h) no Santu\u00e1rio Arquidiocesano da Sa\u00fade e da Paz, passar\u00e1 a contar com a b\u00ean\u00e7\u00e3o pela imposi\u00e7\u00e3o das m\u00e3os sacerdotais. O gesto, narrado na b\u00edblia desde textos do antigo testamento, \u00e9 como uma s\u00faplica para que toda a b\u00ean\u00e7\u00e3o de Deus caia sobre a pessoa que est\u00e1 debaixo das m\u00e3os.\",\"breadcrumb\":{\"@id\":\"https:\/\/www.padreeustaquio.com.br\/missas-de-quarta-feira-12h-terao-bencao-com-imposicao-das-maos\/#breadcrumb\"},\"inLanguage\":\"es\",\"potentialAction\":[{\"@type\":\"ReadAction\",\"target\":[\"https:\/\/www.padreeustaquio.com.br\/missas-de-quarta-feira-12h-terao-bencao-com-imposicao-das-maos\/\"]}]},{\"@type\":\"ImageObject\",\"inLanguage\":\"es\",\"@id\":\"https:\/\/www.padreeustaquio.com.br\/missas-de-quarta-feira-12h-terao-bencao-com-imposicao-das-maos\/#primaryimage\",\"url\":\"https:\/\/www.padreeustaquio.com.br\/wp-content\/uploads\/2022\/10\/missa-no-santuario-saude-e-paz.jpeg\",\"contentUrl\":\"https:\/\/www.padreeustaquio.com.br\/wp-content\/uploads\/2022\/10\/missa-no-santuario-saude-e-paz.jpeg\",\"width\":1280,\"height\":958},{\"@type\":\"BreadcrumbList\",\"@id\":\"https:\/\/www.padreeustaquio.com.br\/missas-de-quarta-feira-12h-terao-bencao-com-imposicao-das-maos\/#breadcrumb\",\"itemListElement\":[{\"@type\":\"ListItem\",\"position\":1,\"name\":\"In\u00edcio\",\"item\":\"https:\/\/www.padreeustaquio.com.br\/\"},{\"@type\":\"ListItem\",\"position\":2,\"name\":\"Missas de quarta-feira, 12h, ter\u00e3o b\u00ean\u00e7\u00e3o com imposi\u00e7\u00e3o das m\u00e3os\"}]},{\"@type\":\"WebSite\",\"@id\":\"https:\/\/www.padreeustaquio.com.br\/#website\",\"url\":\"https:\/\/www.padreeustaquio.com.br\/\",\"name\":\"Padre Eust\u00e1quio\",\"description\":\"Sa\u00fade e Paz\",\"publisher\":{\"@id\":\"https:\/\/www.padreeustaquio.com.br\/#organization\"},\"potentialAction\":[{\"@type\":\"SearchAction\",\"target\":{\"@type\":\"EntryPoint\",\"urlTemplate\":\"https:\/\/www.padreeustaquio.com.br\/?s={search_term_string}\"},\"query-input\":{\"@type\":\"PropertyValueSpecification\",\"valueRequired\":true,\"valueName\":\"search_term_string\"}}],\"inLanguage\":\"es\"},{\"@type\":\"Organization\",\"@id\":\"https:\/\/www.padreeustaquio.com.br\/#organization\",\"name\":\"Padre Eust\u00e1quio\",\"url\":\"https:\/\/www.padreeustaquio.com.br\/\",\"logo\":{\"@type\":\"ImageObject\",\"inLanguage\":\"es\",\"@id\":\"https:\/\/www.padreeustaquio.com.br\/#\/schema\/logo\/image\/\",\"url\":\"https:\/\/www.padreeustaquio.com.br\/wp-content\/uploads\/2019\/08\/marca.png\",\"contentUrl\":\"https:\/\/www.padreeustaquio.com.br\/wp-content\/uploads\/2019\/08\/marca.png\",\"width\":350,\"height\":400,\"caption\":\"Padre Eust\u00e1quio\"},\"image\":{\"@id\":\"https:\/\/www.padreeustaquio.com.br\/#\/schema\/logo\/image\/\"},\"sameAs\":[\"https:\/\/www.facebook.com\/beatopadreeustaquio\/\",\"https:\/\/x.com\/beatopeustaquio\",\"https:\/\/www.instagram.com\/beatopadreeustaquio\/\",\"https:\/\/www.youtube.com\/channel\/UCRhw7vfabnajwLxb1ZXMeIw\"]},{\"@type\":\"Person\",\"@id\":\"https:\/\/www.padreeustaquio.com.br\/#\/schema\/person\/a2a51db1d00f1a7af0204a0f1ddb1566\",\"name\":\"@sscc\",\"image\":{\"@type\":\"ImageObject\",\"inLanguage\":\"es\",\"@id\":\"https:\/\/secure.gravatar.com\/avatar\/68cfafa5f44617fea54071e215026e0ff06be366c3d54a8425f04fdcb86f8c5f?s=96&d=mm&r=g\",\"url\":\"https:\/\/secure.gravatar.com\/avatar\/68cfafa5f44617fea54071e215026e0ff06be366c3d54a8425f04fdcb86f8c5f?s=96&d=mm&r=g\",\"contentUrl\":\"https:\/\/secure.gravatar.com\/avatar\/68cfafa5f44617fea54071e215026e0ff06be366c3d54a8425f04fdcb86f8c5f?s=96&d=mm&r=g\",\"caption\":\"@sscc\"},\"url\":\"https:\/\/www.padreeustaquio.com.br\/es\/author\/sscc\/\"}]}<\/script>\n<!-- \/ Yoast SEO plugin. -->","yoast_head_json":{"title":"Las misas de los mi\u00e9rcoles a las 12 del mediod\u00eda incluir\u00e1n una bendici\u00f3n con la imposici\u00f3n de manos.","description":"A partir del pr\u00f3ximo mi\u00e9rcoles 19 de octubre, la Santa Misa, celebrada al mediod\u00eda (12:00 p. m.) en el Santuario Arquidiocesano de Salud y Paz, incluir\u00e1 una bendici\u00f3n mediante la imposici\u00f3n de manos sacerdotales. Este gesto, descrito en la Biblia a partir de textos del Antiguo Testamento, es como una s\u00faplica para que todas las bendiciones de Dios caigan sobre la persona bajo las manos sacerdotales.","robots":{"index":"index","follow":"follow","max-snippet":"max-snippet:-1","max-image-preview":"max-image-preview:large","max-video-preview":"max-video-preview:-1"},"canonical":"https:\/\/www.padreeustaquio.com.br\/es\/las-misas-de-los-miercoles-a-las-12-del-mediodia-tendran-una-bendicion-con-la-imposicion-de-manos\/","og_locale":"es_ES","og_type":"article","og_title":"Missas de quarta-feira, 12h, ter\u00e3o b\u00ean\u00e7\u00e3o com imposi\u00e7\u00e3o das m\u00e3os","og_description":"A partir da pr\u00f3xima quarta-feira, dia 19 de outubro, a Santa Missa celebrada ao meio dia (12h) no Santu\u00e1rio Arquidiocesano da Sa\u00fade e da Paz, passar\u00e1 a contar com a b\u00ean\u00e7\u00e3o pela imposi\u00e7\u00e3o das m\u00e3os sacerdotais. O gesto, narrado na b\u00edblia desde textos do antigo testamento, \u00e9 como uma s\u00faplica para que toda a b\u00ean\u00e7\u00e3o de Deus caia sobre a pessoa que est\u00e1 debaixo das m\u00e3os.","og_url":"https:\/\/www.padreeustaquio.com.br\/es\/las-misas-de-los-miercoles-a-las-12-del-mediodia-tendran-una-bendicion-con-la-imposicion-de-manos\/","og_site_name":"Padre Eust\u00e1quio","article_publisher":"https:\/\/www.facebook.com\/beatopadreeustaquio\/","article_published_time":"2022-10-18T09:18:00+00:00","og_image":[{"width":1280,"height":958,"url":"https:\/\/www.padreeustaquio.com.br\/wp-content\/uploads\/2022\/10\/missa-no-santuario-saude-e-paz.jpeg","type":"image\/jpeg"}],"author":"@sscc","twitter_card":"summary_large_image","twitter_image":"https:\/\/www.padreeustaquio.com.br\/wp-content\/uploads\/2022\/10\/missa-no-santuario-saude-e-paz.jpeg","twitter_creator":"@beatopeustaquio","twitter_site":"@beatopeustaquio","twitter_misc":{"Escrito por":"@sscc","Tiempo de lectura":"2 minutos"},"schema":{"@context":"https:\/\/schema.org","@graph":[{"@type":"Article","@id":"https:\/\/www.padreeustaquio.com.br\/missas-de-quarta-feira-12h-terao-bencao-com-imposicao-das-maos\/#article","isPartOf":{"@id":"https:\/\/www.padreeustaquio.com.br\/missas-de-quarta-feira-12h-terao-bencao-com-imposicao-das-maos\/"},"author":{"name":"@sscc","@id":"https:\/\/www.padreeustaquio.com.br\/#\/schema\/person\/a2a51db1d00f1a7af0204a0f1ddb1566"},"headline":"Missas de quarta-feira, 12h, ter\u00e3o b\u00ean\u00e7\u00e3o com imposi\u00e7\u00e3o das m\u00e3os","datePublished":"2022-10-18T09:18:00+00:00","mainEntityOfPage":{"@id":"https:\/\/www.padreeustaquio.com.br\/missas-de-quarta-feira-12h-terao-bencao-com-imposicao-das-maos\/"},"wordCount":359,"commentCount":0,"publisher":{"@id":"https:\/\/www.padreeustaquio.com.br\/#organization"},"image":{"@id":"https:\/\/www.padreeustaquio.com.br\/missas-de-quarta-feira-12h-terao-bencao-com-imposicao-das-maos\/#primaryimage"},"thumbnailUrl":"https:\/\/www.padreeustaquio.com.br\/wp-content\/uploads\/2022\/10\/missa-no-santuario-saude-e-paz.jpeg","articleSection":["Not\u00edcias"],"inLanguage":"es","potentialAction":[{"@type":"CommentAction","name":"Comment","target":["https:\/\/www.padreeustaquio.com.br\/missas-de-quarta-feira-12h-terao-bencao-com-imposicao-das-maos\/#respond"]}]},{"@type":"WebPage","@id":"https:\/\/www.padreeustaquio.com.br\/missas-de-quarta-feira-12h-terao-bencao-com-imposicao-das-maos\/","url":"https:\/\/www.padreeustaquio.com.br\/missas-de-quarta-feira-12h-terao-bencao-com-imposicao-das-maos\/","name":"Las misas de los mi\u00e9rcoles a las 12 del mediod\u00eda incluir\u00e1n una bendici\u00f3n con la imposici\u00f3n de manos.","isPartOf":{"@id":"https:\/\/www.padreeustaquio.com.br\/#website"},"primaryImageOfPage":{"@id":"https:\/\/www.padreeustaquio.com.br\/missas-de-quarta-feira-12h-terao-bencao-com-imposicao-das-maos\/#primaryimage"},"image":{"@id":"https:\/\/www.padreeustaquio.com.br\/missas-de-quarta-feira-12h-terao-bencao-com-imposicao-das-maos\/#primaryimage"},"thumbnailUrl":"https:\/\/www.padreeustaquio.com.br\/wp-content\/uploads\/2022\/10\/missa-no-santuario-saude-e-paz.jpeg","datePublished":"2022-10-18T09:18:00+00:00","description":"A partir del pr\u00f3ximo mi\u00e9rcoles 19 de octubre, la Santa Misa, celebrada al mediod\u00eda (12:00 p. m.) en el Santuario Arquidiocesano de Salud y Paz, incluir\u00e1 una bendici\u00f3n mediante la imposici\u00f3n de manos sacerdotales. Este gesto, descrito en la Biblia a partir de textos del Antiguo Testamento, es como una s\u00faplica para que todas las bendiciones de Dios caigan sobre la persona bajo las manos sacerdotales.","breadcrumb":{"@id":"https:\/\/www.padreeustaquio.com.br\/missas-de-quarta-feira-12h-terao-bencao-com-imposicao-das-maos\/#breadcrumb"},"inLanguage":"es","potentialAction":[{"@type":"ReadAction","target":["https:\/\/www.padreeustaquio.com.br\/missas-de-quarta-feira-12h-terao-bencao-com-imposicao-das-maos\/"]}]},{"@type":"ImageObject","inLanguage":"es","@id":"https:\/\/www.padreeustaquio.com.br\/missas-de-quarta-feira-12h-terao-bencao-com-imposicao-das-maos\/#primaryimage","url":"https:\/\/www.padreeustaquio.com.br\/wp-content\/uploads\/2022\/10\/missa-no-santuario-saude-e-paz.jpeg","contentUrl":"https:\/\/www.padreeustaquio.com.br\/wp-content\/uploads\/2022\/10\/missa-no-santuario-saude-e-paz.jpeg","width":1280,"height":958},{"@type":"BreadcrumbList","@id":"https:\/\/www.padreeustaquio.com.br\/missas-de-quarta-feira-12h-terao-bencao-com-imposicao-das-maos\/#breadcrumb","itemListElement":[{"@type":"ListItem","position":1,"name":"In\u00edcio","item":"https:\/\/www.padreeustaquio.com.br\/"},{"@type":"ListItem","position":2,"name":"Missas de quarta-feira, 12h, ter\u00e3o b\u00ean\u00e7\u00e3o com imposi\u00e7\u00e3o das m\u00e3os"}]},{"@type":"WebSite","@id":"https:\/\/www.padreeustaquio.com.br\/#website","url":"https:\/\/www.padreeustaquio.com.br\/","name":"Padre Eustace","description":"Salud y Paz","publisher":{"@id":"https:\/\/www.padreeustaquio.com.br\/#organization"},"potentialAction":[{"@type":"SearchAction","target":{"@type":"EntryPoint","urlTemplate":"https:\/\/www.padreeustaquio.com.br\/?s={search_term_string}"},"query-input":{"@type":"PropertyValueSpecification","valueRequired":true,"valueName":"search_term_string"}}],"inLanguage":"es"},{"@type":"Organization","@id":"https:\/\/www.padreeustaquio.com.br\/#organization","name":"Padre Eustace","url":"https:\/\/www.padreeustaquio.com.br\/","logo":{"@type":"ImageObject","inLanguage":"es","@id":"https:\/\/www.padreeustaquio.com.br\/#\/schema\/logo\/image\/","url":"https:\/\/www.padreeustaquio.com.br\/wp-content\/uploads\/2019\/08\/marca.png","contentUrl":"https:\/\/www.padreeustaquio.com.br\/wp-content\/uploads\/2019\/08\/marca.png","width":350,"height":400,"caption":"Padre Eust\u00e1quio"},"image":{"@id":"https:\/\/www.padreeustaquio.com.br\/#\/schema\/logo\/image\/"},"sameAs":["https:\/\/www.facebook.com\/beatopadreeustaquio\/","https:\/\/x.com\/beatopeustaquio","https:\/\/www.instagram.com\/beatopadreeustaquio\/","https:\/\/www.youtube.com\/channel\/UCRhw7vfabnajwLxb1ZXMeIw"]},{"@type":"Person","@id":"https:\/\/www.padreeustaquio.com.br\/#\/schema\/person\/a2a51db1d00f1a7af0204a0f1ddb1566","name":"@sscc","image":{"@type":"ImageObject","inLanguage":"es","@id":"https:\/\/secure.gravatar.com\/avatar\/68cfafa5f44617fea54071e215026e0ff06be366c3d54a8425f04fdcb86f8c5f?s=96&d=mm&r=g","url":"https:\/\/secure.gravatar.com\/avatar\/68cfafa5f44617fea54071e215026e0ff06be366c3d54a8425f04fdcb86f8c5f?s=96&d=mm&r=g","contentUrl":"https:\/\/secure.gravatar.com\/avatar\/68cfafa5f44617fea54071e215026e0ff06be366c3d54a8425f04fdcb86f8c5f?s=96&d=mm&r=g","caption":"@sscc"},"url":"https:\/\/www.padreeustaquio.com.br\/es\/author\/sscc\/"}]}},"_links":{"self":[{"href":"https:\/\/www.padreeustaquio.com.br\/es\/wp-json\/wp\/v2\/posts\/9402","targetHints":{"allow":["GET"]}}],"collection":[{"href":"https:\/\/www.padreeustaquio.com.br\/es\/wp-json\/wp\/v2\/posts"}],"about":[{"href":"https:\/\/www.padreeustaquio.com.br\/es\/wp-json\/wp\/v2\/types\/post"}],"author":[{"embeddable":true,"href":"https:\/\/www.padreeustaquio.com.br\/es\/wp-json\/wp\/v2\/users\/2"}],"replies":[{"embeddable":true,"href":"https:\/\/www.padreeustaquio.com.br\/es\/wp-json\/wp\/v2\/comments?post=9402"}],"version-history":[{"count":0,"href":"https:\/\/www.padreeustaquio.com.br\/es\/wp-json\/wp\/v2\/posts\/9402\/revisions"}],"wp:featuredmedia":[{"embeddable":true,"href":"https:\/\/www.padreeustaquio.com.br\/es\/wp-json\/wp\/v2\/media\/9403"}],"wp:attachment":[{"href":"https:\/\/www.padreeustaquio.com.br\/es\/wp-json\/wp\/v2\/media?parent=9402"}],"wp:term":[{"taxonomy":"category","embeddable":true,"href":"https:\/\/www.padreeustaquio.com.br\/es\/wp-json\/wp\/v2\/categories?post=9402"},{"taxonomy":"post_tag","embeddable":true,"href":"https:\/\/www.padreeustaquio.com.br\/es\/wp-json\/wp\/v2\/tags?post=9402"}],"curies":[{"name":"wp","href":"https:\/\/api.w.org\/{rel}","templated":true}]}}