{"id":9389,"date":"2022-10-17T07:21:00","date_gmt":"2022-10-17T10:21:00","guid":{"rendered":"https:\/\/www.padreeustaquio.com.br\/?p=9389"},"modified":"2022-10-14T16:30:19","modified_gmt":"2022-10-14T19:30:19","slug":"una-figura-religiosa-de-los-sagrados-corazones-realiza-trabajos-de-restauracion-en-imagenes-sagradas","status":"publish","type":"post","link":"https:\/\/www.padreeustaquio.com.br\/es\/una-figura-religiosa-de-los-sagrados-corazones-realiza-trabajos-de-restauracion-en-imagenes-sagradas\/","title":{"rendered":"Un sacerdote de los Sagrados Corazones est\u00e1 realizando trabajos de restauraci\u00f3n en im\u00e1genes sagradas."},"content":{"rendered":"<p>Uno de los espacios del Santuario de la Salud y la Paz, la Iglesia del Beato Padre Eust\u00e1quio en Belo Horizonte, se ha convertido en un aut\u00e9ntico taller de arte. Desde finales de septiembre, el hermano Vanildo Lima Sena, de 29 a\u00f1os, se dedica a la restauraci\u00f3n de im\u00e1genes sagradas pertenecientes al Santuario. <\/p>\n\n\n\n<p>Durante los \u00faltimos diez a\u00f1os, Vanildo, miembro de la orden religiosa de los Sagrados Corazones, se ha dedicado a la restauraci\u00f3n de im\u00e1genes sagradas. Comenz\u00f3 a aprender este arte cuando a\u00fan viv\u00eda en Manhumirim, en la Zona da Mata de Minas Gerais.<\/p>\n\n\n\n<p>El religioso afirma que su inter\u00e9s por el arte sacro se remonta a su adolescencia en Anchieta, Esp\u00edrito Santo, su ciudad natal. A los 18 a\u00f1os, cuando ingres\u00f3 al seminario, Vanildo tuvo mayor contacto con el arte: <em>\u201cHubo una renovaci\u00f3n en el seminario donde estudi\u00e9, y las im\u00e1genes viejas y rotas fueron retiradas de sus lugares y llevadas a una habitaci\u00f3n. Fue entonces cuando le ped\u00ed al sacerdote superior que las restaurara y las devolviera a su lugar. \u00a1Y accedi\u00f3!\u201d<\/em><\/p>\n\n\n\n<p>Autodidacta, el solicitante relata que busc\u00f3 a un artista famoso en Manhumirim para aprender t\u00e9cnicas espec\u00edficas, y desde entonces no ha dejado de restaurar im\u00e1genes. En 2016, al unirse a los Sagrados Corazones, Vanildo fue invitado a restaurar las ocho im\u00e1genes de la Iglesia de Nuestra Se\u00f1ora de la Concepci\u00f3n en Pedra Azul, en el Valle de Jequitinhonha.<\/p>\n\n\n\n<p>Tras finalizar el trabajo con las piezas de Pedra Azul, el religioso comenz\u00f3 a restaurar una imagen de Santa Margarita Mar\u00eda, cuya festividad lit\u00fargica se celebr\u00f3 este domingo (16). La escultura fue entregada a la comunidad con motivo de la festividad de la santa.<\/p>\n\n\n\n<p>El hermano Vanildo tambi\u00e9n es responsable de finalizar las obras de arte para los Oratorios del Padre Eustaquio, que comenzaron a entregarse en agosto a los devotos que desean rezar junto a la imagen.<\/p>\n\n\n\n<p><\/p>","protected":false},"excerpt":{"rendered":"<p>Um dos espa\u00e7os do Santu\u00e1rio da Sa\u00fade e da Paz, a Igreja do Beato Padre Eust\u00e1quio em Belo Horizonte, tem se tornado um verdadeiro ateli\u00ea de arte. Desde o final de setembro, o irm\u00e3o Vanildo Lima Sena, de 29 anos, se dedica ao of\u00edcio de restaurar imagens sacras que pertencem ao Santu\u00e1rio. H\u00e1 dez anos, Vanildo, que \u00e9 religioso dos Sagrados Cora\u00e7\u00f5es, se dedica \u00e0 recupera\u00e7\u00e3o de imagens sacras. Arte que come\u00e7ou a aprender quando ainda morava em Manhumirim, na Zona da Mata mineira. O religioso conta que o interesse em trabalhar com pe\u00e7as sacras vem desde a adolesc\u00eancia, em [&hellip;]<\/p>\n","protected":false},"author":2,"featured_media":9390,"comment_status":"open","ping_status":"closed","sticky":false,"template":"","format":"standard","meta":{"_acf_changed":false,"footnotes":""},"categories":[611],"tags":[],"class_list":["post-9389","post","type-post","status-publish","format-standard","has-post-thumbnail","hentry","category-noticias"],"acf":[],"yoast_head":"<!-- This site is optimized with the Yoast SEO plugin v27.2 - https:\/\/yoast.com\/product\/yoast-seo-wordpress\/ -->\n<title>Religioso dos Sagrados Cora\u00e7\u00f5es faz trabalho de restauro em imagens sacras<\/title>\n<meta name=\"description\" content=\"Um dos espa\u00e7os do Santu\u00e1rio da Sa\u00fade e da Paz, a Igreja do Beato Padre Eust\u00e1quio em Belo Horizonte, tem se tornado um verdadeiro ateli\u00ea de arte. Desde o final de setembro, o irm\u00e3o Vanildo Lima Sena, de 29 anos, se dedica ao of\u00edcio de restaurar imagens sacras que pertencem ao Santu\u00e1rio.\" \/>\n<meta name=\"robots\" content=\"index, follow, max-snippet:-1, max-image-preview:large, max-video-preview:-1\" \/>\n<link rel=\"canonical\" href=\"https:\/\/www.padreeustaquio.com.br\/es\/una-figura-religiosa-de-los-sagrados-corazones-realiza-trabajos-de-restauracion-en-imagenes-sagradas\/\" \/>\n<meta property=\"og:locale\" content=\"es_ES\" \/>\n<meta property=\"og:type\" content=\"article\" \/>\n<meta property=\"og:title\" content=\"Religioso dos Sagrados Cora\u00e7\u00f5es faz trabalho de restauro em imagens sacras\" \/>\n<meta property=\"og:description\" content=\"Um dos espa\u00e7os do Santu\u00e1rio da Sa\u00fade e da Paz, a Igreja do Beato Padre Eust\u00e1quio em Belo Horizonte, tem se tornado um verdadeiro ateli\u00ea de arte. Desde o final de setembro, o irm\u00e3o Vanildo Lima Sena, de 29 anos, se dedica ao of\u00edcio de restaurar imagens sacras que pertencem ao Santu\u00e1rio.\" \/>\n<meta property=\"og:url\" content=\"https:\/\/www.padreeustaquio.com.br\/es\/una-figura-religiosa-de-los-sagrados-corazones-realiza-trabajos-de-restauracion-en-imagenes-sagradas\/\" \/>\n<meta property=\"og:site_name\" content=\"Padre Eust\u00e1quio\" \/>\n<meta property=\"article:publisher\" content=\"https:\/\/www.facebook.com\/beatopadreeustaquio\/\" \/>\n<meta property=\"article:published_time\" content=\"2022-10-17T10:21:00+00:00\" \/>\n<meta property=\"og:image\" content=\"https:\/\/www.padreeustaquio.com.br\/wp-content\/uploads\/2022\/10\/VANILDO-RESTAURANDO.jpg\" \/>\n\t<meta property=\"og:image:width\" content=\"748\" \/>\n\t<meta property=\"og:image:height\" content=\"394\" \/>\n\t<meta property=\"og:image:type\" content=\"image\/jpeg\" \/>\n<meta name=\"author\" content=\"@sscc\" \/>\n<meta name=\"twitter:card\" content=\"summary_large_image\" \/>\n<meta name=\"twitter:image\" content=\"https:\/\/www.padreeustaquio.com.br\/wp-content\/uploads\/2022\/10\/VANILDO-RESTAURANDO.jpg\" \/>\n<meta name=\"twitter:creator\" content=\"@beatopeustaquio\" \/>\n<meta name=\"twitter:site\" content=\"@beatopeustaquio\" \/>\n<meta name=\"twitter:label1\" content=\"Escrito por\" \/>\n\t<meta name=\"twitter:data1\" content=\"@sscc\" \/>\n\t<meta name=\"twitter:label2\" content=\"Tiempo de lectura\" \/>\n\t<meta name=\"twitter:data2\" content=\"2 minutos\" \/>\n<script type=\"application\/ld+json\" class=\"yoast-schema-graph\">{\"@context\":\"https:\/\/schema.org\",\"@graph\":[{\"@type\":\"Article\",\"@id\":\"https:\/\/www.padreeustaquio.com.br\/religioso-dos-sagrados-coracoes-faz-trabalho-de-restauro-em-imagens-sacras\/#article\",\"isPartOf\":{\"@id\":\"https:\/\/www.padreeustaquio.com.br\/religioso-dos-sagrados-coracoes-faz-trabalho-de-restauro-em-imagens-sacras\/\"},\"author\":{\"name\":\"@sscc\",\"@id\":\"https:\/\/www.padreeustaquio.com.br\/#\/schema\/person\/a2a51db1d00f1a7af0204a0f1ddb1566\"},\"headline\":\"Religioso dos Sagrados Cora\u00e7\u00f5es faz trabalho de restauro em imagens sacras\",\"datePublished\":\"2022-10-17T10:21:00+00:00\",\"mainEntityOfPage\":{\"@id\":\"https:\/\/www.padreeustaquio.com.br\/religioso-dos-sagrados-coracoes-faz-trabalho-de-restauro-em-imagens-sacras\/\"},\"wordCount\":331,\"commentCount\":0,\"publisher\":{\"@id\":\"https:\/\/www.padreeustaquio.com.br\/#organization\"},\"image\":{\"@id\":\"https:\/\/www.padreeustaquio.com.br\/religioso-dos-sagrados-coracoes-faz-trabalho-de-restauro-em-imagens-sacras\/#primaryimage\"},\"thumbnailUrl\":\"https:\/\/www.padreeustaquio.com.br\/wp-content\/uploads\/2022\/10\/VANILDO-RESTAURANDO.jpg\",\"articleSection\":[\"Not\u00edcias\"],\"inLanguage\":\"es\",\"potentialAction\":[{\"@type\":\"CommentAction\",\"name\":\"Comment\",\"target\":[\"https:\/\/www.padreeustaquio.com.br\/religioso-dos-sagrados-coracoes-faz-trabalho-de-restauro-em-imagens-sacras\/#respond\"]}]},{\"@type\":\"WebPage\",\"@id\":\"https:\/\/www.padreeustaquio.com.br\/religioso-dos-sagrados-coracoes-faz-trabalho-de-restauro-em-imagens-sacras\/\",\"url\":\"https:\/\/www.padreeustaquio.com.br\/religioso-dos-sagrados-coracoes-faz-trabalho-de-restauro-em-imagens-sacras\/\",\"name\":\"Religioso dos Sagrados Cora\u00e7\u00f5es faz trabalho de restauro em imagens sacras\",\"isPartOf\":{\"@id\":\"https:\/\/www.padreeustaquio.com.br\/#website\"},\"primaryImageOfPage\":{\"@id\":\"https:\/\/www.padreeustaquio.com.br\/religioso-dos-sagrados-coracoes-faz-trabalho-de-restauro-em-imagens-sacras\/#primaryimage\"},\"image\":{\"@id\":\"https:\/\/www.padreeustaquio.com.br\/religioso-dos-sagrados-coracoes-faz-trabalho-de-restauro-em-imagens-sacras\/#primaryimage\"},\"thumbnailUrl\":\"https:\/\/www.padreeustaquio.com.br\/wp-content\/uploads\/2022\/10\/VANILDO-RESTAURANDO.jpg\",\"datePublished\":\"2022-10-17T10:21:00+00:00\",\"description\":\"Um dos espa\u00e7os do Santu\u00e1rio da Sa\u00fade e da Paz, a Igreja do Beato Padre Eust\u00e1quio em Belo Horizonte, tem se tornado um verdadeiro ateli\u00ea de arte. Desde o final de setembro, o irm\u00e3o Vanildo Lima Sena, de 29 anos, se dedica ao of\u00edcio de restaurar imagens sacras que pertencem ao Santu\u00e1rio.\",\"breadcrumb\":{\"@id\":\"https:\/\/www.padreeustaquio.com.br\/religioso-dos-sagrados-coracoes-faz-trabalho-de-restauro-em-imagens-sacras\/#breadcrumb\"},\"inLanguage\":\"es\",\"potentialAction\":[{\"@type\":\"ReadAction\",\"target\":[\"https:\/\/www.padreeustaquio.com.br\/religioso-dos-sagrados-coracoes-faz-trabalho-de-restauro-em-imagens-sacras\/\"]}]},{\"@type\":\"ImageObject\",\"inLanguage\":\"es\",\"@id\":\"https:\/\/www.padreeustaquio.com.br\/religioso-dos-sagrados-coracoes-faz-trabalho-de-restauro-em-imagens-sacras\/#primaryimage\",\"url\":\"https:\/\/www.padreeustaquio.com.br\/wp-content\/uploads\/2022\/10\/VANILDO-RESTAURANDO.jpg\",\"contentUrl\":\"https:\/\/www.padreeustaquio.com.br\/wp-content\/uploads\/2022\/10\/VANILDO-RESTAURANDO.jpg\",\"width\":748,\"height\":394},{\"@type\":\"BreadcrumbList\",\"@id\":\"https:\/\/www.padreeustaquio.com.br\/religioso-dos-sagrados-coracoes-faz-trabalho-de-restauro-em-imagens-sacras\/#breadcrumb\",\"itemListElement\":[{\"@type\":\"ListItem\",\"position\":1,\"name\":\"In\u00edcio\",\"item\":\"https:\/\/www.padreeustaquio.com.br\/\"},{\"@type\":\"ListItem\",\"position\":2,\"name\":\"Religioso dos Sagrados Cora\u00e7\u00f5es faz trabalho de restauro em imagens sacras\"}]},{\"@type\":\"WebSite\",\"@id\":\"https:\/\/www.padreeustaquio.com.br\/#website\",\"url\":\"https:\/\/www.padreeustaquio.com.br\/\",\"name\":\"Padre Eust\u00e1quio\",\"description\":\"Sa\u00fade e Paz\",\"publisher\":{\"@id\":\"https:\/\/www.padreeustaquio.com.br\/#organization\"},\"potentialAction\":[{\"@type\":\"SearchAction\",\"target\":{\"@type\":\"EntryPoint\",\"urlTemplate\":\"https:\/\/www.padreeustaquio.com.br\/?s={search_term_string}\"},\"query-input\":{\"@type\":\"PropertyValueSpecification\",\"valueRequired\":true,\"valueName\":\"search_term_string\"}}],\"inLanguage\":\"es\"},{\"@type\":\"Organization\",\"@id\":\"https:\/\/www.padreeustaquio.com.br\/#organization\",\"name\":\"Padre Eust\u00e1quio\",\"url\":\"https:\/\/www.padreeustaquio.com.br\/\",\"logo\":{\"@type\":\"ImageObject\",\"inLanguage\":\"es\",\"@id\":\"https:\/\/www.padreeustaquio.com.br\/#\/schema\/logo\/image\/\",\"url\":\"https:\/\/www.padreeustaquio.com.br\/wp-content\/uploads\/2019\/08\/marca.png\",\"contentUrl\":\"https:\/\/www.padreeustaquio.com.br\/wp-content\/uploads\/2019\/08\/marca.png\",\"width\":350,\"height\":400,\"caption\":\"Padre Eust\u00e1quio\"},\"image\":{\"@id\":\"https:\/\/www.padreeustaquio.com.br\/#\/schema\/logo\/image\/\"},\"sameAs\":[\"https:\/\/www.facebook.com\/beatopadreeustaquio\/\",\"https:\/\/x.com\/beatopeustaquio\",\"https:\/\/www.instagram.com\/beatopadreeustaquio\/\",\"https:\/\/www.youtube.com\/channel\/UCRhw7vfabnajwLxb1ZXMeIw\"]},{\"@type\":\"Person\",\"@id\":\"https:\/\/www.padreeustaquio.com.br\/#\/schema\/person\/a2a51db1d00f1a7af0204a0f1ddb1566\",\"name\":\"@sscc\",\"image\":{\"@type\":\"ImageObject\",\"inLanguage\":\"es\",\"@id\":\"https:\/\/secure.gravatar.com\/avatar\/68cfafa5f44617fea54071e215026e0ff06be366c3d54a8425f04fdcb86f8c5f?s=96&d=mm&r=g\",\"url\":\"https:\/\/secure.gravatar.com\/avatar\/68cfafa5f44617fea54071e215026e0ff06be366c3d54a8425f04fdcb86f8c5f?s=96&d=mm&r=g\",\"contentUrl\":\"https:\/\/secure.gravatar.com\/avatar\/68cfafa5f44617fea54071e215026e0ff06be366c3d54a8425f04fdcb86f8c5f?s=96&d=mm&r=g\",\"caption\":\"@sscc\"},\"url\":\"https:\/\/www.padreeustaquio.com.br\/es\/author\/sscc\/\"}]}<\/script>\n<!-- \/ Yoast SEO plugin. -->","yoast_head_json":{"title":"Un sacerdote de los Sagrados Corazones est\u00e1 realizando trabajos de restauraci\u00f3n en im\u00e1genes sagradas.","description":"Uno de los espacios del Santuario de la Salud y la Paz, la Iglesia del Beato Padre Eust\u00e1quio en Belo Horizonte, se ha convertido en un aut\u00e9ntico taller de arte. Desde finales de septiembre, el hermano Vanildo Lima Sena, de 29 a\u00f1os, se dedica a la restauraci\u00f3n de im\u00e1genes sagradas pertenecientes al Santuario.","robots":{"index":"index","follow":"follow","max-snippet":"max-snippet:-1","max-image-preview":"max-image-preview:large","max-video-preview":"max-video-preview:-1"},"canonical":"https:\/\/www.padreeustaquio.com.br\/es\/una-figura-religiosa-de-los-sagrados-corazones-realiza-trabajos-de-restauracion-en-imagenes-sagradas\/","og_locale":"es_ES","og_type":"article","og_title":"Religioso dos Sagrados Cora\u00e7\u00f5es faz trabalho de restauro em imagens sacras","og_description":"Um dos espa\u00e7os do Santu\u00e1rio da Sa\u00fade e da Paz, a Igreja do Beato Padre Eust\u00e1quio em Belo Horizonte, tem se tornado um verdadeiro ateli\u00ea de arte. Desde o final de setembro, o irm\u00e3o Vanildo Lima Sena, de 29 anos, se dedica ao of\u00edcio de restaurar imagens sacras que pertencem ao Santu\u00e1rio.","og_url":"https:\/\/www.padreeustaquio.com.br\/es\/una-figura-religiosa-de-los-sagrados-corazones-realiza-trabajos-de-restauracion-en-imagenes-sagradas\/","og_site_name":"Padre Eust\u00e1quio","article_publisher":"https:\/\/www.facebook.com\/beatopadreeustaquio\/","article_published_time":"2022-10-17T10:21:00+00:00","og_image":[{"width":748,"height":394,"url":"https:\/\/www.padreeustaquio.com.br\/wp-content\/uploads\/2022\/10\/VANILDO-RESTAURANDO.jpg","type":"image\/jpeg"}],"author":"@sscc","twitter_card":"summary_large_image","twitter_image":"https:\/\/www.padreeustaquio.com.br\/wp-content\/uploads\/2022\/10\/VANILDO-RESTAURANDO.jpg","twitter_creator":"@beatopeustaquio","twitter_site":"@beatopeustaquio","twitter_misc":{"Escrito por":"@sscc","Tiempo de lectura":"2 minutos"},"schema":{"@context":"https:\/\/schema.org","@graph":[{"@type":"Article","@id":"https:\/\/www.padreeustaquio.com.br\/religioso-dos-sagrados-coracoes-faz-trabalho-de-restauro-em-imagens-sacras\/#article","isPartOf":{"@id":"https:\/\/www.padreeustaquio.com.br\/religioso-dos-sagrados-coracoes-faz-trabalho-de-restauro-em-imagens-sacras\/"},"author":{"name":"@sscc","@id":"https:\/\/www.padreeustaquio.com.br\/#\/schema\/person\/a2a51db1d00f1a7af0204a0f1ddb1566"},"headline":"Religioso dos Sagrados Cora\u00e7\u00f5es faz trabalho de restauro em imagens sacras","datePublished":"2022-10-17T10:21:00+00:00","mainEntityOfPage":{"@id":"https:\/\/www.padreeustaquio.com.br\/religioso-dos-sagrados-coracoes-faz-trabalho-de-restauro-em-imagens-sacras\/"},"wordCount":331,"commentCount":0,"publisher":{"@id":"https:\/\/www.padreeustaquio.com.br\/#organization"},"image":{"@id":"https:\/\/www.padreeustaquio.com.br\/religioso-dos-sagrados-coracoes-faz-trabalho-de-restauro-em-imagens-sacras\/#primaryimage"},"thumbnailUrl":"https:\/\/www.padreeustaquio.com.br\/wp-content\/uploads\/2022\/10\/VANILDO-RESTAURANDO.jpg","articleSection":["Not\u00edcias"],"inLanguage":"es","potentialAction":[{"@type":"CommentAction","name":"Comment","target":["https:\/\/www.padreeustaquio.com.br\/religioso-dos-sagrados-coracoes-faz-trabalho-de-restauro-em-imagens-sacras\/#respond"]}]},{"@type":"WebPage","@id":"https:\/\/www.padreeustaquio.com.br\/religioso-dos-sagrados-coracoes-faz-trabalho-de-restauro-em-imagens-sacras\/","url":"https:\/\/www.padreeustaquio.com.br\/religioso-dos-sagrados-coracoes-faz-trabalho-de-restauro-em-imagens-sacras\/","name":"Un sacerdote de los Sagrados Corazones est\u00e1 realizando trabajos de restauraci\u00f3n en im\u00e1genes sagradas.","isPartOf":{"@id":"https:\/\/www.padreeustaquio.com.br\/#website"},"primaryImageOfPage":{"@id":"https:\/\/www.padreeustaquio.com.br\/religioso-dos-sagrados-coracoes-faz-trabalho-de-restauro-em-imagens-sacras\/#primaryimage"},"image":{"@id":"https:\/\/www.padreeustaquio.com.br\/religioso-dos-sagrados-coracoes-faz-trabalho-de-restauro-em-imagens-sacras\/#primaryimage"},"thumbnailUrl":"https:\/\/www.padreeustaquio.com.br\/wp-content\/uploads\/2022\/10\/VANILDO-RESTAURANDO.jpg","datePublished":"2022-10-17T10:21:00+00:00","description":"Uno de los espacios del Santuario de la Salud y la Paz, la Iglesia del Beato Padre Eust\u00e1quio en Belo Horizonte, se ha convertido en un aut\u00e9ntico taller de arte. Desde finales de septiembre, el hermano Vanildo Lima Sena, de 29 a\u00f1os, se dedica a la restauraci\u00f3n de im\u00e1genes sagradas pertenecientes al Santuario.","breadcrumb":{"@id":"https:\/\/www.padreeustaquio.com.br\/religioso-dos-sagrados-coracoes-faz-trabalho-de-restauro-em-imagens-sacras\/#breadcrumb"},"inLanguage":"es","potentialAction":[{"@type":"ReadAction","target":["https:\/\/www.padreeustaquio.com.br\/religioso-dos-sagrados-coracoes-faz-trabalho-de-restauro-em-imagens-sacras\/"]}]},{"@type":"ImageObject","inLanguage":"es","@id":"https:\/\/www.padreeustaquio.com.br\/religioso-dos-sagrados-coracoes-faz-trabalho-de-restauro-em-imagens-sacras\/#primaryimage","url":"https:\/\/www.padreeustaquio.com.br\/wp-content\/uploads\/2022\/10\/VANILDO-RESTAURANDO.jpg","contentUrl":"https:\/\/www.padreeustaquio.com.br\/wp-content\/uploads\/2022\/10\/VANILDO-RESTAURANDO.jpg","width":748,"height":394},{"@type":"BreadcrumbList","@id":"https:\/\/www.padreeustaquio.com.br\/religioso-dos-sagrados-coracoes-faz-trabalho-de-restauro-em-imagens-sacras\/#breadcrumb","itemListElement":[{"@type":"ListItem","position":1,"name":"In\u00edcio","item":"https:\/\/www.padreeustaquio.com.br\/"},{"@type":"ListItem","position":2,"name":"Religioso dos Sagrados Cora\u00e7\u00f5es faz trabalho de restauro em imagens sacras"}]},{"@type":"WebSite","@id":"https:\/\/www.padreeustaquio.com.br\/#website","url":"https:\/\/www.padreeustaquio.com.br\/","name":"Padre Eustace","description":"Salud y Paz","publisher":{"@id":"https:\/\/www.padreeustaquio.com.br\/#organization"},"potentialAction":[{"@type":"SearchAction","target":{"@type":"EntryPoint","urlTemplate":"https:\/\/www.padreeustaquio.com.br\/?s={search_term_string}"},"query-input":{"@type":"PropertyValueSpecification","valueRequired":true,"valueName":"search_term_string"}}],"inLanguage":"es"},{"@type":"Organization","@id":"https:\/\/www.padreeustaquio.com.br\/#organization","name":"Padre Eustace","url":"https:\/\/www.padreeustaquio.com.br\/","logo":{"@type":"ImageObject","inLanguage":"es","@id":"https:\/\/www.padreeustaquio.com.br\/#\/schema\/logo\/image\/","url":"https:\/\/www.padreeustaquio.com.br\/wp-content\/uploads\/2019\/08\/marca.png","contentUrl":"https:\/\/www.padreeustaquio.com.br\/wp-content\/uploads\/2019\/08\/marca.png","width":350,"height":400,"caption":"Padre Eust\u00e1quio"},"image":{"@id":"https:\/\/www.padreeustaquio.com.br\/#\/schema\/logo\/image\/"},"sameAs":["https:\/\/www.facebook.com\/beatopadreeustaquio\/","https:\/\/x.com\/beatopeustaquio","https:\/\/www.instagram.com\/beatopadreeustaquio\/","https:\/\/www.youtube.com\/channel\/UCRhw7vfabnajwLxb1ZXMeIw"]},{"@type":"Person","@id":"https:\/\/www.padreeustaquio.com.br\/#\/schema\/person\/a2a51db1d00f1a7af0204a0f1ddb1566","name":"@sscc","image":{"@type":"ImageObject","inLanguage":"es","@id":"https:\/\/secure.gravatar.com\/avatar\/68cfafa5f44617fea54071e215026e0ff06be366c3d54a8425f04fdcb86f8c5f?s=96&d=mm&r=g","url":"https:\/\/secure.gravatar.com\/avatar\/68cfafa5f44617fea54071e215026e0ff06be366c3d54a8425f04fdcb86f8c5f?s=96&d=mm&r=g","contentUrl":"https:\/\/secure.gravatar.com\/avatar\/68cfafa5f44617fea54071e215026e0ff06be366c3d54a8425f04fdcb86f8c5f?s=96&d=mm&r=g","caption":"@sscc"},"url":"https:\/\/www.padreeustaquio.com.br\/es\/author\/sscc\/"}]}},"_links":{"self":[{"href":"https:\/\/www.padreeustaquio.com.br\/es\/wp-json\/wp\/v2\/posts\/9389","targetHints":{"allow":["GET"]}}],"collection":[{"href":"https:\/\/www.padreeustaquio.com.br\/es\/wp-json\/wp\/v2\/posts"}],"about":[{"href":"https:\/\/www.padreeustaquio.com.br\/es\/wp-json\/wp\/v2\/types\/post"}],"author":[{"embeddable":true,"href":"https:\/\/www.padreeustaquio.com.br\/es\/wp-json\/wp\/v2\/users\/2"}],"replies":[{"embeddable":true,"href":"https:\/\/www.padreeustaquio.com.br\/es\/wp-json\/wp\/v2\/comments?post=9389"}],"version-history":[{"count":0,"href":"https:\/\/www.padreeustaquio.com.br\/es\/wp-json\/wp\/v2\/posts\/9389\/revisions"}],"wp:featuredmedia":[{"embeddable":true,"href":"https:\/\/www.padreeustaquio.com.br\/es\/wp-json\/wp\/v2\/media\/9390"}],"wp:attachment":[{"href":"https:\/\/www.padreeustaquio.com.br\/es\/wp-json\/wp\/v2\/media?parent=9389"}],"wp:term":[{"taxonomy":"category","embeddable":true,"href":"https:\/\/www.padreeustaquio.com.br\/es\/wp-json\/wp\/v2\/categories?post=9389"},{"taxonomy":"post_tag","embeddable":true,"href":"https:\/\/www.padreeustaquio.com.br\/es\/wp-json\/wp\/v2\/tags?post=9389"}],"curies":[{"name":"wp","href":"https:\/\/api.w.org\/{rel}","templated":true}]}}