{"id":9385,"date":"2022-10-14T06:01:00","date_gmt":"2022-10-14T09:01:00","guid":{"rendered":"https:\/\/www.padreeustaquio.com.br\/?p=9385"},"modified":"2022-10-13T12:22:51","modified_gmt":"2022-10-13T15:22:51","slug":"vocacion-y-formacion-sacerdotal-del-padre-eustaquio","status":"publish","type":"post","link":"https:\/\/www.padreeustaquio.com.br\/es\/vocacion-y-formacion-sacerdotal-del-padre-eustaquio\/","title":{"rendered":"VOCACI\u00d3N: La formaci\u00f3n sacerdotal del Padre Eust\u00e1quio"},"content":{"rendered":"<p>En septiembre de 1913, el Padre Eustace ingres\u00f3 en el Noviciado de la Congregaci\u00f3n de los Sagrados Corazones en Tremelo, B\u00e9lgica. Comenz\u00f3 su noviciado bajo la supervisi\u00f3n del Padre Medardo Kaiser y adopt\u00f3 el nombre de Frater Eustace.<\/p>\n\n\n\n<p>El padre Gil van den Boorgart, compa\u00f1ero misionero del padre Eustace, dijo una vez: <em>\u201cEl noviciado que sigui\u00f3 a su paso por nuestra Escuela Apost\u00f3lica se realiz\u00f3 en Tremelo, en la misma casa natal del mencionado Padre Dami\u00e1n, que fue convertida en noviciado; esta casa se encuentra en territorio belga. En 1914, B\u00e9lgica fue invadida por los alemanes, y el noviciado en esa ciudad ces\u00f3. El joven Hubert tuvo que interrumpir su noviciado y regresar a casa, pero no le gust\u00f3, prefiriendo estar en la rector\u00eda vecina, con su ambiente eclesi\u00e1stico. Esta situaci\u00f3n no dur\u00f3 mucho, ya que tuvo que reanudar su noviciado, lo cual hizo y complet\u00f3 en la misma casa donde hab\u00eda estudiado, ya que la Escuela Apost\u00f3lica a la que hab\u00eda asistido hab\u00eda sido trasladada de all\u00ed a otra ubicaci\u00f3n.<\/em>\u201c&quot;, concluy\u00f3 el padre Gil.<\/p>\n\n\n\n<p>En enero de 1915, Eust\u00e1quio profes\u00f3 sus votos temporales y, en septiembre del a\u00f1o siguiente, comenz\u00f3 sus estudios de Teolog\u00eda. Dos a\u00f1os despu\u00e9s, en 1918, profes\u00f3 sus votos perpetuos.<\/p>\n\n\n\n<p>En mayo de 1919 recibi\u00f3 el orden diaconal y tres meses m\u00e1s tarde la ordenaci\u00f3n sacerdotal, en Ginneken.<\/p>\n\n\n\n<p><em>\u201cEstuve presente en la ordenaci\u00f3n sacerdotal y fui quien pronunci\u00f3 el serm\u00f3n en la primera misa. Por lo tanto, puedo afirmar que, en la alegr\u00eda general de aquellos momentos, nada destac\u00f3 como excepcional. Not\u00e9 que sus padres estaban muy conmovidos y lloraban de alegr\u00eda.\u201d <\/em>(Padre Gil)<\/p>","protected":false},"excerpt":{"rendered":"<p>Em setembro de 1913, Padre Eust\u00e1quio vai para o Noviciado da Congrega\u00e7\u00e3o dos Sagrados Cora\u00e7\u00f5es, em Tremelo na B\u00e9lgica. Ele come\u00e7a o noviciado sob a supervis\u00e3o do padre Medardo Kaiser e toma o nome de Frater Eust\u00e1quio. Certa vez, padre Gil van\u00a0den Boorgart, companheiro de miss\u00e3o de Padre Eust\u00e1quio disse: \u201cO noviciado que se seguiu ao per\u00edodo em que esteve em nossa Escola Apost\u00f3lica, foi em Tremelo, na mesma casa onde tinha nascido o referido Padre Dami\u00e3o, a qual foi convertida em Noviciado; esta casa est\u00e1 em territ\u00f3rio belga. No ano de 1914 a B\u00e9lgica foi invadida pelos alem\u00e3es e [&hellip;]<\/p>\n","protected":false},"author":2,"featured_media":9386,"comment_status":"open","ping_status":"closed","sticky":false,"template":"","format":"standard","meta":{"_acf_changed":false,"footnotes":""},"categories":[611],"tags":[],"class_list":["post-9385","post","type-post","status-publish","format-standard","has-post-thumbnail","hentry","category-noticias"],"acf":[],"yoast_head":"<!-- This site is optimized with the Yoast SEO plugin v27.2 - https:\/\/yoast.com\/product\/yoast-seo-wordpress\/ -->\n<title>VOCA\u00c7\u00c3O: A forma\u00e7\u00e3o sacerdotal de Padre Eust\u00e1quio<\/title>\n<meta name=\"description\" content=\"Em setembro de 1913, Padre Eust\u00e1quio vai para o Noviciado da Congrega\u00e7\u00e3o dos Sagrados Cora\u00e7\u00f5es, em Tremelo na B\u00e9lgica. Ele come\u00e7a o noviciado sob a supervis\u00e3o do padre Medardo Kaiser e toma o nome de Frater Eust\u00e1quio.\" \/>\n<meta name=\"robots\" content=\"index, follow, max-snippet:-1, max-image-preview:large, max-video-preview:-1\" \/>\n<link rel=\"canonical\" href=\"https:\/\/www.padreeustaquio.com.br\/es\/vocacion-y-formacion-sacerdotal-del-padre-eustaquio\/\" \/>\n<meta property=\"og:locale\" content=\"es_ES\" \/>\n<meta property=\"og:type\" content=\"article\" \/>\n<meta property=\"og:title\" content=\"VOCA\u00c7\u00c3O: A forma\u00e7\u00e3o sacerdotal de Padre Eust\u00e1quio\" \/>\n<meta property=\"og:description\" content=\"Em setembro de 1913, Padre Eust\u00e1quio vai para o Noviciado da Congrega\u00e7\u00e3o dos Sagrados Cora\u00e7\u00f5es, em Tremelo na B\u00e9lgica. Ele come\u00e7a o noviciado sob a supervis\u00e3o do padre Medardo Kaiser e toma o nome de Frater Eust\u00e1quio.\" \/>\n<meta property=\"og:url\" content=\"https:\/\/www.padreeustaquio.com.br\/es\/vocacion-y-formacion-sacerdotal-del-padre-eustaquio\/\" \/>\n<meta property=\"og:site_name\" content=\"Padre Eust\u00e1quio\" \/>\n<meta property=\"article:publisher\" content=\"https:\/\/www.facebook.com\/beatopadreeustaquio\/\" \/>\n<meta property=\"article:published_time\" content=\"2022-10-14T09:01:00+00:00\" \/>\n<meta property=\"og:image\" content=\"https:\/\/www.padreeustaquio.com.br\/wp-content\/uploads\/2022\/10\/padre-eustaquio-no-seminario-recebe-os-pais.jpeg\" \/>\n\t<meta property=\"og:image:width\" content=\"1280\" \/>\n\t<meta property=\"og:image:height\" content=\"862\" \/>\n\t<meta property=\"og:image:type\" content=\"image\/jpeg\" \/>\n<meta name=\"author\" content=\"@sscc\" \/>\n<meta name=\"twitter:card\" content=\"summary_large_image\" \/>\n<meta name=\"twitter:creator\" content=\"@beatopeustaquio\" \/>\n<meta name=\"twitter:site\" content=\"@beatopeustaquio\" \/>\n<meta name=\"twitter:label1\" content=\"Escrito por\" \/>\n\t<meta name=\"twitter:data1\" content=\"@sscc\" \/>\n\t<meta name=\"twitter:label2\" content=\"Tiempo de lectura\" \/>\n\t<meta name=\"twitter:data2\" content=\"2 minutos\" \/>\n<script type=\"application\/ld+json\" class=\"yoast-schema-graph\">{\"@context\":\"https:\/\/schema.org\",\"@graph\":[{\"@type\":\"Article\",\"@id\":\"https:\/\/www.padreeustaquio.com.br\/vocacao-a-formacao-sacerdotal-de-padre-eustaquio\/#article\",\"isPartOf\":{\"@id\":\"https:\/\/www.padreeustaquio.com.br\/vocacao-a-formacao-sacerdotal-de-padre-eustaquio\/\"},\"author\":{\"name\":\"@sscc\",\"@id\":\"https:\/\/www.padreeustaquio.com.br\/#\/schema\/person\/a2a51db1d00f1a7af0204a0f1ddb1566\"},\"headline\":\"VOCA\u00c7\u00c3O: A forma\u00e7\u00e3o sacerdotal de Padre Eust\u00e1quio\",\"datePublished\":\"2022-10-14T09:01:00+00:00\",\"mainEntityOfPage\":{\"@id\":\"https:\/\/www.padreeustaquio.com.br\/vocacao-a-formacao-sacerdotal-de-padre-eustaquio\/\"},\"wordCount\":301,\"commentCount\":0,\"publisher\":{\"@id\":\"https:\/\/www.padreeustaquio.com.br\/#organization\"},\"image\":{\"@id\":\"https:\/\/www.padreeustaquio.com.br\/vocacao-a-formacao-sacerdotal-de-padre-eustaquio\/#primaryimage\"},\"thumbnailUrl\":\"https:\/\/www.padreeustaquio.com.br\/wp-content\/uploads\/2022\/10\/padre-eustaquio-no-seminario-recebe-os-pais.jpeg\",\"articleSection\":[\"Not\u00edcias\"],\"inLanguage\":\"es\",\"potentialAction\":[{\"@type\":\"CommentAction\",\"name\":\"Comment\",\"target\":[\"https:\/\/www.padreeustaquio.com.br\/vocacao-a-formacao-sacerdotal-de-padre-eustaquio\/#respond\"]}]},{\"@type\":\"WebPage\",\"@id\":\"https:\/\/www.padreeustaquio.com.br\/vocacao-a-formacao-sacerdotal-de-padre-eustaquio\/\",\"url\":\"https:\/\/www.padreeustaquio.com.br\/vocacao-a-formacao-sacerdotal-de-padre-eustaquio\/\",\"name\":\"VOCA\u00c7\u00c3O: A forma\u00e7\u00e3o sacerdotal de Padre Eust\u00e1quio\",\"isPartOf\":{\"@id\":\"https:\/\/www.padreeustaquio.com.br\/#website\"},\"primaryImageOfPage\":{\"@id\":\"https:\/\/www.padreeustaquio.com.br\/vocacao-a-formacao-sacerdotal-de-padre-eustaquio\/#primaryimage\"},\"image\":{\"@id\":\"https:\/\/www.padreeustaquio.com.br\/vocacao-a-formacao-sacerdotal-de-padre-eustaquio\/#primaryimage\"},\"thumbnailUrl\":\"https:\/\/www.padreeustaquio.com.br\/wp-content\/uploads\/2022\/10\/padre-eustaquio-no-seminario-recebe-os-pais.jpeg\",\"datePublished\":\"2022-10-14T09:01:00+00:00\",\"description\":\"Em setembro de 1913, Padre Eust\u00e1quio vai para o Noviciado da Congrega\u00e7\u00e3o dos Sagrados Cora\u00e7\u00f5es, em Tremelo na B\u00e9lgica. Ele come\u00e7a o noviciado sob a supervis\u00e3o do padre Medardo Kaiser e toma o nome de Frater Eust\u00e1quio.\",\"breadcrumb\":{\"@id\":\"https:\/\/www.padreeustaquio.com.br\/vocacao-a-formacao-sacerdotal-de-padre-eustaquio\/#breadcrumb\"},\"inLanguage\":\"es\",\"potentialAction\":[{\"@type\":\"ReadAction\",\"target\":[\"https:\/\/www.padreeustaquio.com.br\/vocacao-a-formacao-sacerdotal-de-padre-eustaquio\/\"]}]},{\"@type\":\"ImageObject\",\"inLanguage\":\"es\",\"@id\":\"https:\/\/www.padreeustaquio.com.br\/vocacao-a-formacao-sacerdotal-de-padre-eustaquio\/#primaryimage\",\"url\":\"https:\/\/www.padreeustaquio.com.br\/wp-content\/uploads\/2022\/10\/padre-eustaquio-no-seminario-recebe-os-pais.jpeg\",\"contentUrl\":\"https:\/\/www.padreeustaquio.com.br\/wp-content\/uploads\/2022\/10\/padre-eustaquio-no-seminario-recebe-os-pais.jpeg\",\"width\":1280,\"height\":862},{\"@type\":\"BreadcrumbList\",\"@id\":\"https:\/\/www.padreeustaquio.com.br\/vocacao-a-formacao-sacerdotal-de-padre-eustaquio\/#breadcrumb\",\"itemListElement\":[{\"@type\":\"ListItem\",\"position\":1,\"name\":\"In\u00edcio\",\"item\":\"https:\/\/www.padreeustaquio.com.br\/\"},{\"@type\":\"ListItem\",\"position\":2,\"name\":\"VOCA\u00c7\u00c3O: A forma\u00e7\u00e3o sacerdotal de Padre Eust\u00e1quio\"}]},{\"@type\":\"WebSite\",\"@id\":\"https:\/\/www.padreeustaquio.com.br\/#website\",\"url\":\"https:\/\/www.padreeustaquio.com.br\/\",\"name\":\"Padre Eust\u00e1quio\",\"description\":\"Sa\u00fade e Paz\",\"publisher\":{\"@id\":\"https:\/\/www.padreeustaquio.com.br\/#organization\"},\"potentialAction\":[{\"@type\":\"SearchAction\",\"target\":{\"@type\":\"EntryPoint\",\"urlTemplate\":\"https:\/\/www.padreeustaquio.com.br\/?s={search_term_string}\"},\"query-input\":{\"@type\":\"PropertyValueSpecification\",\"valueRequired\":true,\"valueName\":\"search_term_string\"}}],\"inLanguage\":\"es\"},{\"@type\":\"Organization\",\"@id\":\"https:\/\/www.padreeustaquio.com.br\/#organization\",\"name\":\"Padre Eust\u00e1quio\",\"url\":\"https:\/\/www.padreeustaquio.com.br\/\",\"logo\":{\"@type\":\"ImageObject\",\"inLanguage\":\"es\",\"@id\":\"https:\/\/www.padreeustaquio.com.br\/#\/schema\/logo\/image\/\",\"url\":\"https:\/\/www.padreeustaquio.com.br\/wp-content\/uploads\/2019\/08\/marca.png\",\"contentUrl\":\"https:\/\/www.padreeustaquio.com.br\/wp-content\/uploads\/2019\/08\/marca.png\",\"width\":350,\"height\":400,\"caption\":\"Padre Eust\u00e1quio\"},\"image\":{\"@id\":\"https:\/\/www.padreeustaquio.com.br\/#\/schema\/logo\/image\/\"},\"sameAs\":[\"https:\/\/www.facebook.com\/beatopadreeustaquio\/\",\"https:\/\/x.com\/beatopeustaquio\",\"https:\/\/www.instagram.com\/beatopadreeustaquio\/\",\"https:\/\/www.youtube.com\/channel\/UCRhw7vfabnajwLxb1ZXMeIw\"]},{\"@type\":\"Person\",\"@id\":\"https:\/\/www.padreeustaquio.com.br\/#\/schema\/person\/a2a51db1d00f1a7af0204a0f1ddb1566\",\"name\":\"@sscc\",\"image\":{\"@type\":\"ImageObject\",\"inLanguage\":\"es\",\"@id\":\"https:\/\/secure.gravatar.com\/avatar\/68cfafa5f44617fea54071e215026e0ff06be366c3d54a8425f04fdcb86f8c5f?s=96&d=mm&r=g\",\"url\":\"https:\/\/secure.gravatar.com\/avatar\/68cfafa5f44617fea54071e215026e0ff06be366c3d54a8425f04fdcb86f8c5f?s=96&d=mm&r=g\",\"contentUrl\":\"https:\/\/secure.gravatar.com\/avatar\/68cfafa5f44617fea54071e215026e0ff06be366c3d54a8425f04fdcb86f8c5f?s=96&d=mm&r=g\",\"caption\":\"@sscc\"},\"url\":\"https:\/\/www.padreeustaquio.com.br\/es\/author\/sscc\/\"}]}<\/script>\n<!-- \/ Yoast SEO plugin. -->","yoast_head_json":{"title":"VOCACI\u00d3N: La formaci\u00f3n sacerdotal del Padre Eust\u00e1quio","description":"En septiembre de 1913, el Padre Eustace ingres\u00f3 en el Noviciado de la Congregaci\u00f3n de los Sagrados Corazones en Tremelo, B\u00e9lgica. Comenz\u00f3 su noviciado bajo la supervisi\u00f3n del Padre Medardo Kaiser y adopt\u00f3 el nombre de Frater Eustace.","robots":{"index":"index","follow":"follow","max-snippet":"max-snippet:-1","max-image-preview":"max-image-preview:large","max-video-preview":"max-video-preview:-1"},"canonical":"https:\/\/www.padreeustaquio.com.br\/es\/vocacion-y-formacion-sacerdotal-del-padre-eustaquio\/","og_locale":"es_ES","og_type":"article","og_title":"VOCA\u00c7\u00c3O: A forma\u00e7\u00e3o sacerdotal de Padre Eust\u00e1quio","og_description":"Em setembro de 1913, Padre Eust\u00e1quio vai para o Noviciado da Congrega\u00e7\u00e3o dos Sagrados Cora\u00e7\u00f5es, em Tremelo na B\u00e9lgica. Ele come\u00e7a o noviciado sob a supervis\u00e3o do padre Medardo Kaiser e toma o nome de Frater Eust\u00e1quio.","og_url":"https:\/\/www.padreeustaquio.com.br\/es\/vocacion-y-formacion-sacerdotal-del-padre-eustaquio\/","og_site_name":"Padre Eust\u00e1quio","article_publisher":"https:\/\/www.facebook.com\/beatopadreeustaquio\/","article_published_time":"2022-10-14T09:01:00+00:00","og_image":[{"width":1280,"height":862,"url":"https:\/\/www.padreeustaquio.com.br\/wp-content\/uploads\/2022\/10\/padre-eustaquio-no-seminario-recebe-os-pais.jpeg","type":"image\/jpeg"}],"author":"@sscc","twitter_card":"summary_large_image","twitter_creator":"@beatopeustaquio","twitter_site":"@beatopeustaquio","twitter_misc":{"Escrito por":"@sscc","Tiempo de lectura":"2 minutos"},"schema":{"@context":"https:\/\/schema.org","@graph":[{"@type":"Article","@id":"https:\/\/www.padreeustaquio.com.br\/vocacao-a-formacao-sacerdotal-de-padre-eustaquio\/#article","isPartOf":{"@id":"https:\/\/www.padreeustaquio.com.br\/vocacao-a-formacao-sacerdotal-de-padre-eustaquio\/"},"author":{"name":"@sscc","@id":"https:\/\/www.padreeustaquio.com.br\/#\/schema\/person\/a2a51db1d00f1a7af0204a0f1ddb1566"},"headline":"VOCA\u00c7\u00c3O: A forma\u00e7\u00e3o sacerdotal de Padre Eust\u00e1quio","datePublished":"2022-10-14T09:01:00+00:00","mainEntityOfPage":{"@id":"https:\/\/www.padreeustaquio.com.br\/vocacao-a-formacao-sacerdotal-de-padre-eustaquio\/"},"wordCount":301,"commentCount":0,"publisher":{"@id":"https:\/\/www.padreeustaquio.com.br\/#organization"},"image":{"@id":"https:\/\/www.padreeustaquio.com.br\/vocacao-a-formacao-sacerdotal-de-padre-eustaquio\/#primaryimage"},"thumbnailUrl":"https:\/\/www.padreeustaquio.com.br\/wp-content\/uploads\/2022\/10\/padre-eustaquio-no-seminario-recebe-os-pais.jpeg","articleSection":["Not\u00edcias"],"inLanguage":"es","potentialAction":[{"@type":"CommentAction","name":"Comment","target":["https:\/\/www.padreeustaquio.com.br\/vocacao-a-formacao-sacerdotal-de-padre-eustaquio\/#respond"]}]},{"@type":"WebPage","@id":"https:\/\/www.padreeustaquio.com.br\/vocacao-a-formacao-sacerdotal-de-padre-eustaquio\/","url":"https:\/\/www.padreeustaquio.com.br\/vocacao-a-formacao-sacerdotal-de-padre-eustaquio\/","name":"VOCACI\u00d3N: La formaci\u00f3n sacerdotal del Padre Eust\u00e1quio","isPartOf":{"@id":"https:\/\/www.padreeustaquio.com.br\/#website"},"primaryImageOfPage":{"@id":"https:\/\/www.padreeustaquio.com.br\/vocacao-a-formacao-sacerdotal-de-padre-eustaquio\/#primaryimage"},"image":{"@id":"https:\/\/www.padreeustaquio.com.br\/vocacao-a-formacao-sacerdotal-de-padre-eustaquio\/#primaryimage"},"thumbnailUrl":"https:\/\/www.padreeustaquio.com.br\/wp-content\/uploads\/2022\/10\/padre-eustaquio-no-seminario-recebe-os-pais.jpeg","datePublished":"2022-10-14T09:01:00+00:00","description":"En septiembre de 1913, el Padre Eustace ingres\u00f3 en el Noviciado de la Congregaci\u00f3n de los Sagrados Corazones en Tremelo, B\u00e9lgica. Comenz\u00f3 su noviciado bajo la supervisi\u00f3n del Padre Medardo Kaiser y adopt\u00f3 el nombre de Frater Eustace.","breadcrumb":{"@id":"https:\/\/www.padreeustaquio.com.br\/vocacao-a-formacao-sacerdotal-de-padre-eustaquio\/#breadcrumb"},"inLanguage":"es","potentialAction":[{"@type":"ReadAction","target":["https:\/\/www.padreeustaquio.com.br\/vocacao-a-formacao-sacerdotal-de-padre-eustaquio\/"]}]},{"@type":"ImageObject","inLanguage":"es","@id":"https:\/\/www.padreeustaquio.com.br\/vocacao-a-formacao-sacerdotal-de-padre-eustaquio\/#primaryimage","url":"https:\/\/www.padreeustaquio.com.br\/wp-content\/uploads\/2022\/10\/padre-eustaquio-no-seminario-recebe-os-pais.jpeg","contentUrl":"https:\/\/www.padreeustaquio.com.br\/wp-content\/uploads\/2022\/10\/padre-eustaquio-no-seminario-recebe-os-pais.jpeg","width":1280,"height":862},{"@type":"BreadcrumbList","@id":"https:\/\/www.padreeustaquio.com.br\/vocacao-a-formacao-sacerdotal-de-padre-eustaquio\/#breadcrumb","itemListElement":[{"@type":"ListItem","position":1,"name":"In\u00edcio","item":"https:\/\/www.padreeustaquio.com.br\/"},{"@type":"ListItem","position":2,"name":"VOCA\u00c7\u00c3O: A forma\u00e7\u00e3o sacerdotal de Padre Eust\u00e1quio"}]},{"@type":"WebSite","@id":"https:\/\/www.padreeustaquio.com.br\/#website","url":"https:\/\/www.padreeustaquio.com.br\/","name":"Padre Eustace","description":"Salud y Paz","publisher":{"@id":"https:\/\/www.padreeustaquio.com.br\/#organization"},"potentialAction":[{"@type":"SearchAction","target":{"@type":"EntryPoint","urlTemplate":"https:\/\/www.padreeustaquio.com.br\/?s={search_term_string}"},"query-input":{"@type":"PropertyValueSpecification","valueRequired":true,"valueName":"search_term_string"}}],"inLanguage":"es"},{"@type":"Organization","@id":"https:\/\/www.padreeustaquio.com.br\/#organization","name":"Padre Eustace","url":"https:\/\/www.padreeustaquio.com.br\/","logo":{"@type":"ImageObject","inLanguage":"es","@id":"https:\/\/www.padreeustaquio.com.br\/#\/schema\/logo\/image\/","url":"https:\/\/www.padreeustaquio.com.br\/wp-content\/uploads\/2019\/08\/marca.png","contentUrl":"https:\/\/www.padreeustaquio.com.br\/wp-content\/uploads\/2019\/08\/marca.png","width":350,"height":400,"caption":"Padre Eust\u00e1quio"},"image":{"@id":"https:\/\/www.padreeustaquio.com.br\/#\/schema\/logo\/image\/"},"sameAs":["https:\/\/www.facebook.com\/beatopadreeustaquio\/","https:\/\/x.com\/beatopeustaquio","https:\/\/www.instagram.com\/beatopadreeustaquio\/","https:\/\/www.youtube.com\/channel\/UCRhw7vfabnajwLxb1ZXMeIw"]},{"@type":"Person","@id":"https:\/\/www.padreeustaquio.com.br\/#\/schema\/person\/a2a51db1d00f1a7af0204a0f1ddb1566","name":"@sscc","image":{"@type":"ImageObject","inLanguage":"es","@id":"https:\/\/secure.gravatar.com\/avatar\/68cfafa5f44617fea54071e215026e0ff06be366c3d54a8425f04fdcb86f8c5f?s=96&d=mm&r=g","url":"https:\/\/secure.gravatar.com\/avatar\/68cfafa5f44617fea54071e215026e0ff06be366c3d54a8425f04fdcb86f8c5f?s=96&d=mm&r=g","contentUrl":"https:\/\/secure.gravatar.com\/avatar\/68cfafa5f44617fea54071e215026e0ff06be366c3d54a8425f04fdcb86f8c5f?s=96&d=mm&r=g","caption":"@sscc"},"url":"https:\/\/www.padreeustaquio.com.br\/es\/author\/sscc\/"}]}},"_links":{"self":[{"href":"https:\/\/www.padreeustaquio.com.br\/es\/wp-json\/wp\/v2\/posts\/9385","targetHints":{"allow":["GET"]}}],"collection":[{"href":"https:\/\/www.padreeustaquio.com.br\/es\/wp-json\/wp\/v2\/posts"}],"about":[{"href":"https:\/\/www.padreeustaquio.com.br\/es\/wp-json\/wp\/v2\/types\/post"}],"author":[{"embeddable":true,"href":"https:\/\/www.padreeustaquio.com.br\/es\/wp-json\/wp\/v2\/users\/2"}],"replies":[{"embeddable":true,"href":"https:\/\/www.padreeustaquio.com.br\/es\/wp-json\/wp\/v2\/comments?post=9385"}],"version-history":[{"count":0,"href":"https:\/\/www.padreeustaquio.com.br\/es\/wp-json\/wp\/v2\/posts\/9385\/revisions"}],"wp:featuredmedia":[{"embeddable":true,"href":"https:\/\/www.padreeustaquio.com.br\/es\/wp-json\/wp\/v2\/media\/9386"}],"wp:attachment":[{"href":"https:\/\/www.padreeustaquio.com.br\/es\/wp-json\/wp\/v2\/media?parent=9385"}],"wp:term":[{"taxonomy":"category","embeddable":true,"href":"https:\/\/www.padreeustaquio.com.br\/es\/wp-json\/wp\/v2\/categories?post=9385"},{"taxonomy":"post_tag","embeddable":true,"href":"https:\/\/www.padreeustaquio.com.br\/es\/wp-json\/wp\/v2\/tags?post=9385"}],"curies":[{"name":"wp","href":"https:\/\/api.w.org\/{rel}","templated":true}]}}