{"id":9376,"date":"2022-10-12T06:05:00","date_gmt":"2022-10-12T09:05:00","guid":{"rendered":"https:\/\/www.padreeustaquio.com.br\/?p=9376"},"modified":"2022-10-10T19:19:16","modified_gmt":"2022-10-10T22:19:16","slug":"historia-del-ingreso-del-padre-eustaquio-al-seminario-menor","status":"publish","type":"post","link":"https:\/\/www.padreeustaquio.com.br\/es\/historia-del-ingreso-del-padre-eustaquio-al-seminario-menor\/","title":{"rendered":"HISTORIA: Ingreso del Padre Eust\u00e1quio al Seminario Menor"},"content":{"rendered":"<p>El padre Janssen aconsej\u00f3 a los padres del padre Eustaquio que lo enviaran a la escuela latina de Germet, donde permaneci\u00f3 un a\u00f1o y medio.<\/p>\n\n\n\n<p>En la escuela, Eust\u00e1quio encontr\u00f3 un peque\u00f1o libro sobre la vida del Padre Dami\u00e1n de Molokai y se sinti\u00f3 inspirado por \u00e9l a vivir una vida misionera dedicada a los m\u00e1s necesitados.<\/p>\n\n\n\n<p>En testimonio ante el Tribunal de la Causa de Beatificaci\u00f3n y Canonizaci\u00f3n del Padre Eustaquio, en 1962, el Padre Gil relat\u00f3:<\/p>\n\n\n\n<p><em>\u201cEn cuanto al per\u00edodo previo a su ingreso al Seminario, solo puedo decir que el muchacho, en un ambiente de profunda religiosidad, practicaba actos de piedad, como peregrinaciones a santuarios donde se rezaba el rosario en voz alta; esto no puede considerarse caracter\u00edstico, pues era com\u00fan en esa poblaci\u00f3n. Puedo dar fe de ello, pues conozco bien la regi\u00f3n de donde proven\u00eda el Padre Eust\u00e1quio, que tambi\u00e9n es la m\u00eda.<\/em>.\u201d (Padre Gil)<\/p>\n\n\n\n<p>En septiembre de 1905, Eust\u00e1quio ingres\u00f3 en el Seminario Menor de los Sagrados Corazones, Instituto Padre Dami\u00e3o, en Grave, y en 1913 complet\u00f3 sus estudios secundarios en la instituci\u00f3n.<\/p>\n\n\n\n<p><\/p>","protected":false},"excerpt":{"rendered":"<p>Padre Janssen orientou que os pais de Padre Eust\u00e1quio o enviassem para a Escola latina de Germet, onde ele permaneceu por um ano e meio. Na escola, Eust\u00e1quio encontrou um pequeno livro da vida de Padre Dami\u00e3o de Molokai e se sentiu inspirado por ele a viver uma vida mission\u00e1ria de dedica\u00e7\u00e3o aos mais necessitados. Em depoimento para o Tribunal da Causa de Beatifica\u00e7\u00e3o e Canoniza\u00e7\u00e3o do Padre Eust\u00e1quio, em 1962, Padre Gil contou: \u201cSobre o per\u00edodo anterior \u00e0 sua entrada no Semin\u00e1rio, s\u00f3 posso dizer que o menino seguindo todo seu ambiente impregnado de religiosidade, praticava atos de piedade, [&hellip;]<\/p>\n","protected":false},"author":2,"featured_media":9377,"comment_status":"open","ping_status":"closed","sticky":false,"template":"","format":"standard","meta":{"_acf_changed":false,"footnotes":""},"categories":[611],"tags":[],"class_list":["post-9376","post","type-post","status-publish","format-standard","has-post-thumbnail","hentry","category-noticias"],"acf":[],"yoast_head":"<!-- This site is optimized with the Yoast SEO plugin v27.2 - https:\/\/yoast.com\/product\/yoast-seo-wordpress\/ -->\n<title>HIST\u00d3RIA: A entrada de Padre Eust\u00e1quio para o Semin\u00e1rio Menor<\/title>\n<meta name=\"description\" content=\"Padre Janssen orientou que os pais de Padre Eust\u00e1quio o enviassem para a Escola latina de Germet, onde ele permaneceu por um ano e meio. Na escola, Eust\u00e1quio encontrou um pequeno livro da vida de Padre Dami\u00e3o de Molokai e se sentiu inspirado por ele a viver uma vida mission\u00e1ria de dedica\u00e7\u00e3o aos mais necessitados.\" \/>\n<meta name=\"robots\" content=\"index, follow, max-snippet:-1, max-image-preview:large, max-video-preview:-1\" \/>\n<link rel=\"canonical\" href=\"https:\/\/www.padreeustaquio.com.br\/es\/historia-del-ingreso-del-padre-eustaquio-al-seminario-menor\/\" \/>\n<meta property=\"og:locale\" content=\"es_ES\" \/>\n<meta property=\"og:type\" content=\"article\" \/>\n<meta property=\"og:title\" content=\"HIST\u00d3RIA: A entrada de Padre Eust\u00e1quio para o Semin\u00e1rio Menor\" \/>\n<meta property=\"og:description\" content=\"Padre Janssen orientou que os pais de Padre Eust\u00e1quio o enviassem para a Escola latina de Germet, onde ele permaneceu por um ano e meio. Na escola, Eust\u00e1quio encontrou um pequeno livro da vida de Padre Dami\u00e3o de Molokai e se sentiu inspirado por ele a viver uma vida mission\u00e1ria de dedica\u00e7\u00e3o aos mais necessitados.\" \/>\n<meta property=\"og:url\" content=\"https:\/\/www.padreeustaquio.com.br\/es\/historia-del-ingreso-del-padre-eustaquio-al-seminario-menor\/\" \/>\n<meta property=\"og:site_name\" content=\"Padre Eust\u00e1quio\" \/>\n<meta property=\"article:publisher\" content=\"https:\/\/www.facebook.com\/beatopadreeustaquio\/\" \/>\n<meta property=\"article:published_time\" content=\"2022-10-12T09:05:00+00:00\" \/>\n<meta property=\"og:image\" content=\"https:\/\/www.padreeustaquio.com.br\/wp-content\/uploads\/2022\/10\/Padre-Eustaquio-no-seminario-e1665439897389.jpeg\" \/>\n\t<meta property=\"og:image:width\" content=\"1280\" \/>\n\t<meta property=\"og:image:height\" content=\"636\" \/>\n\t<meta property=\"og:image:type\" content=\"image\/jpeg\" \/>\n<meta name=\"author\" content=\"@sscc\" \/>\n<meta name=\"twitter:card\" content=\"summary_large_image\" \/>\n<meta name=\"twitter:image\" content=\"https:\/\/www.padreeustaquio.com.br\/wp-content\/uploads\/2022\/10\/Padre-Eustaquio-no-seminario-e1665439897389.jpeg\" \/>\n<meta name=\"twitter:creator\" content=\"@beatopeustaquio\" \/>\n<meta name=\"twitter:site\" content=\"@beatopeustaquio\" \/>\n<meta name=\"twitter:label1\" content=\"Escrito por\" \/>\n\t<meta name=\"twitter:data1\" content=\"@sscc\" \/>\n\t<meta name=\"twitter:label2\" content=\"Tiempo de lectura\" \/>\n\t<meta name=\"twitter:data2\" content=\"1 minuto\" \/>\n<script type=\"application\/ld+json\" class=\"yoast-schema-graph\">{\"@context\":\"https:\/\/schema.org\",\"@graph\":[{\"@type\":\"Article\",\"@id\":\"https:\/\/www.padreeustaquio.com.br\/historia-a-entrada-de-padre-eustaquio-para-o-seminario-menor\/#article\",\"isPartOf\":{\"@id\":\"https:\/\/www.padreeustaquio.com.br\/historia-a-entrada-de-padre-eustaquio-para-o-seminario-menor\/\"},\"author\":{\"name\":\"@sscc\",\"@id\":\"https:\/\/www.padreeustaquio.com.br\/#\/schema\/person\/a2a51db1d00f1a7af0204a0f1ddb1566\"},\"headline\":\"HIST\u00d3RIA: A entrada de Padre Eust\u00e1quio para o Semin\u00e1rio Menor\",\"datePublished\":\"2022-10-12T09:05:00+00:00\",\"mainEntityOfPage\":{\"@id\":\"https:\/\/www.padreeustaquio.com.br\/historia-a-entrada-de-padre-eustaquio-para-o-seminario-menor\/\"},\"wordCount\":218,\"commentCount\":0,\"publisher\":{\"@id\":\"https:\/\/www.padreeustaquio.com.br\/#organization\"},\"image\":{\"@id\":\"https:\/\/www.padreeustaquio.com.br\/historia-a-entrada-de-padre-eustaquio-para-o-seminario-menor\/#primaryimage\"},\"thumbnailUrl\":\"https:\/\/www.padreeustaquio.com.br\/wp-content\/uploads\/2022\/10\/Padre-Eustaquio-no-seminario-e1665439897389.jpeg\",\"articleSection\":[\"Not\u00edcias\"],\"inLanguage\":\"es\",\"potentialAction\":[{\"@type\":\"CommentAction\",\"name\":\"Comment\",\"target\":[\"https:\/\/www.padreeustaquio.com.br\/historia-a-entrada-de-padre-eustaquio-para-o-seminario-menor\/#respond\"]}]},{\"@type\":\"WebPage\",\"@id\":\"https:\/\/www.padreeustaquio.com.br\/historia-a-entrada-de-padre-eustaquio-para-o-seminario-menor\/\",\"url\":\"https:\/\/www.padreeustaquio.com.br\/historia-a-entrada-de-padre-eustaquio-para-o-seminario-menor\/\",\"name\":\"HIST\u00d3RIA: A entrada de Padre Eust\u00e1quio para o Semin\u00e1rio Menor\",\"isPartOf\":{\"@id\":\"https:\/\/www.padreeustaquio.com.br\/#website\"},\"primaryImageOfPage\":{\"@id\":\"https:\/\/www.padreeustaquio.com.br\/historia-a-entrada-de-padre-eustaquio-para-o-seminario-menor\/#primaryimage\"},\"image\":{\"@id\":\"https:\/\/www.padreeustaquio.com.br\/historia-a-entrada-de-padre-eustaquio-para-o-seminario-menor\/#primaryimage\"},\"thumbnailUrl\":\"https:\/\/www.padreeustaquio.com.br\/wp-content\/uploads\/2022\/10\/Padre-Eustaquio-no-seminario-e1665439897389.jpeg\",\"datePublished\":\"2022-10-12T09:05:00+00:00\",\"description\":\"Padre Janssen orientou que os pais de Padre Eust\u00e1quio o enviassem para a Escola latina de Germet, onde ele permaneceu por um ano e meio. Na escola, Eust\u00e1quio encontrou um pequeno livro da vida de Padre Dami\u00e3o de Molokai e se sentiu inspirado por ele a viver uma vida mission\u00e1ria de dedica\u00e7\u00e3o aos mais necessitados.\",\"breadcrumb\":{\"@id\":\"https:\/\/www.padreeustaquio.com.br\/historia-a-entrada-de-padre-eustaquio-para-o-seminario-menor\/#breadcrumb\"},\"inLanguage\":\"es\",\"potentialAction\":[{\"@type\":\"ReadAction\",\"target\":[\"https:\/\/www.padreeustaquio.com.br\/historia-a-entrada-de-padre-eustaquio-para-o-seminario-menor\/\"]}]},{\"@type\":\"ImageObject\",\"inLanguage\":\"es\",\"@id\":\"https:\/\/www.padreeustaquio.com.br\/historia-a-entrada-de-padre-eustaquio-para-o-seminario-menor\/#primaryimage\",\"url\":\"https:\/\/www.padreeustaquio.com.br\/wp-content\/uploads\/2022\/10\/Padre-Eustaquio-no-seminario-e1665439897389.jpeg\",\"contentUrl\":\"https:\/\/www.padreeustaquio.com.br\/wp-content\/uploads\/2022\/10\/Padre-Eustaquio-no-seminario-e1665439897389.jpeg\",\"width\":1280,\"height\":636},{\"@type\":\"BreadcrumbList\",\"@id\":\"https:\/\/www.padreeustaquio.com.br\/historia-a-entrada-de-padre-eustaquio-para-o-seminario-menor\/#breadcrumb\",\"itemListElement\":[{\"@type\":\"ListItem\",\"position\":1,\"name\":\"In\u00edcio\",\"item\":\"https:\/\/www.padreeustaquio.com.br\/\"},{\"@type\":\"ListItem\",\"position\":2,\"name\":\"HIST\u00d3RIA: A entrada de Padre Eust\u00e1quio para o Semin\u00e1rio Menor\"}]},{\"@type\":\"WebSite\",\"@id\":\"https:\/\/www.padreeustaquio.com.br\/#website\",\"url\":\"https:\/\/www.padreeustaquio.com.br\/\",\"name\":\"Padre Eust\u00e1quio\",\"description\":\"Sa\u00fade e Paz\",\"publisher\":{\"@id\":\"https:\/\/www.padreeustaquio.com.br\/#organization\"},\"potentialAction\":[{\"@type\":\"SearchAction\",\"target\":{\"@type\":\"EntryPoint\",\"urlTemplate\":\"https:\/\/www.padreeustaquio.com.br\/?s={search_term_string}\"},\"query-input\":{\"@type\":\"PropertyValueSpecification\",\"valueRequired\":true,\"valueName\":\"search_term_string\"}}],\"inLanguage\":\"es\"},{\"@type\":\"Organization\",\"@id\":\"https:\/\/www.padreeustaquio.com.br\/#organization\",\"name\":\"Padre Eust\u00e1quio\",\"url\":\"https:\/\/www.padreeustaquio.com.br\/\",\"logo\":{\"@type\":\"ImageObject\",\"inLanguage\":\"es\",\"@id\":\"https:\/\/www.padreeustaquio.com.br\/#\/schema\/logo\/image\/\",\"url\":\"https:\/\/www.padreeustaquio.com.br\/wp-content\/uploads\/2019\/08\/marca.png\",\"contentUrl\":\"https:\/\/www.padreeustaquio.com.br\/wp-content\/uploads\/2019\/08\/marca.png\",\"width\":350,\"height\":400,\"caption\":\"Padre Eust\u00e1quio\"},\"image\":{\"@id\":\"https:\/\/www.padreeustaquio.com.br\/#\/schema\/logo\/image\/\"},\"sameAs\":[\"https:\/\/www.facebook.com\/beatopadreeustaquio\/\",\"https:\/\/x.com\/beatopeustaquio\",\"https:\/\/www.instagram.com\/beatopadreeustaquio\/\",\"https:\/\/www.youtube.com\/channel\/UCRhw7vfabnajwLxb1ZXMeIw\"]},{\"@type\":\"Person\",\"@id\":\"https:\/\/www.padreeustaquio.com.br\/#\/schema\/person\/a2a51db1d00f1a7af0204a0f1ddb1566\",\"name\":\"@sscc\",\"image\":{\"@type\":\"ImageObject\",\"inLanguage\":\"es\",\"@id\":\"https:\/\/secure.gravatar.com\/avatar\/68cfafa5f44617fea54071e215026e0ff06be366c3d54a8425f04fdcb86f8c5f?s=96&d=mm&r=g\",\"url\":\"https:\/\/secure.gravatar.com\/avatar\/68cfafa5f44617fea54071e215026e0ff06be366c3d54a8425f04fdcb86f8c5f?s=96&d=mm&r=g\",\"contentUrl\":\"https:\/\/secure.gravatar.com\/avatar\/68cfafa5f44617fea54071e215026e0ff06be366c3d54a8425f04fdcb86f8c5f?s=96&d=mm&r=g\",\"caption\":\"@sscc\"},\"url\":\"https:\/\/www.padreeustaquio.com.br\/es\/author\/sscc\/\"}]}<\/script>\n<!-- \/ Yoast SEO plugin. -->","yoast_head_json":{"title":"HISTORIA: Ingreso del Padre Eust\u00e1quio al Seminario Menor","description":"El padre Janssen aconsej\u00f3 a los padres del padre Eustace que lo enviaran a la Escuela Latina de Germet, donde permaneci\u00f3 un a\u00f1o y medio. En la escuela, Eustace encontr\u00f3 un peque\u00f1o libro sobre la vida del padre Dami\u00e1n de Molokai y se sinti\u00f3 inspirado por \u00e9l para vivir una vida misionera dedicada a los m\u00e1s necesitados.","robots":{"index":"index","follow":"follow","max-snippet":"max-snippet:-1","max-image-preview":"max-image-preview:large","max-video-preview":"max-video-preview:-1"},"canonical":"https:\/\/www.padreeustaquio.com.br\/es\/historia-del-ingreso-del-padre-eustaquio-al-seminario-menor\/","og_locale":"es_ES","og_type":"article","og_title":"HIST\u00d3RIA: A entrada de Padre Eust\u00e1quio para o Semin\u00e1rio Menor","og_description":"Padre Janssen orientou que os pais de Padre Eust\u00e1quio o enviassem para a Escola latina de Germet, onde ele permaneceu por um ano e meio. Na escola, Eust\u00e1quio encontrou um pequeno livro da vida de Padre Dami\u00e3o de Molokai e se sentiu inspirado por ele a viver uma vida mission\u00e1ria de dedica\u00e7\u00e3o aos mais necessitados.","og_url":"https:\/\/www.padreeustaquio.com.br\/es\/historia-del-ingreso-del-padre-eustaquio-al-seminario-menor\/","og_site_name":"Padre Eust\u00e1quio","article_publisher":"https:\/\/www.facebook.com\/beatopadreeustaquio\/","article_published_time":"2022-10-12T09:05:00+00:00","og_image":[{"width":1280,"height":636,"url":"https:\/\/www.padreeustaquio.com.br\/wp-content\/uploads\/2022\/10\/Padre-Eustaquio-no-seminario-e1665439897389.jpeg","type":"image\/jpeg"}],"author":"@sscc","twitter_card":"summary_large_image","twitter_image":"https:\/\/www.padreeustaquio.com.br\/wp-content\/uploads\/2022\/10\/Padre-Eustaquio-no-seminario-e1665439897389.jpeg","twitter_creator":"@beatopeustaquio","twitter_site":"@beatopeustaquio","twitter_misc":{"Escrito por":"@sscc","Tiempo de lectura":"1 minuto"},"schema":{"@context":"https:\/\/schema.org","@graph":[{"@type":"Article","@id":"https:\/\/www.padreeustaquio.com.br\/historia-a-entrada-de-padre-eustaquio-para-o-seminario-menor\/#article","isPartOf":{"@id":"https:\/\/www.padreeustaquio.com.br\/historia-a-entrada-de-padre-eustaquio-para-o-seminario-menor\/"},"author":{"name":"@sscc","@id":"https:\/\/www.padreeustaquio.com.br\/#\/schema\/person\/a2a51db1d00f1a7af0204a0f1ddb1566"},"headline":"HIST\u00d3RIA: A entrada de Padre Eust\u00e1quio para o Semin\u00e1rio Menor","datePublished":"2022-10-12T09:05:00+00:00","mainEntityOfPage":{"@id":"https:\/\/www.padreeustaquio.com.br\/historia-a-entrada-de-padre-eustaquio-para-o-seminario-menor\/"},"wordCount":218,"commentCount":0,"publisher":{"@id":"https:\/\/www.padreeustaquio.com.br\/#organization"},"image":{"@id":"https:\/\/www.padreeustaquio.com.br\/historia-a-entrada-de-padre-eustaquio-para-o-seminario-menor\/#primaryimage"},"thumbnailUrl":"https:\/\/www.padreeustaquio.com.br\/wp-content\/uploads\/2022\/10\/Padre-Eustaquio-no-seminario-e1665439897389.jpeg","articleSection":["Not\u00edcias"],"inLanguage":"es","potentialAction":[{"@type":"CommentAction","name":"Comment","target":["https:\/\/www.padreeustaquio.com.br\/historia-a-entrada-de-padre-eustaquio-para-o-seminario-menor\/#respond"]}]},{"@type":"WebPage","@id":"https:\/\/www.padreeustaquio.com.br\/historia-a-entrada-de-padre-eustaquio-para-o-seminario-menor\/","url":"https:\/\/www.padreeustaquio.com.br\/historia-a-entrada-de-padre-eustaquio-para-o-seminario-menor\/","name":"HISTORIA: Ingreso del Padre Eust\u00e1quio al Seminario Menor","isPartOf":{"@id":"https:\/\/www.padreeustaquio.com.br\/#website"},"primaryImageOfPage":{"@id":"https:\/\/www.padreeustaquio.com.br\/historia-a-entrada-de-padre-eustaquio-para-o-seminario-menor\/#primaryimage"},"image":{"@id":"https:\/\/www.padreeustaquio.com.br\/historia-a-entrada-de-padre-eustaquio-para-o-seminario-menor\/#primaryimage"},"thumbnailUrl":"https:\/\/www.padreeustaquio.com.br\/wp-content\/uploads\/2022\/10\/Padre-Eustaquio-no-seminario-e1665439897389.jpeg","datePublished":"2022-10-12T09:05:00+00:00","description":"El padre Janssen aconsej\u00f3 a los padres del padre Eustace que lo enviaran a la Escuela Latina de Germet, donde permaneci\u00f3 un a\u00f1o y medio. En la escuela, Eustace encontr\u00f3 un peque\u00f1o libro sobre la vida del padre Dami\u00e1n de Molokai y se sinti\u00f3 inspirado por \u00e9l para vivir una vida misionera dedicada a los m\u00e1s necesitados.","breadcrumb":{"@id":"https:\/\/www.padreeustaquio.com.br\/historia-a-entrada-de-padre-eustaquio-para-o-seminario-menor\/#breadcrumb"},"inLanguage":"es","potentialAction":[{"@type":"ReadAction","target":["https:\/\/www.padreeustaquio.com.br\/historia-a-entrada-de-padre-eustaquio-para-o-seminario-menor\/"]}]},{"@type":"ImageObject","inLanguage":"es","@id":"https:\/\/www.padreeustaquio.com.br\/historia-a-entrada-de-padre-eustaquio-para-o-seminario-menor\/#primaryimage","url":"https:\/\/www.padreeustaquio.com.br\/wp-content\/uploads\/2022\/10\/Padre-Eustaquio-no-seminario-e1665439897389.jpeg","contentUrl":"https:\/\/www.padreeustaquio.com.br\/wp-content\/uploads\/2022\/10\/Padre-Eustaquio-no-seminario-e1665439897389.jpeg","width":1280,"height":636},{"@type":"BreadcrumbList","@id":"https:\/\/www.padreeustaquio.com.br\/historia-a-entrada-de-padre-eustaquio-para-o-seminario-menor\/#breadcrumb","itemListElement":[{"@type":"ListItem","position":1,"name":"In\u00edcio","item":"https:\/\/www.padreeustaquio.com.br\/"},{"@type":"ListItem","position":2,"name":"HIST\u00d3RIA: A entrada de Padre Eust\u00e1quio para o Semin\u00e1rio Menor"}]},{"@type":"WebSite","@id":"https:\/\/www.padreeustaquio.com.br\/#website","url":"https:\/\/www.padreeustaquio.com.br\/","name":"Padre Eustace","description":"Salud y Paz","publisher":{"@id":"https:\/\/www.padreeustaquio.com.br\/#organization"},"potentialAction":[{"@type":"SearchAction","target":{"@type":"EntryPoint","urlTemplate":"https:\/\/www.padreeustaquio.com.br\/?s={search_term_string}"},"query-input":{"@type":"PropertyValueSpecification","valueRequired":true,"valueName":"search_term_string"}}],"inLanguage":"es"},{"@type":"Organization","@id":"https:\/\/www.padreeustaquio.com.br\/#organization","name":"Padre Eustace","url":"https:\/\/www.padreeustaquio.com.br\/","logo":{"@type":"ImageObject","inLanguage":"es","@id":"https:\/\/www.padreeustaquio.com.br\/#\/schema\/logo\/image\/","url":"https:\/\/www.padreeustaquio.com.br\/wp-content\/uploads\/2019\/08\/marca.png","contentUrl":"https:\/\/www.padreeustaquio.com.br\/wp-content\/uploads\/2019\/08\/marca.png","width":350,"height":400,"caption":"Padre Eust\u00e1quio"},"image":{"@id":"https:\/\/www.padreeustaquio.com.br\/#\/schema\/logo\/image\/"},"sameAs":["https:\/\/www.facebook.com\/beatopadreeustaquio\/","https:\/\/x.com\/beatopeustaquio","https:\/\/www.instagram.com\/beatopadreeustaquio\/","https:\/\/www.youtube.com\/channel\/UCRhw7vfabnajwLxb1ZXMeIw"]},{"@type":"Person","@id":"https:\/\/www.padreeustaquio.com.br\/#\/schema\/person\/a2a51db1d00f1a7af0204a0f1ddb1566","name":"@sscc","image":{"@type":"ImageObject","inLanguage":"es","@id":"https:\/\/secure.gravatar.com\/avatar\/68cfafa5f44617fea54071e215026e0ff06be366c3d54a8425f04fdcb86f8c5f?s=96&d=mm&r=g","url":"https:\/\/secure.gravatar.com\/avatar\/68cfafa5f44617fea54071e215026e0ff06be366c3d54a8425f04fdcb86f8c5f?s=96&d=mm&r=g","contentUrl":"https:\/\/secure.gravatar.com\/avatar\/68cfafa5f44617fea54071e215026e0ff06be366c3d54a8425f04fdcb86f8c5f?s=96&d=mm&r=g","caption":"@sscc"},"url":"https:\/\/www.padreeustaquio.com.br\/es\/author\/sscc\/"}]}},"_links":{"self":[{"href":"https:\/\/www.padreeustaquio.com.br\/es\/wp-json\/wp\/v2\/posts\/9376","targetHints":{"allow":["GET"]}}],"collection":[{"href":"https:\/\/www.padreeustaquio.com.br\/es\/wp-json\/wp\/v2\/posts"}],"about":[{"href":"https:\/\/www.padreeustaquio.com.br\/es\/wp-json\/wp\/v2\/types\/post"}],"author":[{"embeddable":true,"href":"https:\/\/www.padreeustaquio.com.br\/es\/wp-json\/wp\/v2\/users\/2"}],"replies":[{"embeddable":true,"href":"https:\/\/www.padreeustaquio.com.br\/es\/wp-json\/wp\/v2\/comments?post=9376"}],"version-history":[{"count":0,"href":"https:\/\/www.padreeustaquio.com.br\/es\/wp-json\/wp\/v2\/posts\/9376\/revisions"}],"wp:featuredmedia":[{"embeddable":true,"href":"https:\/\/www.padreeustaquio.com.br\/es\/wp-json\/wp\/v2\/media\/9377"}],"wp:attachment":[{"href":"https:\/\/www.padreeustaquio.com.br\/es\/wp-json\/wp\/v2\/media?parent=9376"}],"wp:term":[{"taxonomy":"category","embeddable":true,"href":"https:\/\/www.padreeustaquio.com.br\/es\/wp-json\/wp\/v2\/categories?post=9376"},{"taxonomy":"post_tag","embeddable":true,"href":"https:\/\/www.padreeustaquio.com.br\/es\/wp-json\/wp\/v2\/tags?post=9376"}],"curies":[{"name":"wp","href":"https:\/\/api.w.org\/{rel}","templated":true}]}}