{"id":9361,"date":"2022-10-07T07:01:00","date_gmt":"2022-10-07T10:01:00","guid":{"rendered":"https:\/\/www.padreeustaquio.com.br\/?p=9361"},"modified":"2022-10-05T09:19:53","modified_gmt":"2022-10-05T12:19:53","slug":"el-festival-cultivando-suenos-para-prates-contara-con-el-apoyo-de-la-iglesia-del-padre-eustaquio","status":"publish","type":"post","link":"https:\/\/www.padreeustaquio.com.br\/es\/el-festival-cultivando-suenos-para-prates-contara-con-el-apoyo-de-la-iglesia-del-padre-eustaquio\/","title":{"rendered":"El Festival \u201cCultivando Sue\u00f1os para Prates\u201d contar\u00e1 con el apoyo de la Iglesia Padre Eust\u00e1quio."},"content":{"rendered":"<p>\u201cEl Festival \u201dCultivando Sue\u00f1os para Prates: Agenda 2030\u00bb se celebrar\u00e1 el s\u00e1bado 22 de octubre, de 9:00 a 12:00, en la Escuela Estatal Profesor Morais, en la Pra\u00e7a Tejo, Belo Horizonte. El evento debatir\u00e1 proyectos viables para el sitio del actual Aeropuerto Carlos Prates, cuyo desmantelamiento est\u00e1 previsto pr\u00f3ximamente.<\/p>\n\n\n\n<p>El desmantelamiento del Aeropuerto Carlos Prates est\u00e1 programado para el 1 de enero de 2023. Con esto en mente, el Centro de Estudios Sociopol\u00edticos de la PUC Minas ha creado un movimiento para reflexionar sobre la importancia de esta zona para lograr una ciudad inclusiva, segura, resiliente y sostenible. La idea es involucrar a toda la comunidad que vive en el \u00e1rea circundante. La corresponsabilidad en la toma de decisiones y la implementaci\u00f3n de pol\u00edticas p\u00fablicas y proyectos urbanos es importante para reafirmar lo que deseamos para el futuro de nuestra regi\u00f3n.<\/p>\n\n\n\n<p>Este evento es una iniciativa de Casa Comum, el Centro de Estudios Sociopol\u00edticos, el Grupo de Ense\u00f1anza, Extensi\u00f3n e Investigaci\u00f3n Producci\u00f3n del Espacio Urbano en Brasil, la Pontificia Universidad Cat\u00f3lica de Minas Gerais y el Colectivo de Afectados por el R\u00edo Prates y Trama Coletiva. <\/p>\n\n\n\n<p>El festival cuenta con el apoyo de la Escuela Estadual Profesor Morais, del Consejo de Arquitectura y Urbanismo de Minas Gerais y de socios en su promoci\u00f3n como el Santuario Arquidiocesano de Salud y Paz y la Iglesia del Beato Padre Eust\u00e1quio.<\/p>\n\n\n\n<p>La expectativa es que los feligreses y visitantes del Santuario, que viven cerca del Aeropuerto, participen del festival y de los eventos que tienen como objetivo reflexionar sobre la historia de la regi\u00f3n y el futuro uso del terreno donde ahora funciona el Aeropuerto Carlos Prates.<\/p>\n\n\n\n<p>El programa del festival ser\u00e1 publicado pr\u00f3ximamente por los organizadores y aqu\u00ed en el sitio web.<\/p>\n\n\n\n<p><\/p>","protected":false},"excerpt":{"rendered":"<p>&#8220;O Festival Cultivando sonhos para o Prates: Agenda 2030&#8221;, ser\u00e1 realizado no s\u00e1bado, dia 22 de outubro, entre 9h e 12h, na Escola Estadual Professor Morais, na Pra\u00e7a Tejo, em Belo Horizonte. O evento vai discutir os projetos vi\u00e1veis para onde \u00e9 hoje o Aeroporto Carlos Prates, que dever\u00e1 ser desativado em breve. A desativa\u00e7\u00e3o do Aeroporto Carlos Prates est\u00e1 prevista para o dia 1\u00ba de janeiro de 2023 e, pensando nisto, o N\u00facleo de Estudos Sociopol\u00edticos da PUC Minas criou um movimento para refletir sobre a import\u00e2ncia dessa \u00e1rea para que possamos ter uma cidade inclusiva, segura, resiliente e [&hellip;]<\/p>\n","protected":false},"author":2,"featured_media":9362,"comment_status":"open","ping_status":"closed","sticky":false,"template":"","format":"standard","meta":{"_acf_changed":false,"footnotes":""},"categories":[611],"tags":[],"class_list":["post-9361","post","type-post","status-publish","format-standard","has-post-thumbnail","hentry","category-noticias"],"acf":[],"yoast_head":"<!-- This site is optimized with the Yoast SEO plugin v27.2 - https:\/\/yoast.com\/product\/yoast-seo-wordpress\/ -->\n<title>Festival Cultivando sonhos para o Prates ter\u00e1 apoio da Igreja do Padre Eust\u00e1quio<\/title>\n<meta name=\"description\" content=\"&quot;O Festival Cultivando sonhos para o Prates: Agenda 2030&quot;, ser\u00e1 realizado no s\u00e1bado, dia 22 de outubro, entre 9h e 12h, na Escola Estadual Professor Morais, na Pra\u00e7a Tejo, em Belo Horizonte. O evento vai discutir os projetos vi\u00e1veis para onde \u00e9 hoje o Aeroporto Carlos Prates, que dever\u00e1 ser desativado em breve.\" \/>\n<meta name=\"robots\" content=\"index, follow, max-snippet:-1, max-image-preview:large, max-video-preview:-1\" \/>\n<link rel=\"canonical\" href=\"https:\/\/www.padreeustaquio.com.br\/es\/el-festival-cultivando-suenos-para-prates-contara-con-el-apoyo-de-la-iglesia-del-padre-eustaquio\/\" \/>\n<meta property=\"og:locale\" content=\"es_ES\" \/>\n<meta property=\"og:type\" content=\"article\" \/>\n<meta property=\"og:title\" content=\"Festival Cultivando sonhos para o Prates ter\u00e1 apoio da Igreja do Padre Eust\u00e1quio\" \/>\n<meta property=\"og:description\" content=\"&quot;O Festival Cultivando sonhos para o Prates: Agenda 2030&quot;, ser\u00e1 realizado no s\u00e1bado, dia 22 de outubro, entre 9h e 12h, na Escola Estadual Professor Morais, na Pra\u00e7a Tejo, em Belo Horizonte. O evento vai discutir os projetos vi\u00e1veis para onde \u00e9 hoje o Aeroporto Carlos Prates, que dever\u00e1 ser desativado em breve.\" \/>\n<meta property=\"og:url\" content=\"https:\/\/www.padreeustaquio.com.br\/es\/el-festival-cultivando-suenos-para-prates-contara-con-el-apoyo-de-la-iglesia-del-padre-eustaquio\/\" \/>\n<meta property=\"og:site_name\" content=\"Padre Eust\u00e1quio\" \/>\n<meta property=\"article:publisher\" content=\"https:\/\/www.facebook.com\/beatopadreeustaquio\/\" \/>\n<meta property=\"article:published_time\" content=\"2022-10-07T10:01:00+00:00\" \/>\n<meta property=\"og:image\" content=\"https:\/\/www.padreeustaquio.com.br\/wp-content\/uploads\/2022\/10\/Festival-cultivando-sonhos-para-o-prates-e1664972219802.jpeg\" \/>\n\t<meta property=\"og:image:width\" content=\"1080\" \/>\n\t<meta property=\"og:image:height\" content=\"569\" \/>\n\t<meta property=\"og:image:type\" content=\"image\/jpeg\" \/>\n<meta name=\"author\" content=\"@sscc\" \/>\n<meta name=\"twitter:card\" content=\"summary_large_image\" \/>\n<meta name=\"twitter:image\" content=\"https:\/\/www.padreeustaquio.com.br\/wp-content\/uploads\/2022\/10\/Festival-cultivando-sonhos-para-o-prates-e1664972219802.jpeg\" \/>\n<meta name=\"twitter:creator\" content=\"@beatopeustaquio\" \/>\n<meta name=\"twitter:site\" content=\"@beatopeustaquio\" \/>\n<meta name=\"twitter:label1\" content=\"Escrito por\" \/>\n\t<meta name=\"twitter:data1\" content=\"@sscc\" \/>\n\t<meta name=\"twitter:label2\" content=\"Tiempo de lectura\" \/>\n\t<meta name=\"twitter:data2\" content=\"2 minutos\" \/>\n<script type=\"application\/ld+json\" class=\"yoast-schema-graph\">{\"@context\":\"https:\/\/schema.org\",\"@graph\":[{\"@type\":\"Article\",\"@id\":\"https:\/\/www.padreeustaquio.com.br\/festival-cultivando-sonhos-para-o-prates-tera-apoio-da-igreja-do-padre-eustaquio\/#article\",\"isPartOf\":{\"@id\":\"https:\/\/www.padreeustaquio.com.br\/festival-cultivando-sonhos-para-o-prates-tera-apoio-da-igreja-do-padre-eustaquio\/\"},\"author\":{\"name\":\"@sscc\",\"@id\":\"https:\/\/www.padreeustaquio.com.br\/#\/schema\/person\/a2a51db1d00f1a7af0204a0f1ddb1566\"},\"headline\":\"Festival Cultivando sonhos para o Prates ter\u00e1 apoio da Igreja do Padre Eust\u00e1quio\",\"datePublished\":\"2022-10-07T10:01:00+00:00\",\"mainEntityOfPage\":{\"@id\":\"https:\/\/www.padreeustaquio.com.br\/festival-cultivando-sonhos-para-o-prates-tera-apoio-da-igreja-do-padre-eustaquio\/\"},\"wordCount\":321,\"commentCount\":0,\"publisher\":{\"@id\":\"https:\/\/www.padreeustaquio.com.br\/#organization\"},\"image\":{\"@id\":\"https:\/\/www.padreeustaquio.com.br\/festival-cultivando-sonhos-para-o-prates-tera-apoio-da-igreja-do-padre-eustaquio\/#primaryimage\"},\"thumbnailUrl\":\"https:\/\/www.padreeustaquio.com.br\/wp-content\/uploads\/2022\/10\/Festival-cultivando-sonhos-para-o-prates-e1664972219802.jpeg\",\"articleSection\":[\"Not\u00edcias\"],\"inLanguage\":\"es\",\"potentialAction\":[{\"@type\":\"CommentAction\",\"name\":\"Comment\",\"target\":[\"https:\/\/www.padreeustaquio.com.br\/festival-cultivando-sonhos-para-o-prates-tera-apoio-da-igreja-do-padre-eustaquio\/#respond\"]}]},{\"@type\":\"WebPage\",\"@id\":\"https:\/\/www.padreeustaquio.com.br\/festival-cultivando-sonhos-para-o-prates-tera-apoio-da-igreja-do-padre-eustaquio\/\",\"url\":\"https:\/\/www.padreeustaquio.com.br\/festival-cultivando-sonhos-para-o-prates-tera-apoio-da-igreja-do-padre-eustaquio\/\",\"name\":\"Festival Cultivando sonhos para o Prates ter\u00e1 apoio da Igreja do Padre Eust\u00e1quio\",\"isPartOf\":{\"@id\":\"https:\/\/www.padreeustaquio.com.br\/#website\"},\"primaryImageOfPage\":{\"@id\":\"https:\/\/www.padreeustaquio.com.br\/festival-cultivando-sonhos-para-o-prates-tera-apoio-da-igreja-do-padre-eustaquio\/#primaryimage\"},\"image\":{\"@id\":\"https:\/\/www.padreeustaquio.com.br\/festival-cultivando-sonhos-para-o-prates-tera-apoio-da-igreja-do-padre-eustaquio\/#primaryimage\"},\"thumbnailUrl\":\"https:\/\/www.padreeustaquio.com.br\/wp-content\/uploads\/2022\/10\/Festival-cultivando-sonhos-para-o-prates-e1664972219802.jpeg\",\"datePublished\":\"2022-10-07T10:01:00+00:00\",\"description\":\"\\\"O Festival Cultivando sonhos para o Prates: Agenda 2030\\\", ser\u00e1 realizado no s\u00e1bado, dia 22 de outubro, entre 9h e 12h, na Escola Estadual Professor Morais, na Pra\u00e7a Tejo, em Belo Horizonte. O evento vai discutir os projetos vi\u00e1veis para onde \u00e9 hoje o Aeroporto Carlos Prates, que dever\u00e1 ser desativado em breve.\",\"breadcrumb\":{\"@id\":\"https:\/\/www.padreeustaquio.com.br\/festival-cultivando-sonhos-para-o-prates-tera-apoio-da-igreja-do-padre-eustaquio\/#breadcrumb\"},\"inLanguage\":\"es\",\"potentialAction\":[{\"@type\":\"ReadAction\",\"target\":[\"https:\/\/www.padreeustaquio.com.br\/festival-cultivando-sonhos-para-o-prates-tera-apoio-da-igreja-do-padre-eustaquio\/\"]}]},{\"@type\":\"ImageObject\",\"inLanguage\":\"es\",\"@id\":\"https:\/\/www.padreeustaquio.com.br\/festival-cultivando-sonhos-para-o-prates-tera-apoio-da-igreja-do-padre-eustaquio\/#primaryimage\",\"url\":\"https:\/\/www.padreeustaquio.com.br\/wp-content\/uploads\/2022\/10\/Festival-cultivando-sonhos-para-o-prates-e1664972219802.jpeg\",\"contentUrl\":\"https:\/\/www.padreeustaquio.com.br\/wp-content\/uploads\/2022\/10\/Festival-cultivando-sonhos-para-o-prates-e1664972219802.jpeg\",\"width\":1080,\"height\":569},{\"@type\":\"BreadcrumbList\",\"@id\":\"https:\/\/www.padreeustaquio.com.br\/festival-cultivando-sonhos-para-o-prates-tera-apoio-da-igreja-do-padre-eustaquio\/#breadcrumb\",\"itemListElement\":[{\"@type\":\"ListItem\",\"position\":1,\"name\":\"In\u00edcio\",\"item\":\"https:\/\/www.padreeustaquio.com.br\/\"},{\"@type\":\"ListItem\",\"position\":2,\"name\":\"Festival Cultivando sonhos para o Prates ter\u00e1 apoio da Igreja do Padre Eust\u00e1quio\"}]},{\"@type\":\"WebSite\",\"@id\":\"https:\/\/www.padreeustaquio.com.br\/#website\",\"url\":\"https:\/\/www.padreeustaquio.com.br\/\",\"name\":\"Padre Eust\u00e1quio\",\"description\":\"Sa\u00fade e Paz\",\"publisher\":{\"@id\":\"https:\/\/www.padreeustaquio.com.br\/#organization\"},\"potentialAction\":[{\"@type\":\"SearchAction\",\"target\":{\"@type\":\"EntryPoint\",\"urlTemplate\":\"https:\/\/www.padreeustaquio.com.br\/?s={search_term_string}\"},\"query-input\":{\"@type\":\"PropertyValueSpecification\",\"valueRequired\":true,\"valueName\":\"search_term_string\"}}],\"inLanguage\":\"es\"},{\"@type\":\"Organization\",\"@id\":\"https:\/\/www.padreeustaquio.com.br\/#organization\",\"name\":\"Padre Eust\u00e1quio\",\"url\":\"https:\/\/www.padreeustaquio.com.br\/\",\"logo\":{\"@type\":\"ImageObject\",\"inLanguage\":\"es\",\"@id\":\"https:\/\/www.padreeustaquio.com.br\/#\/schema\/logo\/image\/\",\"url\":\"https:\/\/www.padreeustaquio.com.br\/wp-content\/uploads\/2019\/08\/marca.png\",\"contentUrl\":\"https:\/\/www.padreeustaquio.com.br\/wp-content\/uploads\/2019\/08\/marca.png\",\"width\":350,\"height\":400,\"caption\":\"Padre Eust\u00e1quio\"},\"image\":{\"@id\":\"https:\/\/www.padreeustaquio.com.br\/#\/schema\/logo\/image\/\"},\"sameAs\":[\"https:\/\/www.facebook.com\/beatopadreeustaquio\/\",\"https:\/\/x.com\/beatopeustaquio\",\"https:\/\/www.instagram.com\/beatopadreeustaquio\/\",\"https:\/\/www.youtube.com\/channel\/UCRhw7vfabnajwLxb1ZXMeIw\"]},{\"@type\":\"Person\",\"@id\":\"https:\/\/www.padreeustaquio.com.br\/#\/schema\/person\/a2a51db1d00f1a7af0204a0f1ddb1566\",\"name\":\"@sscc\",\"image\":{\"@type\":\"ImageObject\",\"inLanguage\":\"es\",\"@id\":\"https:\/\/secure.gravatar.com\/avatar\/68cfafa5f44617fea54071e215026e0ff06be366c3d54a8425f04fdcb86f8c5f?s=96&d=mm&r=g\",\"url\":\"https:\/\/secure.gravatar.com\/avatar\/68cfafa5f44617fea54071e215026e0ff06be366c3d54a8425f04fdcb86f8c5f?s=96&d=mm&r=g\",\"contentUrl\":\"https:\/\/secure.gravatar.com\/avatar\/68cfafa5f44617fea54071e215026e0ff06be366c3d54a8425f04fdcb86f8c5f?s=96&d=mm&r=g\",\"caption\":\"@sscc\"},\"url\":\"https:\/\/www.padreeustaquio.com.br\/es\/author\/sscc\/\"}]}<\/script>\n<!-- \/ Yoast SEO plugin. -->","yoast_head_json":{"title":"El Festival \u201cCultivando Sue\u00f1os para Prates\u201d contar\u00e1 con el apoyo de la Iglesia Padre Eust\u00e1quio.","description":"\"El Festival \"Cultivando Sue\u00f1os para Prates: Agenda 2030\u00bb se celebrar\u00e1 el s\u00e1bado 22 de octubre, de 9:00 a 12:00, en la Escuela Estatal Profesor Morais, en la Pra\u00e7a Tejo, Belo Horizonte. El evento discutir\u00e1 proyectos viables para el sitio del actual Aeropuerto Carlos Prates, cuyo desmantelamiento est\u00e1 previsto pr\u00f3ximamente.","robots":{"index":"index","follow":"follow","max-snippet":"max-snippet:-1","max-image-preview":"max-image-preview:large","max-video-preview":"max-video-preview:-1"},"canonical":"https:\/\/www.padreeustaquio.com.br\/es\/el-festival-cultivando-suenos-para-prates-contara-con-el-apoyo-de-la-iglesia-del-padre-eustaquio\/","og_locale":"es_ES","og_type":"article","og_title":"Festival Cultivando sonhos para o Prates ter\u00e1 apoio da Igreja do Padre Eust\u00e1quio","og_description":"\"O Festival Cultivando sonhos para o Prates: Agenda 2030\", ser\u00e1 realizado no s\u00e1bado, dia 22 de outubro, entre 9h e 12h, na Escola Estadual Professor Morais, na Pra\u00e7a Tejo, em Belo Horizonte. O evento vai discutir os projetos vi\u00e1veis para onde \u00e9 hoje o Aeroporto Carlos Prates, que dever\u00e1 ser desativado em breve.","og_url":"https:\/\/www.padreeustaquio.com.br\/es\/el-festival-cultivando-suenos-para-prates-contara-con-el-apoyo-de-la-iglesia-del-padre-eustaquio\/","og_site_name":"Padre Eust\u00e1quio","article_publisher":"https:\/\/www.facebook.com\/beatopadreeustaquio\/","article_published_time":"2022-10-07T10:01:00+00:00","og_image":[{"width":1080,"height":569,"url":"https:\/\/www.padreeustaquio.com.br\/wp-content\/uploads\/2022\/10\/Festival-cultivando-sonhos-para-o-prates-e1664972219802.jpeg","type":"image\/jpeg"}],"author":"@sscc","twitter_card":"summary_large_image","twitter_image":"https:\/\/www.padreeustaquio.com.br\/wp-content\/uploads\/2022\/10\/Festival-cultivando-sonhos-para-o-prates-e1664972219802.jpeg","twitter_creator":"@beatopeustaquio","twitter_site":"@beatopeustaquio","twitter_misc":{"Escrito por":"@sscc","Tiempo de lectura":"2 minutos"},"schema":{"@context":"https:\/\/schema.org","@graph":[{"@type":"Article","@id":"https:\/\/www.padreeustaquio.com.br\/festival-cultivando-sonhos-para-o-prates-tera-apoio-da-igreja-do-padre-eustaquio\/#article","isPartOf":{"@id":"https:\/\/www.padreeustaquio.com.br\/festival-cultivando-sonhos-para-o-prates-tera-apoio-da-igreja-do-padre-eustaquio\/"},"author":{"name":"@sscc","@id":"https:\/\/www.padreeustaquio.com.br\/#\/schema\/person\/a2a51db1d00f1a7af0204a0f1ddb1566"},"headline":"Festival Cultivando sonhos para o Prates ter\u00e1 apoio da Igreja do Padre Eust\u00e1quio","datePublished":"2022-10-07T10:01:00+00:00","mainEntityOfPage":{"@id":"https:\/\/www.padreeustaquio.com.br\/festival-cultivando-sonhos-para-o-prates-tera-apoio-da-igreja-do-padre-eustaquio\/"},"wordCount":321,"commentCount":0,"publisher":{"@id":"https:\/\/www.padreeustaquio.com.br\/#organization"},"image":{"@id":"https:\/\/www.padreeustaquio.com.br\/festival-cultivando-sonhos-para-o-prates-tera-apoio-da-igreja-do-padre-eustaquio\/#primaryimage"},"thumbnailUrl":"https:\/\/www.padreeustaquio.com.br\/wp-content\/uploads\/2022\/10\/Festival-cultivando-sonhos-para-o-prates-e1664972219802.jpeg","articleSection":["Not\u00edcias"],"inLanguage":"es","potentialAction":[{"@type":"CommentAction","name":"Comment","target":["https:\/\/www.padreeustaquio.com.br\/festival-cultivando-sonhos-para-o-prates-tera-apoio-da-igreja-do-padre-eustaquio\/#respond"]}]},{"@type":"WebPage","@id":"https:\/\/www.padreeustaquio.com.br\/festival-cultivando-sonhos-para-o-prates-tera-apoio-da-igreja-do-padre-eustaquio\/","url":"https:\/\/www.padreeustaquio.com.br\/festival-cultivando-sonhos-para-o-prates-tera-apoio-da-igreja-do-padre-eustaquio\/","name":"El Festival \u201cCultivando Sue\u00f1os para Prates\u201d contar\u00e1 con el apoyo de la Iglesia Padre Eust\u00e1quio.","isPartOf":{"@id":"https:\/\/www.padreeustaquio.com.br\/#website"},"primaryImageOfPage":{"@id":"https:\/\/www.padreeustaquio.com.br\/festival-cultivando-sonhos-para-o-prates-tera-apoio-da-igreja-do-padre-eustaquio\/#primaryimage"},"image":{"@id":"https:\/\/www.padreeustaquio.com.br\/festival-cultivando-sonhos-para-o-prates-tera-apoio-da-igreja-do-padre-eustaquio\/#primaryimage"},"thumbnailUrl":"https:\/\/www.padreeustaquio.com.br\/wp-content\/uploads\/2022\/10\/Festival-cultivando-sonhos-para-o-prates-e1664972219802.jpeg","datePublished":"2022-10-07T10:01:00+00:00","description":"\"El Festival \"Cultivando Sue\u00f1os para Prates: Agenda 2030\u00bb se celebrar\u00e1 el s\u00e1bado 22 de octubre, de 9:00 a 12:00, en la Escuela Estatal Profesor Morais, en la Pra\u00e7a Tejo, Belo Horizonte. El evento discutir\u00e1 proyectos viables para el sitio del actual Aeropuerto Carlos Prates, cuyo desmantelamiento est\u00e1 previsto pr\u00f3ximamente.","breadcrumb":{"@id":"https:\/\/www.padreeustaquio.com.br\/festival-cultivando-sonhos-para-o-prates-tera-apoio-da-igreja-do-padre-eustaquio\/#breadcrumb"},"inLanguage":"es","potentialAction":[{"@type":"ReadAction","target":["https:\/\/www.padreeustaquio.com.br\/festival-cultivando-sonhos-para-o-prates-tera-apoio-da-igreja-do-padre-eustaquio\/"]}]},{"@type":"ImageObject","inLanguage":"es","@id":"https:\/\/www.padreeustaquio.com.br\/festival-cultivando-sonhos-para-o-prates-tera-apoio-da-igreja-do-padre-eustaquio\/#primaryimage","url":"https:\/\/www.padreeustaquio.com.br\/wp-content\/uploads\/2022\/10\/Festival-cultivando-sonhos-para-o-prates-e1664972219802.jpeg","contentUrl":"https:\/\/www.padreeustaquio.com.br\/wp-content\/uploads\/2022\/10\/Festival-cultivando-sonhos-para-o-prates-e1664972219802.jpeg","width":1080,"height":569},{"@type":"BreadcrumbList","@id":"https:\/\/www.padreeustaquio.com.br\/festival-cultivando-sonhos-para-o-prates-tera-apoio-da-igreja-do-padre-eustaquio\/#breadcrumb","itemListElement":[{"@type":"ListItem","position":1,"name":"In\u00edcio","item":"https:\/\/www.padreeustaquio.com.br\/"},{"@type":"ListItem","position":2,"name":"Festival Cultivando sonhos para o Prates ter\u00e1 apoio da Igreja do Padre Eust\u00e1quio"}]},{"@type":"WebSite","@id":"https:\/\/www.padreeustaquio.com.br\/#website","url":"https:\/\/www.padreeustaquio.com.br\/","name":"Padre Eustace","description":"Salud y Paz","publisher":{"@id":"https:\/\/www.padreeustaquio.com.br\/#organization"},"potentialAction":[{"@type":"SearchAction","target":{"@type":"EntryPoint","urlTemplate":"https:\/\/www.padreeustaquio.com.br\/?s={search_term_string}"},"query-input":{"@type":"PropertyValueSpecification","valueRequired":true,"valueName":"search_term_string"}}],"inLanguage":"es"},{"@type":"Organization","@id":"https:\/\/www.padreeustaquio.com.br\/#organization","name":"Padre Eustace","url":"https:\/\/www.padreeustaquio.com.br\/","logo":{"@type":"ImageObject","inLanguage":"es","@id":"https:\/\/www.padreeustaquio.com.br\/#\/schema\/logo\/image\/","url":"https:\/\/www.padreeustaquio.com.br\/wp-content\/uploads\/2019\/08\/marca.png","contentUrl":"https:\/\/www.padreeustaquio.com.br\/wp-content\/uploads\/2019\/08\/marca.png","width":350,"height":400,"caption":"Padre Eust\u00e1quio"},"image":{"@id":"https:\/\/www.padreeustaquio.com.br\/#\/schema\/logo\/image\/"},"sameAs":["https:\/\/www.facebook.com\/beatopadreeustaquio\/","https:\/\/x.com\/beatopeustaquio","https:\/\/www.instagram.com\/beatopadreeustaquio\/","https:\/\/www.youtube.com\/channel\/UCRhw7vfabnajwLxb1ZXMeIw"]},{"@type":"Person","@id":"https:\/\/www.padreeustaquio.com.br\/#\/schema\/person\/a2a51db1d00f1a7af0204a0f1ddb1566","name":"@sscc","image":{"@type":"ImageObject","inLanguage":"es","@id":"https:\/\/secure.gravatar.com\/avatar\/68cfafa5f44617fea54071e215026e0ff06be366c3d54a8425f04fdcb86f8c5f?s=96&d=mm&r=g","url":"https:\/\/secure.gravatar.com\/avatar\/68cfafa5f44617fea54071e215026e0ff06be366c3d54a8425f04fdcb86f8c5f?s=96&d=mm&r=g","contentUrl":"https:\/\/secure.gravatar.com\/avatar\/68cfafa5f44617fea54071e215026e0ff06be366c3d54a8425f04fdcb86f8c5f?s=96&d=mm&r=g","caption":"@sscc"},"url":"https:\/\/www.padreeustaquio.com.br\/es\/author\/sscc\/"}]}},"_links":{"self":[{"href":"https:\/\/www.padreeustaquio.com.br\/es\/wp-json\/wp\/v2\/posts\/9361","targetHints":{"allow":["GET"]}}],"collection":[{"href":"https:\/\/www.padreeustaquio.com.br\/es\/wp-json\/wp\/v2\/posts"}],"about":[{"href":"https:\/\/www.padreeustaquio.com.br\/es\/wp-json\/wp\/v2\/types\/post"}],"author":[{"embeddable":true,"href":"https:\/\/www.padreeustaquio.com.br\/es\/wp-json\/wp\/v2\/users\/2"}],"replies":[{"embeddable":true,"href":"https:\/\/www.padreeustaquio.com.br\/es\/wp-json\/wp\/v2\/comments?post=9361"}],"version-history":[{"count":0,"href":"https:\/\/www.padreeustaquio.com.br\/es\/wp-json\/wp\/v2\/posts\/9361\/revisions"}],"wp:featuredmedia":[{"embeddable":true,"href":"https:\/\/www.padreeustaquio.com.br\/es\/wp-json\/wp\/v2\/media\/9362"}],"wp:attachment":[{"href":"https:\/\/www.padreeustaquio.com.br\/es\/wp-json\/wp\/v2\/media?parent=9361"}],"wp:term":[{"taxonomy":"category","embeddable":true,"href":"https:\/\/www.padreeustaquio.com.br\/es\/wp-json\/wp\/v2\/categories?post=9361"},{"taxonomy":"post_tag","embeddable":true,"href":"https:\/\/www.padreeustaquio.com.br\/es\/wp-json\/wp\/v2\/tags?post=9361"}],"curies":[{"name":"wp","href":"https:\/\/api.w.org\/{rel}","templated":true}]}}